{"id":3447,"date":"2012-07-16T16:44:07","date_gmt":"2012-07-16T11:44:07","guid":{"rendered":"http:\/\/www.zerdab.com\/?p=3447"},"modified":"2012-07-16T16:54:21","modified_gmt":"2012-07-16T11:54:21","slug":"h%c9%99s%c9%99n-b%c9%99y-z%c9%99rdabinin-rayonumuzda-keciril%c9%99n-yubiley-t%c9%99dbirind%c9%99n-fotolar","status":"publish","type":"post","link":"https:\/\/www.zerdab.com\/?p=3447","title":{"rendered":"Z\u0259rdabinin rayonumuzda ke\u00e7iril\u0259n yubiley t\u0259dbirind\u0259n fotolar"},"content":{"rendered":"<p><strong><a href=\"http:\/\/www.zerdab.com\/?attachment_id=3448\" rel=\"attachment wp-att-3448\"><img loading=\"lazy\" decoding=\"async\" class=\"alignleft  wp-image-3448\" title=\"Zerdab\" src=\"http:\/\/www.zerdab.com\/wp-content\/uploads\/2012\/07\/12-350x231.jpg\" alt=\"\" width=\"304\" height=\"205\" \/><\/a>M\u0259tbuat \u015euras\u0131<\/strong> iyulun 14-d\u0259 m\u0259tbuat\u0131m\u0131z\u0131n banisi H\u0259s\u0259n b\u0259y Z\u0259rdabinin 170 illik yubileyi v\u0259 Az\u0259rbaycan milli m\u0259tbuat\u0131n\u0131n 137 illiyi m\u00fcnasib\u0259til\u0259 dahi m\u00fct\u0259f\u0259kkirin do\u011fma yurdu Z\u0259rdabda ke\u00e7iril\u0259n t\u0259dbirl\u0259 ba\u011fl\u0131 m\u0259lumat yay\u0131b. <strong>M\u0259tbuat \u015euras\u0131nda<\/strong>n <strong>www.zerdab.com<\/strong> sayt\u0131na g\u00f6nd\u0259ril\u0259n yaz\u0131l\u0131 a\u00e7\u0131qlamada deyilir: &#8220;T\u0259dbir \u00e7\u0259r\u00e7iv\u0259sind\u0259 Z\u0259rdabda \u00fcmummilli lider Heyd\u0259r \u018fliyevin abid\u0259sini ziyar\u0259t ed\u0259n K\u0130V t\u0259msil\u00e7il\u0259ri H.Z\u0259rdabinin ad\u0131n\u0131 da\u015f\u0131yan m\u0259d\u0259niyy\u0259t evinin qar\u015f\u0131s\u0131nda onun heyk\u0259li \u00f6n\u00fcn\u0259 topla\u015f\u0131blar. Burada \u00e7\u0131x\u0131\u015f ed\u0259n Z\u0259rdab rayon icra hakimiyy\u0259tinin ba\u015f\u00e7\u0131s\u0131 L\u00fctv\u0259li Babayev qonaqlar\u0131 c\u0259fake\u015f ziyal\u0131 v\u0259 maarif\u00e7i H\u0259s\u0259n b\u0259yin do\u011fma yurdunda salamlamaqdan m\u0259mnunluq duydu\u011funu bildirib. O deyib ki, milli m\u0259tbuat\u0131m\u0131z\u0131n banisi il\u0259 ba\u011fl\u0131 m\u0259rasimin 14 iyul tarixin\u0259 &#8211; ulu \u00f6nd\u0259r Heyd\u0259r \u018fliyevin Az\u0259rbaycanda hakimiyy\u0259t\u0259 g\u0259lm\u0259sinin 43-c\u00fc ild\u00f6n\u00fcm\u00fcn\u0259 t\u0259sad\u00fcf etm\u0259si bayram \u0259hval-ruhiyy\u0259sin\u0259 x\u00fcsusi r\u0259ng qat\u0131r. H\u0259s\u0259n b\u0259y Z\u0259rdabi ruhuna etiram\u0131n h\u0259r zaman m\u0259tbuata g\u00f6st\u0259ril\u0259n d\u00f6vl\u0259t qay\u011f\u0131s\u0131 n\u00fcmun\u0259l\u0259ri il\u0259 m\u00fc\u015faiy\u0259t edildiyini vur\u011fulayan icra ba\u015f\u00e7\u0131s\u0131 Prezident \u0130lham \u018fliyev t\u0259r\u0259find\u0259n imzalanm\u0131\u015f \u00abH\u0259s\u0259n b\u0259y Z\u0259rdabinin 170 illik yubileyinin ke\u00e7irilm\u0259si haqq\u0131nda\u00bb s\u0259r\u0259ncam\u0131 bu m\u0259nada \u0259h\u0259miyy\u0259tli s\u0259n\u0259d kimi d\u0259y\u0259rl\u0259ndirib.\u00a0 L. Babayev H\u0259s\u0259n b\u0259y Z\u0259rdabi irsinin t\u0259bli\u011fin\u0259 m\u00fcst\u0259qil Az\u0259rbaycan m\u0259tbuat\u0131n\u0131n simas\u0131n\u0131n formala\u015fd\u0131r\u0131lmas\u0131 prosesind\u0259 m\u00fch\u00fcm istiqam\u0259tverici amill\u0259rd\u0259n biri olaraq h\u0259r zaman b\u00f6y\u00fck \u00f6n\u0259m verildiyini diqq\u0259t\u0259 \u00e7atd\u0131r\u0131b. O, r\u0259hb\u0259rlik etdiyi rayonda dahi m\u00fct\u0259f\u0259kkirin yarad\u0131c\u0131l\u0131\u011f\u0131n\u0131n, xidm\u0259tl\u0259rinin daim <a href=\"http:\/\/www.zerdab.com\/?attachment_id=3449\" rel=\"attachment wp-att-3449\"><img loading=\"lazy\" decoding=\"async\" class=\"alignleft  wp-image-3449\" title=\"Zerdab2\" src=\"http:\/\/www.zerdab.com\/wp-content\/uploads\/2012\/07\/21-350x231.jpg\" alt=\"\" width=\"288\" height=\"245\" \/><\/a>insanlara \u00e7atd\u0131r\u0131lmas\u0131 istiqam\u0259tind\u0259 i\u015f apar\u0131ld\u0131\u011f\u0131n\u0131 deyib. Bu m\u0259qs\u0259dl\u0259 rayonun m\u0259rk\u0259zi k\u00fc\u00e7\u0259l\u0259rind\u0259n birin\u0259 H\u0259s\u0259n b\u0259yin ad\u0131n\u0131n verildiyini, onun ad\u0131n\u0131 da\u015f\u0131yan m\u0259d\u0259niyy\u0259t evinin v\u0259 park\u0131n m\u00f6vcudlu\u011funu dil\u0259 g\u0259tirib. H\u0259m\u00e7inin g\u00f6rk\u0259mli \u015f\u0259xsiyy\u0259tin ev muzeyi f\u0259aliyy\u0259t g\u00f6st\u0259rdiyini deyib. \u018fn \u0259sas\u0131 is\u0259 rayonda Z\u0259rdabi t\u0259f\u0259kk\u00fcr\u00fcn\u00fcn m\u0259hsulu kimi meydana \u00e7\u0131xan ilk m\u0259tbu qaranqu\u015fun m\u00fcasir s\u0259l\u0259fi \u00ab\u018fkin\u00e7i\u00bb q\u0259zetinin f\u0259aliyy\u0259tin\u0259 b\u00f6y\u00fck diqq\u0259t yetirilir. Rayon r\u0259hb\u0259rliyi v\u0259 ictimaiyy\u0259ti daim bu n\u0259\u015fr\u0259 qay\u011f\u0131 il\u0259 yana\u015f\u0131r. L. Babayev \u00e7\u0131x\u0131\u015f\u0131nda Z\u0259rdab rayonunda apar\u0131lan quruculuq-abadl\u0131q i\u015fl\u0259ri bar\u0259d\u0259 d\u0259 m\u0259lumat verib. Bu m\u0259qs\u0259dl\u0259 qonaqlar\u0131n h\u0259r birin\u0259 Z\u0259rdab rayonunun ke\u00e7mi\u015fini v\u0259 bu g\u00fcn\u00fcn\u00fc \u0259ks etdir\u0259n \u00abRegional sosial iqtisadi inki\u015faf\u00bb kitab\u0131 t\u0259qdim olunub.\u00a0 K\u0130V t\u0259msil\u00e7il\u0259ri H\u0259s\u0259n b\u0259y <a href=\"http:\/\/www.zerdab.com\/?attachment_id=3460\" rel=\"attachment wp-att-3460\"><img loading=\"lazy\" decoding=\"async\" class=\"alignleft  wp-image-3460\" title=\"Zerdab_\" src=\"http:\/\/www.zerdab.com\/wp-content\/uploads\/2012\/07\/61-350x231.jpg\" alt=\"\" width=\"317\" height=\"214\" \/><\/a>Z\u0259rdabinin ev muzeyin\u0259 ba\u015f \u00e7\u0259kibl\u0259r. Onlara b\u00f6y\u00fck ziyal\u0131n\u0131n h\u0259yat v\u0259 f\u0259aliyy\u0259tinin m\u00fcxt\u0259lif d\u00f6vrl\u0259rini \u0259ks etdir\u0259n albom v\u0259 foto\u015f\u0259kill\u0259r bar\u0259d\u0259 \u0259trafl\u0131 m\u0259lumat verilib. <strong>www.zerdab.com<\/strong> sayt\u0131\u00a0<strong>M\u0259tbuat \u015euras\u0131<\/strong>n\u0131n g\u00f6nd\u0259rdiyi fotolar\u0131 da oxuculara t\u0259qdim edir.<\/p>\n<p>&nbsp;<\/p>\n<p><a href=\"http:\/\/www.zerdab.com\/?attachment_id=3451\" rel=\"attachment wp-att-3451\"><img loading=\"lazy\" decoding=\"async\" class=\"alignleft  wp-image-3451\" title=\"Zerdab4\" src=\"http:\/\/www.zerdab.com\/wp-content\/uploads\/2012\/07\/9-350x231.jpg\" alt=\"\" width=\"313\" height=\"245\" \/><\/a><\/p>\n<p>&nbsp;<\/p>\n<p>&nbsp;<\/p>\n<p>&nbsp;<\/p>\n<p>&nbsp;<\/p>\n<p>&nbsp;<\/p>\n<p><a href=\"http:\/\/www.zerdab.com\/?attachment_id=3452\" rel=\"attachment wp-att-3452\"><img loading=\"lazy\" decoding=\"async\" class=\"alignleft  wp-image-3452\" title=\"Zerdab5\" src=\"http:\/\/www.zerdab.com\/wp-content\/uploads\/2012\/07\/111-350x231.jpg\" alt=\"\" width=\"307\" height=\"206\" \/><\/a><\/p>\n","protected":false},"excerpt":{"rendered":"<p>M\u0259tbuat \u015euras\u0131 iyulun 14-d\u0259 m\u0259tbuat\u0131m\u0131z\u0131n banisi H\u0259s\u0259n b\u0259y Z\u0259rdabinin 170 illik yubileyi v\u0259 Az\u0259rbaycan milli m\u0259tbuat\u0131n\u0131n 137 illiyi m\u00fcnasib\u0259til\u0259 dahi m\u00fct\u0259f\u0259kkirin do\u011fma yurdu Z\u0259rdabda ke\u00e7iril\u0259n t\u0259dbirl\u0259 ba\u011fl\u0131 m\u0259lumat yay\u0131b. M\u0259tbuat \u015euras\u0131ndan www.zerdab.com sayt\u0131na g\u00f6nd\u0259ril\u0259n yaz\u0131l\u0131 a\u00e7\u0131qlamada deyilir: &#8220;T\u0259dbir \u00e7\u0259r\u00e7iv\u0259sind\u0259 Z\u0259rdabda \u00fcmummilli lider Heyd\u0259r \u018fliyevin abid\u0259sini ziyar\u0259t ed\u0259n K\u0130V t\u0259msil\u00e7il\u0259ri H.Z\u0259rdabinin ad\u0131n\u0131 da\u015f\u0131yan m\u0259d\u0259niyy\u0259t evinin qar\u015f\u0131s\u0131nda [&hellip;]<\/p>\n","protected":false},"author":1,"featured_media":0,"comment_status":"open","ping_status":"open","sticky":false,"template":"","format":"standard","meta":{"footnotes":""},"categories":[20],"tags":[],"class_list":{"0":"post-3447","1":"post","2":"type-post","3":"status-publish","4":"format-standard","6":"category-kinci-zrdab-ziyali-qzet-tbitsunas"},"yoast_head":"<!-- This site is optimized with the Yoast SEO plugin v27.0 - https:\/\/yoast.com\/product\/yoast-seo-wordpress\/ -->\n<title>Z\u0259rdabinin rayonumuzda ke\u00e7iril\u0259n yubiley t\u0259dbirind\u0259n fotolar - Z\u0259rdab.com<\/title>\n<meta name=\"robots\" content=\"index, follow, max-snippet:-1, max-image-preview:large, max-video-preview:-1\" \/>\n<link rel=\"canonical\" href=\"https:\/\/www.zerdab.com\/?p=3447\" \/>\n<meta property=\"og:locale\" content=\"az_AZ\" \/>\n<meta property=\"og:type\" content=\"article\" \/>\n<meta property=\"og:title\" content=\"Z\u0259rdabinin rayonumuzda ke\u00e7iril\u0259n yubiley t\u0259dbirind\u0259n fotolar - Z\u0259rdab.com\" \/>\n<meta property=\"og:description\" content=\"M\u0259tbuat \u015euras\u0131 iyulun 14-d\u0259 m\u0259tbuat\u0131m\u0131z\u0131n banisi H\u0259s\u0259n b\u0259y Z\u0259rdabinin 170 illik yubileyi v\u0259 Az\u0259rbaycan milli m\u0259tbuat\u0131n\u0131n 137 illiyi m\u00fcnasib\u0259til\u0259 dahi m\u00fct\u0259f\u0259kkirin do\u011fma yurdu Z\u0259rdabda ke\u00e7iril\u0259n t\u0259dbirl\u0259 ba\u011fl\u0131 m\u0259lumat yay\u0131b. M\u0259tbuat \u015euras\u0131ndan www.zerdab.com sayt\u0131na g\u00f6nd\u0259ril\u0259n yaz\u0131l\u0131 a\u00e7\u0131qlamada deyilir: &#8220;T\u0259dbir \u00e7\u0259r\u00e7iv\u0259sind\u0259 Z\u0259rdabda \u00fcmummilli lider Heyd\u0259r \u018fliyevin abid\u0259sini ziyar\u0259t ed\u0259n K\u0130V t\u0259msil\u00e7il\u0259ri H.Z\u0259rdabinin ad\u0131n\u0131 da\u015f\u0131yan m\u0259d\u0259niyy\u0259t evinin qar\u015f\u0131s\u0131nda [&hellip;]\" \/>\n<meta property=\"og:url\" content=\"https:\/\/www.zerdab.com\/?p=3447\" \/>\n<meta property=\"og:site_name\" content=\"Z\u0259rdab.com\" \/>\n<meta property=\"article:published_time\" content=\"2012-07-16T11:44:07+00:00\" \/>\n<meta property=\"article:modified_time\" content=\"2012-07-16T11:54:21+00:00\" \/>\n<meta property=\"og:image\" content=\"http:\/\/www.zerdab.com\/wp-content\/uploads\/2012\/07\/12-350x231.jpg\" \/>\n<meta name=\"author\" content=\"admin\" \/>\n<meta name=\"twitter:card\" content=\"summary_large_image\" \/>\n<meta name=\"twitter:label1\" content=\"Written by\" \/>\n\t<meta name=\"twitter:data1\" content=\"admin\" \/>\n\t<meta name=\"twitter:label2\" content=\"Est. reading time\" \/>\n\t<meta name=\"twitter:data2\" content=\"3 minutes\" \/>\n<script type=\"application\/ld+json\" class=\"yoast-schema-graph\">{\"@context\":\"https:\/\/schema.org\",\"@graph\":[{\"@type\":\"Article\",\"@id\":\"https:\/\/www.zerdab.com\/?p=3447#article\",\"isPartOf\":{\"@id\":\"https:\/\/www.zerdab.com\/?p=3447\"},\"author\":{\"name\":\"admin\",\"@id\":\"https:\/\/www.zerdab.com\/#\/schema\/person\/97079b7570c1e89ec0d9e138c3672136\"},\"headline\":\"Z\u0259rdabinin rayonumuzda ke\u00e7iril\u0259n yubiley t\u0259dbirind\u0259n fotolar\",\"datePublished\":\"2012-07-16T11:44:07+00:00\",\"dateModified\":\"2012-07-16T11:54:21+00:00\",\"mainEntityOfPage\":{\"@id\":\"https:\/\/www.zerdab.com\/?p=3447\"},\"wordCount\":617,\"commentCount\":0,\"image\":{\"@id\":\"https:\/\/www.zerdab.com\/?p=3447#primaryimage\"},\"thumbnailUrl\":\"http:\/\/www.zerdab.com\/wp-content\/uploads\/2012\/07\/12-350x231.jpg\",\"articleSection\":[\"H\u018fS\u018fN B\u018fY Z\u018fRDAB\u0130\"],\"inLanguage\":\"az\",\"potentialAction\":[{\"@type\":\"CommentAction\",\"name\":\"Comment\",\"target\":[\"https:\/\/www.zerdab.com\/?p=3447#respond\"]}]},{\"@type\":\"WebPage\",\"@id\":\"https:\/\/www.zerdab.com\/?p=3447\",\"url\":\"https:\/\/www.zerdab.com\/?p=3447\",\"name\":\"Z\u0259rdabinin rayonumuzda ke\u00e7iril\u0259n yubiley t\u0259dbirind\u0259n fotolar - Z\u0259rdab.com\",\"isPartOf\":{\"@id\":\"https:\/\/www.zerdab.com\/#website\"},\"primaryImageOfPage\":{\"@id\":\"https:\/\/www.zerdab.com\/?p=3447#primaryimage\"},\"image\":{\"@id\":\"https:\/\/www.zerdab.com\/?p=3447#primaryimage\"},\"thumbnailUrl\":\"http:\/\/www.zerdab.com\/wp-content\/uploads\/2012\/07\/12-350x231.jpg\",\"datePublished\":\"2012-07-16T11:44:07+00:00\",\"dateModified\":\"2012-07-16T11:54:21+00:00\",\"author\":{\"@id\":\"https:\/\/www.zerdab.com\/#\/schema\/person\/97079b7570c1e89ec0d9e138c3672136\"},\"breadcrumb\":{\"@id\":\"https:\/\/www.zerdab.com\/?p=3447#breadcrumb\"},\"inLanguage\":\"az\",\"potentialAction\":[{\"@type\":\"ReadAction\",\"target\":[\"https:\/\/www.zerdab.com\/?p=3447\"]}]},{\"@type\":\"ImageObject\",\"inLanguage\":\"az\",\"@id\":\"https:\/\/www.zerdab.com\/?p=3447#primaryimage\",\"url\":\"\",\"contentUrl\":\"\"},{\"@type\":\"BreadcrumbList\",\"@id\":\"https:\/\/www.zerdab.com\/?p=3447#breadcrumb\",\"itemListElement\":[{\"@type\":\"ListItem\",\"position\":1,\"name\":\"Home\",\"item\":\"https:\/\/www.zerdab.com\/\"},{\"@type\":\"ListItem\",\"position\":2,\"name\":\"Z\u0259rdabinin rayonumuzda ke\u00e7iril\u0259n yubiley t\u0259dbirind\u0259n fotolar\"}]},{\"@type\":\"WebSite\",\"@id\":\"https:\/\/www.zerdab.com\/#website\",\"url\":\"https:\/\/www.zerdab.com\/\",\"name\":\"Z\u0259rdab.com\",\"description\":\"\",\"potentialAction\":[{\"@type\":\"SearchAction\",\"target\":{\"@type\":\"EntryPoint\",\"urlTemplate\":\"https:\/\/www.zerdab.com\/?s={search_term_string}\"},\"query-input\":{\"@type\":\"PropertyValueSpecification\",\"valueRequired\":true,\"valueName\":\"search_term_string\"}}],\"inLanguage\":\"az\"},{\"@type\":\"Person\",\"@id\":\"https:\/\/www.zerdab.com\/#\/schema\/person\/97079b7570c1e89ec0d9e138c3672136\",\"name\":\"admin\",\"image\":{\"@type\":\"ImageObject\",\"inLanguage\":\"az\",\"@id\":\"https:\/\/www.zerdab.com\/#\/schema\/person\/image\/\",\"url\":\"https:\/\/secure.gravatar.com\/avatar\/d9c52a9a27c32119cb6679a077fa3e2779e5f822c451cbf01098004361d466ec?s=96&d=mm&r=g\",\"contentUrl\":\"https:\/\/secure.gravatar.com\/avatar\/d9c52a9a27c32119cb6679a077fa3e2779e5f822c451cbf01098004361d466ec?s=96&d=mm&r=g\",\"caption\":\"admin\"},\"url\":\"https:\/\/www.zerdab.com\/?author=1\"}]}<\/script>\n<!-- \/ Yoast SEO plugin. -->","yoast_head_json":{"title":"Z\u0259rdabinin rayonumuzda ke\u00e7iril\u0259n yubiley t\u0259dbirind\u0259n fotolar - Z\u0259rdab.com","robots":{"index":"index","follow":"follow","max-snippet":"max-snippet:-1","max-image-preview":"max-image-preview:large","max-video-preview":"max-video-preview:-1"},"canonical":"https:\/\/www.zerdab.com\/?p=3447","og_locale":"az_AZ","og_type":"article","og_title":"Z\u0259rdabinin rayonumuzda ke\u00e7iril\u0259n yubiley t\u0259dbirind\u0259n fotolar - Z\u0259rdab.com","og_description":"M\u0259tbuat \u015euras\u0131 iyulun 14-d\u0259 m\u0259tbuat\u0131m\u0131z\u0131n banisi H\u0259s\u0259n b\u0259y Z\u0259rdabinin 170 illik yubileyi v\u0259 Az\u0259rbaycan milli m\u0259tbuat\u0131n\u0131n 137 illiyi m\u00fcnasib\u0259til\u0259 dahi m\u00fct\u0259f\u0259kkirin do\u011fma yurdu Z\u0259rdabda ke\u00e7iril\u0259n t\u0259dbirl\u0259 ba\u011fl\u0131 m\u0259lumat yay\u0131b. M\u0259tbuat \u015euras\u0131ndan www.zerdab.com sayt\u0131na g\u00f6nd\u0259ril\u0259n yaz\u0131l\u0131 a\u00e7\u0131qlamada deyilir: &#8220;T\u0259dbir \u00e7\u0259r\u00e7iv\u0259sind\u0259 Z\u0259rdabda \u00fcmummilli lider Heyd\u0259r \u018fliyevin abid\u0259sini ziyar\u0259t ed\u0259n K\u0130V t\u0259msil\u00e7il\u0259ri H.Z\u0259rdabinin ad\u0131n\u0131 da\u015f\u0131yan m\u0259d\u0259niyy\u0259t evinin qar\u015f\u0131s\u0131nda [&hellip;]","og_url":"https:\/\/www.zerdab.com\/?p=3447","og_site_name":"Z\u0259rdab.com","article_published_time":"2012-07-16T11:44:07+00:00","article_modified_time":"2012-07-16T11:54:21+00:00","og_image":[{"url":"http:\/\/www.zerdab.com\/wp-content\/uploads\/2012\/07\/12-350x231.jpg","type":"","width":"","height":""}],"author":"admin","twitter_card":"summary_large_image","twitter_misc":{"Written by":"admin","Est. reading time":"3 minutes"},"schema":{"@context":"https:\/\/schema.org","@graph":[{"@type":"Article","@id":"https:\/\/www.zerdab.com\/?p=3447#article","isPartOf":{"@id":"https:\/\/www.zerdab.com\/?p=3447"},"author":{"name":"admin","@id":"https:\/\/www.zerdab.com\/#\/schema\/person\/97079b7570c1e89ec0d9e138c3672136"},"headline":"Z\u0259rdabinin rayonumuzda ke\u00e7iril\u0259n yubiley t\u0259dbirind\u0259n fotolar","datePublished":"2012-07-16T11:44:07+00:00","dateModified":"2012-07-16T11:54:21+00:00","mainEntityOfPage":{"@id":"https:\/\/www.zerdab.com\/?p=3447"},"wordCount":617,"commentCount":0,"image":{"@id":"https:\/\/www.zerdab.com\/?p=3447#primaryimage"},"thumbnailUrl":"http:\/\/www.zerdab.com\/wp-content\/uploads\/2012\/07\/12-350x231.jpg","articleSection":["H\u018fS\u018fN B\u018fY Z\u018fRDAB\u0130"],"inLanguage":"az","potentialAction":[{"@type":"CommentAction","name":"Comment","target":["https:\/\/www.zerdab.com\/?p=3447#respond"]}]},{"@type":"WebPage","@id":"https:\/\/www.zerdab.com\/?p=3447","url":"https:\/\/www.zerdab.com\/?p=3447","name":"Z\u0259rdabinin rayonumuzda ke\u00e7iril\u0259n yubiley t\u0259dbirind\u0259n fotolar - Z\u0259rdab.com","isPartOf":{"@id":"https:\/\/www.zerdab.com\/#website"},"primaryImageOfPage":{"@id":"https:\/\/www.zerdab.com\/?p=3447#primaryimage"},"image":{"@id":"https:\/\/www.zerdab.com\/?p=3447#primaryimage"},"thumbnailUrl":"http:\/\/www.zerdab.com\/wp-content\/uploads\/2012\/07\/12-350x231.jpg","datePublished":"2012-07-16T11:44:07+00:00","dateModified":"2012-07-16T11:54:21+00:00","author":{"@id":"https:\/\/www.zerdab.com\/#\/schema\/person\/97079b7570c1e89ec0d9e138c3672136"},"breadcrumb":{"@id":"https:\/\/www.zerdab.com\/?p=3447#breadcrumb"},"inLanguage":"az","potentialAction":[{"@type":"ReadAction","target":["https:\/\/www.zerdab.com\/?p=3447"]}]},{"@type":"ImageObject","inLanguage":"az","@id":"https:\/\/www.zerdab.com\/?p=3447#primaryimage","url":"","contentUrl":""},{"@type":"BreadcrumbList","@id":"https:\/\/www.zerdab.com\/?p=3447#breadcrumb","itemListElement":[{"@type":"ListItem","position":1,"name":"Home","item":"https:\/\/www.zerdab.com\/"},{"@type":"ListItem","position":2,"name":"Z\u0259rdabinin rayonumuzda ke\u00e7iril\u0259n yubiley t\u0259dbirind\u0259n fotolar"}]},{"@type":"WebSite","@id":"https:\/\/www.zerdab.com\/#website","url":"https:\/\/www.zerdab.com\/","name":"Z\u0259rdab.com","description":"","potentialAction":[{"@type":"SearchAction","target":{"@type":"EntryPoint","urlTemplate":"https:\/\/www.zerdab.com\/?s={search_term_string}"},"query-input":{"@type":"PropertyValueSpecification","valueRequired":true,"valueName":"search_term_string"}}],"inLanguage":"az"},{"@type":"Person","@id":"https:\/\/www.zerdab.com\/#\/schema\/person\/97079b7570c1e89ec0d9e138c3672136","name":"admin","image":{"@type":"ImageObject","inLanguage":"az","@id":"https:\/\/www.zerdab.com\/#\/schema\/person\/image\/","url":"https:\/\/secure.gravatar.com\/avatar\/d9c52a9a27c32119cb6679a077fa3e2779e5f822c451cbf01098004361d466ec?s=96&d=mm&r=g","contentUrl":"https:\/\/secure.gravatar.com\/avatar\/d9c52a9a27c32119cb6679a077fa3e2779e5f822c451cbf01098004361d466ec?s=96&d=mm&r=g","caption":"admin"},"url":"https:\/\/www.zerdab.com\/?author=1"}]}},"_links":{"self":[{"href":"https:\/\/www.zerdab.com\/index.php?rest_route=\/wp\/v2\/posts\/3447","targetHints":{"allow":["GET"]}}],"collection":[{"href":"https:\/\/www.zerdab.com\/index.php?rest_route=\/wp\/v2\/posts"}],"about":[{"href":"https:\/\/www.zerdab.com\/index.php?rest_route=\/wp\/v2\/types\/post"}],"author":[{"embeddable":true,"href":"https:\/\/www.zerdab.com\/index.php?rest_route=\/wp\/v2\/users\/1"}],"replies":[{"embeddable":true,"href":"https:\/\/www.zerdab.com\/index.php?rest_route=%2Fwp%2Fv2%2Fcomments&post=3447"}],"version-history":[{"count":9,"href":"https:\/\/www.zerdab.com\/index.php?rest_route=\/wp\/v2\/posts\/3447\/revisions"}],"predecessor-version":[{"id":3455,"href":"https:\/\/www.zerdab.com\/index.php?rest_route=\/wp\/v2\/posts\/3447\/revisions\/3455"}],"wp:attachment":[{"href":"https:\/\/www.zerdab.com\/index.php?rest_route=%2Fwp%2Fv2%2Fmedia&parent=3447"}],"wp:term":[{"taxonomy":"category","embeddable":true,"href":"https:\/\/www.zerdab.com\/index.php?rest_route=%2Fwp%2Fv2%2Fcategories&post=3447"},{"taxonomy":"post_tag","embeddable":true,"href":"https:\/\/www.zerdab.com\/index.php?rest_route=%2Fwp%2Fv2%2Ftags&post=3447"}],"curies":[{"name":"wp","href":"https:\/\/api.w.org\/{rel}","templated":true}]}}