{"id":3612,"date":"2012-07-19T00:08:10","date_gmt":"2012-07-18T19:08:10","guid":{"rendered":"http:\/\/www.zerdab.com\/?p=3612"},"modified":"2012-07-19T00:09:48","modified_gmt":"2012-07-18T19:09:48","slug":"16-yasinda-alman-fasistl%c9%99rin%c9%99-q%c9%99nim-k%c9%99sil%c9%99n-h%c9%99myerlimiz-aslan-eyvazov","status":"publish","type":"post","link":"https:\/\/www.zerdab.com\/?p=3612","title":{"rendered":"16 ya\u015f\u0131nda fa\u015fistl\u0259r\u0259 q\u0259nim k\u0259sil\u0259n h\u0259myerlimiz &#8211; Aslan Eyvazov"},"content":{"rendered":"<p><em><strong><\/strong><\/em><em><strong><a href=\"http:\/\/www.zerdab.com\/?attachment_id=3614\" rel=\"attachment wp-att-3614\"><img loading=\"lazy\" decoding=\"async\" class=\"alignleft size-full wp-image-3614\" title=\"Aslan Eyvazov\" src=\"http:\/\/www.zerdab.com\/wp-content\/uploads\/2012\/07\/aslan11.jpg\" alt=\"\" width=\"80\" height=\"97\" \/><\/a>Aslan Eyvazov 1926-c\u0131 ild\u0259 Z\u0259rdab rayonunun Xanm\u0259mm\u0259dli k\u0259ndind\u0259 anadan olmu\u015fdu. 1941-ci ild\u0259 orta m\u0259kt\u0259bi \u0259la qiym\u0259tl\u0259rl\u0259 bitirmi\u015fdi. Alman fa\u015fistl\u0259rinin SSR\u0130-y\u0259 h\u00fccumu il\u0259 \u0259laq\u0259dar iki qarda\u015f\u0131 c\u0259bh\u0259y\u0259 yola d\u00fc\u015fd\u00fcy\u00fcnd\u0259n h\u0259min il ali t\u0259hsil ard\u0131nca ged\u0259 bilm\u0259mi\u015fdi. 1942-ci il mart ay\u0131n\u0131n 1-d\u0259, h\u0259l\u0259 16 ya\u015f\u0131 tamam olmam\u0131\u015f Aslan\u0131 h\u0259rbi s\u0259f\u0259rb\u0259rlikl\u0259 \u0259laq\u0259dar h\u0259rbi xidm\u0259t\u0259 \u00e7a\u011f\u0131r\u0131rlar. S\u0259b\u0259b d\u0259 g\u00f6st\u0259rirl\u0259r ki, onun do\u011fum tarixi d\u00fczg\u00fcn qeyd olunmay\u0131b. Guya, o, 1923-c\u00fc ild\u0259 anadan olub. Kimins\u0259 donosu \u0259sas g\u00f6t\u00fcr\u00fcl\u00fcr. Aslan m\u00fc\u0259llim dan\u0131\u015f\u0131rm\u0131\u015f ki, buna etiraz etm\u0259yib. \u00c7\u00fcnki h\u0259r yerd\u0259 v\u0259t\u0259np\u0259rv\u0259rlik t\u0259rbiy\u0259si \u00e7ox y\u00fcks\u0259k s\u0259viyy\u0259d\u0259 apar\u0131l\u0131rd\u0131. Buna g\u00f6r<em><strong>\u0259<\/strong><\/em>d<em><strong>\u0259<\/strong><\/em> ham\u0131m\u0131z c\u0259bh\u0259y\u0259 can at\u0131rd\u0131q. Bel<em><strong>\u0259<\/strong><\/em>c<em><strong>\u0259<\/strong><\/em>, Aslan Eyvazov 16 ya\u015f\u0131nda alman fasitl<em><strong>\u0259<\/strong><\/em>ri il<em><strong>\u0259<\/strong><\/em> d\u00f6y\u00fc\u015f<em><strong>\u0259<\/strong><\/em> &#8211; c<em><strong>\u0259<\/strong><\/em>bh<em><strong>\u0259<\/strong><\/em>y<em><strong>\u0259<\/strong><\/em> yollan\u0131r. <\/strong><\/em><em><strong>\u0130lk vaxtlar onu g\u00f6r<em><strong>\u0259<\/strong><\/em>nl<em><strong>\u0259<\/strong><\/em>r \u00fcz\u00fcn<em><strong>\u0259<\/strong><\/em> baxan kimi ya\u015f\u0131n\u0131n az oldu\u011funu hiss ed<em><strong>\u0259<\/strong><\/em>rmi\u015fl\u0259r. Ancaq tezlikl\u0259 o, d\u00f6y\u00fc\u015f yolda\u015flar\u0131n\u0131n r<em><strong>\u0259<\/strong><\/em>\u011fb<em><strong>\u0259<\/strong><\/em>tini qazan\u0131r. T\u0259p\u0259r, h\u00fcn\u0259r, qorxmazl\u0131q onu ham\u0131ya tan\u0131d\u0131r.\u00a0<\/strong><\/em><br \/>\n<em><strong><a href=\"http:\/\/www.zerdab.com\/?attachment_id=3615\" rel=\"attachment wp-att-3615\"><img loading=\"lazy\" decoding=\"async\" class=\"alignleft  wp-image-3615\" title=\"Aslan Eyvazov\" src=\"http:\/\/www.zerdab.com\/wp-content\/uploads\/2012\/07\/qelebe-gunu_07052011.jpg\" alt=\"\" width=\"248\" height=\"294\" \/><\/a>Aslan Eyvazov 416-c\u0131 Az\u0259rbaycan at\u0131c\u0131 diviziyas\u0131n\u0131n t\u0259rkibin\u0259 g\u00f6nd\u0259rilir. Bu zaman fa\u015fist ordular\u0131 Qafqaz istiqam\u0259tind\u0259 g\u00fccl\u00fc h\u00fccuma ke\u00e7mi\u015fdil\u0259r. Yeri g\u0259lmi\u015fk\u0259n qeyd ed\u0259k ki, Qafqaz u\u011frunda d\u00f6y\u00fc\u015fl\u0259rd\u0259 fa\u015fist ordusunun h\u0259rbi q\u00fcvv\u0259si Sovet ordusundan piyada hiss\u0259l\u0259r \u00fczr\u0259 1,5 d\u0259f\u0259, top v\u0259 minamyotlarla 2,1 d\u0259f\u0259, tanklarla 2,3 d\u0259f\u0259, t\u0259yyar\u0259l\u0259rl\u0259 1,7 d\u0259f\u0259 \u00e7ox idi. Almaniyan\u0131n 1-ci tank ordusu, 4-c\u00fc tank ordusunun bir ne\u00e7\u0259 diviziyas\u0131, iki s\u0259hra ordusu sovet ordu birl\u0259\u015fm\u0259l\u0259rinin \u015eimali Qafqazda m\u00fcdafi\u0259 x\u0259ttini yararaq s\u00fcr\u0259tl\u0259 ir\u0259lil\u0259yirdi. \u015e\u0259xsi hey\u0259tin 92 faizd\u0259n \u00e7oxu az\u0259rbaycanl\u0131lardan ibar\u0259t olan, b\u00f6y\u00fck \u0259ks\u0259riyy\u0259ti h\u0259l\u0259 d\u00f6y\u00fc\u015f g\u00f6rm\u0259mi\u015f 416-c\u0131 diviziya 1942-ci il sentyabr\u0131n \u0259vv\u0259ll\u0259rind\u0259 44-c\u00fc ordunun t\u0259rkibin\u0259 daxil edil\u0259r\u0259k \u015eimali Qafqazda Xasavyurd rayonuna g\u00f6nd\u0259rilir. Bir ay sonra 58-ci ordunun t\u0259rkibind\u0259 Sulak \u00e7ay\u0131n\u0131n \u015f\u0259rq sahilind\u0259 a\u011f\u0131r d\u00f6y\u00fc\u015fl\u0259r\u0259 girir, Maha\u00e7qala istiqam\u0259tind\u0259 d\u00fc\u015fm\u0259nin h\u00fccumunun qar\u015f\u0131s\u0131n\u0131 al\u0131r. Noyabr ay\u0131nda yenid\u0259n 44-c\u00fc ordunun t\u0259rkibin\u0259 verilir. Terek stansiyas\u0131na, yeni d\u00f6y\u00fc\u015f x\u0259ttin\u0259 g\u00f6nd\u0259rilir.\u00a0<\/strong><\/em><br \/>\n<em><strong>Aslan Eyvazov art\u0131q m\u00fcharib\u0259nin ob-alovunu g\u00f6rm\u00fc\u015fd\u00fc. Nec\u0259 dey\u0259rl\u0259r, dizl\u0259ri b\u0259rkimi\u015fdi, qorxu n<em><strong>\u0259<\/strong><\/em>dir bilmirdi. Can\u0131ndak\u0131 \u00f6l\u00fcm xofunu \u201c\u00f6ld\u00fcrm\u00fc\u015fd\u00fc\u201d. H\u0259r d\u00f6y\u00fc\u015fd\u0259 h\u0259lak olan y\u00fczl\u0259rl\u0259 yolda\u015f\u0131 onu d\u00f6z\u00fcml\u00fc, d\u0259yan\u0259tli etmi\u015fdi, d\u00fc\u015fm\u0259n\u0259 qar\u015f\u0131 intiqam hissini g\u00fccl\u0259ndirmi\u015fdi.\u00a0<\/strong><\/em><br \/>\n<em><strong>Sovet qo\u015funlar\u0131n\u0131n 1942-ci ilin noyabr ay\u0131n\u0131n 30-da Qafqazda c\u0259bh\u0259 boyunca ba\u015flanan h\u00fccumu d\u00fc\u015fm\u0259ni xeyli geri oturtdu. Bu h\u00fccumlarda 416-c\u0131 diviziyan\u0131n bir ne\u00e7\u0259 alay\u0131, o c\u00fcml\u0259d\u0259n Aslan Eyvazovun t\u0259rkibind\u0259 oldu\u011fu 1368-ci alay da i\u015ftirak edirdi. 1942-ci il dekabr\u0131n son g\u00fcnl\u0259rind\u0259 1368-ci alay Mozdok istiqam\u0259tind\u0259 a\u011f\u0131r d\u00f6y\u00fc\u015fl\u0259rd\u0259 i\u015ftirak edirdi. D\u00fc\u015fm\u0259n\u0259 ciddi m\u00fcqavim\u0259t g\u00f6st\u0259rirdi. Alay\u0131n ald\u0131\u011f\u0131 tap\u015f\u0131r\u0131q is\u0259 q\u0259ti idi: d\u00fc\u015fm\u0259nin m\u00fcdafi\u0259 x\u0259tti yar\u0131lmal\u0131 idi.\u00a0<\/strong><\/em><br \/>\n<em><strong>Art\u0131q \u00fczb\u0259\u00fcz d\u00f6y\u00fc\u015f gedirdi. \u0130tkil\u0259rin say\u0131-hesab\u0131 yox idi. Ancaq \u0259sg\u0259rl\u0259rimiz yaln\u0131z d\u00fc\u015fm\u0259nin \u00f6nd\u0259ki s\u0259ng\u0259rin\u0259 zorla yax\u0131nla\u015fa bilmi\u015fdi. Aslan m\u00fc\u0259llim ill<em><strong>\u0259<\/strong><\/em>r sonra o d\u00f6y\u00fc\u015f\u00fc \u0259s<em><strong>\u0259<\/strong><\/em>bi halda xat\u0131rlay\u0131rm\u0131\u015f. Deyirmi\u015f ki, M\u0259mm\u0259dov familiyal\u0131 \u0259sg\u0259r q\u0259fl\u0259t\u0259n ucadan \u201cDo\u011fma Az\u0259rbaycan u\u011frunda!\u201d dey\u0259r\u0259k \u00f6z\u00fcn\u00fc d\u00fc\u015fm\u0259n s\u0259ng\u0259rin\u0259 atd\u0131. Ard\u0131nca da biz. \u018flb\u0259yaxa d\u00f6y\u00fc\u015f ba\u015fland\u0131.\u00a0<\/strong><\/em><br \/>\n<em><strong>\u018fsg\u0259r M\u0259mm\u0259dovun ard\u0131nca \u00f6z\u00fcn\u00fc d\u00fc\u015fm\u0259n s\u0259ng\u0259rin\u0259 atan Aslan oda-alova d\u00f6n\u00fcr. \u0130ndiy\u0259d\u0259k g\u00f6z\u00fcn\u00fcn qar\u015f\u0131s\u0131nda h\u0259lak olan d\u00f6y\u00fc\u015f yolda\u015flar\u0131n\u0131n intiqam\u0131n\u0131 almaq \u00fc\u00e7\u00fcn daha \u00e7ox fa\u015fist \u00f6ld\u00fcrm\u0259y\u0259 \u00e7al\u0131\u015f\u0131r. Bu q\u0259hr\u0259manl\u0131\u011f\u0131 ona \u015f\u00f6hr\u0259t g\u0259tirir. Taq\u0131m komandirinin k\u00f6m\u0259k\u00e7isi t\u0259yin edilir, leytenant r\u00fctb\u0259si verilir. Bu q\u0259hr\u0259manl\u0131\u011f\u0131na g\u00f6r\u0259 1-ci d\u0259r\u0259c\u0259li V\u0259t\u0259n M\u00fcharib\u0259si ordeni il\u0259 t\u0259ltif olunur.\u00a0<\/strong><\/em><br \/>\n<em><strong>Sonralar bu d\u00f6y\u00fc\u015f\u00fc xat\u0131rlayaraq deyirmi\u015f: he\u00e7 bilm\u0259dim nec\u0259 sa\u011f qald\u0131m. H\u0259r t\u0259r\u0259fim almanlar idi. Onlar\u0131 s\u00fcng\u00fc il\u0259 \u00f6ld\u00fcr\u00fcrd\u00fcm. M\u0259n\u0259 g\u00f6zl\u0259ri b\u00f6y\u00fcm\u00fc\u015f \u015f\u0259kild\u0259 bax\u0131rd\u0131lar.\u00a0<\/strong><\/em><br \/>\n<em><strong>Qafqaz u\u011frunda d\u00f6y\u00fc\u015fl\u0259r 1942-ci il iyulun 25-d\u0259n 1943-c\u00fc il oktyabr\u0131n 9-d\u0259k davam etdi. Bundan sonra fa\u015fistl\u0259r geri \u00e7\u0259kilm\u0259y\u0259 ba\u015flad\u0131lar. 416-c\u0131 Q\u0131rm\u0131z\u0131 Bayraql\u0131 Taqanroq\u2014Az\u0259rbaycan diviziyas\u0131 da bir-birinin ard\u0131nca q\u0259l\u0259b\u0259l\u0259r \u0259ld\u0259 ed\u0259r\u0259k s\u00fcr\u0259tl\u0259 ir\u0259lil\u0259yirdi. G\u0259nc d\u00f6y\u00fc\u015f\u00e7\u00fc Aslan Eyvazovun sin\u0259sind\u0259 d\u0259 d\u00f6y\u00fc\u015f orden v\u0259 medallar\u0131n\u0131n say\u0131 art\u0131rd\u0131.\u00a0<\/strong><\/em><br \/>\n<em><strong>1943-c\u00fc ild\u0259 Ukrayna u\u011frunda a\u011f\u0131r d\u00f6y\u00fc\u015fl\u0259r gedirdi. Aslan Eyvazovun da daxil oldu\u011fu taq\u0131m \u00f6nd\u0259 idi. Fa\u015fistl\u0259r m\u00fcqavim\u0259t g\u00f6st\u0259rm\u0259yin m\u0259nas\u0131z oldu\u011funu g\u00f6r\u00fcb m\u00fcdafi\u0259 oluna-oluna geri \u00e7\u0259kilirdil\u0259r. Sentyabr\u0131n 16-\u0131 idi. Leytenant Aslan Eyvazov a\u011f\u0131r yaraland\u0131. \u018fvv\u0259lc\u0259 Mariopol h\u0259rbi hospital\u0131nda, daha sonra Bak\u0131dak\u0131 hospitallarda m\u00fcalic\u0259 olundu. 1944-c\u00fc ilin may ay\u0131nda onu hospitaldan buraxd\u0131lar &#8211; ikinci qrup \u0259lil kimi&#8230; A. Eyvazovun t\u0259kidl\u0259rin\u0259 baxmayaraq, onun d\u00f6y\u00fc\u015f\u0259n orduya qay\u0131tma\u011f\u0131na icaz\u0259 verm\u0259dil\u0259r. 1944\u20131947-ci ill\u0259rd\u0259 Z\u0259rdab rayon Partiya Komit\u0259sind\u0259 katib k\u00f6m\u0259k\u00e7isi i\u015fl\u0259di. Sonra Az\u0259rbaycan KP MK n\u0259zdind\u0259ki partiya m\u0259kt\u0259bini bitirib Z\u0259rdab rayonunda m\u00fcxt\u0259lif v\u0259zif\u0259l\u0259rd\u0259 \u00e7al\u0131\u015fd\u0131. 1951\u20131956-c\u0131 ill\u0259rd\u0259 A. Jdan<em><strong><\/strong><\/em>ov ad\u0131na Leninqrad D\u00f6vl\u0259t Universitetinin \u015f\u0259rq\u015f\u00fcnasl\u0131q fak\u00fclt\u0259sind\u0259 t\u0259hsil ald\u0131. T\u00fcrk dill\u0259ri ixtisas\u0131na yiy\u0259l\u0259ndi. Sonra Az\u0259rbaycan EA \u015e\u0259rq\u015f\u00fcnasl\u0131q \u0130nstitutunda elmi i\u015f\u00e7i, daha sonra Bak\u0131 D\u00f6vl\u0259t Universitetind\u0259 ba\u015f m\u00fc\u0259llim kimi f\u0259aliyy\u0259tini davam etdirdi. \u00d6mr\u00fcn\u00fcn sonuna kimi t\u00fcrk filologiyas\u0131 kafedras\u0131nda \u00e7al\u0131\u015fd\u0131, professor elmi d<em><strong>\u0259r<\/strong><\/em>\u0259c<em><strong>\u0259<\/strong><\/em>sin\u0259d\u0259k y\u00fcks\u0259ldi. \u015e\u0259rq\u015f\u00fcnasl\u0131q fak\u00fclt\u0259sind\u0259 dekan m\u00fcavini, dekan v\u0259zif\u0259l\u0259rind\u0259 \u00e7al\u0131\u015fd\u0131. T\u00fcrk, Az\u0259rbaycan v\u0259 rus dill\u0259rind\u0259 t\u00fcrkologiyan\u0131n m\u00fcxt\u0259lif sah\u0259l\u0259rin\u0259 dair 7 kitab v\u0259 20-y\u0259 q\u0259d\u0259r elmi m\u0259qal\u0259si \u00e7ap olundu.\u00a0<\/strong><\/em><br \/>\n<em><strong>Aslan m\u00fc\u0259llim Q\u0259l\u0259b\u0259nin 60 illiyini s\u0259birsizlikl\u0259 g\u00f6zl\u0259yirdi. Deyirdi ki, B\u00f6y\u00fck V\u0259t\u0259n m\u00fcharib\u0259sind\u0259 Bak\u0131n\u0131n, Az\u0259rbaycan\u0131n v\u0259 az\u0259rbaycanl\u0131lar\u0131n xidm\u0259ti m\u00fctl\u0259q qiym\u0259tl\u0259ndiril\u0259c\u0259k. Bak\u0131 layiqli qiym\u0259tini alacaq. <\/strong><\/em><em><strong>Bir d\u0259 onun do\u011fuldu\u011fu ay v\u0259 g\u00fcn m\u0259lum deyildi. Q\u0259l\u0259b\u0259 g\u00fcn\u00fcn\u00fc \u00f6z\u00fcn\u0259 do\u011fum g\u00fcn\u00fc se\u00e7mi\u015fdi&#8230; <\/strong><\/em><\/p>\n<p><strong>2011-ci ild<em>\u0259<\/em> onun q<em>\u0259<\/em>fil \u00f6l\u00fcm x<em>\u0259<\/em>b<em>\u0259<\/em>ri \u00e7oxlar\u0131n\u0131 sars\u0131td\u0131. Aslan Eyvazovun <em>\u0259<\/em>ziz xatir<em>\u0259<\/em>si yadda\u015flarda daim ya\u015fayacaq. Allah r<em>\u0259<\/em>hm\u0259t el<em>\u0259<\/em>sin. www.zerdab.com sayt\u0131 olaraq d<em>\u0259<\/em>y<em>\u0259<\/em>li h<em>\u0259<\/em>myerlimizi anma\u011f\u0131 \u00f6z\u00fcm\u00fcz<em>\u0259<\/em> borc bildik&#8230;<\/strong><\/p>\n<p><strong>www.zerdab.com<\/strong><\/p>\n","protected":false},"excerpt":{"rendered":"<p>Aslan Eyvazov 1926-c\u0131 ild\u0259 Z\u0259rdab rayonunun Xanm\u0259mm\u0259dli k\u0259ndind\u0259 anadan olmu\u015fdu. 1941-ci ild\u0259 orta m\u0259kt\u0259bi \u0259la qiym\u0259tl\u0259rl\u0259 bitirmi\u015fdi. Alman fa\u015fistl\u0259rinin SSR\u0130-y\u0259 h\u00fccumu il\u0259 \u0259laq\u0259dar iki qarda\u015f\u0131 c\u0259bh\u0259y\u0259 yola d\u00fc\u015fd\u00fcy\u00fcnd\u0259n h\u0259min il ali t\u0259hsil ard\u0131nca ged\u0259 bilm\u0259mi\u015fdi. 1942-ci il mart ay\u0131n\u0131n 1-d\u0259, h\u0259l\u0259 16 ya\u015f\u0131 tamam olmam\u0131\u015f Aslan\u0131 h\u0259rbi s\u0259f\u0259rb\u0259rlikl\u0259 \u0259laq\u0259dar h\u0259rbi xidm\u0259t\u0259 \u00e7a\u011f\u0131r\u0131rlar. S\u0259b\u0259b d\u0259 g\u00f6st\u0259rirl\u0259r [&hellip;]<\/p>\n","protected":false},"author":1,"featured_media":3615,"comment_status":"open","ping_status":"open","sticky":false,"template":"","format":"standard","meta":{"footnotes":""},"categories":[7],"tags":[],"class_list":{"0":"post-3612","1":"post","2":"type-post","3":"status-publish","4":"format-standard","5":"has-post-thumbnail","7":"category-ziyalilar"},"yoast_head":"<!-- This site is optimized with the Yoast SEO plugin v27.0 - https:\/\/yoast.com\/product\/yoast-seo-wordpress\/ -->\n<title>16 ya\u015f\u0131nda fa\u015fistl\u0259r\u0259 q\u0259nim k\u0259sil\u0259n h\u0259myerlimiz - Aslan Eyvazov - Z\u0259rdab.com<\/title>\n<meta name=\"robots\" content=\"index, follow, max-snippet:-1, max-image-preview:large, max-video-preview:-1\" \/>\n<link rel=\"canonical\" href=\"https:\/\/www.zerdab.com\/?p=3612\" \/>\n<meta property=\"og:locale\" content=\"az_AZ\" \/>\n<meta property=\"og:type\" content=\"article\" \/>\n<meta property=\"og:title\" content=\"16 ya\u015f\u0131nda fa\u015fistl\u0259r\u0259 q\u0259nim k\u0259sil\u0259n h\u0259myerlimiz - Aslan Eyvazov - Z\u0259rdab.com\" \/>\n<meta property=\"og:description\" content=\"Aslan Eyvazov 1926-c\u0131 ild\u0259 Z\u0259rdab rayonunun Xanm\u0259mm\u0259dli k\u0259ndind\u0259 anadan olmu\u015fdu. 1941-ci ild\u0259 orta m\u0259kt\u0259bi \u0259la qiym\u0259tl\u0259rl\u0259 bitirmi\u015fdi. Alman fa\u015fistl\u0259rinin SSR\u0130-y\u0259 h\u00fccumu il\u0259 \u0259laq\u0259dar iki qarda\u015f\u0131 c\u0259bh\u0259y\u0259 yola d\u00fc\u015fd\u00fcy\u00fcnd\u0259n h\u0259min il ali t\u0259hsil ard\u0131nca ged\u0259 bilm\u0259mi\u015fdi. 1942-ci il mart ay\u0131n\u0131n 1-d\u0259, h\u0259l\u0259 16 ya\u015f\u0131 tamam olmam\u0131\u015f Aslan\u0131 h\u0259rbi s\u0259f\u0259rb\u0259rlikl\u0259 \u0259laq\u0259dar h\u0259rbi xidm\u0259t\u0259 \u00e7a\u011f\u0131r\u0131rlar. S\u0259b\u0259b d\u0259 g\u00f6st\u0259rirl\u0259r [&hellip;]\" \/>\n<meta property=\"og:url\" content=\"https:\/\/www.zerdab.com\/?p=3612\" \/>\n<meta property=\"og:site_name\" content=\"Z\u0259rdab.com\" \/>\n<meta property=\"article:published_time\" content=\"2012-07-18T19:08:10+00:00\" \/>\n<meta property=\"article:modified_time\" content=\"2012-07-18T19:09:48+00:00\" \/>\n<meta property=\"og:image\" content=\"https:\/\/www.zerdab.com\/wp-content\/uploads\/2012\/07\/qelebe-gunu_07052011.jpg\" \/>\n\t<meta property=\"og:image:width\" content=\"350\" \/>\n\t<meta property=\"og:image:height\" content=\"280\" \/>\n\t<meta property=\"og:image:type\" content=\"image\/jpeg\" \/>\n<meta name=\"author\" content=\"admin\" \/>\n<meta name=\"twitter:card\" content=\"summary_large_image\" \/>\n<meta name=\"twitter:label1\" content=\"Written by\" \/>\n\t<meta name=\"twitter:data1\" content=\"admin\" \/>\n\t<meta name=\"twitter:label2\" content=\"Est. reading time\" \/>\n\t<meta name=\"twitter:data2\" content=\"7 minutes\" \/>\n<script type=\"application\/ld+json\" class=\"yoast-schema-graph\">{\"@context\":\"https:\/\/schema.org\",\"@graph\":[{\"@type\":\"Article\",\"@id\":\"https:\/\/www.zerdab.com\/?p=3612#article\",\"isPartOf\":{\"@id\":\"https:\/\/www.zerdab.com\/?p=3612\"},\"author\":{\"name\":\"admin\",\"@id\":\"https:\/\/www.zerdab.com\/#\/schema\/person\/97079b7570c1e89ec0d9e138c3672136\"},\"headline\":\"16 ya\u015f\u0131nda fa\u015fistl\u0259r\u0259 q\u0259nim k\u0259sil\u0259n h\u0259myerlimiz &#8211; Aslan Eyvazov\",\"datePublished\":\"2012-07-18T19:08:10+00:00\",\"dateModified\":\"2012-07-18T19:09:48+00:00\",\"mainEntityOfPage\":{\"@id\":\"https:\/\/www.zerdab.com\/?p=3612\"},\"wordCount\":1343,\"commentCount\":2,\"image\":{\"@id\":\"https:\/\/www.zerdab.com\/?p=3612#primaryimage\"},\"thumbnailUrl\":\"https:\/\/www.zerdab.com\/wp-content\/uploads\/2012\/07\/qelebe-gunu_07052011.jpg\",\"articleSection\":[\"F\u018fXRL\u018fR\u0130M\u0130Z\"],\"inLanguage\":\"az\",\"potentialAction\":[{\"@type\":\"CommentAction\",\"name\":\"Comment\",\"target\":[\"https:\/\/www.zerdab.com\/?p=3612#respond\"]}]},{\"@type\":\"WebPage\",\"@id\":\"https:\/\/www.zerdab.com\/?p=3612\",\"url\":\"https:\/\/www.zerdab.com\/?p=3612\",\"name\":\"16 ya\u015f\u0131nda fa\u015fistl\u0259r\u0259 q\u0259nim k\u0259sil\u0259n h\u0259myerlimiz - Aslan Eyvazov - Z\u0259rdab.com\",\"isPartOf\":{\"@id\":\"https:\/\/www.zerdab.com\/#website\"},\"primaryImageOfPage\":{\"@id\":\"https:\/\/www.zerdab.com\/?p=3612#primaryimage\"},\"image\":{\"@id\":\"https:\/\/www.zerdab.com\/?p=3612#primaryimage\"},\"thumbnailUrl\":\"https:\/\/www.zerdab.com\/wp-content\/uploads\/2012\/07\/qelebe-gunu_07052011.jpg\",\"datePublished\":\"2012-07-18T19:08:10+00:00\",\"dateModified\":\"2012-07-18T19:09:48+00:00\",\"author\":{\"@id\":\"https:\/\/www.zerdab.com\/#\/schema\/person\/97079b7570c1e89ec0d9e138c3672136\"},\"breadcrumb\":{\"@id\":\"https:\/\/www.zerdab.com\/?p=3612#breadcrumb\"},\"inLanguage\":\"az\",\"potentialAction\":[{\"@type\":\"ReadAction\",\"target\":[\"https:\/\/www.zerdab.com\/?p=3612\"]}]},{\"@type\":\"ImageObject\",\"inLanguage\":\"az\",\"@id\":\"https:\/\/www.zerdab.com\/?p=3612#primaryimage\",\"url\":\"https:\/\/www.zerdab.com\/wp-content\/uploads\/2012\/07\/qelebe-gunu_07052011.jpg\",\"contentUrl\":\"https:\/\/www.zerdab.com\/wp-content\/uploads\/2012\/07\/qelebe-gunu_07052011.jpg\",\"width\":\"350\",\"height\":\"280\"},{\"@type\":\"BreadcrumbList\",\"@id\":\"https:\/\/www.zerdab.com\/?p=3612#breadcrumb\",\"itemListElement\":[{\"@type\":\"ListItem\",\"position\":1,\"name\":\"Home\",\"item\":\"https:\/\/www.zerdab.com\/\"},{\"@type\":\"ListItem\",\"position\":2,\"name\":\"16 ya\u015f\u0131nda fa\u015fistl\u0259r\u0259 q\u0259nim k\u0259sil\u0259n h\u0259myerlimiz &#8211; Aslan Eyvazov\"}]},{\"@type\":\"WebSite\",\"@id\":\"https:\/\/www.zerdab.com\/#website\",\"url\":\"https:\/\/www.zerdab.com\/\",\"name\":\"Z\u0259rdab.com\",\"description\":\"\",\"potentialAction\":[{\"@type\":\"SearchAction\",\"target\":{\"@type\":\"EntryPoint\",\"urlTemplate\":\"https:\/\/www.zerdab.com\/?s={search_term_string}\"},\"query-input\":{\"@type\":\"PropertyValueSpecification\",\"valueRequired\":true,\"valueName\":\"search_term_string\"}}],\"inLanguage\":\"az\"},{\"@type\":\"Person\",\"@id\":\"https:\/\/www.zerdab.com\/#\/schema\/person\/97079b7570c1e89ec0d9e138c3672136\",\"name\":\"admin\",\"image\":{\"@type\":\"ImageObject\",\"inLanguage\":\"az\",\"@id\":\"https:\/\/www.zerdab.com\/#\/schema\/person\/image\/\",\"url\":\"https:\/\/secure.gravatar.com\/avatar\/d9c52a9a27c32119cb6679a077fa3e2779e5f822c451cbf01098004361d466ec?s=96&d=mm&r=g\",\"contentUrl\":\"https:\/\/secure.gravatar.com\/avatar\/d9c52a9a27c32119cb6679a077fa3e2779e5f822c451cbf01098004361d466ec?s=96&d=mm&r=g\",\"caption\":\"admin\"},\"url\":\"https:\/\/www.zerdab.com\/?author=1\"}]}<\/script>\n<!-- \/ Yoast SEO plugin. -->","yoast_head_json":{"title":"16 ya\u015f\u0131nda fa\u015fistl\u0259r\u0259 q\u0259nim k\u0259sil\u0259n h\u0259myerlimiz - Aslan Eyvazov - Z\u0259rdab.com","robots":{"index":"index","follow":"follow","max-snippet":"max-snippet:-1","max-image-preview":"max-image-preview:large","max-video-preview":"max-video-preview:-1"},"canonical":"https:\/\/www.zerdab.com\/?p=3612","og_locale":"az_AZ","og_type":"article","og_title":"16 ya\u015f\u0131nda fa\u015fistl\u0259r\u0259 q\u0259nim k\u0259sil\u0259n h\u0259myerlimiz - Aslan Eyvazov - Z\u0259rdab.com","og_description":"Aslan Eyvazov 1926-c\u0131 ild\u0259 Z\u0259rdab rayonunun Xanm\u0259mm\u0259dli k\u0259ndind\u0259 anadan olmu\u015fdu. 1941-ci ild\u0259 orta m\u0259kt\u0259bi \u0259la qiym\u0259tl\u0259rl\u0259 bitirmi\u015fdi. Alman fa\u015fistl\u0259rinin SSR\u0130-y\u0259 h\u00fccumu il\u0259 \u0259laq\u0259dar iki qarda\u015f\u0131 c\u0259bh\u0259y\u0259 yola d\u00fc\u015fd\u00fcy\u00fcnd\u0259n h\u0259min il ali t\u0259hsil ard\u0131nca ged\u0259 bilm\u0259mi\u015fdi. 1942-ci il mart ay\u0131n\u0131n 1-d\u0259, h\u0259l\u0259 16 ya\u015f\u0131 tamam olmam\u0131\u015f Aslan\u0131 h\u0259rbi s\u0259f\u0259rb\u0259rlikl\u0259 \u0259laq\u0259dar h\u0259rbi xidm\u0259t\u0259 \u00e7a\u011f\u0131r\u0131rlar. S\u0259b\u0259b d\u0259 g\u00f6st\u0259rirl\u0259r [&hellip;]","og_url":"https:\/\/www.zerdab.com\/?p=3612","og_site_name":"Z\u0259rdab.com","article_published_time":"2012-07-18T19:08:10+00:00","article_modified_time":"2012-07-18T19:09:48+00:00","og_image":[{"width":350,"height":280,"url":"https:\/\/www.zerdab.com\/wp-content\/uploads\/2012\/07\/qelebe-gunu_07052011.jpg","type":"image\/jpeg"}],"author":"admin","twitter_card":"summary_large_image","twitter_misc":{"Written by":"admin","Est. reading time":"7 minutes"},"schema":{"@context":"https:\/\/schema.org","@graph":[{"@type":"Article","@id":"https:\/\/www.zerdab.com\/?p=3612#article","isPartOf":{"@id":"https:\/\/www.zerdab.com\/?p=3612"},"author":{"name":"admin","@id":"https:\/\/www.zerdab.com\/#\/schema\/person\/97079b7570c1e89ec0d9e138c3672136"},"headline":"16 ya\u015f\u0131nda fa\u015fistl\u0259r\u0259 q\u0259nim k\u0259sil\u0259n h\u0259myerlimiz &#8211; Aslan Eyvazov","datePublished":"2012-07-18T19:08:10+00:00","dateModified":"2012-07-18T19:09:48+00:00","mainEntityOfPage":{"@id":"https:\/\/www.zerdab.com\/?p=3612"},"wordCount":1343,"commentCount":2,"image":{"@id":"https:\/\/www.zerdab.com\/?p=3612#primaryimage"},"thumbnailUrl":"https:\/\/www.zerdab.com\/wp-content\/uploads\/2012\/07\/qelebe-gunu_07052011.jpg","articleSection":["F\u018fXRL\u018fR\u0130M\u0130Z"],"inLanguage":"az","potentialAction":[{"@type":"CommentAction","name":"Comment","target":["https:\/\/www.zerdab.com\/?p=3612#respond"]}]},{"@type":"WebPage","@id":"https:\/\/www.zerdab.com\/?p=3612","url":"https:\/\/www.zerdab.com\/?p=3612","name":"16 ya\u015f\u0131nda fa\u015fistl\u0259r\u0259 q\u0259nim k\u0259sil\u0259n h\u0259myerlimiz - Aslan Eyvazov - Z\u0259rdab.com","isPartOf":{"@id":"https:\/\/www.zerdab.com\/#website"},"primaryImageOfPage":{"@id":"https:\/\/www.zerdab.com\/?p=3612#primaryimage"},"image":{"@id":"https:\/\/www.zerdab.com\/?p=3612#primaryimage"},"thumbnailUrl":"https:\/\/www.zerdab.com\/wp-content\/uploads\/2012\/07\/qelebe-gunu_07052011.jpg","datePublished":"2012-07-18T19:08:10+00:00","dateModified":"2012-07-18T19:09:48+00:00","author":{"@id":"https:\/\/www.zerdab.com\/#\/schema\/person\/97079b7570c1e89ec0d9e138c3672136"},"breadcrumb":{"@id":"https:\/\/www.zerdab.com\/?p=3612#breadcrumb"},"inLanguage":"az","potentialAction":[{"@type":"ReadAction","target":["https:\/\/www.zerdab.com\/?p=3612"]}]},{"@type":"ImageObject","inLanguage":"az","@id":"https:\/\/www.zerdab.com\/?p=3612#primaryimage","url":"https:\/\/www.zerdab.com\/wp-content\/uploads\/2012\/07\/qelebe-gunu_07052011.jpg","contentUrl":"https:\/\/www.zerdab.com\/wp-content\/uploads\/2012\/07\/qelebe-gunu_07052011.jpg","width":"350","height":"280"},{"@type":"BreadcrumbList","@id":"https:\/\/www.zerdab.com\/?p=3612#breadcrumb","itemListElement":[{"@type":"ListItem","position":1,"name":"Home","item":"https:\/\/www.zerdab.com\/"},{"@type":"ListItem","position":2,"name":"16 ya\u015f\u0131nda fa\u015fistl\u0259r\u0259 q\u0259nim k\u0259sil\u0259n h\u0259myerlimiz &#8211; Aslan Eyvazov"}]},{"@type":"WebSite","@id":"https:\/\/www.zerdab.com\/#website","url":"https:\/\/www.zerdab.com\/","name":"Z\u0259rdab.com","description":"","potentialAction":[{"@type":"SearchAction","target":{"@type":"EntryPoint","urlTemplate":"https:\/\/www.zerdab.com\/?s={search_term_string}"},"query-input":{"@type":"PropertyValueSpecification","valueRequired":true,"valueName":"search_term_string"}}],"inLanguage":"az"},{"@type":"Person","@id":"https:\/\/www.zerdab.com\/#\/schema\/person\/97079b7570c1e89ec0d9e138c3672136","name":"admin","image":{"@type":"ImageObject","inLanguage":"az","@id":"https:\/\/www.zerdab.com\/#\/schema\/person\/image\/","url":"https:\/\/secure.gravatar.com\/avatar\/d9c52a9a27c32119cb6679a077fa3e2779e5f822c451cbf01098004361d466ec?s=96&d=mm&r=g","contentUrl":"https:\/\/secure.gravatar.com\/avatar\/d9c52a9a27c32119cb6679a077fa3e2779e5f822c451cbf01098004361d466ec?s=96&d=mm&r=g","caption":"admin"},"url":"https:\/\/www.zerdab.com\/?author=1"}]}},"_links":{"self":[{"href":"https:\/\/www.zerdab.com\/index.php?rest_route=\/wp\/v2\/posts\/3612","targetHints":{"allow":["GET"]}}],"collection":[{"href":"https:\/\/www.zerdab.com\/index.php?rest_route=\/wp\/v2\/posts"}],"about":[{"href":"https:\/\/www.zerdab.com\/index.php?rest_route=\/wp\/v2\/types\/post"}],"author":[{"embeddable":true,"href":"https:\/\/www.zerdab.com\/index.php?rest_route=\/wp\/v2\/users\/1"}],"replies":[{"embeddable":true,"href":"https:\/\/www.zerdab.com\/index.php?rest_route=%2Fwp%2Fv2%2Fcomments&post=3612"}],"version-history":[{"count":5,"href":"https:\/\/www.zerdab.com\/index.php?rest_route=\/wp\/v2\/posts\/3612\/revisions"}],"predecessor-version":[{"id":3620,"href":"https:\/\/www.zerdab.com\/index.php?rest_route=\/wp\/v2\/posts\/3612\/revisions\/3620"}],"wp:featuredmedia":[{"embeddable":true,"href":"https:\/\/www.zerdab.com\/index.php?rest_route=\/wp\/v2\/media\/3615"}],"wp:attachment":[{"href":"https:\/\/www.zerdab.com\/index.php?rest_route=%2Fwp%2Fv2%2Fmedia&parent=3612"}],"wp:term":[{"taxonomy":"category","embeddable":true,"href":"https:\/\/www.zerdab.com\/index.php?rest_route=%2Fwp%2Fv2%2Fcategories&post=3612"},{"taxonomy":"post_tag","embeddable":true,"href":"https:\/\/www.zerdab.com\/index.php?rest_route=%2Fwp%2Fv2%2Ftags&post=3612"}],"curies":[{"name":"wp","href":"https:\/\/api.w.org\/{rel}","templated":true}]}}