{"id":3628,"date":"2012-07-20T11:17:46","date_gmt":"2012-07-20T06:17:46","guid":{"rendered":"http:\/\/www.zerdab.com\/?p=3628"},"modified":"2014-10-02T22:33:25","modified_gmt":"2014-10-02T17:33:25","slug":"son-vaxtlar-prezident-ilham-%c9%99liyev-z%c9%99rdabla-bagli-5-s%c9%99r%c9%99ncam-imzalayib","status":"publish","type":"post","link":"https:\/\/www.zerdab.com\/?p=3628","title":{"rendered":"Son vaxtlar Prezident \u0130lham \u018fliyev Z\u0259rdabla ba\u011fl\u0131 5 s\u0259n\u0259d imzalay\u0131b"},"content":{"rendered":"<p><a href=\"http:\/\/www.zerdab.com\/son-vaxtlar-prezident-ilham-%c9%99liyev-z%c9%99rdabla-bagli-5-s%c9%99r%c9%99ncam-imzalayib\/2012-2-6\/\" rel=\"attachment wp-att-3629\"><img loading=\"lazy\" decoding=\"async\" class=\"alignleft  wp-image-3629\" title=\"Z\u0259rdab rayonu\" src=\"http:\/\/www.zerdab.com\/wp-content\/uploads\/2012\/07\/2012-22-350x279.jpg\" alt=\"\" width=\"248\" height=\"199\" srcset=\"https:\/\/www.zerdab.com\/wp-content\/uploads\/2012\/07\/2012-22-350x279.jpg 350w, https:\/\/www.zerdab.com\/wp-content\/uploads\/2012\/07\/2012-22.jpg 852w\" sizes=\"auto, (max-width: 248px) 100vw, 248px\" \/><\/a>Z\u0259rdabda cari ilin birinci yar\u0131s\u0131nda sosial-iqtisadi inki\u015faf sah\u0259sind\u0259 g\u00f6r\u00fclm\u00fc\u015f i\u015fl\u0259r\u0259 v\u0259 qar\u015f\u0131da duran v\u0259zif\u0259l\u0259r\u0259 h\u0259sr olunmu\u015f hesabat y\u0131\u011f\u0131nca\u011f\u0131 ke\u00e7rilib. <strong>www.zerdab.com<\/strong> sayt\u0131na veril\u0259n m\u0259lumata g\u00f6r\u0259, rayon icra hakimiyy\u0259ti ba\u015fc\u0131s\u0131n\u0131n hesabat m\u0259ruz\u0259sind\u0259 v\u0259 \u00e7\u0131x\u0131\u015flarda \u0259sas diqq\u0259t Prezident \u0130lham \u018fliyevin s\u0259drliyi il\u0259 Nazirl\u0259r Kabinetinin cari ilin 6 ay\u0131n\u0131n sosial-iqtisadi inki\u015faf\u0131n\u0131n yekunlar\u0131na v\u0259 qar\u015f\u0131da duran v\u0259zif\u0259l\u0259r\u0259 h\u0259sr olunmu\u015f iclas\u0131nda d\u00f6vl\u0259timizin ba\u015fc\u0131s\u0131n\u0131n nitqind\u0259 ir\u0259li s\u00fcr\u00fcl\u0259n m\u00fcdd\u0259alara y\u00f6n\u0259ldilib. Natiql\u0259r bu m\u00fcdd\u0259td\u0259 Z\u0259rdabda da u\u011furlu n\u0259tic\u0259l\u0259r qazan\u0131ld\u0131\u011f\u0131n\u0131 bildiribl\u0259r. Qeyd olunub ki, yar\u0131m ild\u0259 rayonda 56,2 faizi k\u0259nd t\u0259s\u0259rr\u00fcfat\u0131n\u0131n pay\u0131na d\u00fc\u015fm\u0259kl\u0259 iqtisadiyyat\u0131n \u0259sas sah\u0259l\u0259rind\u0259 50,6 milyon manatl\u0131q m\u0259hsul istehsal olunub. Tax\u0131l\u00e7\u0131l\u0131q, heyvandarl\u0131q, bostan-t\u0259r\u0259v\u0259z\u00e7ilik sah\u0259l\u0259rind\u0259 intensiv inki\u015faf davam edib. Hesabat d\u00f6vr\u00fcnd\u0259 rayonda tikinti-quruculuq i\u015fl\u0259ri geni\u015f v\u00fcs\u0259t al\u0131b, \u0259halinin elektrik enerjisi, t\u0259bii qaz v\u0259 su t\u0259chizat\u0131 il\u0259 ba\u011fl\u0131 xeyli i\u015fl\u0259r g\u00f6r\u00fcl\u00fcbr. Son vaxtlar Prezident \u0130lham \u018fliyevin Z\u0259rdab rayonu il\u0259 ba\u011fl\u0131 imzalad\u0131\u011f\u0131 5 S\u0259r\u0259ncam\u0131n sakinl\u0259r t\u0259r\u0259find\u0259n b\u00f6y\u00fck minn\u0259tdarl\u0131qla qar\u015f\u0131land\u0131\u011f\u0131n\u0131 diqq\u0259t\u0259 \u00e7atd\u0131ran y\u0131\u011f\u0131ncaq i\u015ftirak\u00e7\u0131lar\u0131 bir ay \u0259vv\u0259l &#8211; iyunun 19-da imzalanm\u0131\u015f m\u00fcvafiq S\u0259r\u0259ncamla 8 ya\u015fay\u0131\u015f m\u0259nt\u0259q\u0259sini birl\u0259\u015fdir\u0259n Yuxar\u0131 Seyidl\u0259r-Sil\u0259yli avtomobil yolunun tikintisi \u00fcc\u00fcn 5,4 milyon manat v\u0259sait ayr\u0131lmas\u0131n\u0131 minn\u0259tdarl\u0131q hissi il\u0259 vur\u011fulay\u0131blar. Hesabat d\u00f6vr\u00fcnd\u0259 \u0259halinin su t\u0259chizat\u0131n\u0131 yax\u015f\u0131la\u015fd\u0131rmaq m\u0259qs\u0259dil\u0259 Z\u0259rdab \u015f\u0259h\u0259ri daxilind\u0259 14 min 790 metr uzunlu\u011funda i\u00e7m\u0259li su x\u0259tti, Z\u0259rdab-K\u00fcrd\u0259mir istiqam\u0259tind\u0259 32 min metr magistral x\u0259tt c\u0259kilib.<br \/>\nYar\u0131m ild\u0259 m\u0259kt\u0259b v\u0259 dig\u0259r bir s\u0131ra binalar\u0131n tikintisi, s\u0259hiyy\u0259 v\u0259 m\u0259d\u0259niyy\u0259t sah\u0259l\u0259rinin maddi-texniki bazas\u0131n\u0131n m\u00f6hk\u0259ml\u0259ndirilm\u0259si sah\u0259l\u0259rind\u0259 d\u0259 \u0259sasl\u0131 i\u015fl\u0259r g\u00f6r\u00fcl\u00fcb. Hesabat y\u0131\u011f\u0131nca\u011f\u0131n\u0131n i\u015ftirak\u00e7\u0131lar\u0131 Prezident \u0130lham \u018fliyevin r\u0259hb\u0259rliyi il\u0259 \u00f6lk\u0259mizd\u0259 h\u0259yata ke\u00e7iril\u0259n sosial-iqtisadi proqramlar\u0131n h\u0259llind\u0259 z\u0259rdabl\u0131lar\u0131n bundan sonra da f\u0259al i\u015ftirak ed\u0259c\u0259kl\u0259rini vur\u011fulay\u0131blar.<\/p>\n<p><strong>www.zerdab.com<\/strong><\/p>\n","protected":false},"excerpt":{"rendered":"<p>Z\u0259rdabda cari ilin birinci yar\u0131s\u0131nda sosial-iqtisadi inki\u015faf sah\u0259sind\u0259 g\u00f6r\u00fclm\u00fc\u015f i\u015fl\u0259r\u0259 v\u0259 qar\u015f\u0131da duran v\u0259zif\u0259l\u0259r\u0259 h\u0259sr olunmu\u015f hesabat y\u0131\u011f\u0131nca\u011f\u0131 ke\u00e7rilib. www.zerdab.com sayt\u0131na veril\u0259n m\u0259lumata g\u00f6r\u0259, rayon icra hakimiyy\u0259ti ba\u015fc\u0131s\u0131n\u0131n hesabat m\u0259ruz\u0259sind\u0259 v\u0259 \u00e7\u0131x\u0131\u015flarda \u0259sas diqq\u0259t Prezident \u0130lham \u018fliyevin s\u0259drliyi il\u0259 Nazirl\u0259r Kabinetinin cari ilin 6 ay\u0131n\u0131n sosial-iqtisadi inki\u015faf\u0131n\u0131n yekunlar\u0131na v\u0259 qar\u015f\u0131da duran v\u0259zif\u0259l\u0259r\u0259 h\u0259sr olunmu\u015f iclas\u0131nda [&hellip;]<\/p>\n","protected":false},"author":1,"featured_media":3629,"comment_status":"open","ping_status":"open","sticky":false,"template":"","format":"standard","meta":{"footnotes":""},"categories":[21],"tags":[],"class_list":{"0":"post-3628","1":"post","2":"type-post","3":"status-publish","4":"format-standard","5":"has-post-thumbnail","7":"category-zrdab"},"yoast_head":"<!-- This site is optimized with the Yoast SEO plugin v27.0 - https:\/\/yoast.com\/product\/yoast-seo-wordpress\/ -->\n<title>Son vaxtlar Prezident \u0130lham \u018fliyev Z\u0259rdabla ba\u011fl\u0131 5 s\u0259n\u0259d imzalay\u0131b - Z\u0259rdab.com<\/title>\n<meta name=\"robots\" content=\"index, follow, max-snippet:-1, max-image-preview:large, max-video-preview:-1\" \/>\n<link rel=\"canonical\" href=\"https:\/\/www.zerdab.com\/?p=3628\" \/>\n<meta property=\"og:locale\" content=\"az_AZ\" \/>\n<meta property=\"og:type\" content=\"article\" \/>\n<meta property=\"og:title\" content=\"Son vaxtlar Prezident \u0130lham \u018fliyev Z\u0259rdabla ba\u011fl\u0131 5 s\u0259n\u0259d imzalay\u0131b - Z\u0259rdab.com\" \/>\n<meta property=\"og:description\" content=\"Z\u0259rdabda cari ilin birinci yar\u0131s\u0131nda sosial-iqtisadi inki\u015faf sah\u0259sind\u0259 g\u00f6r\u00fclm\u00fc\u015f i\u015fl\u0259r\u0259 v\u0259 qar\u015f\u0131da duran v\u0259zif\u0259l\u0259r\u0259 h\u0259sr olunmu\u015f hesabat y\u0131\u011f\u0131nca\u011f\u0131 ke\u00e7rilib. www.zerdab.com sayt\u0131na veril\u0259n m\u0259lumata g\u00f6r\u0259, rayon icra hakimiyy\u0259ti ba\u015fc\u0131s\u0131n\u0131n hesabat m\u0259ruz\u0259sind\u0259 v\u0259 \u00e7\u0131x\u0131\u015flarda \u0259sas diqq\u0259t Prezident \u0130lham \u018fliyevin s\u0259drliyi il\u0259 Nazirl\u0259r Kabinetinin cari ilin 6 ay\u0131n\u0131n sosial-iqtisadi inki\u015faf\u0131n\u0131n yekunlar\u0131na v\u0259 qar\u015f\u0131da duran v\u0259zif\u0259l\u0259r\u0259 h\u0259sr olunmu\u015f iclas\u0131nda [&hellip;]\" \/>\n<meta property=\"og:url\" content=\"https:\/\/www.zerdab.com\/?p=3628\" \/>\n<meta property=\"og:site_name\" content=\"Z\u0259rdab.com\" \/>\n<meta property=\"article:published_time\" content=\"2012-07-20T06:17:46+00:00\" \/>\n<meta property=\"article:modified_time\" content=\"2014-10-02T17:33:25+00:00\" \/>\n<meta property=\"og:image\" content=\"https:\/\/www.zerdab.com\/wp-content\/uploads\/2012\/07\/2012-22.jpg\" \/>\n\t<meta property=\"og:image:width\" content=\"852\" \/>\n\t<meta property=\"og:image:height\" content=\"680\" \/>\n\t<meta property=\"og:image:type\" content=\"image\/jpeg\" \/>\n<meta name=\"author\" content=\"admin\" \/>\n<meta name=\"twitter:card\" content=\"summary_large_image\" \/>\n<meta name=\"twitter:label1\" content=\"Written by\" \/>\n\t<meta name=\"twitter:data1\" content=\"admin\" \/>\n\t<meta name=\"twitter:label2\" content=\"Est. reading time\" \/>\n\t<meta name=\"twitter:data2\" content=\"2 minutes\" \/>\n<script type=\"application\/ld+json\" class=\"yoast-schema-graph\">{\"@context\":\"https:\/\/schema.org\",\"@graph\":[{\"@type\":\"Article\",\"@id\":\"https:\/\/www.zerdab.com\/?p=3628#article\",\"isPartOf\":{\"@id\":\"https:\/\/www.zerdab.com\/?p=3628\"},\"author\":{\"name\":\"admin\",\"@id\":\"https:\/\/www.zerdab.com\/#\/schema\/person\/97079b7570c1e89ec0d9e138c3672136\"},\"headline\":\"Son vaxtlar Prezident \u0130lham \u018fliyev Z\u0259rdabla ba\u011fl\u0131 5 s\u0259n\u0259d imzalay\u0131b\",\"datePublished\":\"2012-07-20T06:17:46+00:00\",\"dateModified\":\"2014-10-02T17:33:25+00:00\",\"mainEntityOfPage\":{\"@id\":\"https:\/\/www.zerdab.com\/?p=3628\"},\"wordCount\":467,\"commentCount\":0,\"image\":{\"@id\":\"https:\/\/www.zerdab.com\/?p=3628#primaryimage\"},\"thumbnailUrl\":\"https:\/\/www.zerdab.com\/wp-content\/uploads\/2012\/07\/2012-22.jpg\",\"articleSection\":[\"C\u018fM\u0130YY\u018fT\"],\"inLanguage\":\"az\",\"potentialAction\":[{\"@type\":\"CommentAction\",\"name\":\"Comment\",\"target\":[\"https:\/\/www.zerdab.com\/?p=3628#respond\"]}]},{\"@type\":\"WebPage\",\"@id\":\"https:\/\/www.zerdab.com\/?p=3628\",\"url\":\"https:\/\/www.zerdab.com\/?p=3628\",\"name\":\"Son vaxtlar Prezident \u0130lham \u018fliyev Z\u0259rdabla ba\u011fl\u0131 5 s\u0259n\u0259d imzalay\u0131b - Z\u0259rdab.com\",\"isPartOf\":{\"@id\":\"https:\/\/www.zerdab.com\/#website\"},\"primaryImageOfPage\":{\"@id\":\"https:\/\/www.zerdab.com\/?p=3628#primaryimage\"},\"image\":{\"@id\":\"https:\/\/www.zerdab.com\/?p=3628#primaryimage\"},\"thumbnailUrl\":\"https:\/\/www.zerdab.com\/wp-content\/uploads\/2012\/07\/2012-22.jpg\",\"datePublished\":\"2012-07-20T06:17:46+00:00\",\"dateModified\":\"2014-10-02T17:33:25+00:00\",\"author\":{\"@id\":\"https:\/\/www.zerdab.com\/#\/schema\/person\/97079b7570c1e89ec0d9e138c3672136\"},\"breadcrumb\":{\"@id\":\"https:\/\/www.zerdab.com\/?p=3628#breadcrumb\"},\"inLanguage\":\"az\",\"potentialAction\":[{\"@type\":\"ReadAction\",\"target\":[\"https:\/\/www.zerdab.com\/?p=3628\"]}]},{\"@type\":\"ImageObject\",\"inLanguage\":\"az\",\"@id\":\"https:\/\/www.zerdab.com\/?p=3628#primaryimage\",\"url\":\"https:\/\/www.zerdab.com\/wp-content\/uploads\/2012\/07\/2012-22.jpg\",\"contentUrl\":\"https:\/\/www.zerdab.com\/wp-content\/uploads\/2012\/07\/2012-22.jpg\",\"width\":\"852\",\"height\":\"680\"},{\"@type\":\"BreadcrumbList\",\"@id\":\"https:\/\/www.zerdab.com\/?p=3628#breadcrumb\",\"itemListElement\":[{\"@type\":\"ListItem\",\"position\":1,\"name\":\"Home\",\"item\":\"https:\/\/www.zerdab.com\/\"},{\"@type\":\"ListItem\",\"position\":2,\"name\":\"Son vaxtlar Prezident \u0130lham \u018fliyev Z\u0259rdabla ba\u011fl\u0131 5 s\u0259n\u0259d imzalay\u0131b\"}]},{\"@type\":\"WebSite\",\"@id\":\"https:\/\/www.zerdab.com\/#website\",\"url\":\"https:\/\/www.zerdab.com\/\",\"name\":\"Z\u0259rdab.com\",\"description\":\"\",\"potentialAction\":[{\"@type\":\"SearchAction\",\"target\":{\"@type\":\"EntryPoint\",\"urlTemplate\":\"https:\/\/www.zerdab.com\/?s={search_term_string}\"},\"query-input\":{\"@type\":\"PropertyValueSpecification\",\"valueRequired\":true,\"valueName\":\"search_term_string\"}}],\"inLanguage\":\"az\"},{\"@type\":\"Person\",\"@id\":\"https:\/\/www.zerdab.com\/#\/schema\/person\/97079b7570c1e89ec0d9e138c3672136\",\"name\":\"admin\",\"image\":{\"@type\":\"ImageObject\",\"inLanguage\":\"az\",\"@id\":\"https:\/\/www.zerdab.com\/#\/schema\/person\/image\/\",\"url\":\"https:\/\/secure.gravatar.com\/avatar\/d9c52a9a27c32119cb6679a077fa3e2779e5f822c451cbf01098004361d466ec?s=96&d=mm&r=g\",\"contentUrl\":\"https:\/\/secure.gravatar.com\/avatar\/d9c52a9a27c32119cb6679a077fa3e2779e5f822c451cbf01098004361d466ec?s=96&d=mm&r=g\",\"caption\":\"admin\"},\"url\":\"https:\/\/www.zerdab.com\/?author=1\"}]}<\/script>\n<!-- \/ Yoast SEO plugin. -->","yoast_head_json":{"title":"Son vaxtlar Prezident \u0130lham \u018fliyev Z\u0259rdabla ba\u011fl\u0131 5 s\u0259n\u0259d imzalay\u0131b - Z\u0259rdab.com","robots":{"index":"index","follow":"follow","max-snippet":"max-snippet:-1","max-image-preview":"max-image-preview:large","max-video-preview":"max-video-preview:-1"},"canonical":"https:\/\/www.zerdab.com\/?p=3628","og_locale":"az_AZ","og_type":"article","og_title":"Son vaxtlar Prezident \u0130lham \u018fliyev Z\u0259rdabla ba\u011fl\u0131 5 s\u0259n\u0259d imzalay\u0131b - Z\u0259rdab.com","og_description":"Z\u0259rdabda cari ilin birinci yar\u0131s\u0131nda sosial-iqtisadi inki\u015faf sah\u0259sind\u0259 g\u00f6r\u00fclm\u00fc\u015f i\u015fl\u0259r\u0259 v\u0259 qar\u015f\u0131da duran v\u0259zif\u0259l\u0259r\u0259 h\u0259sr olunmu\u015f hesabat y\u0131\u011f\u0131nca\u011f\u0131 ke\u00e7rilib. www.zerdab.com sayt\u0131na veril\u0259n m\u0259lumata g\u00f6r\u0259, rayon icra hakimiyy\u0259ti ba\u015fc\u0131s\u0131n\u0131n hesabat m\u0259ruz\u0259sind\u0259 v\u0259 \u00e7\u0131x\u0131\u015flarda \u0259sas diqq\u0259t Prezident \u0130lham \u018fliyevin s\u0259drliyi il\u0259 Nazirl\u0259r Kabinetinin cari ilin 6 ay\u0131n\u0131n sosial-iqtisadi inki\u015faf\u0131n\u0131n yekunlar\u0131na v\u0259 qar\u015f\u0131da duran v\u0259zif\u0259l\u0259r\u0259 h\u0259sr olunmu\u015f iclas\u0131nda [&hellip;]","og_url":"https:\/\/www.zerdab.com\/?p=3628","og_site_name":"Z\u0259rdab.com","article_published_time":"2012-07-20T06:17:46+00:00","article_modified_time":"2014-10-02T17:33:25+00:00","og_image":[{"width":852,"height":680,"url":"https:\/\/www.zerdab.com\/wp-content\/uploads\/2012\/07\/2012-22.jpg","type":"image\/jpeg"}],"author":"admin","twitter_card":"summary_large_image","twitter_misc":{"Written by":"admin","Est. reading time":"2 minutes"},"schema":{"@context":"https:\/\/schema.org","@graph":[{"@type":"Article","@id":"https:\/\/www.zerdab.com\/?p=3628#article","isPartOf":{"@id":"https:\/\/www.zerdab.com\/?p=3628"},"author":{"name":"admin","@id":"https:\/\/www.zerdab.com\/#\/schema\/person\/97079b7570c1e89ec0d9e138c3672136"},"headline":"Son vaxtlar Prezident \u0130lham \u018fliyev Z\u0259rdabla ba\u011fl\u0131 5 s\u0259n\u0259d imzalay\u0131b","datePublished":"2012-07-20T06:17:46+00:00","dateModified":"2014-10-02T17:33:25+00:00","mainEntityOfPage":{"@id":"https:\/\/www.zerdab.com\/?p=3628"},"wordCount":467,"commentCount":0,"image":{"@id":"https:\/\/www.zerdab.com\/?p=3628#primaryimage"},"thumbnailUrl":"https:\/\/www.zerdab.com\/wp-content\/uploads\/2012\/07\/2012-22.jpg","articleSection":["C\u018fM\u0130YY\u018fT"],"inLanguage":"az","potentialAction":[{"@type":"CommentAction","name":"Comment","target":["https:\/\/www.zerdab.com\/?p=3628#respond"]}]},{"@type":"WebPage","@id":"https:\/\/www.zerdab.com\/?p=3628","url":"https:\/\/www.zerdab.com\/?p=3628","name":"Son vaxtlar Prezident \u0130lham \u018fliyev Z\u0259rdabla ba\u011fl\u0131 5 s\u0259n\u0259d imzalay\u0131b - Z\u0259rdab.com","isPartOf":{"@id":"https:\/\/www.zerdab.com\/#website"},"primaryImageOfPage":{"@id":"https:\/\/www.zerdab.com\/?p=3628#primaryimage"},"image":{"@id":"https:\/\/www.zerdab.com\/?p=3628#primaryimage"},"thumbnailUrl":"https:\/\/www.zerdab.com\/wp-content\/uploads\/2012\/07\/2012-22.jpg","datePublished":"2012-07-20T06:17:46+00:00","dateModified":"2014-10-02T17:33:25+00:00","author":{"@id":"https:\/\/www.zerdab.com\/#\/schema\/person\/97079b7570c1e89ec0d9e138c3672136"},"breadcrumb":{"@id":"https:\/\/www.zerdab.com\/?p=3628#breadcrumb"},"inLanguage":"az","potentialAction":[{"@type":"ReadAction","target":["https:\/\/www.zerdab.com\/?p=3628"]}]},{"@type":"ImageObject","inLanguage":"az","@id":"https:\/\/www.zerdab.com\/?p=3628#primaryimage","url":"https:\/\/www.zerdab.com\/wp-content\/uploads\/2012\/07\/2012-22.jpg","contentUrl":"https:\/\/www.zerdab.com\/wp-content\/uploads\/2012\/07\/2012-22.jpg","width":"852","height":"680"},{"@type":"BreadcrumbList","@id":"https:\/\/www.zerdab.com\/?p=3628#breadcrumb","itemListElement":[{"@type":"ListItem","position":1,"name":"Home","item":"https:\/\/www.zerdab.com\/"},{"@type":"ListItem","position":2,"name":"Son vaxtlar Prezident \u0130lham \u018fliyev Z\u0259rdabla ba\u011fl\u0131 5 s\u0259n\u0259d imzalay\u0131b"}]},{"@type":"WebSite","@id":"https:\/\/www.zerdab.com\/#website","url":"https:\/\/www.zerdab.com\/","name":"Z\u0259rdab.com","description":"","potentialAction":[{"@type":"SearchAction","target":{"@type":"EntryPoint","urlTemplate":"https:\/\/www.zerdab.com\/?s={search_term_string}"},"query-input":{"@type":"PropertyValueSpecification","valueRequired":true,"valueName":"search_term_string"}}],"inLanguage":"az"},{"@type":"Person","@id":"https:\/\/www.zerdab.com\/#\/schema\/person\/97079b7570c1e89ec0d9e138c3672136","name":"admin","image":{"@type":"ImageObject","inLanguage":"az","@id":"https:\/\/www.zerdab.com\/#\/schema\/person\/image\/","url":"https:\/\/secure.gravatar.com\/avatar\/d9c52a9a27c32119cb6679a077fa3e2779e5f822c451cbf01098004361d466ec?s=96&d=mm&r=g","contentUrl":"https:\/\/secure.gravatar.com\/avatar\/d9c52a9a27c32119cb6679a077fa3e2779e5f822c451cbf01098004361d466ec?s=96&d=mm&r=g","caption":"admin"},"url":"https:\/\/www.zerdab.com\/?author=1"}]}},"_links":{"self":[{"href":"https:\/\/www.zerdab.com\/index.php?rest_route=\/wp\/v2\/posts\/3628","targetHints":{"allow":["GET"]}}],"collection":[{"href":"https:\/\/www.zerdab.com\/index.php?rest_route=\/wp\/v2\/posts"}],"about":[{"href":"https:\/\/www.zerdab.com\/index.php?rest_route=\/wp\/v2\/types\/post"}],"author":[{"embeddable":true,"href":"https:\/\/www.zerdab.com\/index.php?rest_route=\/wp\/v2\/users\/1"}],"replies":[{"embeddable":true,"href":"https:\/\/www.zerdab.com\/index.php?rest_route=%2Fwp%2Fv2%2Fcomments&post=3628"}],"version-history":[{"count":6,"href":"https:\/\/www.zerdab.com\/index.php?rest_route=\/wp\/v2\/posts\/3628\/revisions"}],"predecessor-version":[{"id":16917,"href":"https:\/\/www.zerdab.com\/index.php?rest_route=\/wp\/v2\/posts\/3628\/revisions\/16917"}],"wp:featuredmedia":[{"embeddable":true,"href":"https:\/\/www.zerdab.com\/index.php?rest_route=\/wp\/v2\/media\/3629"}],"wp:attachment":[{"href":"https:\/\/www.zerdab.com\/index.php?rest_route=%2Fwp%2Fv2%2Fmedia&parent=3628"}],"wp:term":[{"taxonomy":"category","embeddable":true,"href":"https:\/\/www.zerdab.com\/index.php?rest_route=%2Fwp%2Fv2%2Fcategories&post=3628"},{"taxonomy":"post_tag","embeddable":true,"href":"https:\/\/www.zerdab.com\/index.php?rest_route=%2Fwp%2Fv2%2Ftags&post=3628"}],"curies":[{"name":"wp","href":"https:\/\/api.w.org\/{rel}","templated":true}]}}