{"id":370,"date":"2012-02-06T15:35:24","date_gmt":"2012-02-06T11:35:24","guid":{"rendered":"http:\/\/www.zerdab.com\/?p=370"},"modified":"2012-08-28T21:35:12","modified_gmt":"2012-08-28T16:35:12","slug":"dovl%c9%99t-qurumlarinin-m%c9%99ktublari-muzakir%c9%99-olundu","status":"publish","type":"post","link":"https:\/\/www.zerdab.com\/?p=370","title":{"rendered":"D\u00f6vl\u0259t qurumlar\u0131n\u0131n m\u0259ktublar\u0131 m\u00fczakir\u0259 olundu"},"content":{"rendered":"<p><a href=\"http:\/\/www.zerdab.com\/wp-content\/uploads\/2012\/02\/mektub1.jpg\"><img loading=\"lazy\" decoding=\"async\" class=\"alignleft size-medium wp-image-371\" title=\"mektub\" src=\"http:\/\/www.zerdab.com\/wp-content\/uploads\/2012\/02\/mektub1-300x224.jpg\" alt=\"\" width=\"300\" height=\"224\" \/><\/a>Z\u0259rdab rayon \u0130cra Hakimiyy\u0259tind\u0259 seminar-m\u00fc\u015favir\u0259 ke\u00e7irilib. T\u0259dbiri Z\u0259rdab rayon \u0130cra Hakimiyy\u0259tinin (\u0130H) ba\u015f\u00e7\u0131s\u0131 L\u00fctv\u0259li Babayev a\u00e7araq i\u015ftirak\u00e7\u0131lar\u0131 salamlay\u0131b v\u0259 m\u00fczakir\u0259 olunacaq m\u0259s\u0259l\u0259l\u0259rd\u0259n dan\u0131\u015f\u0131b. Rayon \u0130H ba\u015f\u00e7\u0131s\u0131n\u0131n birinci m\u00fcavini Allahverdi S\u0259f\u0259rov &#8220;Respublika K\u0259nd T\u0259s\u0259rr\u00fcfat\u0131 Nazirliyinin &#8220;Az\u0259rbaycan Respublikas\u0131nda yay v\u0259 q\u0131\u015f otlaqlar\u0131ndan istifad\u0259 olunmas\u0131n\u0131n v\u0259ziyy\u0259ti v\u0259 onun yax\u015f\u0131la\u015fd\u0131r\u0131lmas\u0131 t\u0259dbirl\u0259ri bar\u0259d\u0259&#8221; 27 dekabr 2011-ci il tarixli m\u0259ktubundan ir\u0259li g\u0259l\u0259n v\u0259zif\u0259l\u0259r&#8221; haqq\u0131nda m\u0259ruz\u0259 etdi. A. S\u0259f\u0259rov vur\u011fulad\u0131 ki, rayonumuzda yay v\u0259 q\u0131\u015f otlaqlar\u0131 xeyli geni\u015f \u0259razil\u0259ri \u0259hat\u0259 edir v\u0259 bu otlaqlardan istifad\u0259nin daha da yax\u015f\u0131la\u015fd\u0131r\u0131lmas\u0131 m\u0259qs\u0259di il\u0259 t\u0259dbirl\u0259r h\u0259yata ke\u00e7irilib. Allahverdi S\u0259f\u0259rov h\u0259m\u00e7inin bu istiqam\u0259td\u0259 g\u00f6r\u00fclm\u0259si vacib olan i\u015fl\u0259rd\u0259n dan\u0131\u015fd\u0131. Rayon \u0130H ba\u015f\u00e7\u0131s\u0131n\u0131n sosial-iqtisadi m\u0259s\u0259l\u0259l\u0259r \u00fczr\u0259 m\u00fcavini P\u0259rvin Mahmudova &#8220;Respublika \u018fmlak M\u0259s\u0259l\u0259l\u0259ri Komit\u0259sinin 26 dekabr 2011-ci il tarixli, &#8220;D\u00f6vl\u0259t m\u00fclkiyy\u0259tind\u0259 olan torpaq sah\u0259l\u0259rind\u0259 bir s\u0131ra qanunsuz tikinti, yenid\u0259nqurma v\u0259 dig\u0259r qura\u015fd\u0131rma i\u015fl\u0259rinin apar\u0131lmas\u0131 haqq\u0131nda&#8221; m\u0259ktubundan ir\u0259li g\u0259l\u0259n v\u0259zif\u0259l\u0259r bar\u0259d\u0259&#8221; m\u0259ruz\u0259 etdi. P. Mahmudova bildirdi ki, istinad edil\u0259n m\u0259ktubda g\u00f6st\u0259ril\u0259n m\u0259s\u0259l\u0259l\u0259rl\u0259 ba\u011fl\u0131 rayonumuzda da kifay\u0259t q\u0259d\u0259r g\u00f6r\u00fclm\u0259li i\u015fl\u0259r var. M\u0259ruz\u0259d\u0259 bu istiqam\u0259td\u0259 g\u00f6r\u00fcl\u0259c\u0259k i\u015fl\u0259rd\u0259n b\u0259hs olundu.<br \/>\nT\u0259dbird\u0259 rayon \u0130HB aparat\u0131 memarl\u0131q v\u0259 tikinti \u015f\u00f6b\u0259sinin m\u00fcdiri Sahid \u018fhm\u0259dov &#8220;Respublika D\u00f6vl\u0259t \u015e\u0259h\u0259rsalma v\u0259 Arxitektura Komit\u0259sinin rayonda \u015f\u0259h\u0259rsalma v\u0259 memarl\u0131q f\u0259aliyy\u0259ti il\u0259 ba\u011fl\u0131 apar\u0131lm\u0131\u015f ara\u015fd\u0131rmalar\u0131n n\u0259tic\u0259l\u0259ri bar\u0259d\u0259&#8221; 14 dekabr 2011-ci il tarixli m\u0259ktubu il\u0259 \u0259laq\u0259dar qar\u015f\u0131da duran v\u0259zif\u0259l\u0259r m\u00f6vzusunda m\u0259ruz\u0259 etdi. Sahid \u018fhm\u0259dov qeyd etdi ki, Komit\u0259nin rayonumuzda \u015f\u0259h\u0259rsalma v\u0259 memarl\u0131q f\u0259aliyy\u0259ti il\u0259 ba\u011fl\u0131 apard\u0131\u011f\u0131 ara\u015fd\u0131rmalar zaman\u0131 h\u0259m m\u00fcsb\u0259t, h\u0259m d\u0259 m\u0259nfi hallar a\u015fkar edilmi\u015fdir. Bu g\u00fcn qar\u015f\u0131m\u0131zda duran \u0259sas v\u0259zif\u0259 diqq\u0259t\u0259layiq i\u015fl\u0259ri daha da g\u00fccl\u0259ndirm\u0259k, n\u00f6qsanlar\u0131 is\u0259 \u0259n q\u0131sa m\u00fcdd\u0259td\u0259 aradan qald\u0131rmaqd\u0131r. H\u0259r \u00fc\u00e7 m\u0259ruz\u0259 \u0259traf\u0131nda \u00e7\u0131x\u0131\u015flar oldu. O c\u00fcml\u0259d\u0259n G\u0259lm\u0259 k\u0259nd icra n\u00fcmay\u0259nd\u0259si C\u0259f\u0259r Manafov, \u00c7all\u0131 k\u0259nd icra n\u00fcmay\u0259nd\u0259si Ramiz M\u0259mm\u0259dov, \u0130saqba\u011f\u0131 k\u0259nd icra n\u00fcmay\u0259nd\u0259si \u0130smay\u0131l H\u00fcseynov, D\u00f6vl\u0259t Torpaq v\u0259 X\u0259rit\u0259\u00e7\u0259km\u0259 Komit\u0259sinin rayon \u015f\u00f6b\u0259sinin m\u00fcdiri Elbrus M\u0259likov v\u0259 ba\u015fqalar\u0131 m\u00fczakir\u0259 olunan m\u0259s\u0259l\u0259l\u0259rl\u0259 ba\u011fl\u0131 fikir, t\u0259klif v\u0259 m\u00fclahiz\u0259l\u0259rini bildirdil\u0259r, h\u0259lli vacib olan m\u0259s\u0259l\u0259l\u0259rd\u0259n dan\u0131\u015fd\u0131lar.<br \/>\nSeminar-m\u00fc\u015favir\u0259ni rayon icra hakimiyy\u0259tinin ba\u015f\u00e7\u0131s\u0131 L\u00fctv\u0259li Babayev yekunla\u015fd\u0131raraq h\u0259r \u00fc\u00e7 m\u0259s\u0259l\u0259nin \u00e7ox aktual v\u0259 \u00f6n\u0259mli oldu\u011funu bir daha vur\u011fulad\u0131, bu istiqam\u0259tl\u0259rd\u0259 g\u00f6r\u00fclm\u0259li m\u00fch\u00fcm i\u015fl\u0259r\u0259 diqq\u0259ti y\u00f6n\u0259ltdi, t\u00f6vsiy\u0259 v\u0259 tap\u015f\u0131r\u0131qlar\u0131n\u0131 verdi.<\/p>\n","protected":false},"excerpt":{"rendered":"<p>Z\u0259rdab rayon \u0130cra Hakimiyy\u0259tind\u0259 seminar-m\u00fc\u015favir\u0259 ke\u00e7irilib. T\u0259dbiri Z\u0259rdab rayon \u0130cra Hakimiyy\u0259tinin (\u0130H) ba\u015f\u00e7\u0131s\u0131 L\u00fctv\u0259li Babayev a\u00e7araq i\u015ftirak\u00e7\u0131lar\u0131 salamlay\u0131b v\u0259 m\u00fczakir\u0259 olunacaq m\u0259s\u0259l\u0259l\u0259rd\u0259n dan\u0131\u015f\u0131b. Rayon \u0130H ba\u015f\u00e7\u0131s\u0131n\u0131n birinci m\u00fcavini Allahverdi S\u0259f\u0259rov &#8220;Respublika K\u0259nd T\u0259s\u0259rr\u00fcfat\u0131 Nazirliyinin &#8220;Az\u0259rbaycan Respublikas\u0131nda yay v\u0259 q\u0131\u015f otlaqlar\u0131ndan istifad\u0259 olunmas\u0131n\u0131n v\u0259ziyy\u0259ti v\u0259 onun yax\u015f\u0131la\u015fd\u0131r\u0131lmas\u0131 t\u0259dbirl\u0259ri bar\u0259d\u0259&#8221; 27 dekabr 2011-ci il tarixli m\u0259ktubundan ir\u0259li [&hellip;]<\/p>\n","protected":false},"author":1,"featured_media":0,"comment_status":"open","ping_status":"open","sticky":false,"template":"","format":"standard","meta":{"footnotes":""},"categories":[21],"tags":[],"class_list":{"0":"post-370","1":"post","2":"type-post","3":"status-publish","4":"format-standard","6":"category-zrdab"},"yoast_head":"<!-- This site is optimized with the Yoast SEO plugin v27.0 - https:\/\/yoast.com\/product\/yoast-seo-wordpress\/ -->\n<title>D\u00f6vl\u0259t qurumlar\u0131n\u0131n m\u0259ktublar\u0131 m\u00fczakir\u0259 olundu - Z\u0259rdab.com<\/title>\n<meta name=\"robots\" content=\"index, follow, max-snippet:-1, max-image-preview:large, max-video-preview:-1\" \/>\n<link rel=\"canonical\" href=\"https:\/\/www.zerdab.com\/?p=370\" \/>\n<meta property=\"og:locale\" content=\"az_AZ\" \/>\n<meta property=\"og:type\" content=\"article\" \/>\n<meta property=\"og:title\" content=\"D\u00f6vl\u0259t qurumlar\u0131n\u0131n m\u0259ktublar\u0131 m\u00fczakir\u0259 olundu - Z\u0259rdab.com\" \/>\n<meta property=\"og:description\" content=\"Z\u0259rdab rayon \u0130cra Hakimiyy\u0259tind\u0259 seminar-m\u00fc\u015favir\u0259 ke\u00e7irilib. T\u0259dbiri Z\u0259rdab rayon \u0130cra Hakimiyy\u0259tinin (\u0130H) ba\u015f\u00e7\u0131s\u0131 L\u00fctv\u0259li Babayev a\u00e7araq i\u015ftirak\u00e7\u0131lar\u0131 salamlay\u0131b v\u0259 m\u00fczakir\u0259 olunacaq m\u0259s\u0259l\u0259l\u0259rd\u0259n dan\u0131\u015f\u0131b. Rayon \u0130H ba\u015f\u00e7\u0131s\u0131n\u0131n birinci m\u00fcavini Allahverdi S\u0259f\u0259rov &#8220;Respublika K\u0259nd T\u0259s\u0259rr\u00fcfat\u0131 Nazirliyinin &#8220;Az\u0259rbaycan Respublikas\u0131nda yay v\u0259 q\u0131\u015f otlaqlar\u0131ndan istifad\u0259 olunmas\u0131n\u0131n v\u0259ziyy\u0259ti v\u0259 onun yax\u015f\u0131la\u015fd\u0131r\u0131lmas\u0131 t\u0259dbirl\u0259ri bar\u0259d\u0259&#8221; 27 dekabr 2011-ci il tarixli m\u0259ktubundan ir\u0259li [&hellip;]\" \/>\n<meta property=\"og:url\" content=\"https:\/\/www.zerdab.com\/?p=370\" \/>\n<meta property=\"og:site_name\" content=\"Z\u0259rdab.com\" \/>\n<meta property=\"article:published_time\" content=\"2012-02-06T11:35:24+00:00\" \/>\n<meta property=\"article:modified_time\" content=\"2012-08-28T16:35:12+00:00\" \/>\n<meta property=\"og:image\" content=\"http:\/\/www.zerdab.com\/wp-content\/uploads\/2012\/02\/mektub1-300x224.jpg\" \/>\n<meta name=\"author\" content=\"admin\" \/>\n<meta name=\"twitter:card\" content=\"summary_large_image\" \/>\n<meta name=\"twitter:label1\" content=\"Written by\" \/>\n\t<meta name=\"twitter:data1\" content=\"admin\" \/>\n\t<meta name=\"twitter:label2\" content=\"Est. reading time\" \/>\n\t<meta name=\"twitter:data2\" content=\"3 minutes\" \/>\n<script type=\"application\/ld+json\" class=\"yoast-schema-graph\">{\"@context\":\"https:\/\/schema.org\",\"@graph\":[{\"@type\":\"Article\",\"@id\":\"https:\/\/www.zerdab.com\/?p=370#article\",\"isPartOf\":{\"@id\":\"https:\/\/www.zerdab.com\/?p=370\"},\"author\":{\"name\":\"admin\",\"@id\":\"https:\/\/www.zerdab.com\/#\/schema\/person\/97079b7570c1e89ec0d9e138c3672136\"},\"headline\":\"D\u00f6vl\u0259t qurumlar\u0131n\u0131n m\u0259ktublar\u0131 m\u00fczakir\u0259 olundu\",\"datePublished\":\"2012-02-06T11:35:24+00:00\",\"dateModified\":\"2012-08-28T16:35:12+00:00\",\"mainEntityOfPage\":{\"@id\":\"https:\/\/www.zerdab.com\/?p=370\"},\"wordCount\":629,\"commentCount\":0,\"image\":{\"@id\":\"https:\/\/www.zerdab.com\/?p=370#primaryimage\"},\"thumbnailUrl\":\"http:\/\/www.zerdab.com\/wp-content\/uploads\/2012\/02\/mektub1-300x224.jpg\",\"articleSection\":[\"C\u018fM\u0130YY\u018fT\"],\"inLanguage\":\"az\",\"potentialAction\":[{\"@type\":\"CommentAction\",\"name\":\"Comment\",\"target\":[\"https:\/\/www.zerdab.com\/?p=370#respond\"]}]},{\"@type\":\"WebPage\",\"@id\":\"https:\/\/www.zerdab.com\/?p=370\",\"url\":\"https:\/\/www.zerdab.com\/?p=370\",\"name\":\"D\u00f6vl\u0259t qurumlar\u0131n\u0131n m\u0259ktublar\u0131 m\u00fczakir\u0259 olundu - Z\u0259rdab.com\",\"isPartOf\":{\"@id\":\"https:\/\/www.zerdab.com\/#website\"},\"primaryImageOfPage\":{\"@id\":\"https:\/\/www.zerdab.com\/?p=370#primaryimage\"},\"image\":{\"@id\":\"https:\/\/www.zerdab.com\/?p=370#primaryimage\"},\"thumbnailUrl\":\"http:\/\/www.zerdab.com\/wp-content\/uploads\/2012\/02\/mektub1-300x224.jpg\",\"datePublished\":\"2012-02-06T11:35:24+00:00\",\"dateModified\":\"2012-08-28T16:35:12+00:00\",\"author\":{\"@id\":\"https:\/\/www.zerdab.com\/#\/schema\/person\/97079b7570c1e89ec0d9e138c3672136\"},\"breadcrumb\":{\"@id\":\"https:\/\/www.zerdab.com\/?p=370#breadcrumb\"},\"inLanguage\":\"az\",\"potentialAction\":[{\"@type\":\"ReadAction\",\"target\":[\"https:\/\/www.zerdab.com\/?p=370\"]}]},{\"@type\":\"ImageObject\",\"inLanguage\":\"az\",\"@id\":\"https:\/\/www.zerdab.com\/?p=370#primaryimage\",\"url\":\"\",\"contentUrl\":\"\"},{\"@type\":\"BreadcrumbList\",\"@id\":\"https:\/\/www.zerdab.com\/?p=370#breadcrumb\",\"itemListElement\":[{\"@type\":\"ListItem\",\"position\":1,\"name\":\"Home\",\"item\":\"https:\/\/www.zerdab.com\/\"},{\"@type\":\"ListItem\",\"position\":2,\"name\":\"D\u00f6vl\u0259t qurumlar\u0131n\u0131n m\u0259ktublar\u0131 m\u00fczakir\u0259 olundu\"}]},{\"@type\":\"WebSite\",\"@id\":\"https:\/\/www.zerdab.com\/#website\",\"url\":\"https:\/\/www.zerdab.com\/\",\"name\":\"Z\u0259rdab.com\",\"description\":\"\",\"potentialAction\":[{\"@type\":\"SearchAction\",\"target\":{\"@type\":\"EntryPoint\",\"urlTemplate\":\"https:\/\/www.zerdab.com\/?s={search_term_string}\"},\"query-input\":{\"@type\":\"PropertyValueSpecification\",\"valueRequired\":true,\"valueName\":\"search_term_string\"}}],\"inLanguage\":\"az\"},{\"@type\":\"Person\",\"@id\":\"https:\/\/www.zerdab.com\/#\/schema\/person\/97079b7570c1e89ec0d9e138c3672136\",\"name\":\"admin\",\"image\":{\"@type\":\"ImageObject\",\"inLanguage\":\"az\",\"@id\":\"https:\/\/www.zerdab.com\/#\/schema\/person\/image\/\",\"url\":\"https:\/\/secure.gravatar.com\/avatar\/d9c52a9a27c32119cb6679a077fa3e2779e5f822c451cbf01098004361d466ec?s=96&d=mm&r=g\",\"contentUrl\":\"https:\/\/secure.gravatar.com\/avatar\/d9c52a9a27c32119cb6679a077fa3e2779e5f822c451cbf01098004361d466ec?s=96&d=mm&r=g\",\"caption\":\"admin\"},\"url\":\"https:\/\/www.zerdab.com\/?author=1\"}]}<\/script>\n<!-- \/ Yoast SEO plugin. -->","yoast_head_json":{"title":"D\u00f6vl\u0259t qurumlar\u0131n\u0131n m\u0259ktublar\u0131 m\u00fczakir\u0259 olundu - Z\u0259rdab.com","robots":{"index":"index","follow":"follow","max-snippet":"max-snippet:-1","max-image-preview":"max-image-preview:large","max-video-preview":"max-video-preview:-1"},"canonical":"https:\/\/www.zerdab.com\/?p=370","og_locale":"az_AZ","og_type":"article","og_title":"D\u00f6vl\u0259t qurumlar\u0131n\u0131n m\u0259ktublar\u0131 m\u00fczakir\u0259 olundu - Z\u0259rdab.com","og_description":"Z\u0259rdab rayon \u0130cra Hakimiyy\u0259tind\u0259 seminar-m\u00fc\u015favir\u0259 ke\u00e7irilib. T\u0259dbiri Z\u0259rdab rayon \u0130cra Hakimiyy\u0259tinin (\u0130H) ba\u015f\u00e7\u0131s\u0131 L\u00fctv\u0259li Babayev a\u00e7araq i\u015ftirak\u00e7\u0131lar\u0131 salamlay\u0131b v\u0259 m\u00fczakir\u0259 olunacaq m\u0259s\u0259l\u0259l\u0259rd\u0259n dan\u0131\u015f\u0131b. Rayon \u0130H ba\u015f\u00e7\u0131s\u0131n\u0131n birinci m\u00fcavini Allahverdi S\u0259f\u0259rov &#8220;Respublika K\u0259nd T\u0259s\u0259rr\u00fcfat\u0131 Nazirliyinin &#8220;Az\u0259rbaycan Respublikas\u0131nda yay v\u0259 q\u0131\u015f otlaqlar\u0131ndan istifad\u0259 olunmas\u0131n\u0131n v\u0259ziyy\u0259ti v\u0259 onun yax\u015f\u0131la\u015fd\u0131r\u0131lmas\u0131 t\u0259dbirl\u0259ri bar\u0259d\u0259&#8221; 27 dekabr 2011-ci il tarixli m\u0259ktubundan ir\u0259li [&hellip;]","og_url":"https:\/\/www.zerdab.com\/?p=370","og_site_name":"Z\u0259rdab.com","article_published_time":"2012-02-06T11:35:24+00:00","article_modified_time":"2012-08-28T16:35:12+00:00","og_image":[{"url":"http:\/\/www.zerdab.com\/wp-content\/uploads\/2012\/02\/mektub1-300x224.jpg","type":"","width":"","height":""}],"author":"admin","twitter_card":"summary_large_image","twitter_misc":{"Written by":"admin","Est. reading time":"3 minutes"},"schema":{"@context":"https:\/\/schema.org","@graph":[{"@type":"Article","@id":"https:\/\/www.zerdab.com\/?p=370#article","isPartOf":{"@id":"https:\/\/www.zerdab.com\/?p=370"},"author":{"name":"admin","@id":"https:\/\/www.zerdab.com\/#\/schema\/person\/97079b7570c1e89ec0d9e138c3672136"},"headline":"D\u00f6vl\u0259t qurumlar\u0131n\u0131n m\u0259ktublar\u0131 m\u00fczakir\u0259 olundu","datePublished":"2012-02-06T11:35:24+00:00","dateModified":"2012-08-28T16:35:12+00:00","mainEntityOfPage":{"@id":"https:\/\/www.zerdab.com\/?p=370"},"wordCount":629,"commentCount":0,"image":{"@id":"https:\/\/www.zerdab.com\/?p=370#primaryimage"},"thumbnailUrl":"http:\/\/www.zerdab.com\/wp-content\/uploads\/2012\/02\/mektub1-300x224.jpg","articleSection":["C\u018fM\u0130YY\u018fT"],"inLanguage":"az","potentialAction":[{"@type":"CommentAction","name":"Comment","target":["https:\/\/www.zerdab.com\/?p=370#respond"]}]},{"@type":"WebPage","@id":"https:\/\/www.zerdab.com\/?p=370","url":"https:\/\/www.zerdab.com\/?p=370","name":"D\u00f6vl\u0259t qurumlar\u0131n\u0131n m\u0259ktublar\u0131 m\u00fczakir\u0259 olundu - Z\u0259rdab.com","isPartOf":{"@id":"https:\/\/www.zerdab.com\/#website"},"primaryImageOfPage":{"@id":"https:\/\/www.zerdab.com\/?p=370#primaryimage"},"image":{"@id":"https:\/\/www.zerdab.com\/?p=370#primaryimage"},"thumbnailUrl":"http:\/\/www.zerdab.com\/wp-content\/uploads\/2012\/02\/mektub1-300x224.jpg","datePublished":"2012-02-06T11:35:24+00:00","dateModified":"2012-08-28T16:35:12+00:00","author":{"@id":"https:\/\/www.zerdab.com\/#\/schema\/person\/97079b7570c1e89ec0d9e138c3672136"},"breadcrumb":{"@id":"https:\/\/www.zerdab.com\/?p=370#breadcrumb"},"inLanguage":"az","potentialAction":[{"@type":"ReadAction","target":["https:\/\/www.zerdab.com\/?p=370"]}]},{"@type":"ImageObject","inLanguage":"az","@id":"https:\/\/www.zerdab.com\/?p=370#primaryimage","url":"","contentUrl":""},{"@type":"BreadcrumbList","@id":"https:\/\/www.zerdab.com\/?p=370#breadcrumb","itemListElement":[{"@type":"ListItem","position":1,"name":"Home","item":"https:\/\/www.zerdab.com\/"},{"@type":"ListItem","position":2,"name":"D\u00f6vl\u0259t qurumlar\u0131n\u0131n m\u0259ktublar\u0131 m\u00fczakir\u0259 olundu"}]},{"@type":"WebSite","@id":"https:\/\/www.zerdab.com\/#website","url":"https:\/\/www.zerdab.com\/","name":"Z\u0259rdab.com","description":"","potentialAction":[{"@type":"SearchAction","target":{"@type":"EntryPoint","urlTemplate":"https:\/\/www.zerdab.com\/?s={search_term_string}"},"query-input":{"@type":"PropertyValueSpecification","valueRequired":true,"valueName":"search_term_string"}}],"inLanguage":"az"},{"@type":"Person","@id":"https:\/\/www.zerdab.com\/#\/schema\/person\/97079b7570c1e89ec0d9e138c3672136","name":"admin","image":{"@type":"ImageObject","inLanguage":"az","@id":"https:\/\/www.zerdab.com\/#\/schema\/person\/image\/","url":"https:\/\/secure.gravatar.com\/avatar\/d9c52a9a27c32119cb6679a077fa3e2779e5f822c451cbf01098004361d466ec?s=96&d=mm&r=g","contentUrl":"https:\/\/secure.gravatar.com\/avatar\/d9c52a9a27c32119cb6679a077fa3e2779e5f822c451cbf01098004361d466ec?s=96&d=mm&r=g","caption":"admin"},"url":"https:\/\/www.zerdab.com\/?author=1"}]}},"_links":{"self":[{"href":"https:\/\/www.zerdab.com\/index.php?rest_route=\/wp\/v2\/posts\/370","targetHints":{"allow":["GET"]}}],"collection":[{"href":"https:\/\/www.zerdab.com\/index.php?rest_route=\/wp\/v2\/posts"}],"about":[{"href":"https:\/\/www.zerdab.com\/index.php?rest_route=\/wp\/v2\/types\/post"}],"author":[{"embeddable":true,"href":"https:\/\/www.zerdab.com\/index.php?rest_route=\/wp\/v2\/users\/1"}],"replies":[{"embeddable":true,"href":"https:\/\/www.zerdab.com\/index.php?rest_route=%2Fwp%2Fv2%2Fcomments&post=370"}],"version-history":[{"count":3,"href":"https:\/\/www.zerdab.com\/index.php?rest_route=\/wp\/v2\/posts\/370\/revisions"}],"predecessor-version":[{"id":373,"href":"https:\/\/www.zerdab.com\/index.php?rest_route=\/wp\/v2\/posts\/370\/revisions\/373"}],"wp:attachment":[{"href":"https:\/\/www.zerdab.com\/index.php?rest_route=%2Fwp%2Fv2%2Fmedia&parent=370"}],"wp:term":[{"taxonomy":"category","embeddable":true,"href":"https:\/\/www.zerdab.com\/index.php?rest_route=%2Fwp%2Fv2%2Fcategories&post=370"},{"taxonomy":"post_tag","embeddable":true,"href":"https:\/\/www.zerdab.com\/index.php?rest_route=%2Fwp%2Fv2%2Ftags&post=370"}],"curies":[{"name":"wp","href":"https:\/\/api.w.org\/{rel}","templated":true}]}}