{"id":3821,"date":"2012-07-24T11:03:38","date_gmt":"2012-07-24T06:03:38","guid":{"rendered":"http:\/\/www.zerdab.com\/?p=3821"},"modified":"2012-07-24T11:10:39","modified_gmt":"2012-07-24T06:10:39","slug":"dostlari-bugunl%c9%99rd%c9%99-dunyasini-d%c9%99yis%c9%99n-mayor-ehtiram-%c9%99liyevl%c9%99-bagli-m%c9%99qal%c9%99-yaziblar","status":"publish","type":"post","link":"https:\/\/www.zerdab.com\/?p=3821","title":{"rendered":"Xatir\u0259si daim q\u0259lbimizd\u0259 ya\u015fayacaq mayor Ehtiram \u018fliyev&#8230;"},"content":{"rendered":"<p><strong>Z\u0259rdab rayonundan h\u0259rbi xidm\u0259t\u0259 \u00e7a\u011f\u0131r\u0131lan, Az\u0259rbaycan Ordusunun mayoru \u018fliyev Ehtiram Seyf\u0259ddin o\u011flunun d\u00fcnyas\u0131n\u0131 d\u0259yi\u015fm\u0259si bar\u0259d\u0259 www.zerdab.com sayt\u0131 x\u0259b\u0259r vermi\u015fdi. \u0130ndi is\u0259 \u018fliyev Ehtiram Seyf\u0259ddin o\u011flunun dostlar\u0131n\u0131n haz\u0131rlad\u0131qlar\u0131 yaz\u0131n\u0131 t\u0259qdim edirik.<\/strong><\/p>\n<p><a href=\"http:\/\/www.zerdab.com\/?attachment_id=3822\" rel=\"attachment wp-att-3822\"><img loading=\"lazy\" decoding=\"async\" class=\"alignleft size-full wp-image-3822\" title=\"\u015e\u0259hidl\u0259r\" src=\"http:\/\/www.zerdab.com\/wp-content\/uploads\/2012\/07\/sehidesger_468.jpg\" alt=\"\" width=\"300\" height=\"219\" \/><\/a>&#8230;G\u00f6zl\u0259nilm\u0259z v\u0259 k\u0259d\u0259rli bir x\u0259b\u0259r rayonumuzun ictimaiyy\u0259tini sars\u0131d\u0131b. Az\u0259rbaycan Silahl\u0131 Q\u00fcvv\u0259l\u0259rinin mayoru, n\u00fcmun\u0259vi h\u0259rbi xidm\u0259ti il\u0259 h\u0259mi\u015f\u0259 say\u0131l\u0131b-se\u00e7il\u0259n h\u0259myerlimiz<strong> \u018fliyev Ehtiram Seyf\u0259ddin o\u011flu<\/strong> 44 ya\u015f\u0131nda q\u0259fl\u0259t\u0259n v\u0259fat edib. <strong>Ehtiram \u018fliyev 1968-ci il avqustun 13-d\u0259 Z\u0259rdab rayonunun G\u0259lm\u0259 k\u0259ndind\u0259 anadan olmu\u015fdu.<\/strong><br \/>\n1975-1985-ci ill\u0259rd\u0259 G\u0259lm\u0259 k\u0259nd orta m\u0259kt\u0259bind\u0259 t\u0259hsil alm\u0131\u015f, bu m\u0259kt\u0259bi u\u011furla bitirdikd\u0259n sonra &#8211; 1985-ci ild\u0259 Rusiya Federasiyas\u0131n\u0131n Ryazan \u015f\u0259h\u0259rind\u0259ki Q\u0131z\u0131l Ulduz ordenli ali h\u0259rbi avtomobil m\u00fch\u0259ndisliyi akademiyas\u0131na daxil olmu\u015fdu. \u0130stedadl\u0131 h\u0259myerlimiz h\u0259rb elminin sirl\u0259rin\u0259 d\u0259rind\u0259n yiy\u0259l\u0259nmi\u015f, h\u0259rbi akademiyan\u0131 y\u00fcks\u0259k qiym\u0259tl\u0259rl\u0259 bitirmi\u015fdi.<br \/>\nErm\u0259ni i\u015f\u011fal\u00e7\u0131lar\u0131n\u0131n do\u011fma v\u0259t\u0259nimiz\u0259 h\u00fccumu zaman\u0131 &#8211; 1991-ci ild\u0259 Ehtiram leytenant r\u00fctb\u0259sind\u0259 \u00f6lk\u0259miz\u0259 qay\u0131td\u0131.<br \/>\nEhtiram \u018fliyevin g\u0259nclik ill\u0259ri m\u00fcharib\u0259 d\u00f6vr\u00fcn\u0259 d\u00fc\u015fd\u00fc. O, 1991-ci ild\u0259n ba\u015flayaraq, c\u0259bh\u0259nin \u0259n qaynar n\u00f6qt\u0259l\u0259rind\u0259 leytenant r\u00fctb\u0259sind\u0259 Az\u0259rbaycan Ordusunda xidm\u0259t\u0259 ba\u015flad\u0131.<br \/>\nG\u0259nc zabit Qaraba\u011f u\u011frunda d\u00f6y\u00fc\u015fl\u0259rd\u0259 m\u0259rdlikl\u0259 vuru\u015fdu, onun batalyonu T\u0259rt\u0259rin bir \u00e7ox \u0259razil\u0259rinin, erm\u0259nil\u0259rin Marqu\u015fevan adland\u0131rd\u0131qlar\u0131 10 mind\u0259n art\u0131q \u0259halisi olan ya\u015fay\u0131\u015f m\u0259nt\u0259q\u0259sinin quldurlardan t\u0259mizl\u0259nm\u0259sind\u0259 \u0259sl f\u0259dakarl\u0131q, q\u0259hr\u0259manl\u0131q g\u00f6st\u0259rdi. A\u011fd\u0259r\u0259 d\u00f6y\u00fc\u015fl\u0259rind\u0259 Ehtiram \u018fliyevin batalyonu \u00f6n x\u0259td\u0259 vuru\u015faraq, d\u00fc\u015fm\u0259n\u0259 a\u011f\u0131r z\u0259rb\u0259l\u0259r vurdu. G\u0259nc h\u0259myerlimizin \u0259sg\u0259rl\u0259ri d\u00fc\u015fm\u0259nl\u0259 c\u0259sar\u0259tl\u0259 vuru\u015faraq, d\u00fc\u015fm\u0259ni t\u0259l\u0259fata u\u011fratd\u0131lar.<br \/>\nAt\u0259\u015fk\u0259s d\u00f6vr\u00fcnd\u0259d\u0259 Ehtiram \u018fliyevin h\u0259rbi hiss\u0259si d\u00fc\u015fm\u0259nin m\u00f6vqel\u0259rimiz\u0259 h\u00fccumlar\u0131na q\u0259tiyy\u0259tl\u0259, layiqinc\u0259 cavab verirdi.<br \/>\nD\u00f6y\u00fc\u015f tap\u015f\u0131r\u0131qlar\u0131n\u0131 bacar\u0131qla yerin\u0259 yetirdiyin\u0259, h\u0259rbi xidm\u0259td\u0259 f\u0259rql\u0259ndiyin\u0259, h\u0259rbi hiss\u0259d\u0259 y\u00fcks\u0259k nizam-intizam yaratd\u0131\u011f\u0131na, Az\u0259rbaycan Ordusunda l\u0259yaq\u0259tl\u0259 xidm\u0259t etdiyin\u0259 g\u00f6r\u0259, g\u0259nc h\u0259myerlimiz m\u00fckafatlarla t\u0259ltif edilmi\u015f, mayor r\u00fctb\u0259sin\u0259 y\u00fcks\u0259lmi\u015fdi.<br \/>\nEhtiram \u018fliyev h\u0259yat\u0131n\u0131n son g\u00fcnl\u0259rin\u0259d\u0259k Az\u0259rbaycan Silahl\u0131 Q\u00fcvv\u0259l\u0259rind\u0259 \u015f\u0259r\u0259fl\u0259 xidm\u0259t edirdi. O, el\u0259 i\u015f ba\u015f\u0131ndaca, q\u0259fl\u0259t\u0259n d\u00fcnyas\u0131n\u0131 d\u0259yi\u015fdi. Biz\u0259 is\u0259 \u00f6z\u00fc il\u0259 ba\u011fl\u0131 k\u0259d\u0259rli v\u0259 k\u00f6vr\u0259k xatir\u0259l\u0259r qoyub getdi&#8230;<br \/>\nH\u0259myerlimiz, c\u0259misi 44 il \u00f6m\u00fcr ya\u015fam\u0131\u015f mayor Ehtiram Seyf\u0259ddin o\u011flu \u018fliyevin xatir\u0259si q\u0259lbimizd\u0259 daim ya\u015fayacaq. Ehtiram kimi m\u0259rd o\u011fullar \u00f6z \u00f6l\u00fcml\u0259ri, \u015f\u0259hidlikl\u0259ri il\u0259 \u00f6l\u00fcms\u00fczl\u00fcy\u0259 qovu\u015fur, \u0259b\u0259diya\u015farl\u0131q qazan\u0131rlar. Allah r\u0259hm\u0259t el\u0259sin, uzun ill\u0259r Z\u0259rdab rayon H\u0259rbi Komissarl\u0131\u011f\u0131nda vicdanla \u00e7al\u0131\u015fan atas\u0131 Seyf\u0259ddin ki\u015fiy\u0259, do\u011fma v\u0259 \u0259zizl\u0259rin\u0259 s\u0259br versin!<br \/>\nAmin!<\/p>\n<p><span style=\"color: #0000ff;\">Yolda\u015flar\u0131ndan bir qrup, &#8220;\u018fkin\u00e7i&#8221;<\/span><\/p>\n","protected":false},"excerpt":{"rendered":"<p>Z\u0259rdab rayonundan h\u0259rbi xidm\u0259t\u0259 \u00e7a\u011f\u0131r\u0131lan, Az\u0259rbaycan Ordusunun mayoru \u018fliyev Ehtiram Seyf\u0259ddin o\u011flunun d\u00fcnyas\u0131n\u0131 d\u0259yi\u015fm\u0259si bar\u0259d\u0259 www.zerdab.com sayt\u0131 x\u0259b\u0259r vermi\u015fdi. \u0130ndi is\u0259 \u018fliyev Ehtiram Seyf\u0259ddin o\u011flunun dostlar\u0131n\u0131n haz\u0131rlad\u0131qlar\u0131 yaz\u0131n\u0131 t\u0259qdim edirik. &#8230;G\u00f6zl\u0259nilm\u0259z v\u0259 k\u0259d\u0259rli bir x\u0259b\u0259r rayonumuzun ictimaiyy\u0259tini sars\u0131d\u0131b. Az\u0259rbaycan Silahl\u0131 Q\u00fcvv\u0259l\u0259rinin mayoru, n\u00fcmun\u0259vi h\u0259rbi xidm\u0259ti il\u0259 h\u0259mi\u015f\u0259 say\u0131l\u0131b-se\u00e7il\u0259n h\u0259myerlimiz \u018fliyev Ehtiram Seyf\u0259ddin o\u011flu 44 ya\u015f\u0131nda [&hellip;]<\/p>\n","protected":false},"author":1,"featured_media":3822,"comment_status":"open","ping_status":"open","sticky":false,"template":"","format":"standard","meta":{"footnotes":""},"categories":[37],"tags":[],"class_list":{"0":"post-3821","1":"post","2":"type-post","3":"status-publish","4":"format-standard","5":"has-post-thumbnail","7":"category-shidlrimiz"},"yoast_head":"<!-- This site is optimized with the Yoast SEO plugin v27.0 - https:\/\/yoast.com\/product\/yoast-seo-wordpress\/ -->\n<title>Xatir\u0259si daim q\u0259lbimizd\u0259 ya\u015fayacaq mayor Ehtiram \u018fliyev... - Z\u0259rdab.com<\/title>\n<meta name=\"robots\" content=\"index, follow, max-snippet:-1, max-image-preview:large, max-video-preview:-1\" \/>\n<link rel=\"canonical\" href=\"https:\/\/www.zerdab.com\/?p=3821\" \/>\n<meta property=\"og:locale\" content=\"az_AZ\" \/>\n<meta property=\"og:type\" content=\"article\" \/>\n<meta property=\"og:title\" content=\"Xatir\u0259si daim q\u0259lbimizd\u0259 ya\u015fayacaq mayor Ehtiram \u018fliyev... - Z\u0259rdab.com\" \/>\n<meta property=\"og:description\" content=\"Z\u0259rdab rayonundan h\u0259rbi xidm\u0259t\u0259 \u00e7a\u011f\u0131r\u0131lan, Az\u0259rbaycan Ordusunun mayoru \u018fliyev Ehtiram Seyf\u0259ddin o\u011flunun d\u00fcnyas\u0131n\u0131 d\u0259yi\u015fm\u0259si bar\u0259d\u0259 www.zerdab.com sayt\u0131 x\u0259b\u0259r vermi\u015fdi. \u0130ndi is\u0259 \u018fliyev Ehtiram Seyf\u0259ddin o\u011flunun dostlar\u0131n\u0131n haz\u0131rlad\u0131qlar\u0131 yaz\u0131n\u0131 t\u0259qdim edirik. &#8230;G\u00f6zl\u0259nilm\u0259z v\u0259 k\u0259d\u0259rli bir x\u0259b\u0259r rayonumuzun ictimaiyy\u0259tini sars\u0131d\u0131b. Az\u0259rbaycan Silahl\u0131 Q\u00fcvv\u0259l\u0259rinin mayoru, n\u00fcmun\u0259vi h\u0259rbi xidm\u0259ti il\u0259 h\u0259mi\u015f\u0259 say\u0131l\u0131b-se\u00e7il\u0259n h\u0259myerlimiz \u018fliyev Ehtiram Seyf\u0259ddin o\u011flu 44 ya\u015f\u0131nda [&hellip;]\" \/>\n<meta property=\"og:url\" content=\"https:\/\/www.zerdab.com\/?p=3821\" \/>\n<meta property=\"og:site_name\" content=\"Z\u0259rdab.com\" \/>\n<meta property=\"article:published_time\" content=\"2012-07-24T06:03:38+00:00\" \/>\n<meta property=\"article:modified_time\" content=\"2012-07-24T06:10:39+00:00\" \/>\n<meta property=\"og:image\" content=\"https:\/\/www.zerdab.com\/wp-content\/uploads\/2012\/07\/sehidesger_468.jpg\" \/>\n\t<meta property=\"og:image:width\" content=\"300\" \/>\n\t<meta property=\"og:image:height\" content=\"219\" \/>\n\t<meta property=\"og:image:type\" content=\"image\/jpeg\" \/>\n<meta name=\"author\" content=\"admin\" \/>\n<meta name=\"twitter:card\" content=\"summary_large_image\" \/>\n<meta name=\"twitter:label1\" content=\"Written by\" \/>\n\t<meta name=\"twitter:data1\" content=\"admin\" \/>\n\t<meta name=\"twitter:label2\" content=\"Est. reading time\" \/>\n\t<meta name=\"twitter:data2\" content=\"3 minutes\" \/>\n<script type=\"application\/ld+json\" class=\"yoast-schema-graph\">{\"@context\":\"https:\/\/schema.org\",\"@graph\":[{\"@type\":\"Article\",\"@id\":\"https:\/\/www.zerdab.com\/?p=3821#article\",\"isPartOf\":{\"@id\":\"https:\/\/www.zerdab.com\/?p=3821\"},\"author\":{\"name\":\"admin\",\"@id\":\"https:\/\/www.zerdab.com\/#\/schema\/person\/97079b7570c1e89ec0d9e138c3672136\"},\"headline\":\"Xatir\u0259si daim q\u0259lbimizd\u0259 ya\u015fayacaq mayor Ehtiram \u018fliyev&#8230;\",\"datePublished\":\"2012-07-24T06:03:38+00:00\",\"dateModified\":\"2012-07-24T06:10:39+00:00\",\"mainEntityOfPage\":{\"@id\":\"https:\/\/www.zerdab.com\/?p=3821\"},\"wordCount\":620,\"commentCount\":7,\"image\":{\"@id\":\"https:\/\/www.zerdab.com\/?p=3821#primaryimage\"},\"thumbnailUrl\":\"https:\/\/www.zerdab.com\/wp-content\/uploads\/2012\/07\/sehidesger_468.jpg\",\"articleSection\":[\"\u015e\u018fH\u0130DL\u018fR\u0130M\u0130Z\"],\"inLanguage\":\"az\",\"potentialAction\":[{\"@type\":\"CommentAction\",\"name\":\"Comment\",\"target\":[\"https:\/\/www.zerdab.com\/?p=3821#respond\"]}]},{\"@type\":\"WebPage\",\"@id\":\"https:\/\/www.zerdab.com\/?p=3821\",\"url\":\"https:\/\/www.zerdab.com\/?p=3821\",\"name\":\"Xatir\u0259si daim q\u0259lbimizd\u0259 ya\u015fayacaq mayor Ehtiram \u018fliyev... - Z\u0259rdab.com\",\"isPartOf\":{\"@id\":\"https:\/\/www.zerdab.com\/#website\"},\"primaryImageOfPage\":{\"@id\":\"https:\/\/www.zerdab.com\/?p=3821#primaryimage\"},\"image\":{\"@id\":\"https:\/\/www.zerdab.com\/?p=3821#primaryimage\"},\"thumbnailUrl\":\"https:\/\/www.zerdab.com\/wp-content\/uploads\/2012\/07\/sehidesger_468.jpg\",\"datePublished\":\"2012-07-24T06:03:38+00:00\",\"dateModified\":\"2012-07-24T06:10:39+00:00\",\"author\":{\"@id\":\"https:\/\/www.zerdab.com\/#\/schema\/person\/97079b7570c1e89ec0d9e138c3672136\"},\"breadcrumb\":{\"@id\":\"https:\/\/www.zerdab.com\/?p=3821#breadcrumb\"},\"inLanguage\":\"az\",\"potentialAction\":[{\"@type\":\"ReadAction\",\"target\":[\"https:\/\/www.zerdab.com\/?p=3821\"]}]},{\"@type\":\"ImageObject\",\"inLanguage\":\"az\",\"@id\":\"https:\/\/www.zerdab.com\/?p=3821#primaryimage\",\"url\":\"https:\/\/www.zerdab.com\/wp-content\/uploads\/2012\/07\/sehidesger_468.jpg\",\"contentUrl\":\"https:\/\/www.zerdab.com\/wp-content\/uploads\/2012\/07\/sehidesger_468.jpg\",\"width\":\"300\",\"height\":\"219\"},{\"@type\":\"BreadcrumbList\",\"@id\":\"https:\/\/www.zerdab.com\/?p=3821#breadcrumb\",\"itemListElement\":[{\"@type\":\"ListItem\",\"position\":1,\"name\":\"Home\",\"item\":\"https:\/\/www.zerdab.com\/\"},{\"@type\":\"ListItem\",\"position\":2,\"name\":\"Xatir\u0259si daim q\u0259lbimizd\u0259 ya\u015fayacaq mayor Ehtiram \u018fliyev&#8230;\"}]},{\"@type\":\"WebSite\",\"@id\":\"https:\/\/www.zerdab.com\/#website\",\"url\":\"https:\/\/www.zerdab.com\/\",\"name\":\"Z\u0259rdab.com\",\"description\":\"\",\"potentialAction\":[{\"@type\":\"SearchAction\",\"target\":{\"@type\":\"EntryPoint\",\"urlTemplate\":\"https:\/\/www.zerdab.com\/?s={search_term_string}\"},\"query-input\":{\"@type\":\"PropertyValueSpecification\",\"valueRequired\":true,\"valueName\":\"search_term_string\"}}],\"inLanguage\":\"az\"},{\"@type\":\"Person\",\"@id\":\"https:\/\/www.zerdab.com\/#\/schema\/person\/97079b7570c1e89ec0d9e138c3672136\",\"name\":\"admin\",\"image\":{\"@type\":\"ImageObject\",\"inLanguage\":\"az\",\"@id\":\"https:\/\/www.zerdab.com\/#\/schema\/person\/image\/\",\"url\":\"https:\/\/secure.gravatar.com\/avatar\/d9c52a9a27c32119cb6679a077fa3e2779e5f822c451cbf01098004361d466ec?s=96&d=mm&r=g\",\"contentUrl\":\"https:\/\/secure.gravatar.com\/avatar\/d9c52a9a27c32119cb6679a077fa3e2779e5f822c451cbf01098004361d466ec?s=96&d=mm&r=g\",\"caption\":\"admin\"},\"url\":\"https:\/\/www.zerdab.com\/?author=1\"}]}<\/script>\n<!-- \/ Yoast SEO plugin. -->","yoast_head_json":{"title":"Xatir\u0259si daim q\u0259lbimizd\u0259 ya\u015fayacaq mayor Ehtiram \u018fliyev... - Z\u0259rdab.com","robots":{"index":"index","follow":"follow","max-snippet":"max-snippet:-1","max-image-preview":"max-image-preview:large","max-video-preview":"max-video-preview:-1"},"canonical":"https:\/\/www.zerdab.com\/?p=3821","og_locale":"az_AZ","og_type":"article","og_title":"Xatir\u0259si daim q\u0259lbimizd\u0259 ya\u015fayacaq mayor Ehtiram \u018fliyev... - Z\u0259rdab.com","og_description":"Z\u0259rdab rayonundan h\u0259rbi xidm\u0259t\u0259 \u00e7a\u011f\u0131r\u0131lan, Az\u0259rbaycan Ordusunun mayoru \u018fliyev Ehtiram Seyf\u0259ddin o\u011flunun d\u00fcnyas\u0131n\u0131 d\u0259yi\u015fm\u0259si bar\u0259d\u0259 www.zerdab.com sayt\u0131 x\u0259b\u0259r vermi\u015fdi. \u0130ndi is\u0259 \u018fliyev Ehtiram Seyf\u0259ddin o\u011flunun dostlar\u0131n\u0131n haz\u0131rlad\u0131qlar\u0131 yaz\u0131n\u0131 t\u0259qdim edirik. &#8230;G\u00f6zl\u0259nilm\u0259z v\u0259 k\u0259d\u0259rli bir x\u0259b\u0259r rayonumuzun ictimaiyy\u0259tini sars\u0131d\u0131b. Az\u0259rbaycan Silahl\u0131 Q\u00fcvv\u0259l\u0259rinin mayoru, n\u00fcmun\u0259vi h\u0259rbi xidm\u0259ti il\u0259 h\u0259mi\u015f\u0259 say\u0131l\u0131b-se\u00e7il\u0259n h\u0259myerlimiz \u018fliyev Ehtiram Seyf\u0259ddin o\u011flu 44 ya\u015f\u0131nda [&hellip;]","og_url":"https:\/\/www.zerdab.com\/?p=3821","og_site_name":"Z\u0259rdab.com","article_published_time":"2012-07-24T06:03:38+00:00","article_modified_time":"2012-07-24T06:10:39+00:00","og_image":[{"width":300,"height":219,"url":"https:\/\/www.zerdab.com\/wp-content\/uploads\/2012\/07\/sehidesger_468.jpg","type":"image\/jpeg"}],"author":"admin","twitter_card":"summary_large_image","twitter_misc":{"Written by":"admin","Est. reading time":"3 minutes"},"schema":{"@context":"https:\/\/schema.org","@graph":[{"@type":"Article","@id":"https:\/\/www.zerdab.com\/?p=3821#article","isPartOf":{"@id":"https:\/\/www.zerdab.com\/?p=3821"},"author":{"name":"admin","@id":"https:\/\/www.zerdab.com\/#\/schema\/person\/97079b7570c1e89ec0d9e138c3672136"},"headline":"Xatir\u0259si daim q\u0259lbimizd\u0259 ya\u015fayacaq mayor Ehtiram \u018fliyev&#8230;","datePublished":"2012-07-24T06:03:38+00:00","dateModified":"2012-07-24T06:10:39+00:00","mainEntityOfPage":{"@id":"https:\/\/www.zerdab.com\/?p=3821"},"wordCount":620,"commentCount":7,"image":{"@id":"https:\/\/www.zerdab.com\/?p=3821#primaryimage"},"thumbnailUrl":"https:\/\/www.zerdab.com\/wp-content\/uploads\/2012\/07\/sehidesger_468.jpg","articleSection":["\u015e\u018fH\u0130DL\u018fR\u0130M\u0130Z"],"inLanguage":"az","potentialAction":[{"@type":"CommentAction","name":"Comment","target":["https:\/\/www.zerdab.com\/?p=3821#respond"]}]},{"@type":"WebPage","@id":"https:\/\/www.zerdab.com\/?p=3821","url":"https:\/\/www.zerdab.com\/?p=3821","name":"Xatir\u0259si daim q\u0259lbimizd\u0259 ya\u015fayacaq mayor Ehtiram \u018fliyev... - Z\u0259rdab.com","isPartOf":{"@id":"https:\/\/www.zerdab.com\/#website"},"primaryImageOfPage":{"@id":"https:\/\/www.zerdab.com\/?p=3821#primaryimage"},"image":{"@id":"https:\/\/www.zerdab.com\/?p=3821#primaryimage"},"thumbnailUrl":"https:\/\/www.zerdab.com\/wp-content\/uploads\/2012\/07\/sehidesger_468.jpg","datePublished":"2012-07-24T06:03:38+00:00","dateModified":"2012-07-24T06:10:39+00:00","author":{"@id":"https:\/\/www.zerdab.com\/#\/schema\/person\/97079b7570c1e89ec0d9e138c3672136"},"breadcrumb":{"@id":"https:\/\/www.zerdab.com\/?p=3821#breadcrumb"},"inLanguage":"az","potentialAction":[{"@type":"ReadAction","target":["https:\/\/www.zerdab.com\/?p=3821"]}]},{"@type":"ImageObject","inLanguage":"az","@id":"https:\/\/www.zerdab.com\/?p=3821#primaryimage","url":"https:\/\/www.zerdab.com\/wp-content\/uploads\/2012\/07\/sehidesger_468.jpg","contentUrl":"https:\/\/www.zerdab.com\/wp-content\/uploads\/2012\/07\/sehidesger_468.jpg","width":"300","height":"219"},{"@type":"BreadcrumbList","@id":"https:\/\/www.zerdab.com\/?p=3821#breadcrumb","itemListElement":[{"@type":"ListItem","position":1,"name":"Home","item":"https:\/\/www.zerdab.com\/"},{"@type":"ListItem","position":2,"name":"Xatir\u0259si daim q\u0259lbimizd\u0259 ya\u015fayacaq mayor Ehtiram \u018fliyev&#8230;"}]},{"@type":"WebSite","@id":"https:\/\/www.zerdab.com\/#website","url":"https:\/\/www.zerdab.com\/","name":"Z\u0259rdab.com","description":"","potentialAction":[{"@type":"SearchAction","target":{"@type":"EntryPoint","urlTemplate":"https:\/\/www.zerdab.com\/?s={search_term_string}"},"query-input":{"@type":"PropertyValueSpecification","valueRequired":true,"valueName":"search_term_string"}}],"inLanguage":"az"},{"@type":"Person","@id":"https:\/\/www.zerdab.com\/#\/schema\/person\/97079b7570c1e89ec0d9e138c3672136","name":"admin","image":{"@type":"ImageObject","inLanguage":"az","@id":"https:\/\/www.zerdab.com\/#\/schema\/person\/image\/","url":"https:\/\/secure.gravatar.com\/avatar\/d9c52a9a27c32119cb6679a077fa3e2779e5f822c451cbf01098004361d466ec?s=96&d=mm&r=g","contentUrl":"https:\/\/secure.gravatar.com\/avatar\/d9c52a9a27c32119cb6679a077fa3e2779e5f822c451cbf01098004361d466ec?s=96&d=mm&r=g","caption":"admin"},"url":"https:\/\/www.zerdab.com\/?author=1"}]}},"_links":{"self":[{"href":"https:\/\/www.zerdab.com\/index.php?rest_route=\/wp\/v2\/posts\/3821","targetHints":{"allow":["GET"]}}],"collection":[{"href":"https:\/\/www.zerdab.com\/index.php?rest_route=\/wp\/v2\/posts"}],"about":[{"href":"https:\/\/www.zerdab.com\/index.php?rest_route=\/wp\/v2\/types\/post"}],"author":[{"embeddable":true,"href":"https:\/\/www.zerdab.com\/index.php?rest_route=\/wp\/v2\/users\/1"}],"replies":[{"embeddable":true,"href":"https:\/\/www.zerdab.com\/index.php?rest_route=%2Fwp%2Fv2%2Fcomments&post=3821"}],"version-history":[{"count":11,"href":"https:\/\/www.zerdab.com\/index.php?rest_route=\/wp\/v2\/posts\/3821\/revisions"}],"predecessor-version":[{"id":3833,"href":"https:\/\/www.zerdab.com\/index.php?rest_route=\/wp\/v2\/posts\/3821\/revisions\/3833"}],"wp:featuredmedia":[{"embeddable":true,"href":"https:\/\/www.zerdab.com\/index.php?rest_route=\/wp\/v2\/media\/3822"}],"wp:attachment":[{"href":"https:\/\/www.zerdab.com\/index.php?rest_route=%2Fwp%2Fv2%2Fmedia&parent=3821"}],"wp:term":[{"taxonomy":"category","embeddable":true,"href":"https:\/\/www.zerdab.com\/index.php?rest_route=%2Fwp%2Fv2%2Fcategories&post=3821"},{"taxonomy":"post_tag","embeddable":true,"href":"https:\/\/www.zerdab.com\/index.php?rest_route=%2Fwp%2Fv2%2Ftags&post=3821"}],"curies":[{"name":"wp","href":"https:\/\/api.w.org\/{rel}","templated":true}]}}