{"id":3891,"date":"2012-07-26T14:17:28","date_gmt":"2012-07-26T09:17:28","guid":{"rendered":"http:\/\/www.zerdab.com\/?p=3891"},"modified":"2012-08-04T15:44:53","modified_gmt":"2012-08-04T10:44:53","slug":"h%c9%99myerlimiz-sevinc-akifqizidan-n%c9%99-bilirs%c9%99n-n%c9%99-c%c9%99kir%c9%99m","status":"publish","type":"post","link":"https:\/\/www.zerdab.com\/?p=3891","title":{"rendered":"H\u0259myerlimiz Sevinc Akifq\u0131z\u0131ndan &#8220;N\u0259 bilirs\u0259n, N\u0259 \u00e7\u0259kir\u0259m?&#8221;"},"content":{"rendered":"<p><a href=\"http:\/\/www.zerdab.com\/?attachment_id=3892\" rel=\"attachment wp-att-3892\"><img loading=\"lazy\" decoding=\"async\" class=\"alignleft  wp-image-3892\" title=\"Sevinc Akifq\u0131z\u0131\" src=\"http:\/\/www.zerdab.com\/wp-content\/uploads\/2012\/07\/Sevinc-Akifq\u0131z\u0131.jpg\" alt=\"\" width=\"219\" height=\"384\" \/><\/a>M\u0259d\u0259niyy\u0259t yazar\u0131 kimi tan\u0131nan ke\u00e7mi\u015f jurnalist <strong>Sevinc Akifq\u0131z\u0131 Z\u0259rdab rayonun G\u0259lm\u0259 k\u0259ndind\u0259 m\u00fc\u0259llim ail\u0259sind\u0259 anadan olub<\/strong>. Jurnalistika fak\u00fclt\u0259sind\u0259 t\u0259hsil al\u0131b. El\u0259 \u00fc\u00e7\u00fcnc\u00fc kursdan &#8211; 1995-ci ild\u0259n jurnalist i\u015fl\u0259yib. 5 il davaml\u0131 olaraq \u00e7al\u0131\u015f\u0131b. Dediyin\u0259 g\u00f6r\u0259, 10 il is\u0259 imzas\u0131n\u0131n itm\u0259m\u0259si \u00fc\u00e7\u00fcn qonorarla yaz\u0131lar yaz\u0131b. <strong>www.zerdab.com<\/strong> sayt\u0131 x\u0259b\u0259r verir ki, bu yax\u0131nlarda h\u0259myerlimizin diski i\u015f\u0131q \u00fcz\u00fc g\u00f6r\u00fcb. &#8220;S\u0259buhi&#8221; studiyas\u0131 t\u0259r\u0259find\u0259n haz\u0131rlanan &#8220;N\u0259 bilirs\u0259n, N\u0259 \u00e7\u0259kir\u0259m?&#8221; adl\u0131 diskind\u0259 bir \u00e7ox \u015feirl\u0259ri yer al\u0131b. \u018fsas m\u00f6vzusu ana v\u0259 m\u0259h\u0259bb\u0259t haqq\u0131nda olan \u015feirl\u0259rini tan\u0131nm\u0131\u015f xan\u0259nd\u0259 Elnar\u0259 Abdullayeva, m\u00fc\u011f\u0259nnil\u0259r S\u0259daq\u0259t, S\u0259yyad \u018flizad\u0259, Ta\u011f\u0131 Salaho\u011flu, R\u00fcbab\u0259 v\u0259 ba\u015fqalar\u0131 ifa edib. O, diski haqq\u0131nda bunlar\u0131 deyib: &#8220;Ana v\u0259 m\u0259h\u0259bb\u0259t m\u00f6vzusuna m\u00fcraci\u0259t etm\u0259yim\u0259 s\u0259b\u0259b budur ki, bizi d\u00fcnyaya g\u0259tir\u0259n yegan\u0259 varl\u0131q Anad\u0131r. Bizi ya\u015fadan, ruh ver\u0259n is\u0259 anaya, v\u0259t\u0259n\u0259, \u00f6vlada v\u0259 yax\u0131nlar\u0131m\u0131za olan sevgidir. El\u0259 ilk \u015feirim d\u0259 anaya h\u0259sr olunub. Sinfimizd\u0259 S\u0259ad\u0259t ad\u0131nda q\u0131z var idi. Anas\u0131 yox idi. Ham\u0131 ona yetim deyirdi. M\u0259n h\u0259mi\u015f\u0259 onun hal\u0131na ac\u0131y\u0131rd\u0131m, &#8220;Anas\u0131z&#8221; adl\u0131 bir \u015feir yazd\u0131m. Amma tale el\u0259 g\u0259tirdi ki, bu ac\u0131n\u0131 m\u0259n \u00f6z\u00fcm 1995-ci ild\u0259 t\u0259l\u0259b\u0259 ik\u0259n ya\u015fad\u0131m. Anam\u0131 itirdim. Ona g\u00f6r\u0259 d\u0259 daha \u00e7ox ana haqq\u0131nda yaz\u0131ram. Biz\u0259 ruh ver\u0259n anad\u0131r&#8221;.<br \/>\n\u018fd\u0259biyyata mara\u011f\u0131na g\u0259linc\u0259, S. Akifq\u0131z\u0131 bunlar\u0131 s\u00f6yl\u0259yib: &#8220;\u018fd\u0259biyyata olan mara\u011f\u0131m anam v\u0259 xalalar\u0131mdand\u0131r. Onlar filologiyan\u0131 bitiribl\u0259r. G\u00f6z\u00fcm\u00fc a\u00e7andan evimizd\u0259 poeziya e\u015fitmi\u015f\u0259m. Bu, m\u0259nim h\u0259yat\u0131ma t\u0259sirsiz \u00f6t\u00fc\u015f\u0259 bilm\u0259zdi&#8221;.<br \/>\n<strong>www.zerdab.com sayt\u0131 h\u0259myerlimiz Sevinc Akifq\u0131z\u0131n\u0131n &#8220;Ana&#8221; \u015ferini t\u0259sdiq edir.<\/strong><\/p>\n<p><strong>www.zerdab.com<\/strong><\/p>\n<p>&nbsp;<\/p>\n<div class=\"youtube-embed\" data-video_id=\"H0LfastqiiQ\"><iframe loading=\"lazy\" width=\"696\" height=\"522\" src=\"https:\/\/www.youtube.com\/embed\/H0LfastqiiQ?feature=oembed&#038;enablejsapi=1\" frameborder=\"0\" gesture=\"media\" allowfullscreen><\/iframe><\/div>\n<p>&nbsp;<\/p>\n","protected":false},"excerpt":{"rendered":"<p>M\u0259d\u0259niyy\u0259t yazar\u0131 kimi tan\u0131nan ke\u00e7mi\u015f jurnalist Sevinc Akifq\u0131z\u0131 Z\u0259rdab rayonun G\u0259lm\u0259 k\u0259ndind\u0259 m\u00fc\u0259llim ail\u0259sind\u0259 anadan olub. Jurnalistika fak\u00fclt\u0259sind\u0259 t\u0259hsil al\u0131b. El\u0259 \u00fc\u00e7\u00fcnc\u00fc kursdan &#8211; 1995-ci ild\u0259n jurnalist i\u015fl\u0259yib. 5 il davaml\u0131 olaraq \u00e7al\u0131\u015f\u0131b. Dediyin\u0259 g\u00f6r\u0259, 10 il is\u0259 imzas\u0131n\u0131n itm\u0259m\u0259si \u00fc\u00e7\u00fcn qonorarla yaz\u0131lar yaz\u0131b. www.zerdab.com sayt\u0131 x\u0259b\u0259r verir ki, bu yax\u0131nlarda h\u0259myerlimizin diski i\u015f\u0131q \u00fcz\u00fc [&hellip;]<\/p>\n","protected":false},"author":1,"featured_media":0,"comment_status":"open","ping_status":"open","sticky":false,"template":"","format":"standard","meta":{"footnotes":""},"categories":[21],"tags":[],"class_list":{"0":"post-3891","1":"post","2":"type-post","3":"status-publish","4":"format-standard","6":"category-zrdab"},"yoast_head":"<!-- This site is optimized with the Yoast SEO plugin v27.0 - https:\/\/yoast.com\/product\/yoast-seo-wordpress\/ -->\n<title>H\u0259myerlimiz Sevinc Akifq\u0131z\u0131ndan &quot;N\u0259 bilirs\u0259n, N\u0259 \u00e7\u0259kir\u0259m?&quot; - Z\u0259rdab.com<\/title>\n<meta name=\"robots\" content=\"index, follow, max-snippet:-1, max-image-preview:large, max-video-preview:-1\" \/>\n<link rel=\"canonical\" href=\"https:\/\/www.zerdab.com\/?p=3891\" \/>\n<meta property=\"og:locale\" content=\"az_AZ\" \/>\n<meta property=\"og:type\" content=\"article\" \/>\n<meta property=\"og:title\" content=\"H\u0259myerlimiz Sevinc Akifq\u0131z\u0131ndan &quot;N\u0259 bilirs\u0259n, N\u0259 \u00e7\u0259kir\u0259m?&quot; - Z\u0259rdab.com\" \/>\n<meta property=\"og:description\" content=\"M\u0259d\u0259niyy\u0259t yazar\u0131 kimi tan\u0131nan ke\u00e7mi\u015f jurnalist Sevinc Akifq\u0131z\u0131 Z\u0259rdab rayonun G\u0259lm\u0259 k\u0259ndind\u0259 m\u00fc\u0259llim ail\u0259sind\u0259 anadan olub. Jurnalistika fak\u00fclt\u0259sind\u0259 t\u0259hsil al\u0131b. El\u0259 \u00fc\u00e7\u00fcnc\u00fc kursdan &#8211; 1995-ci ild\u0259n jurnalist i\u015fl\u0259yib. 5 il davaml\u0131 olaraq \u00e7al\u0131\u015f\u0131b. Dediyin\u0259 g\u00f6r\u0259, 10 il is\u0259 imzas\u0131n\u0131n itm\u0259m\u0259si \u00fc\u00e7\u00fcn qonorarla yaz\u0131lar yaz\u0131b. www.zerdab.com sayt\u0131 x\u0259b\u0259r verir ki, bu yax\u0131nlarda h\u0259myerlimizin diski i\u015f\u0131q \u00fcz\u00fc [&hellip;]\" \/>\n<meta property=\"og:url\" content=\"https:\/\/www.zerdab.com\/?p=3891\" \/>\n<meta property=\"og:site_name\" content=\"Z\u0259rdab.com\" \/>\n<meta property=\"article:published_time\" content=\"2012-07-26T09:17:28+00:00\" \/>\n<meta property=\"article:modified_time\" content=\"2012-08-04T10:44:53+00:00\" \/>\n<meta name=\"author\" content=\"admin\" \/>\n<meta name=\"twitter:card\" content=\"summary_large_image\" \/>\n<meta name=\"twitter:label1\" content=\"Written by\" \/>\n\t<meta name=\"twitter:data1\" content=\"admin\" \/>\n\t<meta name=\"twitter:label2\" content=\"Est. reading time\" \/>\n\t<meta name=\"twitter:data2\" content=\"2 minutes\" \/>\n<script type=\"application\/ld+json\" class=\"yoast-schema-graph\">{\"@context\":\"https:\/\/schema.org\",\"@graph\":[{\"@type\":\"Article\",\"@id\":\"https:\/\/www.zerdab.com\/?p=3891#article\",\"isPartOf\":{\"@id\":\"https:\/\/www.zerdab.com\/?p=3891\"},\"author\":{\"name\":\"admin\",\"@id\":\"https:\/\/www.zerdab.com\/#\/schema\/person\/97079b7570c1e89ec0d9e138c3672136\"},\"headline\":\"H\u0259myerlimiz Sevinc Akifq\u0131z\u0131ndan &#8220;N\u0259 bilirs\u0259n, N\u0259 \u00e7\u0259kir\u0259m?&#8221;\",\"datePublished\":\"2012-07-26T09:17:28+00:00\",\"dateModified\":\"2012-08-04T10:44:53+00:00\",\"mainEntityOfPage\":{\"@id\":\"https:\/\/www.zerdab.com\/?p=3891\"},\"wordCount\":380,\"commentCount\":1,\"articleSection\":[\"C\u018fM\u0130YY\u018fT\"],\"inLanguage\":\"az\",\"potentialAction\":[{\"@type\":\"CommentAction\",\"name\":\"Comment\",\"target\":[\"https:\/\/www.zerdab.com\/?p=3891#respond\"]}]},{\"@type\":\"WebPage\",\"@id\":\"https:\/\/www.zerdab.com\/?p=3891\",\"url\":\"https:\/\/www.zerdab.com\/?p=3891\",\"name\":\"H\u0259myerlimiz Sevinc Akifq\u0131z\u0131ndan \\\"N\u0259 bilirs\u0259n, N\u0259 \u00e7\u0259kir\u0259m?\\\" - Z\u0259rdab.com\",\"isPartOf\":{\"@id\":\"https:\/\/www.zerdab.com\/#website\"},\"datePublished\":\"2012-07-26T09:17:28+00:00\",\"dateModified\":\"2012-08-04T10:44:53+00:00\",\"author\":{\"@id\":\"https:\/\/www.zerdab.com\/#\/schema\/person\/97079b7570c1e89ec0d9e138c3672136\"},\"breadcrumb\":{\"@id\":\"https:\/\/www.zerdab.com\/?p=3891#breadcrumb\"},\"inLanguage\":\"az\",\"potentialAction\":[{\"@type\":\"ReadAction\",\"target\":[\"https:\/\/www.zerdab.com\/?p=3891\"]}]},{\"@type\":\"BreadcrumbList\",\"@id\":\"https:\/\/www.zerdab.com\/?p=3891#breadcrumb\",\"itemListElement\":[{\"@type\":\"ListItem\",\"position\":1,\"name\":\"Home\",\"item\":\"https:\/\/www.zerdab.com\/\"},{\"@type\":\"ListItem\",\"position\":2,\"name\":\"H\u0259myerlimiz Sevinc Akifq\u0131z\u0131ndan &#8220;N\u0259 bilirs\u0259n, N\u0259 \u00e7\u0259kir\u0259m?&#8221;\"}]},{\"@type\":\"WebSite\",\"@id\":\"https:\/\/www.zerdab.com\/#website\",\"url\":\"https:\/\/www.zerdab.com\/\",\"name\":\"Z\u0259rdab.com\",\"description\":\"\",\"potentialAction\":[{\"@type\":\"SearchAction\",\"target\":{\"@type\":\"EntryPoint\",\"urlTemplate\":\"https:\/\/www.zerdab.com\/?s={search_term_string}\"},\"query-input\":{\"@type\":\"PropertyValueSpecification\",\"valueRequired\":true,\"valueName\":\"search_term_string\"}}],\"inLanguage\":\"az\"},{\"@type\":\"Person\",\"@id\":\"https:\/\/www.zerdab.com\/#\/schema\/person\/97079b7570c1e89ec0d9e138c3672136\",\"name\":\"admin\",\"image\":{\"@type\":\"ImageObject\",\"inLanguage\":\"az\",\"@id\":\"https:\/\/www.zerdab.com\/#\/schema\/person\/image\/\",\"url\":\"https:\/\/secure.gravatar.com\/avatar\/d9c52a9a27c32119cb6679a077fa3e2779e5f822c451cbf01098004361d466ec?s=96&d=mm&r=g\",\"contentUrl\":\"https:\/\/secure.gravatar.com\/avatar\/d9c52a9a27c32119cb6679a077fa3e2779e5f822c451cbf01098004361d466ec?s=96&d=mm&r=g\",\"caption\":\"admin\"},\"url\":\"https:\/\/www.zerdab.com\/?author=1\"}]}<\/script>\n<!-- \/ Yoast SEO plugin. -->","yoast_head_json":{"title":"H\u0259myerlimiz Sevinc Akifq\u0131z\u0131ndan \"N\u0259 bilirs\u0259n, N\u0259 \u00e7\u0259kir\u0259m?\" - Z\u0259rdab.com","robots":{"index":"index","follow":"follow","max-snippet":"max-snippet:-1","max-image-preview":"max-image-preview:large","max-video-preview":"max-video-preview:-1"},"canonical":"https:\/\/www.zerdab.com\/?p=3891","og_locale":"az_AZ","og_type":"article","og_title":"H\u0259myerlimiz Sevinc Akifq\u0131z\u0131ndan \"N\u0259 bilirs\u0259n, N\u0259 \u00e7\u0259kir\u0259m?\" - Z\u0259rdab.com","og_description":"M\u0259d\u0259niyy\u0259t yazar\u0131 kimi tan\u0131nan ke\u00e7mi\u015f jurnalist Sevinc Akifq\u0131z\u0131 Z\u0259rdab rayonun G\u0259lm\u0259 k\u0259ndind\u0259 m\u00fc\u0259llim ail\u0259sind\u0259 anadan olub. Jurnalistika fak\u00fclt\u0259sind\u0259 t\u0259hsil al\u0131b. El\u0259 \u00fc\u00e7\u00fcnc\u00fc kursdan &#8211; 1995-ci ild\u0259n jurnalist i\u015fl\u0259yib. 5 il davaml\u0131 olaraq \u00e7al\u0131\u015f\u0131b. Dediyin\u0259 g\u00f6r\u0259, 10 il is\u0259 imzas\u0131n\u0131n itm\u0259m\u0259si \u00fc\u00e7\u00fcn qonorarla yaz\u0131lar yaz\u0131b. www.zerdab.com sayt\u0131 x\u0259b\u0259r verir ki, bu yax\u0131nlarda h\u0259myerlimizin diski i\u015f\u0131q \u00fcz\u00fc [&hellip;]","og_url":"https:\/\/www.zerdab.com\/?p=3891","og_site_name":"Z\u0259rdab.com","article_published_time":"2012-07-26T09:17:28+00:00","article_modified_time":"2012-08-04T10:44:53+00:00","author":"admin","twitter_card":"summary_large_image","twitter_misc":{"Written by":"admin","Est. reading time":"2 minutes"},"schema":{"@context":"https:\/\/schema.org","@graph":[{"@type":"Article","@id":"https:\/\/www.zerdab.com\/?p=3891#article","isPartOf":{"@id":"https:\/\/www.zerdab.com\/?p=3891"},"author":{"name":"admin","@id":"https:\/\/www.zerdab.com\/#\/schema\/person\/97079b7570c1e89ec0d9e138c3672136"},"headline":"H\u0259myerlimiz Sevinc Akifq\u0131z\u0131ndan &#8220;N\u0259 bilirs\u0259n, N\u0259 \u00e7\u0259kir\u0259m?&#8221;","datePublished":"2012-07-26T09:17:28+00:00","dateModified":"2012-08-04T10:44:53+00:00","mainEntityOfPage":{"@id":"https:\/\/www.zerdab.com\/?p=3891"},"wordCount":380,"commentCount":1,"articleSection":["C\u018fM\u0130YY\u018fT"],"inLanguage":"az","potentialAction":[{"@type":"CommentAction","name":"Comment","target":["https:\/\/www.zerdab.com\/?p=3891#respond"]}]},{"@type":"WebPage","@id":"https:\/\/www.zerdab.com\/?p=3891","url":"https:\/\/www.zerdab.com\/?p=3891","name":"H\u0259myerlimiz Sevinc Akifq\u0131z\u0131ndan \"N\u0259 bilirs\u0259n, N\u0259 \u00e7\u0259kir\u0259m?\" - Z\u0259rdab.com","isPartOf":{"@id":"https:\/\/www.zerdab.com\/#website"},"datePublished":"2012-07-26T09:17:28+00:00","dateModified":"2012-08-04T10:44:53+00:00","author":{"@id":"https:\/\/www.zerdab.com\/#\/schema\/person\/97079b7570c1e89ec0d9e138c3672136"},"breadcrumb":{"@id":"https:\/\/www.zerdab.com\/?p=3891#breadcrumb"},"inLanguage":"az","potentialAction":[{"@type":"ReadAction","target":["https:\/\/www.zerdab.com\/?p=3891"]}]},{"@type":"BreadcrumbList","@id":"https:\/\/www.zerdab.com\/?p=3891#breadcrumb","itemListElement":[{"@type":"ListItem","position":1,"name":"Home","item":"https:\/\/www.zerdab.com\/"},{"@type":"ListItem","position":2,"name":"H\u0259myerlimiz Sevinc Akifq\u0131z\u0131ndan &#8220;N\u0259 bilirs\u0259n, N\u0259 \u00e7\u0259kir\u0259m?&#8221;"}]},{"@type":"WebSite","@id":"https:\/\/www.zerdab.com\/#website","url":"https:\/\/www.zerdab.com\/","name":"Z\u0259rdab.com","description":"","potentialAction":[{"@type":"SearchAction","target":{"@type":"EntryPoint","urlTemplate":"https:\/\/www.zerdab.com\/?s={search_term_string}"},"query-input":{"@type":"PropertyValueSpecification","valueRequired":true,"valueName":"search_term_string"}}],"inLanguage":"az"},{"@type":"Person","@id":"https:\/\/www.zerdab.com\/#\/schema\/person\/97079b7570c1e89ec0d9e138c3672136","name":"admin","image":{"@type":"ImageObject","inLanguage":"az","@id":"https:\/\/www.zerdab.com\/#\/schema\/person\/image\/","url":"https:\/\/secure.gravatar.com\/avatar\/d9c52a9a27c32119cb6679a077fa3e2779e5f822c451cbf01098004361d466ec?s=96&d=mm&r=g","contentUrl":"https:\/\/secure.gravatar.com\/avatar\/d9c52a9a27c32119cb6679a077fa3e2779e5f822c451cbf01098004361d466ec?s=96&d=mm&r=g","caption":"admin"},"url":"https:\/\/www.zerdab.com\/?author=1"}]}},"_links":{"self":[{"href":"https:\/\/www.zerdab.com\/index.php?rest_route=\/wp\/v2\/posts\/3891","targetHints":{"allow":["GET"]}}],"collection":[{"href":"https:\/\/www.zerdab.com\/index.php?rest_route=\/wp\/v2\/posts"}],"about":[{"href":"https:\/\/www.zerdab.com\/index.php?rest_route=\/wp\/v2\/types\/post"}],"author":[{"embeddable":true,"href":"https:\/\/www.zerdab.com\/index.php?rest_route=\/wp\/v2\/users\/1"}],"replies":[{"embeddable":true,"href":"https:\/\/www.zerdab.com\/index.php?rest_route=%2Fwp%2Fv2%2Fcomments&post=3891"}],"version-history":[{"count":6,"href":"https:\/\/www.zerdab.com\/index.php?rest_route=\/wp\/v2\/posts\/3891\/revisions"}],"predecessor-version":[{"id":4090,"href":"https:\/\/www.zerdab.com\/index.php?rest_route=\/wp\/v2\/posts\/3891\/revisions\/4090"}],"wp:attachment":[{"href":"https:\/\/www.zerdab.com\/index.php?rest_route=%2Fwp%2Fv2%2Fmedia&parent=3891"}],"wp:term":[{"taxonomy":"category","embeddable":true,"href":"https:\/\/www.zerdab.com\/index.php?rest_route=%2Fwp%2Fv2%2Fcategories&post=3891"},{"taxonomy":"post_tag","embeddable":true,"href":"https:\/\/www.zerdab.com\/index.php?rest_route=%2Fwp%2Fv2%2Ftags&post=3891"}],"curies":[{"name":"wp","href":"https:\/\/api.w.org\/{rel}","templated":true}]}}