{"id":3941,"date":"2012-05-06T04:52:31","date_gmt":"2012-05-05T23:52:31","guid":{"rendered":"http:\/\/www.zerdab.com\/?p=3941"},"modified":"2014-10-02T22:40:37","modified_gmt":"2014-10-02T17:40:37","slug":"prezident-ilham-%c9%99liyev-z%c9%99rdab-rayonunda","status":"publish","type":"post","link":"https:\/\/www.zerdab.com\/?p=3941","title":{"rendered":"Prezident \u0130lham \u018fliyevin Z\u0259rdab rayonuna s\u0259f\u0259ri"},"content":{"rendered":"<div id=\"page_wrapper\">\n<p align=\"justify\"><a href=\"http:\/\/www.zerdab.com\/wp-content\/uploads\/2012\/07\/Prezident-\u0130lham-\u018fliyev-Z\u0259rdabda.jpg\"><img loading=\"lazy\" decoding=\"async\" class=\"alignleft size-full wp-image-3942\" title=\"Prezident \u0130lham \u018fliyev Z\u0259rdabda, www.zerdab.com\" src=\"http:\/\/www.zerdab.com\/wp-content\/uploads\/2012\/07\/Prezident-\u0130lham-\u018fliyev-Z\u0259rdabda.jpg\" alt=\"\" width=\"418\" height=\"209\" \/><\/a><strong>Az\u0259rbaycan Prezidenti \u0130lham \u018fliyev Z\u0259rdab rayonuna g\u0259lmi\u015fdir.<\/strong> D\u00f6vl\u0259t ba\u015f\u00e7\u0131s\u0131 \u0259vv\u0259lc\u0259 \u00fcmummilli lider Heyd\u0259r \u018fliyevin abid\u0259sini ziyar\u0259t etdi, \u00f6n\u00fcn\u0259 g\u00fcl d\u0259st\u0259si qoydu. Prezident \u0130lham \u018fliyev rayonun m\u0259rk\u0259zind\u0259 \u00fcmummilli liderin ad\u0131n\u0131 da\u015f\u0131yan parkda Heyd\u0259r \u018fliyev M\u0259rk\u0259zinin eskiz layih\u0259sin\u0259 baxd\u0131. Parkla tan\u0131\u015fl\u0131q zaman\u0131 d\u00f6vl\u0259timizin ba\u015f\u00e7\u0131s\u0131na m\u0259lumat verildi ki, bu istirah\u0259t m\u0259rk\u0259zi z\u0259rdabl\u0131lar\u0131n \u0259n \u00e7ox \u00fcz tutduqlar\u0131 m\u0259kand\u0131r. Bunu n\u0259z\u0259r\u0259 alaraq, park\u0131n m\u00fcasirl\u0259\u015fm\u0259si v\u0259 daha da g\u00f6z\u0259ll\u0259\u015fm\u0259si \u00fc\u00e7\u00fcn son vaxtlar bir s\u0131ra yenid\u0259nqurma i\u015fl\u0259ri apar\u0131lm\u0131\u015f, elektrik dir\u0259kl\u0259ri t\u0259z\u0259l\u0259nmi\u015f, \u0259raziy\u0259 5 min kvadratmetr m\u0259rm\u0259r plit\u0259 d\u00f6\u015f\u0259nmi\u015f, geni\u015f ya\u015f\u0131lla\u015fd\u0131rma i\u015fl\u0259ri apar\u0131lm\u0131\u015fd\u0131r. Prezident \u0130lham \u018fliyev Heyd\u0259r \u018fliyev M\u0259rk\u0259zinin tikintisi \u00e7\u0259r\u00e7iv\u0259sind\u0259 haz\u0131rl\u0131q i\u015fl\u0259ri il\u0259 d\u0259 tan\u0131\u015f oldu. D\u00f6vl\u0259timizin ba\u015f\u00e7\u0131s\u0131na m\u0259lumat verildi ki, ulu \u00f6nd\u0259rin \u0259ziz xatir\u0259sini \u0259b\u0259dil\u0259\u015fdirm\u0259k v\u0259 onun z\u0259ngin irsinin \u00f6yr\u0259nilm\u0259si m\u0259qs\u0259di il\u0259 yarad\u0131lacaq m\u0259rk\u0259zin \u00fcmumi sah\u0259si min kvadratmetrd\u0259n art\u0131q olan ikim\u0259rt\u0259b\u0259li binas\u0131nda \u00fcmummilli liderin titanik ictimai-siyasi f\u0259aliyy\u0259tinin m\u00fcxt\u0259lif m\u0259qamlar\u0131n\u0131 \u0259ks etdir\u0259n fotolar, kitablar v\u0259 dig\u0259r eksponatlar n\u00fcmayi\u015f olunacaqd\u0131r. Birinci m\u0259rt\u0259b\u0259d\u0259 g\u0259ncl\u0259rin m\u00fcxt\u0259lif s\u0259n\u0259t v\u0259rdi\u015fl\u0259rin\u0259 yiy\u0259l\u0259nm\u0259si \u00fc\u00e7\u00fcn r\u0259sm, \u015fahmat, kompyuter, xal\u00e7a\u00e7\u0131l\u0131q otaqlar\u0131 v\u0259 dig\u0259r otaqlar yerl\u0259\u015f\u0259c\u0259kdir. \u0130kinci m\u0259rt\u0259b\u0259 iclas zal\u0131 v\u0259 kitabxanadan ibar\u0259t olacaqd\u0131r.<\/p>\n<p align=\"justify\">Prezident \u0130lham \u018fliyev Z\u0259rdab rayonu ictimaiyy\u0259tinin n\u00fcmay\u0259nd\u0259l\u0259ri il\u0259 g\u00f6r\u00fc\u015fd\u00fc. Z\u0259rdabl\u0131lar d\u00f6vl\u0259timizin ba\u015f\u00e7\u0131s\u0131n\u0131 h\u0259rar\u0259tl\u0259 qar\u015f\u0131lad\u0131lar. <strong>Prezident \u0130lham \u018fL\u0130YEV ictimaiyy\u0259t n\u00fcmay\u0259nd\u0259l\u0259rini salamlayaraq soru\u015fdu:<\/strong><\/p>\n<p align=\"justify\"><strong>&#8211; Z\u0259rdab rayonunda i\u015fl\u0259r nec\u0259 gedir?<\/strong><\/p>\n<p align=\"justify\">SAK\u0130N: \u018fla, y\u00fcks\u0259k s\u0259viyy\u0259d\u0259.<\/p>\n<p align=\"justify\"><strong>Prezident \u0130lham \u018fL\u0130YEV: \u00c7ox yax\u015f\u0131.<\/strong><\/p>\n<p align=\"justify\">SAK\u0130N: Allah Siz\u0259 \u00f6m\u00fcr versin! Allah Sizi qorusun! C\u0259nab Ali Ba\u015f Komandan, biz Sizd\u0259n \u00e7ox raz\u0131y\u0131q. Biz Sizi \u00fcr\u0259kd\u0259n sevirik. H\u0259s\u0259n b\u0259y Z\u0259rdabi yurdu h\u0259mi\u015f\u0259 Sizi d\u0259st\u0259kl\u0259mi\u015fdir. Siz ulu \u00f6nd\u0259rin siyas\u0259tini u\u011furla davam etdirirsiniz. Bu m\u00f6ht\u0259\u015f\u0259m i\u015fl\u0259r\u0259 g\u00f6r\u0259 Siz\u0259 \u00e7ox minn\u0259tdar\u0131q. Rayonumuza t\u0259yin etdiyiniz ba\u015f\u00e7\u0131 da biz\u0259 \u00e7ox yax\u015f\u0131 bax\u0131r. Rayonumuz \u00e7ox abadla\u015f\u0131b. Bu, bizi \u00e7ox sevindirir. Z\u0259rdabda \u00e7ox g\u00f6z\u0259l i\u015fl\u0259r g\u00f6r\u00fcl\u00fcr. \u00dcmumiyy\u0259tl\u0259 Siz \u00e7ox g\u00f6z\u0259l insans\u0131n\u0131z.<\/p>\n<p align=\"justify\"><strong>Prezident \u0130lham \u018fL\u0130YEV: \u00c7ox sa\u011f olun, t\u0259\u015f\u0259kk\u00fcr edir\u0259m.<\/strong><\/p>\n<p align=\"justify\">SAK\u0130N: Allah Sizi Az\u0259rbaycan xalq\u0131na \u00e7ox g\u00f6rm\u0259sin. Siz Az\u0259rbaycan \u00fc\u00e7\u00fcn b\u00f6y\u00fck i\u015fl\u0259r g\u00f6r\u00fcrs\u00fcn\u00fcz.<\/p>\n<p align=\"justify\"><strong>Prezident \u0130lham \u018fL\u0130YEV: Sa\u011f olun.<\/strong><\/p>\n<p align=\"justify\">SAK\u0130N: H\u00f6rm\u0259tli Prezident, m\u0259n \u00e7ox \u015fadam ki, Sizin atan\u0131zla, ulu \u00f6nd\u0259rimizl\u0259 d\u0259 g\u00f6r\u00fc\u015fm\u00fc\u015f\u0259m. \u00c7ox xo\u015fb\u0259xt\u0259m ki, indi Sizinl\u0259 g\u00f6r\u00fc\u015f\u00fcr\u0259m.<\/p>\n<p align=\"justify\">Prezident \u0130lham \u018fL\u0130YEV: \u00c7ox sa\u011f olun. M\u0259n \u00e7ox \u015fadam ki, burada i\u015fl\u0259r yax\u015f\u0131 gedir, burada b\u00f6y\u00fck planlar vard\u0131r. H\u0259r bir rayon \u00fczr\u0259 konkret proqramlar var, t\u0259klifl\u0259r vard\u0131r. \u0130ndi yerl\u0259rd\u0259n g\u0259l\u0259n t\u0259klifl\u0259r\u0259 bax\u0131r\u0131q. H\u0259r bir rayon \u00fczr\u0259 konkret proqram icra olunmal\u0131d\u0131r. O c\u00fcml\u0259d\u0259n Z\u0259rdab rayonunda b\u00fct\u00fcn i\u015fl\u0259r y\u00fcks\u0259k s\u0259viyy\u0259d\u0259 g\u00f6r\u00fclm\u0259lidir. Rayonlar\u0131n inki\u015faf\u0131, abadl\u0131q, quruculuq i\u015fl\u0259ri, yollar\u0131n, su, qaz x\u0259tl\u0259rinin \u00e7\u0259kili\u015fi, b\u00fct\u00fcn bu m\u0259s\u0259l\u0259l\u0259r \u00e7ox vacibdir. H\u0259r bir rayon \u00fczr\u0259 konkret proqram icra olunur. Ona g\u00f6r\u0259 m\u0259n ist\u0259yir\u0259m Sizd\u0259n soru\u015fum, hans\u0131 m\u0259s\u0259l\u0259l\u0259r \u00f6z h\u0259llini g\u00f6zl\u0259yir, hans\u0131 m\u0259s\u0259l\u0259l\u0259r\u0259 daha da b\u00f6y\u00fck diqq\u0259t g\u00f6st\u0259rilm\u0259lidir? Harada biz daha da \u00e7evik siyas\u0259t aparmal\u0131y\u0131q?! M\u0259nim b\u00f6lg\u0259l\u0259r\u0259 s\u0259f\u0259rl\u0259rimin s\u0259b\u0259bi bundan ibar\u0259tdir. H\u0259m v\u0259ziyy\u0259tl\u0259 tan\u0131\u015f olmaq, h\u0259m d\u0259 Sizd\u0259n e\u015fitm\u0259k ki, \u0259lav\u0259 hans\u0131 i\u015fl\u0259r g\u00f6r\u00fclm\u0259lidir?<\/p>\n<p align=\"justify\">SAK\u0130N: H\u00f6rm\u0259tli c\u0259nab Prezident, bu g\u00fcn rayonumuzun camaat\u0131 \u00e7ox sevinir ki, Siz Z\u0259rdaba ikinci d\u0259f\u0259 t\u0259\u015frif buyurmusunuz. Bu s\u0259f\u0259r insanlar\u0131n q\u0259lbind\u0259 \u00e7ox b\u00f6y\u00fck q\u00fcrur, sevinc hissi yarad\u0131r. Siz\u0259 \u201cXo\u015f g\u0259lmisiniz\u201d deyirik.<br \/>\nRayondak\u0131 abadl\u0131q, quruculuq i\u015fl\u0259rind\u0259n dan\u0131\u015fan m\u00fc\u0259llim\u0259 V\u00fcsal\u0259 K\u018fR\u0130MOVA bir \u00e7ox sosial obyektl\u0259rin, xidm\u0259t m\u00fc\u0259ssis\u0259l\u0259rinin, Qaraba\u011f \u0259lill\u0259ri \u00fc\u00e7\u00fcn m\u0259nzill\u0259rin in\u015fa edildiyini, yollar\u0131n abadla\u015fd\u0131r\u0131lmas\u0131n\u0131n geni\u015f v\u00fcs\u0259t ald\u0131\u011f\u0131n\u0131 diqq\u0259t\u0259 \u00e7atd\u0131rd\u0131. O, son ill\u0259r rayonda yeni m\u0259kt\u0259bl\u0259rin tikilm\u0259sin\u0259, onlar\u0131n maddi-texniki bazas\u0131n\u0131n g\u00fccl\u0259nm\u0259sin\u0259 d\u00f6vl\u0259t d\u0259st\u0259yi il\u0259 yana\u015f\u0131, Az\u0259rbaycan\u0131n birinci xan\u0131m\u0131, Heyd\u0259r \u018fliyev Fondunun prezidenti, YUNESKO-nun v\u0259 \u0130SESKO-nun xo\u015fm\u0259raml\u0131 s\u0259firi, Milli M\u0259clisin deputat\u0131 Mehriban xan\u0131m \u018fliyevan\u0131n da xidm\u0259tl\u0259rini x\u00fcsusi qeyd etdi.<\/p>\n<p align=\"justify\">Prezident \u0130lham \u018fL\u0130YEV: Sizd\u0259 qazla\u015fd\u0131rma il\u0259 ba\u011fl\u0131 v\u0259ziyy\u0259t nec\u0259dir?<\/p>\n<p align=\"justify\">SAK\u0130N: Yax\u015f\u0131d\u0131r. Bu i\u015f\u0259 k\u0259ndl\u0259rd\u0259 d\u0259 ba\u015flay\u0131blar.<\/p>\n<p align=\"justify\">Prezident \u0130lham \u018fL\u0130YEV: Ba\u015flay\u0131blarm\u0131?<\/p>\n<p align=\"justify\">SAK\u0130N: B\u0259li, ba\u015flay\u0131blar.<\/p>\n<p align=\"justify\">Prezident \u0130lham \u018fL\u0130YEV: B\u0259s rayon m\u0259rk\u0259zi nec\u0259, qazla\u015fd\u0131r\u0131l\u0131rm\u0131?<\/p>\n<p align=\"justify\">Rayon \u0130cra hakimiyy\u0259tinin ba\u015f\u00e7\u0131s\u0131 L\u00fctv\u0259li BABAYEV: C\u0259nab Prezident, rayonun m\u0259rk\u0259zi tamamil\u0259 qazla\u015fd\u0131r\u0131l\u0131b. Haz\u0131rda Sizin diqq\u0259t v\u0259 qay\u011f\u0131n\u0131z say\u0259sind\u0259 D\u00f6vl\u0259t Proqram\u0131na uy\u011fun olaraq 41 k\u0259ndd\u0259 qazla\u015fd\u0131rma i\u015fl\u0259rin\u0259 ba\u015flan\u0131l\u0131b v\u0259 haz\u0131rda i\u015fl\u0259r s\u00fcr\u0259tl\u0259 gedir. Bayaq qeyd olundu\u011fu kimi, t\u0259bii f\u0259lak\u0259tin rayonumuza vurdu\u011fu ziyan\u0131n n\u0259tic\u0259l\u0259ri Sizin diqq\u0259t v\u0259 qay\u011f\u0131n\u0131z say\u0259sind\u0259 tez bir zamanda aradan qald\u0131r\u0131l\u0131b. 60,6 kilometr uzunlu\u011funda, 8 metr enind\u0259 b\u0259nd i\u015fl\u0259ri g\u00f6r\u00fcl\u00fcb.<\/p>\n<p align=\"justify\">Prezident \u0130lham \u018fL\u0130YEV: Tikilib qurtar\u0131b?<\/p>\n<p align=\"justify\">L\u00fctv\u0259li BABAYEV: Xeyr, K\u00fcr\u00fcn Z\u0259rdab rayonu \u0259razisind\u0259n ke\u00e7\u0259n 87 kilometrlik hiss\u0259sind\u0259 Sizin tap\u015f\u0131r\u0131\u011f\u0131n\u0131za \u0259sas\u0259n haz\u0131rda 233 texnika, 300 canl\u0131 q\u00fcvv\u0259 b\u0259ndb\u0259rkitm\u0259 i\u015fl\u0259ri il\u0259 m\u0259\u015f\u011fuldur.<\/p>\n<p align=\"justify\">Prezident \u0130lham \u018fL\u0130YEV: \u0130\u015fl\u0259r nec\u0259 gedir, s\u00fcr\u0259tl\u0259 gedirmi?<\/p>\n<p align=\"justify\">L\u00fctv\u0259li BABAYEV: B\u0259li, s\u00fcr\u0259tl\u0259 gedir. \u0130nsanlar\u0131m\u0131z \u00e7ox raz\u0131d\u0131rlar v\u0259 bu g\u00fcn \u0259hval-ruhiyy\u0259 \u00e7ox y\u00fcks\u0259k s\u0259viyy\u0259d\u0259dir.<\/p>\n<p align=\"justify\">Prezident \u0130lham \u018fL\u0130YEV: B\u0259s evl\u0259rin tikintisi nec\u0259 gedir?<\/p>\n<p align=\"justify\">L\u00fctv\u0259li BABAYEV: C\u0259nab Prezident, Sizin tap\u015f\u0131r\u0131\u011f\u0131n\u0131za \u0259sas\u0259n yarad\u0131lm\u0131\u015f komissiya &#8211; F\u00f6vq\u0259lad\u0259 Hallar Nazirliyinin alt komissiyas\u0131 \u00fc\u00e7 d\u0259f\u0259 bizim rayonumuzda olmu\u015f, d\u0259ymi\u015f ziyan y\u00fcks\u0259k diqq\u0259t v\u0259 qay\u011f\u0131n\u0131z say\u0259sind\u0259 aradan qald\u0131r\u0131lm\u0131\u015fd\u0131r. Haz\u0131rda h\u0259min \u0259razid\u0259 m\u0259kt\u0259b, ba\u011f\u00e7a, tibb m\u0259nt\u0259q\u0259si binalar\u0131 in\u015fa olunur v\u0259 i\u015fl\u0259r y\u00fcks\u0259k s\u0259viyy\u0259d\u0259 gedir. Bu \u0259razi Z\u0259rdab\u0131n \u0259n y\u00fcks\u0259k yeridir. N\u0259 q\u0259d\u0259r su da\u015fsa da, t\u0259hl\u00fck\u0259 yoxdur.<\/p>\n<p align=\"justify\">Prezident \u0130lham \u018fL\u0130YEV: He\u00e7 bir t\u0259hl\u00fck\u0259 yoxdur?<\/p>\n<p align=\"justify\">L\u00fctv\u0259li BABAYEV: Xeyr, c\u0259nab Prezident, yoxdur. 2010-cu ild\u0259 G\u00f6y\u00e7ay, T\u00fcryan\u00e7ay \u00e7aylar\u0131 da t\u0259hl\u00fck\u0259 t\u00f6r\u0259dirdi. Sizin tap\u015f\u0131r\u0131\u011f\u0131n\u0131za \u0259sas\u0259n g\u00f6r\u00fcl\u0259n i\u015fl\u0259r say\u0259sind\u0259 o t\u0259hl\u00fck\u0259 tamamil\u0259 aradan qald\u0131r\u0131lm\u0131\u015fd\u0131r. \u0130ndi s\u00fcr\u0259tl\u0259 b\u0259ndb\u0259rkitm\u0259 i\u015fl\u0259ri apar\u0131l\u0131r.<\/p>\n<p align=\"justify\">Prezident \u0130lham \u018fL\u0130YEV: \u00c7ox yax\u015f\u0131. Elektrik enerjisi il\u0259 t\u0259chizat sar\u0131dan v\u0259ziyy\u0259t nec\u0259dir? Qaydas\u0131ndad\u0131rm\u0131?<\/p>\n<p align=\"justify\">SAK\u0130NL\u018fR: \u00c7ox yax\u015f\u0131d\u0131r. Qaydas\u0131ndad\u0131r.<\/p>\n<p align=\"justify\">Prezident \u0130lham \u018fL\u0130YEV: Rayon \u00fc\u00e7\u00fcn \u0259lav\u0259 n\u0259 i\u015fl\u0259r g\u00f6r\u00fclm\u0259lidir? Hans\u0131 t\u0259klifl\u0259riniz, t\u0259\u015f\u0259bb\u00fcsl\u0259riniz var? Hans\u0131 m\u0259s\u0259l\u0259l\u0259r tezlikl\u0259 \u00f6z h\u0259llini tapmal\u0131d\u0131r?<\/p>\n<p align=\"justify\">SAK\u0130N: Sizin tap\u015f\u0131r\u0131\u011f\u0131n\u0131za \u0259sas\u0259n haz\u0131rda rayonumuzda kanalizasiya v\u0259 i\u00e7m\u0259li su m\u0259s\u0259l\u0259l\u0259ri h\u0259ll olunur.<\/p>\n<p align=\"justify\">Prezident \u0130lham \u018fL\u0130YEV: Layih\u0259y\u0259 ba\u015flay\u0131blar?<\/p>\n<p align=\"justify\">SAK\u0130N: N\u00fcmay\u0259nd\u0259l\u0259r g\u0259libl\u0259r.<\/p>\n<p align=\"justify\">Prezident \u0130lham \u018fL\u0130YEV: Yax\u0131n zamanlarda ba\u015flamal\u0131d\u0131r.<\/p>\n<p align=\"justify\">L\u00fctv\u0259li BABAYEV: M\u00f6ht\u0259r\u0259m Prezident, Sizin tap\u015f\u0131r\u0131\u011f\u0131n\u0131za \u0259sas\u0259n D\u00f6vl\u0259t Proqram\u0131nda Z\u0259rdab rayonu il\u0259 ba\u011fl\u0131 n\u0259z\u0259rd\u0259 tutulmu\u015f 13 madd\u0259nin 10-u art\u0131q h\u0259yata ke\u00e7irilmi\u015fdir. Biri idman kompleksinin tikintisidir.<\/p>\n<p align=\"justify\">Prezident \u0130lham \u018fL\u0130YEV: O layih\u0259 vard\u0131r.<\/p>\n<p align=\"justify\">L\u00fctv\u0259li BABAYEV: B\u0259li, vard\u0131r. Sizin tap\u015f\u0131r\u0131\u011f\u0131n\u0131zla D\u00f6vl\u0259t Proqram\u0131na daxil edilmi\u015f bu m\u0259s\u0259l\u0259l\u0259r z\u0259rdabl\u0131lar \u00fc\u00e7\u00fcn \u00e7ox vacibdir. Art\u0131q o i\u015fl\u0259r\u0259 ba\u015flan\u0131l\u0131b.<\/p>\n<p align=\"justify\">Prezident \u0130lham \u018fL\u0130YEV: Su v\u0259 kanalizasiya x\u0259tl\u0259rinin \u00e7\u0259kili\u015fin\u0259 tezlikl\u0259 ba\u015flanmal\u0131d\u0131r. Y\u0259qin ki, ya bu il, ya g\u0259l\u0259n il ba\u015flanmal\u0131d\u0131r v\u0259 iki il \u0259rzind\u0259 b\u00fct\u00fcn bu layih\u0259 ba\u015fa \u00e7atmal\u0131d\u0131r. \u018ffsuslar olsun ki, su v\u0259 kanalizasiya x\u0259tl\u0259rinin \u00e7\u0259kili\u015fi b\u00fct\u00fcn b\u00f6lg\u0259l\u0259r \u00fc\u00e7\u00fcn \u0259n\u0259n\u0259vi problem olaraq qal\u0131r. Art\u0131q bu i\u015fl\u0259r\u0259 d\u0259 t\u0259kan verilmi\u015fdir. B\u0259zi rayonlarda i\u015fl\u0259r ba\u015flay\u0131b, b\u0259zi rayonlarda haz\u0131rl\u0131q i\u015fl\u0259ri gedir. Yax\u0131n zamanlarda bu m\u0259s\u0259l\u0259 d\u0259 \u00f6z h\u0259llini tapacaq. Bel\u0259likl\u0259 d\u0259 qazla\u015fd\u0131rma, elektrik enerjisi il\u0259 t\u0259chizat, su, kanalizasiya x\u0259tl\u0259rinin, k\u0259nd yollar\u0131n\u0131n \u00e7\u0259kili\u015fi &#8211; bunlara da b\u00f6y\u00fck ehtiyac var. Z\u0259rdab rayonunda da k\u0259nd yollar\u0131, \u0259ks\u0259r yollar torpaq yollar\u0131d\u0131r. Onlara da asfalt vurulmal\u0131d\u0131r. Konkret t\u0259klifl\u0259r verin. B\u0259zi rayonlarda m\u00fc\u0259yy\u0259n i\u015fl\u0259r g\u00f6r\u00fcl\u00fcb, yollar \u00e7\u0259kilib, burada da \u00e7\u0259kilm\u0259lidir. Rayonda ne\u00e7\u0259 k\u0259nd vard\u0131r?<\/p>\n<p align=\"justify\">L\u00fctv\u0259li BABAYEV: 41 k\u0259ndimiz vard\u0131r.<\/p>\n<p align=\"justify\">Prezident \u0130lham \u018fL\u0130YEV: \u018fhali n\u0259 q\u0259d\u0259rdir?<\/p>\n<p align=\"justify\">L\u00fctv\u0259li BABAYEV: Haz\u0131rda rayonumuzun 54 min \u0259halisi vard\u0131r. Sizin tap\u015f\u0131r\u0131\u011f\u0131n\u0131za \u0259sas\u0259n art\u0131q 41 k\u0259ndd\u0259 119 kilometr k\u0259ndaras\u0131 yollar \u00e7\u0259kilm\u0259lidir.<\/p>\n<p align=\"justify\">Prezident \u0130lham \u018fL\u0130YEV: T\u0259klifl\u0259rinizi vermisiniz?<\/p>\n<p align=\"justify\">L\u00fctv\u0259li BABAYEV: B\u0259li, c\u0259nab Prezident vermi\u015fik.<\/p>\n<p align=\"justify\">SAK\u0130N: C\u0259nab Prezident, veteranlar\u0131m\u0131z da, g\u0259ncl\u0259rimiz d\u0259 Sizi h\u0259dd\u0259n art\u0131q \u00e7ox ist\u0259yirl\u0259r.<\/p>\n<p align=\"justify\">Prezident \u0130lham \u018fL\u0130YEV: Sa\u011f olun, m\u0259n d\u0259 sizi \u00e7ox ist\u0259yir\u0259m. Veteranlara h\u0259mi\u015f\u0259 qay\u011f\u0131 g\u00f6st\u0259rilibdir v\u0259 g\u00f6st\u0259ril\u0259c\u0259kdir. O v\u0259sait bu g\u00fcnl\u0259rd\u0259 siz\u0259 \u00e7at\u0131bm\u0131?<\/p>\n<p align=\"justify\">SAK\u0130N: \u00c7at\u0131b. Bu diqq\u0259t v\u0259 qay\u011f\u0131 bizi \u00e7ox sevindirir.<\/p>\n<p align=\"justify\">Prezident \u0130lham \u018fL\u0130YEV: Siz buna layiqsiniz.<\/p>\n<p align=\"justify\">SAK\u0130N: M\u0259n idman\u00e7\u0131 olmu\u015fam, birinci d\u0259r\u0259c\u0259li alpinist\u0259m. Veteranlar\u0131m\u0131z da, g\u0259ncl\u0259rimiz d\u0259 Sizin siyas\u0259tinizi d\u0259st\u0259kl\u0259yirl\u0259r. Biz ham\u0131m\u0131z bir n\u0259f\u0259r kimi, Sizin \u0259traf\u0131n\u0131zda birl\u0259\u015fmi\u015fik. Sizin sadiq k\u00f6m\u0259k\u00e7il\u0259rinizik.<\/p>\n<p align=\"justify\">Prezident \u0130lham \u018fL\u0130YEV: Sa\u011f olun. M\u0259n bir q\u0259d\u0259r \u0259vv\u0259l v\u0259sait ay\u0131rd\u0131m ki, bayrama q\u0259d\u0259r ham\u0131ya \u00e7ats\u0131n. Pensiyalar\u0131n da m\u0259s\u0259l\u0259sin\u0259 bax\u0131l\u0131r, yen\u0259 d\u0259 bax\u0131lacaqd\u0131r.<\/p>\n<p align=\"justify\">G\u0259ncl\u0259r \u00fc\u00e7\u00fcn d\u0259 \u015f\u0259rait yarad\u0131l\u0131b, D\u00f6vl\u0259t Proqram\u0131 q\u0259bul olunacaqd\u0131r. H\u0259r yerd\u0259 g\u0259ncl\u0259r m\u0259rk\u0259zl\u0259ri tikilm\u0259lidir. G\u0259ncl\u0259rimiz \u00f6lk\u0259mizin inki\u015faf\u0131 yolunda f\u0259al i\u015fl\u0259m\u0259li v\u0259 \u00e7al\u0131\u015fmal\u0131d\u0131rlar. B\u00fct\u00fcn insanlar bir m\u0259qs\u0259d u\u011frunda \u00e7al\u0131\u015fmal\u0131d\u0131rlar ki, \u00f6lk\u0259mizi daha da g\u00fccl\u0259ndir\u0259k, inki\u015faf etdir\u0259k, m\u00fcasir d\u00f6vl\u0259t yaradaq. Buna nail olmaq \u00fc\u00e7\u00fcn b\u00fct\u00fcn rayonlarda i\u015fl\u0259r yax\u015f\u0131, y\u00fcks\u0259k s\u0259viyy\u0259d\u0259 getm\u0259lidir.<\/p>\n<p align=\"justify\">SAK\u0130N: C\u0259nab Prezident, veteranlar\u0131m\u0131z\u0131n, g\u0259ncl\u0259rimizin bir arzusu vard\u0131r: Ancaq v\u0259 ancaq Qaraba\u011f m\u0259s\u0259l\u0259si h\u0259ll olunsun. \u018fminik ki, Sizin s\u0259yl\u0259riniz n\u0259tic\u0259sind\u0259 bu m\u0259s\u0259l\u0259 h\u0259llini tapacaqd\u0131r. Biz bunu s\u0259birsizlikl\u0259 g\u00f6zl\u0259yirik. Sa\u011f olun.<\/p>\n<p align=\"center\"><strong>X X X<\/strong><\/p>\n<p>Rayon ictimaiyy\u0259tinin n\u00fcmay\u0259nd\u0259l\u0259ri Prezident \u0130lham \u018fliyev il\u0259 xatir\u0259 \u015f\u0259kli \u00e7\u0259kdirdil\u0259r.<\/p>\n<p>06 may 2011. <strong>www.zerdab.com<\/strong><\/p>\n<\/div>\n","protected":false},"excerpt":{"rendered":"<p>Az\u0259rbaycan Prezidenti \u0130lham \u018fliyev Z\u0259rdab rayonuna g\u0259lmi\u015fdir. D\u00f6vl\u0259t ba\u015f\u00e7\u0131s\u0131 \u0259vv\u0259lc\u0259 \u00fcmummilli lider Heyd\u0259r \u018fliyevin abid\u0259sini ziyar\u0259t etdi, \u00f6n\u00fcn\u0259 g\u00fcl d\u0259st\u0259si qoydu. Prezident \u0130lham \u018fliyev rayonun m\u0259rk\u0259zind\u0259 \u00fcmummilli liderin ad\u0131n\u0131 da\u015f\u0131yan parkda Heyd\u0259r \u018fliyev M\u0259rk\u0259zinin eskiz layih\u0259sin\u0259 baxd\u0131. Parkla tan\u0131\u015fl\u0131q zaman\u0131 d\u00f6vl\u0259timizin ba\u015f\u00e7\u0131s\u0131na m\u0259lumat verildi ki, bu istirah\u0259t m\u0259rk\u0259zi z\u0259rdabl\u0131lar\u0131n \u0259n \u00e7ox \u00fcz tutduqlar\u0131 m\u0259kand\u0131r. Bunu [&hellip;]<\/p>\n","protected":false},"author":1,"featured_media":0,"comment_status":"open","ping_status":"open","sticky":false,"template":"","format":"standard","meta":{"footnotes":""},"categories":[21],"tags":[],"class_list":{"0":"post-3941","1":"post","2":"type-post","3":"status-publish","4":"format-standard","6":"category-zrdab"},"yoast_head":"<!-- This site is optimized with the Yoast SEO plugin v27.0 - https:\/\/yoast.com\/product\/yoast-seo-wordpress\/ -->\n<title>Prezident \u0130lham \u018fliyevin Z\u0259rdab rayonuna s\u0259f\u0259ri - Z\u0259rdab.com<\/title>\n<meta name=\"robots\" content=\"index, follow, max-snippet:-1, max-image-preview:large, max-video-preview:-1\" \/>\n<link rel=\"canonical\" href=\"https:\/\/www.zerdab.com\/?p=3941\" \/>\n<meta property=\"og:locale\" content=\"az_AZ\" \/>\n<meta property=\"og:type\" content=\"article\" \/>\n<meta property=\"og:title\" content=\"Prezident \u0130lham \u018fliyevin Z\u0259rdab rayonuna s\u0259f\u0259ri - Z\u0259rdab.com\" \/>\n<meta property=\"og:description\" content=\"Az\u0259rbaycan Prezidenti \u0130lham \u018fliyev Z\u0259rdab rayonuna g\u0259lmi\u015fdir. D\u00f6vl\u0259t ba\u015f\u00e7\u0131s\u0131 \u0259vv\u0259lc\u0259 \u00fcmummilli lider Heyd\u0259r \u018fliyevin abid\u0259sini ziyar\u0259t etdi, \u00f6n\u00fcn\u0259 g\u00fcl d\u0259st\u0259si qoydu. Prezident \u0130lham \u018fliyev rayonun m\u0259rk\u0259zind\u0259 \u00fcmummilli liderin ad\u0131n\u0131 da\u015f\u0131yan parkda Heyd\u0259r \u018fliyev M\u0259rk\u0259zinin eskiz layih\u0259sin\u0259 baxd\u0131. Parkla tan\u0131\u015fl\u0131q zaman\u0131 d\u00f6vl\u0259timizin ba\u015f\u00e7\u0131s\u0131na m\u0259lumat verildi ki, bu istirah\u0259t m\u0259rk\u0259zi z\u0259rdabl\u0131lar\u0131n \u0259n \u00e7ox \u00fcz tutduqlar\u0131 m\u0259kand\u0131r. Bunu [&hellip;]\" \/>\n<meta property=\"og:url\" content=\"https:\/\/www.zerdab.com\/?p=3941\" \/>\n<meta property=\"og:site_name\" content=\"Z\u0259rdab.com\" \/>\n<meta property=\"article:published_time\" content=\"2012-05-05T23:52:31+00:00\" \/>\n<meta property=\"article:modified_time\" content=\"2014-10-02T17:40:37+00:00\" \/>\n<meta name=\"author\" content=\"admin\" \/>\n<meta name=\"twitter:card\" content=\"summary_large_image\" \/>\n<meta name=\"twitter:label1\" content=\"Written by\" \/>\n\t<meta name=\"twitter:data1\" content=\"admin\" \/>\n\t<meta name=\"twitter:label2\" content=\"Est. reading time\" \/>\n\t<meta name=\"twitter:data2\" content=\"11 minutes\" \/>\n<script type=\"application\/ld+json\" class=\"yoast-schema-graph\">{\"@context\":\"https:\/\/schema.org\",\"@graph\":[{\"@type\":\"Article\",\"@id\":\"https:\/\/www.zerdab.com\/?p=3941#article\",\"isPartOf\":{\"@id\":\"https:\/\/www.zerdab.com\/?p=3941\"},\"author\":{\"name\":\"admin\",\"@id\":\"https:\/\/www.zerdab.com\/#\/schema\/person\/97079b7570c1e89ec0d9e138c3672136\"},\"headline\":\"Prezident \u0130lham \u018fliyevin Z\u0259rdab rayonuna s\u0259f\u0259ri\",\"datePublished\":\"2012-05-05T23:52:31+00:00\",\"dateModified\":\"2014-10-02T17:40:37+00:00\",\"mainEntityOfPage\":{\"@id\":\"https:\/\/www.zerdab.com\/?p=3941\"},\"wordCount\":2241,\"commentCount\":0,\"articleSection\":[\"C\u018fM\u0130YY\u018fT\"],\"inLanguage\":\"az\",\"potentialAction\":[{\"@type\":\"CommentAction\",\"name\":\"Comment\",\"target\":[\"https:\/\/www.zerdab.com\/?p=3941#respond\"]}]},{\"@type\":\"WebPage\",\"@id\":\"https:\/\/www.zerdab.com\/?p=3941\",\"url\":\"https:\/\/www.zerdab.com\/?p=3941\",\"name\":\"Prezident \u0130lham \u018fliyevin Z\u0259rdab rayonuna s\u0259f\u0259ri - Z\u0259rdab.com\",\"isPartOf\":{\"@id\":\"https:\/\/www.zerdab.com\/#website\"},\"datePublished\":\"2012-05-05T23:52:31+00:00\",\"dateModified\":\"2014-10-02T17:40:37+00:00\",\"author\":{\"@id\":\"https:\/\/www.zerdab.com\/#\/schema\/person\/97079b7570c1e89ec0d9e138c3672136\"},\"breadcrumb\":{\"@id\":\"https:\/\/www.zerdab.com\/?p=3941#breadcrumb\"},\"inLanguage\":\"az\",\"potentialAction\":[{\"@type\":\"ReadAction\",\"target\":[\"https:\/\/www.zerdab.com\/?p=3941\"]}]},{\"@type\":\"BreadcrumbList\",\"@id\":\"https:\/\/www.zerdab.com\/?p=3941#breadcrumb\",\"itemListElement\":[{\"@type\":\"ListItem\",\"position\":1,\"name\":\"Home\",\"item\":\"https:\/\/www.zerdab.com\/\"},{\"@type\":\"ListItem\",\"position\":2,\"name\":\"Prezident \u0130lham \u018fliyevin Z\u0259rdab rayonuna s\u0259f\u0259ri\"}]},{\"@type\":\"WebSite\",\"@id\":\"https:\/\/www.zerdab.com\/#website\",\"url\":\"https:\/\/www.zerdab.com\/\",\"name\":\"Z\u0259rdab.com\",\"description\":\"\",\"potentialAction\":[{\"@type\":\"SearchAction\",\"target\":{\"@type\":\"EntryPoint\",\"urlTemplate\":\"https:\/\/www.zerdab.com\/?s={search_term_string}\"},\"query-input\":{\"@type\":\"PropertyValueSpecification\",\"valueRequired\":true,\"valueName\":\"search_term_string\"}}],\"inLanguage\":\"az\"},{\"@type\":\"Person\",\"@id\":\"https:\/\/www.zerdab.com\/#\/schema\/person\/97079b7570c1e89ec0d9e138c3672136\",\"name\":\"admin\",\"image\":{\"@type\":\"ImageObject\",\"inLanguage\":\"az\",\"@id\":\"https:\/\/www.zerdab.com\/#\/schema\/person\/image\/\",\"url\":\"https:\/\/secure.gravatar.com\/avatar\/d9c52a9a27c32119cb6679a077fa3e2779e5f822c451cbf01098004361d466ec?s=96&d=mm&r=g\",\"contentUrl\":\"https:\/\/secure.gravatar.com\/avatar\/d9c52a9a27c32119cb6679a077fa3e2779e5f822c451cbf01098004361d466ec?s=96&d=mm&r=g\",\"caption\":\"admin\"},\"url\":\"https:\/\/www.zerdab.com\/?author=1\"}]}<\/script>\n<!-- \/ Yoast SEO plugin. -->","yoast_head_json":{"title":"Prezident \u0130lham \u018fliyevin Z\u0259rdab rayonuna s\u0259f\u0259ri - Z\u0259rdab.com","robots":{"index":"index","follow":"follow","max-snippet":"max-snippet:-1","max-image-preview":"max-image-preview:large","max-video-preview":"max-video-preview:-1"},"canonical":"https:\/\/www.zerdab.com\/?p=3941","og_locale":"az_AZ","og_type":"article","og_title":"Prezident \u0130lham \u018fliyevin Z\u0259rdab rayonuna s\u0259f\u0259ri - Z\u0259rdab.com","og_description":"Az\u0259rbaycan Prezidenti \u0130lham \u018fliyev Z\u0259rdab rayonuna g\u0259lmi\u015fdir. D\u00f6vl\u0259t ba\u015f\u00e7\u0131s\u0131 \u0259vv\u0259lc\u0259 \u00fcmummilli lider Heyd\u0259r \u018fliyevin abid\u0259sini ziyar\u0259t etdi, \u00f6n\u00fcn\u0259 g\u00fcl d\u0259st\u0259si qoydu. Prezident \u0130lham \u018fliyev rayonun m\u0259rk\u0259zind\u0259 \u00fcmummilli liderin ad\u0131n\u0131 da\u015f\u0131yan parkda Heyd\u0259r \u018fliyev M\u0259rk\u0259zinin eskiz layih\u0259sin\u0259 baxd\u0131. Parkla tan\u0131\u015fl\u0131q zaman\u0131 d\u00f6vl\u0259timizin ba\u015f\u00e7\u0131s\u0131na m\u0259lumat verildi ki, bu istirah\u0259t m\u0259rk\u0259zi z\u0259rdabl\u0131lar\u0131n \u0259n \u00e7ox \u00fcz tutduqlar\u0131 m\u0259kand\u0131r. Bunu [&hellip;]","og_url":"https:\/\/www.zerdab.com\/?p=3941","og_site_name":"Z\u0259rdab.com","article_published_time":"2012-05-05T23:52:31+00:00","article_modified_time":"2014-10-02T17:40:37+00:00","author":"admin","twitter_card":"summary_large_image","twitter_misc":{"Written by":"admin","Est. reading time":"11 minutes"},"schema":{"@context":"https:\/\/schema.org","@graph":[{"@type":"Article","@id":"https:\/\/www.zerdab.com\/?p=3941#article","isPartOf":{"@id":"https:\/\/www.zerdab.com\/?p=3941"},"author":{"name":"admin","@id":"https:\/\/www.zerdab.com\/#\/schema\/person\/97079b7570c1e89ec0d9e138c3672136"},"headline":"Prezident \u0130lham \u018fliyevin Z\u0259rdab rayonuna s\u0259f\u0259ri","datePublished":"2012-05-05T23:52:31+00:00","dateModified":"2014-10-02T17:40:37+00:00","mainEntityOfPage":{"@id":"https:\/\/www.zerdab.com\/?p=3941"},"wordCount":2241,"commentCount":0,"articleSection":["C\u018fM\u0130YY\u018fT"],"inLanguage":"az","potentialAction":[{"@type":"CommentAction","name":"Comment","target":["https:\/\/www.zerdab.com\/?p=3941#respond"]}]},{"@type":"WebPage","@id":"https:\/\/www.zerdab.com\/?p=3941","url":"https:\/\/www.zerdab.com\/?p=3941","name":"Prezident \u0130lham \u018fliyevin Z\u0259rdab rayonuna s\u0259f\u0259ri - Z\u0259rdab.com","isPartOf":{"@id":"https:\/\/www.zerdab.com\/#website"},"datePublished":"2012-05-05T23:52:31+00:00","dateModified":"2014-10-02T17:40:37+00:00","author":{"@id":"https:\/\/www.zerdab.com\/#\/schema\/person\/97079b7570c1e89ec0d9e138c3672136"},"breadcrumb":{"@id":"https:\/\/www.zerdab.com\/?p=3941#breadcrumb"},"inLanguage":"az","potentialAction":[{"@type":"ReadAction","target":["https:\/\/www.zerdab.com\/?p=3941"]}]},{"@type":"BreadcrumbList","@id":"https:\/\/www.zerdab.com\/?p=3941#breadcrumb","itemListElement":[{"@type":"ListItem","position":1,"name":"Home","item":"https:\/\/www.zerdab.com\/"},{"@type":"ListItem","position":2,"name":"Prezident \u0130lham \u018fliyevin Z\u0259rdab rayonuna s\u0259f\u0259ri"}]},{"@type":"WebSite","@id":"https:\/\/www.zerdab.com\/#website","url":"https:\/\/www.zerdab.com\/","name":"Z\u0259rdab.com","description":"","potentialAction":[{"@type":"SearchAction","target":{"@type":"EntryPoint","urlTemplate":"https:\/\/www.zerdab.com\/?s={search_term_string}"},"query-input":{"@type":"PropertyValueSpecification","valueRequired":true,"valueName":"search_term_string"}}],"inLanguage":"az"},{"@type":"Person","@id":"https:\/\/www.zerdab.com\/#\/schema\/person\/97079b7570c1e89ec0d9e138c3672136","name":"admin","image":{"@type":"ImageObject","inLanguage":"az","@id":"https:\/\/www.zerdab.com\/#\/schema\/person\/image\/","url":"https:\/\/secure.gravatar.com\/avatar\/d9c52a9a27c32119cb6679a077fa3e2779e5f822c451cbf01098004361d466ec?s=96&d=mm&r=g","contentUrl":"https:\/\/secure.gravatar.com\/avatar\/d9c52a9a27c32119cb6679a077fa3e2779e5f822c451cbf01098004361d466ec?s=96&d=mm&r=g","caption":"admin"},"url":"https:\/\/www.zerdab.com\/?author=1"}]}},"_links":{"self":[{"href":"https:\/\/www.zerdab.com\/index.php?rest_route=\/wp\/v2\/posts\/3941","targetHints":{"allow":["GET"]}}],"collection":[{"href":"https:\/\/www.zerdab.com\/index.php?rest_route=\/wp\/v2\/posts"}],"about":[{"href":"https:\/\/www.zerdab.com\/index.php?rest_route=\/wp\/v2\/types\/post"}],"author":[{"embeddable":true,"href":"https:\/\/www.zerdab.com\/index.php?rest_route=\/wp\/v2\/users\/1"}],"replies":[{"embeddable":true,"href":"https:\/\/www.zerdab.com\/index.php?rest_route=%2Fwp%2Fv2%2Fcomments&post=3941"}],"version-history":[{"count":7,"href":"https:\/\/www.zerdab.com\/index.php?rest_route=\/wp\/v2\/posts\/3941\/revisions"}],"predecessor-version":[{"id":3944,"href":"https:\/\/www.zerdab.com\/index.php?rest_route=\/wp\/v2\/posts\/3941\/revisions\/3944"}],"wp:attachment":[{"href":"https:\/\/www.zerdab.com\/index.php?rest_route=%2Fwp%2Fv2%2Fmedia&parent=3941"}],"wp:term":[{"taxonomy":"category","embeddable":true,"href":"https:\/\/www.zerdab.com\/index.php?rest_route=%2Fwp%2Fv2%2Fcategories&post=3941"},{"taxonomy":"post_tag","embeddable":true,"href":"https:\/\/www.zerdab.com\/index.php?rest_route=%2Fwp%2Fv2%2Ftags&post=3941"}],"curies":[{"name":"wp","href":"https:\/\/api.w.org\/{rel}","templated":true}]}}