{"id":3946,"date":"2012-06-19T05:03:02","date_gmt":"2012-06-19T00:03:02","guid":{"rendered":"http:\/\/www.zerdab.com\/?p=3946"},"modified":"2014-10-02T22:39:45","modified_gmt":"2014-10-02T17:39:45","slug":"z%c9%99rdab-rayonunun-sosial-iqtisadi-inkisafinin-sur%c9%99tl%c9%99ndirilm%c9%99sin%c9%99-dair-%c9%99lav%c9%99-t%c9%99dbirl%c9%99r-haqqinda-s%c9%99r%c9%99ncam","status":"publish","type":"post","link":"https:\/\/www.zerdab.com\/?p=3946","title":{"rendered":"Z\u0259rdab rayonunun sosial-iqtisadi inki\u015faf\u0131n\u0131n s\u00fcr\u0259tl\u0259ndirilm\u0259sin\u0259 dair \u0259lav\u0259 t\u0259dbirl\u0259r haqq\u0131nda S\u0259r\u0259ncam"},"content":{"rendered":"<div id=\"page_wrapper\">\n<p>Az\u0259rbaycan Respublikas\u0131 Konstitusiyas\u0131n\u0131n 109-cu madd\u0259sinin 32-ci b\u0259ndini r\u0259hb\u0259r tutaraq q\u0259rara al\u0131ram:<\/p>\n<p>1. Doqquz min n\u0259f\u0259r \u0259halinin ya\u015fad\u0131\u011f\u0131 8 ya\u015fay\u0131\u015f m\u0259nt\u0259q\u0259sini birl\u0259\u015fdir\u0259n Z\u0259rdab-Yuxar\u0131 Seyidl\u0259r-Sil\u0259yli avtomobil yolunun tikintisi m\u0259qs\u0259di il\u0259 Az\u0259rbaycan Respublikas\u0131n\u0131n 2012-ci il d\u00f6vl\u0259t b\u00fcdc\u0259sinin d\u00f6vl\u0259t \u0259sasl\u0131 v\u0259sait qoyulu\u015fu x\u0259rcl\u0259rinin b\u00f6lg\u00fcs\u00fcnd\u0259 k\u0259ndl\u0259raras\u0131 avtomobil yollar\u0131n\u0131n tikintisi v\u0259 yenid\u0259n qurulmas\u0131 \u00fc\u00e7\u00fcn n\u0259z\u0259rd\u0259 tutulmu\u015f v\u0259saitin ilkin olaraq 5,4 (be\u015f milyon d\u00f6rd y\u00fcz min) milyon manat\u0131 Z\u0259rdab Rayon \u0130cra Hakimiyy\u0259tin\u0259 ayr\u0131ls\u0131n.<\/p>\n<p>2. Az\u0259rbaycan Respublikas\u0131n\u0131n Maliyy\u0259 Nazirliyi bu S\u0259r\u0259ncam\u0131n 1-ci hiss\u0259sind\u0259 n\u0259z\u0259rd\u0259 tutulan m\u0259bl\u0259\u011fd\u0259 maliyy\u0259l\u0259\u015fm\u0259ni m\u00fc\u0259yy\u0259n olunmu\u015f qaydada t\u0259min etsin.<\/p>\n<p>3. Az\u0259rbaycan Respublikas\u0131n\u0131n Nazirl\u0259r Kabineti bu S\u0259r\u0259ncamdan ir\u0259li g\u0259l\u0259n m\u0259s\u0259l\u0259l\u0259ri h\u0259ll etsin.<\/p>\n<p>\u0130lham \u018fliyev<br \/>\nAz\u0259rbaycan Respublikas\u0131n\u0131n Prezidenti<\/p>\n<p>Bak\u0131 \u015f\u0259h\u0259ri, 19 iyun 2012-ci il.<\/p>\n<\/div>\n","protected":false},"excerpt":{"rendered":"<p>Az\u0259rbaycan Respublikas\u0131 Konstitusiyas\u0131n\u0131n 109-cu madd\u0259sinin 32-ci b\u0259ndini r\u0259hb\u0259r tutaraq q\u0259rara al\u0131ram: 1. Doqquz min n\u0259f\u0259r \u0259halinin ya\u015fad\u0131\u011f\u0131 8 ya\u015fay\u0131\u015f m\u0259nt\u0259q\u0259sini birl\u0259\u015fdir\u0259n Z\u0259rdab-Yuxar\u0131 Seyidl\u0259r-Sil\u0259yli avtomobil yolunun tikintisi m\u0259qs\u0259di il\u0259 Az\u0259rbaycan Respublikas\u0131n\u0131n 2012-ci il d\u00f6vl\u0259t b\u00fcdc\u0259sinin d\u00f6vl\u0259t \u0259sasl\u0131 v\u0259sait qoyulu\u015fu x\u0259rcl\u0259rinin b\u00f6lg\u00fcs\u00fcnd\u0259 k\u0259ndl\u0259raras\u0131 avtomobil yollar\u0131n\u0131n tikintisi v\u0259 yenid\u0259n qurulmas\u0131 \u00fc\u00e7\u00fcn n\u0259z\u0259rd\u0259 tutulmu\u015f v\u0259saitin ilkin olaraq 5,4 (be\u015f [&hellip;]<\/p>\n","protected":false},"author":1,"featured_media":0,"comment_status":"open","ping_status":"open","sticky":false,"template":"","format":"standard","meta":{"footnotes":""},"categories":[21],"tags":[],"class_list":{"0":"post-3946","1":"post","2":"type-post","3":"status-publish","4":"format-standard","6":"category-zrdab"},"yoast_head":"<!-- This site is optimized with the Yoast SEO plugin v27.0 - https:\/\/yoast.com\/product\/yoast-seo-wordpress\/ -->\n<title>Z\u0259rdab rayonunun sosial-iqtisadi inki\u015faf\u0131n\u0131n s\u00fcr\u0259tl\u0259ndirilm\u0259sin\u0259 dair \u0259lav\u0259 t\u0259dbirl\u0259r haqq\u0131nda S\u0259r\u0259ncam - Z\u0259rdab.com<\/title>\n<meta name=\"robots\" content=\"index, follow, max-snippet:-1, max-image-preview:large, max-video-preview:-1\" \/>\n<link rel=\"canonical\" href=\"https:\/\/www.zerdab.com\/?p=3946\" \/>\n<meta property=\"og:locale\" content=\"az_AZ\" \/>\n<meta property=\"og:type\" content=\"article\" \/>\n<meta property=\"og:title\" content=\"Z\u0259rdab rayonunun sosial-iqtisadi inki\u015faf\u0131n\u0131n s\u00fcr\u0259tl\u0259ndirilm\u0259sin\u0259 dair \u0259lav\u0259 t\u0259dbirl\u0259r haqq\u0131nda S\u0259r\u0259ncam - Z\u0259rdab.com\" \/>\n<meta property=\"og:description\" content=\"Az\u0259rbaycan Respublikas\u0131 Konstitusiyas\u0131n\u0131n 109-cu madd\u0259sinin 32-ci b\u0259ndini r\u0259hb\u0259r tutaraq q\u0259rara al\u0131ram: 1. Doqquz min n\u0259f\u0259r \u0259halinin ya\u015fad\u0131\u011f\u0131 8 ya\u015fay\u0131\u015f m\u0259nt\u0259q\u0259sini birl\u0259\u015fdir\u0259n Z\u0259rdab-Yuxar\u0131 Seyidl\u0259r-Sil\u0259yli avtomobil yolunun tikintisi m\u0259qs\u0259di il\u0259 Az\u0259rbaycan Respublikas\u0131n\u0131n 2012-ci il d\u00f6vl\u0259t b\u00fcdc\u0259sinin d\u00f6vl\u0259t \u0259sasl\u0131 v\u0259sait qoyulu\u015fu x\u0259rcl\u0259rinin b\u00f6lg\u00fcs\u00fcnd\u0259 k\u0259ndl\u0259raras\u0131 avtomobil yollar\u0131n\u0131n tikintisi v\u0259 yenid\u0259n qurulmas\u0131 \u00fc\u00e7\u00fcn n\u0259z\u0259rd\u0259 tutulmu\u015f v\u0259saitin ilkin olaraq 5,4 (be\u015f [&hellip;]\" \/>\n<meta property=\"og:url\" content=\"https:\/\/www.zerdab.com\/?p=3946\" \/>\n<meta property=\"og:site_name\" content=\"Z\u0259rdab.com\" \/>\n<meta property=\"article:published_time\" content=\"2012-06-19T00:03:02+00:00\" \/>\n<meta property=\"article:modified_time\" content=\"2014-10-02T17:39:45+00:00\" \/>\n<meta name=\"author\" content=\"admin\" \/>\n<meta name=\"twitter:card\" content=\"summary_large_image\" \/>\n<meta name=\"twitter:label1\" content=\"Written by\" \/>\n\t<meta name=\"twitter:data1\" content=\"admin\" \/>\n\t<meta name=\"twitter:label2\" content=\"Est. reading time\" \/>\n\t<meta name=\"twitter:data2\" content=\"1 minute\" \/>\n<script type=\"application\/ld+json\" class=\"yoast-schema-graph\">{\"@context\":\"https:\/\/schema.org\",\"@graph\":[{\"@type\":\"Article\",\"@id\":\"https:\/\/www.zerdab.com\/?p=3946#article\",\"isPartOf\":{\"@id\":\"https:\/\/www.zerdab.com\/?p=3946\"},\"author\":{\"name\":\"admin\",\"@id\":\"https:\/\/www.zerdab.com\/#\/schema\/person\/97079b7570c1e89ec0d9e138c3672136\"},\"headline\":\"Z\u0259rdab rayonunun sosial-iqtisadi inki\u015faf\u0131n\u0131n s\u00fcr\u0259tl\u0259ndirilm\u0259sin\u0259 dair \u0259lav\u0259 t\u0259dbirl\u0259r haqq\u0131nda S\u0259r\u0259ncam\",\"datePublished\":\"2012-06-19T00:03:02+00:00\",\"dateModified\":\"2014-10-02T17:39:45+00:00\",\"mainEntityOfPage\":{\"@id\":\"https:\/\/www.zerdab.com\/?p=3946\"},\"wordCount\":212,\"commentCount\":0,\"articleSection\":[\"C\u018fM\u0130YY\u018fT\"],\"inLanguage\":\"az\",\"potentialAction\":[{\"@type\":\"CommentAction\",\"name\":\"Comment\",\"target\":[\"https:\/\/www.zerdab.com\/?p=3946#respond\"]}]},{\"@type\":\"WebPage\",\"@id\":\"https:\/\/www.zerdab.com\/?p=3946\",\"url\":\"https:\/\/www.zerdab.com\/?p=3946\",\"name\":\"Z\u0259rdab rayonunun sosial-iqtisadi inki\u015faf\u0131n\u0131n s\u00fcr\u0259tl\u0259ndirilm\u0259sin\u0259 dair \u0259lav\u0259 t\u0259dbirl\u0259r haqq\u0131nda S\u0259r\u0259ncam - Z\u0259rdab.com\",\"isPartOf\":{\"@id\":\"https:\/\/www.zerdab.com\/#website\"},\"datePublished\":\"2012-06-19T00:03:02+00:00\",\"dateModified\":\"2014-10-02T17:39:45+00:00\",\"author\":{\"@id\":\"https:\/\/www.zerdab.com\/#\/schema\/person\/97079b7570c1e89ec0d9e138c3672136\"},\"breadcrumb\":{\"@id\":\"https:\/\/www.zerdab.com\/?p=3946#breadcrumb\"},\"inLanguage\":\"az\",\"potentialAction\":[{\"@type\":\"ReadAction\",\"target\":[\"https:\/\/www.zerdab.com\/?p=3946\"]}]},{\"@type\":\"BreadcrumbList\",\"@id\":\"https:\/\/www.zerdab.com\/?p=3946#breadcrumb\",\"itemListElement\":[{\"@type\":\"ListItem\",\"position\":1,\"name\":\"Home\",\"item\":\"https:\/\/www.zerdab.com\/\"},{\"@type\":\"ListItem\",\"position\":2,\"name\":\"Z\u0259rdab rayonunun sosial-iqtisadi inki\u015faf\u0131n\u0131n s\u00fcr\u0259tl\u0259ndirilm\u0259sin\u0259 dair \u0259lav\u0259 t\u0259dbirl\u0259r haqq\u0131nda S\u0259r\u0259ncam\"}]},{\"@type\":\"WebSite\",\"@id\":\"https:\/\/www.zerdab.com\/#website\",\"url\":\"https:\/\/www.zerdab.com\/\",\"name\":\"Z\u0259rdab.com\",\"description\":\"\",\"potentialAction\":[{\"@type\":\"SearchAction\",\"target\":{\"@type\":\"EntryPoint\",\"urlTemplate\":\"https:\/\/www.zerdab.com\/?s={search_term_string}\"},\"query-input\":{\"@type\":\"PropertyValueSpecification\",\"valueRequired\":true,\"valueName\":\"search_term_string\"}}],\"inLanguage\":\"az\"},{\"@type\":\"Person\",\"@id\":\"https:\/\/www.zerdab.com\/#\/schema\/person\/97079b7570c1e89ec0d9e138c3672136\",\"name\":\"admin\",\"image\":{\"@type\":\"ImageObject\",\"inLanguage\":\"az\",\"@id\":\"https:\/\/www.zerdab.com\/#\/schema\/person\/image\/\",\"url\":\"https:\/\/secure.gravatar.com\/avatar\/d9c52a9a27c32119cb6679a077fa3e2779e5f822c451cbf01098004361d466ec?s=96&d=mm&r=g\",\"contentUrl\":\"https:\/\/secure.gravatar.com\/avatar\/d9c52a9a27c32119cb6679a077fa3e2779e5f822c451cbf01098004361d466ec?s=96&d=mm&r=g\",\"caption\":\"admin\"},\"url\":\"https:\/\/www.zerdab.com\/?author=1\"}]}<\/script>\n<!-- \/ Yoast SEO plugin. -->","yoast_head_json":{"title":"Z\u0259rdab rayonunun sosial-iqtisadi inki\u015faf\u0131n\u0131n s\u00fcr\u0259tl\u0259ndirilm\u0259sin\u0259 dair \u0259lav\u0259 t\u0259dbirl\u0259r haqq\u0131nda S\u0259r\u0259ncam - Z\u0259rdab.com","robots":{"index":"index","follow":"follow","max-snippet":"max-snippet:-1","max-image-preview":"max-image-preview:large","max-video-preview":"max-video-preview:-1"},"canonical":"https:\/\/www.zerdab.com\/?p=3946","og_locale":"az_AZ","og_type":"article","og_title":"Z\u0259rdab rayonunun sosial-iqtisadi inki\u015faf\u0131n\u0131n s\u00fcr\u0259tl\u0259ndirilm\u0259sin\u0259 dair \u0259lav\u0259 t\u0259dbirl\u0259r haqq\u0131nda S\u0259r\u0259ncam - Z\u0259rdab.com","og_description":"Az\u0259rbaycan Respublikas\u0131 Konstitusiyas\u0131n\u0131n 109-cu madd\u0259sinin 32-ci b\u0259ndini r\u0259hb\u0259r tutaraq q\u0259rara al\u0131ram: 1. Doqquz min n\u0259f\u0259r \u0259halinin ya\u015fad\u0131\u011f\u0131 8 ya\u015fay\u0131\u015f m\u0259nt\u0259q\u0259sini birl\u0259\u015fdir\u0259n Z\u0259rdab-Yuxar\u0131 Seyidl\u0259r-Sil\u0259yli avtomobil yolunun tikintisi m\u0259qs\u0259di il\u0259 Az\u0259rbaycan Respublikas\u0131n\u0131n 2012-ci il d\u00f6vl\u0259t b\u00fcdc\u0259sinin d\u00f6vl\u0259t \u0259sasl\u0131 v\u0259sait qoyulu\u015fu x\u0259rcl\u0259rinin b\u00f6lg\u00fcs\u00fcnd\u0259 k\u0259ndl\u0259raras\u0131 avtomobil yollar\u0131n\u0131n tikintisi v\u0259 yenid\u0259n qurulmas\u0131 \u00fc\u00e7\u00fcn n\u0259z\u0259rd\u0259 tutulmu\u015f v\u0259saitin ilkin olaraq 5,4 (be\u015f [&hellip;]","og_url":"https:\/\/www.zerdab.com\/?p=3946","og_site_name":"Z\u0259rdab.com","article_published_time":"2012-06-19T00:03:02+00:00","article_modified_time":"2014-10-02T17:39:45+00:00","author":"admin","twitter_card":"summary_large_image","twitter_misc":{"Written by":"admin","Est. reading time":"1 minute"},"schema":{"@context":"https:\/\/schema.org","@graph":[{"@type":"Article","@id":"https:\/\/www.zerdab.com\/?p=3946#article","isPartOf":{"@id":"https:\/\/www.zerdab.com\/?p=3946"},"author":{"name":"admin","@id":"https:\/\/www.zerdab.com\/#\/schema\/person\/97079b7570c1e89ec0d9e138c3672136"},"headline":"Z\u0259rdab rayonunun sosial-iqtisadi inki\u015faf\u0131n\u0131n s\u00fcr\u0259tl\u0259ndirilm\u0259sin\u0259 dair \u0259lav\u0259 t\u0259dbirl\u0259r haqq\u0131nda S\u0259r\u0259ncam","datePublished":"2012-06-19T00:03:02+00:00","dateModified":"2014-10-02T17:39:45+00:00","mainEntityOfPage":{"@id":"https:\/\/www.zerdab.com\/?p=3946"},"wordCount":212,"commentCount":0,"articleSection":["C\u018fM\u0130YY\u018fT"],"inLanguage":"az","potentialAction":[{"@type":"CommentAction","name":"Comment","target":["https:\/\/www.zerdab.com\/?p=3946#respond"]}]},{"@type":"WebPage","@id":"https:\/\/www.zerdab.com\/?p=3946","url":"https:\/\/www.zerdab.com\/?p=3946","name":"Z\u0259rdab rayonunun sosial-iqtisadi inki\u015faf\u0131n\u0131n s\u00fcr\u0259tl\u0259ndirilm\u0259sin\u0259 dair \u0259lav\u0259 t\u0259dbirl\u0259r haqq\u0131nda S\u0259r\u0259ncam - Z\u0259rdab.com","isPartOf":{"@id":"https:\/\/www.zerdab.com\/#website"},"datePublished":"2012-06-19T00:03:02+00:00","dateModified":"2014-10-02T17:39:45+00:00","author":{"@id":"https:\/\/www.zerdab.com\/#\/schema\/person\/97079b7570c1e89ec0d9e138c3672136"},"breadcrumb":{"@id":"https:\/\/www.zerdab.com\/?p=3946#breadcrumb"},"inLanguage":"az","potentialAction":[{"@type":"ReadAction","target":["https:\/\/www.zerdab.com\/?p=3946"]}]},{"@type":"BreadcrumbList","@id":"https:\/\/www.zerdab.com\/?p=3946#breadcrumb","itemListElement":[{"@type":"ListItem","position":1,"name":"Home","item":"https:\/\/www.zerdab.com\/"},{"@type":"ListItem","position":2,"name":"Z\u0259rdab rayonunun sosial-iqtisadi inki\u015faf\u0131n\u0131n s\u00fcr\u0259tl\u0259ndirilm\u0259sin\u0259 dair \u0259lav\u0259 t\u0259dbirl\u0259r haqq\u0131nda S\u0259r\u0259ncam"}]},{"@type":"WebSite","@id":"https:\/\/www.zerdab.com\/#website","url":"https:\/\/www.zerdab.com\/","name":"Z\u0259rdab.com","description":"","potentialAction":[{"@type":"SearchAction","target":{"@type":"EntryPoint","urlTemplate":"https:\/\/www.zerdab.com\/?s={search_term_string}"},"query-input":{"@type":"PropertyValueSpecification","valueRequired":true,"valueName":"search_term_string"}}],"inLanguage":"az"},{"@type":"Person","@id":"https:\/\/www.zerdab.com\/#\/schema\/person\/97079b7570c1e89ec0d9e138c3672136","name":"admin","image":{"@type":"ImageObject","inLanguage":"az","@id":"https:\/\/www.zerdab.com\/#\/schema\/person\/image\/","url":"https:\/\/secure.gravatar.com\/avatar\/d9c52a9a27c32119cb6679a077fa3e2779e5f822c451cbf01098004361d466ec?s=96&d=mm&r=g","contentUrl":"https:\/\/secure.gravatar.com\/avatar\/d9c52a9a27c32119cb6679a077fa3e2779e5f822c451cbf01098004361d466ec?s=96&d=mm&r=g","caption":"admin"},"url":"https:\/\/www.zerdab.com\/?author=1"}]}},"_links":{"self":[{"href":"https:\/\/www.zerdab.com\/index.php?rest_route=\/wp\/v2\/posts\/3946","targetHints":{"allow":["GET"]}}],"collection":[{"href":"https:\/\/www.zerdab.com\/index.php?rest_route=\/wp\/v2\/posts"}],"about":[{"href":"https:\/\/www.zerdab.com\/index.php?rest_route=\/wp\/v2\/types\/post"}],"author":[{"embeddable":true,"href":"https:\/\/www.zerdab.com\/index.php?rest_route=\/wp\/v2\/users\/1"}],"replies":[{"embeddable":true,"href":"https:\/\/www.zerdab.com\/index.php?rest_route=%2Fwp%2Fv2%2Fcomments&post=3946"}],"version-history":[{"count":3,"href":"https:\/\/www.zerdab.com\/index.php?rest_route=\/wp\/v2\/posts\/3946\/revisions"}],"predecessor-version":[{"id":3948,"href":"https:\/\/www.zerdab.com\/index.php?rest_route=\/wp\/v2\/posts\/3946\/revisions\/3948"}],"wp:attachment":[{"href":"https:\/\/www.zerdab.com\/index.php?rest_route=%2Fwp%2Fv2%2Fmedia&parent=3946"}],"wp:term":[{"taxonomy":"category","embeddable":true,"href":"https:\/\/www.zerdab.com\/index.php?rest_route=%2Fwp%2Fv2%2Fcategories&post=3946"},{"taxonomy":"post_tag","embeddable":true,"href":"https:\/\/www.zerdab.com\/index.php?rest_route=%2Fwp%2Fv2%2Ftags&post=3946"}],"curies":[{"name":"wp","href":"https:\/\/api.w.org\/{rel}","templated":true}]}}