{"id":3949,"date":"2012-06-04T05:06:11","date_gmt":"2012-06-04T00:06:11","guid":{"rendered":"http:\/\/www.zerdab.com\/?p=3949"},"modified":"2012-07-28T05:07:40","modified_gmt":"2012-07-28T00:07:40","slug":"h%c9%99s%c9%99n-b%c9%99y-z%c9%99rdabinin-170-illik-yubileyinin-kecirilm%c9%99si-haqqinda-s%c9%99r%c9%99ncam","status":"publish","type":"post","link":"https:\/\/www.zerdab.com\/?p=3949","title":{"rendered":"H\u0259s\u0259n b\u0259y Z\u0259rdabinin 170 illik yubileyinin ke\u00e7irilm\u0259si haqq\u0131nda S\u0259r\u0259ncam"},"content":{"rendered":"<div id=\"page_wrapper\">\n<p>2012-ci ild\u0259 Az\u0259rbaycan milli m\u0259tbuat\u0131n\u0131n banisi, g\u00f6rk\u0259mli ictimai xadim, b\u00f6y\u00fck maarifp\u0259rv\u0259r, tan\u0131nm\u0131\u015f publisist, pedaqoq v\u0259 t\u0259bi\u0259t\u015f\u00fcnas alim H\u0259s\u0259n b\u0259y S\u0259lim b\u0259y o\u011flu Z\u0259rdabinin (M\u0259likovun) 170 illiyi tamam olur.<\/p>\n<p>Az\u0259rbaycanda sosial-m\u0259d\u0259ni h\u0259yat\u0131n on doqquzuncu \u0259srin ikinci yar\u0131s\u0131ndan etibar\u0259n s\u00fcr\u0259tli canlanmas\u0131nda v\u0259 ictimai fikrin maarif\u00e7i-demokratik ideyalarla z\u0259nginl\u0259\u015fm\u0259sind\u0259 H\u0259s\u0259n b\u0259y Z\u0259rdabinin m\u00fcst\u0259sna xidm\u0259tl\u0259ri vard\u0131r. Z\u0259rdabi yarad\u0131c\u0131s\u0131, t\u0259\u015fkilat\u00e7\u0131s\u0131 v\u0259 redaktoru oldu\u011fu \u201c\u018fkin\u00e7i\u201d q\u0259zetini do\u011fma ana dilind\u0259 n\u0259\u015fr etdirm\u0259kl\u0259 milli m\u0259tbuat\u0131n b\u00fcn\u00f6vr\u0259sini qoymu\u015f, d\u00f6vr\u00fcn\u00fcn ziyal\u0131lar\u0131n\u0131 bu q\u0259zet \u0259traf\u0131nda birl\u0259\u015fdir\u0259r\u0259k taley\u00fckl\u00fc m\u00fch\u00fcm v\u0259zif\u0259l\u0259rin u\u011furla h\u0259yata ke\u00e7irilm\u0259sind\u0259 misilsiz rol oynam\u0131\u015fd\u0131r.<\/p>\n<p>Xalq\u0131m\u0131z\u0131n m\u0259d\u0259ni-ictimai fikir tarixin\u0259 d\u0259y\u0259rli t\u00f6hf\u0259l\u0259r vermi\u015f H\u0259s\u0259n b\u0259y Z\u0259rdabinin 170 illik yubileyinin layiqinc\u0259 ke\u00e7irilm\u0259sini t\u0259min etm\u0259k m\u0259qs\u0259di il\u0259, Az\u0259rbaycan Respublikas\u0131 Konstitusiyas\u0131n\u0131n 109-cu madd\u0259sinin 32-ci b\u0259ndini r\u0259hb\u0259r tutaraq q\u0259rara al\u0131ram:<\/p>\n<p>1. Az\u0259rbaycan Milli Elml\u0259r Akademiyas\u0131 Az\u0259rbaycan Respublikas\u0131n\u0131n T\u0259hsil Nazirliyi v\u0259 Az\u0259rbaycan Respublikas\u0131n\u0131n M\u0259d\u0259niyy\u0259t v\u0259 Turizm Nazirliyi il\u0259 birlikd\u0259 H\u0259s\u0259n b\u0259y Z\u0259rdabinin 170 illik yubileyin\u0259 h\u0259sr olunmu\u015f t\u0259dbirl\u0259r plan\u0131n\u0131 haz\u0131rlay\u0131b h\u0259yata ke\u00e7irsin.<\/p>\n<p>2. Az\u0259rbaycan Respublikas\u0131n\u0131n Nazirl\u0259r Kabineti bu S\u0259r\u0259ncamdan ir\u0259li g\u0259l\u0259n m\u0259s\u0259l\u0259l\u0259ri h\u0259ll etsin.<\/p>\n<p>\u0130lham \u018fliyev<br \/>\nAz\u0259rbaycan Respublikas\u0131n\u0131n Prezidenti<\/p>\n<p>Bak\u0131 \u015f\u0259h\u0259ri, 4 iyun 2012-ci il.<\/p>\n<\/div>\n","protected":false},"excerpt":{"rendered":"<p>2012-ci ild\u0259 Az\u0259rbaycan milli m\u0259tbuat\u0131n\u0131n banisi, g\u00f6rk\u0259mli ictimai xadim, b\u00f6y\u00fck maarifp\u0259rv\u0259r, tan\u0131nm\u0131\u015f publisist, pedaqoq v\u0259 t\u0259bi\u0259t\u015f\u00fcnas alim H\u0259s\u0259n b\u0259y S\u0259lim b\u0259y o\u011flu Z\u0259rdabinin (M\u0259likovun) 170 illiyi tamam olur. Az\u0259rbaycanda sosial-m\u0259d\u0259ni h\u0259yat\u0131n on doqquzuncu \u0259srin ikinci yar\u0131s\u0131ndan etibar\u0259n s\u00fcr\u0259tli canlanmas\u0131nda v\u0259 ictimai fikrin maarif\u00e7i-demokratik ideyalarla z\u0259nginl\u0259\u015fm\u0259sind\u0259 H\u0259s\u0259n b\u0259y Z\u0259rdabinin m\u00fcst\u0259sna xidm\u0259tl\u0259ri vard\u0131r. Z\u0259rdabi yarad\u0131c\u0131s\u0131, t\u0259\u015fkilat\u00e7\u0131s\u0131 v\u0259 [&hellip;]<\/p>\n","protected":false},"author":1,"featured_media":0,"comment_status":"open","ping_status":"open","sticky":false,"template":"","format":"standard","meta":{"footnotes":""},"categories":[20],"tags":[],"class_list":{"0":"post-3949","1":"post","2":"type-post","3":"status-publish","4":"format-standard","6":"category-kinci-zrdab-ziyali-qzet-tbitsunas"},"yoast_head":"<!-- This site is optimized with the Yoast SEO plugin v27.0 - https:\/\/yoast.com\/product\/yoast-seo-wordpress\/ -->\n<title>H\u0259s\u0259n b\u0259y Z\u0259rdabinin 170 illik yubileyinin ke\u00e7irilm\u0259si haqq\u0131nda S\u0259r\u0259ncam  - Z\u0259rdab.com<\/title>\n<meta name=\"robots\" content=\"index, follow, max-snippet:-1, max-image-preview:large, max-video-preview:-1\" \/>\n<link rel=\"canonical\" href=\"https:\/\/www.zerdab.com\/?p=3949\" \/>\n<meta property=\"og:locale\" content=\"az_AZ\" \/>\n<meta property=\"og:type\" content=\"article\" \/>\n<meta property=\"og:title\" content=\"H\u0259s\u0259n b\u0259y Z\u0259rdabinin 170 illik yubileyinin ke\u00e7irilm\u0259si haqq\u0131nda S\u0259r\u0259ncam  - Z\u0259rdab.com\" \/>\n<meta property=\"og:description\" content=\"2012-ci ild\u0259 Az\u0259rbaycan milli m\u0259tbuat\u0131n\u0131n banisi, g\u00f6rk\u0259mli ictimai xadim, b\u00f6y\u00fck maarifp\u0259rv\u0259r, tan\u0131nm\u0131\u015f publisist, pedaqoq v\u0259 t\u0259bi\u0259t\u015f\u00fcnas alim H\u0259s\u0259n b\u0259y S\u0259lim b\u0259y o\u011flu Z\u0259rdabinin (M\u0259likovun) 170 illiyi tamam olur. Az\u0259rbaycanda sosial-m\u0259d\u0259ni h\u0259yat\u0131n on doqquzuncu \u0259srin ikinci yar\u0131s\u0131ndan etibar\u0259n s\u00fcr\u0259tli canlanmas\u0131nda v\u0259 ictimai fikrin maarif\u00e7i-demokratik ideyalarla z\u0259nginl\u0259\u015fm\u0259sind\u0259 H\u0259s\u0259n b\u0259y Z\u0259rdabinin m\u00fcst\u0259sna xidm\u0259tl\u0259ri vard\u0131r. Z\u0259rdabi yarad\u0131c\u0131s\u0131, t\u0259\u015fkilat\u00e7\u0131s\u0131 v\u0259 [&hellip;]\" \/>\n<meta property=\"og:url\" content=\"https:\/\/www.zerdab.com\/?p=3949\" \/>\n<meta property=\"og:site_name\" content=\"Z\u0259rdab.com\" \/>\n<meta property=\"article:published_time\" content=\"2012-06-04T00:06:11+00:00\" \/>\n<meta property=\"article:modified_time\" content=\"2012-07-28T00:07:40+00:00\" \/>\n<meta name=\"author\" content=\"admin\" \/>\n<meta name=\"twitter:card\" content=\"summary_large_image\" \/>\n<meta name=\"twitter:label1\" content=\"Written by\" \/>\n\t<meta name=\"twitter:data1\" content=\"admin\" \/>\n\t<meta name=\"twitter:label2\" content=\"Est. reading time\" \/>\n\t<meta name=\"twitter:data2\" content=\"2 minutes\" \/>\n<script type=\"application\/ld+json\" class=\"yoast-schema-graph\">{\"@context\":\"https:\/\/schema.org\",\"@graph\":[{\"@type\":\"Article\",\"@id\":\"https:\/\/www.zerdab.com\/?p=3949#article\",\"isPartOf\":{\"@id\":\"https:\/\/www.zerdab.com\/?p=3949\"},\"author\":{\"name\":\"admin\",\"@id\":\"https:\/\/www.zerdab.com\/#\/schema\/person\/97079b7570c1e89ec0d9e138c3672136\"},\"headline\":\"H\u0259s\u0259n b\u0259y Z\u0259rdabinin 170 illik yubileyinin ke\u00e7irilm\u0259si haqq\u0131nda S\u0259r\u0259ncam\",\"datePublished\":\"2012-06-04T00:06:11+00:00\",\"dateModified\":\"2012-07-28T00:07:40+00:00\",\"mainEntityOfPage\":{\"@id\":\"https:\/\/www.zerdab.com\/?p=3949\"},\"wordCount\":333,\"commentCount\":0,\"articleSection\":[\"H\u018fS\u018fN B\u018fY Z\u018fRDAB\u0130\"],\"inLanguage\":\"az\",\"potentialAction\":[{\"@type\":\"CommentAction\",\"name\":\"Comment\",\"target\":[\"https:\/\/www.zerdab.com\/?p=3949#respond\"]}]},{\"@type\":\"WebPage\",\"@id\":\"https:\/\/www.zerdab.com\/?p=3949\",\"url\":\"https:\/\/www.zerdab.com\/?p=3949\",\"name\":\"H\u0259s\u0259n b\u0259y Z\u0259rdabinin 170 illik yubileyinin ke\u00e7irilm\u0259si haqq\u0131nda S\u0259r\u0259ncam - Z\u0259rdab.com\",\"isPartOf\":{\"@id\":\"https:\/\/www.zerdab.com\/#website\"},\"datePublished\":\"2012-06-04T00:06:11+00:00\",\"dateModified\":\"2012-07-28T00:07:40+00:00\",\"author\":{\"@id\":\"https:\/\/www.zerdab.com\/#\/schema\/person\/97079b7570c1e89ec0d9e138c3672136\"},\"breadcrumb\":{\"@id\":\"https:\/\/www.zerdab.com\/?p=3949#breadcrumb\"},\"inLanguage\":\"az\",\"potentialAction\":[{\"@type\":\"ReadAction\",\"target\":[\"https:\/\/www.zerdab.com\/?p=3949\"]}]},{\"@type\":\"BreadcrumbList\",\"@id\":\"https:\/\/www.zerdab.com\/?p=3949#breadcrumb\",\"itemListElement\":[{\"@type\":\"ListItem\",\"position\":1,\"name\":\"Home\",\"item\":\"https:\/\/www.zerdab.com\/\"},{\"@type\":\"ListItem\",\"position\":2,\"name\":\"H\u0259s\u0259n b\u0259y Z\u0259rdabinin 170 illik yubileyinin ke\u00e7irilm\u0259si haqq\u0131nda S\u0259r\u0259ncam\"}]},{\"@type\":\"WebSite\",\"@id\":\"https:\/\/www.zerdab.com\/#website\",\"url\":\"https:\/\/www.zerdab.com\/\",\"name\":\"Z\u0259rdab.com\",\"description\":\"\",\"potentialAction\":[{\"@type\":\"SearchAction\",\"target\":{\"@type\":\"EntryPoint\",\"urlTemplate\":\"https:\/\/www.zerdab.com\/?s={search_term_string}\"},\"query-input\":{\"@type\":\"PropertyValueSpecification\",\"valueRequired\":true,\"valueName\":\"search_term_string\"}}],\"inLanguage\":\"az\"},{\"@type\":\"Person\",\"@id\":\"https:\/\/www.zerdab.com\/#\/schema\/person\/97079b7570c1e89ec0d9e138c3672136\",\"name\":\"admin\",\"image\":{\"@type\":\"ImageObject\",\"inLanguage\":\"az\",\"@id\":\"https:\/\/www.zerdab.com\/#\/schema\/person\/image\/\",\"url\":\"https:\/\/secure.gravatar.com\/avatar\/d9c52a9a27c32119cb6679a077fa3e2779e5f822c451cbf01098004361d466ec?s=96&d=mm&r=g\",\"contentUrl\":\"https:\/\/secure.gravatar.com\/avatar\/d9c52a9a27c32119cb6679a077fa3e2779e5f822c451cbf01098004361d466ec?s=96&d=mm&r=g\",\"caption\":\"admin\"},\"url\":\"https:\/\/www.zerdab.com\/?author=1\"}]}<\/script>\n<!-- \/ Yoast SEO plugin. -->","yoast_head_json":{"title":"H\u0259s\u0259n b\u0259y Z\u0259rdabinin 170 illik yubileyinin ke\u00e7irilm\u0259si haqq\u0131nda S\u0259r\u0259ncam  - Z\u0259rdab.com","robots":{"index":"index","follow":"follow","max-snippet":"max-snippet:-1","max-image-preview":"max-image-preview:large","max-video-preview":"max-video-preview:-1"},"canonical":"https:\/\/www.zerdab.com\/?p=3949","og_locale":"az_AZ","og_type":"article","og_title":"H\u0259s\u0259n b\u0259y Z\u0259rdabinin 170 illik yubileyinin ke\u00e7irilm\u0259si haqq\u0131nda S\u0259r\u0259ncam  - Z\u0259rdab.com","og_description":"2012-ci ild\u0259 Az\u0259rbaycan milli m\u0259tbuat\u0131n\u0131n banisi, g\u00f6rk\u0259mli ictimai xadim, b\u00f6y\u00fck maarifp\u0259rv\u0259r, tan\u0131nm\u0131\u015f publisist, pedaqoq v\u0259 t\u0259bi\u0259t\u015f\u00fcnas alim H\u0259s\u0259n b\u0259y S\u0259lim b\u0259y o\u011flu Z\u0259rdabinin (M\u0259likovun) 170 illiyi tamam olur. Az\u0259rbaycanda sosial-m\u0259d\u0259ni h\u0259yat\u0131n on doqquzuncu \u0259srin ikinci yar\u0131s\u0131ndan etibar\u0259n s\u00fcr\u0259tli canlanmas\u0131nda v\u0259 ictimai fikrin maarif\u00e7i-demokratik ideyalarla z\u0259nginl\u0259\u015fm\u0259sind\u0259 H\u0259s\u0259n b\u0259y Z\u0259rdabinin m\u00fcst\u0259sna xidm\u0259tl\u0259ri vard\u0131r. Z\u0259rdabi yarad\u0131c\u0131s\u0131, t\u0259\u015fkilat\u00e7\u0131s\u0131 v\u0259 [&hellip;]","og_url":"https:\/\/www.zerdab.com\/?p=3949","og_site_name":"Z\u0259rdab.com","article_published_time":"2012-06-04T00:06:11+00:00","article_modified_time":"2012-07-28T00:07:40+00:00","author":"admin","twitter_card":"summary_large_image","twitter_misc":{"Written by":"admin","Est. reading time":"2 minutes"},"schema":{"@context":"https:\/\/schema.org","@graph":[{"@type":"Article","@id":"https:\/\/www.zerdab.com\/?p=3949#article","isPartOf":{"@id":"https:\/\/www.zerdab.com\/?p=3949"},"author":{"name":"admin","@id":"https:\/\/www.zerdab.com\/#\/schema\/person\/97079b7570c1e89ec0d9e138c3672136"},"headline":"H\u0259s\u0259n b\u0259y Z\u0259rdabinin 170 illik yubileyinin ke\u00e7irilm\u0259si haqq\u0131nda S\u0259r\u0259ncam","datePublished":"2012-06-04T00:06:11+00:00","dateModified":"2012-07-28T00:07:40+00:00","mainEntityOfPage":{"@id":"https:\/\/www.zerdab.com\/?p=3949"},"wordCount":333,"commentCount":0,"articleSection":["H\u018fS\u018fN B\u018fY Z\u018fRDAB\u0130"],"inLanguage":"az","potentialAction":[{"@type":"CommentAction","name":"Comment","target":["https:\/\/www.zerdab.com\/?p=3949#respond"]}]},{"@type":"WebPage","@id":"https:\/\/www.zerdab.com\/?p=3949","url":"https:\/\/www.zerdab.com\/?p=3949","name":"H\u0259s\u0259n b\u0259y Z\u0259rdabinin 170 illik yubileyinin ke\u00e7irilm\u0259si haqq\u0131nda S\u0259r\u0259ncam - Z\u0259rdab.com","isPartOf":{"@id":"https:\/\/www.zerdab.com\/#website"},"datePublished":"2012-06-04T00:06:11+00:00","dateModified":"2012-07-28T00:07:40+00:00","author":{"@id":"https:\/\/www.zerdab.com\/#\/schema\/person\/97079b7570c1e89ec0d9e138c3672136"},"breadcrumb":{"@id":"https:\/\/www.zerdab.com\/?p=3949#breadcrumb"},"inLanguage":"az","potentialAction":[{"@type":"ReadAction","target":["https:\/\/www.zerdab.com\/?p=3949"]}]},{"@type":"BreadcrumbList","@id":"https:\/\/www.zerdab.com\/?p=3949#breadcrumb","itemListElement":[{"@type":"ListItem","position":1,"name":"Home","item":"https:\/\/www.zerdab.com\/"},{"@type":"ListItem","position":2,"name":"H\u0259s\u0259n b\u0259y Z\u0259rdabinin 170 illik yubileyinin ke\u00e7irilm\u0259si haqq\u0131nda S\u0259r\u0259ncam"}]},{"@type":"WebSite","@id":"https:\/\/www.zerdab.com\/#website","url":"https:\/\/www.zerdab.com\/","name":"Z\u0259rdab.com","description":"","potentialAction":[{"@type":"SearchAction","target":{"@type":"EntryPoint","urlTemplate":"https:\/\/www.zerdab.com\/?s={search_term_string}"},"query-input":{"@type":"PropertyValueSpecification","valueRequired":true,"valueName":"search_term_string"}}],"inLanguage":"az"},{"@type":"Person","@id":"https:\/\/www.zerdab.com\/#\/schema\/person\/97079b7570c1e89ec0d9e138c3672136","name":"admin","image":{"@type":"ImageObject","inLanguage":"az","@id":"https:\/\/www.zerdab.com\/#\/schema\/person\/image\/","url":"https:\/\/secure.gravatar.com\/avatar\/d9c52a9a27c32119cb6679a077fa3e2779e5f822c451cbf01098004361d466ec?s=96&d=mm&r=g","contentUrl":"https:\/\/secure.gravatar.com\/avatar\/d9c52a9a27c32119cb6679a077fa3e2779e5f822c451cbf01098004361d466ec?s=96&d=mm&r=g","caption":"admin"},"url":"https:\/\/www.zerdab.com\/?author=1"}]}},"_links":{"self":[{"href":"https:\/\/www.zerdab.com\/index.php?rest_route=\/wp\/v2\/posts\/3949","targetHints":{"allow":["GET"]}}],"collection":[{"href":"https:\/\/www.zerdab.com\/index.php?rest_route=\/wp\/v2\/posts"}],"about":[{"href":"https:\/\/www.zerdab.com\/index.php?rest_route=\/wp\/v2\/types\/post"}],"author":[{"embeddable":true,"href":"https:\/\/www.zerdab.com\/index.php?rest_route=\/wp\/v2\/users\/1"}],"replies":[{"embeddable":true,"href":"https:\/\/www.zerdab.com\/index.php?rest_route=%2Fwp%2Fv2%2Fcomments&post=3949"}],"version-history":[{"count":2,"href":"https:\/\/www.zerdab.com\/index.php?rest_route=\/wp\/v2\/posts\/3949\/revisions"}],"predecessor-version":[{"id":3951,"href":"https:\/\/www.zerdab.com\/index.php?rest_route=\/wp\/v2\/posts\/3949\/revisions\/3951"}],"wp:attachment":[{"href":"https:\/\/www.zerdab.com\/index.php?rest_route=%2Fwp%2Fv2%2Fmedia&parent=3949"}],"wp:term":[{"taxonomy":"category","embeddable":true,"href":"https:\/\/www.zerdab.com\/index.php?rest_route=%2Fwp%2Fv2%2Fcategories&post=3949"},{"taxonomy":"post_tag","embeddable":true,"href":"https:\/\/www.zerdab.com\/index.php?rest_route=%2Fwp%2Fv2%2Ftags&post=3949"}],"curies":[{"name":"wp","href":"https:\/\/api.w.org\/{rel}","templated":true}]}}