{"id":3952,"date":"2011-12-28T05:08:56","date_gmt":"2011-12-28T01:08:56","guid":{"rendered":"http:\/\/www.zerdab.com\/?p=3952"},"modified":"2012-07-28T05:10:06","modified_gmt":"2012-07-28T00:10:06","slug":"az%c9%99rbaycan-milli-m%c9%99tbuatinin-135-illik-yubileyinin-kecirilm%c9%99si-haqqinda-s%c9%99r%c9%99ncam","status":"publish","type":"post","link":"https:\/\/www.zerdab.com\/?p=3952","title":{"rendered":"Az\u0259rbaycan Milli M\u0259tbuat\u0131n\u0131n 135 illik yubileyinin ke\u00e7irilm\u0259si haqq\u0131nda S\u0259r\u0259ncam"},"content":{"rendered":"<p>2010-cu ild\u0259 z\u0259ngin tarixi \u0259n\u0259n\u0259l\u0259r\u0259 malik Az\u0259rbaycan milli m\u0259tbuat\u0131n\u0131n 135 ili tamam olur. 1875-ci il iyulun 22-d\u0259 g\u00f6rk\u0259mli maarif\u00e7i v\u0259 publisist H\u0259s\u0259n b\u0259y Z\u0259rdabi t\u0259r\u0259find\u0259n n\u0259\u015fr olunma\u011fa ba\u015flayan \u201c\u018fkin\u00e7i\u201d q\u0259zeti il\u0259 \u0259sas\u0131 qoyulmu\u015f Az\u0259rbaycan milli m\u0259tbuat\u0131 b\u00fct\u00fcn d\u00f6vrl\u0259rd\u0259 h\u0259qiq\u0259t car\u00e7\u0131s\u0131 olmu\u015f, c\u0259miyy\u0259ti d\u00fc\u015f\u00fcnd\u00fcr\u0259n probleml\u0259ri, d\u00f6vr\u00fcn qabaqc\u0131l ideyalar\u0131n\u0131 v\u0259 m\u00fct\u0259r\u0259qqi fikirl\u0259rini \u0259ks etdirmi\u015f, xalq\u0131m\u0131z\u0131n maarifl\u0259nm\u0259sind\u0259, milli v\u0259 b\u0259\u015f\u0259ri d\u0259y\u0259rl\u0259rin t\u0259bli\u011find\u0259 m\u00fch\u00fcm rol oynam\u0131\u015fd\u0131r.<\/p>\n<p>M\u00fcr\u0259kk\u0259b, lakin \u015f\u0259r\u0259fli inki\u015faf yolu ke\u00e7mi\u015f milli m\u0259tbuat\u0131m\u0131z h\u0259mi\u015f\u0259 xalq\u0131m\u0131z\u0131n \u015fanl\u0131 tarixinin g\u00fczg\u00fcs\u00fc olmu\u015fdur. XlX \u0259srin ikinci yar\u0131s\u0131 \u2013 XX \u0259srin \u0259vv\u0259ll\u0259rind\u0259 \u201c\u018fkin\u00e7i\u201d \u0259n\u0259n\u0259l\u0259rini davam etdir\u0259n \u201cZiya\u201d, \u201cK\u0259\u015fk\u00fcl\u201d, \u201c\u015e\u0259rqi-rus\u201d, \u201cH\u0259yat\u201d, \u201c\u0130r\u015fad\u201d, \u201cMolla N\u0259sr\u0259ddin\u201d v\u0259 dig\u0259r n\u0259\u015frl\u0259r insanlar\u0131 y\u00fcks\u0259k ideallar u\u011frunda m\u00fcbariz\u0259y\u0259 s\u0259sl\u0259mi\u015f, milli oyan\u0131\u015f v\u0259 \u00f6z\u00fcn\u00fcd\u0259rk prosesinin apar\u0131c\u0131 n\u00fcmun\u0259l\u0259ri kimi tan\u0131naraq \u015f\u00f6hr\u0259t qazanm\u0131\u015flar. Az\u0259rbaycan m\u0259tbuat\u0131 xalq\u0131m\u0131z\u0131n azadl\u0131q arzular\u0131n\u0131n ger\u00e7\u0259kl\u0259\u015fm\u0259sin\u0259, m\u0259n\u0259vi d\u0259y\u0259rl\u0259rinin qorunmas\u0131na, m\u0259d\u0259niyy\u0259tinin t\u0259r\u0259qqisin\u0259, qabaqc\u0131l ictimai fikrin, milli \u015f\u00fcurun formala\u015fmas\u0131na b\u00f6y\u00fck t\u00f6hf\u0259l\u0259r vermi\u015fdir.<\/p>\n<p>XX \u0259srin sonlar\u0131nda m\u00fcst\u0259qillik qazand\u0131qdan sonra demokratik, h\u00fcquqi, d\u00fcny\u0259vi d\u00f6vl\u0259t quruculu\u011funu \u00f6z\u00fcn\u00fcn inki\u015faf modeli kimi q\u0259bul ed\u0259n Az\u0259rbaycan Respublikas\u0131nda s\u00f6z v\u0259 m\u0259lumat azadl\u0131\u011f\u0131n\u0131n t\u0259min edilm\u0259si, k\u00fctl\u0259vi informasiya vasit\u0259l\u0259rinin s\u0259rb\u0259st f\u0259aliyy\u0259tin\u0259 z\u0259ruri \u015f\u0259rait yarad\u0131lmas\u0131 prioritet v\u0259zif\u0259 kimi m\u00fc\u0259yy\u0259nl\u0259\u015fdirilmi\u015fdir. \u00dcmummilli lider Heyd\u0259r \u018fliyevin siyasi irad\u0259si v\u0259 b\u00f6y\u00fck s\u0259yl\u0259ri n\u0259tic\u0259sind\u0259 pl\u00fcralizmi, s\u00f6z v\u0259 m\u0259lumat azadl\u0131\u011f\u0131n\u0131 m\u0259hdudla\u015fd\u0131ran s\u00fcni mane\u0259l\u0259r aradan qald\u0131r\u0131lm\u0131\u015f, k\u00fctl\u0259vi informasiya vasit\u0259l\u0259rinin f\u0259aliyy\u0259tini t\u0259nziml\u0259y\u0259n qanunvericilik bazas\u0131 t\u0259kmill\u0259\u015fdiril\u0259r\u0259k beyn\u0259lxalq standartlara uy\u011funla\u015fd\u0131r\u0131lm\u0131\u015fd\u0131r. Heyd\u0259r \u018fliyevin f\u0259rman v\u0259 s\u0259r\u0259ncamlar\u0131 il\u0259 m\u0259tbuat\u0131n maddi-texniki bazas\u0131n\u0131n, iqtisadi m\u00fcst\u0259qilliyinin g\u00fccl\u0259ndirilm\u0259si, jurnalistl\u0259rin azad f\u0259aliyy\u0259ti \u00fc\u00e7\u00fcn \u0259lveri\u015fli \u015f\u0259raitin t\u0259min edilm\u0259si m\u0259qs\u0259dil\u0259 \u00e7oxsayl\u0131 t\u0259dbirl\u0259r h\u0259yata ke\u00e7irilmi\u015f, m\u0259tbuat-d\u00f6vl\u0259t m\u00fcnasib\u0259tl\u0259rind\u0259 m\u00fct\u0259r\u0259qqi \u0259n\u0259n\u0259l\u0259rin \u0259sas\u0131 qoyulmu\u015fdur. Haz\u0131rda Az\u0259rbaycanda y\u00fczl\u0259rl\u0259 m\u0259tbuat orqan\u0131, informasiya agentliyi, teleradio \u015firk\u0259tl\u0259ri, s\u00fcr\u0259tl\u0259 inki\u015faf ed\u0259n internet resurslar\u0131 v\u0259t\u0259nda\u015f c\u0259miyy\u0259ti quruculu\u011funun f\u0259al i\u015ftirak\u00e7\u0131s\u0131na \u00e7evril\u0259r\u0259k c\u0259miyy\u0259timizin informasiyaya olan ehtiyac\u0131n\u0131n \u00f6d\u0259nilm\u0259sind\u0259 \u0259h\u0259miyy\u0259tli rol oynay\u0131rlar.<\/p>\n<p>\u00d6lk\u0259mizin s\u00fcr\u0259tl\u0259 inki\u015faf etdiyi, demokratikl\u0259\u015fm\u0259 prosesinin d\u0259rinl\u0259\u015fdiyi, c\u0259miyy\u0259t h\u0259yat\u0131n\u0131n b\u00fct\u00fcn sah\u0259l\u0259rinin yenil\u0259\u015fdiyi m\u00fcasir d\u00f6vrd\u0259 k\u00fctl\u0259vi informasiya vasit\u0259l\u0259rinin, o c\u00fcml\u0259d\u0259n milli m\u0259tbuat\u0131m\u0131z\u0131n qar\u015f\u0131s\u0131nda yeni v\u0259zif\u0259l\u0259r durur. Bu g\u00fcn Az\u0259rbaycan m\u0259tbuat\u0131 m\u00fcasir informasiya c\u0259miyy\u0259ti quruculu\u011funda, sosial \u0259dal\u0259t v\u0259 \u015f\u0259ffafl\u0131\u011f\u0131n t\u0259min edilm\u0259sind\u0259, milli h\u0259mr\u0259yliyin v\u0259 tolerantl\u0131\u011f\u0131n m\u00f6hk\u0259ml\u0259ndirilm\u0259sind\u0259, demokratik \u00f6z\u00fcn\u00fcd\u0259rkin, siyasi m\u0259d\u0259niyy\u0259tin inki\u015faf\u0131nda, milli-m\u0259n\u0259vi v\u0259 \u00fcmumb\u0259\u015f\u0259ri d\u0259y\u0259rl\u0259rin qorunub saxlanmas\u0131 v\u0259 t\u0259bli\u011find\u0259 m\u00fch\u00fcm rol oynamal\u0131, t\u0259dris v\u0259 maarifl\u0259ndirm\u0259 sah\u0259sind\u0259 f\u0259aliyy\u0259tini g\u00fccl\u0259ndirm\u0259lidir. Az\u0259rbaycan jurnalistikas\u0131 pe\u015f\u0259karl\u0131q, obyektivlik, q\u0259r\u0259zsizlik, y\u00fcks\u0259k milli \u015f\u00fcur v\u0259 v\u0259t\u0259np\u0259rv\u0259rlik prinsipl\u0259rin\u0259 d\u00f6nm\u0259d\u0259n \u0259m\u0259l etm\u0259li, s\u00f6z v\u0259 m\u0259lumat azadl\u0131\u011f\u0131ndan sui-istifad\u0259nin qar\u015f\u0131s\u0131 q\u0259tiyy\u0259tl\u0259 al\u0131nmal\u0131d\u0131r.<\/p>\n<p>B\u00fct\u00fcn d\u00fcnyada oldu\u011fu kimi, Az\u0259rbaycanda da m\u0259tbuat qar\u015f\u0131da duran v\u0259zif\u0259l\u0259ri yeni informasiya resurslar\u0131n\u0131n ard\u0131c\u0131l inki\u015faf\u0131 il\u0259 \u015f\u0259rtl\u0259n\u0259n m\u00fcr\u0259kk\u0259b r\u0259qab\u0259t m\u00fchitind\u0259 yerin\u0259 yetirir. Az\u0259rbaycan d\u00f6vl\u0259tinin artan imkanlar\u0131 milli m\u0259tbuat\u0131m\u0131z\u0131n inki\u015faf\u0131 yolunda \u00e7\u0259tinlikl\u0259rin aradan qald\u0131r\u0131lmas\u0131, onun aktual probleml\u0259rinin h\u0259lli m\u0259qs\u0259dil\u0259 kompleks t\u0259dbirl\u0259rin h\u0259yata ke\u00e7irilm\u0259sin\u0259 \u015f\u0259rait yaratm\u0131\u015fd\u0131r. Bu g\u00fcn m\u0259tbuat\u0131n maddi-texniki bazas\u0131n\u0131n m\u00f6hk\u0259ml\u0259ndirilm\u0259si, m\u00fcasir informasiya-kommunikasiya texnologiyalar\u0131n\u0131n t\u0259tbiqinin stimulla\u015fd\u0131r\u0131lmas\u0131, d\u00f6vl\u0259t orqanlar\u0131 il\u0259 m\u0259tbuat aras\u0131nda s\u0259m\u0259r\u0259li \u0259m\u0259kda\u015fl\u0131\u011f\u0131n inki\u015faf\u0131, jurnalistl\u0259rin pe\u015f\u0259karl\u0131\u011f\u0131n\u0131n v\u0259 m\u0259suliyy\u0259tinin artmas\u0131na daha m\u00fcnbit \u015f\u0259raitin yarad\u0131lmas\u0131, onlar\u0131n sosial m\u00fcdafi\u0259sinin g\u00fccl\u0259ndirilm\u0259si Az\u0259rbaycan d\u00f6vl\u0259ti v\u0259 c\u0259miyy\u0259tinin qar\u015f\u0131s\u0131nda duran m\u00fch\u00fcm v\u0259zif\u0259l\u0259rdir.<\/p>\n<p>Az\u0259rbaycan Respublikas\u0131n\u0131n ictimai-siyasi h\u0259yat\u0131nda, demokratikl\u0259\u015fm\u0259 v\u0259 m\u00fcasir v\u0259t\u0259nda\u015f c\u0259miyy\u0259ti quruculu\u011funda milli m\u0259tbuat\u0131n rolunu n\u0259z\u0259r\u0259 alaraq q\u0259rara al\u0131ram:<\/p>\n<p>1. Az\u0259rbaycan milli m\u0259tbuat\u0131n\u0131n 135 illik yubileyi \u00f6lk\u0259mizd\u0259 geni\u015f qeyd olunsun.<\/p>\n<p>2. Az\u0259rbaycan Respublikas\u0131 Prezidentinin Administrasiyas\u0131na tap\u015f\u0131r\u0131ls\u0131n:<\/p>\n<p>2.1. Az\u0259rbaycan Respublikas\u0131n\u0131n Prezidenti yan\u0131nda K\u00fctl\u0259vi \u0130nformasiya Vasit\u0259l\u0259rinin \u0130nki\u015faf\u0131na D\u00f6vl\u0259t D\u0259st\u0259yi Fondu v\u0259 Az\u0259rbaycan M\u0259tbuat \u015euras\u0131 il\u0259 birlikd\u0259 Bak\u0131 \u015f\u0259h\u0259rind\u0259 v\u0259 respublikan\u0131n b\u00f6lg\u0259l\u0259rind\u0259 yubiley t\u0259dbirl\u0259rinin ke\u00e7irilm\u0259sini t\u0259min etsin;<\/p>\n<p>2.2. Bir ay m\u00fcdd\u0259tind\u0259 jurnalist t\u0259\u015fkilatlar\u0131n\u0131n v\u0259 redaksiyalar\u0131n t\u0259klifl\u0259ri \u0259sas\u0131nda Az\u0259rbaycan milli m\u0259tbuat\u0131n\u0131n inki\u015faf\u0131nda x\u00fcsusi xidm\u0259tl\u0259ri olan jurnalistl\u0259rin m\u00fckafatland\u0131r\u0131lmas\u0131 haqq\u0131nda t\u0259klifl\u0259ri Az\u0259rbaycan Respublikas\u0131n\u0131n Prezidentin\u0259 t\u0259qdim etsin.<\/p>\n<p>\u0130lham \u018fliyev<\/p>\n<p>Az\u0259rbaycan Respublikas\u0131n\u0131n Prezidenti<\/p>\n<p>Bak\u0131 \u015f\u0259h\u0259ri, 10 iyun 2010-cu il.<\/p>\n","protected":false},"excerpt":{"rendered":"<p>2010-cu ild\u0259 z\u0259ngin tarixi \u0259n\u0259n\u0259l\u0259r\u0259 malik Az\u0259rbaycan milli m\u0259tbuat\u0131n\u0131n 135 ili tamam olur. 1875-ci il iyulun 22-d\u0259 g\u00f6rk\u0259mli maarif\u00e7i v\u0259 publisist H\u0259s\u0259n b\u0259y Z\u0259rdabi t\u0259r\u0259find\u0259n n\u0259\u015fr olunma\u011fa ba\u015flayan \u201c\u018fkin\u00e7i\u201d q\u0259zeti il\u0259 \u0259sas\u0131 qoyulmu\u015f Az\u0259rbaycan milli m\u0259tbuat\u0131 b\u00fct\u00fcn d\u00f6vrl\u0259rd\u0259 h\u0259qiq\u0259t car\u00e7\u0131s\u0131 olmu\u015f, c\u0259miyy\u0259ti d\u00fc\u015f\u00fcnd\u00fcr\u0259n probleml\u0259ri, d\u00f6vr\u00fcn qabaqc\u0131l ideyalar\u0131n\u0131 v\u0259 m\u00fct\u0259r\u0259qqi fikirl\u0259rini \u0259ks etdirmi\u015f, xalq\u0131m\u0131z\u0131n maarifl\u0259nm\u0259sind\u0259, milli [&hellip;]<\/p>\n","protected":false},"author":1,"featured_media":0,"comment_status":"open","ping_status":"open","sticky":false,"template":"","format":"standard","meta":{"footnotes":""},"categories":[20],"tags":[],"class_list":{"0":"post-3952","1":"post","2":"type-post","3":"status-publish","4":"format-standard","6":"category-kinci-zrdab-ziyali-qzet-tbitsunas"},"yoast_head":"<!-- This site is optimized with the Yoast SEO plugin v27.0 - https:\/\/yoast.com\/product\/yoast-seo-wordpress\/ -->\n<title>Az\u0259rbaycan Milli M\u0259tbuat\u0131n\u0131n 135 illik yubileyinin ke\u00e7irilm\u0259si haqq\u0131nda S\u0259r\u0259ncam  - Z\u0259rdab.com<\/title>\n<meta name=\"robots\" content=\"index, follow, max-snippet:-1, max-image-preview:large, max-video-preview:-1\" \/>\n<link rel=\"canonical\" href=\"https:\/\/www.zerdab.com\/?p=3952\" \/>\n<meta property=\"og:locale\" content=\"az_AZ\" \/>\n<meta property=\"og:type\" content=\"article\" \/>\n<meta property=\"og:title\" content=\"Az\u0259rbaycan Milli M\u0259tbuat\u0131n\u0131n 135 illik yubileyinin ke\u00e7irilm\u0259si haqq\u0131nda S\u0259r\u0259ncam  - Z\u0259rdab.com\" \/>\n<meta property=\"og:description\" content=\"2010-cu ild\u0259 z\u0259ngin tarixi \u0259n\u0259n\u0259l\u0259r\u0259 malik Az\u0259rbaycan milli m\u0259tbuat\u0131n\u0131n 135 ili tamam olur. 1875-ci il iyulun 22-d\u0259 g\u00f6rk\u0259mli maarif\u00e7i v\u0259 publisist H\u0259s\u0259n b\u0259y Z\u0259rdabi t\u0259r\u0259find\u0259n n\u0259\u015fr olunma\u011fa ba\u015flayan \u201c\u018fkin\u00e7i\u201d q\u0259zeti il\u0259 \u0259sas\u0131 qoyulmu\u015f Az\u0259rbaycan milli m\u0259tbuat\u0131 b\u00fct\u00fcn d\u00f6vrl\u0259rd\u0259 h\u0259qiq\u0259t car\u00e7\u0131s\u0131 olmu\u015f, c\u0259miyy\u0259ti d\u00fc\u015f\u00fcnd\u00fcr\u0259n probleml\u0259ri, d\u00f6vr\u00fcn qabaqc\u0131l ideyalar\u0131n\u0131 v\u0259 m\u00fct\u0259r\u0259qqi fikirl\u0259rini \u0259ks etdirmi\u015f, xalq\u0131m\u0131z\u0131n maarifl\u0259nm\u0259sind\u0259, milli [&hellip;]\" \/>\n<meta property=\"og:url\" content=\"https:\/\/www.zerdab.com\/?p=3952\" \/>\n<meta property=\"og:site_name\" content=\"Z\u0259rdab.com\" \/>\n<meta property=\"article:published_time\" content=\"2011-12-28T01:08:56+00:00\" \/>\n<meta property=\"article:modified_time\" content=\"2012-07-28T00:10:06+00:00\" \/>\n<meta name=\"author\" content=\"admin\" \/>\n<meta name=\"twitter:card\" content=\"summary_large_image\" \/>\n<meta name=\"twitter:label1\" content=\"Written by\" \/>\n\t<meta name=\"twitter:data1\" content=\"admin\" \/>\n\t<meta name=\"twitter:label2\" content=\"Est. reading time\" \/>\n\t<meta name=\"twitter:data2\" content=\"6 minutes\" \/>\n<script type=\"application\/ld+json\" class=\"yoast-schema-graph\">{\"@context\":\"https:\/\/schema.org\",\"@graph\":[{\"@type\":\"Article\",\"@id\":\"https:\/\/www.zerdab.com\/?p=3952#article\",\"isPartOf\":{\"@id\":\"https:\/\/www.zerdab.com\/?p=3952\"},\"author\":{\"name\":\"admin\",\"@id\":\"https:\/\/www.zerdab.com\/#\/schema\/person\/97079b7570c1e89ec0d9e138c3672136\"},\"headline\":\"Az\u0259rbaycan Milli M\u0259tbuat\u0131n\u0131n 135 illik yubileyinin ke\u00e7irilm\u0259si haqq\u0131nda S\u0259r\u0259ncam\",\"datePublished\":\"2011-12-28T01:08:56+00:00\",\"dateModified\":\"2012-07-28T00:10:06+00:00\",\"mainEntityOfPage\":{\"@id\":\"https:\/\/www.zerdab.com\/?p=3952\"},\"wordCount\":1123,\"commentCount\":0,\"articleSection\":[\"H\u018fS\u018fN B\u018fY Z\u018fRDAB\u0130\"],\"inLanguage\":\"az\",\"potentialAction\":[{\"@type\":\"CommentAction\",\"name\":\"Comment\",\"target\":[\"https:\/\/www.zerdab.com\/?p=3952#respond\"]}]},{\"@type\":\"WebPage\",\"@id\":\"https:\/\/www.zerdab.com\/?p=3952\",\"url\":\"https:\/\/www.zerdab.com\/?p=3952\",\"name\":\"Az\u0259rbaycan Milli M\u0259tbuat\u0131n\u0131n 135 illik yubileyinin ke\u00e7irilm\u0259si haqq\u0131nda S\u0259r\u0259ncam - Z\u0259rdab.com\",\"isPartOf\":{\"@id\":\"https:\/\/www.zerdab.com\/#website\"},\"datePublished\":\"2011-12-28T01:08:56+00:00\",\"dateModified\":\"2012-07-28T00:10:06+00:00\",\"author\":{\"@id\":\"https:\/\/www.zerdab.com\/#\/schema\/person\/97079b7570c1e89ec0d9e138c3672136\"},\"breadcrumb\":{\"@id\":\"https:\/\/www.zerdab.com\/?p=3952#breadcrumb\"},\"inLanguage\":\"az\",\"potentialAction\":[{\"@type\":\"ReadAction\",\"target\":[\"https:\/\/www.zerdab.com\/?p=3952\"]}]},{\"@type\":\"BreadcrumbList\",\"@id\":\"https:\/\/www.zerdab.com\/?p=3952#breadcrumb\",\"itemListElement\":[{\"@type\":\"ListItem\",\"position\":1,\"name\":\"Home\",\"item\":\"https:\/\/www.zerdab.com\/\"},{\"@type\":\"ListItem\",\"position\":2,\"name\":\"Az\u0259rbaycan Milli M\u0259tbuat\u0131n\u0131n 135 illik yubileyinin ke\u00e7irilm\u0259si haqq\u0131nda S\u0259r\u0259ncam\"}]},{\"@type\":\"WebSite\",\"@id\":\"https:\/\/www.zerdab.com\/#website\",\"url\":\"https:\/\/www.zerdab.com\/\",\"name\":\"Z\u0259rdab.com\",\"description\":\"\",\"potentialAction\":[{\"@type\":\"SearchAction\",\"target\":{\"@type\":\"EntryPoint\",\"urlTemplate\":\"https:\/\/www.zerdab.com\/?s={search_term_string}\"},\"query-input\":{\"@type\":\"PropertyValueSpecification\",\"valueRequired\":true,\"valueName\":\"search_term_string\"}}],\"inLanguage\":\"az\"},{\"@type\":\"Person\",\"@id\":\"https:\/\/www.zerdab.com\/#\/schema\/person\/97079b7570c1e89ec0d9e138c3672136\",\"name\":\"admin\",\"image\":{\"@type\":\"ImageObject\",\"inLanguage\":\"az\",\"@id\":\"https:\/\/www.zerdab.com\/#\/schema\/person\/image\/\",\"url\":\"https:\/\/secure.gravatar.com\/avatar\/d9c52a9a27c32119cb6679a077fa3e2779e5f822c451cbf01098004361d466ec?s=96&d=mm&r=g\",\"contentUrl\":\"https:\/\/secure.gravatar.com\/avatar\/d9c52a9a27c32119cb6679a077fa3e2779e5f822c451cbf01098004361d466ec?s=96&d=mm&r=g\",\"caption\":\"admin\"},\"url\":\"https:\/\/www.zerdab.com\/?author=1\"}]}<\/script>\n<!-- \/ Yoast SEO plugin. -->","yoast_head_json":{"title":"Az\u0259rbaycan Milli M\u0259tbuat\u0131n\u0131n 135 illik yubileyinin ke\u00e7irilm\u0259si haqq\u0131nda S\u0259r\u0259ncam  - Z\u0259rdab.com","robots":{"index":"index","follow":"follow","max-snippet":"max-snippet:-1","max-image-preview":"max-image-preview:large","max-video-preview":"max-video-preview:-1"},"canonical":"https:\/\/www.zerdab.com\/?p=3952","og_locale":"az_AZ","og_type":"article","og_title":"Az\u0259rbaycan Milli M\u0259tbuat\u0131n\u0131n 135 illik yubileyinin ke\u00e7irilm\u0259si haqq\u0131nda S\u0259r\u0259ncam  - Z\u0259rdab.com","og_description":"2010-cu ild\u0259 z\u0259ngin tarixi \u0259n\u0259n\u0259l\u0259r\u0259 malik Az\u0259rbaycan milli m\u0259tbuat\u0131n\u0131n 135 ili tamam olur. 1875-ci il iyulun 22-d\u0259 g\u00f6rk\u0259mli maarif\u00e7i v\u0259 publisist H\u0259s\u0259n b\u0259y Z\u0259rdabi t\u0259r\u0259find\u0259n n\u0259\u015fr olunma\u011fa ba\u015flayan \u201c\u018fkin\u00e7i\u201d q\u0259zeti il\u0259 \u0259sas\u0131 qoyulmu\u015f Az\u0259rbaycan milli m\u0259tbuat\u0131 b\u00fct\u00fcn d\u00f6vrl\u0259rd\u0259 h\u0259qiq\u0259t car\u00e7\u0131s\u0131 olmu\u015f, c\u0259miyy\u0259ti d\u00fc\u015f\u00fcnd\u00fcr\u0259n probleml\u0259ri, d\u00f6vr\u00fcn qabaqc\u0131l ideyalar\u0131n\u0131 v\u0259 m\u00fct\u0259r\u0259qqi fikirl\u0259rini \u0259ks etdirmi\u015f, xalq\u0131m\u0131z\u0131n maarifl\u0259nm\u0259sind\u0259, milli [&hellip;]","og_url":"https:\/\/www.zerdab.com\/?p=3952","og_site_name":"Z\u0259rdab.com","article_published_time":"2011-12-28T01:08:56+00:00","article_modified_time":"2012-07-28T00:10:06+00:00","author":"admin","twitter_card":"summary_large_image","twitter_misc":{"Written by":"admin","Est. reading time":"6 minutes"},"schema":{"@context":"https:\/\/schema.org","@graph":[{"@type":"Article","@id":"https:\/\/www.zerdab.com\/?p=3952#article","isPartOf":{"@id":"https:\/\/www.zerdab.com\/?p=3952"},"author":{"name":"admin","@id":"https:\/\/www.zerdab.com\/#\/schema\/person\/97079b7570c1e89ec0d9e138c3672136"},"headline":"Az\u0259rbaycan Milli M\u0259tbuat\u0131n\u0131n 135 illik yubileyinin ke\u00e7irilm\u0259si haqq\u0131nda S\u0259r\u0259ncam","datePublished":"2011-12-28T01:08:56+00:00","dateModified":"2012-07-28T00:10:06+00:00","mainEntityOfPage":{"@id":"https:\/\/www.zerdab.com\/?p=3952"},"wordCount":1123,"commentCount":0,"articleSection":["H\u018fS\u018fN B\u018fY Z\u018fRDAB\u0130"],"inLanguage":"az","potentialAction":[{"@type":"CommentAction","name":"Comment","target":["https:\/\/www.zerdab.com\/?p=3952#respond"]}]},{"@type":"WebPage","@id":"https:\/\/www.zerdab.com\/?p=3952","url":"https:\/\/www.zerdab.com\/?p=3952","name":"Az\u0259rbaycan Milli M\u0259tbuat\u0131n\u0131n 135 illik yubileyinin ke\u00e7irilm\u0259si haqq\u0131nda S\u0259r\u0259ncam - Z\u0259rdab.com","isPartOf":{"@id":"https:\/\/www.zerdab.com\/#website"},"datePublished":"2011-12-28T01:08:56+00:00","dateModified":"2012-07-28T00:10:06+00:00","author":{"@id":"https:\/\/www.zerdab.com\/#\/schema\/person\/97079b7570c1e89ec0d9e138c3672136"},"breadcrumb":{"@id":"https:\/\/www.zerdab.com\/?p=3952#breadcrumb"},"inLanguage":"az","potentialAction":[{"@type":"ReadAction","target":["https:\/\/www.zerdab.com\/?p=3952"]}]},{"@type":"BreadcrumbList","@id":"https:\/\/www.zerdab.com\/?p=3952#breadcrumb","itemListElement":[{"@type":"ListItem","position":1,"name":"Home","item":"https:\/\/www.zerdab.com\/"},{"@type":"ListItem","position":2,"name":"Az\u0259rbaycan Milli M\u0259tbuat\u0131n\u0131n 135 illik yubileyinin ke\u00e7irilm\u0259si haqq\u0131nda S\u0259r\u0259ncam"}]},{"@type":"WebSite","@id":"https:\/\/www.zerdab.com\/#website","url":"https:\/\/www.zerdab.com\/","name":"Z\u0259rdab.com","description":"","potentialAction":[{"@type":"SearchAction","target":{"@type":"EntryPoint","urlTemplate":"https:\/\/www.zerdab.com\/?s={search_term_string}"},"query-input":{"@type":"PropertyValueSpecification","valueRequired":true,"valueName":"search_term_string"}}],"inLanguage":"az"},{"@type":"Person","@id":"https:\/\/www.zerdab.com\/#\/schema\/person\/97079b7570c1e89ec0d9e138c3672136","name":"admin","image":{"@type":"ImageObject","inLanguage":"az","@id":"https:\/\/www.zerdab.com\/#\/schema\/person\/image\/","url":"https:\/\/secure.gravatar.com\/avatar\/d9c52a9a27c32119cb6679a077fa3e2779e5f822c451cbf01098004361d466ec?s=96&d=mm&r=g","contentUrl":"https:\/\/secure.gravatar.com\/avatar\/d9c52a9a27c32119cb6679a077fa3e2779e5f822c451cbf01098004361d466ec?s=96&d=mm&r=g","caption":"admin"},"url":"https:\/\/www.zerdab.com\/?author=1"}]}},"_links":{"self":[{"href":"https:\/\/www.zerdab.com\/index.php?rest_route=\/wp\/v2\/posts\/3952","targetHints":{"allow":["GET"]}}],"collection":[{"href":"https:\/\/www.zerdab.com\/index.php?rest_route=\/wp\/v2\/posts"}],"about":[{"href":"https:\/\/www.zerdab.com\/index.php?rest_route=\/wp\/v2\/types\/post"}],"author":[{"embeddable":true,"href":"https:\/\/www.zerdab.com\/index.php?rest_route=\/wp\/v2\/users\/1"}],"replies":[{"embeddable":true,"href":"https:\/\/www.zerdab.com\/index.php?rest_route=%2Fwp%2Fv2%2Fcomments&post=3952"}],"version-history":[{"count":2,"href":"https:\/\/www.zerdab.com\/index.php?rest_route=\/wp\/v2\/posts\/3952\/revisions"}],"predecessor-version":[{"id":3954,"href":"https:\/\/www.zerdab.com\/index.php?rest_route=\/wp\/v2\/posts\/3952\/revisions\/3954"}],"wp:attachment":[{"href":"https:\/\/www.zerdab.com\/index.php?rest_route=%2Fwp%2Fv2%2Fmedia&parent=3952"}],"wp:term":[{"taxonomy":"category","embeddable":true,"href":"https:\/\/www.zerdab.com\/index.php?rest_route=%2Fwp%2Fv2%2Fcategories&post=3952"},{"taxonomy":"post_tag","embeddable":true,"href":"https:\/\/www.zerdab.com\/index.php?rest_route=%2Fwp%2Fv2%2Ftags&post=3952"}],"curies":[{"name":"wp","href":"https:\/\/api.w.org\/{rel}","templated":true}]}}