{"id":4042,"date":"2012-01-01T04:40:24","date_gmt":"2012-01-01T00:40:24","guid":{"rendered":"http:\/\/www.zerdab.com\/?p=4042"},"modified":"2014-10-02T22:38:37","modified_gmt":"2014-10-02T17:38:37","slug":"z%c9%99rdab-ictimaiyy%c9%99ti-il%c9%99-gorusd%c9%99-prezident-ilham-%c9%99liyevin-nitqi-2006-ci-il","status":"publish","type":"post","link":"https:\/\/www.zerdab.com\/?p=4042","title":{"rendered":"Z\u0259rdab ictimaiyy\u0259ti il\u0259 g\u00f6r\u00fc\u015fd\u0259 Prezident \u0130lham \u018fliyevin nitqi: 2006-c\u0131 il"},"content":{"rendered":"<p align=\"center\"><strong>Z\u0259rdab rayonu ictimaiyy\u0259tinin n\u00fcmay\u0259nd\u0259l\u0259ri il\u0259 g\u00f6r\u00fc\u015fd\u0259 <\/strong><br \/>\n<strong>Az\u0259rbaycan Prezidenti \u0130lham \u018fliyevin nitqi<\/strong><\/p>\n<p>-\u018fziz bac\u0131lar v\u0259 qarda\u015flar!<\/p>\n<p>\u018fziz z\u0259rdabl\u0131lar!<\/p>\n<p><a href=\"http:\/\/www.zerdab.com\/wp-content\/uploads\/2012\/08\/\u0130lham-\u018fliyev.jpg\"><img loading=\"lazy\" decoding=\"async\" class=\"alignleft size-medium wp-image-4043\" title=\"\u0130lham \u018fliyevin Z\u0259rdab rayonuna s\u0259f\u0259ri\" src=\"http:\/\/www.zerdab.com\/wp-content\/uploads\/2012\/08\/\u0130lham-\u018fliyev-350x286.jpg\" alt=\"\" width=\"350\" height=\"286\" \/><\/a>M\u0259n sizin ham\u0131n\u0131z\u0131 \u00fcr\u0259kd\u0259n salamlay\u0131ram. Bu g\u00fcn m\u0259n Z\u0259rdab rayonuna g\u0259lmi\u015f\u0259m, sizinl\u0259 birlikd\u0259y\u0259m, v\u0259ziyy\u0259tl\u0259 tan\u0131\u015f olaca\u011fam. Ancaq indi rayona daxil olark\u0259n g\u00f6r\u00fcr\u0259m ki, \u00e7ox g\u00f6z\u0259l abadl\u0131q-quruculuq i\u015fl\u0259ri apar\u0131l\u0131r, yollar sal\u0131n\u0131r. Bu, m\u0259ni \u00e7ox sevindirir. \u00c7\u00fcnki h\u0259r bir rayonun inki\u015faf\u0131 bizim \u00fc\u00e7\u00fcn \u00e7ox vacibdir v\u0259 bu, indi Az\u0259rbaycan\u0131n siyas\u0259tinin \u0259sas istiqam\u0259tl\u0259rind\u0259n biridir.<\/p>\n<p>Bildiyiniz kimi, regionlar\u0131n sosial-iqtisadi inki\u015faf\u0131 D\u00f6vl\u0259t proqram\u0131n\u0131n icras\u0131 n\u0259tic\u0259sind\u0259 Az\u0259rbaycanda 600 mind\u0259n art\u0131q yeni i\u015f yerinin a\u00e7\u0131lmas\u0131 n\u0259z\u0259rd\u0259 tutulur. Onlar\u0131n da b\u00f6y\u00fck \u0259ks\u0259riyy\u0259ti art\u0131q iki il yar\u0131m \u0259rzind\u0259 a\u00e7\u0131lm\u0131\u015fd\u0131r. Rayonlar\u0131n sosial-iqtisadi inki\u015faf\u0131, infrastruktur layih\u0259l\u0259rinin h\u0259yata ke\u00e7irilm\u0259si, abadl\u0131q-quruculuq i\u015fl\u0259rinin apar\u0131lmas\u0131 Az\u0259rbaycan\u0131 daha da h\u0259rt\u0259r\u0259fli inki\u015faf etdir\u0259c\u0259kdir. \u00c7\u00fcnki bizim \u00f6lk\u0259mizin g\u0259l\u0259c\u0259k inki\u015faf perspektivl\u0259ri \u00e7ox g\u00f6z\u0259ldir v\u0259 \u00e7ox ayd\u0131nd\u0131r. M\u0259n \u00e7ox ist\u0259yir\u0259m ki, Az\u0259rbaycan\u0131n h\u0259r bir b\u00f6lg\u0259si inki\u015faf etsin, h\u0259r bir rayon m\u0259rk\u0259zi m\u00fcasir standartlara cavab versin, b\u00fct\u00fcn k\u0259ndl\u0259rd\u0259 abadl\u0131q i\u015fl\u0259ri apar\u0131ls\u0131n, yollar sal\u0131ns\u0131n, elektrik enerjisi il\u0259 t\u0259minat yax\u015f\u0131la\u015fs\u0131n. Bir s\u00f6zl\u0259, insanlar\u0131n g\u00fcnd\u0259lik h\u0259yat\u0131nda \u00e7ox m\u00fcsb\u0259t d\u0259yi\u015fiklikl\u0259r ba\u015f versin. Biz indi bu i\u015fl\u0259ri g\u00f6r\u00fcr\u00fck. Az\u0259rbaycan\u0131n \u00e7ox inaml\u0131 inki\u015faf\u0131 g\u00f6z qaba\u011f\u0131ndad\u0131r. \u00dcmid edir\u0259m ki, g\u0259l\u0259c\u0259k ill\u0259rd\u0259 biz daha b\u00f6y\u00fck u\u011furlara nail olaca\u011f\u0131q.<\/p>\n<p>G\u00f6r\u00fcl\u0259n b\u00fct\u00fcn bu i\u015fl\u0259rin t\u0259m\u0259li 1990-c\u0131 ill\u0259rin ortalar\u0131nda qoyulmu\u015fdur. Ulu \u00f6nd\u0259r Heyd\u0259r \u018fliyevin abid\u0259sinin \u00f6n\u00fcnd\u0259 \u00e7\u0131x\u0131\u015f ed\u0259rk\u0259n qeyd etm\u0259liy\u0259m ki, m\u0259hz onun f\u0259aliyy\u0259ti n\u0259tic\u0259sind\u0259 Az\u0259rbaycan \u00e7ox a\u011f\u0131r, \u00e7\u0259tin v\u0259ziyy\u0259td\u0259n u\u011furla \u00e7\u0131xm\u0131\u015fd\u0131r v\u0259 indi iqtisadi bax\u0131mdan d\u00fcnyada \u0259n dinamik v\u0259 s\u00fcr\u0259tl\u0259 inki\u015faf ed\u0259n \u00f6lk\u0259l\u0259rd\u0259n biridir. Bu g\u00fcn Az\u0259rbaycan y\u00fcks\u0259li\u015f yolundad\u0131r, \u00f6lk\u0259miz h\u0259rt\u0259r\u0259fli inki\u015faf edir v\u0259 bu sah\u0259d\u0259, \u0259lb\u0259tt\u0259, g\u0259l\u0259c\u0259kd\u0259 d\u0259 b\u00f6y\u00fck i\u015fl\u0259r g\u00f6r\u00fclm\u0259lidir. \u018fsas odur ki, \u00fcmumi x\u0259tt &#8211; Heyd\u0259r \u018fliyev siyas\u0259ti d\u0259yi\u015fm\u0259z olaraq qal\u0131r, strategiya d\u0259yi\u015fm\u0259z olaraq qal\u0131r. Biz bunu r\u0259hb\u0259r tutaraq, Az\u0259rbaycan\u0131m\u0131z\u0131 daha da z\u0259nginl\u0259\u015fdir\u0259c\u0259yik.<\/p>\n<p>Ancaq h\u0259yat yerind\u0259 durmur. Qar\u015f\u0131m\u0131za yeni m\u0259s\u0259l\u0259l\u0259r \u00e7\u0131x\u0131r, yeni \u00e7a\u011f\u0131r\u0131\u015flar ortaya \u00e7\u0131x\u0131r, d\u00fcnyada v\u0259ziyy\u0259t d\u0259yi\u015fir, b\u00f6lg\u0259d\u0259 v\u0259ziyy\u0259t d\u0259yi\u015fir. Biz buna haz\u0131r olmal\u0131y\u0131q. \u0130lk n\u00f6vb\u0259d\u0259, Az\u0259rbaycan\u0131n iqtisadi t\u0259hl\u00fck\u0259sizliyi, enerji t\u0259hl\u00fck\u0259sizliyi t\u0259min olunmal\u0131d\u0131r. \u0130ndi bu m\u0259s\u0259l\u0259l\u0259r d\u00fcnyada ged\u0259n prosesl\u0259r\u0259 \u00e7ox b\u00f6y\u00fck d\u0259r\u0259c\u0259d\u0259 t\u0259sir g\u00f6st\u0259rir. O \u00f6lk\u0259l\u0259r ki, \u00f6z siyas\u0259tini, \u00f6z f\u0259aliyy\u0259tini daxili imkanlar \u00fcz\u0259rind\u0259 qurur, onlar, \u0259lb\u0259tt\u0259, \u00f6z siyas\u0259tini m\u00fcst\u0259qil \u015f\u0259kild\u0259 apara bil\u0259c\u0259kl\u0259r.<\/p>\n<p>Bizim \u0259sas m\u0259qs\u0259dimiz m\u00fcst\u0259qilliyimizi daha da m\u00f6hk\u0259ml\u0259ndirm\u0259kdir v\u0259 bunu etm\u0259k \u00fc\u00e7\u00fcn iqtisadi imkanlar daha da geni\u015f olmal\u0131d\u0131r. M\u0259hz bu m\u0259qs\u0259dl\u0259 iqtisadi islahatlar apar\u0131l\u0131r. Yeni proqramlar q\u0259bul olunur v\u0259 Az\u0259rbaycan iqtisadi c\u0259h\u0259td\u0259n tam \u015f\u0259kild\u0259 \u00f6z\u00fc-\u00f6z\u00fcn\u00fc t\u0259min edir. Biz he\u00e7 kimin yard\u0131m\u0131ndan as\u0131l\u0131 deyilik, he\u00e7 kimin maddi d\u0259st\u0259yin\u0259 d\u0259 ehtiyac\u0131m\u0131z yoxdur. Az\u0259rbaycan\u0131n u\u011furlu neft strategiyas\u0131 onu iqtisadi inki\u015faf bax\u0131m\u0131ndan qabaqc\u0131l \u00f6lk\u0259l\u0259r s\u0131ras\u0131na g\u0259tirib \u00e7\u0131xaracaqd\u0131r.<\/p>\n<p>Bildiyiniz kimi, bu yax\u0131nlarda Bak\u0131-Tbilisi-Ceyhan neft k\u0259m\u0259rinin i\u015f\u0259 d\u00fc\u015fm\u0259si t\u0259kc\u0259 bizim \u00fc\u00e7\u00fcn yox, b\u00fct\u00fcn b\u00f6lg\u0259 \u00fc\u00e7\u00fcn tarixi hadis\u0259dir. G\u0259l\u0259c\u0259kd\u0259 bu neft k\u0259m\u0259ri d\u00fcnyada ged\u0259n prosesl\u0259r\u0259 b\u00f6y\u00fck t\u0259sir g\u00f6st\u0259r\u0259c\u0259kdir. Bak\u0131-Tbilisi-Ceyhan neft k\u0259m\u0259ri Az\u0259rbaycan\u0131n uzunm\u00fcdd\u0259tli inki\u015faf imkanlar\u0131n\u0131 art\u0131r\u0131r. Xalq\u0131m\u0131z daha da yax\u015f\u0131 ya\u015fayacaq, Az\u0259rbaycan\u0131n b\u00fcdc\u0259si daha da artacaqd\u0131r. Son \u00fc\u00e7 il \u0259rzind\u0259 b\u00fcdc\u0259 x\u0259rcl\u0259ri t\u0259xmin\u0259n \u00fc\u00e7 d\u0259f\u0259, ondan da \u00e7ox artm\u0131\u015fd\u0131r. Bu biz\u0259 imkan verir ki, m\u00fcxt\u0259lif sosial proqramlar\u0131 h\u0259yata ke\u00e7ir\u0259k. \u0130ndi Az\u0259rbaycanda m\u00fcxt\u0259lif yerl\u0259rd\u0259 6 elektrik stansiyas\u0131 tikilir. Bu o dem\u0259kdir ki, q\u0131sa m\u00fcdd\u0259t \u0259rzind\u0259 Az\u0259rbaycanda elektrik enerjisi q\u0131tl\u0131\u011f\u0131 aradan qald\u0131r\u0131lacaqd\u0131r. M\u00fcxt\u0259lif b\u00f6lg\u0259l\u0259r\u0259 qaz x\u0259tl\u0259ri, su k\u0259m\u0259rl\u0259ri \u00e7\u0259kilir, h\u0259m magistral yollar, eyni zamanda, \u015f\u0259h\u0259rl\u0259raras\u0131 yollar sal\u0131n\u0131r.<\/p>\n<p>Misal \u00fc\u00e7\u00fcn, Ucar-Z\u0259rdab yolu \u0259sasl\u0131 t\u0259mir edilmi\u015fdir v\u0259 indi y\u00fcks\u0259k standartlara cavab verir. O c\u00fcml\u0259d\u0259n k\u0259nd yollar\u0131n\u0131n abadla\u015fmas\u0131na b\u00f6y\u00fck diqq\u0259t g\u00f6st\u0259rilm\u0259lidir. \u00c7\u00fcnki bu, infrastruktur dem\u0259kdir. \u0130nfrastruktur olmayan yerd\u0259 he\u00e7 bir inki\u015fafdan s\u00f6hb\u0259t ged\u0259 bilm\u0259z. Yeni m\u00fc\u0259ssis\u0259l\u0259rin f\u0259aliyy\u0259t\u0259 ba\u015flamas\u0131 \u00fc\u00e7\u00fcn elektrik enerjisi laz\u0131md\u0131r. Biz bunu da yeni stansiyalar\u0131n tikintisi il\u0259 t\u0259min edirik. \u0130qtisadi sah\u0259 Az\u0259rbaycanda art\u0131q \u00e7ox u\u011furla inki\u015faf edir. M\u0259qs\u0259d ondan ibar\u0259tdir ki, insanlar\u0131n rifah hal\u0131 daha da s\u00fcr\u0259tl\u0259 yax\u015f\u0131la\u015fs\u0131n. Bu m\u0259qs\u0259dl\u0259 maa\u015flar, pensiyalar art\u0131r\u0131l\u0131r v\u0259 g\u0259l\u0259c\u0259kd\u0259 d\u0259 art\u0131r\u0131lacaqd\u0131r. Bu m\u0259qs\u0259dl\u0259 sahibkarl\u0131\u011f\u0131n inki\u015faf\u0131na b\u00f6y\u00fck d\u0259st\u0259k verilir v\u0259 bu il Az\u0259rbaycan b\u00fcdc\u0259sind\u0259 sahibkarl\u0131\u011f\u0131n inki\u015faf\u0131 \u00fc\u00e7\u00fcn t\u0259xmin\u0259n 100 milyon dollara q\u0259d\u0259r v\u0259sait n\u0259z\u0259rd\u0259 tutulubdur.<\/p>\n<p>Kreditl\u0259r veril\u0259c\u0259kdir ki, i\u015f adamlar\u0131, x\u00fcsusil\u0259 rayonlarda f\u0259aliyy\u0259t g\u00f6st\u0259r\u0259n i\u015f adamlar\u0131 bu kapitaldan istifad\u0259 edib yeni i\u015f yerl\u0259ri a\u00e7s\u0131nlar, yeni m\u00fc\u0259ssis\u0259l\u0259ri i\u015f\u0259 sals\u0131nlar. Bel\u0259likl\u0259, h\u0259r bir b\u00f6lg\u0259 daha da s\u00fcr\u0259tl\u0259 inki\u015faf etsin. Biz \u00e7al\u0131\u015f\u0131r\u0131q ki, k\u0259nd t\u0259s\u0259rr\u00fcfat\u0131n\u0131n inki\u015faf\u0131na \u00f6z k\u00f6m\u0259yimizi g\u00f6st\u0259r\u0259k. Bildiyiniz kimi, bu m\u0259qs\u0259dl\u0259 d\u00f6vl\u0259t \u201cAqrolizinq\u201d yaratd\u0131 v\u0259 onun x\u0259tti il\u0259 fermerl\u0259r\u0259 texnikan\u0131n verilm\u0259si n\u0259z\u0259rd\u0259 tutulur. G\u0259l\u0259n il bu m\u0259qs\u0259dl\u0259r\u0259 daha da b\u00f6y\u00fck h\u0259cmd\u0259 v\u0259sait ayr\u0131lacaqd\u0131r. Bel\u0259likl\u0259, rayon yerl\u0259rind\u0259 i\u015f yerl\u0259rinin a\u00e7\u0131lmas\u0131 daha da s\u00fcr\u0259tl\u0259 ged\u0259c\u0259kdir.<\/p>\n<p>Sosial m\u0259s\u0259l\u0259l\u0259rin h\u0259lli d\u0259 diqq\u0259t m\u0259rk\u0259zind\u0259dir. \u0130ndi Az\u0259rbaycanda m\u0259kt\u0259b tikintisi geni\u015f v\u00fcs\u0259t alm\u0131\u015fd\u0131r. T\u0259kc\u0259 ke\u00e7\u0259n il 300-d\u0259n \u00e7ox m\u0259kt\u0259b tikilibdir. Bu il d\u0259 t\u0259xmin\u0259n bu q\u0259d\u0259r yeni m\u0259kt\u0259b tikil\u0259c\u0259kdir. \u00c7\u00fcnki buna b\u00f6y\u00fck ehtiyac var. Az\u0259rbaycanda 4500 m\u0259kt\u0259b var. Onlar\u0131n t\u0259xmin\u0259n 60-70 faizi o q\u0259d\u0259r d\u0259 yax\u015f\u0131 v\u0259ziyy\u0259td\u0259 deyil, t\u0259mir\u0259 ehtiyac var, yeni m\u0259kt\u0259bl\u0259rin tikintisin\u0259 ehtiyac var. Bunu etm\u0259k \u00fc\u00e7\u00fcn v\u0259sait laz\u0131md\u0131r. Biz d\u0259 bunu t\u0259min edirik. Tibb m\u0259rk\u0259zl\u0259ri, dig\u0259r sosial infrastruktur obyektl\u0259ri tikilir, b\u00fct\u00f6vl\u00fckd\u0259 sosial sah\u0259y\u0259 b\u00f6y\u00fck diqq\u0259t verilir.<\/p>\n<p>Bilirsiniz, indi Az\u0259rbaycan bazar iqtisadiyyat\u0131 \u015f\u0259raitind\u0259 ya\u015fay\u0131r. Bazar iqtisadiyyat\u0131n\u0131n \u00f6z\u00fcn\u0259m\u0259xsus \u0259lam\u0259tl\u0259ri var. Do\u011frudur, bunlar d\u00fcnyada \u0259n m\u00fct\u0259r\u0259qqi prinsipl\u0259rdir v\u0259 b\u00fct\u00fcn inki\u015faf etmi\u015f \u00f6lk\u0259l\u0259rd\u0259 bazar iqtisadiyyat\u0131 tam \u015f\u0259kild\u0259 b\u0259rq\u0259rar olunubdur. Ancaq bununla yana\u015f\u0131, biz sosial m\u0259s\u0259l\u0259l\u0259rin h\u0259llin\u0259 d\u0259 \u00e7al\u0131\u015fmal\u0131y\u0131q. S\u0131rf bazar iqtisadiyyat\u0131 \u00fcz\u0259rind\u0259 qurulan iqtisadi mexanizm o q\u0259d\u0259r d\u0259 b\u00f6y\u00fck u\u011fur g\u0259tirmir. \u00c7\u00fcnki bel\u0259 olan halda, insan amili unudulur. Biz is\u0259 ist\u0259yirik ki, \u0259sas s\u0259yl\u0259rimizi m\u0259hz insanlar\u0131n daha da yax\u015f\u0131 ya\u015famas\u0131na y\u00f6n\u0259ld\u0259k. Ona g\u00f6r\u0259 bizim d\u00f6vl\u0259t b\u00fcdc\u0259miz d\u0259 sosialy\u00f6n\u00fcml\u00fcd\u00fcr. Orada maa\u015flar\u0131n, pensiyalar\u0131n, dig\u0259r m\u00fcavin\u0259tl\u0259rin verilm\u0259sin\u0259 b\u00f6y\u00fck x\u0259rcl\u0259r n\u0259z\u0259rd\u0259 tutulub v\u0259 bu, g\u0259l\u0259c\u0259kd\u0259 daha da artacaqd\u0131r.<\/p>\n<p>Bu g\u00fcn Az\u0259rbaycan\u0131n d\u00f6vl\u0259t b\u00fcdc\u0259si, icmal b\u00fcdc\u0259 5 milyard dollardan yuxar\u0131d\u0131r. Halbuki, \u00fc\u00e7 il bundan \u0259vv\u0259l bu, t\u0259xmin\u0259n 1 milyard dollardan bir az \u00e7ox idi. G\u0259l\u0259c\u0259k ill\u0259rd\u0259 bu, daha da artacaq v\u0259 \u00f6z n\u00f6vb\u0259sind\u0259, Az\u0259rbaycan\u0131n b\u00fct\u00fcn m\u0259s\u0259l\u0259l\u0259rinin h\u0259llind\u0259 biz\u0259 imkan yaradacaqd\u0131r. Bel\u0259likl\u0259, biz \u00f6lk\u0259mizi daha da m\u00f6hk\u0259ml\u0259ndir\u0259c\u0259yik, z\u0259nginl\u0259\u015fdir\u0259c\u0259yik. Az\u0259rbaycan\u0131n b\u00fct\u00fcn b\u00f6lg\u0259l\u0259ri daha da s\u00fcr\u0259tl\u0259 inki\u015faf ed\u0259c\u0259kdir. Regionlar\u0131n sosial-iqtisadi inki\u015faf\u0131 proqram\u0131 \u00e7ox u\u011furla icra edilir v\u0259 bel\u0259likl\u0259, Az\u0259rbaycan\u0131n qar\u015f\u0131s\u0131nda duran \u0259sas probleml\u0259r \u00f6z h\u0259llini tapacaqd\u0131r.<\/p>\n<p>M\u0259n d\u0259 buna \u00e7al\u0131\u015f\u0131ram. M\u0259nim m\u0259qs\u0259dim bundan ibar\u0259tdir. \u0130ki il yar\u0131m bundan \u0259vv\u0259l prezident se\u00e7kil\u0259ri \u0259r\u0259f\u0259sind\u0259 bu proqramla \u00e7\u0131x\u0131\u015f etmi\u015f\u0259m. Bu g\u00fcn bu s\u00f6zl\u0259r\u0259 sadiq\u0259m. H\u0259yat v\u0259 praktika onu g\u00f6st\u0259rir ki, verilmi\u015f b\u00fct\u00fcn v\u0259dl\u0259r, t\u0259klif edilmi\u015f b\u00fct\u00fcn proqramlar reall\u0131qda \u00f6z \u0259ksini tap\u0131r. \u018fsas da budur. \u018fsas odur ki, s\u00f6zl\u0259 \u0259m\u0259l aras\u0131nda birlik olsun, g\u00f6r\u00fcl\u0259n t\u0259dbirl\u0259r n\u0259tic\u0259sind\u0259 ir\u0259lil\u0259yi\u015f olsun. Bu ir\u0259lil\u0259yi\u015f t\u0259kc\u0259 iqtisadi g\u00f6st\u0259ricil\u0259rd\u0259 yox, eyni zamanda, insanlar\u0131n g\u00fcnd\u0259lik h\u0259yat\u0131nda \u00f6z \u0259ksini taps\u0131n. \u018fg\u0259r bel\u0259 olarsa, onda Az\u0259rbaycan xalq\u0131 daha da yax\u015f\u0131, firavan ya\u015fayacaqd\u0131r. Bizim d\u0259 m\u0259qs\u0259dimiz bundan ibar\u0259tdir ki, insanlar yax\u015f\u0131 ya\u015fas\u0131nlar, z\u0259ngin ya\u015fas\u0131nlar, s\u00fclh, t\u0259hl\u00fck\u0259sizlik, \u0259min-amanl\u0131q \u015f\u0259raitind\u0259 ya\u015fas\u0131nlar. Az\u0259rbaycanda ictimai-siyasi sabitlik qorunub saxlan\u0131ls\u0131n, v\u0259t\u0259nda\u015f birliyi m\u00f6hk\u0259ml\u0259nsin, Az\u0259rbaycan xalq\u0131 qar\u015f\u0131da duran b\u00fct\u00fcn v\u0259zif\u0259l\u0259ri inamla yerin\u0259 yetirsin. Bu g\u00fcn biz bunu g\u00f6r\u00fcr\u00fck.<\/p>\n<p>Son ill\u0259r \u0259rzind\u0259 Az\u0259rbaycanda ged\u0259n m\u00fcsb\u0259t prosesl\u0259r Z\u0259rdab rayonunun timsal\u0131nda art\u0131q \u00f6z\u00fcn\u00fc g\u00f6st\u0259rir. Sizin rayonunuz abadla\u015f\u0131r, g\u00f6z\u0259ll\u0259\u015fir. Siz bunu m\u0259nd\u0259n yax\u015f\u0131 bilirsiniz, burada ya\u015fay\u0131rs\u0131n\u0131z. G\u0259l\u0259c\u0259kd\u0259 g\u00f6r\u00fcl\u0259c\u0259k t\u0259dbirl\u0259r n\u0259tic\u0259sind\u0259 rayon daha da g\u00f6z\u0259ll\u0259\u015f\u0259c\u0259k, abadla\u015facaq, insanlar daha da yax\u015f\u0131 ya\u015fayacaqlar. M\u0259n bunu arzulay\u0131ram v\u0259 bu m\u0259ramla Z\u0259rdaba g\u0259lmi\u015f\u0259m.<\/p>\n<p align=\"right\">Sizi bir daha \u00fcr\u0259kd\u0259n salamlay\u0131ram, siz\u0259 u\u011furlar arzulay\u0131ram. Sa\u011f olun.<\/p>\n<p style=\"text-align: justify;\"><strong>1 iyul 2006 \u2013 c\u0131 il. www.zerdab.com. M\u0259nb\u0259: Az\u0259rbaycan<\/strong><strong> Respublikas\u0131 Prezidentinin \u0130\u015fl\u0259r \u0130dar\u0259sinin<strong> K \u0130 T A B X A N A S I.<\/strong><\/strong><\/p>\n","protected":false},"excerpt":{"rendered":"<p>Z\u0259rdab rayonu ictimaiyy\u0259tinin n\u00fcmay\u0259nd\u0259l\u0259ri il\u0259 g\u00f6r\u00fc\u015fd\u0259 Az\u0259rbaycan Prezidenti \u0130lham \u018fliyevin nitqi -\u018fziz bac\u0131lar v\u0259 qarda\u015flar! \u018fziz z\u0259rdabl\u0131lar! M\u0259n sizin ham\u0131n\u0131z\u0131 \u00fcr\u0259kd\u0259n salamlay\u0131ram. Bu g\u00fcn m\u0259n Z\u0259rdab rayonuna g\u0259lmi\u015f\u0259m, sizinl\u0259 birlikd\u0259y\u0259m, v\u0259ziyy\u0259tl\u0259 tan\u0131\u015f olaca\u011fam. Ancaq indi rayona daxil olark\u0259n g\u00f6r\u00fcr\u0259m ki, \u00e7ox g\u00f6z\u0259l abadl\u0131q-quruculuq i\u015fl\u0259ri apar\u0131l\u0131r, yollar sal\u0131n\u0131r. Bu, m\u0259ni \u00e7ox sevindirir. \u00c7\u00fcnki h\u0259r bir rayonun [&hellip;]<\/p>\n","protected":false},"author":1,"featured_media":0,"comment_status":"open","ping_status":"open","sticky":false,"template":"","format":"standard","meta":{"footnotes":""},"categories":[21],"tags":[],"class_list":{"0":"post-4042","1":"post","2":"type-post","3":"status-publish","4":"format-standard","6":"category-zrdab"},"yoast_head":"<!-- This site is optimized with the Yoast SEO plugin v27.0 - https:\/\/yoast.com\/product\/yoast-seo-wordpress\/ -->\n<title>Z\u0259rdab ictimaiyy\u0259ti il\u0259 g\u00f6r\u00fc\u015fd\u0259 Prezident \u0130lham \u018fliyevin nitqi: 2006-c\u0131 il - Z\u0259rdab.com<\/title>\n<meta name=\"robots\" content=\"index, follow, max-snippet:-1, max-image-preview:large, max-video-preview:-1\" \/>\n<link rel=\"canonical\" href=\"https:\/\/www.zerdab.com\/?p=4042\" \/>\n<meta property=\"og:locale\" content=\"az_AZ\" \/>\n<meta property=\"og:type\" content=\"article\" \/>\n<meta property=\"og:title\" content=\"Z\u0259rdab ictimaiyy\u0259ti il\u0259 g\u00f6r\u00fc\u015fd\u0259 Prezident \u0130lham \u018fliyevin nitqi: 2006-c\u0131 il - Z\u0259rdab.com\" \/>\n<meta property=\"og:description\" content=\"Z\u0259rdab rayonu ictimaiyy\u0259tinin n\u00fcmay\u0259nd\u0259l\u0259ri il\u0259 g\u00f6r\u00fc\u015fd\u0259 Az\u0259rbaycan Prezidenti \u0130lham \u018fliyevin nitqi -\u018fziz bac\u0131lar v\u0259 qarda\u015flar! \u018fziz z\u0259rdabl\u0131lar! M\u0259n sizin ham\u0131n\u0131z\u0131 \u00fcr\u0259kd\u0259n salamlay\u0131ram. Bu g\u00fcn m\u0259n Z\u0259rdab rayonuna g\u0259lmi\u015f\u0259m, sizinl\u0259 birlikd\u0259y\u0259m, v\u0259ziyy\u0259tl\u0259 tan\u0131\u015f olaca\u011fam. Ancaq indi rayona daxil olark\u0259n g\u00f6r\u00fcr\u0259m ki, \u00e7ox g\u00f6z\u0259l abadl\u0131q-quruculuq i\u015fl\u0259ri apar\u0131l\u0131r, yollar sal\u0131n\u0131r. Bu, m\u0259ni \u00e7ox sevindirir. \u00c7\u00fcnki h\u0259r bir rayonun [&hellip;]\" \/>\n<meta property=\"og:url\" content=\"https:\/\/www.zerdab.com\/?p=4042\" \/>\n<meta property=\"og:site_name\" content=\"Z\u0259rdab.com\" \/>\n<meta property=\"article:published_time\" content=\"2012-01-01T00:40:24+00:00\" \/>\n<meta property=\"article:modified_time\" content=\"2014-10-02T17:38:37+00:00\" \/>\n<meta name=\"author\" content=\"admin\" \/>\n<meta name=\"twitter:card\" content=\"summary_large_image\" \/>\n<meta name=\"twitter:label1\" content=\"Written by\" \/>\n\t<meta name=\"twitter:data1\" content=\"admin\" \/>\n\t<meta name=\"twitter:label2\" content=\"Est. reading time\" \/>\n\t<meta name=\"twitter:data2\" content=\"10 minutes\" \/>\n<script type=\"application\/ld+json\" class=\"yoast-schema-graph\">{\"@context\":\"https:\/\/schema.org\",\"@graph\":[{\"@type\":\"Article\",\"@id\":\"https:\/\/www.zerdab.com\/?p=4042#article\",\"isPartOf\":{\"@id\":\"https:\/\/www.zerdab.com\/?p=4042\"},\"author\":{\"name\":\"admin\",\"@id\":\"https:\/\/www.zerdab.com\/#\/schema\/person\/97079b7570c1e89ec0d9e138c3672136\"},\"headline\":\"Z\u0259rdab ictimaiyy\u0259ti il\u0259 g\u00f6r\u00fc\u015fd\u0259 Prezident \u0130lham \u018fliyevin nitqi: 2006-c\u0131 il\",\"datePublished\":\"2012-01-01T00:40:24+00:00\",\"dateModified\":\"2014-10-02T17:38:37+00:00\",\"mainEntityOfPage\":{\"@id\":\"https:\/\/www.zerdab.com\/?p=4042\"},\"wordCount\":2066,\"commentCount\":0,\"articleSection\":[\"C\u018fM\u0130YY\u018fT\"],\"inLanguage\":\"az\",\"potentialAction\":[{\"@type\":\"CommentAction\",\"name\":\"Comment\",\"target\":[\"https:\/\/www.zerdab.com\/?p=4042#respond\"]}]},{\"@type\":\"WebPage\",\"@id\":\"https:\/\/www.zerdab.com\/?p=4042\",\"url\":\"https:\/\/www.zerdab.com\/?p=4042\",\"name\":\"Z\u0259rdab ictimaiyy\u0259ti il\u0259 g\u00f6r\u00fc\u015fd\u0259 Prezident \u0130lham \u018fliyevin nitqi: 2006-c\u0131 il - Z\u0259rdab.com\",\"isPartOf\":{\"@id\":\"https:\/\/www.zerdab.com\/#website\"},\"datePublished\":\"2012-01-01T00:40:24+00:00\",\"dateModified\":\"2014-10-02T17:38:37+00:00\",\"author\":{\"@id\":\"https:\/\/www.zerdab.com\/#\/schema\/person\/97079b7570c1e89ec0d9e138c3672136\"},\"breadcrumb\":{\"@id\":\"https:\/\/www.zerdab.com\/?p=4042#breadcrumb\"},\"inLanguage\":\"az\",\"potentialAction\":[{\"@type\":\"ReadAction\",\"target\":[\"https:\/\/www.zerdab.com\/?p=4042\"]}]},{\"@type\":\"BreadcrumbList\",\"@id\":\"https:\/\/www.zerdab.com\/?p=4042#breadcrumb\",\"itemListElement\":[{\"@type\":\"ListItem\",\"position\":1,\"name\":\"Home\",\"item\":\"https:\/\/www.zerdab.com\/\"},{\"@type\":\"ListItem\",\"position\":2,\"name\":\"Z\u0259rdab ictimaiyy\u0259ti il\u0259 g\u00f6r\u00fc\u015fd\u0259 Prezident \u0130lham \u018fliyevin nitqi: 2006-c\u0131 il\"}]},{\"@type\":\"WebSite\",\"@id\":\"https:\/\/www.zerdab.com\/#website\",\"url\":\"https:\/\/www.zerdab.com\/\",\"name\":\"Z\u0259rdab.com\",\"description\":\"\",\"potentialAction\":[{\"@type\":\"SearchAction\",\"target\":{\"@type\":\"EntryPoint\",\"urlTemplate\":\"https:\/\/www.zerdab.com\/?s={search_term_string}\"},\"query-input\":{\"@type\":\"PropertyValueSpecification\",\"valueRequired\":true,\"valueName\":\"search_term_string\"}}],\"inLanguage\":\"az\"},{\"@type\":\"Person\",\"@id\":\"https:\/\/www.zerdab.com\/#\/schema\/person\/97079b7570c1e89ec0d9e138c3672136\",\"name\":\"admin\",\"image\":{\"@type\":\"ImageObject\",\"inLanguage\":\"az\",\"@id\":\"https:\/\/www.zerdab.com\/#\/schema\/person\/image\/\",\"url\":\"https:\/\/secure.gravatar.com\/avatar\/d9c52a9a27c32119cb6679a077fa3e2779e5f822c451cbf01098004361d466ec?s=96&d=mm&r=g\",\"contentUrl\":\"https:\/\/secure.gravatar.com\/avatar\/d9c52a9a27c32119cb6679a077fa3e2779e5f822c451cbf01098004361d466ec?s=96&d=mm&r=g\",\"caption\":\"admin\"},\"url\":\"https:\/\/www.zerdab.com\/?author=1\"}]}<\/script>\n<!-- \/ Yoast SEO plugin. -->","yoast_head_json":{"title":"Z\u0259rdab ictimaiyy\u0259ti il\u0259 g\u00f6r\u00fc\u015fd\u0259 Prezident \u0130lham \u018fliyevin nitqi: 2006-c\u0131 il - Z\u0259rdab.com","robots":{"index":"index","follow":"follow","max-snippet":"max-snippet:-1","max-image-preview":"max-image-preview:large","max-video-preview":"max-video-preview:-1"},"canonical":"https:\/\/www.zerdab.com\/?p=4042","og_locale":"az_AZ","og_type":"article","og_title":"Z\u0259rdab ictimaiyy\u0259ti il\u0259 g\u00f6r\u00fc\u015fd\u0259 Prezident \u0130lham \u018fliyevin nitqi: 2006-c\u0131 il - Z\u0259rdab.com","og_description":"Z\u0259rdab rayonu ictimaiyy\u0259tinin n\u00fcmay\u0259nd\u0259l\u0259ri il\u0259 g\u00f6r\u00fc\u015fd\u0259 Az\u0259rbaycan Prezidenti \u0130lham \u018fliyevin nitqi -\u018fziz bac\u0131lar v\u0259 qarda\u015flar! \u018fziz z\u0259rdabl\u0131lar! M\u0259n sizin ham\u0131n\u0131z\u0131 \u00fcr\u0259kd\u0259n salamlay\u0131ram. Bu g\u00fcn m\u0259n Z\u0259rdab rayonuna g\u0259lmi\u015f\u0259m, sizinl\u0259 birlikd\u0259y\u0259m, v\u0259ziyy\u0259tl\u0259 tan\u0131\u015f olaca\u011fam. Ancaq indi rayona daxil olark\u0259n g\u00f6r\u00fcr\u0259m ki, \u00e7ox g\u00f6z\u0259l abadl\u0131q-quruculuq i\u015fl\u0259ri apar\u0131l\u0131r, yollar sal\u0131n\u0131r. Bu, m\u0259ni \u00e7ox sevindirir. \u00c7\u00fcnki h\u0259r bir rayonun [&hellip;]","og_url":"https:\/\/www.zerdab.com\/?p=4042","og_site_name":"Z\u0259rdab.com","article_published_time":"2012-01-01T00:40:24+00:00","article_modified_time":"2014-10-02T17:38:37+00:00","author":"admin","twitter_card":"summary_large_image","twitter_misc":{"Written by":"admin","Est. reading time":"10 minutes"},"schema":{"@context":"https:\/\/schema.org","@graph":[{"@type":"Article","@id":"https:\/\/www.zerdab.com\/?p=4042#article","isPartOf":{"@id":"https:\/\/www.zerdab.com\/?p=4042"},"author":{"name":"admin","@id":"https:\/\/www.zerdab.com\/#\/schema\/person\/97079b7570c1e89ec0d9e138c3672136"},"headline":"Z\u0259rdab ictimaiyy\u0259ti il\u0259 g\u00f6r\u00fc\u015fd\u0259 Prezident \u0130lham \u018fliyevin nitqi: 2006-c\u0131 il","datePublished":"2012-01-01T00:40:24+00:00","dateModified":"2014-10-02T17:38:37+00:00","mainEntityOfPage":{"@id":"https:\/\/www.zerdab.com\/?p=4042"},"wordCount":2066,"commentCount":0,"articleSection":["C\u018fM\u0130YY\u018fT"],"inLanguage":"az","potentialAction":[{"@type":"CommentAction","name":"Comment","target":["https:\/\/www.zerdab.com\/?p=4042#respond"]}]},{"@type":"WebPage","@id":"https:\/\/www.zerdab.com\/?p=4042","url":"https:\/\/www.zerdab.com\/?p=4042","name":"Z\u0259rdab ictimaiyy\u0259ti il\u0259 g\u00f6r\u00fc\u015fd\u0259 Prezident \u0130lham \u018fliyevin nitqi: 2006-c\u0131 il - Z\u0259rdab.com","isPartOf":{"@id":"https:\/\/www.zerdab.com\/#website"},"datePublished":"2012-01-01T00:40:24+00:00","dateModified":"2014-10-02T17:38:37+00:00","author":{"@id":"https:\/\/www.zerdab.com\/#\/schema\/person\/97079b7570c1e89ec0d9e138c3672136"},"breadcrumb":{"@id":"https:\/\/www.zerdab.com\/?p=4042#breadcrumb"},"inLanguage":"az","potentialAction":[{"@type":"ReadAction","target":["https:\/\/www.zerdab.com\/?p=4042"]}]},{"@type":"BreadcrumbList","@id":"https:\/\/www.zerdab.com\/?p=4042#breadcrumb","itemListElement":[{"@type":"ListItem","position":1,"name":"Home","item":"https:\/\/www.zerdab.com\/"},{"@type":"ListItem","position":2,"name":"Z\u0259rdab ictimaiyy\u0259ti il\u0259 g\u00f6r\u00fc\u015fd\u0259 Prezident \u0130lham \u018fliyevin nitqi: 2006-c\u0131 il"}]},{"@type":"WebSite","@id":"https:\/\/www.zerdab.com\/#website","url":"https:\/\/www.zerdab.com\/","name":"Z\u0259rdab.com","description":"","potentialAction":[{"@type":"SearchAction","target":{"@type":"EntryPoint","urlTemplate":"https:\/\/www.zerdab.com\/?s={search_term_string}"},"query-input":{"@type":"PropertyValueSpecification","valueRequired":true,"valueName":"search_term_string"}}],"inLanguage":"az"},{"@type":"Person","@id":"https:\/\/www.zerdab.com\/#\/schema\/person\/97079b7570c1e89ec0d9e138c3672136","name":"admin","image":{"@type":"ImageObject","inLanguage":"az","@id":"https:\/\/www.zerdab.com\/#\/schema\/person\/image\/","url":"https:\/\/secure.gravatar.com\/avatar\/d9c52a9a27c32119cb6679a077fa3e2779e5f822c451cbf01098004361d466ec?s=96&d=mm&r=g","contentUrl":"https:\/\/secure.gravatar.com\/avatar\/d9c52a9a27c32119cb6679a077fa3e2779e5f822c451cbf01098004361d466ec?s=96&d=mm&r=g","caption":"admin"},"url":"https:\/\/www.zerdab.com\/?author=1"}]}},"_links":{"self":[{"href":"https:\/\/www.zerdab.com\/index.php?rest_route=\/wp\/v2\/posts\/4042","targetHints":{"allow":["GET"]}}],"collection":[{"href":"https:\/\/www.zerdab.com\/index.php?rest_route=\/wp\/v2\/posts"}],"about":[{"href":"https:\/\/www.zerdab.com\/index.php?rest_route=\/wp\/v2\/types\/post"}],"author":[{"embeddable":true,"href":"https:\/\/www.zerdab.com\/index.php?rest_route=\/wp\/v2\/users\/1"}],"replies":[{"embeddable":true,"href":"https:\/\/www.zerdab.com\/index.php?rest_route=%2Fwp%2Fv2%2Fcomments&post=4042"}],"version-history":[{"count":5,"href":"https:\/\/www.zerdab.com\/index.php?rest_route=\/wp\/v2\/posts\/4042\/revisions"}],"predecessor-version":[{"id":4046,"href":"https:\/\/www.zerdab.com\/index.php?rest_route=\/wp\/v2\/posts\/4042\/revisions\/4046"}],"wp:attachment":[{"href":"https:\/\/www.zerdab.com\/index.php?rest_route=%2Fwp%2Fv2%2Fmedia&parent=4042"}],"wp:term":[{"taxonomy":"category","embeddable":true,"href":"https:\/\/www.zerdab.com\/index.php?rest_route=%2Fwp%2Fv2%2Fcategories&post=4042"},{"taxonomy":"post_tag","embeddable":true,"href":"https:\/\/www.zerdab.com\/index.php?rest_route=%2Fwp%2Fv2%2Ftags&post=4042"}],"curies":[{"name":"wp","href":"https:\/\/api.w.org\/{rel}","templated":true}]}}