{"id":4106,"date":"2012-03-01T00:13:29","date_gmt":"2012-02-29T20:13:29","guid":{"rendered":"http:\/\/www.zerdab.com\/?p=4106"},"modified":"2021-12-12T17:15:53","modified_gmt":"2021-12-12T13:15:53","slug":"z%c9%99rdab-rayonunun-inzibati-%c9%99razi-bolgusund%c9%99-d%c9%99yisiklikl%c9%99r","status":"publish","type":"post","link":"https:\/\/www.zerdab.com\/?p=4106","title":{"rendered":"1998-ci ild\u0259 Z\u0259rdab rayonunun inzibati \u0259razi b\u00f6lg\u00fcs\u00fcnd\u0259 hans\u0131 d\u0259yi\u015fiklikl\u0259r edilmi\u015fdi? &#8211; Maraql\u0131 faktlar"},"content":{"rendered":"<div style=\"text-align: justify;\">\n<p><strong>Az\u0259rbaycan Respublikas\u0131n\u0131n Z\u0259rdab rayonunun inzibati \u0259razi b\u00f6lg\u00fcs\u00fcnd\u0259 qism\u0259n d\u0259yi\u015fiklikl\u0259r edilm\u0259si haqq\u0131nda<\/strong><\/p>\n<p><strong>&nbsp;&nbsp;&nbsp;&nbsp;&nbsp;&nbsp;&nbsp;&nbsp;&nbsp;&nbsp;<\/strong>&nbsp;&nbsp;&nbsp;&nbsp;&nbsp;&nbsp;&nbsp;&nbsp;&nbsp;&nbsp;&nbsp;&nbsp;&nbsp;&nbsp;&nbsp;&nbsp;&nbsp;&nbsp;&nbsp;&nbsp;&nbsp;&nbsp;&nbsp;&nbsp;&nbsp;&nbsp;&nbsp;&nbsp;&nbsp;&nbsp;&nbsp;&nbsp;&nbsp; <strong>Az\u0259rbaycan Respublikas\u0131n\u0131n Qanunu<\/strong><\/p>\n<p><strong>&nbsp;<\/strong>Az\u0259rbaycan Respublikas\u0131n\u0131n Milli M\u0259clisi q\u0259rar<strong>a al\u0131r:<\/strong><\/p>\n<p>Z\u0259rdab rayonunun inzibati \u0259razi b\u00f6lg\u00fcs\u00fcnd\u0259 a\u015fa\u011f\u0131dak\u0131 d\u0259yi\u015fiklikl\u0259r edilsin:<\/p>\n<p><strong>Z\u0259rdab rayonu \u00fczr\u0259:<\/strong>&nbsp;Yuxar\u0131 Seydl\u0259r k\u0259ndi B\u0131\u00e7aq\u00e7\u0131 k\u0259nd inzibati \u0259razi vahidi t\u0259rkibind\u0259n ayr\u0131laraq, h\u0259min k\u0259nd m\u0259rk\u0259z olmaqla Yuxar\u0131 Seyidl\u0259r k\u0259nd inzibati&nbsp; \u0259razi vahidi yarad\u0131ls\u0131n.<\/p>\n<p>B\u0131\u00e7aq\u00e7\u0131 k\u0259nd inzibati \u0259razi vahidinin Sil\u0259yli k\u0259ndi Yuxar\u0131 Seyidl\u0259r k\u0259nd inzibati \u0259razi vahidinin tabeliyin\u0259 verilsin.<\/p>\n<p>M\u0259likumudlu k\u0259ndi \u00c7all\u0131 k\u0259nd inzibati \u0259razi vahidi t\u0259rkibind\u0259n ayr\u0131laraq, h\u0259min k\u0259nd m\u0259rk\u0259z olmaqla M\u0259likumudlu k\u0259nd inzibati \u0259razi&nbsp; vahidi yarad\u0131ls\u0131n.<\/p>\n<p>\u015e\u0259ft\u0259hal k\u0259ndi \u015eahh\u00fcseynli k\u0259nd inzibati \u0259razi vahidi t\u0259rkibind\u0259n ayr\u0131laraq, h\u0259min k\u0259nd m\u0259rk\u0259z olmaqla \u015e\u0259ft\u0259hal k\u0259nd inzibati \u0259razi vahidi&nbsp; yarad\u0131ls\u0131n.<\/p>\n<p>\u015eahh\u00fcseynli k\u0259nd inzibati \u0259razi vahidinin A\u015fa\u011f\u0131 Seyidl\u0259r k\u0259ndi \u015e\u0259ft\u0259hal k\u0259nd inzibati \u0259razi vahidinin tabeliyin\u0259 verilsin.<br \/>\n<strong>Az\u0259rbaycan Respublikas\u0131n\u0131n Prezidenti Heyd\u0259r \u018fL\u0130YEV<\/strong><\/p>\n<p><strong>&nbsp;Bak\u0131 \u015f\u0259h\u0259ri, 14 iyul 1998-ci il<\/strong><\/p>\n<p><strong>&nbsp;\u2116 524-IQ<\/strong><\/p>\n<\/div>\n","protected":false},"excerpt":{"rendered":"<p>Az\u0259rbaycan Respublikas\u0131n\u0131n Z\u0259rdab rayonunun inzibati \u0259razi b\u00f6lg\u00fcs\u00fcnd\u0259 qism\u0259n d\u0259yi\u015fiklikl\u0259r edilm\u0259si haqq\u0131nda &nbsp;&nbsp;&nbsp;&nbsp;&nbsp;&nbsp;&nbsp;&nbsp;&nbsp;&nbsp;&nbsp;&nbsp;&nbsp;&nbsp;&nbsp;&nbsp;&nbsp;&nbsp;&nbsp;&nbsp;&nbsp;&nbsp;&nbsp;&nbsp;&nbsp;&nbsp;&nbsp;&nbsp;&nbsp;&nbsp;&nbsp;&nbsp;&nbsp;&nbsp;&nbsp;&nbsp;&nbsp;&nbsp;&nbsp;&nbsp;&nbsp;&nbsp;&nbsp; Az\u0259rbaycan Respublikas\u0131n\u0131n Qanunu &nbsp;Az\u0259rbaycan Respublikas\u0131n\u0131n Milli M\u0259clisi q\u0259rara al\u0131r: Z\u0259rdab rayonunun inzibati \u0259razi b\u00f6lg\u00fcs\u00fcnd\u0259 a\u015fa\u011f\u0131dak\u0131 d\u0259yi\u015fiklikl\u0259r edilsin: Z\u0259rdab rayonu \u00fczr\u0259:&nbsp;Yuxar\u0131 Seydl\u0259r k\u0259ndi B\u0131\u00e7aq\u00e7\u0131 k\u0259nd inzibati \u0259razi vahidi t\u0259rkibind\u0259n ayr\u0131laraq, h\u0259min k\u0259nd m\u0259rk\u0259z olmaqla Yuxar\u0131 Seyidl\u0259r k\u0259nd inzibati&nbsp; \u0259razi vahidi yarad\u0131ls\u0131n. B\u0131\u00e7aq\u00e7\u0131 k\u0259nd inzibati [&hellip;]<\/p>\n","protected":false},"author":1,"featured_media":28617,"comment_status":"open","ping_status":"open","sticky":false,"template":"","format":"standard","meta":{"footnotes":""},"categories":[63,1],"tags":[],"class_list":{"0":"post-4106","1":"post","2":"type-post","3":"status-publish","4":"format-standard","5":"has-post-thumbnail","7":"category-manset","8":"category-tarix"},"yoast_head":"<!-- This site is optimized with the Yoast SEO plugin v27.0 - https:\/\/yoast.com\/product\/yoast-seo-wordpress\/ -->\n<title>1998-ci ild\u0259 Z\u0259rdab rayonunun inzibati \u0259razi b\u00f6lg\u00fcs\u00fcnd\u0259 hans\u0131 d\u0259yi\u015fiklikl\u0259r edilmi\u015fdi? - Maraql\u0131 faktlar - Z\u0259rdab.com<\/title>\n<meta name=\"robots\" content=\"index, follow, max-snippet:-1, max-image-preview:large, max-video-preview:-1\" \/>\n<link rel=\"canonical\" href=\"https:\/\/www.zerdab.com\/?p=4106\" \/>\n<meta property=\"og:locale\" content=\"az_AZ\" \/>\n<meta property=\"og:type\" content=\"article\" \/>\n<meta property=\"og:title\" content=\"1998-ci ild\u0259 Z\u0259rdab rayonunun inzibati \u0259razi b\u00f6lg\u00fcs\u00fcnd\u0259 hans\u0131 d\u0259yi\u015fiklikl\u0259r edilmi\u015fdi? - Maraql\u0131 faktlar - Z\u0259rdab.com\" \/>\n<meta property=\"og:description\" content=\"Az\u0259rbaycan Respublikas\u0131n\u0131n Z\u0259rdab rayonunun inzibati \u0259razi b\u00f6lg\u00fcs\u00fcnd\u0259 qism\u0259n d\u0259yi\u015fiklikl\u0259r edilm\u0259si haqq\u0131nda &nbsp;&nbsp;&nbsp;&nbsp;&nbsp;&nbsp;&nbsp;&nbsp;&nbsp;&nbsp;&nbsp;&nbsp;&nbsp;&nbsp;&nbsp;&nbsp;&nbsp;&nbsp;&nbsp;&nbsp;&nbsp;&nbsp;&nbsp;&nbsp;&nbsp;&nbsp;&nbsp;&nbsp;&nbsp;&nbsp;&nbsp;&nbsp;&nbsp;&nbsp;&nbsp;&nbsp;&nbsp;&nbsp;&nbsp;&nbsp;&nbsp;&nbsp;&nbsp; Az\u0259rbaycan Respublikas\u0131n\u0131n Qanunu &nbsp;Az\u0259rbaycan Respublikas\u0131n\u0131n Milli M\u0259clisi q\u0259rara al\u0131r: Z\u0259rdab rayonunun inzibati \u0259razi b\u00f6lg\u00fcs\u00fcnd\u0259 a\u015fa\u011f\u0131dak\u0131 d\u0259yi\u015fiklikl\u0259r edilsin: Z\u0259rdab rayonu \u00fczr\u0259:&nbsp;Yuxar\u0131 Seydl\u0259r k\u0259ndi B\u0131\u00e7aq\u00e7\u0131 k\u0259nd inzibati \u0259razi vahidi t\u0259rkibind\u0259n ayr\u0131laraq, h\u0259min k\u0259nd m\u0259rk\u0259z olmaqla Yuxar\u0131 Seyidl\u0259r k\u0259nd inzibati&nbsp; \u0259razi vahidi yarad\u0131ls\u0131n. B\u0131\u00e7aq\u00e7\u0131 k\u0259nd inzibati [&hellip;]\" \/>\n<meta property=\"og:url\" content=\"https:\/\/www.zerdab.com\/?p=4106\" \/>\n<meta property=\"og:site_name\" content=\"Z\u0259rdab.com\" \/>\n<meta property=\"article:published_time\" content=\"2012-02-29T20:13:29+00:00\" \/>\n<meta property=\"article:modified_time\" content=\"2021-12-12T13:15:53+00:00\" \/>\n<meta property=\"og:image\" content=\"https:\/\/www.zerdab.com\/wp-content\/uploads\/2020\/09\/zerdab-rayonu.jpg\" \/>\n\t<meta property=\"og:image:width\" content=\"696\" \/>\n\t<meta property=\"og:image:height\" content=\"575\" \/>\n\t<meta property=\"og:image:type\" content=\"image\/jpeg\" \/>\n<meta name=\"author\" content=\"admin\" \/>\n<meta name=\"twitter:card\" content=\"summary_large_image\" \/>\n<meta name=\"twitter:label1\" content=\"Written by\" \/>\n\t<meta name=\"twitter:data1\" content=\"admin\" \/>\n\t<meta name=\"twitter:label2\" content=\"Est. reading time\" \/>\n\t<meta name=\"twitter:data2\" content=\"1 minute\" \/>\n<script type=\"application\/ld+json\" class=\"yoast-schema-graph\">{\"@context\":\"https:\/\/schema.org\",\"@graph\":[{\"@type\":\"Article\",\"@id\":\"https:\/\/www.zerdab.com\/?p=4106#article\",\"isPartOf\":{\"@id\":\"https:\/\/www.zerdab.com\/?p=4106\"},\"author\":{\"name\":\"admin\",\"@id\":\"https:\/\/www.zerdab.com\/#\/schema\/person\/97079b7570c1e89ec0d9e138c3672136\"},\"headline\":\"1998-ci ild\u0259 Z\u0259rdab rayonunun inzibati \u0259razi b\u00f6lg\u00fcs\u00fcnd\u0259 hans\u0131 d\u0259yi\u015fiklikl\u0259r edilmi\u015fdi? &#8211; Maraql\u0131 faktlar\",\"datePublished\":\"2012-02-29T20:13:29+00:00\",\"dateModified\":\"2021-12-12T13:15:53+00:00\",\"mainEntityOfPage\":{\"@id\":\"https:\/\/www.zerdab.com\/?p=4106\"},\"wordCount\":297,\"commentCount\":0,\"image\":{\"@id\":\"https:\/\/www.zerdab.com\/?p=4106#primaryimage\"},\"thumbnailUrl\":\"https:\/\/www.zerdab.com\/wp-content\/uploads\/2020\/09\/zerdab-rayonu.jpg\",\"articleSection\":[\"MAN\u015eET\",\"Z\u018fRDABIN TAR\u0130X\u0130\"],\"inLanguage\":\"az\",\"potentialAction\":[{\"@type\":\"CommentAction\",\"name\":\"Comment\",\"target\":[\"https:\/\/www.zerdab.com\/?p=4106#respond\"]}]},{\"@type\":\"WebPage\",\"@id\":\"https:\/\/www.zerdab.com\/?p=4106\",\"url\":\"https:\/\/www.zerdab.com\/?p=4106\",\"name\":\"1998-ci ild\u0259 Z\u0259rdab rayonunun inzibati \u0259razi b\u00f6lg\u00fcs\u00fcnd\u0259 hans\u0131 d\u0259yi\u015fiklikl\u0259r edilmi\u015fdi? - Maraql\u0131 faktlar - Z\u0259rdab.com\",\"isPartOf\":{\"@id\":\"https:\/\/www.zerdab.com\/#website\"},\"primaryImageOfPage\":{\"@id\":\"https:\/\/www.zerdab.com\/?p=4106#primaryimage\"},\"image\":{\"@id\":\"https:\/\/www.zerdab.com\/?p=4106#primaryimage\"},\"thumbnailUrl\":\"https:\/\/www.zerdab.com\/wp-content\/uploads\/2020\/09\/zerdab-rayonu.jpg\",\"datePublished\":\"2012-02-29T20:13:29+00:00\",\"dateModified\":\"2021-12-12T13:15:53+00:00\",\"author\":{\"@id\":\"https:\/\/www.zerdab.com\/#\/schema\/person\/97079b7570c1e89ec0d9e138c3672136\"},\"breadcrumb\":{\"@id\":\"https:\/\/www.zerdab.com\/?p=4106#breadcrumb\"},\"inLanguage\":\"az\",\"potentialAction\":[{\"@type\":\"ReadAction\",\"target\":[\"https:\/\/www.zerdab.com\/?p=4106\"]}]},{\"@type\":\"ImageObject\",\"inLanguage\":\"az\",\"@id\":\"https:\/\/www.zerdab.com\/?p=4106#primaryimage\",\"url\":\"https:\/\/www.zerdab.com\/wp-content\/uploads\/2020\/09\/zerdab-rayonu.jpg\",\"contentUrl\":\"https:\/\/www.zerdab.com\/wp-content\/uploads\/2020\/09\/zerdab-rayonu.jpg\",\"width\":696,\"height\":575,\"caption\":\"zerdab-rayonu\"},{\"@type\":\"BreadcrumbList\",\"@id\":\"https:\/\/www.zerdab.com\/?p=4106#breadcrumb\",\"itemListElement\":[{\"@type\":\"ListItem\",\"position\":1,\"name\":\"Home\",\"item\":\"https:\/\/www.zerdab.com\/\"},{\"@type\":\"ListItem\",\"position\":2,\"name\":\"1998-ci ild\u0259 Z\u0259rdab rayonunun inzibati \u0259razi b\u00f6lg\u00fcs\u00fcnd\u0259 hans\u0131 d\u0259yi\u015fiklikl\u0259r edilmi\u015fdi? &#8211; Maraql\u0131 faktlar\"}]},{\"@type\":\"WebSite\",\"@id\":\"https:\/\/www.zerdab.com\/#website\",\"url\":\"https:\/\/www.zerdab.com\/\",\"name\":\"Z\u0259rdab.com\",\"description\":\"\",\"potentialAction\":[{\"@type\":\"SearchAction\",\"target\":{\"@type\":\"EntryPoint\",\"urlTemplate\":\"https:\/\/www.zerdab.com\/?s={search_term_string}\"},\"query-input\":{\"@type\":\"PropertyValueSpecification\",\"valueRequired\":true,\"valueName\":\"search_term_string\"}}],\"inLanguage\":\"az\"},{\"@type\":\"Person\",\"@id\":\"https:\/\/www.zerdab.com\/#\/schema\/person\/97079b7570c1e89ec0d9e138c3672136\",\"name\":\"admin\",\"image\":{\"@type\":\"ImageObject\",\"inLanguage\":\"az\",\"@id\":\"https:\/\/www.zerdab.com\/#\/schema\/person\/image\/\",\"url\":\"https:\/\/secure.gravatar.com\/avatar\/d9c52a9a27c32119cb6679a077fa3e2779e5f822c451cbf01098004361d466ec?s=96&d=mm&r=g\",\"contentUrl\":\"https:\/\/secure.gravatar.com\/avatar\/d9c52a9a27c32119cb6679a077fa3e2779e5f822c451cbf01098004361d466ec?s=96&d=mm&r=g\",\"caption\":\"admin\"},\"url\":\"https:\/\/www.zerdab.com\/?author=1\"}]}<\/script>\n<!-- \/ Yoast SEO plugin. -->","yoast_head_json":{"title":"1998-ci ild\u0259 Z\u0259rdab rayonunun inzibati \u0259razi b\u00f6lg\u00fcs\u00fcnd\u0259 hans\u0131 d\u0259yi\u015fiklikl\u0259r edilmi\u015fdi? - Maraql\u0131 faktlar - Z\u0259rdab.com","robots":{"index":"index","follow":"follow","max-snippet":"max-snippet:-1","max-image-preview":"max-image-preview:large","max-video-preview":"max-video-preview:-1"},"canonical":"https:\/\/www.zerdab.com\/?p=4106","og_locale":"az_AZ","og_type":"article","og_title":"1998-ci ild\u0259 Z\u0259rdab rayonunun inzibati \u0259razi b\u00f6lg\u00fcs\u00fcnd\u0259 hans\u0131 d\u0259yi\u015fiklikl\u0259r edilmi\u015fdi? - Maraql\u0131 faktlar - Z\u0259rdab.com","og_description":"Az\u0259rbaycan Respublikas\u0131n\u0131n Z\u0259rdab rayonunun inzibati \u0259razi b\u00f6lg\u00fcs\u00fcnd\u0259 qism\u0259n d\u0259yi\u015fiklikl\u0259r edilm\u0259si haqq\u0131nda &nbsp;&nbsp;&nbsp;&nbsp;&nbsp;&nbsp;&nbsp;&nbsp;&nbsp;&nbsp;&nbsp;&nbsp;&nbsp;&nbsp;&nbsp;&nbsp;&nbsp;&nbsp;&nbsp;&nbsp;&nbsp;&nbsp;&nbsp;&nbsp;&nbsp;&nbsp;&nbsp;&nbsp;&nbsp;&nbsp;&nbsp;&nbsp;&nbsp;&nbsp;&nbsp;&nbsp;&nbsp;&nbsp;&nbsp;&nbsp;&nbsp;&nbsp;&nbsp; Az\u0259rbaycan Respublikas\u0131n\u0131n Qanunu &nbsp;Az\u0259rbaycan Respublikas\u0131n\u0131n Milli M\u0259clisi q\u0259rara al\u0131r: Z\u0259rdab rayonunun inzibati \u0259razi b\u00f6lg\u00fcs\u00fcnd\u0259 a\u015fa\u011f\u0131dak\u0131 d\u0259yi\u015fiklikl\u0259r edilsin: Z\u0259rdab rayonu \u00fczr\u0259:&nbsp;Yuxar\u0131 Seydl\u0259r k\u0259ndi B\u0131\u00e7aq\u00e7\u0131 k\u0259nd inzibati \u0259razi vahidi t\u0259rkibind\u0259n ayr\u0131laraq, h\u0259min k\u0259nd m\u0259rk\u0259z olmaqla Yuxar\u0131 Seyidl\u0259r k\u0259nd inzibati&nbsp; \u0259razi vahidi yarad\u0131ls\u0131n. B\u0131\u00e7aq\u00e7\u0131 k\u0259nd inzibati [&hellip;]","og_url":"https:\/\/www.zerdab.com\/?p=4106","og_site_name":"Z\u0259rdab.com","article_published_time":"2012-02-29T20:13:29+00:00","article_modified_time":"2021-12-12T13:15:53+00:00","og_image":[{"width":696,"height":575,"url":"https:\/\/www.zerdab.com\/wp-content\/uploads\/2020\/09\/zerdab-rayonu.jpg","type":"image\/jpeg"}],"author":"admin","twitter_card":"summary_large_image","twitter_misc":{"Written by":"admin","Est. reading time":"1 minute"},"schema":{"@context":"https:\/\/schema.org","@graph":[{"@type":"Article","@id":"https:\/\/www.zerdab.com\/?p=4106#article","isPartOf":{"@id":"https:\/\/www.zerdab.com\/?p=4106"},"author":{"name":"admin","@id":"https:\/\/www.zerdab.com\/#\/schema\/person\/97079b7570c1e89ec0d9e138c3672136"},"headline":"1998-ci ild\u0259 Z\u0259rdab rayonunun inzibati \u0259razi b\u00f6lg\u00fcs\u00fcnd\u0259 hans\u0131 d\u0259yi\u015fiklikl\u0259r edilmi\u015fdi? &#8211; Maraql\u0131 faktlar","datePublished":"2012-02-29T20:13:29+00:00","dateModified":"2021-12-12T13:15:53+00:00","mainEntityOfPage":{"@id":"https:\/\/www.zerdab.com\/?p=4106"},"wordCount":297,"commentCount":0,"image":{"@id":"https:\/\/www.zerdab.com\/?p=4106#primaryimage"},"thumbnailUrl":"https:\/\/www.zerdab.com\/wp-content\/uploads\/2020\/09\/zerdab-rayonu.jpg","articleSection":["MAN\u015eET","Z\u018fRDABIN TAR\u0130X\u0130"],"inLanguage":"az","potentialAction":[{"@type":"CommentAction","name":"Comment","target":["https:\/\/www.zerdab.com\/?p=4106#respond"]}]},{"@type":"WebPage","@id":"https:\/\/www.zerdab.com\/?p=4106","url":"https:\/\/www.zerdab.com\/?p=4106","name":"1998-ci ild\u0259 Z\u0259rdab rayonunun inzibati \u0259razi b\u00f6lg\u00fcs\u00fcnd\u0259 hans\u0131 d\u0259yi\u015fiklikl\u0259r edilmi\u015fdi? - Maraql\u0131 faktlar - Z\u0259rdab.com","isPartOf":{"@id":"https:\/\/www.zerdab.com\/#website"},"primaryImageOfPage":{"@id":"https:\/\/www.zerdab.com\/?p=4106#primaryimage"},"image":{"@id":"https:\/\/www.zerdab.com\/?p=4106#primaryimage"},"thumbnailUrl":"https:\/\/www.zerdab.com\/wp-content\/uploads\/2020\/09\/zerdab-rayonu.jpg","datePublished":"2012-02-29T20:13:29+00:00","dateModified":"2021-12-12T13:15:53+00:00","author":{"@id":"https:\/\/www.zerdab.com\/#\/schema\/person\/97079b7570c1e89ec0d9e138c3672136"},"breadcrumb":{"@id":"https:\/\/www.zerdab.com\/?p=4106#breadcrumb"},"inLanguage":"az","potentialAction":[{"@type":"ReadAction","target":["https:\/\/www.zerdab.com\/?p=4106"]}]},{"@type":"ImageObject","inLanguage":"az","@id":"https:\/\/www.zerdab.com\/?p=4106#primaryimage","url":"https:\/\/www.zerdab.com\/wp-content\/uploads\/2020\/09\/zerdab-rayonu.jpg","contentUrl":"https:\/\/www.zerdab.com\/wp-content\/uploads\/2020\/09\/zerdab-rayonu.jpg","width":696,"height":575,"caption":"zerdab-rayonu"},{"@type":"BreadcrumbList","@id":"https:\/\/www.zerdab.com\/?p=4106#breadcrumb","itemListElement":[{"@type":"ListItem","position":1,"name":"Home","item":"https:\/\/www.zerdab.com\/"},{"@type":"ListItem","position":2,"name":"1998-ci ild\u0259 Z\u0259rdab rayonunun inzibati \u0259razi b\u00f6lg\u00fcs\u00fcnd\u0259 hans\u0131 d\u0259yi\u015fiklikl\u0259r edilmi\u015fdi? &#8211; Maraql\u0131 faktlar"}]},{"@type":"WebSite","@id":"https:\/\/www.zerdab.com\/#website","url":"https:\/\/www.zerdab.com\/","name":"Z\u0259rdab.com","description":"","potentialAction":[{"@type":"SearchAction","target":{"@type":"EntryPoint","urlTemplate":"https:\/\/www.zerdab.com\/?s={search_term_string}"},"query-input":{"@type":"PropertyValueSpecification","valueRequired":true,"valueName":"search_term_string"}}],"inLanguage":"az"},{"@type":"Person","@id":"https:\/\/www.zerdab.com\/#\/schema\/person\/97079b7570c1e89ec0d9e138c3672136","name":"admin","image":{"@type":"ImageObject","inLanguage":"az","@id":"https:\/\/www.zerdab.com\/#\/schema\/person\/image\/","url":"https:\/\/secure.gravatar.com\/avatar\/d9c52a9a27c32119cb6679a077fa3e2779e5f822c451cbf01098004361d466ec?s=96&d=mm&r=g","contentUrl":"https:\/\/secure.gravatar.com\/avatar\/d9c52a9a27c32119cb6679a077fa3e2779e5f822c451cbf01098004361d466ec?s=96&d=mm&r=g","caption":"admin"},"url":"https:\/\/www.zerdab.com\/?author=1"}]}},"_links":{"self":[{"href":"https:\/\/www.zerdab.com\/index.php?rest_route=\/wp\/v2\/posts\/4106","targetHints":{"allow":["GET"]}}],"collection":[{"href":"https:\/\/www.zerdab.com\/index.php?rest_route=\/wp\/v2\/posts"}],"about":[{"href":"https:\/\/www.zerdab.com\/index.php?rest_route=\/wp\/v2\/types\/post"}],"author":[{"embeddable":true,"href":"https:\/\/www.zerdab.com\/index.php?rest_route=\/wp\/v2\/users\/1"}],"replies":[{"embeddable":true,"href":"https:\/\/www.zerdab.com\/index.php?rest_route=%2Fwp%2Fv2%2Fcomments&post=4106"}],"version-history":[{"count":4,"href":"https:\/\/www.zerdab.com\/index.php?rest_route=\/wp\/v2\/posts\/4106\/revisions"}],"predecessor-version":[{"id":29331,"href":"https:\/\/www.zerdab.com\/index.php?rest_route=\/wp\/v2\/posts\/4106\/revisions\/29331"}],"wp:featuredmedia":[{"embeddable":true,"href":"https:\/\/www.zerdab.com\/index.php?rest_route=\/wp\/v2\/media\/28617"}],"wp:attachment":[{"href":"https:\/\/www.zerdab.com\/index.php?rest_route=%2Fwp%2Fv2%2Fmedia&parent=4106"}],"wp:term":[{"taxonomy":"category","embeddable":true,"href":"https:\/\/www.zerdab.com\/index.php?rest_route=%2Fwp%2Fv2%2Fcategories&post=4106"},{"taxonomy":"post_tag","embeddable":true,"href":"https:\/\/www.zerdab.com\/index.php?rest_route=%2Fwp%2Fv2%2Ftags&post=4106"}],"curies":[{"name":"wp","href":"https:\/\/api.w.org\/{rel}","templated":true}]}}