{"id":4152,"date":"2012-08-09T05:11:54","date_gmt":"2012-08-09T00:11:54","guid":{"rendered":"http:\/\/www.zerdab.com\/?p=4152"},"modified":"2012-08-09T05:20:26","modified_gmt":"2012-08-09T00:20:26","slug":"ucar-z%c9%99rdab-yolu-t%c9%99mir-edilm%c9%99s%c9%99-n%c9%99qliyyatin-h%c9%99r%c9%99k%c9%99ti-mumkunsuz-olacaq","status":"publish","type":"post","link":"https:\/\/www.zerdab.com\/?p=4152","title":{"rendered":"Ucar-Z\u0259rdab yolunda n\u0259qliyyat\u0131n h\u0259r\u0259k\u0259ti t\u0259dric\u0259n m\u00fcmk\u00fcns\u00fczl\u0259\u015fir"},"content":{"rendered":"<p><strong>Ucar-Z\u0259rdab \u0259sas magistral yolunun b\u0259rbad v\u0259ziyy\u0259t\u0259 d\u00fc\u015fm\u0259si il\u0259 ba\u011fl\u0131 bir m\u00fcdd\u0259t \u00f6nc\u0259 x\u0259b\u0259r vermi\u015fdik. Yolun bu v\u0259ziyy\u0259ti s\u00fcr\u00fcc\u00fcl\u0259ri v\u0259 s\u0259rni\u015finl\u0259ri t\u0259ng\u0259 g\u0259tirib. Onlar asfalt \u00f6rt\u00fcy\u00fcn\u00fcn tamamil\u0259 da\u011f\u0131ld\u0131\u011f\u0131n\u0131 v\u0259 <strong>yolun <\/strong>\u015fumlanm\u0131\u015f \u0259raziy\u0259 b\u0259nz\u0259diyini bildirirl\u0259r.<\/strong><\/p>\n<p><a href=\"http:\/\/www.zerdab.com\/wp-content\/uploads\/2012\/08\/Ucar-Z\u0259rdab-yolu.jpg\"><img loading=\"lazy\" decoding=\"async\" class=\"alignleft  wp-image-4153\" title=\"Ucar-Z\u0259rdab yolu\" src=\"http:\/\/www.zerdab.com\/wp-content\/uploads\/2012\/08\/Ucar-Z\u0259rdab-yolu.jpg\" alt=\"\" width=\"249\" height=\"283\" \/><\/a>Yolun bu v\u0259ziyy\u0259t\u0259 d\u00fc\u015fm\u0259si \u0259vv\u0259ll\u0259r Ucardan Z\u0259rdaba n\u0259qliyyatla 10-15 d\u0259qiq\u0259y\u0259 gedil\u0259n yolun indi 1 saatad\u0259k q\u0259t edilm\u0259si il\u0259 n\u0259tic\u0259l\u0259nib. H\u0259l\u0259 bir m\u00fcdd\u0259t \u00f6nc\u0259 <strong>APA-<\/strong>n\u0131n yayd\u0131\u011f\u0131 m\u0259lumatda qeyd olunurdu ki, son aylara kimi Ucar-Z\u0259rdab yolunun da\u011f\u0131lm\u0131\u015f hiss\u0259l\u0259rin\u0259 yol idar\u0259si t\u0259r\u0259find\u0259n m\u00fct\u0259madi olaraq asfalt \u00f6rt\u00fcy\u00fc d\u00f6\u015f\u0259nirdis\u0259, son g\u00fcnl\u0259r art\u0131q bu i\u015fl\u0259r tamamil\u0259 dayand\u0131r\u0131l\u0131b: &#8220;\u018fvv\u0259ll\u0259r \u0259sas\u0259n minik ma\u015f\u0131nlar\u0131n\u0131n h\u0259r\u0259k\u0259tind\u0259 probleml\u0259r yaransa da, leysan ya\u011f\u0131\u015flar\u0131ndan sonra y\u00fck ma\u015f\u0131nlar\u0131n\u0131n da h\u0259r\u0259k\u0259tind\u0259 ciddi probleml\u0259r yaran\u0131b. Bel\u0259 ki, son vaxtlar bir ne\u00e7\u0259 y\u00fck ma\u015f\u0131n\u0131 Ucar-Z\u0259rdab \u0259sas magistral yolunda iri \u00e7uxurlara d\u00fc\u015f\u0259r\u0259k h\u0259r\u0259k\u0259tsiz qal\u0131b. S\u00fcr\u00fcc\u00fcl\u0259r v\u0259 yerli sakinl\u0259rin fikrinc\u0259, q\u0131\u015f aylar\u0131na kimi yollarda \u0259sasl\u0131 t\u0259mir i\u015fl\u0259ri apar\u0131lmasa, n\u0259qliyyat vasit\u0259l\u0259rinin h\u0259r\u0259k\u0259ti m\u00fcmk\u00fcns\u00fcz olacaq&#8221;.<br \/>\nMaraql\u0131d\u0131r ki, Ucar rayon 31 sayl\u0131 Yol \u0130stismar \u0130dar\u0259sinin r\u0259isi F\u00fczuli Hac\u0131yev yolun bu v\u0259ziyy\u0259t\u0259 d\u00fc\u015fm\u0259sind\u0259 &#8220;Az\u0259rsu&#8221; A\u00e7\u0131q S\u0259hmdar C\u0259miyy\u0259tini ittiham edib. F. Hac\u0131yevin a\u00e7\u0131qlamas\u0131n\u0131 oldu\u011fu kimi t\u0259qdim edirik: &#8220;32 kilometrlik Ucar-Z\u0259rdab yolu 8 tonluq y\u00fck\u0259 (h\u0259r bir oxa d\u00fc\u015f\u0259n y\u00fck) hesablan\u0131b. Bu il may\u0131n 26-na kimi ad\u0131 \u00e7\u0259kil\u0259n yol normal v\u0259ziyy\u0259td\u0259 olub, s\u00fcr\u00fcc\u00fcl\u0259r v\u0259 s\u0259rni\u015finl\u0259r t\u0259r\u0259find\u0259n he\u00e7 bir naraz\u0131l\u0131q olmay\u0131b. H\u0259min tarixd\u0259n sonra yol &#8220;Az\u0259rsu&#8221;ya m\u0259xsus h\u0259dd\u0259n art\u0131q y\u00fckl\u0259nmi\u015f &#8220;KamAZ&#8221; markal\u0131 ma\u015f\u0131nlara tab g\u0259tirm\u0259y\u0259r\u0259k tamamil\u0259 da\u011f\u0131l\u0131b. Art\u0131q bir ne\u00e7\u0259 vaxtd\u0131r ki, yollara asfalt d\u00f6\u015f\u0259m\u0259yin he\u00e7 bir \u0259h\u0259miyy\u0259ti olmad\u0131\u011f\u0131ndan i\u015fl\u0259r dayand\u0131r\u0131l\u0131b, h\u0259min \u0259raziy\u0259 ancaq \u00e7\u0131nq\u0131l veril\u0259r\u0259k qrederl\u0259rl\u0259 yay\u0131l\u0131r. Yolun yenid\u0259n tikintisi \u00fc\u00e7\u00fcn h\u0259l\u0259lik he\u00e7 bir v\u0259sait ayr\u0131lmay\u0131b&#8221;.<\/p>\n<figure id=\"attachment_4156\" aria-describedby=\"caption-attachment-4156\" style=\"width: 266px\" class=\"wp-caption alignright\"><a href=\"http:\/\/www.zerdab.com\/wp-content\/uploads\/2012\/08\/Zerdab_Ucar-yolu2.jpg\"><img loading=\"lazy\" decoding=\"async\" class=\" wp-image-4156\" title=\"Zerdab_Ucar yolu\" src=\"http:\/\/www.zerdab.com\/wp-content\/uploads\/2012\/08\/Zerdab_Ucar-yolu2-350x262.jpg\" alt=\"\" width=\"266\" height=\"199\" \/><\/a><figcaption id=\"caption-attachment-4156\" class=\"wp-caption-text\">Bu fotonu www.zerdab.com sayt\u0131na oxucu g\u00f6nd\u0259rib.<\/figcaption><\/figure>\n<p>Qar\u015f\u0131dan Ramazan bayram\u0131 g\u0259lir. H\u0259r il oldu\u011fu kimi, bu il d\u0259 Z\u0259rdabdan k\u0259narda ya\u015fayan minl\u0259rl\u0259 h\u0259myerlimiz do\u011fma rayonumuza g\u0259l\u0259c\u0259k, yax\u0131nlar\u0131n\u0131, r\u0259hm\u0259t\u0259 getmi\u015f \u0259zizl\u0259rinin m\u0259zarlar\u0131n\u0131 ziyar\u0259t ed\u0259c\u0259k. Lakin Ucar-Z\u0259rdab yolunun bu v\u0259ziyy\u0259t\u0259 d\u00fc\u015fm\u0259si onu dem\u0259y\u0259 \u0259sas verir ki, Ramazan bayram\u0131nda bu ziyar\u0259t \u0259vv\u0259lki kimi he\u00e7 d\u0259 rahat olmayacaq. \u00dcmid ed\u0259k ki, m\u0259s\u0259l\u0259 il\u0259 ba\u011fl\u0131 q\u0131sa vaxtda t\u0259dbir g\u00f6r\u00fcl\u0259c\u0259k v\u0259 yaranm\u0131\u015f bu anla\u015f\u0131lmazl\u0131q aradan qalxacaq.<br \/>\nM\u00f6vzu il\u0259 ba\u011fl\u0131 dig\u0259r r\u0259smi qurumlar\u0131n da m\u00f6vqeyini yay\u0131mlama\u011fa haz\u0131r\u0131q.<\/p>\n<p><strong>www.zerdab.com<\/strong><\/p>\n","protected":false},"excerpt":{"rendered":"<p>Ucar-Z\u0259rdab \u0259sas magistral yolunun b\u0259rbad v\u0259ziyy\u0259t\u0259 d\u00fc\u015fm\u0259si il\u0259 ba\u011fl\u0131 bir m\u00fcdd\u0259t \u00f6nc\u0259 x\u0259b\u0259r vermi\u015fdik. Yolun bu v\u0259ziyy\u0259ti s\u00fcr\u00fcc\u00fcl\u0259ri v\u0259 s\u0259rni\u015finl\u0259ri t\u0259ng\u0259 g\u0259tirib. Onlar asfalt \u00f6rt\u00fcy\u00fcn\u00fcn tamamil\u0259 da\u011f\u0131ld\u0131\u011f\u0131n\u0131 v\u0259 yolun \u015fumlanm\u0131\u015f \u0259raziy\u0259 b\u0259nz\u0259diyini bildirirl\u0259r. Yolun bu v\u0259ziyy\u0259t\u0259 d\u00fc\u015fm\u0259si \u0259vv\u0259ll\u0259r Ucardan Z\u0259rdaba n\u0259qliyyatla 10-15 d\u0259qiq\u0259y\u0259 gedil\u0259n yolun indi 1 saatad\u0259k q\u0259t edilm\u0259si il\u0259 n\u0259tic\u0259l\u0259nib. H\u0259l\u0259 bir m\u00fcdd\u0259t [&hellip;]<\/p>\n","protected":false},"author":1,"featured_media":0,"comment_status":"open","ping_status":"open","sticky":false,"template":"","format":"standard","meta":{"footnotes":""},"categories":[21],"tags":[],"class_list":{"0":"post-4152","1":"post","2":"type-post","3":"status-publish","4":"format-standard","6":"category-zrdab"},"yoast_head":"<!-- This site is optimized with the Yoast SEO plugin v27.0 - https:\/\/yoast.com\/product\/yoast-seo-wordpress\/ -->\n<title>Ucar-Z\u0259rdab yolunda n\u0259qliyyat\u0131n h\u0259r\u0259k\u0259ti t\u0259dric\u0259n m\u00fcmk\u00fcns\u00fczl\u0259\u015fir - Z\u0259rdab.com<\/title>\n<meta name=\"robots\" content=\"index, follow, max-snippet:-1, max-image-preview:large, max-video-preview:-1\" \/>\n<link rel=\"canonical\" href=\"https:\/\/www.zerdab.com\/?p=4152\" \/>\n<meta property=\"og:locale\" content=\"az_AZ\" \/>\n<meta property=\"og:type\" content=\"article\" \/>\n<meta property=\"og:title\" content=\"Ucar-Z\u0259rdab yolunda n\u0259qliyyat\u0131n h\u0259r\u0259k\u0259ti t\u0259dric\u0259n m\u00fcmk\u00fcns\u00fczl\u0259\u015fir - Z\u0259rdab.com\" \/>\n<meta property=\"og:description\" content=\"Ucar-Z\u0259rdab \u0259sas magistral yolunun b\u0259rbad v\u0259ziyy\u0259t\u0259 d\u00fc\u015fm\u0259si il\u0259 ba\u011fl\u0131 bir m\u00fcdd\u0259t \u00f6nc\u0259 x\u0259b\u0259r vermi\u015fdik. Yolun bu v\u0259ziyy\u0259ti s\u00fcr\u00fcc\u00fcl\u0259ri v\u0259 s\u0259rni\u015finl\u0259ri t\u0259ng\u0259 g\u0259tirib. Onlar asfalt \u00f6rt\u00fcy\u00fcn\u00fcn tamamil\u0259 da\u011f\u0131ld\u0131\u011f\u0131n\u0131 v\u0259 yolun \u015fumlanm\u0131\u015f \u0259raziy\u0259 b\u0259nz\u0259diyini bildirirl\u0259r. Yolun bu v\u0259ziyy\u0259t\u0259 d\u00fc\u015fm\u0259si \u0259vv\u0259ll\u0259r Ucardan Z\u0259rdaba n\u0259qliyyatla 10-15 d\u0259qiq\u0259y\u0259 gedil\u0259n yolun indi 1 saatad\u0259k q\u0259t edilm\u0259si il\u0259 n\u0259tic\u0259l\u0259nib. H\u0259l\u0259 bir m\u00fcdd\u0259t [&hellip;]\" \/>\n<meta property=\"og:url\" content=\"https:\/\/www.zerdab.com\/?p=4152\" \/>\n<meta property=\"og:site_name\" content=\"Z\u0259rdab.com\" \/>\n<meta property=\"article:published_time\" content=\"2012-08-09T00:11:54+00:00\" \/>\n<meta property=\"article:modified_time\" content=\"2012-08-09T00:20:26+00:00\" \/>\n<meta property=\"og:image\" content=\"http:\/\/www.zerdab.com\/wp-content\/uploads\/2012\/08\/Zerdab_Ucar-yolu2-350x262.jpg\" \/>\n<meta name=\"author\" content=\"admin\" \/>\n<meta name=\"twitter:card\" content=\"summary_large_image\" \/>\n<meta name=\"twitter:label1\" content=\"Written by\" \/>\n\t<meta name=\"twitter:data1\" content=\"admin\" \/>\n\t<meta name=\"twitter:label2\" content=\"Est. reading time\" \/>\n\t<meta name=\"twitter:data2\" content=\"3 minutes\" \/>\n<script type=\"application\/ld+json\" class=\"yoast-schema-graph\">{\"@context\":\"https:\/\/schema.org\",\"@graph\":[{\"@type\":\"Article\",\"@id\":\"https:\/\/www.zerdab.com\/?p=4152#article\",\"isPartOf\":{\"@id\":\"https:\/\/www.zerdab.com\/?p=4152\"},\"author\":{\"name\":\"admin\",\"@id\":\"https:\/\/www.zerdab.com\/#\/schema\/person\/97079b7570c1e89ec0d9e138c3672136\"},\"headline\":\"Ucar-Z\u0259rdab yolunda n\u0259qliyyat\u0131n h\u0259r\u0259k\u0259ti t\u0259dric\u0259n m\u00fcmk\u00fcns\u00fczl\u0259\u015fir\",\"datePublished\":\"2012-08-09T00:11:54+00:00\",\"dateModified\":\"2012-08-09T00:20:26+00:00\",\"mainEntityOfPage\":{\"@id\":\"https:\/\/www.zerdab.com\/?p=4152\"},\"wordCount\":613,\"commentCount\":2,\"image\":{\"@id\":\"https:\/\/www.zerdab.com\/?p=4152#primaryimage\"},\"thumbnailUrl\":\"http:\/\/www.zerdab.com\/wp-content\/uploads\/2012\/08\/Zerdab_Ucar-yolu2-350x262.jpg\",\"articleSection\":[\"C\u018fM\u0130YY\u018fT\"],\"inLanguage\":\"az\",\"potentialAction\":[{\"@type\":\"CommentAction\",\"name\":\"Comment\",\"target\":[\"https:\/\/www.zerdab.com\/?p=4152#respond\"]}]},{\"@type\":\"WebPage\",\"@id\":\"https:\/\/www.zerdab.com\/?p=4152\",\"url\":\"https:\/\/www.zerdab.com\/?p=4152\",\"name\":\"Ucar-Z\u0259rdab yolunda n\u0259qliyyat\u0131n h\u0259r\u0259k\u0259ti t\u0259dric\u0259n m\u00fcmk\u00fcns\u00fczl\u0259\u015fir - Z\u0259rdab.com\",\"isPartOf\":{\"@id\":\"https:\/\/www.zerdab.com\/#website\"},\"primaryImageOfPage\":{\"@id\":\"https:\/\/www.zerdab.com\/?p=4152#primaryimage\"},\"image\":{\"@id\":\"https:\/\/www.zerdab.com\/?p=4152#primaryimage\"},\"thumbnailUrl\":\"http:\/\/www.zerdab.com\/wp-content\/uploads\/2012\/08\/Zerdab_Ucar-yolu2-350x262.jpg\",\"datePublished\":\"2012-08-09T00:11:54+00:00\",\"dateModified\":\"2012-08-09T00:20:26+00:00\",\"author\":{\"@id\":\"https:\/\/www.zerdab.com\/#\/schema\/person\/97079b7570c1e89ec0d9e138c3672136\"},\"breadcrumb\":{\"@id\":\"https:\/\/www.zerdab.com\/?p=4152#breadcrumb\"},\"inLanguage\":\"az\",\"potentialAction\":[{\"@type\":\"ReadAction\",\"target\":[\"https:\/\/www.zerdab.com\/?p=4152\"]}]},{\"@type\":\"ImageObject\",\"inLanguage\":\"az\",\"@id\":\"https:\/\/www.zerdab.com\/?p=4152#primaryimage\",\"url\":\"\",\"contentUrl\":\"\"},{\"@type\":\"BreadcrumbList\",\"@id\":\"https:\/\/www.zerdab.com\/?p=4152#breadcrumb\",\"itemListElement\":[{\"@type\":\"ListItem\",\"position\":1,\"name\":\"Home\",\"item\":\"https:\/\/www.zerdab.com\/\"},{\"@type\":\"ListItem\",\"position\":2,\"name\":\"Ucar-Z\u0259rdab yolunda n\u0259qliyyat\u0131n h\u0259r\u0259k\u0259ti t\u0259dric\u0259n m\u00fcmk\u00fcns\u00fczl\u0259\u015fir\"}]},{\"@type\":\"WebSite\",\"@id\":\"https:\/\/www.zerdab.com\/#website\",\"url\":\"https:\/\/www.zerdab.com\/\",\"name\":\"Z\u0259rdab.com\",\"description\":\"\",\"potentialAction\":[{\"@type\":\"SearchAction\",\"target\":{\"@type\":\"EntryPoint\",\"urlTemplate\":\"https:\/\/www.zerdab.com\/?s={search_term_string}\"},\"query-input\":{\"@type\":\"PropertyValueSpecification\",\"valueRequired\":true,\"valueName\":\"search_term_string\"}}],\"inLanguage\":\"az\"},{\"@type\":\"Person\",\"@id\":\"https:\/\/www.zerdab.com\/#\/schema\/person\/97079b7570c1e89ec0d9e138c3672136\",\"name\":\"admin\",\"image\":{\"@type\":\"ImageObject\",\"inLanguage\":\"az\",\"@id\":\"https:\/\/www.zerdab.com\/#\/schema\/person\/image\/\",\"url\":\"https:\/\/secure.gravatar.com\/avatar\/d9c52a9a27c32119cb6679a077fa3e2779e5f822c451cbf01098004361d466ec?s=96&d=mm&r=g\",\"contentUrl\":\"https:\/\/secure.gravatar.com\/avatar\/d9c52a9a27c32119cb6679a077fa3e2779e5f822c451cbf01098004361d466ec?s=96&d=mm&r=g\",\"caption\":\"admin\"},\"url\":\"https:\/\/www.zerdab.com\/?author=1\"}]}<\/script>\n<!-- \/ Yoast SEO plugin. -->","yoast_head_json":{"title":"Ucar-Z\u0259rdab yolunda n\u0259qliyyat\u0131n h\u0259r\u0259k\u0259ti t\u0259dric\u0259n m\u00fcmk\u00fcns\u00fczl\u0259\u015fir - Z\u0259rdab.com","robots":{"index":"index","follow":"follow","max-snippet":"max-snippet:-1","max-image-preview":"max-image-preview:large","max-video-preview":"max-video-preview:-1"},"canonical":"https:\/\/www.zerdab.com\/?p=4152","og_locale":"az_AZ","og_type":"article","og_title":"Ucar-Z\u0259rdab yolunda n\u0259qliyyat\u0131n h\u0259r\u0259k\u0259ti t\u0259dric\u0259n m\u00fcmk\u00fcns\u00fczl\u0259\u015fir - Z\u0259rdab.com","og_description":"Ucar-Z\u0259rdab \u0259sas magistral yolunun b\u0259rbad v\u0259ziyy\u0259t\u0259 d\u00fc\u015fm\u0259si il\u0259 ba\u011fl\u0131 bir m\u00fcdd\u0259t \u00f6nc\u0259 x\u0259b\u0259r vermi\u015fdik. Yolun bu v\u0259ziyy\u0259ti s\u00fcr\u00fcc\u00fcl\u0259ri v\u0259 s\u0259rni\u015finl\u0259ri t\u0259ng\u0259 g\u0259tirib. Onlar asfalt \u00f6rt\u00fcy\u00fcn\u00fcn tamamil\u0259 da\u011f\u0131ld\u0131\u011f\u0131n\u0131 v\u0259 yolun \u015fumlanm\u0131\u015f \u0259raziy\u0259 b\u0259nz\u0259diyini bildirirl\u0259r. Yolun bu v\u0259ziyy\u0259t\u0259 d\u00fc\u015fm\u0259si \u0259vv\u0259ll\u0259r Ucardan Z\u0259rdaba n\u0259qliyyatla 10-15 d\u0259qiq\u0259y\u0259 gedil\u0259n yolun indi 1 saatad\u0259k q\u0259t edilm\u0259si il\u0259 n\u0259tic\u0259l\u0259nib. H\u0259l\u0259 bir m\u00fcdd\u0259t [&hellip;]","og_url":"https:\/\/www.zerdab.com\/?p=4152","og_site_name":"Z\u0259rdab.com","article_published_time":"2012-08-09T00:11:54+00:00","article_modified_time":"2012-08-09T00:20:26+00:00","og_image":[{"url":"http:\/\/www.zerdab.com\/wp-content\/uploads\/2012\/08\/Zerdab_Ucar-yolu2-350x262.jpg","type":"","width":"","height":""}],"author":"admin","twitter_card":"summary_large_image","twitter_misc":{"Written by":"admin","Est. reading time":"3 minutes"},"schema":{"@context":"https:\/\/schema.org","@graph":[{"@type":"Article","@id":"https:\/\/www.zerdab.com\/?p=4152#article","isPartOf":{"@id":"https:\/\/www.zerdab.com\/?p=4152"},"author":{"name":"admin","@id":"https:\/\/www.zerdab.com\/#\/schema\/person\/97079b7570c1e89ec0d9e138c3672136"},"headline":"Ucar-Z\u0259rdab yolunda n\u0259qliyyat\u0131n h\u0259r\u0259k\u0259ti t\u0259dric\u0259n m\u00fcmk\u00fcns\u00fczl\u0259\u015fir","datePublished":"2012-08-09T00:11:54+00:00","dateModified":"2012-08-09T00:20:26+00:00","mainEntityOfPage":{"@id":"https:\/\/www.zerdab.com\/?p=4152"},"wordCount":613,"commentCount":2,"image":{"@id":"https:\/\/www.zerdab.com\/?p=4152#primaryimage"},"thumbnailUrl":"http:\/\/www.zerdab.com\/wp-content\/uploads\/2012\/08\/Zerdab_Ucar-yolu2-350x262.jpg","articleSection":["C\u018fM\u0130YY\u018fT"],"inLanguage":"az","potentialAction":[{"@type":"CommentAction","name":"Comment","target":["https:\/\/www.zerdab.com\/?p=4152#respond"]}]},{"@type":"WebPage","@id":"https:\/\/www.zerdab.com\/?p=4152","url":"https:\/\/www.zerdab.com\/?p=4152","name":"Ucar-Z\u0259rdab yolunda n\u0259qliyyat\u0131n h\u0259r\u0259k\u0259ti t\u0259dric\u0259n m\u00fcmk\u00fcns\u00fczl\u0259\u015fir - Z\u0259rdab.com","isPartOf":{"@id":"https:\/\/www.zerdab.com\/#website"},"primaryImageOfPage":{"@id":"https:\/\/www.zerdab.com\/?p=4152#primaryimage"},"image":{"@id":"https:\/\/www.zerdab.com\/?p=4152#primaryimage"},"thumbnailUrl":"http:\/\/www.zerdab.com\/wp-content\/uploads\/2012\/08\/Zerdab_Ucar-yolu2-350x262.jpg","datePublished":"2012-08-09T00:11:54+00:00","dateModified":"2012-08-09T00:20:26+00:00","author":{"@id":"https:\/\/www.zerdab.com\/#\/schema\/person\/97079b7570c1e89ec0d9e138c3672136"},"breadcrumb":{"@id":"https:\/\/www.zerdab.com\/?p=4152#breadcrumb"},"inLanguage":"az","potentialAction":[{"@type":"ReadAction","target":["https:\/\/www.zerdab.com\/?p=4152"]}]},{"@type":"ImageObject","inLanguage":"az","@id":"https:\/\/www.zerdab.com\/?p=4152#primaryimage","url":"","contentUrl":""},{"@type":"BreadcrumbList","@id":"https:\/\/www.zerdab.com\/?p=4152#breadcrumb","itemListElement":[{"@type":"ListItem","position":1,"name":"Home","item":"https:\/\/www.zerdab.com\/"},{"@type":"ListItem","position":2,"name":"Ucar-Z\u0259rdab yolunda n\u0259qliyyat\u0131n h\u0259r\u0259k\u0259ti t\u0259dric\u0259n m\u00fcmk\u00fcns\u00fczl\u0259\u015fir"}]},{"@type":"WebSite","@id":"https:\/\/www.zerdab.com\/#website","url":"https:\/\/www.zerdab.com\/","name":"Z\u0259rdab.com","description":"","potentialAction":[{"@type":"SearchAction","target":{"@type":"EntryPoint","urlTemplate":"https:\/\/www.zerdab.com\/?s={search_term_string}"},"query-input":{"@type":"PropertyValueSpecification","valueRequired":true,"valueName":"search_term_string"}}],"inLanguage":"az"},{"@type":"Person","@id":"https:\/\/www.zerdab.com\/#\/schema\/person\/97079b7570c1e89ec0d9e138c3672136","name":"admin","image":{"@type":"ImageObject","inLanguage":"az","@id":"https:\/\/www.zerdab.com\/#\/schema\/person\/image\/","url":"https:\/\/secure.gravatar.com\/avatar\/d9c52a9a27c32119cb6679a077fa3e2779e5f822c451cbf01098004361d466ec?s=96&d=mm&r=g","contentUrl":"https:\/\/secure.gravatar.com\/avatar\/d9c52a9a27c32119cb6679a077fa3e2779e5f822c451cbf01098004361d466ec?s=96&d=mm&r=g","caption":"admin"},"url":"https:\/\/www.zerdab.com\/?author=1"}]}},"_links":{"self":[{"href":"https:\/\/www.zerdab.com\/index.php?rest_route=\/wp\/v2\/posts\/4152","targetHints":{"allow":["GET"]}}],"collection":[{"href":"https:\/\/www.zerdab.com\/index.php?rest_route=\/wp\/v2\/posts"}],"about":[{"href":"https:\/\/www.zerdab.com\/index.php?rest_route=\/wp\/v2\/types\/post"}],"author":[{"embeddable":true,"href":"https:\/\/www.zerdab.com\/index.php?rest_route=\/wp\/v2\/users\/1"}],"replies":[{"embeddable":true,"href":"https:\/\/www.zerdab.com\/index.php?rest_route=%2Fwp%2Fv2%2Fcomments&post=4152"}],"version-history":[{"count":8,"href":"https:\/\/www.zerdab.com\/index.php?rest_route=\/wp\/v2\/posts\/4152\/revisions"}],"predecessor-version":[{"id":4158,"href":"https:\/\/www.zerdab.com\/index.php?rest_route=\/wp\/v2\/posts\/4152\/revisions\/4158"}],"wp:attachment":[{"href":"https:\/\/www.zerdab.com\/index.php?rest_route=%2Fwp%2Fv2%2Fmedia&parent=4152"}],"wp:term":[{"taxonomy":"category","embeddable":true,"href":"https:\/\/www.zerdab.com\/index.php?rest_route=%2Fwp%2Fv2%2Fcategories&post=4152"},{"taxonomy":"post_tag","embeddable":true,"href":"https:\/\/www.zerdab.com\/index.php?rest_route=%2Fwp%2Fv2%2Ftags&post=4152"}],"curies":[{"name":"wp","href":"https:\/\/api.w.org\/{rel}","templated":true}]}}