{"id":417,"date":"2012-02-09T11:40:51","date_gmt":"2012-02-09T07:40:51","guid":{"rendered":"http:\/\/www.zerdab.com\/?p=417"},"modified":"2012-02-20T20:38:02","modified_gmt":"2012-02-20T16:38:02","slug":"ill%c9%99r-gorm%c9%99misdik-bu-ill%c9%99r-kimi","status":"publish","type":"post","link":"https:\/\/www.zerdab.com\/?p=417","title":{"rendered":"\u0130ll\u0259r g\u00f6rm\u0259mi\u015fdik bu ill\u0259r kimi"},"content":{"rendered":"<p><a href=\"http:\/\/www.zerdab.com\/wp-content\/uploads\/2012\/02\/Meherrem-Memmedov5.jpg\"><img loading=\"lazy\" decoding=\"async\" class=\"alignright size-thumbnail wp-image-602\" title=\"Meherrem Memmedov\" src=\"http:\/\/www.zerdab.com\/wp-content\/uploads\/2012\/02\/Meherrem-Memmedov5-150x150.jpg\" alt=\"M\u0259h\u0259rr\u0259m M\u0259mm\u0259dli, filologiya elml\u0259ri doktoru, professor\" width=\"150\" height=\"150\" \/><\/a>Az\u0259rbaycan Respublikas\u0131n\u0131n Prezidentinin regionlar\u0131n sosial iqtisadi inki\u015faf\u0131 il\u0259 ba\u011fl\u0131 f\u0259rmanlar\u0131ndan sonra b\u00fct\u00fcn b\u00f6lg\u0259l\u0259rd\u0259 quruculuq v\u0259 abadl\u0131q i\u015fl\u0259ri apar\u0131l\u0131r. Z\u0259rdab rayonu da h\u0259min f\u0259rmanlara uy\u011fun olaraq, son ill\u0259rd\u0259 s\u00fcr\u0259tli inki\u015faf yoluna q\u0259d\u0259m qoymu\u015fdur.Rayon m\u0259rk\u0259zind\u0259 k\u00fc\u00e7\u0259l\u0259r asfaltlan\u0131r, yol k\u0259narlar\u0131 ya\u015f\u0131lla\u015fd\u0131r\u0131l\u0131r, \u00fcmummilli liderimizin ad\u0131n\u0131 da\u015f\u0131yan istirah\u0259t park\u0131nda yenid\u0259nqurma i\u015fl\u0259ri apar\u0131l\u0131r, sosial-m\u0259i\u015f\u0259t obyektl\u0259ri v\u0259 t\u0259hsil m\u00fc\u0259ssis\u0259l\u0259ri t\u0259mir olunur v\u0259 ya yenil\u0259ri il\u0259 \u0259v\u0259zl\u0259nir, n\u0259hay\u0259t, z\u0259rdabl\u0131lar\u0131n uzun ill\u0259r h\u0259sr\u0259tind\u0259 qald\u0131qlar\u0131 Z\u0259rdab-Mollak\u0259nd (K\u00fcrd\u0259mir) \u015fosse yolu az zaman k\u0259siyind\u0259 asfaltlanm\u0131\u015f, k\u0259ndl\u0259r\u0259 qaz \u00e7\u0259kili\u015fin\u0259 ba\u015flanm\u0131\u015fd\u0131r. Ke\u00e7\u0259n ilin yaz aylar\u0131nda K\u00fcr \u00e7ay\u0131n\u0131n da\u015fmas\u0131 n\u0259tic\u0259sind\u0259 rayonun bir s\u0131ra k\u0259ndl\u0259rind\u0259 t\u0259hl\u00fck\u0259 yaranm\u0131\u015fd\u0131. Rayon r\u0259hb\u0259rliyi v\u0259 yerli sakinl\u0259r \u0259zml\u0259 \u00e7al\u0131\u015faraq, b\u0259nd-b\u0259rkitm\u0259 i\u015fl\u0259rind\u0259 respublika FHN \u0259m\u0259kda\u015flar\u0131 il\u0259 birlikd\u0259 da\u015fq\u0131n t\u0259hl\u00fck\u0259sini sovu\u015fdurmu\u015flar. Sahil boyu k\u0259ndl\u0259rl\u0259 K\u00fcr \u00e7ay\u0131 aras\u0131nda 86 km \u0259razid\u0259 iki metr h\u00fcnd\u00fcrl\u00fcy\u00fcnd\u0259 b\u0259nd salm\u0131\u015flar. Da\u015fqin zaman\u0131 ziyan \u00e7\u0259kmi\u015f ail\u0259l\u0259r\u0259 rayonun giri\u015find\u0259 yeni q\u0259s\u0259b\u0259 sal\u0131nm\u0131\u015f, evl\u0259r b\u00fct\u00fcn z\u0259ruri avadanl\u0131qlarla v\u0259 torpaq sah\u0259si il\u0259 t\u0259min olunmu\u015fdur. Rayon \u0259halisi yeni ruh y\u00fcks\u0259kliyi il\u0259 quruculuq v\u0259 abadl\u0131q i\u015fl\u0259rini davam etdirir. H. \u018fliyev m\u0259rk\u0259zi istifad\u0259y\u0259 verilmi\u015f, m\u00fcasir avadanl\u0131qlarla t\u0259hciz olunmu\u015fdur. Rayonda siyasi-ideoloji sah\u0259d\u0259 d\u0259 t\u0259bli\u011fat i\u015fl\u0259ri geni\u015fl\u0259ndirilir. \u015e\u0259hidl\u0259rin v\u0259 B\u00f6y\u00fck V\u0259t\u0259n m\u00fcharib\u0259si q\u0259hr\u0259man\u0131 M\u0259lik M\u0259h\u0259rr\u0259movun \u015f\u0259r\u0259fin\u0259 abid\u0259l\u0259r ucaldllm\u0131\u015f, g\u00f6rk\u0259mli maarif\u00e7i xadim H. B. Z\u0259rdabinin ev muzeyi yenid\u0259n b\u0259rpa olunmu\u015f v\u0259 eksponatlarla z\u0259nginl\u0259\u015fdirilmi\u015fdir. Rayon v\u0259 onun ziyal\u0131lar\u0131 haqq\u0131nda bir ne\u00e7\u0259 kitab oxusam da, bu yax\u0131nlarda \u00e7ap olunmu\u015f &#8220;Regional sosial iqtisadi inki\u015faf (tarixi faktlar, reall\u0131qlar v\u0259 inki\u015faf meyll\u0259ri) kitab\u0131 diqq\u0259timi daha \u00e7ox c\u0259lb etdi. Kitab rayon icra ba\u015f\u00e7\u0131s\u0131, iqtisad elml\u0259ri \u00fczr\u0259 f\u0259ls\u0259f\u0259 doktoru L. Babayevin r\u0259hb\u0259rliyi il\u0259 haz\u0131rlanmi\u015f, tan\u0131nm\u0131\u015f aliml\u0259r akademik T. B\u00fcnyadov, iqtisad elml\u0259ri doktorlar\u0131, professorlar S. Salahov, M. F\u0259rz\u0259liyev v\u0259 k\u0259nd t\u0259s\u0259rr\u00fcfat\u0131 elml\u0259ri namiz\u0259di E. H\u0259s\u0259novun m\u00fcsb\u0259t r\u0259yl\u0259ri \u0259sas\u0131nda \u00e7ap olunmu\u015fdur. Kitabda rayonun tarixi, m\u00fcxt\u0259lif d\u00f6vrl\u0259rd\u0259 inzibati \u0259razisind\u0259 ba\u015f ver\u0259n d\u0259yi\u015fiklikl\u0259r, sosial-demoqrafik durumu , iqtisadi h\u0259yat\u0131, s\u0259hiyy\u0259, m\u0259d\u0259niyy\u0259t, inc\u0259s\u0259n\u0259t, idman v\u0259 t\u0259hsil sistemi, bir s\u00f6zl\u0259, rayonla ba\u011fl\u0131 m\u00fch\u00fcm m\u0259s\u0259l\u0259l\u0259r bar\u0259d\u0259 geni\u015f m\u0259lumat verilir. \u00dcmummilli liderimiz H. \u018fliyevin v\u0259 \u00f6lk\u0259 prezidenti, c\u0259nab \u0130. \u018fliyevin rayona s\u0259f\u0259rl\u0259rind\u0259n, rayon \u0259halisin\u0259 qay\u011f\u0131s\u0131ndan iftixarla dan\u0131\u015f\u0131l\u0131r.<\/p>\n<p><a href=\"http:\/\/www.zerdab.com\/wp-content\/uploads\/2012\/02\/H.Eliyev.jpg\"><img loading=\"lazy\" decoding=\"async\" class=\"alignleft size-large wp-image-458\" title=\"H.Eliyev\" src=\"http:\/\/www.zerdab.com\/wp-content\/uploads\/2012\/02\/H.Eliyev-1024x723.jpg\" alt=\"\" width=\"688\" height=\"485\" \/><\/a>1978-ci ild\u0259 z\u0259rdabl\u0131lar n\u00f6vb\u0259ti d\u0259f\u0259 da\u015fq\u0131n t\u0259hl\u00fck\u0259si qar\u015f\u0131s\u0131nda qalanda, \u0259halinin d\u0259d\u0259-baba yurdundan k\u00f6\u00e7\u00fcr\u00fclm\u0259si m\u0259cburiyy\u0259ti yarandiqda \u00f6lk\u0259 ba\u015f\u00e7\u0131s\u0131 H.\u018fliyev regiona s\u0259f\u0259r edir. \u00d6lk\u0259 ba\u015f\u00e7\u0131s\u0131 pamb\u0131q tarlalar\u0131nda,tikinti meydan\u00e7alar\u0131nda sad\u0259 i\u015f adamlar\u0131 il\u0259 g\u00f6r\u00fc\u015f\u00fcr,onlar\u0131n probleml\u0259rini \u00f6yr\u0259nir, h\u0259ll edilm\u0259si \u00fc\u00e7\u00fcn tap \u015f\u0131r\u0131qlar verir. Onun m\u0259sl\u0259h\u0259ti il\u0259 respublikan\u0131n icra strukturlar\u0131 s\u0259f\u0259rb\u0259r edilir, yerli \u0259halinin k\u00f6m\u0259yi il\u0259 sahil boyu h\u00fcnd\u00fcr b\u0259nd \u00e7\u0259kilir, bununla da \u0259hali sel t\u0259hl\u00fck\u0259sind\u0259n xilas edilir. Bu g\u00fcn d\u0259 rayon a\u011fsaqqallar\u0131 \u00fcmummilli liderimizin f\u0259aliyy\u0259tind\u0259n f\u0259xrl\u0259 dan\u0131\u015f\u0131r, onunla s\u00f6hb\u0259tl\u0259rini xo\u015f xatir\u0259 kimi yada sal\u0131rlar. Kitabda H. \u018fliyevin\u00a0 \u0259hali il\u0259 g\u00f6r\u00fc\u015fl\u0259ri, qabaqc\u0131llarla s\u00f6hb\u0259tl\u0259ri b\u00fct\u00fcn t\u0259f\u0259rr\u00fcat\u0131 il\u0259 i\u015f\u0131qland\u0131r\u0131lm\u0131\u015fd\u0131r. H\u0259min zamanlarda \u00e7\u0259kil\u0259n xatir\u0259 fotolar rayon muzeyind\u0259 tarixi s\u0259n\u0259d kimi saxlan\u0131l\u0131r, z\u0259rdabl\u0131lar h\u0259r d\u0259f\u0259 o g\u00fcnl\u0259ri xat\u0131rlayanda q\u00fcrur hissi ke\u00e7irirl\u0259r. \u00dcmummilli liderimizin siyas\u0259tini \u00f6lk\u0259 prezidenti, c\u0259nab \u0130.\u018fliyev u\u011furla davam etdirir. Regionlar\u0131n sosial-iqtisadi inki\u015faf\u0131 \u00fc\u00e7\u00fcn verilmi\u015f f\u0259rmanlar, ayr\u0131-ayr\u0131 b\u00f6lg\u0259 l\u0259rin inki\u015faf\u0131na ayr\u0131lm\u0131\u015f d\u00f6vl\u0259t v\u0259saitl\u0259ri \u0259halinin sosial rifah\u0131n\u0131n yax\u015f\u0131la\u015fmas\u0131na xidm\u0259t edir. Dig\u0259r b\u00f6lg\u0259l\u0259r kimi, Z\u0259rdab rayonu da s\u00fcr\u0259tl\u0259 inki\u015faf edir, g\u00fcnd\u0259n-g\u00fcn\u0259 abadla\u015f\u0131r, \u0259halinin sosial v\u0259ziyy\u0259ti y\u00fcks\u0259lir. T\u0259kc\u0259 2008-ci ild\u0259 rayonda 10 yeni obyekt \u0259halinin istifad\u0259sin\u0259 verilmi\u015f, indi d\u0259 bir s\u0131ra obyektl\u0259rin in\u015fas\u0131 davam etdirilir. Rayonun tarixi q\u0259dim faktlar v\u0259 m\u0259d\u0259niyy\u0259t n\u00fcmun\u0259l\u0259ri \u0259sas\u0131nda ilk d\u0259f\u0259 bu kitabda ara\u015fd\u0131r\u0131lm\u0131\u015fd\u0131r. M\u0259nb\u0259l\u0259rd\u0259n ayd\u0131n olur ki, XVI y\u00fczilliy\u0259 q\u0259d\u0259r rayonun ad\u0131 &#8220;Qoyun \u00fclumu&#8221;(qoyun y\u0131\u011f\u0131\u015fan, c\u0259ml\u0259\u015f\u0259n yer) kimi qeyd olunmu\u015f, 1831-ci ild\u0259 \u015eirvan idar\u0259\u00e7iliyinin Qarasubasar mahal\u0131n\u0131n, 1864-c\u00fc ild\u0259n is\u0259 \u015eamax\u0131 q\u0259zas\u0131n\u0131n B\u0259rg\u00fc\u015fad nahiyy\u0259sinin t\u0259rkibin\u0259 daxil edilmi\u015fdir. B\u00fct\u00fcn bunlarla yana\u015f\u0131, m\u00fc\u0259llifin q\u0259na\u0259tinc\u0259, rayonun \u0259razisi ilk insan m\u0259sk\u0259nl\u0259rind\u0259ndir. B\u00f6lg\u0259d\u0259n tap\u0131lan q\u0259dim K\u00fcr-Araz m\u0259d\u0259niyy\u0259tinin n\u00fcmun\u0259l\u0259ri insanlar\u0131n burada Tunc d\u00f6vr\u00fcnd\u0259n ya\u015fad\u0131\u011f\u0131n\u0131 g\u00f6st\u0259r\u0259n faktlard\u0131r. Son d\u00f6vrl\u0259rd\u0259 rayonun Xanm\u0259mm\u0259dli k\u0259ndind\u0259n tap\u0131lm\u0131\u015f k\u00fcp q\u0259birl\u0259ri nekropolu ( \u00f6l\u00fc \u015f\u0259h\u0259r), D\u0259li Qu\u015f\u00e7u k\u0259ndind\u0259 A\u011ft\u0259p\u0259 kurqan\u0131, Yuxar\u0131 Seyidl\u0259r k\u0259ndind\u0259 &#8220;Yeray\u0131z \u015f\u0259h\u0259ri&#8221;nin qal\u0131qlar\u0131 v\u0259 s. maddi-m\u0259d\u0259niyy\u0259t abid\u0259l\u0259ri m\u00fc\u0259llifin fikirl\u0259rini bir daha t\u0259sdiql\u0259yir. Rayonun \u018flv\u0259nd, Qarav\u0259lli, B\u0131\u00e7aq\u00e7\u0131, K\u00f6rp\u00fck\u0259nd v\u0259 s. k\u0259ndl\u0259rinin tarixini \u00f6yr\u0259nm\u0259k \u00fc\u00e7\u00fcn bu kitab d\u0259y\u0259rli m\u0259nb\u0259dir. M\u0259lumatlardan ayd\u0131n olur ki, \u018flv\u0259nd k\u0259ndi ya\u015fay\u0131\u015f m\u0259nt\u0259q\u0259si kimi orta y\u00fczillikl\u0259rd\u0259 formala\u015fm\u0131\u015fd\u0131r. T\u0259dqiqat\u00e7\u0131 \u018flv\u0259nd k\u0259ndi il\u0259 ba\u011fl\u0131 tarixi m\u0259nb\u0259l\u0259rd\u0259ki m\u0259lumatlar\u0131<br \/>\ntoplam\u0131\u015f v\u0259 elmi d\u00f6vriyy\u0259y\u0259 daxil etmi\u015fdir. H\u0259min k\u0259ndd\u0259n q\u0259dim K\u00fcr-Araz m\u0259d\u0259niyy\u0259tin\u0259 aid xeyli n\u00fcmun\u0259l\u0259r a\u015fkara \u00e7\u0131xar\u0131lm\u0131\u015fd\u0131r ki, tarix\u00e7il\u0259r onlar\u0131 Tunc d\u00f6vr\u00fcn\u0259 (e.\u0259.IV minillik) aid edirl\u0259r. XVIII y\u00fczillikd\u0259 k\u0259ndd\u0259 ip\u0259k emal\u0131 m\u00fc\u0259ssis\u0259si, g\u0259mi dayanaca\u011f\u0131, karvansara, &#8220;\u015e\u0259nb\u0259&#8221;bazar\u0131, biyan istehsal\u0131 sexi f\u0259aliyy\u0259t g\u00f6st\u0259rmi\u015fdir. XIX y\u00fczillikd\u0259 rus-tatar m\u0259kt\u0259binin olmas\u0131 da m\u0259nb\u0259l\u0259rd\u0259 \u00f6z \u0259ksini tapm\u0131\u015fd\u0131r.<br \/>\nRayonun tarixinin sovet d\u00f6n\u0259minin geni\u015f i\u015f\u0131qland\u0131r\u0131lmas\u0131, rayona r\u0259hb\u0259rlik ed\u0259n \u015f\u0259xsl\u0259rin, \u0130craiyy\u0259 Komit\u0259si s\u0259drl\u0259rinin, Komsomol Komit\u0259si katibl\u0259rinin siyah\u0131lar\u0131n\u0131n g\u00f6st\u0259rilm\u0259si, II D\u00fcnya m\u00fcharib\u0259si ill\u0259rind\u0259 rayon \u0259halisinin s\u0259f\u0259rb\u0259yliyi, c\u0259bh\u0259d\u0259 f\u0259dakarl\u0131\u011f\u0131 v\u0259 arxa c\u0259bh\u0259nin k\u00f6m\u0259yind\u0259n b\u0259hs olunmas\u0131, el\u0259c\u0259 d\u0259 \u00f6lk\u0259 ba\u015f\u00e7\u0131s\u0131 \u0130. V. Stalinin z\u0259rdabl\u0131lalara t\u0259\u015f\u0259kk\u00fcr m\u0259ktubunun sur\u0259tinin \u00e7ap\u0131 tarixi v\u0259 siyasi \u0259h\u0259miyy\u0259t\u0259 malikdir.<br \/>\nKitabda rayonun sosial-demoqrafik durumu da c\u0259dv\u0259ll\u0259rd\u0259 \u00f6z \u0259ksini tapm\u0131\u015fd\u0131r. Burada \u0259halinin etnik t\u0259rkibind\u0259 ba\u015f ver\u0259n d\u0259yi\u015fiklikl\u0259r ill\u0259r \u00fczr\u0259 ayd\u0131n g\u00f6st\u0259rilmi\u015fdir. Rayon \u0259halisinin cinsi, ya\u015f\u0131 v\u0259 milli t\u0259rkibi, 100 ild\u0259n \u00e7ox ya\u015fayan ah\u0131llar, q\u0259hr\u0259man analar, \u0259m\u0259k ehtiyatlar\u0131, t\u0259hsil s\u0259viyy\u0259si, pe\u015f\u0259-ixtisas t\u0259rkibi, iqtisadi f\u0259aliyy\u0259t sah\u0259l\u0259ri, Q\u0259rbi Az\u0259rbaycandan v\u0259 Da\u011fl\u0131q Qaraba\u011fdan p\u0259nah g\u0259tir\u0259n soyda\u015flar\u0131m\u0131z\u0131n yerl\u0259\u015fdiyi k\u0259ndl\u0259r, m\u00fcharib\u0259 veteranlar\u0131, \u015f\u0259hid ail\u0259l\u0259ri v\u0259 \u0259lill\u0259r haqq\u0131mda m\u0259lumatlar rayonun m\u00f6hk\u0259m sosial v\u0259 demoqrafik dayaqlar \u00fcz\u0259rind\u0259 qurulmas\u0131ndan x\u0259b\u0259r verir.<br \/>\nRayonun 41 ya\u015fay\u0131\u015f m\u0259nt\u0259q\u0259si vard\u0131r. H\u0259r bir k\u0259ndin \u0259razisi, \u0259halisi, s\u0259rh\u0259dl\u0259ri, t\u0259s\u0259rr\u00fcfat sah\u0259l\u0259ri, sosial obyektl\u0259ri v\u0259 tarixi bar\u0259d\u0259 z\u0259ngin m\u0259lumat toplan\u0131lm\u0131\u015fd\u0131r. Maraql\u0131d\u0131r ki, t\u0259dqiqat\u00e7\u0131 \u0259halinin tarixi miqrasiyas\u0131n\u0131 v\u0259 toponiml\u0259rin m\u0259n\u015f\u0259yini d\u0259 ara\u015fd\u0131rm\u0131\u015fd\u0131r. Toponiml\u0259rl\u0259 ba\u011fl\u0131 xalq etimologiyas\u0131 \u015f\u0259rh olunsa da,onlar\u0131n tarixi faktlarla izah\u0131na \u00fcst\u00fcnl\u00fck verilir. Ayd\u0131n olur ki, k\u0259ndl\u0259rin \u0259ks\u0259riyy\u0259ti XVII-XVIII y\u00fczillikl\u0259rd\u0259 formala\u015fm\u0131\u015f, b\u0259zi ya\u015fay\u0131\u015f m\u0259nt\u0259q\u0259l\u0259ri q\u0259dim t\u00fcrk m\u0259n\u015f\u0259li b\u0131\u00e7aq\u00e7\u0131, m\u00fcsk\u00fcrl\u00fc, qu\u015f\u00e7u v\u0259 qarav\u0259lil\u0259r tayfalar\u0131n\u0131n varisl\u0259ri t\u0259r\u0259find\u0259n sal\u0131nm\u0131\u015fd\u0131r. Yarm\u0259mm\u0259dba\u011f\u0131, P\u0259rvanl\u0131, N\u0259z\u0259rall\u0131, M\u0259mm\u0259dqas\u0131ml\u0131, M\u0259likumudlu,M\u0259likli, L\u0259l\u0259a\u011fac\u0131, \u0130saqba\u011fi, Xanm\u0259mm\u0259dli, \u018flib\u0259yli v\u0259s. toponiml\u0259r \u015f\u0259xs adlar\u0131 \u0259sas\u0131nda yaranm\u0131\u015fd\u0131r. Rayonun tarixini d\u0259rind\u0259n ara\u015fd\u0131ran m\u00fc\u0259llif q\u0259dimd\u0259 m\u00f6vcud<br \/>\nolmu\u015f, indi unudulmu\u015f, dig\u0259r ya\u015fay\u0131\u015f m\u0259t\u0259q\u0259l\u0259ri il\u0259 birl\u0259\u015fdiril\u0259n Gur-gur, Mehdil\u0259r,Yediyarl\u0131, Mirz\u0259xanl\u0131, Baqi (Be\u015fq\u0131zlar),Yetimli, Kir\u0259\u015fli, V\u0259lixanl\u0131, Hac\u0131l\u0131, N\u0259c\u0259fall\u0131 v\u0259 Qarav\u0259lili (indiki Qarav\u0259lili k\u0259ndi il\u0259 \u0259laq\u0259si yoxdur) k\u0259ndl\u0259rini xat\u0131rlamaqla tarixi yadda\u015f\u0131m\u0131z\u0131 bir daha v\u0259r\u0259ql\u0259mi\u015fdir.<br \/>\nZ\u0259rdab q\u0259dimd\u0259n ziyal\u0131lar diyar\u0131d\u0131r. Az\u0259rbaycan\u0131n g\u00f6rk\u0259mli maarif\u00e7i demokrat\u0131, t\u0259bi\u0259t\u015f\u00fcnas-alim, milli m\u0259tbuat\u0131m\u0131z\u0131n banisi H.B.Z\u0259rdabinin do\u011fma yurdudur. B\u00f6y\u00fck \u0259dib h\u0259yat\u0131n\u0131n bir hiss\u0259sini Z\u0259rdabda ke\u00e7irmi\u015f, b\u00f6lg\u0259nin maarifl\u0259nm\u0259si v\u0259 inki\u015faf\u0131 \u00fc\u00e7\u00fcn s\u0259yl\u0259 \u00e7al\u0131\u015fm\u0131\u015f, \u0259m\u0259li k\u00f6m\u0259klik g\u00f6st\u0259rmi\u015fdir. Bu kitabda H\u0259s\u0259n b\u0259yin h\u0259yat\u0131 il\u0259 ba\u011fl\u0131 geni\u015f ictimaiyy\u0259t\u0259 b\u0259lli olmayan faktlar a\u00e7\u0131qlan\u0131r, onun f\u0259aliyy\u0259ti y\u00fcks\u0259k qiym\u0259tl\u0259ndirilir. \u0130ndi Z\u0259rdab rayonunun ad\u0131 \u00e7\u0259kil\u0259nd\u0259 birinci n\u00f6vb\u0259d\u0259 H. B. Z\u0259rdabi yada d\u00fc\u015f\u00fcr, bu yurd &#8220;H.B.Z\u0259rdabi ad\u0131n\u0131n i\u015f\u0131\u011f\u0131nda h\u0259mi\u015f\u0259 parlaq bir m\u0259kan kimi g\u00f6r\u00fcn\u00fcr&#8221;. \u018fdibin h\u0259yat yolda\u015f\u0131 H\u0259nif\u0259 xan\u0131m M\u0259likova (ilk q\u0131z m\u0259kt\u0259binin yarad\u0131c\u0131s\u0131), q\u0131z\u0131 Q\u0259ribsoltan M\u0259likova (tan\u0131nm\u0131\u015f pedaqoq), qohumlar\u0131 v\u0259 onun t\u0259rbiy\u0259si il\u0259 boya-ba\u015fa \u00e7atm\u0131\u015f, ali t\u0259hsilli M\u0259mm\u0259d b\u0259y M\u0259likov \u018flv\u0259ndi ( tan\u0131nm\u0131\u015f<br \/>\nm\u0259d\u0259niyy\u0259t xadimi), R\u0259him b\u0259y M\u0259likov (alim, t\u0259nqid\u00e7i, t\u0259rc\u00fcm\u0259\u00e7i), \u015eirin Nuriyev ( Qori m\u00fc\u0259lliml\u0259r seminariyas\u0131n\u0131n ilk m\u0259zunlar\u0131ndan biri, N.N\u0259rimanovla Odessa Universitetind\u0259 tibb t\u0259hsili alm\u0131\u015fd\u0131r.) kimi ziyal\u0131lar elm,\u00a0 t\u0259hsil v\u0259 m\u0259d\u0259niyy\u0259timizi \u0259v\u0259zsiz t\u00f6hf\u0259l\u0259rl\u0259 z\u0259nginl\u0259\u015fdirmi\u015fl\u0259r. Bu g\u00fcnd\u0259 z\u0259rdabl\u0131 ziyal\u0131lar, m\u00fch\u00fcm d\u00f6vl\u0259t v\u0259zif\u0259l\u0259rind\u0259 \u00e7al\u0131\u015fanlar, aliml\u0259r (50-\u0259 yax\u0131n elml\u0259r namiz\u0259di, 15 elml\u0259r doktoru), \u015fairl\u0259r, yaz\u0131\u00e7\u0131lar, tibb i\u015f\u00e7il\u0259ri, \u0259m\u0259kdar m\u00fc\u0259lliml\u0259r, y\u00fcks\u0259k \u00e7inli zabitl\u0259r respublikam\u0131zda v\u0259 xaricd\u0259 m\u00fcxt\u0259lif sah\u0259l\u0259rd\u0259 \u00e7al\u0131\u015faraq rayonun ad\u0131n\u0131 \u015f\u0259r\u0259fl\u0259 t\u0259msil edirl\u0259r.<br \/>\nB\u00f6y\u00fck V\u0259t\u0259n m\u00fcharib\u0259si ill\u0259rind\u0259 oldu\u011fu kimi, Qaraba\u011f m\u00fcharib\u0259sind\u0259 d\u0259 z\u0259rdabl\u0131lar m\u0259rdlikl\u0259 vuru\u015fmu\u015flar. Erm\u0259ni q\u0259sbkarlar\u0131na qar\u015f\u0131 d\u00f6y\u00fc\u015fl\u0259rd\u0259 500-d\u0259n \u00e7ox z\u0259rdabl\u0131 i\u015ftirak etmi\u015f, 150-y\u0259 yax\u0131n g\u0259nc \u015f\u0259hid olmu\u015fdur. Kitabda k\u0259ndl\u0259r \u00fczr\u0259 \u015f\u0259hidl\u0259rin siyah\u0131s\u0131n\u0131n verilm\u0259si, rayon m\u0259rk\u0259zind\u0259 v\u0259 ayr\u0131-ayr\u0131 k\u0259ndl\u0259rd\u0259 onlar\u0131n xatir\u0259sin\u0259 abid\u0259l\u0259rin ucald\u0131lmas\u0131 \u015f\u0259hidl\u0259rin ruhuna \u0259n yax\u015f\u0131 ehtiramd\u0131r.<br \/>\nRayonun iqtisadiyyat\u0131 s\u00fcr\u0259tl\u0259 inki\u015faf edir. Son ill\u0259rd\u0259 Z\u0259rdab aran iqtisadi rayonunun inki\u015faf etmi\u015f b\u00f6lg\u0259l\u0259rind\u0259n birin\u0259 \u00e7evrilmi\u015fdir. Rayonun \u0259razisi neft-qaz ehtiyatlar\u0131 il\u0259 z\u0259ngindir. 1971-1990-c\u0131 ill\u0259rd\u0259 Z\u0259rdab geoloji \u0259razisind\u0259 13 k\u0259\u015ffiyyat quyusu qaz\u0131lm\u0131\u015f, neft ehtiyatlar\u0131 a\u015fkara \u00e7\u0131xar\u0131lm\u0131\u015fd\u0131r. \u0130qtisadiyyat\u0131n \u0259sas\u0131n\u0131 t\u0259\u015fkil ed\u0259n pamb\u0131q\u00e7\u0131l\u0131q, barama\u00e7\u0131l\u0131q, tax\u0131l\u00e7\u0131l\u0131q, heyvandarl\u0131q, bostan\u00e7\u0131l\u0131q v\u0259 s. sah\u0259l\u0259r d\u0259 h\u0259r il yeni nailiyy\u0259tl\u0259r qazan\u0131l\u0131r. Rayon t\u0259\u015fkil olunandan ( 05 fevral 1935-ci il) son ill\u0259r\u0259 q\u0259d\u0259r ke\u00e7diyi inki\u015faf yolu kitab\u0131n &#8220;Z\u0259rdab rayonunun m\u00fcasir sosial-iqtisadi inki\u015faf\u0131nda ba\u015f ver\u0259n d\u0259yi\u015fiklikl\u0259r&#8221; b\u00f6lm\u0259sind\u0259 geni\u015f i\u015f\u0131qland\u0131r\u0131lm\u0131\u015fd\u0131r. H\u0259r bir iqtisadi sah\u0259y\u0259 aid c\u0259dv\u0259ll\u0259rd\u0259n ayd\u0131n olur ki, ill\u0259r \u00fczr\u0259 art\u0131m 2003-2010-cu ill\u0259rd\u0259 y\u00fcks\u0259k h\u0259dd\u0259 \u00e7atm\u0131\u015fd\u0131r. Rayonun t\u0259hsil, s\u0259hiyy\u0259, m\u0259d\u0259niyy\u0259t v\u0259 idman sah\u0259l\u0259rind\u0259ki nailiyy\u0259tl\u0259ri d\u0259 \u00fcr\u0259k a\u00e7and\u0131r. Kitabda bu sah\u0259l\u0259rin yaranmas\u0131ndan son il\u0259 q\u0259d\u0259rki inki\u015faf\u0131 s\u0259n\u0259dl\u0259r \u0259sas\u0131nda \u015f\u0259rh olunmu\u015fdur. Rayonda t\u0259hsilin s\u0259viyy\u0259sinin y\u00fcks\u0259ldilm\u0259sin\u0259 h\u0259mi\u015f\u0259 diqq\u0259t yetirilmi\u015fdir. H. B. Z\u0259rdabinin rayonda m\u0259kt\u0259b a\u00e7\u0131lmas\u0131 \u00fc\u00e7\u00fcn g\u00f6rd\u00fcy\u00fc i\u015fl\u0259rd\u0259n, onun xan\u0131m\u0131 il\u0259 birlikd\u0259 k\u0259nd u\u015faqlar\u0131na savad \u00f6yr\u0259tm\u0259sind\u0259n, H\u0259s\u0259n b\u0259yin qohumu Novruz\u0259li b\u0259yin 1880-ci ild\u0259 \u018flv\u0259nd k\u0259ndind\u0259 d\u00f6rdsinifli rus-tatar m\u0259kt\u0259bi a\u00e7mas\u0131 t\u0259hsil tariximizd\u0259 \u00f6z\u00fcn\u0259 \u015f\u0259r\u0259fli yer tutmu\u015fdur. Orta m\u0259kt\u0259bi q\u0131z\u0131l v\u0259 g\u00fcm\u00fc\u015f medalla bitir\u0259n m\u0259zunlar\u0131n, yeni istifad\u0259y\u0259 veril\u0259n m\u0259kt\u0259bl\u0259rin, T\u0259hsil \u015e\u00f6b\u0259sinin m\u00fcdirl\u0259rinin siyah\u0131lar\u0131, 2003-2009-cu ill\u0259rd\u0259 t\u0259hsil sistemind\u0259ki g\u00f6st\u0259ricil\u0259r Z\u0259rdabi \u0259n\u0259n\u0259l\u0259rinin rayonda u\u011furlu davam\u0131na \u0259yani s\u00fcbutdur. Rayonda ilk m\u0259d\u0259niyy\u0259t obyekti 1945-ci ild\u0259 yarad\u0131lm\u0131\u015fd\u0131r. Bu sah\u0259 daim diqq\u0259t m\u0259rk\u0259zind\u0259 olmu\u015f, \u00f6t\u0259n ill\u0259rd\u0259 bir \u00e7ox nailiyy\u0259tl\u0259r qazan\u0131lm\u0131\u015fd\u0131r. Haz\u0131rda rayonda 76 m\u0259d\u0259ni-maarif m\u00fc\u0259siss\u0259si, o c\u00fcml\u0259d\u0259n 21 m\u0259d\u0259niyy\u0259t evi, 2 klub, 49 kitabxana, 1 u\u015faq inc\u0259s\u0259n\u0259t m\u0259kt\u0259bi, 3 muzey f\u0259aliyy\u0259t g\u00f6st\u0259rir. H.\u018fliyev muzeyind\u0259 v\u0259 H.B.Z\u0259rdabinin ev muzeyind\u0259 onlar\u0131n h\u0259yat v\u0259 f\u0259aliyy\u0259ti il\u0259 ba\u011fl\u0131, tarix muzeyind\u0259 is\u0259 rayonun ke\u00e7mi\u015fin\u0259 dair qiym\u0259tli eksponatlar (\u00fcmumilikd\u0259 5436 eksponat) saxlan\u0131l\u0131r.<\/p>\n<figure id=\"attachment_457\" aria-describedby=\"caption-attachment-457\" style=\"width: 300px\" class=\"wp-caption alignleft\"><a href=\"http:\/\/www.zerdab.com\/wp-content\/uploads\/2012\/02\/kitab1.jpg\"><img loading=\"lazy\" decoding=\"async\" class=\"size-medium wp-image-457\" title=\"&quot;Regional sosial-iqtisadi inki\u015faf &quot; kitab\u0131\" src=\"http:\/\/www.zerdab.com\/wp-content\/uploads\/2012\/02\/kitab1-300x254.jpg\" alt=\"&quot;Regional sosial-iqtisadi inki\u015faf &quot; kitab\u0131\" width=\"300\" height=\"254\" \/><\/a><figcaption id=\"caption-attachment-457\" class=\"wp-caption-text\">&quot;Regional sosial-iqtisadi inki\u015faf &quot; kitab\u0131<\/figcaption><\/figure>\n<p>B\u00fct\u00fcn bunlardan sonra inan\u0131ram ki, uzun v\u0259 g\u0259rgin \u0259m\u0259yin n\u0259tic\u0259sind\u0259 \u0259rs\u0259y\u0259 g\u0259l\u0259n &#8220;Regional sosial-iqtisadi inki\u015faf ( tarixi faktlar, reall\u0131qlar v\u0259 inki\u015faf meyll\u0259ri) kitab\u0131 oxucularda Z\u0259rdab rayonu bar\u0259d\u0259 z\u0259ngin informasiya v\u0259 xo\u015f t\u0259\u0259ss\u00fcrat yaradacaqd\u0131r. Kitab geni\u015f oxucu auditoriyas\u0131 \u00fc\u00e7\u00fcn n\u0259z\u0259rd\u0259 tutulsa da, filoloq, tarix\u00e7i v\u0259 iqtisad\u00e7\u0131 aliml\u0259r ondan d\u0259y\u0259rli m\u0259nb\u0259 kimi faydalana bil\u0259rl\u0259r.<\/p>\n<p>M\u0259h\u0259rr\u0259m M\u0259mm\u0259dli,<br \/>\nfilologiya elml\u0259ri doktoru, professor<\/p>\n","protected":false},"excerpt":{"rendered":"<p>Az\u0259rbaycan Respublikas\u0131n\u0131n Prezidentinin regionlar\u0131n sosial iqtisadi inki\u015faf\u0131 il\u0259 ba\u011fl\u0131 f\u0259rmanlar\u0131ndan sonra b\u00fct\u00fcn b\u00f6lg\u0259l\u0259rd\u0259 quruculuq v\u0259 abadl\u0131q i\u015fl\u0259ri apar\u0131l\u0131r. Z\u0259rdab rayonu da h\u0259min f\u0259rmanlara uy\u011fun olaraq, son ill\u0259rd\u0259 s\u00fcr\u0259tli inki\u015faf yoluna q\u0259d\u0259m qoymu\u015fdur.Rayon m\u0259rk\u0259zind\u0259 k\u00fc\u00e7\u0259l\u0259r asfaltlan\u0131r, yol k\u0259narlar\u0131 ya\u015f\u0131lla\u015fd\u0131r\u0131l\u0131r, \u00fcmummilli liderimizin ad\u0131n\u0131 da\u015f\u0131yan istirah\u0259t park\u0131nda yenid\u0259nqurma i\u015fl\u0259ri apar\u0131l\u0131r, sosial-m\u0259i\u015f\u0259t obyektl\u0259ri v\u0259 t\u0259hsil m\u00fc\u0259ssis\u0259l\u0259ri t\u0259mir olunur v\u0259 [&hellip;]<\/p>\n","protected":false},"author":1,"featured_media":0,"comment_status":"open","ping_status":"open","sticky":false,"template":"","format":"standard","meta":{"footnotes":""},"categories":[17],"tags":[],"class_list":{"0":"post-417","1":"post","2":"type-post","3":"status-publish","4":"format-standard","6":"category-kos"},"yoast_head":"<!-- This site is optimized with the Yoast SEO plugin v27.0 - https:\/\/yoast.com\/product\/yoast-seo-wordpress\/ -->\n<title>\u0130ll\u0259r g\u00f6rm\u0259mi\u015fdik bu ill\u0259r kimi - Z\u0259rdab.com<\/title>\n<meta name=\"robots\" content=\"index, follow, max-snippet:-1, max-image-preview:large, max-video-preview:-1\" \/>\n<link rel=\"canonical\" href=\"https:\/\/www.zerdab.com\/?p=417\" \/>\n<meta property=\"og:locale\" content=\"az_AZ\" \/>\n<meta property=\"og:type\" content=\"article\" \/>\n<meta property=\"og:title\" content=\"\u0130ll\u0259r g\u00f6rm\u0259mi\u015fdik bu ill\u0259r kimi - Z\u0259rdab.com\" \/>\n<meta property=\"og:description\" content=\"Az\u0259rbaycan Respublikas\u0131n\u0131n Prezidentinin regionlar\u0131n sosial iqtisadi inki\u015faf\u0131 il\u0259 ba\u011fl\u0131 f\u0259rmanlar\u0131ndan sonra b\u00fct\u00fcn b\u00f6lg\u0259l\u0259rd\u0259 quruculuq v\u0259 abadl\u0131q i\u015fl\u0259ri apar\u0131l\u0131r. Z\u0259rdab rayonu da h\u0259min f\u0259rmanlara uy\u011fun olaraq, son ill\u0259rd\u0259 s\u00fcr\u0259tli inki\u015faf yoluna q\u0259d\u0259m qoymu\u015fdur.Rayon m\u0259rk\u0259zind\u0259 k\u00fc\u00e7\u0259l\u0259r asfaltlan\u0131r, yol k\u0259narlar\u0131 ya\u015f\u0131lla\u015fd\u0131r\u0131l\u0131r, \u00fcmummilli liderimizin ad\u0131n\u0131 da\u015f\u0131yan istirah\u0259t park\u0131nda yenid\u0259nqurma i\u015fl\u0259ri apar\u0131l\u0131r, sosial-m\u0259i\u015f\u0259t obyektl\u0259ri v\u0259 t\u0259hsil m\u00fc\u0259ssis\u0259l\u0259ri t\u0259mir olunur v\u0259 [&hellip;]\" \/>\n<meta property=\"og:url\" content=\"https:\/\/www.zerdab.com\/?p=417\" \/>\n<meta property=\"og:site_name\" content=\"Z\u0259rdab.com\" \/>\n<meta property=\"article:published_time\" content=\"2012-02-09T07:40:51+00:00\" \/>\n<meta property=\"article:modified_time\" content=\"2012-02-20T16:38:02+00:00\" \/>\n<meta property=\"og:image\" content=\"http:\/\/www.zerdab.com\/wp-content\/uploads\/2012\/02\/Meherrem-Memmedov5-150x150.jpg\" \/>\n<meta name=\"author\" content=\"admin\" \/>\n<meta name=\"twitter:card\" content=\"summary_large_image\" \/>\n<meta name=\"twitter:label1\" content=\"Written by\" \/>\n\t<meta name=\"twitter:data1\" content=\"admin\" \/>\n\t<meta name=\"twitter:label2\" content=\"Est. reading time\" \/>\n\t<meta name=\"twitter:data2\" content=\"14 minutes\" \/>\n<script type=\"application\/ld+json\" class=\"yoast-schema-graph\">{\"@context\":\"https:\/\/schema.org\",\"@graph\":[{\"@type\":\"Article\",\"@id\":\"https:\/\/www.zerdab.com\/?p=417#article\",\"isPartOf\":{\"@id\":\"https:\/\/www.zerdab.com\/?p=417\"},\"author\":{\"name\":\"admin\",\"@id\":\"https:\/\/www.zerdab.com\/#\/schema\/person\/97079b7570c1e89ec0d9e138c3672136\"},\"headline\":\"\u0130ll\u0259r g\u00f6rm\u0259mi\u015fdik bu ill\u0259r kimi\",\"datePublished\":\"2012-02-09T07:40:51+00:00\",\"dateModified\":\"2012-02-20T16:38:02+00:00\",\"mainEntityOfPage\":{\"@id\":\"https:\/\/www.zerdab.com\/?p=417\"},\"wordCount\":2738,\"commentCount\":0,\"image\":{\"@id\":\"https:\/\/www.zerdab.com\/?p=417#primaryimage\"},\"thumbnailUrl\":\"http:\/\/www.zerdab.com\/wp-content\/uploads\/2012\/02\/Meherrem-Memmedov5-150x150.jpg\",\"articleSection\":[\"YAZARLAR\"],\"inLanguage\":\"az\",\"potentialAction\":[{\"@type\":\"CommentAction\",\"name\":\"Comment\",\"target\":[\"https:\/\/www.zerdab.com\/?p=417#respond\"]}]},{\"@type\":\"WebPage\",\"@id\":\"https:\/\/www.zerdab.com\/?p=417\",\"url\":\"https:\/\/www.zerdab.com\/?p=417\",\"name\":\"\u0130ll\u0259r g\u00f6rm\u0259mi\u015fdik bu ill\u0259r kimi - Z\u0259rdab.com\",\"isPartOf\":{\"@id\":\"https:\/\/www.zerdab.com\/#website\"},\"primaryImageOfPage\":{\"@id\":\"https:\/\/www.zerdab.com\/?p=417#primaryimage\"},\"image\":{\"@id\":\"https:\/\/www.zerdab.com\/?p=417#primaryimage\"},\"thumbnailUrl\":\"http:\/\/www.zerdab.com\/wp-content\/uploads\/2012\/02\/Meherrem-Memmedov5-150x150.jpg\",\"datePublished\":\"2012-02-09T07:40:51+00:00\",\"dateModified\":\"2012-02-20T16:38:02+00:00\",\"author\":{\"@id\":\"https:\/\/www.zerdab.com\/#\/schema\/person\/97079b7570c1e89ec0d9e138c3672136\"},\"breadcrumb\":{\"@id\":\"https:\/\/www.zerdab.com\/?p=417#breadcrumb\"},\"inLanguage\":\"az\",\"potentialAction\":[{\"@type\":\"ReadAction\",\"target\":[\"https:\/\/www.zerdab.com\/?p=417\"]}]},{\"@type\":\"ImageObject\",\"inLanguage\":\"az\",\"@id\":\"https:\/\/www.zerdab.com\/?p=417#primaryimage\",\"url\":\"\",\"contentUrl\":\"\"},{\"@type\":\"BreadcrumbList\",\"@id\":\"https:\/\/www.zerdab.com\/?p=417#breadcrumb\",\"itemListElement\":[{\"@type\":\"ListItem\",\"position\":1,\"name\":\"Home\",\"item\":\"https:\/\/www.zerdab.com\/\"},{\"@type\":\"ListItem\",\"position\":2,\"name\":\"\u0130ll\u0259r g\u00f6rm\u0259mi\u015fdik bu ill\u0259r kimi\"}]},{\"@type\":\"WebSite\",\"@id\":\"https:\/\/www.zerdab.com\/#website\",\"url\":\"https:\/\/www.zerdab.com\/\",\"name\":\"Z\u0259rdab.com\",\"description\":\"\",\"potentialAction\":[{\"@type\":\"SearchAction\",\"target\":{\"@type\":\"EntryPoint\",\"urlTemplate\":\"https:\/\/www.zerdab.com\/?s={search_term_string}\"},\"query-input\":{\"@type\":\"PropertyValueSpecification\",\"valueRequired\":true,\"valueName\":\"search_term_string\"}}],\"inLanguage\":\"az\"},{\"@type\":\"Person\",\"@id\":\"https:\/\/www.zerdab.com\/#\/schema\/person\/97079b7570c1e89ec0d9e138c3672136\",\"name\":\"admin\",\"image\":{\"@type\":\"ImageObject\",\"inLanguage\":\"az\",\"@id\":\"https:\/\/www.zerdab.com\/#\/schema\/person\/image\/\",\"url\":\"https:\/\/secure.gravatar.com\/avatar\/d9c52a9a27c32119cb6679a077fa3e2779e5f822c451cbf01098004361d466ec?s=96&d=mm&r=g\",\"contentUrl\":\"https:\/\/secure.gravatar.com\/avatar\/d9c52a9a27c32119cb6679a077fa3e2779e5f822c451cbf01098004361d466ec?s=96&d=mm&r=g\",\"caption\":\"admin\"},\"url\":\"https:\/\/www.zerdab.com\/?author=1\"}]}<\/script>\n<!-- \/ Yoast SEO plugin. -->","yoast_head_json":{"title":"\u0130ll\u0259r g\u00f6rm\u0259mi\u015fdik bu ill\u0259r kimi - Z\u0259rdab.com","robots":{"index":"index","follow":"follow","max-snippet":"max-snippet:-1","max-image-preview":"max-image-preview:large","max-video-preview":"max-video-preview:-1"},"canonical":"https:\/\/www.zerdab.com\/?p=417","og_locale":"az_AZ","og_type":"article","og_title":"\u0130ll\u0259r g\u00f6rm\u0259mi\u015fdik bu ill\u0259r kimi - Z\u0259rdab.com","og_description":"Az\u0259rbaycan Respublikas\u0131n\u0131n Prezidentinin regionlar\u0131n sosial iqtisadi inki\u015faf\u0131 il\u0259 ba\u011fl\u0131 f\u0259rmanlar\u0131ndan sonra b\u00fct\u00fcn b\u00f6lg\u0259l\u0259rd\u0259 quruculuq v\u0259 abadl\u0131q i\u015fl\u0259ri apar\u0131l\u0131r. Z\u0259rdab rayonu da h\u0259min f\u0259rmanlara uy\u011fun olaraq, son ill\u0259rd\u0259 s\u00fcr\u0259tli inki\u015faf yoluna q\u0259d\u0259m qoymu\u015fdur.Rayon m\u0259rk\u0259zind\u0259 k\u00fc\u00e7\u0259l\u0259r asfaltlan\u0131r, yol k\u0259narlar\u0131 ya\u015f\u0131lla\u015fd\u0131r\u0131l\u0131r, \u00fcmummilli liderimizin ad\u0131n\u0131 da\u015f\u0131yan istirah\u0259t park\u0131nda yenid\u0259nqurma i\u015fl\u0259ri apar\u0131l\u0131r, sosial-m\u0259i\u015f\u0259t obyektl\u0259ri v\u0259 t\u0259hsil m\u00fc\u0259ssis\u0259l\u0259ri t\u0259mir olunur v\u0259 [&hellip;]","og_url":"https:\/\/www.zerdab.com\/?p=417","og_site_name":"Z\u0259rdab.com","article_published_time":"2012-02-09T07:40:51+00:00","article_modified_time":"2012-02-20T16:38:02+00:00","og_image":[{"url":"http:\/\/www.zerdab.com\/wp-content\/uploads\/2012\/02\/Meherrem-Memmedov5-150x150.jpg","type":"","width":"","height":""}],"author":"admin","twitter_card":"summary_large_image","twitter_misc":{"Written by":"admin","Est. reading time":"14 minutes"},"schema":{"@context":"https:\/\/schema.org","@graph":[{"@type":"Article","@id":"https:\/\/www.zerdab.com\/?p=417#article","isPartOf":{"@id":"https:\/\/www.zerdab.com\/?p=417"},"author":{"name":"admin","@id":"https:\/\/www.zerdab.com\/#\/schema\/person\/97079b7570c1e89ec0d9e138c3672136"},"headline":"\u0130ll\u0259r g\u00f6rm\u0259mi\u015fdik bu ill\u0259r kimi","datePublished":"2012-02-09T07:40:51+00:00","dateModified":"2012-02-20T16:38:02+00:00","mainEntityOfPage":{"@id":"https:\/\/www.zerdab.com\/?p=417"},"wordCount":2738,"commentCount":0,"image":{"@id":"https:\/\/www.zerdab.com\/?p=417#primaryimage"},"thumbnailUrl":"http:\/\/www.zerdab.com\/wp-content\/uploads\/2012\/02\/Meherrem-Memmedov5-150x150.jpg","articleSection":["YAZARLAR"],"inLanguage":"az","potentialAction":[{"@type":"CommentAction","name":"Comment","target":["https:\/\/www.zerdab.com\/?p=417#respond"]}]},{"@type":"WebPage","@id":"https:\/\/www.zerdab.com\/?p=417","url":"https:\/\/www.zerdab.com\/?p=417","name":"\u0130ll\u0259r g\u00f6rm\u0259mi\u015fdik bu ill\u0259r kimi - Z\u0259rdab.com","isPartOf":{"@id":"https:\/\/www.zerdab.com\/#website"},"primaryImageOfPage":{"@id":"https:\/\/www.zerdab.com\/?p=417#primaryimage"},"image":{"@id":"https:\/\/www.zerdab.com\/?p=417#primaryimage"},"thumbnailUrl":"http:\/\/www.zerdab.com\/wp-content\/uploads\/2012\/02\/Meherrem-Memmedov5-150x150.jpg","datePublished":"2012-02-09T07:40:51+00:00","dateModified":"2012-02-20T16:38:02+00:00","author":{"@id":"https:\/\/www.zerdab.com\/#\/schema\/person\/97079b7570c1e89ec0d9e138c3672136"},"breadcrumb":{"@id":"https:\/\/www.zerdab.com\/?p=417#breadcrumb"},"inLanguage":"az","potentialAction":[{"@type":"ReadAction","target":["https:\/\/www.zerdab.com\/?p=417"]}]},{"@type":"ImageObject","inLanguage":"az","@id":"https:\/\/www.zerdab.com\/?p=417#primaryimage","url":"","contentUrl":""},{"@type":"BreadcrumbList","@id":"https:\/\/www.zerdab.com\/?p=417#breadcrumb","itemListElement":[{"@type":"ListItem","position":1,"name":"Home","item":"https:\/\/www.zerdab.com\/"},{"@type":"ListItem","position":2,"name":"\u0130ll\u0259r g\u00f6rm\u0259mi\u015fdik bu ill\u0259r kimi"}]},{"@type":"WebSite","@id":"https:\/\/www.zerdab.com\/#website","url":"https:\/\/www.zerdab.com\/","name":"Z\u0259rdab.com","description":"","potentialAction":[{"@type":"SearchAction","target":{"@type":"EntryPoint","urlTemplate":"https:\/\/www.zerdab.com\/?s={search_term_string}"},"query-input":{"@type":"PropertyValueSpecification","valueRequired":true,"valueName":"search_term_string"}}],"inLanguage":"az"},{"@type":"Person","@id":"https:\/\/www.zerdab.com\/#\/schema\/person\/97079b7570c1e89ec0d9e138c3672136","name":"admin","image":{"@type":"ImageObject","inLanguage":"az","@id":"https:\/\/www.zerdab.com\/#\/schema\/person\/image\/","url":"https:\/\/secure.gravatar.com\/avatar\/d9c52a9a27c32119cb6679a077fa3e2779e5f822c451cbf01098004361d466ec?s=96&d=mm&r=g","contentUrl":"https:\/\/secure.gravatar.com\/avatar\/d9c52a9a27c32119cb6679a077fa3e2779e5f822c451cbf01098004361d466ec?s=96&d=mm&r=g","caption":"admin"},"url":"https:\/\/www.zerdab.com\/?author=1"}]}},"_links":{"self":[{"href":"https:\/\/www.zerdab.com\/index.php?rest_route=\/wp\/v2\/posts\/417","targetHints":{"allow":["GET"]}}],"collection":[{"href":"https:\/\/www.zerdab.com\/index.php?rest_route=\/wp\/v2\/posts"}],"about":[{"href":"https:\/\/www.zerdab.com\/index.php?rest_route=\/wp\/v2\/types\/post"}],"author":[{"embeddable":true,"href":"https:\/\/www.zerdab.com\/index.php?rest_route=\/wp\/v2\/users\/1"}],"replies":[{"embeddable":true,"href":"https:\/\/www.zerdab.com\/index.php?rest_route=%2Fwp%2Fv2%2Fcomments&post=417"}],"version-history":[{"count":6,"href":"https:\/\/www.zerdab.com\/index.php?rest_route=\/wp\/v2\/posts\/417\/revisions"}],"predecessor-version":[{"id":419,"href":"https:\/\/www.zerdab.com\/index.php?rest_route=\/wp\/v2\/posts\/417\/revisions\/419"}],"wp:attachment":[{"href":"https:\/\/www.zerdab.com\/index.php?rest_route=%2Fwp%2Fv2%2Fmedia&parent=417"}],"wp:term":[{"taxonomy":"category","embeddable":true,"href":"https:\/\/www.zerdab.com\/index.php?rest_route=%2Fwp%2Fv2%2Fcategories&post=417"},{"taxonomy":"post_tag","embeddable":true,"href":"https:\/\/www.zerdab.com\/index.php?rest_route=%2Fwp%2Fv2%2Ftags&post=417"}],"curies":[{"name":"wp","href":"https:\/\/api.w.org\/{rel}","templated":true}]}}