{"id":4242,"date":"2012-08-13T14:51:22","date_gmt":"2012-08-13T09:51:22","guid":{"rendered":"http:\/\/www.zerdab.com\/?p=4242"},"modified":"2012-08-13T14:51:22","modified_gmt":"2012-08-13T09:51:22","slug":"bu-yayin-%c9%99n-isti-havasi-z%c9%99rdab-culfa-v%c9%99-bakida-qeyd%c9%99-alinib","status":"publish","type":"post","link":"https:\/\/www.zerdab.com\/?p=4242","title":{"rendered":"Bu yay\u0131n \u0259n isti havas\u0131 Z\u0259rdab, Culfa v\u0259 Bak\u0131da qeyd\u0259 al\u0131n\u0131b"},"content":{"rendered":"<p><a href=\"http:\/\/www.zerdab.com\/wp-content\/uploads\/2012\/08\/isti.jpg\"><img loading=\"lazy\" decoding=\"async\" class=\"alignleft  wp-image-4243\" title=\"isti\" src=\"http:\/\/www.zerdab.com\/wp-content\/uploads\/2012\/08\/isti-350x242.jpg\" alt=\"\" width=\"273\" height=\"192\" \/><\/a>Bu il yay m\u00f6vs\u00fcm\u00fc ba\u015flayandan avqustun 12-n\u0259 kimi \u0259n isti g\u00fcnl\u0259r iyul ay\u0131nda olub. Bunu bazar ert\u0259si Ekologiya v\u0259 T\u0259bii S\u0259rv\u0259tl\u0259r Nazirliyinin Milli Hidrometeorologiya Departamentinin Hidrometeoroloji Proqnozlar B\u00fcrosunun ba\u015f hidroloqu Asif Verdiyev deyib. Onun s\u00f6zl\u0259rin\u0259 g\u00f6r\u0259, iyulda \u0259n isti g\u00fcnl\u0259r ay\u0131n 24 v\u0259 25-d\u0259 olub. \u0130yulun 24-d\u0259 Bak\u0131da \u0259n y\u00fcks\u0259k temperatur qeyd\u0259 al\u0131n\u0131b. H\u0259min g\u00fcn Bak\u0131da 39-42 d\u0259r\u0259c\u0259 isti olub. \u0130yulun 25-d\u0259 is\u0259 Z\u0259rdab rayonunda 42 d\u0259r\u0259c\u0259 isti m\u00fc\u015fahid\u0259 edilib. Verdiyev deyib ki, son 12 g\u00fcn \u0259rzind\u0259 \u0259n isti g\u00fcn M\u0259rk\u0259zi Aranda &#8211; Z\u0259rdab rayonunda avqustun 9-da m\u00fc\u015fahid\u0259 edilib. H\u0259min g\u00fcn burada\u00a0 havan\u0131n temperaturu 41 d\u0259r\u0259c\u0259 olub. Avqustun 12-d\u0259 Nax\u00e7\u0131van Muxtar Respublikas\u0131n\u0131n (MR) Culfa rayonunda havan\u0131n temperaturu 40,5 d\u0259r\u0259c\u0259 olub. Avqustda Bak\u0131da \u0259n isti g\u00fcn 39,1 d\u0259r\u0259c\u0259 temperatur olmaqla ay\u0131n 6-da qeyd\u0259 al\u0131n\u0131b. \u0130sti hava \u015f\u0259raitinin yax\u0131n g\u00fcnl\u0259rd\u0259 d\u0259 davam ed\u0259c\u0259yini dey\u0259n Verdiyevin s\u00f6zl\u0259rin\u0259 g\u00f6r\u0259, Az\u0259rbaycanda builki yaydan da isti yay aylar\u0131 olub. Son 12 il \u0259rzind\u0259 Az\u0259rbaycanda avqustda \u0259n y\u00fcks\u0259k temperatur 2000-ci ild\u0259 qeyd\u0259 al\u0131n\u0131b. H\u0259min il avqustun 2-d\u0259 Bak\u0131da v\u0259 Ab\u015feron yar\u0131madas\u0131nda havan\u0131n temperaturu 39-42, Aran rayonlar\u0131nda 40-43, Nax\u00e7\u0131van MR-in Culfa v\u0259 Ordubad rayonlar\u0131nda 46, da\u011f\u0259t\u0259yi rayonlarda 36-41, da\u011fl\u0131q rayonlarda 31-36 d\u0259r\u0259c\u0259 isti olub. Nazirlik r\u0259smisi bildirib ki, 2010-2011-ci ill\u0259rd\u0259 bu ild\u0259kind\u0259n d\u0259 isti g\u00fcnl\u0259r m\u00fc\u015fahid\u0259 edilib. 2010-cu ild\u0259 Bak\u0131da \u0259n y\u00fcks\u0259k temperatur avqustun 1-d\u0259n 20-n\u0259 kimi olub. H\u0259min m\u00fcdd\u0259td\u0259 paytaxtda 39,2 d\u0259r\u0259c\u0259, b\u0259zi Aran rayonlar\u0131nda, Culfada 42, da\u011fl\u0131q rayonlarda 37 d\u0259r\u0259c\u0259 isti olub. 2011-ci ilin avqustun 1-3-d\u0259 Bak\u0131da v\u0259 Ab\u015feronda 40-42, b\u0259zi Aran rayonlar\u0131nda 43, Nax\u00e7\u0131van MR-in Nax\u00e7\u0131van \u015f\u0259h\u0259rind\u0259 40-44, da\u011fl\u0131q rayonlarda 36,5 d\u0259r\u0259c\u0259 isti qeyd\u0259 al\u0131n\u0131b.<\/p>\n","protected":false},"excerpt":{"rendered":"<p>Bu il yay m\u00f6vs\u00fcm\u00fc ba\u015flayandan avqustun 12-n\u0259 kimi \u0259n isti g\u00fcnl\u0259r iyul ay\u0131nda olub. Bunu bazar ert\u0259si Ekologiya v\u0259 T\u0259bii S\u0259rv\u0259tl\u0259r Nazirliyinin Milli Hidrometeorologiya Departamentinin Hidrometeoroloji Proqnozlar B\u00fcrosunun ba\u015f hidroloqu Asif Verdiyev deyib. Onun s\u00f6zl\u0259rin\u0259 g\u00f6r\u0259, iyulda \u0259n isti g\u00fcnl\u0259r ay\u0131n 24 v\u0259 25-d\u0259 olub. \u0130yulun 24-d\u0259 Bak\u0131da \u0259n y\u00fcks\u0259k temperatur qeyd\u0259 al\u0131n\u0131b. H\u0259min g\u00fcn [&hellip;]<\/p>\n","protected":false},"author":1,"featured_media":0,"comment_status":"open","ping_status":"open","sticky":false,"template":"","format":"standard","meta":{"footnotes":""},"categories":[21],"tags":[],"class_list":{"0":"post-4242","1":"post","2":"type-post","3":"status-publish","4":"format-standard","6":"category-zrdab"},"yoast_head":"<!-- This site is optimized with the Yoast SEO plugin v27.0 - https:\/\/yoast.com\/product\/yoast-seo-wordpress\/ -->\n<title>Bu yay\u0131n \u0259n isti havas\u0131 Z\u0259rdab, Culfa v\u0259 Bak\u0131da qeyd\u0259 al\u0131n\u0131b - Z\u0259rdab.com<\/title>\n<meta name=\"robots\" content=\"index, follow, max-snippet:-1, max-image-preview:large, max-video-preview:-1\" \/>\n<link rel=\"canonical\" href=\"https:\/\/www.zerdab.com\/?p=4242\" \/>\n<meta property=\"og:locale\" content=\"az_AZ\" \/>\n<meta property=\"og:type\" content=\"article\" \/>\n<meta property=\"og:title\" content=\"Bu yay\u0131n \u0259n isti havas\u0131 Z\u0259rdab, Culfa v\u0259 Bak\u0131da qeyd\u0259 al\u0131n\u0131b - Z\u0259rdab.com\" \/>\n<meta property=\"og:description\" content=\"Bu il yay m\u00f6vs\u00fcm\u00fc ba\u015flayandan avqustun 12-n\u0259 kimi \u0259n isti g\u00fcnl\u0259r iyul ay\u0131nda olub. Bunu bazar ert\u0259si Ekologiya v\u0259 T\u0259bii S\u0259rv\u0259tl\u0259r Nazirliyinin Milli Hidrometeorologiya Departamentinin Hidrometeoroloji Proqnozlar B\u00fcrosunun ba\u015f hidroloqu Asif Verdiyev deyib. Onun s\u00f6zl\u0259rin\u0259 g\u00f6r\u0259, iyulda \u0259n isti g\u00fcnl\u0259r ay\u0131n 24 v\u0259 25-d\u0259 olub. \u0130yulun 24-d\u0259 Bak\u0131da \u0259n y\u00fcks\u0259k temperatur qeyd\u0259 al\u0131n\u0131b. H\u0259min g\u00fcn [&hellip;]\" \/>\n<meta property=\"og:url\" content=\"https:\/\/www.zerdab.com\/?p=4242\" \/>\n<meta property=\"og:site_name\" content=\"Z\u0259rdab.com\" \/>\n<meta property=\"article:published_time\" content=\"2012-08-13T09:51:22+00:00\" \/>\n<meta property=\"og:image\" content=\"http:\/\/www.zerdab.com\/wp-content\/uploads\/2012\/08\/isti-350x242.jpg\" \/>\n<meta name=\"author\" content=\"admin\" \/>\n<meta name=\"twitter:card\" content=\"summary_large_image\" \/>\n<meta name=\"twitter:label1\" content=\"Written by\" \/>\n\t<meta name=\"twitter:data1\" content=\"admin\" \/>\n\t<meta name=\"twitter:label2\" content=\"Est. reading time\" \/>\n\t<meta name=\"twitter:data2\" content=\"2 minutes\" \/>\n<script type=\"application\/ld+json\" class=\"yoast-schema-graph\">{\"@context\":\"https:\/\/schema.org\",\"@graph\":[{\"@type\":\"Article\",\"@id\":\"https:\/\/www.zerdab.com\/?p=4242#article\",\"isPartOf\":{\"@id\":\"https:\/\/www.zerdab.com\/?p=4242\"},\"author\":{\"name\":\"admin\",\"@id\":\"https:\/\/www.zerdab.com\/#\/schema\/person\/97079b7570c1e89ec0d9e138c3672136\"},\"headline\":\"Bu yay\u0131n \u0259n isti havas\u0131 Z\u0259rdab, Culfa v\u0259 Bak\u0131da qeyd\u0259 al\u0131n\u0131b\",\"datePublished\":\"2012-08-13T09:51:22+00:00\",\"mainEntityOfPage\":{\"@id\":\"https:\/\/www.zerdab.com\/?p=4242\"},\"wordCount\":376,\"commentCount\":0,\"image\":{\"@id\":\"https:\/\/www.zerdab.com\/?p=4242#primaryimage\"},\"thumbnailUrl\":\"http:\/\/www.zerdab.com\/wp-content\/uploads\/2012\/08\/isti-350x242.jpg\",\"articleSection\":[\"C\u018fM\u0130YY\u018fT\"],\"inLanguage\":\"az\",\"potentialAction\":[{\"@type\":\"CommentAction\",\"name\":\"Comment\",\"target\":[\"https:\/\/www.zerdab.com\/?p=4242#respond\"]}]},{\"@type\":\"WebPage\",\"@id\":\"https:\/\/www.zerdab.com\/?p=4242\",\"url\":\"https:\/\/www.zerdab.com\/?p=4242\",\"name\":\"Bu yay\u0131n \u0259n isti havas\u0131 Z\u0259rdab, Culfa v\u0259 Bak\u0131da qeyd\u0259 al\u0131n\u0131b - Z\u0259rdab.com\",\"isPartOf\":{\"@id\":\"https:\/\/www.zerdab.com\/#website\"},\"primaryImageOfPage\":{\"@id\":\"https:\/\/www.zerdab.com\/?p=4242#primaryimage\"},\"image\":{\"@id\":\"https:\/\/www.zerdab.com\/?p=4242#primaryimage\"},\"thumbnailUrl\":\"http:\/\/www.zerdab.com\/wp-content\/uploads\/2012\/08\/isti-350x242.jpg\",\"datePublished\":\"2012-08-13T09:51:22+00:00\",\"author\":{\"@id\":\"https:\/\/www.zerdab.com\/#\/schema\/person\/97079b7570c1e89ec0d9e138c3672136\"},\"breadcrumb\":{\"@id\":\"https:\/\/www.zerdab.com\/?p=4242#breadcrumb\"},\"inLanguage\":\"az\",\"potentialAction\":[{\"@type\":\"ReadAction\",\"target\":[\"https:\/\/www.zerdab.com\/?p=4242\"]}]},{\"@type\":\"ImageObject\",\"inLanguage\":\"az\",\"@id\":\"https:\/\/www.zerdab.com\/?p=4242#primaryimage\",\"url\":\"\",\"contentUrl\":\"\"},{\"@type\":\"BreadcrumbList\",\"@id\":\"https:\/\/www.zerdab.com\/?p=4242#breadcrumb\",\"itemListElement\":[{\"@type\":\"ListItem\",\"position\":1,\"name\":\"Home\",\"item\":\"https:\/\/www.zerdab.com\/\"},{\"@type\":\"ListItem\",\"position\":2,\"name\":\"Bu yay\u0131n \u0259n isti havas\u0131 Z\u0259rdab, Culfa v\u0259 Bak\u0131da qeyd\u0259 al\u0131n\u0131b\"}]},{\"@type\":\"WebSite\",\"@id\":\"https:\/\/www.zerdab.com\/#website\",\"url\":\"https:\/\/www.zerdab.com\/\",\"name\":\"Z\u0259rdab.com\",\"description\":\"\",\"potentialAction\":[{\"@type\":\"SearchAction\",\"target\":{\"@type\":\"EntryPoint\",\"urlTemplate\":\"https:\/\/www.zerdab.com\/?s={search_term_string}\"},\"query-input\":{\"@type\":\"PropertyValueSpecification\",\"valueRequired\":true,\"valueName\":\"search_term_string\"}}],\"inLanguage\":\"az\"},{\"@type\":\"Person\",\"@id\":\"https:\/\/www.zerdab.com\/#\/schema\/person\/97079b7570c1e89ec0d9e138c3672136\",\"name\":\"admin\",\"image\":{\"@type\":\"ImageObject\",\"inLanguage\":\"az\",\"@id\":\"https:\/\/www.zerdab.com\/#\/schema\/person\/image\/\",\"url\":\"https:\/\/secure.gravatar.com\/avatar\/d9c52a9a27c32119cb6679a077fa3e2779e5f822c451cbf01098004361d466ec?s=96&d=mm&r=g\",\"contentUrl\":\"https:\/\/secure.gravatar.com\/avatar\/d9c52a9a27c32119cb6679a077fa3e2779e5f822c451cbf01098004361d466ec?s=96&d=mm&r=g\",\"caption\":\"admin\"},\"url\":\"https:\/\/www.zerdab.com\/?author=1\"}]}<\/script>\n<!-- \/ Yoast SEO plugin. -->","yoast_head_json":{"title":"Bu yay\u0131n \u0259n isti havas\u0131 Z\u0259rdab, Culfa v\u0259 Bak\u0131da qeyd\u0259 al\u0131n\u0131b - Z\u0259rdab.com","robots":{"index":"index","follow":"follow","max-snippet":"max-snippet:-1","max-image-preview":"max-image-preview:large","max-video-preview":"max-video-preview:-1"},"canonical":"https:\/\/www.zerdab.com\/?p=4242","og_locale":"az_AZ","og_type":"article","og_title":"Bu yay\u0131n \u0259n isti havas\u0131 Z\u0259rdab, Culfa v\u0259 Bak\u0131da qeyd\u0259 al\u0131n\u0131b - Z\u0259rdab.com","og_description":"Bu il yay m\u00f6vs\u00fcm\u00fc ba\u015flayandan avqustun 12-n\u0259 kimi \u0259n isti g\u00fcnl\u0259r iyul ay\u0131nda olub. Bunu bazar ert\u0259si Ekologiya v\u0259 T\u0259bii S\u0259rv\u0259tl\u0259r Nazirliyinin Milli Hidrometeorologiya Departamentinin Hidrometeoroloji Proqnozlar B\u00fcrosunun ba\u015f hidroloqu Asif Verdiyev deyib. Onun s\u00f6zl\u0259rin\u0259 g\u00f6r\u0259, iyulda \u0259n isti g\u00fcnl\u0259r ay\u0131n 24 v\u0259 25-d\u0259 olub. \u0130yulun 24-d\u0259 Bak\u0131da \u0259n y\u00fcks\u0259k temperatur qeyd\u0259 al\u0131n\u0131b. H\u0259min g\u00fcn [&hellip;]","og_url":"https:\/\/www.zerdab.com\/?p=4242","og_site_name":"Z\u0259rdab.com","article_published_time":"2012-08-13T09:51:22+00:00","og_image":[{"url":"http:\/\/www.zerdab.com\/wp-content\/uploads\/2012\/08\/isti-350x242.jpg","type":"","width":"","height":""}],"author":"admin","twitter_card":"summary_large_image","twitter_misc":{"Written by":"admin","Est. reading time":"2 minutes"},"schema":{"@context":"https:\/\/schema.org","@graph":[{"@type":"Article","@id":"https:\/\/www.zerdab.com\/?p=4242#article","isPartOf":{"@id":"https:\/\/www.zerdab.com\/?p=4242"},"author":{"name":"admin","@id":"https:\/\/www.zerdab.com\/#\/schema\/person\/97079b7570c1e89ec0d9e138c3672136"},"headline":"Bu yay\u0131n \u0259n isti havas\u0131 Z\u0259rdab, Culfa v\u0259 Bak\u0131da qeyd\u0259 al\u0131n\u0131b","datePublished":"2012-08-13T09:51:22+00:00","mainEntityOfPage":{"@id":"https:\/\/www.zerdab.com\/?p=4242"},"wordCount":376,"commentCount":0,"image":{"@id":"https:\/\/www.zerdab.com\/?p=4242#primaryimage"},"thumbnailUrl":"http:\/\/www.zerdab.com\/wp-content\/uploads\/2012\/08\/isti-350x242.jpg","articleSection":["C\u018fM\u0130YY\u018fT"],"inLanguage":"az","potentialAction":[{"@type":"CommentAction","name":"Comment","target":["https:\/\/www.zerdab.com\/?p=4242#respond"]}]},{"@type":"WebPage","@id":"https:\/\/www.zerdab.com\/?p=4242","url":"https:\/\/www.zerdab.com\/?p=4242","name":"Bu yay\u0131n \u0259n isti havas\u0131 Z\u0259rdab, Culfa v\u0259 Bak\u0131da qeyd\u0259 al\u0131n\u0131b - Z\u0259rdab.com","isPartOf":{"@id":"https:\/\/www.zerdab.com\/#website"},"primaryImageOfPage":{"@id":"https:\/\/www.zerdab.com\/?p=4242#primaryimage"},"image":{"@id":"https:\/\/www.zerdab.com\/?p=4242#primaryimage"},"thumbnailUrl":"http:\/\/www.zerdab.com\/wp-content\/uploads\/2012\/08\/isti-350x242.jpg","datePublished":"2012-08-13T09:51:22+00:00","author":{"@id":"https:\/\/www.zerdab.com\/#\/schema\/person\/97079b7570c1e89ec0d9e138c3672136"},"breadcrumb":{"@id":"https:\/\/www.zerdab.com\/?p=4242#breadcrumb"},"inLanguage":"az","potentialAction":[{"@type":"ReadAction","target":["https:\/\/www.zerdab.com\/?p=4242"]}]},{"@type":"ImageObject","inLanguage":"az","@id":"https:\/\/www.zerdab.com\/?p=4242#primaryimage","url":"","contentUrl":""},{"@type":"BreadcrumbList","@id":"https:\/\/www.zerdab.com\/?p=4242#breadcrumb","itemListElement":[{"@type":"ListItem","position":1,"name":"Home","item":"https:\/\/www.zerdab.com\/"},{"@type":"ListItem","position":2,"name":"Bu yay\u0131n \u0259n isti havas\u0131 Z\u0259rdab, Culfa v\u0259 Bak\u0131da qeyd\u0259 al\u0131n\u0131b"}]},{"@type":"WebSite","@id":"https:\/\/www.zerdab.com\/#website","url":"https:\/\/www.zerdab.com\/","name":"Z\u0259rdab.com","description":"","potentialAction":[{"@type":"SearchAction","target":{"@type":"EntryPoint","urlTemplate":"https:\/\/www.zerdab.com\/?s={search_term_string}"},"query-input":{"@type":"PropertyValueSpecification","valueRequired":true,"valueName":"search_term_string"}}],"inLanguage":"az"},{"@type":"Person","@id":"https:\/\/www.zerdab.com\/#\/schema\/person\/97079b7570c1e89ec0d9e138c3672136","name":"admin","image":{"@type":"ImageObject","inLanguage":"az","@id":"https:\/\/www.zerdab.com\/#\/schema\/person\/image\/","url":"https:\/\/secure.gravatar.com\/avatar\/d9c52a9a27c32119cb6679a077fa3e2779e5f822c451cbf01098004361d466ec?s=96&d=mm&r=g","contentUrl":"https:\/\/secure.gravatar.com\/avatar\/d9c52a9a27c32119cb6679a077fa3e2779e5f822c451cbf01098004361d466ec?s=96&d=mm&r=g","caption":"admin"},"url":"https:\/\/www.zerdab.com\/?author=1"}]}},"_links":{"self":[{"href":"https:\/\/www.zerdab.com\/index.php?rest_route=\/wp\/v2\/posts\/4242","targetHints":{"allow":["GET"]}}],"collection":[{"href":"https:\/\/www.zerdab.com\/index.php?rest_route=\/wp\/v2\/posts"}],"about":[{"href":"https:\/\/www.zerdab.com\/index.php?rest_route=\/wp\/v2\/types\/post"}],"author":[{"embeddable":true,"href":"https:\/\/www.zerdab.com\/index.php?rest_route=\/wp\/v2\/users\/1"}],"replies":[{"embeddable":true,"href":"https:\/\/www.zerdab.com\/index.php?rest_route=%2Fwp%2Fv2%2Fcomments&post=4242"}],"version-history":[{"count":1,"href":"https:\/\/www.zerdab.com\/index.php?rest_route=\/wp\/v2\/posts\/4242\/revisions"}],"predecessor-version":[{"id":4244,"href":"https:\/\/www.zerdab.com\/index.php?rest_route=\/wp\/v2\/posts\/4242\/revisions\/4244"}],"wp:attachment":[{"href":"https:\/\/www.zerdab.com\/index.php?rest_route=%2Fwp%2Fv2%2Fmedia&parent=4242"}],"wp:term":[{"taxonomy":"category","embeddable":true,"href":"https:\/\/www.zerdab.com\/index.php?rest_route=%2Fwp%2Fv2%2Fcategories&post=4242"},{"taxonomy":"post_tag","embeddable":true,"href":"https:\/\/www.zerdab.com\/index.php?rest_route=%2Fwp%2Fv2%2Ftags&post=4242"}],"curies":[{"name":"wp","href":"https:\/\/api.w.org\/{rel}","templated":true}]}}