{"id":4265,"date":"2012-08-14T13:48:24","date_gmt":"2012-08-14T08:48:24","guid":{"rendered":"http:\/\/www.zerdab.com\/?p=4265"},"modified":"2012-08-14T13:53:36","modified_gmt":"2012-08-14T08:53:36","slug":"yap-z%c9%99rdab-rayon-t%c9%99skilatinin-yaradilmasindan-19-il-otur","status":"publish","type":"post","link":"https:\/\/www.zerdab.com\/?p=4265","title":{"rendered":"YAP Z\u0259rdab rayon t\u0259\u015fkilat\u0131n\u0131n yarad\u0131lmas\u0131ndan 19 il \u00f6t\u00fcr &#8211; fotolar"},"content":{"rendered":"<p><a href=\"http:\/\/www.zerdab.com\/wp-content\/uploads\/2012\/08\/YAP2.jpg\"><img loading=\"lazy\" decoding=\"async\" class=\"alignleft  wp-image-4266\" title=\"YAP Z\u0259rdab rayon t\u0259\u015fkilat\u0131\" src=\"http:\/\/www.zerdab.com\/wp-content\/uploads\/2012\/08\/YAP2-350x233.jpg\" alt=\"\" width=\"314\" height=\"224\" \/><\/a>Yeni Az\u0259rbaycan Partiyas\u0131 (YAP) Z\u0259rdab rayon t\u0259\u015fkilat\u0131n\u0131n yarad\u0131lmas\u0131n\u0131n 19-cu ild\u00f6n\u00fcm\u00fc<br \/>\nil\u0259 \u0259laq\u0259dar t\u0259dbir ke\u00e7irilib. T\u0259dbird\u0259 YAP rayon t\u0259\u015fkilat\u0131n\u0131n \u015fura \u00fczvl\u0259ri, \u0259razi ilk partiya t\u0259\u015fkilat\u0131n\u0131n s\u0259drl\u0259ri, partiya f\u0259allar\u0131 i\u015ftirak edibl\u0259r. Toplant\u0131 i\u015ftirak\u00e7\u0131lar\u0131 Ulu \u00f6nd\u0259r Heyd\u0259r \u018fliyevin Z\u0259rdab rayonundak\u0131 abid\u0259sini ziyar\u0259t ed\u0259r\u0259k, \u00f6n\u00fcn\u0259 g\u00fcl-\u00e7i\u00e7\u0259k d\u0259st\u0259l\u0259ri qoyublar. YAP Z\u0259rdab rayon t\u0259\u015fkilat\u0131n\u0131n q\u0259rargah\u0131nda ke\u00e7iril\u0259n t\u0259dbird\u0259 t\u0259\u015fkilat\u0131n s\u0259dri P\u0259rvin Mahmudova siyasi qurumun tarixi bar\u0259d\u0259 m\u0259lumat verib. P. Mahmudova deyib ki, bu partiya ke\u015fm\u0259ke\u015fli g\u00fcnl\u0259rd\u0259 \u00fcmummilli lider Heyd\u0259r \u018fliyevin \u015f\u0259xsiyy\u0259ti \u0259traf\u0131nda s\u0131x birl\u0259\u015f\u0259n bir qrup ziyal\u0131n\u0131n t\u0259\u015f\u0259bb\u00fcs\u00fc il\u0259 yarad\u0131l\u0131b.<br \/>\nDaha sonra m\u0259ruz\u0259 \u0259traf\u0131nda \u00e7\u0131x\u0131\u015flar olub. Rayon U\u015faq v\u0259 Ail\u0259l\u0259r\u0259 d\u0259st\u0259k m\u0259rk\u0259zinin m\u00fcd\u00fcri K\u00f6n\u00fcl H\u0259s\u0259nova, H\u0259s\u0259n b\u0259y Z\u0259rdabi ad\u0131na muzeyin direktoru V\u0259fa Bayramova, M\u0259d\u0259niyy\u0259t v\u0259 Turizm idar\u0259si \u0259razi ilk partiya t\u0259\u015fkilat katibi G\u00fclnaz M\u0259mm\u0259dova, YAP Z\u0259rdab rayon G\u0259ncl\u0259r birliyinin s\u0259dri Ramin \u018fliyev, 1993-c\u00fc ild\u0259n YAP \u00fczv\u00fc Tahir Qas\u0131mov v\u0259 Z\u0259rdab rayon \u0130cra Hakimiyy\u0259tinin birinci m\u00fcavini Allahverdi S\u0259f\u0259rov \u00e7\u0131x\u0131\u015f edibl\u0259r.<br \/>\nYekunda bir qrup f\u0259al qiym\u0259tli h\u0259diyy\u0259l\u0259rl\u0259 m\u00fckafatland\u0131r\u0131l\u0131b, YAP s\u0131ralar\u0131na yeni q\u0259bul olunmu\u015f bir qrup g\u0259nc\u0259 is\u0259 partiyan\u0131n v\u0259siq\u0259l\u0259ri verilib.<\/p>\n<p><strong>www.zerdab.com<\/strong><\/p>\n<p><a href=\"http:\/\/www.zerdab.com\/wp-content\/uploads\/2012\/08\/YAP3.jpg\"><img loading=\"lazy\" decoding=\"async\" class=\"alignleft size-medium wp-image-4268\" title=\"YAP Z\u0259rdab rayon t\u0259\u015fkilat\u0131\" src=\"http:\/\/www.zerdab.com\/wp-content\/uploads\/2012\/08\/YAP3-350x233.jpg\" alt=\"\" width=\"350\" height=\"233\" \/><\/a><\/p>\n<p>&nbsp;<\/p>\n<p>&nbsp;<\/p>\n<p>&nbsp;<\/p>\n<p>&nbsp;<\/p>\n<p>&nbsp;<\/p>\n<p>&nbsp;<\/p>\n<p><a href=\"http:\/\/www.zerdab.com\/wp-content\/uploads\/2012\/08\/YAP5.jpg\"><img loading=\"lazy\" decoding=\"async\" class=\"alignleft size-medium wp-image-4269\" title=\"YAP\" src=\"http:\/\/www.zerdab.com\/wp-content\/uploads\/2012\/08\/YAP5-350x233.jpg\" alt=\"\" width=\"350\" height=\"233\" \/><\/a><\/p>\n<p>&nbsp;<\/p>\n<p>&nbsp;<\/p>\n<p>&nbsp;<\/p>\n<p>&nbsp;<\/p>\n<p>&nbsp;<\/p>\n<p>&nbsp;<\/p>\n<p><a href=\"http:\/\/www.zerdab.com\/wp-content\/uploads\/2012\/08\/Yap11.jpg\"><img loading=\"lazy\" decoding=\"async\" class=\"alignleft size-medium wp-image-4272\" title=\"YAP Z\u0259rdab rayon t\u0259\u015fkilat\u0131\" src=\"http:\/\/www.zerdab.com\/wp-content\/uploads\/2012\/08\/Yap11-350x233.jpg\" alt=\"\" width=\"350\" height=\"233\" \/><\/a><\/p>\n<p>&nbsp;<\/p>\n","protected":false},"excerpt":{"rendered":"<p>Yeni Az\u0259rbaycan Partiyas\u0131 (YAP) Z\u0259rdab rayon t\u0259\u015fkilat\u0131n\u0131n yarad\u0131lmas\u0131n\u0131n 19-cu ild\u00f6n\u00fcm\u00fc il\u0259 \u0259laq\u0259dar t\u0259dbir ke\u00e7irilib. T\u0259dbird\u0259 YAP rayon t\u0259\u015fkilat\u0131n\u0131n \u015fura \u00fczvl\u0259ri, \u0259razi ilk partiya t\u0259\u015fkilat\u0131n\u0131n s\u0259drl\u0259ri, partiya f\u0259allar\u0131 i\u015ftirak edibl\u0259r. Toplant\u0131 i\u015ftirak\u00e7\u0131lar\u0131 Ulu \u00f6nd\u0259r Heyd\u0259r \u018fliyevin Z\u0259rdab rayonundak\u0131 abid\u0259sini ziyar\u0259t ed\u0259r\u0259k, \u00f6n\u00fcn\u0259 g\u00fcl-\u00e7i\u00e7\u0259k d\u0259st\u0259l\u0259ri qoyublar. YAP Z\u0259rdab rayon t\u0259\u015fkilat\u0131n\u0131n q\u0259rargah\u0131nda ke\u00e7iril\u0259n t\u0259dbird\u0259 t\u0259\u015fkilat\u0131n s\u0259dri P\u0259rvin Mahmudova [&hellip;]<\/p>\n","protected":false},"author":1,"featured_media":0,"comment_status":"open","ping_status":"open","sticky":false,"template":"","format":"standard","meta":{"footnotes":""},"categories":[21],"tags":[],"class_list":{"0":"post-4265","1":"post","2":"type-post","3":"status-publish","4":"format-standard","6":"category-zrdab"},"yoast_head":"<!-- This site is optimized with the Yoast SEO plugin v27.0 - https:\/\/yoast.com\/product\/yoast-seo-wordpress\/ -->\n<title>YAP Z\u0259rdab rayon t\u0259\u015fkilat\u0131n\u0131n yarad\u0131lmas\u0131ndan 19 il \u00f6t\u00fcr - fotolar - Z\u0259rdab.com<\/title>\n<meta name=\"robots\" content=\"index, follow, max-snippet:-1, max-image-preview:large, max-video-preview:-1\" \/>\n<link rel=\"canonical\" href=\"https:\/\/www.zerdab.com\/?p=4265\" \/>\n<meta property=\"og:locale\" content=\"az_AZ\" \/>\n<meta property=\"og:type\" content=\"article\" \/>\n<meta property=\"og:title\" content=\"YAP Z\u0259rdab rayon t\u0259\u015fkilat\u0131n\u0131n yarad\u0131lmas\u0131ndan 19 il \u00f6t\u00fcr - fotolar - Z\u0259rdab.com\" \/>\n<meta property=\"og:description\" content=\"Yeni Az\u0259rbaycan Partiyas\u0131 (YAP) Z\u0259rdab rayon t\u0259\u015fkilat\u0131n\u0131n yarad\u0131lmas\u0131n\u0131n 19-cu ild\u00f6n\u00fcm\u00fc il\u0259 \u0259laq\u0259dar t\u0259dbir ke\u00e7irilib. T\u0259dbird\u0259 YAP rayon t\u0259\u015fkilat\u0131n\u0131n \u015fura \u00fczvl\u0259ri, \u0259razi ilk partiya t\u0259\u015fkilat\u0131n\u0131n s\u0259drl\u0259ri, partiya f\u0259allar\u0131 i\u015ftirak edibl\u0259r. Toplant\u0131 i\u015ftirak\u00e7\u0131lar\u0131 Ulu \u00f6nd\u0259r Heyd\u0259r \u018fliyevin Z\u0259rdab rayonundak\u0131 abid\u0259sini ziyar\u0259t ed\u0259r\u0259k, \u00f6n\u00fcn\u0259 g\u00fcl-\u00e7i\u00e7\u0259k d\u0259st\u0259l\u0259ri qoyublar. YAP Z\u0259rdab rayon t\u0259\u015fkilat\u0131n\u0131n q\u0259rargah\u0131nda ke\u00e7iril\u0259n t\u0259dbird\u0259 t\u0259\u015fkilat\u0131n s\u0259dri P\u0259rvin Mahmudova [&hellip;]\" \/>\n<meta property=\"og:url\" content=\"https:\/\/www.zerdab.com\/?p=4265\" \/>\n<meta property=\"og:site_name\" content=\"Z\u0259rdab.com\" \/>\n<meta property=\"article:published_time\" content=\"2012-08-14T08:48:24+00:00\" \/>\n<meta property=\"article:modified_time\" content=\"2012-08-14T08:53:36+00:00\" \/>\n<meta property=\"og:image\" content=\"http:\/\/www.zerdab.com\/wp-content\/uploads\/2012\/08\/YAP2-350x233.jpg\" \/>\n<meta name=\"author\" content=\"admin\" \/>\n<meta name=\"twitter:card\" content=\"summary_large_image\" \/>\n<meta name=\"twitter:label1\" content=\"Written by\" \/>\n\t<meta name=\"twitter:data1\" content=\"admin\" \/>\n\t<meta name=\"twitter:label2\" content=\"Est. reading time\" \/>\n\t<meta name=\"twitter:data2\" content=\"2 minutes\" \/>\n<script type=\"application\/ld+json\" class=\"yoast-schema-graph\">{\"@context\":\"https:\/\/schema.org\",\"@graph\":[{\"@type\":\"Article\",\"@id\":\"https:\/\/www.zerdab.com\/?p=4265#article\",\"isPartOf\":{\"@id\":\"https:\/\/www.zerdab.com\/?p=4265\"},\"author\":{\"name\":\"admin\",\"@id\":\"https:\/\/www.zerdab.com\/#\/schema\/person\/97079b7570c1e89ec0d9e138c3672136\"},\"headline\":\"YAP Z\u0259rdab rayon t\u0259\u015fkilat\u0131n\u0131n yarad\u0131lmas\u0131ndan 19 il \u00f6t\u00fcr &#8211; fotolar\",\"datePublished\":\"2012-08-14T08:48:24+00:00\",\"dateModified\":\"2012-08-14T08:53:36+00:00\",\"mainEntityOfPage\":{\"@id\":\"https:\/\/www.zerdab.com\/?p=4265\"},\"wordCount\":325,\"commentCount\":1,\"image\":{\"@id\":\"https:\/\/www.zerdab.com\/?p=4265#primaryimage\"},\"thumbnailUrl\":\"http:\/\/www.zerdab.com\/wp-content\/uploads\/2012\/08\/YAP2-350x233.jpg\",\"articleSection\":[\"C\u018fM\u0130YY\u018fT\"],\"inLanguage\":\"az\",\"potentialAction\":[{\"@type\":\"CommentAction\",\"name\":\"Comment\",\"target\":[\"https:\/\/www.zerdab.com\/?p=4265#respond\"]}]},{\"@type\":\"WebPage\",\"@id\":\"https:\/\/www.zerdab.com\/?p=4265\",\"url\":\"https:\/\/www.zerdab.com\/?p=4265\",\"name\":\"YAP Z\u0259rdab rayon t\u0259\u015fkilat\u0131n\u0131n yarad\u0131lmas\u0131ndan 19 il \u00f6t\u00fcr - fotolar - Z\u0259rdab.com\",\"isPartOf\":{\"@id\":\"https:\/\/www.zerdab.com\/#website\"},\"primaryImageOfPage\":{\"@id\":\"https:\/\/www.zerdab.com\/?p=4265#primaryimage\"},\"image\":{\"@id\":\"https:\/\/www.zerdab.com\/?p=4265#primaryimage\"},\"thumbnailUrl\":\"http:\/\/www.zerdab.com\/wp-content\/uploads\/2012\/08\/YAP2-350x233.jpg\",\"datePublished\":\"2012-08-14T08:48:24+00:00\",\"dateModified\":\"2012-08-14T08:53:36+00:00\",\"author\":{\"@id\":\"https:\/\/www.zerdab.com\/#\/schema\/person\/97079b7570c1e89ec0d9e138c3672136\"},\"breadcrumb\":{\"@id\":\"https:\/\/www.zerdab.com\/?p=4265#breadcrumb\"},\"inLanguage\":\"az\",\"potentialAction\":[{\"@type\":\"ReadAction\",\"target\":[\"https:\/\/www.zerdab.com\/?p=4265\"]}]},{\"@type\":\"ImageObject\",\"inLanguage\":\"az\",\"@id\":\"https:\/\/www.zerdab.com\/?p=4265#primaryimage\",\"url\":\"\",\"contentUrl\":\"\"},{\"@type\":\"BreadcrumbList\",\"@id\":\"https:\/\/www.zerdab.com\/?p=4265#breadcrumb\",\"itemListElement\":[{\"@type\":\"ListItem\",\"position\":1,\"name\":\"Home\",\"item\":\"https:\/\/www.zerdab.com\/\"},{\"@type\":\"ListItem\",\"position\":2,\"name\":\"YAP Z\u0259rdab rayon t\u0259\u015fkilat\u0131n\u0131n yarad\u0131lmas\u0131ndan 19 il \u00f6t\u00fcr &#8211; fotolar\"}]},{\"@type\":\"WebSite\",\"@id\":\"https:\/\/www.zerdab.com\/#website\",\"url\":\"https:\/\/www.zerdab.com\/\",\"name\":\"Z\u0259rdab.com\",\"description\":\"\",\"potentialAction\":[{\"@type\":\"SearchAction\",\"target\":{\"@type\":\"EntryPoint\",\"urlTemplate\":\"https:\/\/www.zerdab.com\/?s={search_term_string}\"},\"query-input\":{\"@type\":\"PropertyValueSpecification\",\"valueRequired\":true,\"valueName\":\"search_term_string\"}}],\"inLanguage\":\"az\"},{\"@type\":\"Person\",\"@id\":\"https:\/\/www.zerdab.com\/#\/schema\/person\/97079b7570c1e89ec0d9e138c3672136\",\"name\":\"admin\",\"image\":{\"@type\":\"ImageObject\",\"inLanguage\":\"az\",\"@id\":\"https:\/\/www.zerdab.com\/#\/schema\/person\/image\/\",\"url\":\"https:\/\/secure.gravatar.com\/avatar\/d9c52a9a27c32119cb6679a077fa3e2779e5f822c451cbf01098004361d466ec?s=96&d=mm&r=g\",\"contentUrl\":\"https:\/\/secure.gravatar.com\/avatar\/d9c52a9a27c32119cb6679a077fa3e2779e5f822c451cbf01098004361d466ec?s=96&d=mm&r=g\",\"caption\":\"admin\"},\"url\":\"https:\/\/www.zerdab.com\/?author=1\"}]}<\/script>\n<!-- \/ Yoast SEO plugin. -->","yoast_head_json":{"title":"YAP Z\u0259rdab rayon t\u0259\u015fkilat\u0131n\u0131n yarad\u0131lmas\u0131ndan 19 il \u00f6t\u00fcr - fotolar - Z\u0259rdab.com","robots":{"index":"index","follow":"follow","max-snippet":"max-snippet:-1","max-image-preview":"max-image-preview:large","max-video-preview":"max-video-preview:-1"},"canonical":"https:\/\/www.zerdab.com\/?p=4265","og_locale":"az_AZ","og_type":"article","og_title":"YAP Z\u0259rdab rayon t\u0259\u015fkilat\u0131n\u0131n yarad\u0131lmas\u0131ndan 19 il \u00f6t\u00fcr - fotolar - Z\u0259rdab.com","og_description":"Yeni Az\u0259rbaycan Partiyas\u0131 (YAP) Z\u0259rdab rayon t\u0259\u015fkilat\u0131n\u0131n yarad\u0131lmas\u0131n\u0131n 19-cu ild\u00f6n\u00fcm\u00fc il\u0259 \u0259laq\u0259dar t\u0259dbir ke\u00e7irilib. T\u0259dbird\u0259 YAP rayon t\u0259\u015fkilat\u0131n\u0131n \u015fura \u00fczvl\u0259ri, \u0259razi ilk partiya t\u0259\u015fkilat\u0131n\u0131n s\u0259drl\u0259ri, partiya f\u0259allar\u0131 i\u015ftirak edibl\u0259r. Toplant\u0131 i\u015ftirak\u00e7\u0131lar\u0131 Ulu \u00f6nd\u0259r Heyd\u0259r \u018fliyevin Z\u0259rdab rayonundak\u0131 abid\u0259sini ziyar\u0259t ed\u0259r\u0259k, \u00f6n\u00fcn\u0259 g\u00fcl-\u00e7i\u00e7\u0259k d\u0259st\u0259l\u0259ri qoyublar. YAP Z\u0259rdab rayon t\u0259\u015fkilat\u0131n\u0131n q\u0259rargah\u0131nda ke\u00e7iril\u0259n t\u0259dbird\u0259 t\u0259\u015fkilat\u0131n s\u0259dri P\u0259rvin Mahmudova [&hellip;]","og_url":"https:\/\/www.zerdab.com\/?p=4265","og_site_name":"Z\u0259rdab.com","article_published_time":"2012-08-14T08:48:24+00:00","article_modified_time":"2012-08-14T08:53:36+00:00","og_image":[{"url":"http:\/\/www.zerdab.com\/wp-content\/uploads\/2012\/08\/YAP2-350x233.jpg","type":"","width":"","height":""}],"author":"admin","twitter_card":"summary_large_image","twitter_misc":{"Written by":"admin","Est. reading time":"2 minutes"},"schema":{"@context":"https:\/\/schema.org","@graph":[{"@type":"Article","@id":"https:\/\/www.zerdab.com\/?p=4265#article","isPartOf":{"@id":"https:\/\/www.zerdab.com\/?p=4265"},"author":{"name":"admin","@id":"https:\/\/www.zerdab.com\/#\/schema\/person\/97079b7570c1e89ec0d9e138c3672136"},"headline":"YAP Z\u0259rdab rayon t\u0259\u015fkilat\u0131n\u0131n yarad\u0131lmas\u0131ndan 19 il \u00f6t\u00fcr &#8211; fotolar","datePublished":"2012-08-14T08:48:24+00:00","dateModified":"2012-08-14T08:53:36+00:00","mainEntityOfPage":{"@id":"https:\/\/www.zerdab.com\/?p=4265"},"wordCount":325,"commentCount":1,"image":{"@id":"https:\/\/www.zerdab.com\/?p=4265#primaryimage"},"thumbnailUrl":"http:\/\/www.zerdab.com\/wp-content\/uploads\/2012\/08\/YAP2-350x233.jpg","articleSection":["C\u018fM\u0130YY\u018fT"],"inLanguage":"az","potentialAction":[{"@type":"CommentAction","name":"Comment","target":["https:\/\/www.zerdab.com\/?p=4265#respond"]}]},{"@type":"WebPage","@id":"https:\/\/www.zerdab.com\/?p=4265","url":"https:\/\/www.zerdab.com\/?p=4265","name":"YAP Z\u0259rdab rayon t\u0259\u015fkilat\u0131n\u0131n yarad\u0131lmas\u0131ndan 19 il \u00f6t\u00fcr - fotolar - Z\u0259rdab.com","isPartOf":{"@id":"https:\/\/www.zerdab.com\/#website"},"primaryImageOfPage":{"@id":"https:\/\/www.zerdab.com\/?p=4265#primaryimage"},"image":{"@id":"https:\/\/www.zerdab.com\/?p=4265#primaryimage"},"thumbnailUrl":"http:\/\/www.zerdab.com\/wp-content\/uploads\/2012\/08\/YAP2-350x233.jpg","datePublished":"2012-08-14T08:48:24+00:00","dateModified":"2012-08-14T08:53:36+00:00","author":{"@id":"https:\/\/www.zerdab.com\/#\/schema\/person\/97079b7570c1e89ec0d9e138c3672136"},"breadcrumb":{"@id":"https:\/\/www.zerdab.com\/?p=4265#breadcrumb"},"inLanguage":"az","potentialAction":[{"@type":"ReadAction","target":["https:\/\/www.zerdab.com\/?p=4265"]}]},{"@type":"ImageObject","inLanguage":"az","@id":"https:\/\/www.zerdab.com\/?p=4265#primaryimage","url":"","contentUrl":""},{"@type":"BreadcrumbList","@id":"https:\/\/www.zerdab.com\/?p=4265#breadcrumb","itemListElement":[{"@type":"ListItem","position":1,"name":"Home","item":"https:\/\/www.zerdab.com\/"},{"@type":"ListItem","position":2,"name":"YAP Z\u0259rdab rayon t\u0259\u015fkilat\u0131n\u0131n yarad\u0131lmas\u0131ndan 19 il \u00f6t\u00fcr &#8211; fotolar"}]},{"@type":"WebSite","@id":"https:\/\/www.zerdab.com\/#website","url":"https:\/\/www.zerdab.com\/","name":"Z\u0259rdab.com","description":"","potentialAction":[{"@type":"SearchAction","target":{"@type":"EntryPoint","urlTemplate":"https:\/\/www.zerdab.com\/?s={search_term_string}"},"query-input":{"@type":"PropertyValueSpecification","valueRequired":true,"valueName":"search_term_string"}}],"inLanguage":"az"},{"@type":"Person","@id":"https:\/\/www.zerdab.com\/#\/schema\/person\/97079b7570c1e89ec0d9e138c3672136","name":"admin","image":{"@type":"ImageObject","inLanguage":"az","@id":"https:\/\/www.zerdab.com\/#\/schema\/person\/image\/","url":"https:\/\/secure.gravatar.com\/avatar\/d9c52a9a27c32119cb6679a077fa3e2779e5f822c451cbf01098004361d466ec?s=96&d=mm&r=g","contentUrl":"https:\/\/secure.gravatar.com\/avatar\/d9c52a9a27c32119cb6679a077fa3e2779e5f822c451cbf01098004361d466ec?s=96&d=mm&r=g","caption":"admin"},"url":"https:\/\/www.zerdab.com\/?author=1"}]}},"_links":{"self":[{"href":"https:\/\/www.zerdab.com\/index.php?rest_route=\/wp\/v2\/posts\/4265","targetHints":{"allow":["GET"]}}],"collection":[{"href":"https:\/\/www.zerdab.com\/index.php?rest_route=\/wp\/v2\/posts"}],"about":[{"href":"https:\/\/www.zerdab.com\/index.php?rest_route=\/wp\/v2\/types\/post"}],"author":[{"embeddable":true,"href":"https:\/\/www.zerdab.com\/index.php?rest_route=\/wp\/v2\/users\/1"}],"replies":[{"embeddable":true,"href":"https:\/\/www.zerdab.com\/index.php?rest_route=%2Fwp%2Fv2%2Fcomments&post=4265"}],"version-history":[{"count":6,"href":"https:\/\/www.zerdab.com\/index.php?rest_route=\/wp\/v2\/posts\/4265\/revisions"}],"predecessor-version":[{"id":4276,"href":"https:\/\/www.zerdab.com\/index.php?rest_route=\/wp\/v2\/posts\/4265\/revisions\/4276"}],"wp:attachment":[{"href":"https:\/\/www.zerdab.com\/index.php?rest_route=%2Fwp%2Fv2%2Fmedia&parent=4265"}],"wp:term":[{"taxonomy":"category","embeddable":true,"href":"https:\/\/www.zerdab.com\/index.php?rest_route=%2Fwp%2Fv2%2Fcategories&post=4265"},{"taxonomy":"post_tag","embeddable":true,"href":"https:\/\/www.zerdab.com\/index.php?rest_route=%2Fwp%2Fv2%2Ftags&post=4265"}],"curies":[{"name":"wp","href":"https:\/\/api.w.org\/{rel}","templated":true}]}}