{"id":4532,"date":"2012-01-20T23:12:30","date_gmt":"2012-01-20T19:12:30","guid":{"rendered":"http:\/\/www.zerdab.com\/?p=4532"},"modified":"2012-08-30T23:16:33","modified_gmt":"2012-08-30T18:16:33","slug":"z%c9%99rdab-rayonunun-inzibati-%c9%99razi-bolgusund%c9%99-qism%c9%99n-d%c9%99yisiklikl%c9%99r-edilm%c9%99si-haqqinda","status":"publish","type":"post","link":"https:\/\/www.zerdab.com\/?p=4532","title":{"rendered":"Z\u0259rdab rayonunun inzibati \u0259razi b\u00f6lg\u00fcs\u00fcnd\u0259 qism\u0259n d\u0259yi\u015fiklikl\u0259r edilm\u0259si haqq\u0131nda"},"content":{"rendered":"<h1>17.06.2003 Az\u0259rbaycan Respublikas\u0131n\u0131n b\u0259zi rayonlar\u0131n\u0131n inzibati \u0259razi b\u00f6lg\u00fcs\u00fcnd\u0259 qism\u0259n d\u0259yi\u015fiklikl\u0259r edilm\u0259si haqq\u0131nda<\/h1>\n<p><strong>AZ\u018fRBAYCAN RESPUBL\u0130KASININ <\/strong><strong>Q A N U N U<\/p>\n<p><\/strong>Az\u0259rbaycan Respublikas\u0131n\u0131n Milli M\u0259clisi <strong>q \u0259 r a r a\u00a0 a l \u0131 r :<\/strong><\/p>\n<p>&#8230;. Z\u0259rdab rayonunun inzibati \u0259razi b\u00f6lg\u00fcs\u00fcnd\u0259 a\u015fa\u011f\u0131dak\u0131 d\u0259yi\u015fiklikl\u0259r edilsin:<\/p>\n<p><strong>Z\u0259rdab rayonu \u00fczr\u0259<\/strong><\/p>\n<p>H\u00fcseynxanl\u0131 v\u0259 Xanm\u0259mm\u0259dli k\u0259ndl\u0259ri G\u0259lm\u0259 k\u0259nd inzibati \u0259razi dair\u0259si t\u0259rkibind\u0259n ayr\u0131laraq, H\u00fcsyenxanl\u0131 k\u0259ndi m\u0259rk\u0259z olmaqla, H\u00fcseynxanl\u0131 k\u0259nd inzibati \u0259razi dair\u0259si yarad\u0131ls\u0131n.<\/p>\n<p>Otmanoba k\u0259ndi \u018flv\u0259nd k\u0259nd inzibati \u0259razi dair\u0259si t\u0259rkibind\u0259n ayr\u0131laraq, h\u0259min k\u0259nd m\u0259rk\u0259z olmaqla, Otmanoba k\u0259nd inzibati \u0259razi vahidi yarad\u0131ls\u0131n.<\/p>\n<p>Qarav\u0259lli k\u0259ndi \u0130saqba\u011f\u0131 k\u0259nd inzibati \u0259razi dair\u0259si t\u0259rkibind\u0259n ayr\u0131laraq, h\u0259min k\u0259nd m\u0259rk\u0259z olmaqla, Qarav\u0259lli k\u0259nd inzibati \u0259razi vahidi yarad\u0131ls\u0131n.<\/p>\n<p>Sar\u0131qaya k\u0259ndi Qoruqba\u011f\u0131 k\u0259nd inzibati \u0259razi dair\u0259si t\u0259rkibind\u0259n ayr\u0131laraq, h\u0259min k\u0259nd m\u0259rk\u0259z olmaqla, Sar\u0131qaya k\u0259nd inzibati \u0259razi vahidi yarad\u0131ls\u0131n.<\/p>\n<p><strong>Heyd\u0259r \u018fliyev<br \/>\n<\/strong><strong>Az\u0259rbaycan Respublikas\u0131n\u0131n Prezidenti<\/strong><\/p>\n<p>Bak\u0131 \u015f\u0259h\u0259ri, 17 iyun 2003-c\u00fc il<br \/>\n\u2116 476-IIQ<\/p>\n","protected":false},"excerpt":{"rendered":"<p>17.06.2003 Az\u0259rbaycan Respublikas\u0131n\u0131n b\u0259zi rayonlar\u0131n\u0131n inzibati \u0259razi b\u00f6lg\u00fcs\u00fcnd\u0259 qism\u0259n d\u0259yi\u015fiklikl\u0259r edilm\u0259si haqq\u0131nda AZ\u018fRBAYCAN RESPUBL\u0130KASININ Q A N U N U Az\u0259rbaycan Respublikas\u0131n\u0131n Milli M\u0259clisi q \u0259 r a r a\u00a0 a l \u0131 r : &#8230;. Z\u0259rdab rayonunun inzibati \u0259razi b\u00f6lg\u00fcs\u00fcnd\u0259 a\u015fa\u011f\u0131dak\u0131 d\u0259yi\u015fiklikl\u0259r edilsin: Z\u0259rdab rayonu \u00fczr\u0259 H\u00fcseynxanl\u0131 v\u0259 Xanm\u0259mm\u0259dli k\u0259ndl\u0259ri G\u0259lm\u0259 k\u0259nd inzibati \u0259razi [&hellip;]<\/p>\n","protected":false},"author":1,"featured_media":0,"comment_status":"open","ping_status":"open","sticky":false,"template":"","format":"standard","meta":{"footnotes":""},"categories":[1],"tags":[],"class_list":{"0":"post-4532","1":"post","2":"type-post","3":"status-publish","4":"format-standard","6":"category-tarix"},"yoast_head":"<!-- This site is optimized with the Yoast SEO plugin v27.0 - https:\/\/yoast.com\/product\/yoast-seo-wordpress\/ -->\n<title>Z\u0259rdab rayonunun inzibati \u0259razi b\u00f6lg\u00fcs\u00fcnd\u0259 qism\u0259n d\u0259yi\u015fiklikl\u0259r edilm\u0259si haqq\u0131nda - Z\u0259rdab.com<\/title>\n<meta name=\"robots\" content=\"index, follow, max-snippet:-1, max-image-preview:large, max-video-preview:-1\" \/>\n<link rel=\"canonical\" href=\"https:\/\/www.zerdab.com\/?p=4532\" \/>\n<meta property=\"og:locale\" content=\"az_AZ\" \/>\n<meta property=\"og:type\" content=\"article\" \/>\n<meta property=\"og:title\" content=\"Z\u0259rdab rayonunun inzibati \u0259razi b\u00f6lg\u00fcs\u00fcnd\u0259 qism\u0259n d\u0259yi\u015fiklikl\u0259r edilm\u0259si haqq\u0131nda - Z\u0259rdab.com\" \/>\n<meta property=\"og:description\" content=\"17.06.2003 Az\u0259rbaycan Respublikas\u0131n\u0131n b\u0259zi rayonlar\u0131n\u0131n inzibati \u0259razi b\u00f6lg\u00fcs\u00fcnd\u0259 qism\u0259n d\u0259yi\u015fiklikl\u0259r edilm\u0259si haqq\u0131nda AZ\u018fRBAYCAN RESPUBL\u0130KASININ Q A N U N U Az\u0259rbaycan Respublikas\u0131n\u0131n Milli M\u0259clisi q \u0259 r a r a\u00a0 a l \u0131 r : &#8230;. Z\u0259rdab rayonunun inzibati \u0259razi b\u00f6lg\u00fcs\u00fcnd\u0259 a\u015fa\u011f\u0131dak\u0131 d\u0259yi\u015fiklikl\u0259r edilsin: Z\u0259rdab rayonu \u00fczr\u0259 H\u00fcseynxanl\u0131 v\u0259 Xanm\u0259mm\u0259dli k\u0259ndl\u0259ri G\u0259lm\u0259 k\u0259nd inzibati \u0259razi [&hellip;]\" \/>\n<meta property=\"og:url\" content=\"https:\/\/www.zerdab.com\/?p=4532\" \/>\n<meta property=\"og:site_name\" content=\"Z\u0259rdab.com\" \/>\n<meta property=\"article:published_time\" content=\"2012-01-20T19:12:30+00:00\" \/>\n<meta property=\"article:modified_time\" content=\"2012-08-30T18:16:33+00:00\" \/>\n<meta name=\"author\" content=\"admin\" \/>\n<meta name=\"twitter:card\" content=\"summary_large_image\" \/>\n<meta name=\"twitter:label1\" content=\"Written by\" \/>\n\t<meta name=\"twitter:data1\" content=\"admin\" \/>\n\t<meta name=\"twitter:label2\" content=\"Est. reading time\" \/>\n\t<meta name=\"twitter:data2\" content=\"1 minute\" \/>\n<script type=\"application\/ld+json\" class=\"yoast-schema-graph\">{\"@context\":\"https:\/\/schema.org\",\"@graph\":[{\"@type\":\"Article\",\"@id\":\"https:\/\/www.zerdab.com\/?p=4532#article\",\"isPartOf\":{\"@id\":\"https:\/\/www.zerdab.com\/?p=4532\"},\"author\":{\"name\":\"admin\",\"@id\":\"https:\/\/www.zerdab.com\/#\/schema\/person\/97079b7570c1e89ec0d9e138c3672136\"},\"headline\":\"Z\u0259rdab rayonunun inzibati \u0259razi b\u00f6lg\u00fcs\u00fcnd\u0259 qism\u0259n d\u0259yi\u015fiklikl\u0259r edilm\u0259si haqq\u0131nda\",\"datePublished\":\"2012-01-20T19:12:30+00:00\",\"dateModified\":\"2012-08-30T18:16:33+00:00\",\"mainEntityOfPage\":{\"@id\":\"https:\/\/www.zerdab.com\/?p=4532\"},\"wordCount\":250,\"commentCount\":0,\"articleSection\":[\"Z\u018fRDABIN TAR\u0130X\u0130\"],\"inLanguage\":\"az\",\"potentialAction\":[{\"@type\":\"CommentAction\",\"name\":\"Comment\",\"target\":[\"https:\/\/www.zerdab.com\/?p=4532#respond\"]}]},{\"@type\":\"WebPage\",\"@id\":\"https:\/\/www.zerdab.com\/?p=4532\",\"url\":\"https:\/\/www.zerdab.com\/?p=4532\",\"name\":\"Z\u0259rdab rayonunun inzibati \u0259razi b\u00f6lg\u00fcs\u00fcnd\u0259 qism\u0259n d\u0259yi\u015fiklikl\u0259r edilm\u0259si haqq\u0131nda - Z\u0259rdab.com\",\"isPartOf\":{\"@id\":\"https:\/\/www.zerdab.com\/#website\"},\"datePublished\":\"2012-01-20T19:12:30+00:00\",\"dateModified\":\"2012-08-30T18:16:33+00:00\",\"author\":{\"@id\":\"https:\/\/www.zerdab.com\/#\/schema\/person\/97079b7570c1e89ec0d9e138c3672136\"},\"breadcrumb\":{\"@id\":\"https:\/\/www.zerdab.com\/?p=4532#breadcrumb\"},\"inLanguage\":\"az\",\"potentialAction\":[{\"@type\":\"ReadAction\",\"target\":[\"https:\/\/www.zerdab.com\/?p=4532\"]}]},{\"@type\":\"BreadcrumbList\",\"@id\":\"https:\/\/www.zerdab.com\/?p=4532#breadcrumb\",\"itemListElement\":[{\"@type\":\"ListItem\",\"position\":1,\"name\":\"Home\",\"item\":\"https:\/\/www.zerdab.com\/\"},{\"@type\":\"ListItem\",\"position\":2,\"name\":\"Z\u0259rdab rayonunun inzibati \u0259razi b\u00f6lg\u00fcs\u00fcnd\u0259 qism\u0259n d\u0259yi\u015fiklikl\u0259r edilm\u0259si haqq\u0131nda\"}]},{\"@type\":\"WebSite\",\"@id\":\"https:\/\/www.zerdab.com\/#website\",\"url\":\"https:\/\/www.zerdab.com\/\",\"name\":\"Z\u0259rdab.com\",\"description\":\"\",\"potentialAction\":[{\"@type\":\"SearchAction\",\"target\":{\"@type\":\"EntryPoint\",\"urlTemplate\":\"https:\/\/www.zerdab.com\/?s={search_term_string}\"},\"query-input\":{\"@type\":\"PropertyValueSpecification\",\"valueRequired\":true,\"valueName\":\"search_term_string\"}}],\"inLanguage\":\"az\"},{\"@type\":\"Person\",\"@id\":\"https:\/\/www.zerdab.com\/#\/schema\/person\/97079b7570c1e89ec0d9e138c3672136\",\"name\":\"admin\",\"image\":{\"@type\":\"ImageObject\",\"inLanguage\":\"az\",\"@id\":\"https:\/\/www.zerdab.com\/#\/schema\/person\/image\/\",\"url\":\"https:\/\/secure.gravatar.com\/avatar\/d9c52a9a27c32119cb6679a077fa3e2779e5f822c451cbf01098004361d466ec?s=96&d=mm&r=g\",\"contentUrl\":\"https:\/\/secure.gravatar.com\/avatar\/d9c52a9a27c32119cb6679a077fa3e2779e5f822c451cbf01098004361d466ec?s=96&d=mm&r=g\",\"caption\":\"admin\"},\"url\":\"https:\/\/www.zerdab.com\/?author=1\"}]}<\/script>\n<!-- \/ Yoast SEO plugin. -->","yoast_head_json":{"title":"Z\u0259rdab rayonunun inzibati \u0259razi b\u00f6lg\u00fcs\u00fcnd\u0259 qism\u0259n d\u0259yi\u015fiklikl\u0259r edilm\u0259si haqq\u0131nda - Z\u0259rdab.com","robots":{"index":"index","follow":"follow","max-snippet":"max-snippet:-1","max-image-preview":"max-image-preview:large","max-video-preview":"max-video-preview:-1"},"canonical":"https:\/\/www.zerdab.com\/?p=4532","og_locale":"az_AZ","og_type":"article","og_title":"Z\u0259rdab rayonunun inzibati \u0259razi b\u00f6lg\u00fcs\u00fcnd\u0259 qism\u0259n d\u0259yi\u015fiklikl\u0259r edilm\u0259si haqq\u0131nda - Z\u0259rdab.com","og_description":"17.06.2003 Az\u0259rbaycan Respublikas\u0131n\u0131n b\u0259zi rayonlar\u0131n\u0131n inzibati \u0259razi b\u00f6lg\u00fcs\u00fcnd\u0259 qism\u0259n d\u0259yi\u015fiklikl\u0259r edilm\u0259si haqq\u0131nda AZ\u018fRBAYCAN RESPUBL\u0130KASININ Q A N U N U Az\u0259rbaycan Respublikas\u0131n\u0131n Milli M\u0259clisi q \u0259 r a r a\u00a0 a l \u0131 r : &#8230;. Z\u0259rdab rayonunun inzibati \u0259razi b\u00f6lg\u00fcs\u00fcnd\u0259 a\u015fa\u011f\u0131dak\u0131 d\u0259yi\u015fiklikl\u0259r edilsin: Z\u0259rdab rayonu \u00fczr\u0259 H\u00fcseynxanl\u0131 v\u0259 Xanm\u0259mm\u0259dli k\u0259ndl\u0259ri G\u0259lm\u0259 k\u0259nd inzibati \u0259razi [&hellip;]","og_url":"https:\/\/www.zerdab.com\/?p=4532","og_site_name":"Z\u0259rdab.com","article_published_time":"2012-01-20T19:12:30+00:00","article_modified_time":"2012-08-30T18:16:33+00:00","author":"admin","twitter_card":"summary_large_image","twitter_misc":{"Written by":"admin","Est. reading time":"1 minute"},"schema":{"@context":"https:\/\/schema.org","@graph":[{"@type":"Article","@id":"https:\/\/www.zerdab.com\/?p=4532#article","isPartOf":{"@id":"https:\/\/www.zerdab.com\/?p=4532"},"author":{"name":"admin","@id":"https:\/\/www.zerdab.com\/#\/schema\/person\/97079b7570c1e89ec0d9e138c3672136"},"headline":"Z\u0259rdab rayonunun inzibati \u0259razi b\u00f6lg\u00fcs\u00fcnd\u0259 qism\u0259n d\u0259yi\u015fiklikl\u0259r edilm\u0259si haqq\u0131nda","datePublished":"2012-01-20T19:12:30+00:00","dateModified":"2012-08-30T18:16:33+00:00","mainEntityOfPage":{"@id":"https:\/\/www.zerdab.com\/?p=4532"},"wordCount":250,"commentCount":0,"articleSection":["Z\u018fRDABIN TAR\u0130X\u0130"],"inLanguage":"az","potentialAction":[{"@type":"CommentAction","name":"Comment","target":["https:\/\/www.zerdab.com\/?p=4532#respond"]}]},{"@type":"WebPage","@id":"https:\/\/www.zerdab.com\/?p=4532","url":"https:\/\/www.zerdab.com\/?p=4532","name":"Z\u0259rdab rayonunun inzibati \u0259razi b\u00f6lg\u00fcs\u00fcnd\u0259 qism\u0259n d\u0259yi\u015fiklikl\u0259r edilm\u0259si haqq\u0131nda - Z\u0259rdab.com","isPartOf":{"@id":"https:\/\/www.zerdab.com\/#website"},"datePublished":"2012-01-20T19:12:30+00:00","dateModified":"2012-08-30T18:16:33+00:00","author":{"@id":"https:\/\/www.zerdab.com\/#\/schema\/person\/97079b7570c1e89ec0d9e138c3672136"},"breadcrumb":{"@id":"https:\/\/www.zerdab.com\/?p=4532#breadcrumb"},"inLanguage":"az","potentialAction":[{"@type":"ReadAction","target":["https:\/\/www.zerdab.com\/?p=4532"]}]},{"@type":"BreadcrumbList","@id":"https:\/\/www.zerdab.com\/?p=4532#breadcrumb","itemListElement":[{"@type":"ListItem","position":1,"name":"Home","item":"https:\/\/www.zerdab.com\/"},{"@type":"ListItem","position":2,"name":"Z\u0259rdab rayonunun inzibati \u0259razi b\u00f6lg\u00fcs\u00fcnd\u0259 qism\u0259n d\u0259yi\u015fiklikl\u0259r edilm\u0259si haqq\u0131nda"}]},{"@type":"WebSite","@id":"https:\/\/www.zerdab.com\/#website","url":"https:\/\/www.zerdab.com\/","name":"Z\u0259rdab.com","description":"","potentialAction":[{"@type":"SearchAction","target":{"@type":"EntryPoint","urlTemplate":"https:\/\/www.zerdab.com\/?s={search_term_string}"},"query-input":{"@type":"PropertyValueSpecification","valueRequired":true,"valueName":"search_term_string"}}],"inLanguage":"az"},{"@type":"Person","@id":"https:\/\/www.zerdab.com\/#\/schema\/person\/97079b7570c1e89ec0d9e138c3672136","name":"admin","image":{"@type":"ImageObject","inLanguage":"az","@id":"https:\/\/www.zerdab.com\/#\/schema\/person\/image\/","url":"https:\/\/secure.gravatar.com\/avatar\/d9c52a9a27c32119cb6679a077fa3e2779e5f822c451cbf01098004361d466ec?s=96&d=mm&r=g","contentUrl":"https:\/\/secure.gravatar.com\/avatar\/d9c52a9a27c32119cb6679a077fa3e2779e5f822c451cbf01098004361d466ec?s=96&d=mm&r=g","caption":"admin"},"url":"https:\/\/www.zerdab.com\/?author=1"}]}},"_links":{"self":[{"href":"https:\/\/www.zerdab.com\/index.php?rest_route=\/wp\/v2\/posts\/4532","targetHints":{"allow":["GET"]}}],"collection":[{"href":"https:\/\/www.zerdab.com\/index.php?rest_route=\/wp\/v2\/posts"}],"about":[{"href":"https:\/\/www.zerdab.com\/index.php?rest_route=\/wp\/v2\/types\/post"}],"author":[{"embeddable":true,"href":"https:\/\/www.zerdab.com\/index.php?rest_route=\/wp\/v2\/users\/1"}],"replies":[{"embeddable":true,"href":"https:\/\/www.zerdab.com\/index.php?rest_route=%2Fwp%2Fv2%2Fcomments&post=4532"}],"version-history":[{"count":2,"href":"https:\/\/www.zerdab.com\/index.php?rest_route=\/wp\/v2\/posts\/4532\/revisions"}],"predecessor-version":[{"id":4534,"href":"https:\/\/www.zerdab.com\/index.php?rest_route=\/wp\/v2\/posts\/4532\/revisions\/4534"}],"wp:attachment":[{"href":"https:\/\/www.zerdab.com\/index.php?rest_route=%2Fwp%2Fv2%2Fmedia&parent=4532"}],"wp:term":[{"taxonomy":"category","embeddable":true,"href":"https:\/\/www.zerdab.com\/index.php?rest_route=%2Fwp%2Fv2%2Fcategories&post=4532"},{"taxonomy":"post_tag","embeddable":true,"href":"https:\/\/www.zerdab.com\/index.php?rest_route=%2Fwp%2Fv2%2Ftags&post=4532"}],"curies":[{"name":"wp","href":"https:\/\/api.w.org\/{rel}","templated":true}]}}