{"id":4566,"date":"2012-03-04T11:51:31","date_gmt":"2012-03-04T07:51:31","guid":{"rendered":"http:\/\/www.zerdab.com\/?p=4566"},"modified":"2021-12-24T14:55:29","modified_gmt":"2021-12-24T10:55:29","slug":"z%c9%99rdab-rayonunun-cografi-movqeyi-bar%c9%99d%c9%99-m%c9%99lumat","status":"publish","type":"post","link":"https:\/\/www.zerdab.com\/?p=4566","title":{"rendered":"Z\u0259rdab rayonunun co\u011frafi m\u00f6vqeyi bar\u0259d\u0259 m\u0259lumatlar"},"content":{"rendered":"<p><strong>Z\u0259rdab rayonu Aran iqtisadi rayonunda, M\u0259rk\u0259zi Aran zonas\u0131nda, \u015eirvan d\u00fcz\u00fcnd\u0259 yerl\u0259\u015fir.<\/strong> Rayonun s\u0259thi d\u00fcz\u0259nlikdir, \u0259razisinin \u00e7ox hiss\u0259si okean s\u0259viyy\u0259sind\u0259n a\u015fa\u011f\u0131dad\u0131r. K\u00fcr, G\u00f6y\u00e7ay v\u0259 T\u00fcryan\u00e7ay \u00e7aylar\u0131 rayonun \u0259razisind\u0259n ke\u00e7ir. Z\u0259rdab rayonu Ucar d\u0259mir yolu stansiyas\u0131ndan 35 km m\u0259saf\u0259d\u0259dir. Q\u0131\u015f v\u0259 yay otlaqlar\u0131n\u0131n m\u00f6vcudlu\u011fu b\u00fct\u00fcn il boyu heyvandarl\u0131\u011f\u0131n inki\u015faf\u0131 \u00fc\u00e7\u00fcn \u0259lveri\u015fli \u015f\u0259rait yarad\u0131r. Sututarlar\u0131 bal\u0131q yeti\u015fdirilm\u0259si \u00fc\u00e7\u00fcn \u0259lveri\u015flidir. \u018frazid\u0259 neft-qaz yataqlar\u0131 a\u015fkar edilmi\u015fdir.<\/p>\n<p>Rayonun \u0259razisi bir t\u0259r\u0259fd\u0259n Aran iqtisadi rayonuna daxil olan K\u00fcrd\u0259mir, A\u011fda\u015f, Ucar rayonlar\u0131 il\u0259, dig\u0259r t\u0259r\u0259fd\u0259n is\u0259 t\u0259bii s\u0259rh\u0259d olan K\u00fcr \u00e7ay\u0131 n\u0259z\u0259r\u0259 al\u0131nmazsa, \u0130mi\u015fli, Beyl\u0259qan, B\u0259rd\u0259, A\u011fcab\u0259di rayonlar\u0131 il\u0259 \u0259hat\u0259 olunmu\u015fdur. (Z\u0259rdab v\u0259 A\u011fcab\u0259dini K\u00fcr \u00e7ay\u0131 \u00fcz\u0259rind\u0259ki k\u00f6rp\u00fc birl\u0259\u015fdirir) Rayonun \u0259razisi Respublika \u0259razisinin 1, Aran iqtisadi rayonunun is\u0259 4 faizini t\u0259\u015fkil edir.<\/p>\n<p><strong>\u0130qlimi<\/strong><\/p>\n<p>Q\u0131\u015f\u0131 m\u00fclayim, yay\u0131 quraq isti ke\u00e7\u0259n yar\u0131ms\u0259hra v\u0259 quru \u00e7\u00f6l iqlimi (quru subtropik iqlim) xarakterikdir. Bu iqlim z\u0259if n\u0259mliyi, yay\u0131n isti ke\u00e7m\u0259si il\u0259 s\u0259ciyy\u0259l\u0259nir. Yay aylar\u0131nda havan\u0131n temperaturu + 35-400-y\u0259 \u00e7at\u0131r. M\u00fctl\u0259q maksimum temperatur + 41-44-y\u0259d\u0259k y\u00fcks\u0259lir. Havan\u0131n orta ayl\u0131q temperaturu yanvarda + 30, iyulda + 27 t\u0259\u015fkil edir.<\/p>\n<p><strong>Flora v\u0259 faunas\u0131<\/strong><\/p>\n<p>Torpaq \u00f6rt\u00fcy\u00fc \u0259sas\u0259n boz-\u00e7\u0259m\u0259n torpaqlard\u0131r. Humusun miqdar\u0131 (bitki v\u0259 orqanizm qal\u0131qlar\u0131) 2 faizdir. Yov\u015fanl\u0131-\u015foranl\u0131, yov\u015fanl\u0131-efemerli yar\u0131ms\u0259hra bitkil\u0259ri \u00fcst\u00fcnl\u00fck t\u0259\u015fkil edir. \u00dcmumiyy\u0259tl\u0259, yar\u0131ms\u0259hra bitkil\u0259rinin inki\u015faf etdiyi bu zona m\u0259hsuldar q\u0131\u015f otlaqlar\u0131d\u0131r. K\u00fcr \u00e7ay\u0131 yata\u011f\u0131na yax\u0131n sah\u0259l\u0259rd\u0259 axmaz v\u0259 g\u00f6ll\u0259rin \u0259traf\u0131nda gilli-qam\u0131\u015fl\u0131 bataql\u0131q \u00e7\u0259m\u0259n-\u00e7\u00f6l bitkil\u0259rin\u0259 rast g\u0259linir. K\u00fcr \u00e7ay\u0131 boyunca Tuqay me\u015f\u0259l\u0259ri uzan\u0131r. Yar\u0131ms\u0259hrada t\u0259bi\u0259tin insanlara pay\u0131 olan ya\u015f\u0131l zolaq h\u0259m torpaqqoruyucu, h\u0259m sahilb\u0259rkidici rol oynay\u0131r, h\u0259m d\u0259 iqlimini yum\u015fald\u0131r. Rayonun iqlimi pamb\u0131q, \u00fcz\u00fcm, meyv\u0259-t\u0259r\u0259v\u0259z, quru subtropik bitkil\u0259rin yeti\u015fdirilm\u0259si \u00fc\u00e7\u00fcn \u0259lveri\u015flidir.<br \/>\nRayon \u0259razisind\u0259 \u0259n \u00e7ox rast g\u0259lin\u0259n heyvan v\u0259 qu\u015f n\u00f6vl\u0259ri canavar, t\u00fclk\u00fc, boz dov\u015fan, \u00e7\u00f6l si\u00e7an\u0131, \u00e7aqqal, d\u0259l\u0259, turac, k\u0259klik, q\u0131rqovul, g\u00f6y\u0259r\u00e7in, alabaxta, s\u0131\u011f\u0131r\u00e7\u0131n, qaratoyuq, a\u011facd\u0259l\u0259n, ar\u0131qu\u015fu, s\u0259r\u00e7\u0259, a\u011f va\u011f, qarabatdaq, tora\u011fay, qar\u011fa v\u0259 sairl\u0259ridir.<\/p>\n","protected":false},"excerpt":{"rendered":"<p>Z\u0259rdab rayonu Aran iqtisadi rayonunda, M\u0259rk\u0259zi Aran zonas\u0131nda, \u015eirvan d\u00fcz\u00fcnd\u0259 yerl\u0259\u015fir. Rayonun s\u0259thi d\u00fcz\u0259nlikdir, \u0259razisinin \u00e7ox hiss\u0259si okean s\u0259viyy\u0259sind\u0259n a\u015fa\u011f\u0131dad\u0131r. K\u00fcr, G\u00f6y\u00e7ay v\u0259 T\u00fcryan\u00e7ay \u00e7aylar\u0131 rayonun \u0259razisind\u0259n ke\u00e7ir. Z\u0259rdab rayonu Ucar d\u0259mir yolu stansiyas\u0131ndan 35 km m\u0259saf\u0259d\u0259dir. Q\u0131\u015f v\u0259 yay otlaqlar\u0131n\u0131n m\u00f6vcudlu\u011fu b\u00fct\u00fcn il boyu heyvandarl\u0131\u011f\u0131n inki\u015faf\u0131 \u00fc\u00e7\u00fcn \u0259lveri\u015fli \u015f\u0259rait yarad\u0131r. Sututarlar\u0131 bal\u0131q yeti\u015fdirilm\u0259si \u00fc\u00e7\u00fcn [&hellip;]<\/p>\n","protected":false},"author":1,"featured_media":29199,"comment_status":"open","ping_status":"open","sticky":false,"template":"","format":"standard","meta":{"footnotes":""},"categories":[63,1],"tags":[],"class_list":{"0":"post-4566","1":"post","2":"type-post","3":"status-publish","4":"format-standard","5":"has-post-thumbnail","7":"category-manset","8":"category-tarix"},"yoast_head":"<!-- This site is optimized with the Yoast SEO plugin v27.0 - https:\/\/yoast.com\/product\/yoast-seo-wordpress\/ -->\n<title>Z\u0259rdab rayonunun co\u011frafi m\u00f6vqeyi bar\u0259d\u0259 m\u0259lumatlar - Z\u0259rdab.com<\/title>\n<meta name=\"robots\" content=\"index, follow, max-snippet:-1, max-image-preview:large, max-video-preview:-1\" \/>\n<link rel=\"canonical\" href=\"https:\/\/www.zerdab.com\/?p=4566\" \/>\n<meta property=\"og:locale\" content=\"az_AZ\" \/>\n<meta property=\"og:type\" content=\"article\" \/>\n<meta property=\"og:title\" content=\"Z\u0259rdab rayonunun co\u011frafi m\u00f6vqeyi bar\u0259d\u0259 m\u0259lumatlar - Z\u0259rdab.com\" \/>\n<meta property=\"og:description\" content=\"Z\u0259rdab rayonu Aran iqtisadi rayonunda, M\u0259rk\u0259zi Aran zonas\u0131nda, \u015eirvan d\u00fcz\u00fcnd\u0259 yerl\u0259\u015fir. Rayonun s\u0259thi d\u00fcz\u0259nlikdir, \u0259razisinin \u00e7ox hiss\u0259si okean s\u0259viyy\u0259sind\u0259n a\u015fa\u011f\u0131dad\u0131r. K\u00fcr, G\u00f6y\u00e7ay v\u0259 T\u00fcryan\u00e7ay \u00e7aylar\u0131 rayonun \u0259razisind\u0259n ke\u00e7ir. Z\u0259rdab rayonu Ucar d\u0259mir yolu stansiyas\u0131ndan 35 km m\u0259saf\u0259d\u0259dir. Q\u0131\u015f v\u0259 yay otlaqlar\u0131n\u0131n m\u00f6vcudlu\u011fu b\u00fct\u00fcn il boyu heyvandarl\u0131\u011f\u0131n inki\u015faf\u0131 \u00fc\u00e7\u00fcn \u0259lveri\u015fli \u015f\u0259rait yarad\u0131r. Sututarlar\u0131 bal\u0131q yeti\u015fdirilm\u0259si \u00fc\u00e7\u00fcn [&hellip;]\" \/>\n<meta property=\"og:url\" content=\"https:\/\/www.zerdab.com\/?p=4566\" \/>\n<meta property=\"og:site_name\" content=\"Z\u0259rdab.com\" \/>\n<meta property=\"article:published_time\" content=\"2012-03-04T07:51:31+00:00\" \/>\n<meta property=\"article:modified_time\" content=\"2021-12-24T10:55:29+00:00\" \/>\n<meta property=\"og:image\" content=\"https:\/\/www.zerdab.com\/wp-content\/uploads\/2021\/10\/zerdab-yol-temir-tarix.jpg\" \/>\n\t<meta property=\"og:image:width\" content=\"800\" \/>\n\t<meta property=\"og:image:height\" content=\"600\" \/>\n\t<meta property=\"og:image:type\" content=\"image\/jpeg\" \/>\n<meta name=\"author\" content=\"admin\" \/>\n<meta name=\"twitter:card\" content=\"summary_large_image\" \/>\n<meta name=\"twitter:label1\" content=\"Written by\" \/>\n\t<meta name=\"twitter:data1\" content=\"admin\" \/>\n\t<meta name=\"twitter:label2\" content=\"Est. reading time\" \/>\n\t<meta name=\"twitter:data2\" content=\"2 minutes\" \/>\n<script type=\"application\/ld+json\" class=\"yoast-schema-graph\">{\"@context\":\"https:\/\/schema.org\",\"@graph\":[{\"@type\":\"Article\",\"@id\":\"https:\/\/www.zerdab.com\/?p=4566#article\",\"isPartOf\":{\"@id\":\"https:\/\/www.zerdab.com\/?p=4566\"},\"author\":{\"name\":\"admin\",\"@id\":\"https:\/\/www.zerdab.com\/#\/schema\/person\/97079b7570c1e89ec0d9e138c3672136\"},\"headline\":\"Z\u0259rdab rayonunun co\u011frafi m\u00f6vqeyi bar\u0259d\u0259 m\u0259lumatlar\",\"datePublished\":\"2012-03-04T07:51:31+00:00\",\"dateModified\":\"2021-12-24T10:55:29+00:00\",\"mainEntityOfPage\":{\"@id\":\"https:\/\/www.zerdab.com\/?p=4566\"},\"wordCount\":475,\"commentCount\":0,\"image\":{\"@id\":\"https:\/\/www.zerdab.com\/?p=4566#primaryimage\"},\"thumbnailUrl\":\"https:\/\/www.zerdab.com\/wp-content\/uploads\/2021\/10\/zerdab-yol-temir-tarix.jpg\",\"articleSection\":[\"MAN\u015eET\",\"Z\u018fRDABIN TAR\u0130X\u0130\"],\"inLanguage\":\"az\",\"potentialAction\":[{\"@type\":\"CommentAction\",\"name\":\"Comment\",\"target\":[\"https:\/\/www.zerdab.com\/?p=4566#respond\"]}]},{\"@type\":\"WebPage\",\"@id\":\"https:\/\/www.zerdab.com\/?p=4566\",\"url\":\"https:\/\/www.zerdab.com\/?p=4566\",\"name\":\"Z\u0259rdab rayonunun co\u011frafi m\u00f6vqeyi bar\u0259d\u0259 m\u0259lumatlar - Z\u0259rdab.com\",\"isPartOf\":{\"@id\":\"https:\/\/www.zerdab.com\/#website\"},\"primaryImageOfPage\":{\"@id\":\"https:\/\/www.zerdab.com\/?p=4566#primaryimage\"},\"image\":{\"@id\":\"https:\/\/www.zerdab.com\/?p=4566#primaryimage\"},\"thumbnailUrl\":\"https:\/\/www.zerdab.com\/wp-content\/uploads\/2021\/10\/zerdab-yol-temir-tarix.jpg\",\"datePublished\":\"2012-03-04T07:51:31+00:00\",\"dateModified\":\"2021-12-24T10:55:29+00:00\",\"author\":{\"@id\":\"https:\/\/www.zerdab.com\/#\/schema\/person\/97079b7570c1e89ec0d9e138c3672136\"},\"breadcrumb\":{\"@id\":\"https:\/\/www.zerdab.com\/?p=4566#breadcrumb\"},\"inLanguage\":\"az\",\"potentialAction\":[{\"@type\":\"ReadAction\",\"target\":[\"https:\/\/www.zerdab.com\/?p=4566\"]}]},{\"@type\":\"ImageObject\",\"inLanguage\":\"az\",\"@id\":\"https:\/\/www.zerdab.com\/?p=4566#primaryimage\",\"url\":\"https:\/\/www.zerdab.com\/wp-content\/uploads\/2021\/10\/zerdab-yol-temir-tarix.jpg\",\"contentUrl\":\"https:\/\/www.zerdab.com\/wp-content\/uploads\/2021\/10\/zerdab-yol-temir-tarix.jpg\",\"width\":800,\"height\":600,\"caption\":\"zerdab-yol-temir-tarix\"},{\"@type\":\"BreadcrumbList\",\"@id\":\"https:\/\/www.zerdab.com\/?p=4566#breadcrumb\",\"itemListElement\":[{\"@type\":\"ListItem\",\"position\":1,\"name\":\"Home\",\"item\":\"https:\/\/www.zerdab.com\/\"},{\"@type\":\"ListItem\",\"position\":2,\"name\":\"Z\u0259rdab rayonunun co\u011frafi m\u00f6vqeyi bar\u0259d\u0259 m\u0259lumatlar\"}]},{\"@type\":\"WebSite\",\"@id\":\"https:\/\/www.zerdab.com\/#website\",\"url\":\"https:\/\/www.zerdab.com\/\",\"name\":\"Z\u0259rdab.com\",\"description\":\"\",\"potentialAction\":[{\"@type\":\"SearchAction\",\"target\":{\"@type\":\"EntryPoint\",\"urlTemplate\":\"https:\/\/www.zerdab.com\/?s={search_term_string}\"},\"query-input\":{\"@type\":\"PropertyValueSpecification\",\"valueRequired\":true,\"valueName\":\"search_term_string\"}}],\"inLanguage\":\"az\"},{\"@type\":\"Person\",\"@id\":\"https:\/\/www.zerdab.com\/#\/schema\/person\/97079b7570c1e89ec0d9e138c3672136\",\"name\":\"admin\",\"image\":{\"@type\":\"ImageObject\",\"inLanguage\":\"az\",\"@id\":\"https:\/\/www.zerdab.com\/#\/schema\/person\/image\/\",\"url\":\"https:\/\/secure.gravatar.com\/avatar\/d9c52a9a27c32119cb6679a077fa3e2779e5f822c451cbf01098004361d466ec?s=96&d=mm&r=g\",\"contentUrl\":\"https:\/\/secure.gravatar.com\/avatar\/d9c52a9a27c32119cb6679a077fa3e2779e5f822c451cbf01098004361d466ec?s=96&d=mm&r=g\",\"caption\":\"admin\"},\"url\":\"https:\/\/www.zerdab.com\/?author=1\"}]}<\/script>\n<!-- \/ Yoast SEO plugin. -->","yoast_head_json":{"title":"Z\u0259rdab rayonunun co\u011frafi m\u00f6vqeyi bar\u0259d\u0259 m\u0259lumatlar - Z\u0259rdab.com","robots":{"index":"index","follow":"follow","max-snippet":"max-snippet:-1","max-image-preview":"max-image-preview:large","max-video-preview":"max-video-preview:-1"},"canonical":"https:\/\/www.zerdab.com\/?p=4566","og_locale":"az_AZ","og_type":"article","og_title":"Z\u0259rdab rayonunun co\u011frafi m\u00f6vqeyi bar\u0259d\u0259 m\u0259lumatlar - Z\u0259rdab.com","og_description":"Z\u0259rdab rayonu Aran iqtisadi rayonunda, M\u0259rk\u0259zi Aran zonas\u0131nda, \u015eirvan d\u00fcz\u00fcnd\u0259 yerl\u0259\u015fir. Rayonun s\u0259thi d\u00fcz\u0259nlikdir, \u0259razisinin \u00e7ox hiss\u0259si okean s\u0259viyy\u0259sind\u0259n a\u015fa\u011f\u0131dad\u0131r. K\u00fcr, G\u00f6y\u00e7ay v\u0259 T\u00fcryan\u00e7ay \u00e7aylar\u0131 rayonun \u0259razisind\u0259n ke\u00e7ir. Z\u0259rdab rayonu Ucar d\u0259mir yolu stansiyas\u0131ndan 35 km m\u0259saf\u0259d\u0259dir. Q\u0131\u015f v\u0259 yay otlaqlar\u0131n\u0131n m\u00f6vcudlu\u011fu b\u00fct\u00fcn il boyu heyvandarl\u0131\u011f\u0131n inki\u015faf\u0131 \u00fc\u00e7\u00fcn \u0259lveri\u015fli \u015f\u0259rait yarad\u0131r. Sututarlar\u0131 bal\u0131q yeti\u015fdirilm\u0259si \u00fc\u00e7\u00fcn [&hellip;]","og_url":"https:\/\/www.zerdab.com\/?p=4566","og_site_name":"Z\u0259rdab.com","article_published_time":"2012-03-04T07:51:31+00:00","article_modified_time":"2021-12-24T10:55:29+00:00","og_image":[{"width":800,"height":600,"url":"https:\/\/www.zerdab.com\/wp-content\/uploads\/2021\/10\/zerdab-yol-temir-tarix.jpg","type":"image\/jpeg"}],"author":"admin","twitter_card":"summary_large_image","twitter_misc":{"Written by":"admin","Est. reading time":"2 minutes"},"schema":{"@context":"https:\/\/schema.org","@graph":[{"@type":"Article","@id":"https:\/\/www.zerdab.com\/?p=4566#article","isPartOf":{"@id":"https:\/\/www.zerdab.com\/?p=4566"},"author":{"name":"admin","@id":"https:\/\/www.zerdab.com\/#\/schema\/person\/97079b7570c1e89ec0d9e138c3672136"},"headline":"Z\u0259rdab rayonunun co\u011frafi m\u00f6vqeyi bar\u0259d\u0259 m\u0259lumatlar","datePublished":"2012-03-04T07:51:31+00:00","dateModified":"2021-12-24T10:55:29+00:00","mainEntityOfPage":{"@id":"https:\/\/www.zerdab.com\/?p=4566"},"wordCount":475,"commentCount":0,"image":{"@id":"https:\/\/www.zerdab.com\/?p=4566#primaryimage"},"thumbnailUrl":"https:\/\/www.zerdab.com\/wp-content\/uploads\/2021\/10\/zerdab-yol-temir-tarix.jpg","articleSection":["MAN\u015eET","Z\u018fRDABIN TAR\u0130X\u0130"],"inLanguage":"az","potentialAction":[{"@type":"CommentAction","name":"Comment","target":["https:\/\/www.zerdab.com\/?p=4566#respond"]}]},{"@type":"WebPage","@id":"https:\/\/www.zerdab.com\/?p=4566","url":"https:\/\/www.zerdab.com\/?p=4566","name":"Z\u0259rdab rayonunun co\u011frafi m\u00f6vqeyi bar\u0259d\u0259 m\u0259lumatlar - Z\u0259rdab.com","isPartOf":{"@id":"https:\/\/www.zerdab.com\/#website"},"primaryImageOfPage":{"@id":"https:\/\/www.zerdab.com\/?p=4566#primaryimage"},"image":{"@id":"https:\/\/www.zerdab.com\/?p=4566#primaryimage"},"thumbnailUrl":"https:\/\/www.zerdab.com\/wp-content\/uploads\/2021\/10\/zerdab-yol-temir-tarix.jpg","datePublished":"2012-03-04T07:51:31+00:00","dateModified":"2021-12-24T10:55:29+00:00","author":{"@id":"https:\/\/www.zerdab.com\/#\/schema\/person\/97079b7570c1e89ec0d9e138c3672136"},"breadcrumb":{"@id":"https:\/\/www.zerdab.com\/?p=4566#breadcrumb"},"inLanguage":"az","potentialAction":[{"@type":"ReadAction","target":["https:\/\/www.zerdab.com\/?p=4566"]}]},{"@type":"ImageObject","inLanguage":"az","@id":"https:\/\/www.zerdab.com\/?p=4566#primaryimage","url":"https:\/\/www.zerdab.com\/wp-content\/uploads\/2021\/10\/zerdab-yol-temir-tarix.jpg","contentUrl":"https:\/\/www.zerdab.com\/wp-content\/uploads\/2021\/10\/zerdab-yol-temir-tarix.jpg","width":800,"height":600,"caption":"zerdab-yol-temir-tarix"},{"@type":"BreadcrumbList","@id":"https:\/\/www.zerdab.com\/?p=4566#breadcrumb","itemListElement":[{"@type":"ListItem","position":1,"name":"Home","item":"https:\/\/www.zerdab.com\/"},{"@type":"ListItem","position":2,"name":"Z\u0259rdab rayonunun co\u011frafi m\u00f6vqeyi bar\u0259d\u0259 m\u0259lumatlar"}]},{"@type":"WebSite","@id":"https:\/\/www.zerdab.com\/#website","url":"https:\/\/www.zerdab.com\/","name":"Z\u0259rdab.com","description":"","potentialAction":[{"@type":"SearchAction","target":{"@type":"EntryPoint","urlTemplate":"https:\/\/www.zerdab.com\/?s={search_term_string}"},"query-input":{"@type":"PropertyValueSpecification","valueRequired":true,"valueName":"search_term_string"}}],"inLanguage":"az"},{"@type":"Person","@id":"https:\/\/www.zerdab.com\/#\/schema\/person\/97079b7570c1e89ec0d9e138c3672136","name":"admin","image":{"@type":"ImageObject","inLanguage":"az","@id":"https:\/\/www.zerdab.com\/#\/schema\/person\/image\/","url":"https:\/\/secure.gravatar.com\/avatar\/d9c52a9a27c32119cb6679a077fa3e2779e5f822c451cbf01098004361d466ec?s=96&d=mm&r=g","contentUrl":"https:\/\/secure.gravatar.com\/avatar\/d9c52a9a27c32119cb6679a077fa3e2779e5f822c451cbf01098004361d466ec?s=96&d=mm&r=g","caption":"admin"},"url":"https:\/\/www.zerdab.com\/?author=1"}]}},"_links":{"self":[{"href":"https:\/\/www.zerdab.com\/index.php?rest_route=\/wp\/v2\/posts\/4566","targetHints":{"allow":["GET"]}}],"collection":[{"href":"https:\/\/www.zerdab.com\/index.php?rest_route=\/wp\/v2\/posts"}],"about":[{"href":"https:\/\/www.zerdab.com\/index.php?rest_route=\/wp\/v2\/types\/post"}],"author":[{"embeddable":true,"href":"https:\/\/www.zerdab.com\/index.php?rest_route=\/wp\/v2\/users\/1"}],"replies":[{"embeddable":true,"href":"https:\/\/www.zerdab.com\/index.php?rest_route=%2Fwp%2Fv2%2Fcomments&post=4566"}],"version-history":[{"count":3,"href":"https:\/\/www.zerdab.com\/index.php?rest_route=\/wp\/v2\/posts\/4566\/revisions"}],"predecessor-version":[{"id":29358,"href":"https:\/\/www.zerdab.com\/index.php?rest_route=\/wp\/v2\/posts\/4566\/revisions\/29358"}],"wp:featuredmedia":[{"embeddable":true,"href":"https:\/\/www.zerdab.com\/index.php?rest_route=\/wp\/v2\/media\/29199"}],"wp:attachment":[{"href":"https:\/\/www.zerdab.com\/index.php?rest_route=%2Fwp%2Fv2%2Fmedia&parent=4566"}],"wp:term":[{"taxonomy":"category","embeddable":true,"href":"https:\/\/www.zerdab.com\/index.php?rest_route=%2Fwp%2Fv2%2Fcategories&post=4566"},{"taxonomy":"post_tag","embeddable":true,"href":"https:\/\/www.zerdab.com\/index.php?rest_route=%2Fwp%2Fv2%2Ftags&post=4566"}],"curies":[{"name":"wp","href":"https:\/\/api.w.org\/{rel}","templated":true}]}}