{"id":4606,"date":"2012-09-11T23:46:50","date_gmt":"2012-09-11T18:46:50","guid":{"rendered":"http:\/\/www.zerdab.com\/?p=4606"},"modified":"2019-04-17T09:13:51","modified_gmt":"2019-04-17T05:13:51","slug":"s%c9%99m%c9%99d-vurgunun-adina-cixilan-seri-z%c9%99rdabli-sair-yazibmis","status":"publish","type":"post","link":"https:\/\/www.zerdab.com\/?p=4606","title":{"rendered":"S\u0259m\u0259d Vur\u011funun ad\u0131na \u00e7\u0131x\u0131lan \u015feiri h\u0259myerlimiz Mira\u011fa Ba\u011f\u0131rov yaz\u0131bm\u0131\u015f"},"content":{"rendered":"<p><a href=\"http:\/\/www.zerdab.com\/wp-content\/uploads\/2012\/09\/S\u0259m\u0259d-Vurgun.jpg\"><img loading=\"lazy\" decoding=\"async\" class=\"alignleft  wp-image-4607\" title=\"S\u0259m\u0259d Vurgun\" src=\"http:\/\/www.zerdab.com\/wp-content\/uploads\/2012\/09\/S\u0259m\u0259d-Vurgun-350x258.jpg\" alt=\"\" width=\"303\" height=\"227\" \/><\/a><\/p>\n<p>1961-ci ild\u0259 Bak\u0131 Kitabxana\u00e7\u0131l\u0131q Texnikumunda (sonralar M\u0259d\u0259ni Maarif M\u0259kt\u0259bi adlan\u0131rd\u0131) oxuyurdum. Texnikumun qon\u015fulu\u011funda, Azad qad\u0131n heyk\u0259linin \u00e7\u00f6l t\u0259r\u0259find\u0259ki C. Cabbarl\u0131 k\u00fc\u00e7\u0259sind\u0259 Karl Marks ad\u0131na kitabxana var idi. Kitabxanan\u0131n oxucular\u0131n\u0131n \u0259ks\u0259riyy\u0259ti bizim texnikumun t\u0259l\u0259b\u0259l\u0259ri idil\u0259r. Burada ke\u00e7iril\u0259n t\u0259dbirl\u0259rd\u0259 biz d\u0259 f\u0259al i\u015ftirak edirdik. Mart\u0131n sonlar\u0131nda kitabxanada xalq \u015fairi S\u0259m\u0259d Vur\u011funun anadan olmas\u0131n\u0131n ild\u00f6n\u00fcm\u00fc t\u0259dbiri ke\u00e7irilirdi. T\u0259dbir\u0259 h\u00f6rm\u0259tli qonaqlar, o c\u00fcml\u0259d\u0259n S\u0259m\u0259d Vur\u011funun b\u00f6y\u00fck qarda\u015f\u0131 Mehdixan V\u0259kilov da d\u0259v\u0259t olunmu\u015fdular. M\u0259n m\u0259clisd\u0259 &#8220;S\u0259m\u0259d Vur\u011fun \u00f6lm\u0259y\u0259c\u0259kdir&#8221; \u015feirimi oxudum. \u0130\u015ftirak\u00e7\u0131lar m\u0259ni yax\u015f\u0131 qar\u015f\u0131lad\u0131lar. Bu m\u00fcnasib\u0259td\u0259n c\u0259sar\u0259tl\u0259nib \u00fcz\u00fcm\u00fc Mehdixan V\u0259kilova tutub dedim:<br \/>\n&#8211; 1949-cu ild\u0259 S\u0259m\u0259d Vur\u011fun \u00dcmumd\u00fcnya S\u00fclh \u015euras\u0131n\u0131n iclas\u0131na ged\u0259rk\u0259n, yolda x\u0259st\u0259l\u0259nmi\u015f, \u00c7in Xalq Respublikas\u0131n\u0131n paytaxt\u0131 Pekind\u0259 x\u0259st\u0259xanada m\u00fcalic\u0259 olunmu\u015f v\u0259 orada &#8220;<strong>Q\u00fcrb\u0259t eld\u0259<\/strong>&#8221; s\u0259rl\u00f6vh\u0259li bir b\u0259nd \u015feir yazm\u0131\u015fd\u0131r:<br \/>\n<strong>&#8220;Vaxts\u0131z \u0259c\u0259l, m\u0259nd\u0259n uzaq<\/strong><br \/>\n<strong> dayan, dur!<\/strong><br \/>\n<strong> Q\u00fcrb\u0259t eld\u0259 can verm\u0259r\u0259m \u00f6l\u00fcm\u0259.<\/strong><br \/>\n<strong> Bilirs\u0259n ki, q\u0259l\u0259m ald\u0131m \u0259lim\u0259&#8221;<\/strong>.<\/p>\n<p>M\u0259n bu \u015feirin yar\u0131m\u00e7\u0131q qalmas\u0131na t\u0259\u0259ss\u00fcfl\u0259nir\u0259m. Odur ki, imkan\u0131m daxilind\u0259 h\u0259min \u015feir\u0259 bir ne\u00e7\u0259 b\u0259nd art\u0131rm\u0131\u015fam. \u0130caz\u0259 vers\u0259niz, h\u0259min \u015feiri oxuyard\u0131m.<br \/>\nM. V\u0259kilov raz\u0131l\u0131\u011f\u0131n\u0131 bildirdi v\u0259 m\u0259n art\u0131rd\u0131\u011f\u0131m b\u0259ndl\u0259ri oxudum:<br \/>\n<strong>&#8220;\u018fc\u0259l, q\u0131l\u0131nc\u0131n\u0131 itil\u0259m\u0259 s\u0259n,<\/strong><br \/>\n<strong> \u015eairi susdura bilm\u0259y\u0259c\u0259ks\u0259n.<\/strong><br \/>\n<strong> V\u0259t\u0259n havas\u0131n\u0131 udmay\u0131nca m\u0259n,<\/strong><br \/>\n<strong> Yetm\u0259yinc\u0259 yol g\u00f6zl\u0259y\u0259n g\u00fcl\u00fcm\u0259,<\/strong><br \/>\n<strong> Q\u00fcrb\u0259t eld\u0259 can verm\u0259r\u0259m \u00f6l\u00fcm\u0259.<\/strong><\/p>\n<p><strong>Ba\u015f\u0131na d\u00f6nd\u00fcy\u00fcm, a \u00e7inli h\u0259kim,<\/strong><br \/>\n<strong> Q\u0131yma, m\u0259n bu q\u0259d\u0259r \u0259ziyy\u0259t \u00e7\u0259kim!<\/strong><br \/>\n<strong> D\u0259rdimin \u0259lac\u0131 V\u0259t\u0259ndir m\u0259nim,<\/strong><br \/>\n<strong> Qaytar v\u0259t\u0259nim\u0259 m\u0259ni, elim\u0259,<\/strong><br \/>\n<strong> Q\u00fcrb\u0259t eld\u0259 can verm\u0259r\u0259m \u00f6l\u00fcm\u0259.<\/strong><\/p>\n<p><strong>G\u0259zm\u0259s\u0259m V\u0259t\u0259nin Mu\u011fan\u0131n, Milin,<\/strong><br \/>\n<strong> Do\u011fma Qaza\u011f\u0131m\u0131n \u00e7\u0259m\u0259nin, \u00e7\u00f6l\u00fcn,<\/strong><br \/>\n<strong> Bak\u0131 g\u00f6z\u0259linin s\u0131xmasam \u0259lin,<\/strong><br \/>\n<strong> M\u0259n Vur\u011funam, deyin \u018fzrailim\u0259,<\/strong><br \/>\n<strong> Q\u00fcrb\u0259t eld\u0259 can verm\u0259r\u0259m \u00f6l\u00fcm\u0259.<\/strong><\/p>\n<p>Bu t\u0259dbir haqq\u0131nda v\u0259 orada m\u0259nim \u015feir oxuma\u011f\u0131m bar\u0259d\u0259 &#8220;Az\u0259rbaycan g\u0259ncl\u0259ri&#8221; q\u0259zetinin 28 mart 1960-c\u0131 il n\u00f6mr\u0259sind\u0259 informasiya d\u0259rc edildi.<br \/>\nT\u0259dbird\u0259n 2 g\u00fcn sonra Bak\u0131 M\u0259rk\u0259zi Univerma\u011f\u0131n\u0131n yan\u0131nda bir o\u011flan m\u0259ni saxlay\u0131b, dedi:<br \/>\n&#8211; O g\u00fcn kitabxanadak\u0131 t\u0259dbird\u0259 S. Vur\u011fun haqq\u0131nda \u015feir oxuyan siz idiniz?<br \/>\nCavab verdim ki, b\u0259li, m\u0259n idim.<br \/>\nO\u011flan dedi:<br \/>\n&#8211; M\u0259n xo\u015fuma g\u0259l\u0259n \u015feirl\u0259ri toplay\u0131ram. O \u015feirinizi m\u0259n\u0259 ver\u0259rsiniz?<br \/>\nDedim \u015feir yaz\u0131l\u0131 halda m\u0259nd\u0259 yoxdur. \u0130st\u0259s\u0259niz, \u0259zb\u0259rd\u0259n dey\u0259r\u0259m, yazars\u0131n\u0131z. O\u011flan univerma\u011f\u0131n p\u0259nc\u0259r\u0259sinin yan\u0131na \u00e7\u0259kildi, ka\u011f\u0131z \u00e7\u0131xar\u0131b dizinin \u00fcst\u00fcn\u0259 qoydu. M\u0259n \u015feiri dedim, o da yazd\u0131. Sa\u011folla\u015f\u0131b getdi. Ondan ad\u0131n\u0131, kim oldu\u011funu, n\u0259 il\u0259 m\u0259\u015f\u011ful oldu\u011funu soru\u015fmad\u0131m.<br \/>\n1978-ci ild\u0259 Bak\u0131-Tiflis qatar\u0131 il\u0259 \u00fcmumi vaqonda evimiz\u0259 qay\u0131d\u0131rd\u0131m. Bayram \u0259r\u0259f\u0259si idi. S\u0259rni\u015fin \u00e7ox oldu\u011fu \u00fc\u00e7\u00fcn qatara \u0259lav\u0259 vaqonlar qo\u015fmu\u015fdular. Bizim vaqon da bel\u0259l\u0259rind\u0259n idi. Vaqonda i\u015f\u0131q yanm\u0131rd\u0131. Bird\u0259n qon\u015fuluqda radioda xan\u0259nd\u0259nin &#8220;Q\u00fcrb\u0259t eld\u0259&#8221; \u015feirini mu\u011fam \u00fcst\u00fcnd\u0259 oxudu\u011funu e\u015fitdim. \u00dcr\u0259yim atland\u0131. V\u0259 m\u0259n d\u00fc\u015f\u00fcnd\u00fcy\u00fcm kimi oldu. Xan\u0259nd\u0259 \u015feirin 4 b\u0259ndinin d\u00f6rd\u00fcn\u00fc d\u0259, y\u0259ni m\u0259nim \u0259lav\u0259mi d\u0259 oxudu&#8230; Bu, Sabir Mirz\u0259yev idi.<br \/>\nYen\u0259 ill\u0259r ke\u00e7di. Bu ilin mart\u0131nda \u0130ctimai Televiziyada &#8220;Ozan&#8221; verili\u015fi S\u0259m\u0259d Vur\u011funa h\u0259sr edilmi\u015fdi. T\u0259dbird\u0259 a\u015f\u0131q Z\u00fclfiyy\u0259 &#8220;Q\u00fcrb\u0259t eld\u0259&#8221; \u015feirinin d\u00f6rd b\u0259ndini oxudu. T\u0259bii ki, \u015feirin S\u0259m\u0259d Vur\u011funa m\u0259xsus oldu\u011funu s\u00f6yl\u0259di.<br \/>\nBilmir\u0259m, do\u011frumu etdim, ya yox, \u015feirin tarix\u00e7\u0259sini s\u00f6yl\u0259m\u0259k q\u0259rar\u0131na g\u0259ldim. Dostum \u0130sam\u0259ddin \u018fhm\u0259dovun k\u00f6m\u0259kliyi il\u0259 Z\u00fclfiyy\u0259 xan\u0131mla telefon \u0259laq\u0259si yaratd\u0131m, \u015feiri haradan \u0259ld\u0259 etdiyini soru\u015fdum. Bu, do\u011frudan da m\u0259nim \u00fc\u00e7\u00fcn maraql\u0131 idi. O cavab verdi ki, vallah, m\u0259n o \u015feri u\u015faql\u0131\u011f\u0131mdan \u0259zb\u0259r bilir\u0259m. Sabir Mirz\u0259yevin ifas\u0131ndan, a\u015f\u0131qlar\u0131n s\u00f6yl\u0259m\u0259sind\u0259n e\u015fidib \u0259zb\u0259rl\u0259mi\u015f\u0259m.<br \/>\nM\u0259n \u015feirin tarix\u00e7\u0259sini Z\u00fclfiyy\u0259 xan\u0131ma dan\u0131\u015fd\u0131m. \u0130nand\u0131m\u0131, inanmad\u0131m\u0131, &#8211; bilmir\u0259m.<br \/>\nH\u00f6rm\u0259tli oxucular, bu tarix\u00e7\u0259ni siz\u0259 d\u0259 dan\u0131\u015fd\u0131m. Do\u011frumu etdim, s\u0259hvmi, &#8211; bilmir\u0259m. H\u0259r halda, bir \u015feirin h\u0259qiqi tarix\u00e7\u0259sini dan\u0131\u015fd\u0131m v\u0259 xeyli y\u00fcng\u00fcll\u0259\u015fdim.<\/p>\n<p><strong>Mira\u011fa BA\u011eIROV, Z\u0259rdab \u015f\u0259h\u0259r sakini, Bak\u0131 D\u00f6vl\u0259t Universiteti jurnalistika fak\u00fclt\u0259sinin 1972-ci il m\u0259zunu.<\/strong><\/p>\n","protected":false},"excerpt":{"rendered":"<p>1961-ci ild\u0259 Bak\u0131 Kitabxana\u00e7\u0131l\u0131q Texnikumunda (sonralar M\u0259d\u0259ni Maarif M\u0259kt\u0259bi adlan\u0131rd\u0131) oxuyurdum. Texnikumun qon\u015fulu\u011funda, Azad qad\u0131n heyk\u0259linin \u00e7\u00f6l t\u0259r\u0259find\u0259ki C. Cabbarl\u0131 k\u00fc\u00e7\u0259sind\u0259 Karl Marks ad\u0131na kitabxana var idi. Kitabxanan\u0131n oxucular\u0131n\u0131n \u0259ks\u0259riyy\u0259ti bizim texnikumun t\u0259l\u0259b\u0259l\u0259ri idil\u0259r. Burada ke\u00e7iril\u0259n t\u0259dbirl\u0259rd\u0259 biz d\u0259 f\u0259al i\u015ftirak edirdik. Mart\u0131n sonlar\u0131nda kitabxanada xalq \u015fairi S\u0259m\u0259d Vur\u011funun anadan olmas\u0131n\u0131n ild\u00f6n\u00fcm\u00fc t\u0259dbiri ke\u00e7irilirdi. T\u0259dbir\u0259 [&hellip;]<\/p>\n","protected":false},"author":1,"featured_media":26792,"comment_status":"open","ping_status":"open","sticky":false,"template":"","format":"standard","meta":{"footnotes":""},"categories":[63,17],"tags":[],"class_list":{"0":"post-4606","1":"post","2":"type-post","3":"status-publish","4":"format-standard","5":"has-post-thumbnail","7":"category-manset","8":"category-kos"},"yoast_head":"<!-- This site is optimized with the Yoast SEO plugin v27.0 - https:\/\/yoast.com\/product\/yoast-seo-wordpress\/ -->\n<title>S\u0259m\u0259d Vur\u011funun ad\u0131na \u00e7\u0131x\u0131lan \u015feiri h\u0259myerlimiz Mira\u011fa Ba\u011f\u0131rov yaz\u0131bm\u0131\u015f - Z\u0259rdab.com<\/title>\n<meta name=\"robots\" content=\"index, follow, max-snippet:-1, max-image-preview:large, max-video-preview:-1\" \/>\n<link rel=\"canonical\" href=\"https:\/\/www.zerdab.com\/?p=4606\" \/>\n<meta property=\"og:locale\" content=\"az_AZ\" \/>\n<meta property=\"og:type\" content=\"article\" \/>\n<meta property=\"og:title\" content=\"S\u0259m\u0259d Vur\u011funun ad\u0131na \u00e7\u0131x\u0131lan \u015feiri h\u0259myerlimiz Mira\u011fa Ba\u011f\u0131rov yaz\u0131bm\u0131\u015f - Z\u0259rdab.com\" \/>\n<meta property=\"og:description\" content=\"1961-ci ild\u0259 Bak\u0131 Kitabxana\u00e7\u0131l\u0131q Texnikumunda (sonralar M\u0259d\u0259ni Maarif M\u0259kt\u0259bi adlan\u0131rd\u0131) oxuyurdum. Texnikumun qon\u015fulu\u011funda, Azad qad\u0131n heyk\u0259linin \u00e7\u00f6l t\u0259r\u0259find\u0259ki C. Cabbarl\u0131 k\u00fc\u00e7\u0259sind\u0259 Karl Marks ad\u0131na kitabxana var idi. Kitabxanan\u0131n oxucular\u0131n\u0131n \u0259ks\u0259riyy\u0259ti bizim texnikumun t\u0259l\u0259b\u0259l\u0259ri idil\u0259r. Burada ke\u00e7iril\u0259n t\u0259dbirl\u0259rd\u0259 biz d\u0259 f\u0259al i\u015ftirak edirdik. Mart\u0131n sonlar\u0131nda kitabxanada xalq \u015fairi S\u0259m\u0259d Vur\u011funun anadan olmas\u0131n\u0131n ild\u00f6n\u00fcm\u00fc t\u0259dbiri ke\u00e7irilirdi. T\u0259dbir\u0259 [&hellip;]\" \/>\n<meta property=\"og:url\" content=\"https:\/\/www.zerdab.com\/?p=4606\" \/>\n<meta property=\"og:site_name\" content=\"Z\u0259rdab.com\" \/>\n<meta property=\"article:published_time\" content=\"2012-09-11T18:46:50+00:00\" \/>\n<meta property=\"article:modified_time\" content=\"2019-04-17T05:13:51+00:00\" \/>\n<meta property=\"og:image\" content=\"https:\/\/www.zerdab.com\/wp-content\/uploads\/2012\/09\/semed-vurgun-sair-xalq-sairi.jpg\" \/>\n\t<meta property=\"og:image:width\" content=\"1459\" \/>\n\t<meta property=\"og:image:height\" content=\"1056\" \/>\n\t<meta property=\"og:image:type\" content=\"image\/jpeg\" \/>\n<meta name=\"author\" content=\"admin\" \/>\n<meta name=\"twitter:card\" content=\"summary_large_image\" \/>\n<meta name=\"twitter:label1\" content=\"Written by\" \/>\n\t<meta name=\"twitter:data1\" content=\"admin\" \/>\n\t<meta name=\"twitter:label2\" content=\"Est. reading time\" \/>\n\t<meta name=\"twitter:data2\" content=\"5 minutes\" \/>\n<script type=\"application\/ld+json\" class=\"yoast-schema-graph\">{\"@context\":\"https:\/\/schema.org\",\"@graph\":[{\"@type\":\"Article\",\"@id\":\"https:\/\/www.zerdab.com\/?p=4606#article\",\"isPartOf\":{\"@id\":\"https:\/\/www.zerdab.com\/?p=4606\"},\"author\":{\"name\":\"admin\",\"@id\":\"https:\/\/www.zerdab.com\/#\/schema\/person\/97079b7570c1e89ec0d9e138c3672136\"},\"headline\":\"S\u0259m\u0259d Vur\u011funun ad\u0131na \u00e7\u0131x\u0131lan \u015feiri h\u0259myerlimiz Mira\u011fa Ba\u011f\u0131rov yaz\u0131bm\u0131\u015f\",\"datePublished\":\"2012-09-11T18:46:50+00:00\",\"dateModified\":\"2019-04-17T05:13:51+00:00\",\"mainEntityOfPage\":{\"@id\":\"https:\/\/www.zerdab.com\/?p=4606\"},\"wordCount\":940,\"commentCount\":8,\"image\":{\"@id\":\"https:\/\/www.zerdab.com\/?p=4606#primaryimage\"},\"thumbnailUrl\":\"https:\/\/www.zerdab.com\/wp-content\/uploads\/2012\/09\/semed-vurgun-sair-xalq-sairi.jpg\",\"articleSection\":[\"MAN\u015eET\",\"YAZARLAR\"],\"inLanguage\":\"az\",\"potentialAction\":[{\"@type\":\"CommentAction\",\"name\":\"Comment\",\"target\":[\"https:\/\/www.zerdab.com\/?p=4606#respond\"]}]},{\"@type\":\"WebPage\",\"@id\":\"https:\/\/www.zerdab.com\/?p=4606\",\"url\":\"https:\/\/www.zerdab.com\/?p=4606\",\"name\":\"S\u0259m\u0259d Vur\u011funun ad\u0131na \u00e7\u0131x\u0131lan \u015feiri h\u0259myerlimiz Mira\u011fa Ba\u011f\u0131rov yaz\u0131bm\u0131\u015f - Z\u0259rdab.com\",\"isPartOf\":{\"@id\":\"https:\/\/www.zerdab.com\/#website\"},\"primaryImageOfPage\":{\"@id\":\"https:\/\/www.zerdab.com\/?p=4606#primaryimage\"},\"image\":{\"@id\":\"https:\/\/www.zerdab.com\/?p=4606#primaryimage\"},\"thumbnailUrl\":\"https:\/\/www.zerdab.com\/wp-content\/uploads\/2012\/09\/semed-vurgun-sair-xalq-sairi.jpg\",\"datePublished\":\"2012-09-11T18:46:50+00:00\",\"dateModified\":\"2019-04-17T05:13:51+00:00\",\"author\":{\"@id\":\"https:\/\/www.zerdab.com\/#\/schema\/person\/97079b7570c1e89ec0d9e138c3672136\"},\"breadcrumb\":{\"@id\":\"https:\/\/www.zerdab.com\/?p=4606#breadcrumb\"},\"inLanguage\":\"az\",\"potentialAction\":[{\"@type\":\"ReadAction\",\"target\":[\"https:\/\/www.zerdab.com\/?p=4606\"]}]},{\"@type\":\"ImageObject\",\"inLanguage\":\"az\",\"@id\":\"https:\/\/www.zerdab.com\/?p=4606#primaryimage\",\"url\":\"https:\/\/www.zerdab.com\/wp-content\/uploads\/2012\/09\/semed-vurgun-sair-xalq-sairi.jpg\",\"contentUrl\":\"https:\/\/www.zerdab.com\/wp-content\/uploads\/2012\/09\/semed-vurgun-sair-xalq-sairi.jpg\",\"width\":1459,\"height\":1056,\"caption\":\"semed-vurgun-sair-xalq-sairi\"},{\"@type\":\"BreadcrumbList\",\"@id\":\"https:\/\/www.zerdab.com\/?p=4606#breadcrumb\",\"itemListElement\":[{\"@type\":\"ListItem\",\"position\":1,\"name\":\"Home\",\"item\":\"https:\/\/www.zerdab.com\/\"},{\"@type\":\"ListItem\",\"position\":2,\"name\":\"S\u0259m\u0259d Vur\u011funun ad\u0131na \u00e7\u0131x\u0131lan \u015feiri h\u0259myerlimiz Mira\u011fa Ba\u011f\u0131rov yaz\u0131bm\u0131\u015f\"}]},{\"@type\":\"WebSite\",\"@id\":\"https:\/\/www.zerdab.com\/#website\",\"url\":\"https:\/\/www.zerdab.com\/\",\"name\":\"Z\u0259rdab.com\",\"description\":\"\",\"potentialAction\":[{\"@type\":\"SearchAction\",\"target\":{\"@type\":\"EntryPoint\",\"urlTemplate\":\"https:\/\/www.zerdab.com\/?s={search_term_string}\"},\"query-input\":{\"@type\":\"PropertyValueSpecification\",\"valueRequired\":true,\"valueName\":\"search_term_string\"}}],\"inLanguage\":\"az\"},{\"@type\":\"Person\",\"@id\":\"https:\/\/www.zerdab.com\/#\/schema\/person\/97079b7570c1e89ec0d9e138c3672136\",\"name\":\"admin\",\"image\":{\"@type\":\"ImageObject\",\"inLanguage\":\"az\",\"@id\":\"https:\/\/www.zerdab.com\/#\/schema\/person\/image\/\",\"url\":\"https:\/\/secure.gravatar.com\/avatar\/d9c52a9a27c32119cb6679a077fa3e2779e5f822c451cbf01098004361d466ec?s=96&d=mm&r=g\",\"contentUrl\":\"https:\/\/secure.gravatar.com\/avatar\/d9c52a9a27c32119cb6679a077fa3e2779e5f822c451cbf01098004361d466ec?s=96&d=mm&r=g\",\"caption\":\"admin\"},\"url\":\"https:\/\/www.zerdab.com\/?author=1\"}]}<\/script>\n<!-- \/ Yoast SEO plugin. -->","yoast_head_json":{"title":"S\u0259m\u0259d Vur\u011funun ad\u0131na \u00e7\u0131x\u0131lan \u015feiri h\u0259myerlimiz Mira\u011fa Ba\u011f\u0131rov yaz\u0131bm\u0131\u015f - Z\u0259rdab.com","robots":{"index":"index","follow":"follow","max-snippet":"max-snippet:-1","max-image-preview":"max-image-preview:large","max-video-preview":"max-video-preview:-1"},"canonical":"https:\/\/www.zerdab.com\/?p=4606","og_locale":"az_AZ","og_type":"article","og_title":"S\u0259m\u0259d Vur\u011funun ad\u0131na \u00e7\u0131x\u0131lan \u015feiri h\u0259myerlimiz Mira\u011fa Ba\u011f\u0131rov yaz\u0131bm\u0131\u015f - Z\u0259rdab.com","og_description":"1961-ci ild\u0259 Bak\u0131 Kitabxana\u00e7\u0131l\u0131q Texnikumunda (sonralar M\u0259d\u0259ni Maarif M\u0259kt\u0259bi adlan\u0131rd\u0131) oxuyurdum. Texnikumun qon\u015fulu\u011funda, Azad qad\u0131n heyk\u0259linin \u00e7\u00f6l t\u0259r\u0259find\u0259ki C. Cabbarl\u0131 k\u00fc\u00e7\u0259sind\u0259 Karl Marks ad\u0131na kitabxana var idi. Kitabxanan\u0131n oxucular\u0131n\u0131n \u0259ks\u0259riyy\u0259ti bizim texnikumun t\u0259l\u0259b\u0259l\u0259ri idil\u0259r. Burada ke\u00e7iril\u0259n t\u0259dbirl\u0259rd\u0259 biz d\u0259 f\u0259al i\u015ftirak edirdik. Mart\u0131n sonlar\u0131nda kitabxanada xalq \u015fairi S\u0259m\u0259d Vur\u011funun anadan olmas\u0131n\u0131n ild\u00f6n\u00fcm\u00fc t\u0259dbiri ke\u00e7irilirdi. T\u0259dbir\u0259 [&hellip;]","og_url":"https:\/\/www.zerdab.com\/?p=4606","og_site_name":"Z\u0259rdab.com","article_published_time":"2012-09-11T18:46:50+00:00","article_modified_time":"2019-04-17T05:13:51+00:00","og_image":[{"width":1459,"height":1056,"url":"https:\/\/www.zerdab.com\/wp-content\/uploads\/2012\/09\/semed-vurgun-sair-xalq-sairi.jpg","type":"image\/jpeg"}],"author":"admin","twitter_card":"summary_large_image","twitter_misc":{"Written by":"admin","Est. reading time":"5 minutes"},"schema":{"@context":"https:\/\/schema.org","@graph":[{"@type":"Article","@id":"https:\/\/www.zerdab.com\/?p=4606#article","isPartOf":{"@id":"https:\/\/www.zerdab.com\/?p=4606"},"author":{"name":"admin","@id":"https:\/\/www.zerdab.com\/#\/schema\/person\/97079b7570c1e89ec0d9e138c3672136"},"headline":"S\u0259m\u0259d Vur\u011funun ad\u0131na \u00e7\u0131x\u0131lan \u015feiri h\u0259myerlimiz Mira\u011fa Ba\u011f\u0131rov yaz\u0131bm\u0131\u015f","datePublished":"2012-09-11T18:46:50+00:00","dateModified":"2019-04-17T05:13:51+00:00","mainEntityOfPage":{"@id":"https:\/\/www.zerdab.com\/?p=4606"},"wordCount":940,"commentCount":8,"image":{"@id":"https:\/\/www.zerdab.com\/?p=4606#primaryimage"},"thumbnailUrl":"https:\/\/www.zerdab.com\/wp-content\/uploads\/2012\/09\/semed-vurgun-sair-xalq-sairi.jpg","articleSection":["MAN\u015eET","YAZARLAR"],"inLanguage":"az","potentialAction":[{"@type":"CommentAction","name":"Comment","target":["https:\/\/www.zerdab.com\/?p=4606#respond"]}]},{"@type":"WebPage","@id":"https:\/\/www.zerdab.com\/?p=4606","url":"https:\/\/www.zerdab.com\/?p=4606","name":"S\u0259m\u0259d Vur\u011funun ad\u0131na \u00e7\u0131x\u0131lan \u015feiri h\u0259myerlimiz Mira\u011fa Ba\u011f\u0131rov yaz\u0131bm\u0131\u015f - Z\u0259rdab.com","isPartOf":{"@id":"https:\/\/www.zerdab.com\/#website"},"primaryImageOfPage":{"@id":"https:\/\/www.zerdab.com\/?p=4606#primaryimage"},"image":{"@id":"https:\/\/www.zerdab.com\/?p=4606#primaryimage"},"thumbnailUrl":"https:\/\/www.zerdab.com\/wp-content\/uploads\/2012\/09\/semed-vurgun-sair-xalq-sairi.jpg","datePublished":"2012-09-11T18:46:50+00:00","dateModified":"2019-04-17T05:13:51+00:00","author":{"@id":"https:\/\/www.zerdab.com\/#\/schema\/person\/97079b7570c1e89ec0d9e138c3672136"},"breadcrumb":{"@id":"https:\/\/www.zerdab.com\/?p=4606#breadcrumb"},"inLanguage":"az","potentialAction":[{"@type":"ReadAction","target":["https:\/\/www.zerdab.com\/?p=4606"]}]},{"@type":"ImageObject","inLanguage":"az","@id":"https:\/\/www.zerdab.com\/?p=4606#primaryimage","url":"https:\/\/www.zerdab.com\/wp-content\/uploads\/2012\/09\/semed-vurgun-sair-xalq-sairi.jpg","contentUrl":"https:\/\/www.zerdab.com\/wp-content\/uploads\/2012\/09\/semed-vurgun-sair-xalq-sairi.jpg","width":1459,"height":1056,"caption":"semed-vurgun-sair-xalq-sairi"},{"@type":"BreadcrumbList","@id":"https:\/\/www.zerdab.com\/?p=4606#breadcrumb","itemListElement":[{"@type":"ListItem","position":1,"name":"Home","item":"https:\/\/www.zerdab.com\/"},{"@type":"ListItem","position":2,"name":"S\u0259m\u0259d Vur\u011funun ad\u0131na \u00e7\u0131x\u0131lan \u015feiri h\u0259myerlimiz Mira\u011fa Ba\u011f\u0131rov yaz\u0131bm\u0131\u015f"}]},{"@type":"WebSite","@id":"https:\/\/www.zerdab.com\/#website","url":"https:\/\/www.zerdab.com\/","name":"Z\u0259rdab.com","description":"","potentialAction":[{"@type":"SearchAction","target":{"@type":"EntryPoint","urlTemplate":"https:\/\/www.zerdab.com\/?s={search_term_string}"},"query-input":{"@type":"PropertyValueSpecification","valueRequired":true,"valueName":"search_term_string"}}],"inLanguage":"az"},{"@type":"Person","@id":"https:\/\/www.zerdab.com\/#\/schema\/person\/97079b7570c1e89ec0d9e138c3672136","name":"admin","image":{"@type":"ImageObject","inLanguage":"az","@id":"https:\/\/www.zerdab.com\/#\/schema\/person\/image\/","url":"https:\/\/secure.gravatar.com\/avatar\/d9c52a9a27c32119cb6679a077fa3e2779e5f822c451cbf01098004361d466ec?s=96&d=mm&r=g","contentUrl":"https:\/\/secure.gravatar.com\/avatar\/d9c52a9a27c32119cb6679a077fa3e2779e5f822c451cbf01098004361d466ec?s=96&d=mm&r=g","caption":"admin"},"url":"https:\/\/www.zerdab.com\/?author=1"}]}},"_links":{"self":[{"href":"https:\/\/www.zerdab.com\/index.php?rest_route=\/wp\/v2\/posts\/4606","targetHints":{"allow":["GET"]}}],"collection":[{"href":"https:\/\/www.zerdab.com\/index.php?rest_route=\/wp\/v2\/posts"}],"about":[{"href":"https:\/\/www.zerdab.com\/index.php?rest_route=\/wp\/v2\/types\/post"}],"author":[{"embeddable":true,"href":"https:\/\/www.zerdab.com\/index.php?rest_route=\/wp\/v2\/users\/1"}],"replies":[{"embeddable":true,"href":"https:\/\/www.zerdab.com\/index.php?rest_route=%2Fwp%2Fv2%2Fcomments&post=4606"}],"version-history":[{"count":6,"href":"https:\/\/www.zerdab.com\/index.php?rest_route=\/wp\/v2\/posts\/4606\/revisions"}],"predecessor-version":[{"id":26793,"href":"https:\/\/www.zerdab.com\/index.php?rest_route=\/wp\/v2\/posts\/4606\/revisions\/26793"}],"wp:featuredmedia":[{"embeddable":true,"href":"https:\/\/www.zerdab.com\/index.php?rest_route=\/wp\/v2\/media\/26792"}],"wp:attachment":[{"href":"https:\/\/www.zerdab.com\/index.php?rest_route=%2Fwp%2Fv2%2Fmedia&parent=4606"}],"wp:term":[{"taxonomy":"category","embeddable":true,"href":"https:\/\/www.zerdab.com\/index.php?rest_route=%2Fwp%2Fv2%2Fcategories&post=4606"},{"taxonomy":"post_tag","embeddable":true,"href":"https:\/\/www.zerdab.com\/index.php?rest_route=%2Fwp%2Fv2%2Ftags&post=4606"}],"curies":[{"name":"wp","href":"https:\/\/api.w.org\/{rel}","templated":true}]}}