{"id":4661,"date":"2012-09-17T11:53:07","date_gmt":"2012-09-17T06:53:07","guid":{"rendered":"http:\/\/www.zerdab.com\/?p=4661"},"modified":"2012-09-17T11:53:07","modified_gmt":"2012-09-17T06:53:07","slug":"xalq-sairi-fikr%c9%99t-qoca-haqqinda-omur-gun-yoldasi-danisir","status":"publish","type":"post","link":"https:\/\/www.zerdab.com\/?p=4661","title":{"rendered":"Xalq \u015fairi Fikr\u0259t Qoca haqq\u0131nda \u00f6m\u00fcr-g\u00fcn yolda\u015f\u0131 dan\u0131\u015f\u0131r"},"content":{"rendered":"<p><em><strong><a href=\"http:\/\/www.zerdab.com\/wp-content\/uploads\/2012\/09\/fikret-qoca-ailevi-3.jpg\"><img loading=\"lazy\" decoding=\"async\" class=\"alignleft  wp-image-4662\" title=\"Fikret-Qoca-ailevi\" src=\"http:\/\/www.zerdab.com\/wp-content\/uploads\/2012\/09\/fikret-qoca-ailevi-3-350x233.jpg\" alt=\"\" width=\"303\" height=\"205\" \/><\/a>Avqustun 25-i xalq \u015fairi Fikr\u0259t Qocan\u0131n do\u011fum g\u00fcn\u00fc idi. Z\u0259ng el\u0259yib t\u0259brik etdim \u015fairi v\u0259 t\u0259klif el\u0259dim ki, \u201cYax\u0131n adam\u201d\u0131n qona\u011f\u0131 olsun: Fikr\u0259t m\u00fc\u0259llim, sizin haqq\u0131n\u0131zda kim dan\u0131\u015f\u0131b, portretinizi c\u0131za bil\u0259r, dostunuz, \u00f6vlad\u0131n\u0131z, yoxsa xan\u0131m\u0131n\u0131z?<\/strong><\/p>\n<p><strong> &#8211; \u201c\u018flb\u0259tt\u0259, arvad\u201d &#8211; dedi: \u201cAdama bu ya\u015fda ondan yax\u0131n adam kim ola bil\u0259r&#8230;\u201d<\/strong><\/p>\n<p>D\u00fcz s\u00f6z\u0259 n\u0259 dey\u0259s\u0259n&#8230;<\/p>\n<p>Qap\u0131n\u0131 Raya xan\u0131m a\u00e7d\u0131. Raya Qocayeva. Fikr\u0259t Qocan\u0131n 41 illik \u00f6m\u00fcr-g\u00fcn yolda\u015f\u0131: \u201c\u00c7ox h\u0259y\u0259canl\u0131yam. He\u00e7 bilmir\u0259m sizi qane ed\u0259 bil\u0259n n\u0259 is\u0259 dan\u0131\u015fa bil\u0259c\u0259mmi&#8230;\u201d<\/p>\n<p>Dar\u0131xmay\u0131n \u2013 dedim, &#8211; g\u0259lin sad\u0259c\u0259 s\u00f6hb\u0259t ed\u0259k, amma \u0259vv\u0259lc\u0259 m\u0259n\u0259 Fikr\u0259t m\u00fc\u0259lliml\u0259 ilk tan\u0131\u015fl\u0131\u011f\u0131n\u0131zdan dan\u0131\u015f\u0131n. <\/em><\/p>\n<p><strong>K\u00fcr q\u0131ra\u011f\u0131n\u0131n \u0259c\u0259b seyrangah\u0131 var&#8230; <\/strong><\/p>\n<p>\u0130lk tan\u0131\u015fl\u0131\u011f\u0131m\u0131z t\u0259sad\u00fcf\u0259n oldu. K\u00fcr q\u0131ra\u011f\u0131nda bir me\u015f\u0259 var. H\u0259r yay ail\u0259vi ora dinc\u0259lm\u0259y\u0259 gedirik. H\u0259min il m\u0259n ali m\u0259kt\u0259b\u0259 q\u0259bul olunmu\u015fdum. Atam yen\u0259 bizi istirah\u0259t\u0259 o me\u015f\u0259y\u0259 apard\u0131. Biz d\u0259 A\u011fda\u015fdan\u0131q, Fikr\u0259tgil d\u0259, amma ayr\u0131-ayr\u0131 k\u0259ndl\u0259rd\u0259nik. Orda istirah\u0259td\u0259 rastla\u015fd\u0131q, ail\u0259l\u0259rimiz bir-biril\u0259rini tan\u0131y\u0131rd\u0131lar, biz d\u0259 tan\u0131\u015f olduq. Daha nec\u0259 tan\u0131\u015f olduq, onun t\u0259fsilat\u0131 laz\u0131m deyil, onu dey\u0259 bil\u0259r\u0259m ki, h\u0259r \u015fey bu tan\u0131\u015fl\u0131qdan ba\u015flad\u0131. Deyim ki, m\u0259n\u0259 \u015feirl\u0259r dedi, yox, el\u0259 olmad\u0131. 15 ya\u015f m\u0259nd\u0259n b\u00f6y\u00fckd\u00fcr Fikr\u0259t, bir d\u0259f\u0259 evl\u0259nib ayr\u0131lm\u0131\u015fd\u0131. Bu ya\u015f f\u0259rqi dey\u0259s\u0259n zaman-zaman k\u00f6vr\u0259ldir onu. Bir d\u0259f\u0259 bu bar\u0259d\u0259 bir \u015feir d\u0259 yaz\u0131b, \u0259zb\u0259r bilmir\u0259m, amma m\u0259nas\u0131 budur ki, y\u0259ni m\u0259n qocald\u0131m d\u0259. \u015eair kimi tan\u0131y\u0131rd\u0131m onu, h\u0259l\u0259 tan\u0131\u015f olmam\u0131\u015f oxuyurdum \u015feirl\u0259rini. \u0130lk tan\u0131\u015fl\u0131\u011f\u0131m\u0131zdan yax\u015f\u0131 t\u0259sir ba\u011f\u0131\u015flad\u0131 m\u0259n\u0259. Tez \u00f6yr\u0259\u015fdim ona, c\u0259mi iki il sonra ail\u0259 qurduq. \u00d6z\u00fc evl\u0259nm\u0259k t\u0259klif etdi m\u0259n\u0259. Bilm\u0259dim n\u0259 cavab verim. Evd\u0259 he\u00e7 kim\u0259 dem\u0259dim, yax\u0131n r\u0259fiq\u0259m\u0259 a\u00e7d\u0131m sirrimi.<\/p>\n<p>Evliliyin ilk vaxtlar\u0131nda ail\u0259d\u0259 s\u00f6z-s\u00f6hb\u0259t olur. \u0130ki ayr\u0131-ayr\u0131 t\u0259rbiy\u0259 alm\u0131\u015f, ayr\u0131-ayr\u0131 ail\u0259l\u0259rd\u0259n \u00e7\u0131xm\u0131\u015f insan bir olub, bir ya\u015famal\u0131d\u0131r. Bir-birini \u00f6yr\u0259nib bilinc\u0259, yax\u015f\u0131s\u0131n\u0131 pisini ay\u0131rd edinc\u0259 zaman laz\u0131md\u0131r, h\u0259min zaman\u0131 u\u011furla yola verm\u0259k \u00fc\u00e7\u00fcn kompromis\u0259 getm\u0259k, bir az \u00e7\u0259tinliy\u0259 d\u00f6zm\u0259k, s\u0259birli olmaq laz\u0131md\u0131r. G\u0259r\u0259k h\u0259yat yolda\u015f\u0131 olmaqdan \u00f6nc\u0259 dost olasan, dostluq olanda g\u00fcz\u0259\u015ft\u0259 gedib ba\u011f\u0131\u015flaya bilirs\u0259n. O halda da ail\u0259 m\u00f6hk\u0259ml\u0259nir.<\/p>\n<p><strong>Bilmirdim ki, yazanda ona yax\u0131n d\u00fc\u015fm\u0259k olmaz<\/strong><\/p>\n<p>Fikr\u0259t s\u0259mimi, mehriban adamd\u0131r. N\u0259 q\u0259d\u0259r \u0259s\u0259bi hallar ke\u00e7irs\u0259 d\u0259 \u00fcz\u0259 vurmaz, hirsini g\u0259lib ail\u0259nin \u00fcst\u00fcn\u0259 t\u00f6km\u0259z. Davakar adam deyil. Ancaq b\u0131\u00e7aq bo\u011faza dir\u0259n\u0259nd\u0259 partlayar, qar\u015f\u0131s\u0131nda durmaq \u00e7\u0259tin olar. Cavanl\u0131qda i\u015fl\u0259y\u0259rk\u0259n ona u\u015faq-b\u00f6y\u00fck mane\u0259 olanda \u00e7ox \u0259s\u0259bil\u0259\u015f\u0259rdi. M\u0259n d\u0259 o vaxtlar o q\u0259d\u0259r d\u0259 d\u0259rk etmirdim ki, bu yaz\u0131 yaz\u0131rsa, i\u015fl\u0259yirs\u0259 yax\u0131n durmaq olmaz, dan\u0131\u015fd\u0131rmaq olmaz fikri yay\u0131nar. Olurdu, g\u0259lib s\u00f6z soru\u015furdum, h\u00f6vs\u0259l\u0259d\u0259n \u00e7\u0131x\u0131rd\u0131. Sonralar daha \u00f6yr\u0259ndim ki, i\u015fl\u0259y\u0259nd\u0259 ona rahatl\u0131q verm\u0259k, \u015f\u0259rait yaratmaq laz\u0131md\u0131r.<\/p>\n<p>Fikr\u0259t m\u00fc\u0259llim tez ba\u011f\u0131\u015flayand\u0131r, amma el\u0259 \u015feyl\u0259r var ki, he\u00e7 kim\u0259 ba\u011f\u0131\u015flamaz. Cavanl\u0131qda \u00e7ox q\u0131sqanc idi. M\u0259n d\u0259 \u00e7al\u0131\u015f\u0131rd\u0131m ki, onu q\u0131sqand\u0131ran \u0259n adi bir h\u0259r\u0259k\u0259t\u0259 yol verm\u0259yim. 21 ya\u015f\u0131m vard\u0131, ail\u0259nin \u0259rk\u0259s\u00f6y\u00fcn ilk \u00f6vlad\u0131 olmu\u015fdum, b\u0259z\u0259n s\u00f6z g\u00f6t\u00fcrm\u00fcrd\u00fcm. Bu d\u00f6vrd\u0259 Fikr\u0259t anlay\u0131\u015fl\u0131 olmasayd\u0131, ail\u0259 da\u011f\u0131lard\u0131. Ana olandan sonra m\u0259n d\u0259 d\u0259yi\u015fdim, ba\u015fa d\u00fc\u015fd\u00fcm ki, ail\u0259 m\u00fcq\u0259dd\u0259sdir, onu qorumaq vacibdir.<br \/>\nAta kimi Fikr\u0259t \u0259v\u0259zsiz atad\u0131r. \u0130lk k\u0259binind\u0259n olan ail\u0259si il\u0259 ayr\u0131landa evi onlara verib \u00e7\u0131x\u0131b. O \u00f6vladlar\u0131n\u0131 da yerb\u0259yer el\u0259yib, indiy\u0259 q\u0259d\u0259r d\u0259 diqq\u0259ti \u00fcstl\u0259rind\u0259dir. \u0130ki q\u0131z\u0131m\u0131z var, m\u0259n onlara qar\u015f\u0131 \u00e7ox s\u0259rt olmu\u015fam, amma Fikr\u0259tin onlar\u0131n \u00fcst\u00fcn\u0259 s\u0259sinin tonunu qald\u0131rmas\u0131 yad\u0131ma g\u0259lmir. Q\u0131zlar\u0131m\u0131z m\u0259n\u0259 a\u00e7a bilm\u0259dikl\u0259ri sirl\u0259rini atalar\u0131na a\u00e7\u0131blar, m\u0259n sonradan ondan e\u015fitmi\u015f\u0259m. H\u0259r add\u0131mlar\u0131n\u0131 m\u0259n izl\u0259mi\u015f\u0259m, sirl\u0259rini Fikr\u0259t\u0259 a\u00e7\u0131blar.<\/p>\n<p><strong>Fikr\u0259t Qocan\u0131n bir Qoca Fikr\u0259ti d\u0259 var<\/strong><\/p>\n<p>Ail\u0259y\u0259 qar\u015f\u0131 \u00e7ox m\u00f6hk\u0259mdir, onu ail\u0259si g\u0259r\u0259k yumru\u011fu kimi olsun. Barma\u011f\u0131n biri a\u00e7\u0131ld\u0131, Fikr\u0259t onu ba\u011f\u0131\u015flamaz. K\u00f6vr\u0259k adamd\u0131r, ba\u015fqalar\u0131n\u0131 u\u011furuna h\u0259mi\u015f\u0259 sevin\u0259n g\u00f6rd\u00fcm onu, kimins\u0259 faci\u0259sin\u0259 d\u0259 \u00e7ox k\u0259d\u0259rl\u0259nir. Kimins\u0259 yax\u015f\u0131 \u0259s\u0259ri bar\u0259d\u0259 bir-ne\u00e7\u0259 g\u00fcn evd\u0259 a\u011f\u0131z dolusu dan\u0131\u015facaq, el\u0259 dey\u0259c\u0259k ki, el\u0259 bil bu u\u011fur onundur, \u00f6z\u00fc yaz\u0131b. G\u00f6rm\u0259dim ki, Fikr\u0259t kimins\u0259 u\u011furuna q\u0131sqans\u0131n, yaxud kimins\u0259 f\u0259xri ad almas\u0131 onu q\u0131sqand\u0131rs\u0131n. M\u0259nd\u0259 olub \u0259s\u0259bil\u0259\u015fmi\u015f\u0259m ki, nec\u0259 olur filank\u0259s\u0259 filan \u015fey verdil\u0259r, s\u0259n\u0259 yox? O hal\u0131n \u00f6z\u00fcn\u00fc d\u0259 m\u0259nim \u0259s\u0259bil\u0259\u015fm\u0259yimi \u00e7ox sakitlikl\u0259 qar\u015f\u0131lay\u0131r, yola verir.<\/p>\n<p>Q\u0131zlar\u0131m\u0131z\u0131 k\u00f6\u00e7\u00fcr\u0259nd\u0259 Fikr\u0259t onlar\u0131n se\u00e7imin\u0259 \u00e7ox inan\u0131rd\u0131. M\u0259n s\u0259birsizl\u0259nirdim ki, tan\u0131m\u0131r\u0131q, bilmirik b\u0259lk\u0259 d\u00fczg\u00fcn se\u00e7im deyil? Fikr\u0259t deyirdi, q\u0131z\u0131m se\u00e7ibs\u0259, dem\u0259li, d\u00fcz olar. D\u00fczd\u00fcr, b\u0259z\u0259n tan\u0131d\u0131\u011f\u0131n adam\u0131 da ill\u0259r \u00f6t\u00fcr g\u00f6r\u00fcrs\u0259n ki, he\u00e7 tan\u0131m\u0131rm\u0131\u015fsan. B\u00f6y\u00fck q\u0131z\u0131m\u0131z\u0131n se\u00e7imind\u0259 m\u0259yusluq oldu, ikinci d\u0259f\u0259 ail\u0259 qurdu. Amerikan\u0131n \u0130ndiana \u015ftat\u0131nda ya\u015fayan hindli o\u011flanla evl\u0259ndi, o\u011flan g\u0259ldi burda m\u00fcs\u0259lmanl\u0131\u011f\u0131 da q\u0259bul el\u0259di. Q\u0131z\u0131m\u0131n ilk ail\u0259sind\u0259n bir o\u011flu var, ad\u0131 P\u0259rvizdir. Biz onu \u00f6z \u00f6vlad\u0131m\u0131z kimi s\u0259n\u0259dl\u0259\u015fdirmi\u015fik \u2013 Qocayev P\u0259rviz Fikr\u0259t o\u011flu yaz\u0131l\u0131r s\u0259n\u0259dind\u0259. Sonra g\u00f6rd\u00fck ki, q\u0131z\u0131m o\u011flu \u00fc\u00e7\u00fcn dar\u0131x\u0131r, dedik \u00f6vlad\u0131nd\u0131r ayr\u0131 qala bilmirs\u0259n, apar \u00f6z\u00fcnl\u0259. O\u011flan u\u015fa\u011fa \u00f6z atas\u0131 q\u0259d\u0259r qay\u011f\u0131 g\u00f6st\u0259rir.<\/p>\n<p>Fikr\u0259tin iki d\u0259f\u0259 g\u00f6zl\u0259rinin doldu\u011funu g\u00f6rm\u00fc\u015f\u0259m. \u0130lk d\u0259f\u0259 anas\u0131 r\u0259hm\u0259t\u0259 ged\u0259nd\u0259. Bir d\u0259 bu yax\u0131nlarda P\u0259rvizin 15 ya\u015f\u0131 olurdu, onunla telefonla dan\u0131\u015fanda hiss etdim ki, k\u00f6vr\u0259ldi, dedi burda olsayd\u0131n \u00f6z\u00fcm s\u0259n\u0259 ad g\u00fcn\u00fc ke\u00e7ir\u0259rdim, orda bizsiz qeyd edirs\u0259n. Bu yay bir ay getdik qald\u0131q onlar\u0131n yan\u0131nda.<\/p>\n<p>\u0130kinci q\u0131z\u0131m\u0131z da ail\u0259 qurub, \u015f\u00fck\u00fcr, ail\u0259si yax\u015f\u0131d\u0131r, onun da bir o\u011flu var, ad\u0131 da Qoca Fikr\u0259t. Amerikaya onu da aparm\u0131\u015fd\u0131q \u00f6z\u00fcm\u00fczl\u0259, bizd\u0259 bir yerd\u0259 b\u00f6y\u00fcy\u00fcbl\u0259r iki qarda\u015f kimi.<\/p>\n<p><strong>H\u0259kiml\u0259r dedi, \u00f6mr\u00fcn\u0259 \u00e7ox az qal\u0131b<\/strong><\/p>\n<p>Fikr\u0259tin xo\u015fuma g\u0259lm\u0259y\u0259n xasiyy\u0259ti yoxdur. \u00d6z\u00fcmd\u0259n uydurmaq ist\u0259mir\u0259m. H\u0259 bir az h\u00f6vs\u0259l\u0259sizdir, bir yer\u0259 ged\u0259nd\u0259 m\u0259nim haz\u0131rla\u015fma\u011f\u0131m\u0131 g\u00f6zl\u0259y\u0259 bilmir. Ona g\u00f6r\u0259 d\u0259 \u00f6yr\u0259\u015fmi\u015f\u0259m art\u0131q harasa ged\u0259nd\u0259 o qap\u0131ya yax\u0131nla\u015fd\u0131sa m\u0259n art\u0131q qap\u0131n\u0131n astanas\u0131nda olmal\u0131yam. H\u0259rd\u0259n he\u00e7 n\u0259d\u0259n \u0259s\u0259bil\u0259\u015fm\u0259yi var, x\u00fcsus\u0259n i\u015f yerind\u0259. Ona hirsl\u0259nm\u0259k olmaz, 76-c\u0131 ild\u0259 \u0259m\u0259liyyat edib ciy\u0259rinin yar\u0131s\u0131n\u0131 k\u0259sib g\u00f6t\u00fcr\u00fcbl\u0259r. Ciy\u0259rinin bir t\u0259r\u0259find\u0259 \u015fi\u015f \u0259m\u0259l\u0259 g\u0259lmi\u015fdi, h\u0259kim m\u0259n\u0259 dedi ki, \u00e7ox az vaxt\u0131 qal\u0131b. T\u0259s\u0259vv\u00fcr edin u\u015faqlar da onda \u00e7ox balaca idil\u0259r. \u018fll\u0259rimi a\u00e7d\u0131m Allaha ki, ilahi, s\u0259nin \u0259lind\u0259dir. Moskvada \u0259m\u0259liyyat olundu, \u015f\u00fck\u00fcr Allaha g\u00f6yd\u0259 Allah, yerd\u0259 Heyd\u0259r \u018fliyev Fikr\u0259ti h\u0259yata qaytard\u0131. O, \u0259m\u0259liyyat el\u0259tdirdi, x\u0259rcini d\u0259 \u00e7\u0259kdi. H\u0259l\u0259 M\u0259rk\u0259zi Komit\u0259d\u0259 i\u015fl\u0259yirdi, vaxt\u0131 az qal\u0131b demi\u015fdi h\u0259kiml\u0259r, ona g\u00f6r\u0259 analizl\u0259r bir gec\u0259y\u0259 verildi, cavab al\u0131nd\u0131 v\u0259 t\u0259cili \u0259m\u0259liyyata ba\u015fland\u0131. Ham\u0131s\u0131 Heyd\u0259r \u018fliyevin say\u0259sind\u0259.<\/p>\n<p>Diqq\u0259tsizliyind\u0259n \u015fikay\u0259t ed\u0259 bilm\u0259r\u0259m. M\u0259n ixtisasca bioloqam, \u0259d\u0259biyyat\u00e7\u0131 deyil\u0259m, ona g\u00f6r\u0259 d\u0259 o q\u0259d\u0259r d\u0259 diqq\u0259t t\u0259l\u0259b ed\u0259n d\u0259 deyil\u0259m. Amma Fikr\u0259t m\u0259ni diqq\u0259td\u0259n k\u0259nar qoymay\u0131b. 41 ildir bir yerd\u0259yik, g\u00f6zl\u0259nilm\u0259d\u0259n g\u00fcl d\u0259 al\u0131b, h\u0259diyy\u0259 d\u0259. \u018fn xo\u015fuma g\u0259l\u0259n odur ki, h\u0259mi\u015f\u0259 \u015feirl\u0259rini birinci m\u0259n\u0259 oxuyub, m\u0259n d\u0259 \u00f6z fikrimi demi\u015f\u0259m. 500-d\u0259n \u00e7ox \u015feirl\u0259rin\u0259 mahn\u0131 b\u0259st\u0259l\u0259nib, ham\u0131s\u0131n\u0131 y\u0131\u011fm\u0131\u015fam arxiv\u0259.<\/p>\n<p>Od o\u011fluyam, alovlardan do\u011fuldum<br \/>\nAlovlana-alovlana.<br \/>\n\u0130lk bahardan do\u011fuldum<br \/>\nLal\u0259 kimi yana-yana.<br \/>\nOnun \u00fc\u00e7\u00fcn d\u0259 bax\u0131\u015f\u0131m\u0131n odlara var b\u0259nz\u0259ri<br \/>\nAz\u0259riy\u0259m, az\u0259ri.<\/p>\n<p>Fikr\u0259tin \u0259n \u00e7ox sevdiyim v\u0259 \u0259zb\u0259r bildiyim \u015feiri budur.<\/p>\n<p><em>S\u00f6hb\u0259timizin aras\u0131nda Fikr\u0259t m\u00fc\u0259llim i\u015fd\u0259n ev\u0259 &#8211; nahar fasil\u0259sin\u0259 qay\u0131td\u0131. Raya xan\u0131m onu qar\u015f\u0131lay\u0131b s\u00fcfr\u0259 arxas\u0131na d\u0259v\u0259t etdi. Bayaqdan s\u00fcfr\u0259y\u0259 d\u00fczd\u00fcy\u00fc, \u00f6z \u0259ll\u0259ri il\u0259 haz\u0131rlad\u0131\u011f\u0131 \u015firniyyat\u0131n yan\u0131na yem\u0259k d\u00fczm\u0259y\u0259 ba\u015flad\u0131. H\u0259r ikisi \u201cbiziml\u0259 yem\u0259k yem\u0259d\u0259n s\u0259ni buraxmar\u0131q\u201d &#8211; dedil\u0259r. S\u00f6hb\u0259t aras\u0131 Fikr\u0259t Qoca m\u0259n\u0259 p\u0131\u00e7\u0131ldad\u0131 ki, Raya h\u0259y\u0259can\u0131ndan s\u0259h\u0259r\u0259 q\u0259d\u0259r yata bilm\u0259yib ki, g\u00f6r\u0259s\u0259n nec\u0259 dan\u0131\u015fsa yax\u015f\u0131 olar. Dedim, nec\u0259 var, el\u0259 d\u0259 dan\u0131\u015f.<\/p>\n<p>Bu iki ah\u0131l insan\u0131n m\u0259suliyy\u0259ti, s\u0259mimiyy\u0259ti m\u0259ni heyran etdi. D\u0259y\u0259rl\u0259rin itdiyi bir d\u00f6vrd\u0259 nec\u0259 heyran olmayasan&#8230; <\/em><\/p>\n<p><strong>Ramil\u0259 Qurbanl\u0131<\/strong><\/p>\n","protected":false},"excerpt":{"rendered":"<p>Avqustun 25-i xalq \u015fairi Fikr\u0259t Qocan\u0131n do\u011fum g\u00fcn\u00fc idi. Z\u0259ng el\u0259yib t\u0259brik etdim \u015fairi v\u0259 t\u0259klif el\u0259dim ki, \u201cYax\u0131n adam\u201d\u0131n qona\u011f\u0131 olsun: Fikr\u0259t m\u00fc\u0259llim, sizin haqq\u0131n\u0131zda kim dan\u0131\u015f\u0131b, portretinizi c\u0131za bil\u0259r, dostunuz, \u00f6vlad\u0131n\u0131z, yoxsa xan\u0131m\u0131n\u0131z? &#8211; \u201c\u018flb\u0259tt\u0259, arvad\u201d &#8211; dedi: \u201cAdama bu ya\u015fda ondan yax\u0131n adam kim ola bil\u0259r&#8230;\u201d D\u00fcz s\u00f6z\u0259 n\u0259 dey\u0259s\u0259n&#8230; Qap\u0131n\u0131 Raya [&hellip;]<\/p>\n","protected":false},"author":1,"featured_media":4662,"comment_status":"open","ping_status":"open","sticky":false,"template":"","format":"standard","meta":{"footnotes":""},"categories":[17],"tags":[],"class_list":{"0":"post-4661","1":"post","2":"type-post","3":"status-publish","4":"format-standard","5":"has-post-thumbnail","7":"category-kos"},"yoast_head":"<!-- This site is optimized with the Yoast SEO plugin v27.0 - https:\/\/yoast.com\/product\/yoast-seo-wordpress\/ -->\n<title>Xalq \u015fairi Fikr\u0259t Qoca haqq\u0131nda \u00f6m\u00fcr-g\u00fcn yolda\u015f\u0131 dan\u0131\u015f\u0131r - Z\u0259rdab.com<\/title>\n<meta name=\"robots\" content=\"index, follow, max-snippet:-1, max-image-preview:large, max-video-preview:-1\" \/>\n<link rel=\"canonical\" href=\"https:\/\/www.zerdab.com\/?p=4661\" \/>\n<meta property=\"og:locale\" content=\"az_AZ\" \/>\n<meta property=\"og:type\" content=\"article\" \/>\n<meta property=\"og:title\" content=\"Xalq \u015fairi Fikr\u0259t Qoca haqq\u0131nda \u00f6m\u00fcr-g\u00fcn yolda\u015f\u0131 dan\u0131\u015f\u0131r - Z\u0259rdab.com\" \/>\n<meta property=\"og:description\" content=\"Avqustun 25-i xalq \u015fairi Fikr\u0259t Qocan\u0131n do\u011fum g\u00fcn\u00fc idi. Z\u0259ng el\u0259yib t\u0259brik etdim \u015fairi v\u0259 t\u0259klif el\u0259dim ki, \u201cYax\u0131n adam\u201d\u0131n qona\u011f\u0131 olsun: Fikr\u0259t m\u00fc\u0259llim, sizin haqq\u0131n\u0131zda kim dan\u0131\u015f\u0131b, portretinizi c\u0131za bil\u0259r, dostunuz, \u00f6vlad\u0131n\u0131z, yoxsa xan\u0131m\u0131n\u0131z? &#8211; \u201c\u018flb\u0259tt\u0259, arvad\u201d &#8211; dedi: \u201cAdama bu ya\u015fda ondan yax\u0131n adam kim ola bil\u0259r&#8230;\u201d D\u00fcz s\u00f6z\u0259 n\u0259 dey\u0259s\u0259n&#8230; Qap\u0131n\u0131 Raya [&hellip;]\" \/>\n<meta property=\"og:url\" content=\"https:\/\/www.zerdab.com\/?p=4661\" \/>\n<meta property=\"og:site_name\" content=\"Z\u0259rdab.com\" \/>\n<meta property=\"article:published_time\" content=\"2012-09-17T06:53:07+00:00\" \/>\n<meta property=\"og:image\" content=\"https:\/\/www.zerdab.com\/wp-content\/uploads\/2012\/09\/fikret-qoca-ailevi-3.jpg\" \/>\n\t<meta property=\"og:image:width\" content=\"500\" \/>\n\t<meta property=\"og:image:height\" content=\"333\" \/>\n\t<meta property=\"og:image:type\" content=\"image\/jpeg\" \/>\n<meta name=\"author\" content=\"admin\" \/>\n<meta name=\"twitter:card\" content=\"summary_large_image\" \/>\n<meta name=\"twitter:label1\" content=\"Written by\" \/>\n\t<meta name=\"twitter:data1\" content=\"admin\" \/>\n\t<meta name=\"twitter:label2\" content=\"Est. reading time\" \/>\n\t<meta name=\"twitter:data2\" content=\"9 minutes\" \/>\n<script type=\"application\/ld+json\" class=\"yoast-schema-graph\">{\"@context\":\"https:\/\/schema.org\",\"@graph\":[{\"@type\":\"Article\",\"@id\":\"https:\/\/www.zerdab.com\/?p=4661#article\",\"isPartOf\":{\"@id\":\"https:\/\/www.zerdab.com\/?p=4661\"},\"author\":{\"name\":\"admin\",\"@id\":\"https:\/\/www.zerdab.com\/#\/schema\/person\/97079b7570c1e89ec0d9e138c3672136\"},\"headline\":\"Xalq \u015fairi Fikr\u0259t Qoca haqq\u0131nda \u00f6m\u00fcr-g\u00fcn yolda\u015f\u0131 dan\u0131\u015f\u0131r\",\"datePublished\":\"2012-09-17T06:53:07+00:00\",\"mainEntityOfPage\":{\"@id\":\"https:\/\/www.zerdab.com\/?p=4661\"},\"wordCount\":1866,\"commentCount\":4,\"image\":{\"@id\":\"https:\/\/www.zerdab.com\/?p=4661#primaryimage\"},\"thumbnailUrl\":\"https:\/\/www.zerdab.com\/wp-content\/uploads\/2012\/09\/fikret-qoca-ailevi-3.jpg\",\"articleSection\":[\"YAZARLAR\"],\"inLanguage\":\"az\",\"potentialAction\":[{\"@type\":\"CommentAction\",\"name\":\"Comment\",\"target\":[\"https:\/\/www.zerdab.com\/?p=4661#respond\"]}]},{\"@type\":\"WebPage\",\"@id\":\"https:\/\/www.zerdab.com\/?p=4661\",\"url\":\"https:\/\/www.zerdab.com\/?p=4661\",\"name\":\"Xalq \u015fairi Fikr\u0259t Qoca haqq\u0131nda \u00f6m\u00fcr-g\u00fcn yolda\u015f\u0131 dan\u0131\u015f\u0131r - Z\u0259rdab.com\",\"isPartOf\":{\"@id\":\"https:\/\/www.zerdab.com\/#website\"},\"primaryImageOfPage\":{\"@id\":\"https:\/\/www.zerdab.com\/?p=4661#primaryimage\"},\"image\":{\"@id\":\"https:\/\/www.zerdab.com\/?p=4661#primaryimage\"},\"thumbnailUrl\":\"https:\/\/www.zerdab.com\/wp-content\/uploads\/2012\/09\/fikret-qoca-ailevi-3.jpg\",\"datePublished\":\"2012-09-17T06:53:07+00:00\",\"author\":{\"@id\":\"https:\/\/www.zerdab.com\/#\/schema\/person\/97079b7570c1e89ec0d9e138c3672136\"},\"breadcrumb\":{\"@id\":\"https:\/\/www.zerdab.com\/?p=4661#breadcrumb\"},\"inLanguage\":\"az\",\"potentialAction\":[{\"@type\":\"ReadAction\",\"target\":[\"https:\/\/www.zerdab.com\/?p=4661\"]}]},{\"@type\":\"ImageObject\",\"inLanguage\":\"az\",\"@id\":\"https:\/\/www.zerdab.com\/?p=4661#primaryimage\",\"url\":\"https:\/\/www.zerdab.com\/wp-content\/uploads\/2012\/09\/fikret-qoca-ailevi-3.jpg\",\"contentUrl\":\"https:\/\/www.zerdab.com\/wp-content\/uploads\/2012\/09\/fikret-qoca-ailevi-3.jpg\",\"width\":\"500\",\"height\":\"333\"},{\"@type\":\"BreadcrumbList\",\"@id\":\"https:\/\/www.zerdab.com\/?p=4661#breadcrumb\",\"itemListElement\":[{\"@type\":\"ListItem\",\"position\":1,\"name\":\"Home\",\"item\":\"https:\/\/www.zerdab.com\/\"},{\"@type\":\"ListItem\",\"position\":2,\"name\":\"Xalq \u015fairi Fikr\u0259t Qoca haqq\u0131nda \u00f6m\u00fcr-g\u00fcn yolda\u015f\u0131 dan\u0131\u015f\u0131r\"}]},{\"@type\":\"WebSite\",\"@id\":\"https:\/\/www.zerdab.com\/#website\",\"url\":\"https:\/\/www.zerdab.com\/\",\"name\":\"Z\u0259rdab.com\",\"description\":\"\",\"potentialAction\":[{\"@type\":\"SearchAction\",\"target\":{\"@type\":\"EntryPoint\",\"urlTemplate\":\"https:\/\/www.zerdab.com\/?s={search_term_string}\"},\"query-input\":{\"@type\":\"PropertyValueSpecification\",\"valueRequired\":true,\"valueName\":\"search_term_string\"}}],\"inLanguage\":\"az\"},{\"@type\":\"Person\",\"@id\":\"https:\/\/www.zerdab.com\/#\/schema\/person\/97079b7570c1e89ec0d9e138c3672136\",\"name\":\"admin\",\"image\":{\"@type\":\"ImageObject\",\"inLanguage\":\"az\",\"@id\":\"https:\/\/www.zerdab.com\/#\/schema\/person\/image\/\",\"url\":\"https:\/\/secure.gravatar.com\/avatar\/d9c52a9a27c32119cb6679a077fa3e2779e5f822c451cbf01098004361d466ec?s=96&d=mm&r=g\",\"contentUrl\":\"https:\/\/secure.gravatar.com\/avatar\/d9c52a9a27c32119cb6679a077fa3e2779e5f822c451cbf01098004361d466ec?s=96&d=mm&r=g\",\"caption\":\"admin\"},\"url\":\"https:\/\/www.zerdab.com\/?author=1\"}]}<\/script>\n<!-- \/ Yoast SEO plugin. -->","yoast_head_json":{"title":"Xalq \u015fairi Fikr\u0259t Qoca haqq\u0131nda \u00f6m\u00fcr-g\u00fcn yolda\u015f\u0131 dan\u0131\u015f\u0131r - Z\u0259rdab.com","robots":{"index":"index","follow":"follow","max-snippet":"max-snippet:-1","max-image-preview":"max-image-preview:large","max-video-preview":"max-video-preview:-1"},"canonical":"https:\/\/www.zerdab.com\/?p=4661","og_locale":"az_AZ","og_type":"article","og_title":"Xalq \u015fairi Fikr\u0259t Qoca haqq\u0131nda \u00f6m\u00fcr-g\u00fcn yolda\u015f\u0131 dan\u0131\u015f\u0131r - Z\u0259rdab.com","og_description":"Avqustun 25-i xalq \u015fairi Fikr\u0259t Qocan\u0131n do\u011fum g\u00fcn\u00fc idi. Z\u0259ng el\u0259yib t\u0259brik etdim \u015fairi v\u0259 t\u0259klif el\u0259dim ki, \u201cYax\u0131n adam\u201d\u0131n qona\u011f\u0131 olsun: Fikr\u0259t m\u00fc\u0259llim, sizin haqq\u0131n\u0131zda kim dan\u0131\u015f\u0131b, portretinizi c\u0131za bil\u0259r, dostunuz, \u00f6vlad\u0131n\u0131z, yoxsa xan\u0131m\u0131n\u0131z? &#8211; \u201c\u018flb\u0259tt\u0259, arvad\u201d &#8211; dedi: \u201cAdama bu ya\u015fda ondan yax\u0131n adam kim ola bil\u0259r&#8230;\u201d D\u00fcz s\u00f6z\u0259 n\u0259 dey\u0259s\u0259n&#8230; Qap\u0131n\u0131 Raya [&hellip;]","og_url":"https:\/\/www.zerdab.com\/?p=4661","og_site_name":"Z\u0259rdab.com","article_published_time":"2012-09-17T06:53:07+00:00","og_image":[{"width":500,"height":333,"url":"https:\/\/www.zerdab.com\/wp-content\/uploads\/2012\/09\/fikret-qoca-ailevi-3.jpg","type":"image\/jpeg"}],"author":"admin","twitter_card":"summary_large_image","twitter_misc":{"Written by":"admin","Est. reading time":"9 minutes"},"schema":{"@context":"https:\/\/schema.org","@graph":[{"@type":"Article","@id":"https:\/\/www.zerdab.com\/?p=4661#article","isPartOf":{"@id":"https:\/\/www.zerdab.com\/?p=4661"},"author":{"name":"admin","@id":"https:\/\/www.zerdab.com\/#\/schema\/person\/97079b7570c1e89ec0d9e138c3672136"},"headline":"Xalq \u015fairi Fikr\u0259t Qoca haqq\u0131nda \u00f6m\u00fcr-g\u00fcn yolda\u015f\u0131 dan\u0131\u015f\u0131r","datePublished":"2012-09-17T06:53:07+00:00","mainEntityOfPage":{"@id":"https:\/\/www.zerdab.com\/?p=4661"},"wordCount":1866,"commentCount":4,"image":{"@id":"https:\/\/www.zerdab.com\/?p=4661#primaryimage"},"thumbnailUrl":"https:\/\/www.zerdab.com\/wp-content\/uploads\/2012\/09\/fikret-qoca-ailevi-3.jpg","articleSection":["YAZARLAR"],"inLanguage":"az","potentialAction":[{"@type":"CommentAction","name":"Comment","target":["https:\/\/www.zerdab.com\/?p=4661#respond"]}]},{"@type":"WebPage","@id":"https:\/\/www.zerdab.com\/?p=4661","url":"https:\/\/www.zerdab.com\/?p=4661","name":"Xalq \u015fairi Fikr\u0259t Qoca haqq\u0131nda \u00f6m\u00fcr-g\u00fcn yolda\u015f\u0131 dan\u0131\u015f\u0131r - Z\u0259rdab.com","isPartOf":{"@id":"https:\/\/www.zerdab.com\/#website"},"primaryImageOfPage":{"@id":"https:\/\/www.zerdab.com\/?p=4661#primaryimage"},"image":{"@id":"https:\/\/www.zerdab.com\/?p=4661#primaryimage"},"thumbnailUrl":"https:\/\/www.zerdab.com\/wp-content\/uploads\/2012\/09\/fikret-qoca-ailevi-3.jpg","datePublished":"2012-09-17T06:53:07+00:00","author":{"@id":"https:\/\/www.zerdab.com\/#\/schema\/person\/97079b7570c1e89ec0d9e138c3672136"},"breadcrumb":{"@id":"https:\/\/www.zerdab.com\/?p=4661#breadcrumb"},"inLanguage":"az","potentialAction":[{"@type":"ReadAction","target":["https:\/\/www.zerdab.com\/?p=4661"]}]},{"@type":"ImageObject","inLanguage":"az","@id":"https:\/\/www.zerdab.com\/?p=4661#primaryimage","url":"https:\/\/www.zerdab.com\/wp-content\/uploads\/2012\/09\/fikret-qoca-ailevi-3.jpg","contentUrl":"https:\/\/www.zerdab.com\/wp-content\/uploads\/2012\/09\/fikret-qoca-ailevi-3.jpg","width":"500","height":"333"},{"@type":"BreadcrumbList","@id":"https:\/\/www.zerdab.com\/?p=4661#breadcrumb","itemListElement":[{"@type":"ListItem","position":1,"name":"Home","item":"https:\/\/www.zerdab.com\/"},{"@type":"ListItem","position":2,"name":"Xalq \u015fairi Fikr\u0259t Qoca haqq\u0131nda \u00f6m\u00fcr-g\u00fcn yolda\u015f\u0131 dan\u0131\u015f\u0131r"}]},{"@type":"WebSite","@id":"https:\/\/www.zerdab.com\/#website","url":"https:\/\/www.zerdab.com\/","name":"Z\u0259rdab.com","description":"","potentialAction":[{"@type":"SearchAction","target":{"@type":"EntryPoint","urlTemplate":"https:\/\/www.zerdab.com\/?s={search_term_string}"},"query-input":{"@type":"PropertyValueSpecification","valueRequired":true,"valueName":"search_term_string"}}],"inLanguage":"az"},{"@type":"Person","@id":"https:\/\/www.zerdab.com\/#\/schema\/person\/97079b7570c1e89ec0d9e138c3672136","name":"admin","image":{"@type":"ImageObject","inLanguage":"az","@id":"https:\/\/www.zerdab.com\/#\/schema\/person\/image\/","url":"https:\/\/secure.gravatar.com\/avatar\/d9c52a9a27c32119cb6679a077fa3e2779e5f822c451cbf01098004361d466ec?s=96&d=mm&r=g","contentUrl":"https:\/\/secure.gravatar.com\/avatar\/d9c52a9a27c32119cb6679a077fa3e2779e5f822c451cbf01098004361d466ec?s=96&d=mm&r=g","caption":"admin"},"url":"https:\/\/www.zerdab.com\/?author=1"}]}},"_links":{"self":[{"href":"https:\/\/www.zerdab.com\/index.php?rest_route=\/wp\/v2\/posts\/4661","targetHints":{"allow":["GET"]}}],"collection":[{"href":"https:\/\/www.zerdab.com\/index.php?rest_route=\/wp\/v2\/posts"}],"about":[{"href":"https:\/\/www.zerdab.com\/index.php?rest_route=\/wp\/v2\/types\/post"}],"author":[{"embeddable":true,"href":"https:\/\/www.zerdab.com\/index.php?rest_route=\/wp\/v2\/users\/1"}],"replies":[{"embeddable":true,"href":"https:\/\/www.zerdab.com\/index.php?rest_route=%2Fwp%2Fv2%2Fcomments&post=4661"}],"version-history":[{"count":1,"href":"https:\/\/www.zerdab.com\/index.php?rest_route=\/wp\/v2\/posts\/4661\/revisions"}],"predecessor-version":[{"id":4663,"href":"https:\/\/www.zerdab.com\/index.php?rest_route=\/wp\/v2\/posts\/4661\/revisions\/4663"}],"wp:featuredmedia":[{"embeddable":true,"href":"https:\/\/www.zerdab.com\/index.php?rest_route=\/wp\/v2\/media\/4662"}],"wp:attachment":[{"href":"https:\/\/www.zerdab.com\/index.php?rest_route=%2Fwp%2Fv2%2Fmedia&parent=4661"}],"wp:term":[{"taxonomy":"category","embeddable":true,"href":"https:\/\/www.zerdab.com\/index.php?rest_route=%2Fwp%2Fv2%2Fcategories&post=4661"},{"taxonomy":"post_tag","embeddable":true,"href":"https:\/\/www.zerdab.com\/index.php?rest_route=%2Fwp%2Fv2%2Ftags&post=4661"}],"curies":[{"name":"wp","href":"https:\/\/api.w.org\/{rel}","templated":true}]}}