{"id":4815,"date":"2012-09-25T00:10:45","date_gmt":"2012-09-24T19:10:45","guid":{"rendered":"http:\/\/www.zerdab.com\/?p=4815"},"modified":"2012-09-25T00:15:13","modified_gmt":"2012-09-24T19:15:13","slug":"az%c9%99rbaycana-ilk-boinq-t%c9%99yyar%c9%99sini-g%c9%99tir%c9%99n-pilot-z%c9%99rdabda-dogulmusam","status":"publish","type":"post","link":"https:\/\/www.zerdab.com\/?p=4815","title":{"rendered":"\u00d6lk\u0259miz\u0259 ilk &#8220;Boinq&#8221;i g\u0259tir\u0259n pilot: &#8220;Z\u0259rdabda anadan olmu\u015fam&#8221;"},"content":{"rendered":"<figure id=\"attachment_4816\" aria-describedby=\"caption-attachment-4816\" style=\"width: 313px\" class=\"wp-caption alignleft\"><a href=\"http:\/\/www.zerdab.com\/wp-content\/uploads\/2012\/09\/boeing2.jpg\"><img loading=\"lazy\" decoding=\"async\" class=\" wp-image-4816\" title=\"&quot;Boinq&quot;in Heyd\u0259r \u018fliyev Beyn\u0259lxalq Aeroportunda t\u0259nt\u0259n\u0259li q\u0259bulu\" src=\"http:\/\/www.zerdab.com\/wp-content\/uploads\/2012\/09\/boeing2-350x262.jpg\" alt=\"\" width=\"313\" height=\"234\" \/><\/a><figcaption id=\"caption-attachment-4816\" class=\"wp-caption-text\"><span style=\"color: #0000ff;\"><strong>&#8220;Boinq&#8221;in Heyd\u0259r \u018fliyev Beyn\u0259lxalq Aeroportunda t\u0259nt\u0259n\u0259li q\u0259bulu<\/strong><\/span><\/figcaption><\/figure>\n<p><strong>2010-cu il noyabr\u0131n 8-d\u0259 Az\u0259rbaycan m\u00fclki aviasiyas\u0131n\u0131n tarixind\u0259 \u0259lam\u0259tdar hadis\u0259 ba\u015f verdi.<\/strong> Bel\u0259 ki, &#8220;Silk Way Airlines&#8221; \u015firk\u0259ti t\u0259r\u0259find\u0259n al\u0131nm\u0131\u015f &#8220;Boinq (Boeing) 747-400 F&#8221; tipli y\u00fck t\u0259yyar\u0259si Bak\u0131ya g\u0259tirildi. Bu, s\u00f6z\u00fcged\u0259n \u015firk\u0259tin \u0259ld\u0259 etdiyi ilk bu tipli hava g\u0259misi idi. H\u0259l\u0259 o vaxt D\u00f6vl\u0259t M\u00fclki Aviasiya Administrasiyas\u0131n\u0131n direktoru Arif M\u0259mm\u0259dov bildirmi\u015fdi ki, bu c\u00fcr iritonnajl\u0131 t\u0259yyar\u0259 Az\u0259rbaycan Respublikas\u0131n\u0131n d\u00f6vl\u0259t reyestrind\u0259 ilk d\u0259f\u0259 qeydiyyata al\u0131n\u0131b. T\u0259yyar\u0259 \u00f6lk\u0259miz\u0259 g\u0259tiril\u0259n vaxt bu m\u00fcnasib\u0259tl\u0259 m\u00fc\u0259yy\u0259n t\u0259dbirl\u0259r d\u0259 ke\u00e7irilmi\u015fdi. Lakin \u00e7oxlar\u0131na b\u0259lli olmasa da, www.zerdab.com sayt\u0131n\u0131n ara\u015fd\u0131rmas\u0131 n\u0259tic\u0259sind\u0259 m\u0259lum olub ki, &#8220;Boinq&#8221; t\u0259yyar\u0259sini Amerika Birl\u0259\u015fmi\u015f \u015etatlar\u0131ndan \u00f6lk\u0259miz\u0259 ilk g\u0259tir\u0259n pilot Z\u0259rdab rayonunda do\u011fulub. Bu \u015f\u0259xs <strong>Adil Q\u0259niyev<\/strong>dir.<br \/>\n<strong>Q\u0259niyev Adil Suru o\u011flu 1950-ci ild\u0259 Z\u0259rdab rayonunun \u018flv\u0259nd k\u0259ndind\u0259 anadan olub.<\/strong> Leninqradda (indiki Sankt-Peterburqda) Aviasiya Akademiyas\u0131n\u0131 f\u0259rql\u0259nm\u0259 diplomu il\u0259 bitirib. AB\u015e-dan Az\u0259rbaycana ilk &#8220;Boinq&#8221; t\u0259yyar\u0259sini d\u0259 m\u0259hz istedadl\u0131 pilot Adil Q\u0259niyev g\u0259tirib. M\u0259lumat \u00fc\u00e7\u00fcn bildir\u0259k ki, Adil Q\u0259niyev haz\u0131rda Az\u0259rbaycan D\u00f6vl\u0259t M\u00fclki Aviasiyas\u0131nda &#8220;Boinq&#8221; hava g\u0259misinin komandiridir.<br \/>\nwww.zerdab.com sayt\u0131 &#8220;Silk Way&#8221; avia\u015firk\u0259tin\u0259 m\u0259xsus &#8220;Boinq&#8221; tipli ilk y\u00fck t\u0259yyar\u0259sinin v\u0259 t\u0259yyar\u0259nin Heyd\u0259r \u018fliyev Beyn\u0259lxalq Aeroportunda t\u0259nt\u0259n\u0259li q\u0259bulundan fotolar\u0131 t\u0259qdim edir.<\/p>\n<figure id=\"attachment_4817\" aria-describedby=\"caption-attachment-4817\" style=\"width: 350px\" class=\"wp-caption alignleft\"><a href=\"http:\/\/www.zerdab.com\/wp-content\/uploads\/2012\/09\/boeing1.jpg\"><img loading=\"lazy\" decoding=\"async\" class=\"size-medium wp-image-4817\" title=\"boeing1\" src=\"http:\/\/www.zerdab.com\/wp-content\/uploads\/2012\/09\/boeing1-350x232.jpg\" alt=\"\" width=\"350\" height=\"232\" \/><\/a><figcaption id=\"caption-attachment-4817\" class=\"wp-caption-text\"><strong><span style=\"color: #0000ff;\">&#8220;Silk Way Airlines&#8221; \u015firk\u0259ti t\u0259r\u0259find\u0259n al\u0131nm\u0131\u015f &#8220;Boinq (Boeing) 747-400 F&#8221; tipli y\u00fck t\u0259yyar\u0259si.<\/span><\/strong><\/figcaption><\/figure>\n","protected":false},"excerpt":{"rendered":"<p>2010-cu il noyabr\u0131n 8-d\u0259 Az\u0259rbaycan m\u00fclki aviasiyas\u0131n\u0131n tarixind\u0259 \u0259lam\u0259tdar hadis\u0259 ba\u015f verdi. Bel\u0259 ki, &#8220;Silk Way Airlines&#8221; \u015firk\u0259ti t\u0259r\u0259find\u0259n al\u0131nm\u0131\u015f &#8220;Boinq (Boeing) 747-400 F&#8221; tipli y\u00fck t\u0259yyar\u0259si Bak\u0131ya g\u0259tirildi. Bu, s\u00f6z\u00fcged\u0259n \u015firk\u0259tin \u0259ld\u0259 etdiyi ilk bu tipli hava g\u0259misi idi. H\u0259l\u0259 o vaxt D\u00f6vl\u0259t M\u00fclki Aviasiya Administrasiyas\u0131n\u0131n direktoru Arif M\u0259mm\u0259dov bildirmi\u015fdi ki, bu c\u00fcr iritonnajl\u0131 [&hellip;]<\/p>\n","protected":false},"author":1,"featured_media":0,"comment_status":"open","ping_status":"open","sticky":false,"template":"","format":"standard","meta":{"footnotes":""},"categories":[7],"tags":[],"class_list":{"0":"post-4815","1":"post","2":"type-post","3":"status-publish","4":"format-standard","6":"category-ziyalilar"},"yoast_head":"<!-- This site is optimized with the Yoast SEO plugin v27.0 - https:\/\/yoast.com\/product\/yoast-seo-wordpress\/ -->\n<title>\u00d6lk\u0259miz\u0259 ilk &quot;Boinq&quot;i g\u0259tir\u0259n pilot: &quot;Z\u0259rdabda anadan olmu\u015fam&quot; - Z\u0259rdab.com<\/title>\n<meta name=\"robots\" content=\"index, follow, max-snippet:-1, max-image-preview:large, max-video-preview:-1\" \/>\n<link rel=\"canonical\" href=\"https:\/\/www.zerdab.com\/?p=4815\" \/>\n<meta property=\"og:locale\" content=\"az_AZ\" \/>\n<meta property=\"og:type\" content=\"article\" \/>\n<meta property=\"og:title\" content=\"\u00d6lk\u0259miz\u0259 ilk &quot;Boinq&quot;i g\u0259tir\u0259n pilot: &quot;Z\u0259rdabda anadan olmu\u015fam&quot; - Z\u0259rdab.com\" \/>\n<meta property=\"og:description\" content=\"2010-cu il noyabr\u0131n 8-d\u0259 Az\u0259rbaycan m\u00fclki aviasiyas\u0131n\u0131n tarixind\u0259 \u0259lam\u0259tdar hadis\u0259 ba\u015f verdi. Bel\u0259 ki, &#8220;Silk Way Airlines&#8221; \u015firk\u0259ti t\u0259r\u0259find\u0259n al\u0131nm\u0131\u015f &#8220;Boinq (Boeing) 747-400 F&#8221; tipli y\u00fck t\u0259yyar\u0259si Bak\u0131ya g\u0259tirildi. Bu, s\u00f6z\u00fcged\u0259n \u015firk\u0259tin \u0259ld\u0259 etdiyi ilk bu tipli hava g\u0259misi idi. H\u0259l\u0259 o vaxt D\u00f6vl\u0259t M\u00fclki Aviasiya Administrasiyas\u0131n\u0131n direktoru Arif M\u0259mm\u0259dov bildirmi\u015fdi ki, bu c\u00fcr iritonnajl\u0131 [&hellip;]\" \/>\n<meta property=\"og:url\" content=\"https:\/\/www.zerdab.com\/?p=4815\" \/>\n<meta property=\"og:site_name\" content=\"Z\u0259rdab.com\" \/>\n<meta property=\"article:published_time\" content=\"2012-09-24T19:10:45+00:00\" \/>\n<meta property=\"article:modified_time\" content=\"2012-09-24T19:15:13+00:00\" \/>\n<meta property=\"og:image\" content=\"http:\/\/www.zerdab.com\/wp-content\/uploads\/2012\/09\/boeing2-350x262.jpg\" \/>\n<meta name=\"author\" content=\"admin\" \/>\n<meta name=\"twitter:card\" content=\"summary_large_image\" \/>\n<meta name=\"twitter:label1\" content=\"Written by\" \/>\n\t<meta name=\"twitter:data1\" content=\"admin\" \/>\n\t<meta name=\"twitter:label2\" content=\"Est. reading time\" \/>\n\t<meta name=\"twitter:data2\" content=\"2 minutes\" \/>\n<script type=\"application\/ld+json\" class=\"yoast-schema-graph\">{\"@context\":\"https:\/\/schema.org\",\"@graph\":[{\"@type\":\"Article\",\"@id\":\"https:\/\/www.zerdab.com\/?p=4815#article\",\"isPartOf\":{\"@id\":\"https:\/\/www.zerdab.com\/?p=4815\"},\"author\":{\"name\":\"admin\",\"@id\":\"https:\/\/www.zerdab.com\/#\/schema\/person\/97079b7570c1e89ec0d9e138c3672136\"},\"headline\":\"\u00d6lk\u0259miz\u0259 ilk &#8220;Boinq&#8221;i g\u0259tir\u0259n pilot: &#8220;Z\u0259rdabda anadan olmu\u015fam&#8221;\",\"datePublished\":\"2012-09-24T19:10:45+00:00\",\"dateModified\":\"2012-09-24T19:15:13+00:00\",\"mainEntityOfPage\":{\"@id\":\"https:\/\/www.zerdab.com\/?p=4815\"},\"wordCount\":350,\"commentCount\":4,\"image\":{\"@id\":\"https:\/\/www.zerdab.com\/?p=4815#primaryimage\"},\"thumbnailUrl\":\"http:\/\/www.zerdab.com\/wp-content\/uploads\/2012\/09\/boeing2-350x262.jpg\",\"articleSection\":[\"F\u018fXRL\u018fR\u0130M\u0130Z\"],\"inLanguage\":\"az\",\"potentialAction\":[{\"@type\":\"CommentAction\",\"name\":\"Comment\",\"target\":[\"https:\/\/www.zerdab.com\/?p=4815#respond\"]}]},{\"@type\":\"WebPage\",\"@id\":\"https:\/\/www.zerdab.com\/?p=4815\",\"url\":\"https:\/\/www.zerdab.com\/?p=4815\",\"name\":\"\u00d6lk\u0259miz\u0259 ilk \\\"Boinq\\\"i g\u0259tir\u0259n pilot: \\\"Z\u0259rdabda anadan olmu\u015fam\\\" - Z\u0259rdab.com\",\"isPartOf\":{\"@id\":\"https:\/\/www.zerdab.com\/#website\"},\"primaryImageOfPage\":{\"@id\":\"https:\/\/www.zerdab.com\/?p=4815#primaryimage\"},\"image\":{\"@id\":\"https:\/\/www.zerdab.com\/?p=4815#primaryimage\"},\"thumbnailUrl\":\"http:\/\/www.zerdab.com\/wp-content\/uploads\/2012\/09\/boeing2-350x262.jpg\",\"datePublished\":\"2012-09-24T19:10:45+00:00\",\"dateModified\":\"2012-09-24T19:15:13+00:00\",\"author\":{\"@id\":\"https:\/\/www.zerdab.com\/#\/schema\/person\/97079b7570c1e89ec0d9e138c3672136\"},\"breadcrumb\":{\"@id\":\"https:\/\/www.zerdab.com\/?p=4815#breadcrumb\"},\"inLanguage\":\"az\",\"potentialAction\":[{\"@type\":\"ReadAction\",\"target\":[\"https:\/\/www.zerdab.com\/?p=4815\"]}]},{\"@type\":\"ImageObject\",\"inLanguage\":\"az\",\"@id\":\"https:\/\/www.zerdab.com\/?p=4815#primaryimage\",\"url\":\"\",\"contentUrl\":\"\"},{\"@type\":\"BreadcrumbList\",\"@id\":\"https:\/\/www.zerdab.com\/?p=4815#breadcrumb\",\"itemListElement\":[{\"@type\":\"ListItem\",\"position\":1,\"name\":\"Home\",\"item\":\"https:\/\/www.zerdab.com\/\"},{\"@type\":\"ListItem\",\"position\":2,\"name\":\"\u00d6lk\u0259miz\u0259 ilk &#8220;Boinq&#8221;i g\u0259tir\u0259n pilot: &#8220;Z\u0259rdabda anadan olmu\u015fam&#8221;\"}]},{\"@type\":\"WebSite\",\"@id\":\"https:\/\/www.zerdab.com\/#website\",\"url\":\"https:\/\/www.zerdab.com\/\",\"name\":\"Z\u0259rdab.com\",\"description\":\"\",\"potentialAction\":[{\"@type\":\"SearchAction\",\"target\":{\"@type\":\"EntryPoint\",\"urlTemplate\":\"https:\/\/www.zerdab.com\/?s={search_term_string}\"},\"query-input\":{\"@type\":\"PropertyValueSpecification\",\"valueRequired\":true,\"valueName\":\"search_term_string\"}}],\"inLanguage\":\"az\"},{\"@type\":\"Person\",\"@id\":\"https:\/\/www.zerdab.com\/#\/schema\/person\/97079b7570c1e89ec0d9e138c3672136\",\"name\":\"admin\",\"image\":{\"@type\":\"ImageObject\",\"inLanguage\":\"az\",\"@id\":\"https:\/\/www.zerdab.com\/#\/schema\/person\/image\/\",\"url\":\"https:\/\/secure.gravatar.com\/avatar\/d9c52a9a27c32119cb6679a077fa3e2779e5f822c451cbf01098004361d466ec?s=96&d=mm&r=g\",\"contentUrl\":\"https:\/\/secure.gravatar.com\/avatar\/d9c52a9a27c32119cb6679a077fa3e2779e5f822c451cbf01098004361d466ec?s=96&d=mm&r=g\",\"caption\":\"admin\"},\"url\":\"https:\/\/www.zerdab.com\/?author=1\"}]}<\/script>\n<!-- \/ Yoast SEO plugin. -->","yoast_head_json":{"title":"\u00d6lk\u0259miz\u0259 ilk \"Boinq\"i g\u0259tir\u0259n pilot: \"Z\u0259rdabda anadan olmu\u015fam\" - Z\u0259rdab.com","robots":{"index":"index","follow":"follow","max-snippet":"max-snippet:-1","max-image-preview":"max-image-preview:large","max-video-preview":"max-video-preview:-1"},"canonical":"https:\/\/www.zerdab.com\/?p=4815","og_locale":"az_AZ","og_type":"article","og_title":"\u00d6lk\u0259miz\u0259 ilk \"Boinq\"i g\u0259tir\u0259n pilot: \"Z\u0259rdabda anadan olmu\u015fam\" - Z\u0259rdab.com","og_description":"2010-cu il noyabr\u0131n 8-d\u0259 Az\u0259rbaycan m\u00fclki aviasiyas\u0131n\u0131n tarixind\u0259 \u0259lam\u0259tdar hadis\u0259 ba\u015f verdi. Bel\u0259 ki, &#8220;Silk Way Airlines&#8221; \u015firk\u0259ti t\u0259r\u0259find\u0259n al\u0131nm\u0131\u015f &#8220;Boinq (Boeing) 747-400 F&#8221; tipli y\u00fck t\u0259yyar\u0259si Bak\u0131ya g\u0259tirildi. Bu, s\u00f6z\u00fcged\u0259n \u015firk\u0259tin \u0259ld\u0259 etdiyi ilk bu tipli hava g\u0259misi idi. H\u0259l\u0259 o vaxt D\u00f6vl\u0259t M\u00fclki Aviasiya Administrasiyas\u0131n\u0131n direktoru Arif M\u0259mm\u0259dov bildirmi\u015fdi ki, bu c\u00fcr iritonnajl\u0131 [&hellip;]","og_url":"https:\/\/www.zerdab.com\/?p=4815","og_site_name":"Z\u0259rdab.com","article_published_time":"2012-09-24T19:10:45+00:00","article_modified_time":"2012-09-24T19:15:13+00:00","og_image":[{"url":"http:\/\/www.zerdab.com\/wp-content\/uploads\/2012\/09\/boeing2-350x262.jpg","type":"","width":"","height":""}],"author":"admin","twitter_card":"summary_large_image","twitter_misc":{"Written by":"admin","Est. reading time":"2 minutes"},"schema":{"@context":"https:\/\/schema.org","@graph":[{"@type":"Article","@id":"https:\/\/www.zerdab.com\/?p=4815#article","isPartOf":{"@id":"https:\/\/www.zerdab.com\/?p=4815"},"author":{"name":"admin","@id":"https:\/\/www.zerdab.com\/#\/schema\/person\/97079b7570c1e89ec0d9e138c3672136"},"headline":"\u00d6lk\u0259miz\u0259 ilk &#8220;Boinq&#8221;i g\u0259tir\u0259n pilot: &#8220;Z\u0259rdabda anadan olmu\u015fam&#8221;","datePublished":"2012-09-24T19:10:45+00:00","dateModified":"2012-09-24T19:15:13+00:00","mainEntityOfPage":{"@id":"https:\/\/www.zerdab.com\/?p=4815"},"wordCount":350,"commentCount":4,"image":{"@id":"https:\/\/www.zerdab.com\/?p=4815#primaryimage"},"thumbnailUrl":"http:\/\/www.zerdab.com\/wp-content\/uploads\/2012\/09\/boeing2-350x262.jpg","articleSection":["F\u018fXRL\u018fR\u0130M\u0130Z"],"inLanguage":"az","potentialAction":[{"@type":"CommentAction","name":"Comment","target":["https:\/\/www.zerdab.com\/?p=4815#respond"]}]},{"@type":"WebPage","@id":"https:\/\/www.zerdab.com\/?p=4815","url":"https:\/\/www.zerdab.com\/?p=4815","name":"\u00d6lk\u0259miz\u0259 ilk \"Boinq\"i g\u0259tir\u0259n pilot: \"Z\u0259rdabda anadan olmu\u015fam\" - Z\u0259rdab.com","isPartOf":{"@id":"https:\/\/www.zerdab.com\/#website"},"primaryImageOfPage":{"@id":"https:\/\/www.zerdab.com\/?p=4815#primaryimage"},"image":{"@id":"https:\/\/www.zerdab.com\/?p=4815#primaryimage"},"thumbnailUrl":"http:\/\/www.zerdab.com\/wp-content\/uploads\/2012\/09\/boeing2-350x262.jpg","datePublished":"2012-09-24T19:10:45+00:00","dateModified":"2012-09-24T19:15:13+00:00","author":{"@id":"https:\/\/www.zerdab.com\/#\/schema\/person\/97079b7570c1e89ec0d9e138c3672136"},"breadcrumb":{"@id":"https:\/\/www.zerdab.com\/?p=4815#breadcrumb"},"inLanguage":"az","potentialAction":[{"@type":"ReadAction","target":["https:\/\/www.zerdab.com\/?p=4815"]}]},{"@type":"ImageObject","inLanguage":"az","@id":"https:\/\/www.zerdab.com\/?p=4815#primaryimage","url":"","contentUrl":""},{"@type":"BreadcrumbList","@id":"https:\/\/www.zerdab.com\/?p=4815#breadcrumb","itemListElement":[{"@type":"ListItem","position":1,"name":"Home","item":"https:\/\/www.zerdab.com\/"},{"@type":"ListItem","position":2,"name":"\u00d6lk\u0259miz\u0259 ilk &#8220;Boinq&#8221;i g\u0259tir\u0259n pilot: &#8220;Z\u0259rdabda anadan olmu\u015fam&#8221;"}]},{"@type":"WebSite","@id":"https:\/\/www.zerdab.com\/#website","url":"https:\/\/www.zerdab.com\/","name":"Z\u0259rdab.com","description":"","potentialAction":[{"@type":"SearchAction","target":{"@type":"EntryPoint","urlTemplate":"https:\/\/www.zerdab.com\/?s={search_term_string}"},"query-input":{"@type":"PropertyValueSpecification","valueRequired":true,"valueName":"search_term_string"}}],"inLanguage":"az"},{"@type":"Person","@id":"https:\/\/www.zerdab.com\/#\/schema\/person\/97079b7570c1e89ec0d9e138c3672136","name":"admin","image":{"@type":"ImageObject","inLanguage":"az","@id":"https:\/\/www.zerdab.com\/#\/schema\/person\/image\/","url":"https:\/\/secure.gravatar.com\/avatar\/d9c52a9a27c32119cb6679a077fa3e2779e5f822c451cbf01098004361d466ec?s=96&d=mm&r=g","contentUrl":"https:\/\/secure.gravatar.com\/avatar\/d9c52a9a27c32119cb6679a077fa3e2779e5f822c451cbf01098004361d466ec?s=96&d=mm&r=g","caption":"admin"},"url":"https:\/\/www.zerdab.com\/?author=1"}]}},"_links":{"self":[{"href":"https:\/\/www.zerdab.com\/index.php?rest_route=\/wp\/v2\/posts\/4815","targetHints":{"allow":["GET"]}}],"collection":[{"href":"https:\/\/www.zerdab.com\/index.php?rest_route=\/wp\/v2\/posts"}],"about":[{"href":"https:\/\/www.zerdab.com\/index.php?rest_route=\/wp\/v2\/types\/post"}],"author":[{"embeddable":true,"href":"https:\/\/www.zerdab.com\/index.php?rest_route=\/wp\/v2\/users\/1"}],"replies":[{"embeddable":true,"href":"https:\/\/www.zerdab.com\/index.php?rest_route=%2Fwp%2Fv2%2Fcomments&post=4815"}],"version-history":[{"count":7,"href":"https:\/\/www.zerdab.com\/index.php?rest_route=\/wp\/v2\/posts\/4815\/revisions"}],"predecessor-version":[{"id":4819,"href":"https:\/\/www.zerdab.com\/index.php?rest_route=\/wp\/v2\/posts\/4815\/revisions\/4819"}],"wp:attachment":[{"href":"https:\/\/www.zerdab.com\/index.php?rest_route=%2Fwp%2Fv2%2Fmedia&parent=4815"}],"wp:term":[{"taxonomy":"category","embeddable":true,"href":"https:\/\/www.zerdab.com\/index.php?rest_route=%2Fwp%2Fv2%2Fcategories&post=4815"},{"taxonomy":"post_tag","embeddable":true,"href":"https:\/\/www.zerdab.com\/index.php?rest_route=%2Fwp%2Fv2%2Ftags&post=4815"}],"curies":[{"name":"wp","href":"https:\/\/api.w.org\/{rel}","templated":true}]}}