{"id":4969,"date":"2012-10-02T17:35:20","date_gmt":"2012-10-02T12:35:20","guid":{"rendered":"http:\/\/www.zerdab.com\/?p=4969"},"modified":"2012-10-02T17:35:20","modified_gmt":"2012-10-02T12:35:20","slug":"icra-bascisi-ali-t%c9%99hsili-olmayanlarin-dovl%c9%99t-qulluguna-xitam-ver%c9%99c%c9%99k","status":"publish","type":"post","link":"https:\/\/www.zerdab.com\/?p=4969","title":{"rendered":"\u0130cra ba\u015f\u00e7\u0131s\u0131 ali t\u0259hsili olmayanlar\u0131n d\u00f6vl\u0259t qullu\u011funa xitam ver\u0259c\u0259k"},"content":{"rendered":"<p><a href=\"http:\/\/www.zerdab.com\/wp-content\/uploads\/2012\/10\/muellim.jpg\"><img loading=\"lazy\" decoding=\"async\" class=\"alignleft  wp-image-4970\" title=\"d\u00f6vlet qullu\u011fu\" src=\"http:\/\/www.zerdab.com\/wp-content\/uploads\/2012\/10\/muellim.jpg\" alt=\"\" width=\"293\" height=\"217\" \/><\/a>Az\u0259rbaycanda 2001-ci ild\u0259n sonra yerli icra hakimiyy\u0259ti orqanlar\u0131nda inzibati v\u0259zif\u0259 tutan orta t\u0259hsilli d\u00f6vl\u0259t qulluq\u00e7ular\u0131n\u0131n ham\u0131s\u0131n\u0131n d\u00f6vl\u0259t qullu\u011funa xitam veril\u0259c\u0259k. <strong>www.zerdab.com<\/strong> sayt\u0131 x\u0259b\u0259r verir ki, Prezident yan\u0131nda D\u00f6vl\u0259t Qullu\u011fu M\u0259s\u0259l\u0259l\u0259ri \u00fczr\u0259 Komissiyan\u0131n h\u00fcquq sektorunun m\u00fcdiri V\u00fcqar \u018fsg\u0259rov Trend-\u0259 bildirib ki, yerli icra hakimiyy\u0259ti orqanlar\u0131nda inzibati v\u0259zif\u0259l\u0259rd\u0259 \u00e7al\u0131\u015fan orta t\u0259hsilli \u015f\u0259xsl\u0259rin i\u015fd\u0259n azad olunmas\u0131 prosesin\u0259 ba\u015flan\u0131b. Sektor m\u00fcdirinin s\u00f6zl\u0259rin\u0259 g\u00f6r\u0259, bu ilin iyununda &#8220;Yerli icra hakimiyy\u0259ti orqanlar\u0131 haqq\u0131nda \u018fsasnam\u0259&#8221;y\u0259 \u0259lav\u0259 v\u0259 d\u0259yi\u015fiklikl\u0259r edilib. &#8220;Yeni \u018fsasnam\u0259nin q\u0259bulundan sonra bu orqanlarda inzibati v\u0259zif\u0259 tutan orta t\u0259hsilli d\u00f6vl\u0259t qulluq\u00e7ular\u0131n\u0131n d\u00f6vl\u0259t qullu\u011funa xitam verilib. &#8220;D\u00f6vl\u0259t qullu\u011fu haqq\u0131nda&#8221; qanunda inzibati v\u0259zif\u0259l\u0259r v\u0259 onlara t\u0259l\u0259bl\u0259r konkret m\u00fc\u0259yy\u0259n edilib. Qanunun t\u0259l\u0259bin\u0259 uy\u011fun olaraq, ali t\u0259hsili olmayanlar\u0131n d\u00f6vl\u0259t qullu\u011funa xitam verilir&#8221;, &#8211; sektor m\u00fcdiri deyib. Onun s\u00f6zl\u0259rin\u0259 g\u00f6r\u0259, \u0259g\u0259r \u015f\u0259xs &#8220;D\u00f6vl\u0259t qullu\u011fu haqq\u0131nda&#8221; qanunun q\u0259bulundan, y\u0259ni 2001-ci ild\u0259n \u0259vv\u0259l bu v\u0259zif\u0259d\u0259 i\u015fl\u0259yirs\u0259, bu d\u0259yi\u015fiklik onlara \u015famil olunmur v\u0259 onlar\u0131n d\u00f6vl\u0259t qullu\u011funa xitam verilmir. &#8220;D\u0259yi\u015fiklik 2001-ci ild\u0259n sonra bu v\u0259zif\u0259l\u0259rd\u0259 \u00e7al\u0131\u015fan d\u00f6vl\u0259t qulluq\u00e7ular\u0131na \u015famil olunur. Xitam q\u0259rar\u0131n\u0131 h\u0259min \u015f\u0259xsl\u0259rin \u00e7al\u0131\u015fd\u0131qlar\u0131 icra hakimiyy\u0259ti orqan\u0131n\u0131n r\u0259hb\u0259ri verir&#8221;, &#8211; \u018fsg\u0259rov deyib. Sektor m\u00fcdiri bildirib ki, Komissiyada yerli icra hakimiyy\u0259ti orqanlar\u0131nda inzibati v\u0259zif\u0259 tutan orta t\u0259hsilli \u015f\u0259xsl\u0259rin say\u0131 bar\u0259d\u0259 m\u0259lumat yoxdur. H\u0259min v\u0259zif\u0259l\u0259r\u0259 q\u0259bulun m\u00fcsahib\u0259 yolu il\u0259 h\u0259yata ke\u00e7irildiyini dey\u0259n DQMK r\u0259smisi bildirib ki, h\u0259min d\u00f6vl\u0259t qulluq\u00e7ular\u0131n\u0131n v\u0259zif\u0259d\u0259n \u00e7\u0131xar\u0131lmas\u0131 s\u00f6z\u00fcged\u0259n qurumlar\u0131n f\u0259aliyy\u0259tind\u0259 problem yaratmayacaq. &#8220;\u00c7\u00fcnki, bu, k\u00fctl\u0259vi xarakter da\u015f\u0131m\u0131r. Bel\u0259 v\u0259zif\u0259li \u015f\u0259xsl\u0259r \u0259sas\u0259n icra hakimiyy\u0259ti n\u00fcmay\u0259nd\u0259likl\u0259rind\u0259dir. Onlar\u0131n say\u0131 is\u0259 h\u0259r n\u00fcmay\u0259nd\u0259likd\u0259 1-2 n\u0259f\u0259r ola bil\u0259r&#8221;, &#8211; \u018fsg\u0259rov qeyd edib.<\/p>\n","protected":false},"excerpt":{"rendered":"<p>Az\u0259rbaycanda 2001-ci ild\u0259n sonra yerli icra hakimiyy\u0259ti orqanlar\u0131nda inzibati v\u0259zif\u0259 tutan orta t\u0259hsilli d\u00f6vl\u0259t qulluq\u00e7ular\u0131n\u0131n ham\u0131s\u0131n\u0131n d\u00f6vl\u0259t qullu\u011funa xitam veril\u0259c\u0259k. www.zerdab.com sayt\u0131 x\u0259b\u0259r verir ki, Prezident yan\u0131nda D\u00f6vl\u0259t Qullu\u011fu M\u0259s\u0259l\u0259l\u0259ri \u00fczr\u0259 Komissiyan\u0131n h\u00fcquq sektorunun m\u00fcdiri V\u00fcqar \u018fsg\u0259rov Trend-\u0259 bildirib ki, yerli icra hakimiyy\u0259ti orqanlar\u0131nda inzibati v\u0259zif\u0259l\u0259rd\u0259 \u00e7al\u0131\u015fan orta t\u0259hsilli \u015f\u0259xsl\u0259rin i\u015fd\u0259n azad olunmas\u0131 prosesin\u0259 ba\u015flan\u0131b. [&hellip;]<\/p>\n","protected":false},"author":1,"featured_media":0,"comment_status":"open","ping_status":"open","sticky":false,"template":"","format":"standard","meta":{"footnotes":""},"categories":[21],"tags":[],"class_list":{"0":"post-4969","1":"post","2":"type-post","3":"status-publish","4":"format-standard","6":"category-zrdab"},"yoast_head":"<!-- This site is optimized with the Yoast SEO plugin v27.0 - https:\/\/yoast.com\/product\/yoast-seo-wordpress\/ -->\n<title>\u0130cra ba\u015f\u00e7\u0131s\u0131 ali t\u0259hsili olmayanlar\u0131n d\u00f6vl\u0259t qullu\u011funa xitam ver\u0259c\u0259k - Z\u0259rdab.com<\/title>\n<meta name=\"robots\" content=\"index, follow, max-snippet:-1, max-image-preview:large, max-video-preview:-1\" \/>\n<link rel=\"canonical\" href=\"https:\/\/www.zerdab.com\/?p=4969\" \/>\n<meta property=\"og:locale\" content=\"az_AZ\" \/>\n<meta property=\"og:type\" content=\"article\" \/>\n<meta property=\"og:title\" content=\"\u0130cra ba\u015f\u00e7\u0131s\u0131 ali t\u0259hsili olmayanlar\u0131n d\u00f6vl\u0259t qullu\u011funa xitam ver\u0259c\u0259k - Z\u0259rdab.com\" \/>\n<meta property=\"og:description\" content=\"Az\u0259rbaycanda 2001-ci ild\u0259n sonra yerli icra hakimiyy\u0259ti orqanlar\u0131nda inzibati v\u0259zif\u0259 tutan orta t\u0259hsilli d\u00f6vl\u0259t qulluq\u00e7ular\u0131n\u0131n ham\u0131s\u0131n\u0131n d\u00f6vl\u0259t qullu\u011funa xitam veril\u0259c\u0259k. www.zerdab.com sayt\u0131 x\u0259b\u0259r verir ki, Prezident yan\u0131nda D\u00f6vl\u0259t Qullu\u011fu M\u0259s\u0259l\u0259l\u0259ri \u00fczr\u0259 Komissiyan\u0131n h\u00fcquq sektorunun m\u00fcdiri V\u00fcqar \u018fsg\u0259rov Trend-\u0259 bildirib ki, yerli icra hakimiyy\u0259ti orqanlar\u0131nda inzibati v\u0259zif\u0259l\u0259rd\u0259 \u00e7al\u0131\u015fan orta t\u0259hsilli \u015f\u0259xsl\u0259rin i\u015fd\u0259n azad olunmas\u0131 prosesin\u0259 ba\u015flan\u0131b. [&hellip;]\" \/>\n<meta property=\"og:url\" content=\"https:\/\/www.zerdab.com\/?p=4969\" \/>\n<meta property=\"og:site_name\" content=\"Z\u0259rdab.com\" \/>\n<meta property=\"article:published_time\" content=\"2012-10-02T12:35:20+00:00\" \/>\n<meta property=\"og:image\" content=\"http:\/\/www.zerdab.com\/wp-content\/uploads\/2012\/10\/muellim.jpg\" \/>\n<meta name=\"author\" content=\"admin\" \/>\n<meta name=\"twitter:card\" content=\"summary_large_image\" \/>\n<meta name=\"twitter:label1\" content=\"Written by\" \/>\n\t<meta name=\"twitter:data1\" content=\"admin\" \/>\n\t<meta name=\"twitter:label2\" content=\"Est. reading time\" \/>\n\t<meta name=\"twitter:data2\" content=\"2 minutes\" \/>\n<script type=\"application\/ld+json\" class=\"yoast-schema-graph\">{\"@context\":\"https:\/\/schema.org\",\"@graph\":[{\"@type\":\"Article\",\"@id\":\"https:\/\/www.zerdab.com\/?p=4969#article\",\"isPartOf\":{\"@id\":\"https:\/\/www.zerdab.com\/?p=4969\"},\"author\":{\"name\":\"admin\",\"@id\":\"https:\/\/www.zerdab.com\/#\/schema\/person\/97079b7570c1e89ec0d9e138c3672136\"},\"headline\":\"\u0130cra ba\u015f\u00e7\u0131s\u0131 ali t\u0259hsili olmayanlar\u0131n d\u00f6vl\u0259t qullu\u011funa xitam ver\u0259c\u0259k\",\"datePublished\":\"2012-10-02T12:35:20+00:00\",\"mainEntityOfPage\":{\"@id\":\"https:\/\/www.zerdab.com\/?p=4969\"},\"wordCount\":445,\"commentCount\":4,\"image\":{\"@id\":\"https:\/\/www.zerdab.com\/?p=4969#primaryimage\"},\"thumbnailUrl\":\"http:\/\/www.zerdab.com\/wp-content\/uploads\/2012\/10\/muellim.jpg\",\"articleSection\":[\"C\u018fM\u0130YY\u018fT\"],\"inLanguage\":\"az\",\"potentialAction\":[{\"@type\":\"CommentAction\",\"name\":\"Comment\",\"target\":[\"https:\/\/www.zerdab.com\/?p=4969#respond\"]}]},{\"@type\":\"WebPage\",\"@id\":\"https:\/\/www.zerdab.com\/?p=4969\",\"url\":\"https:\/\/www.zerdab.com\/?p=4969\",\"name\":\"\u0130cra ba\u015f\u00e7\u0131s\u0131 ali t\u0259hsili olmayanlar\u0131n d\u00f6vl\u0259t qullu\u011funa xitam ver\u0259c\u0259k - Z\u0259rdab.com\",\"isPartOf\":{\"@id\":\"https:\/\/www.zerdab.com\/#website\"},\"primaryImageOfPage\":{\"@id\":\"https:\/\/www.zerdab.com\/?p=4969#primaryimage\"},\"image\":{\"@id\":\"https:\/\/www.zerdab.com\/?p=4969#primaryimage\"},\"thumbnailUrl\":\"http:\/\/www.zerdab.com\/wp-content\/uploads\/2012\/10\/muellim.jpg\",\"datePublished\":\"2012-10-02T12:35:20+00:00\",\"author\":{\"@id\":\"https:\/\/www.zerdab.com\/#\/schema\/person\/97079b7570c1e89ec0d9e138c3672136\"},\"breadcrumb\":{\"@id\":\"https:\/\/www.zerdab.com\/?p=4969#breadcrumb\"},\"inLanguage\":\"az\",\"potentialAction\":[{\"@type\":\"ReadAction\",\"target\":[\"https:\/\/www.zerdab.com\/?p=4969\"]}]},{\"@type\":\"ImageObject\",\"inLanguage\":\"az\",\"@id\":\"https:\/\/www.zerdab.com\/?p=4969#primaryimage\",\"url\":\"http:\/\/www.zerdab.com\/wp-content\/uploads\/2012\/10\/muellim.jpg\",\"contentUrl\":\"http:\/\/www.zerdab.com\/wp-content\/uploads\/2012\/10\/muellim.jpg\"},{\"@type\":\"BreadcrumbList\",\"@id\":\"https:\/\/www.zerdab.com\/?p=4969#breadcrumb\",\"itemListElement\":[{\"@type\":\"ListItem\",\"position\":1,\"name\":\"Home\",\"item\":\"https:\/\/www.zerdab.com\/\"},{\"@type\":\"ListItem\",\"position\":2,\"name\":\"\u0130cra ba\u015f\u00e7\u0131s\u0131 ali t\u0259hsili olmayanlar\u0131n d\u00f6vl\u0259t qullu\u011funa xitam ver\u0259c\u0259k\"}]},{\"@type\":\"WebSite\",\"@id\":\"https:\/\/www.zerdab.com\/#website\",\"url\":\"https:\/\/www.zerdab.com\/\",\"name\":\"Z\u0259rdab.com\",\"description\":\"\",\"potentialAction\":[{\"@type\":\"SearchAction\",\"target\":{\"@type\":\"EntryPoint\",\"urlTemplate\":\"https:\/\/www.zerdab.com\/?s={search_term_string}\"},\"query-input\":{\"@type\":\"PropertyValueSpecification\",\"valueRequired\":true,\"valueName\":\"search_term_string\"}}],\"inLanguage\":\"az\"},{\"@type\":\"Person\",\"@id\":\"https:\/\/www.zerdab.com\/#\/schema\/person\/97079b7570c1e89ec0d9e138c3672136\",\"name\":\"admin\",\"image\":{\"@type\":\"ImageObject\",\"inLanguage\":\"az\",\"@id\":\"https:\/\/www.zerdab.com\/#\/schema\/person\/image\/\",\"url\":\"https:\/\/secure.gravatar.com\/avatar\/d9c52a9a27c32119cb6679a077fa3e2779e5f822c451cbf01098004361d466ec?s=96&d=mm&r=g\",\"contentUrl\":\"https:\/\/secure.gravatar.com\/avatar\/d9c52a9a27c32119cb6679a077fa3e2779e5f822c451cbf01098004361d466ec?s=96&d=mm&r=g\",\"caption\":\"admin\"},\"url\":\"https:\/\/www.zerdab.com\/?author=1\"}]}<\/script>\n<!-- \/ Yoast SEO plugin. -->","yoast_head_json":{"title":"\u0130cra ba\u015f\u00e7\u0131s\u0131 ali t\u0259hsili olmayanlar\u0131n d\u00f6vl\u0259t qullu\u011funa xitam ver\u0259c\u0259k - Z\u0259rdab.com","robots":{"index":"index","follow":"follow","max-snippet":"max-snippet:-1","max-image-preview":"max-image-preview:large","max-video-preview":"max-video-preview:-1"},"canonical":"https:\/\/www.zerdab.com\/?p=4969","og_locale":"az_AZ","og_type":"article","og_title":"\u0130cra ba\u015f\u00e7\u0131s\u0131 ali t\u0259hsili olmayanlar\u0131n d\u00f6vl\u0259t qullu\u011funa xitam ver\u0259c\u0259k - Z\u0259rdab.com","og_description":"Az\u0259rbaycanda 2001-ci ild\u0259n sonra yerli icra hakimiyy\u0259ti orqanlar\u0131nda inzibati v\u0259zif\u0259 tutan orta t\u0259hsilli d\u00f6vl\u0259t qulluq\u00e7ular\u0131n\u0131n ham\u0131s\u0131n\u0131n d\u00f6vl\u0259t qullu\u011funa xitam veril\u0259c\u0259k. www.zerdab.com sayt\u0131 x\u0259b\u0259r verir ki, Prezident yan\u0131nda D\u00f6vl\u0259t Qullu\u011fu M\u0259s\u0259l\u0259l\u0259ri \u00fczr\u0259 Komissiyan\u0131n h\u00fcquq sektorunun m\u00fcdiri V\u00fcqar \u018fsg\u0259rov Trend-\u0259 bildirib ki, yerli icra hakimiyy\u0259ti orqanlar\u0131nda inzibati v\u0259zif\u0259l\u0259rd\u0259 \u00e7al\u0131\u015fan orta t\u0259hsilli \u015f\u0259xsl\u0259rin i\u015fd\u0259n azad olunmas\u0131 prosesin\u0259 ba\u015flan\u0131b. [&hellip;]","og_url":"https:\/\/www.zerdab.com\/?p=4969","og_site_name":"Z\u0259rdab.com","article_published_time":"2012-10-02T12:35:20+00:00","og_image":[{"url":"http:\/\/www.zerdab.com\/wp-content\/uploads\/2012\/10\/muellim.jpg","type":"","width":"","height":""}],"author":"admin","twitter_card":"summary_large_image","twitter_misc":{"Written by":"admin","Est. reading time":"2 minutes"},"schema":{"@context":"https:\/\/schema.org","@graph":[{"@type":"Article","@id":"https:\/\/www.zerdab.com\/?p=4969#article","isPartOf":{"@id":"https:\/\/www.zerdab.com\/?p=4969"},"author":{"name":"admin","@id":"https:\/\/www.zerdab.com\/#\/schema\/person\/97079b7570c1e89ec0d9e138c3672136"},"headline":"\u0130cra ba\u015f\u00e7\u0131s\u0131 ali t\u0259hsili olmayanlar\u0131n d\u00f6vl\u0259t qullu\u011funa xitam ver\u0259c\u0259k","datePublished":"2012-10-02T12:35:20+00:00","mainEntityOfPage":{"@id":"https:\/\/www.zerdab.com\/?p=4969"},"wordCount":445,"commentCount":4,"image":{"@id":"https:\/\/www.zerdab.com\/?p=4969#primaryimage"},"thumbnailUrl":"http:\/\/www.zerdab.com\/wp-content\/uploads\/2012\/10\/muellim.jpg","articleSection":["C\u018fM\u0130YY\u018fT"],"inLanguage":"az","potentialAction":[{"@type":"CommentAction","name":"Comment","target":["https:\/\/www.zerdab.com\/?p=4969#respond"]}]},{"@type":"WebPage","@id":"https:\/\/www.zerdab.com\/?p=4969","url":"https:\/\/www.zerdab.com\/?p=4969","name":"\u0130cra ba\u015f\u00e7\u0131s\u0131 ali t\u0259hsili olmayanlar\u0131n d\u00f6vl\u0259t qullu\u011funa xitam ver\u0259c\u0259k - Z\u0259rdab.com","isPartOf":{"@id":"https:\/\/www.zerdab.com\/#website"},"primaryImageOfPage":{"@id":"https:\/\/www.zerdab.com\/?p=4969#primaryimage"},"image":{"@id":"https:\/\/www.zerdab.com\/?p=4969#primaryimage"},"thumbnailUrl":"http:\/\/www.zerdab.com\/wp-content\/uploads\/2012\/10\/muellim.jpg","datePublished":"2012-10-02T12:35:20+00:00","author":{"@id":"https:\/\/www.zerdab.com\/#\/schema\/person\/97079b7570c1e89ec0d9e138c3672136"},"breadcrumb":{"@id":"https:\/\/www.zerdab.com\/?p=4969#breadcrumb"},"inLanguage":"az","potentialAction":[{"@type":"ReadAction","target":["https:\/\/www.zerdab.com\/?p=4969"]}]},{"@type":"ImageObject","inLanguage":"az","@id":"https:\/\/www.zerdab.com\/?p=4969#primaryimage","url":"http:\/\/www.zerdab.com\/wp-content\/uploads\/2012\/10\/muellim.jpg","contentUrl":"http:\/\/www.zerdab.com\/wp-content\/uploads\/2012\/10\/muellim.jpg"},{"@type":"BreadcrumbList","@id":"https:\/\/www.zerdab.com\/?p=4969#breadcrumb","itemListElement":[{"@type":"ListItem","position":1,"name":"Home","item":"https:\/\/www.zerdab.com\/"},{"@type":"ListItem","position":2,"name":"\u0130cra ba\u015f\u00e7\u0131s\u0131 ali t\u0259hsili olmayanlar\u0131n d\u00f6vl\u0259t qullu\u011funa xitam ver\u0259c\u0259k"}]},{"@type":"WebSite","@id":"https:\/\/www.zerdab.com\/#website","url":"https:\/\/www.zerdab.com\/","name":"Z\u0259rdab.com","description":"","potentialAction":[{"@type":"SearchAction","target":{"@type":"EntryPoint","urlTemplate":"https:\/\/www.zerdab.com\/?s={search_term_string}"},"query-input":{"@type":"PropertyValueSpecification","valueRequired":true,"valueName":"search_term_string"}}],"inLanguage":"az"},{"@type":"Person","@id":"https:\/\/www.zerdab.com\/#\/schema\/person\/97079b7570c1e89ec0d9e138c3672136","name":"admin","image":{"@type":"ImageObject","inLanguage":"az","@id":"https:\/\/www.zerdab.com\/#\/schema\/person\/image\/","url":"https:\/\/secure.gravatar.com\/avatar\/d9c52a9a27c32119cb6679a077fa3e2779e5f822c451cbf01098004361d466ec?s=96&d=mm&r=g","contentUrl":"https:\/\/secure.gravatar.com\/avatar\/d9c52a9a27c32119cb6679a077fa3e2779e5f822c451cbf01098004361d466ec?s=96&d=mm&r=g","caption":"admin"},"url":"https:\/\/www.zerdab.com\/?author=1"}]}},"_links":{"self":[{"href":"https:\/\/www.zerdab.com\/index.php?rest_route=\/wp\/v2\/posts\/4969","targetHints":{"allow":["GET"]}}],"collection":[{"href":"https:\/\/www.zerdab.com\/index.php?rest_route=\/wp\/v2\/posts"}],"about":[{"href":"https:\/\/www.zerdab.com\/index.php?rest_route=\/wp\/v2\/types\/post"}],"author":[{"embeddable":true,"href":"https:\/\/www.zerdab.com\/index.php?rest_route=\/wp\/v2\/users\/1"}],"replies":[{"embeddable":true,"href":"https:\/\/www.zerdab.com\/index.php?rest_route=%2Fwp%2Fv2%2Fcomments&post=4969"}],"version-history":[{"count":2,"href":"https:\/\/www.zerdab.com\/index.php?rest_route=\/wp\/v2\/posts\/4969\/revisions"}],"predecessor-version":[{"id":4972,"href":"https:\/\/www.zerdab.com\/index.php?rest_route=\/wp\/v2\/posts\/4969\/revisions\/4972"}],"wp:attachment":[{"href":"https:\/\/www.zerdab.com\/index.php?rest_route=%2Fwp%2Fv2%2Fmedia&parent=4969"}],"wp:term":[{"taxonomy":"category","embeddable":true,"href":"https:\/\/www.zerdab.com\/index.php?rest_route=%2Fwp%2Fv2%2Fcategories&post=4969"},{"taxonomy":"post_tag","embeddable":true,"href":"https:\/\/www.zerdab.com\/index.php?rest_route=%2Fwp%2Fv2%2Ftags&post=4969"}],"curies":[{"name":"wp","href":"https:\/\/api.w.org\/{rel}","templated":true}]}}