{"id":5026,"date":"2012-10-07T19:13:48","date_gmt":"2012-10-07T14:13:48","guid":{"rendered":"http:\/\/www.zerdab.com\/?p=5026"},"modified":"2012-10-08T11:13:56","modified_gmt":"2012-10-08T06:13:56","slug":"az%c9%99rbaycan-prezidenti-ilham-%c9%99liyev-z%c9%99rdab-rayonuna-s%c9%99f%c9%99r-edib","status":"publish","type":"post","link":"https:\/\/www.zerdab.com\/?p=5026","title":{"rendered":"Az\u0259rbaycan Prezidenti \u0130lham \u018fliyev Z\u0259rdab rayonuna s\u0259f\u0259r edib"},"content":{"rendered":"<p><strong><a href=\"http:\/\/www.zerdab.com\/wp-content\/uploads\/2012\/10\/6.jpg\"><img loading=\"lazy\" decoding=\"async\" class=\"alignleft size-medium wp-image-5040\" title=\"Z\u0259rdab rayonu\" src=\"http:\/\/www.zerdab.com\/wp-content\/uploads\/2012\/10\/6-350x248.jpg\" alt=\"\" width=\"350\" height=\"248\" \/><\/a>Oktyabr\u0131n 7-d\u0259 Az\u0259rbaycan Prezidenti \u0130lham \u018fliyev regionlara s<strong>\u0259<\/strong>f<strong>\u0259<\/strong>ri \u00e7<strong>\u0259<\/strong>r\u00e7iv<strong>\u0259<\/strong>sind<strong>\u0259<\/strong> Z\u0259rdab rayonunda oldu.<\/strong> D\u00f6vl\u0259t ba\u015f\u00e7\u0131s\u0131 xalq\u0131m\u0131z\u0131n \u00fcmummilli lideri Heyd\u0259r \u018fliyevin Z\u0259rdab \u015f\u0259h\u0259rinin m\u0259rk\u0259zind\u0259 ucald\u0131lm\u0131\u015f abid\u0259sini ziyar\u0259t ed\u0259r\u0259k \u00f6n\u00fcn\u0259 g\u00fcl d\u0259st\u0259si qoydu. Z\u0259rdab Rayon \u0130cra Hakimiyy\u0259tinin ba\u015f\u00e7\u0131s\u0131 L\u00fctv\u0259li Babayev Prezident \u0130lham \u018fliyev\u0259 rayonda apar\u0131lan abadl\u0131q-quruculuq i\u015fl\u0259ri bar\u0259d\u0259 m\u0259lumat verdi. Daha sonra Prezident \u0130lham \u018fliyev Z\u0259rdabda Heyd\u0259r \u018fliyev M\u0259rk\u0259zinin a\u00e7\u0131l\u0131\u015f\u0131nda i\u015ftirak etdi. D\u00f6vl\u0259t ba\u015f\u00e7\u0131s\u0131 m\u0259rk\u0259zin a\u00e7\u0131l\u0131\u015f\u0131n\u0131 bildir\u0259n lenti k\u0259sdi.<\/p>\n<div id=\"page_wrapper\">\n<p>M\u0259lumat verildi ki, \u015f\u0259h\u0259rin Heyd\u0259r \u018fliyev prospektind\u0259 yerl\u0259\u015f\u0259n, \u00fcmummilli liderin ad\u0131n\u0131 da\u015f\u0131yan parkda in\u015fa olunan Heyd\u0259r \u018fliyev M\u0259rk\u0259zi \u0259raziy\u0259 x\u00fcsusi g\u00f6z\u0259llik verir. Bildirildi ki, Heyd\u0259r \u018fliyev M\u0259rk\u0259zinin in\u015fas\u0131na 2010-cu ild\u0259 ba\u015flan\u0131l\u0131b. M\u0259rk\u0259zin ikim\u0259rt\u0259b\u0259li binas\u0131 \u00fcmummilli liderin ad\u0131n\u0131 da\u015f\u0131yan park\u0131n \u0259n g\u00f6z\u0259l gu\u015f\u0259sind\u0259, \u00f6z\u00fcn\u0259m\u0259xsuslu\u011fu il\u0259 se\u00e7il\u0259n orijinal layih\u0259 \u0259sas\u0131nda in\u015fa edilib. Binan\u0131n \u00fcmumi sah\u0259si 1680 kvadratmetrdir. Ulu \u00f6nd\u0259r Heyd\u0259r \u018fliyevin xatir\u0259sinin \u0259b\u0259dil\u0259\u015fdirilm\u0259si bax\u0131m\u0131ndan b\u00f6y\u00fck \u0259h\u0259miyy\u0259ti olan M\u0259rk\u0259zd\u0259 \u00fcmummilli liderin h\u0259yat\u0131n\u0131n v\u0259 \u00e7ox\u015fax\u0259li d\u00f6vl\u0259t\u00e7ilik f\u0259aliyy\u0259tinin m\u00fcxt\u0259lif d\u00f6vrl\u0259rini \u0259ks etdir\u0259n materiallar, foto\u015f\u0259kill\u0259r, tarixi s\u0259n\u0259dl\u0259r, eksponatlar, o c\u00fcml\u0259d\u0259n m\u00fcxt\u0259lif ill\u0259rd\u0259 Z\u0259rdaba s\u0259f\u0259rl\u0259rin\u0259 dair fotolar n\u00fcmayi\u015f olunur. Burada \u00fcmummilli liderin h\u0259yat v\u0259 f\u0259aliyy\u0259tini, xarici \u00f6lk\u0259l\u0259rd\u0259 v\u0259 \u00f6lk\u0259mizin regionlar\u0131nda ke\u00e7irdiyi g\u00f6r\u00fc\u015fl\u0259ri \u0259ks etdir\u0259n 9 fotogu\u015f\u0259 yarad\u0131l\u0131b. Heyd\u0259r \u018fliyev M\u0259rk\u0259zinin foyesind\u0259 ulu \u00f6nd\u0259rin b\u00fcst kompleksi qoyulub. M\u0259rk\u0259zd\u0259 yarad\u0131lan \u015f\u0259raitl\u0259 tan\u0131\u015fl\u0131q zaman\u0131 diqq\u0259t\u0259 \u00e7atd\u0131r\u0131ld\u0131 ki, kompyuterl\u0259rl\u0259 t\u0259chiz olunan konfrans zal\u0131 v\u0259 \u0259n m\u00fcasir avadanl\u0131\u011f\u0131n qura\u015fd\u0131r\u0131ld\u0131\u011f\u0131 xidm\u0259ti otaqlar var. Heyd\u0259r \u018fliyev M\u0259rk\u0259zind\u0259 m\u00fcasir \u00fcslubda linqafon, fotostudiya v\u0259 t\u0259dris otaqlar\u0131 yarad\u0131l\u0131b. \u015eagirdl\u0259rin Az\u0259rbaycan\u0131n z\u0259ngin tarixini d\u0259rind\u0259n \u00f6yr\u0259nm\u0259l\u0259ri \u00fc\u00e7\u00fcn x\u00fcsusi d\u0259rn\u0259kl\u0259r m\u00f6vcuddur. M\u0259rk\u0259zin gu\u015f\u0259l\u0259rind\u0259 \u00fcmummilli lider Heyd\u0259r \u018fliyevin f\u0259aliyy\u0259tind\u0259n b\u0259hs ed\u0259n xarici dill\u0259rd\u0259 n\u0259\u015frl\u0259r\u0259 d\u0259 geni\u015f yer verilib. Birinci m\u0259rt\u0259b\u0259d\u0259 xal\u00e7a\u00e7\u0131l\u0131q, r\u0259sm v\u0259 \u015fahmat d\u0259rn\u0259kl\u0259ri f\u0259aliyy\u0259t g\u00f6st\u0259r\u0259c\u0259k. M\u0259rk\u0259zin qonaqlar\u0131 burada yarad\u0131lan imkanlardan istifad\u0259 etm\u0259kl\u0259 dahi Heyd\u0259r \u018fliyevin siyasi irsi il\u0259 yax\u0131ndan tan\u0131\u015f ola bil\u0259c\u0259kl\u0259r. Kitabxanada ulu \u00f6nd\u0259r Heyd\u0259r \u018fliyev\u0259, bu siyasi kursun layiqli davam\u00e7\u0131s\u0131 Prezident \u0130lham \u018fliyev\u0259 h\u0259sr olunan kitablar, jurnallar, q\u0259zetl\u0259r v\u0259 m\u00fcxt\u0259lif n\u0259\u015frl\u0259r yer al\u0131b. Qeyd olundu ki, m\u0259rk\u0259zd\u0259 150 n\u0259f\u0259rlik akt zal\u0131, respublika v\u0259 rayon s\u0259viyy\u0259li m\u00fcxt\u0259lif t\u0259dbirl\u0259rin ke\u00e7irilm\u0259si \u00fc\u00e7\u00fcn konfrans zal\u0131 da var. M\u0259rk\u0259zd\u0259 qura\u015fd\u0131r\u0131lan \u0259n m\u00fcasir avadanl\u0131q vasit\u0259sil\u0259 beyn\u0259lxalq konfranslar\u0131n ke\u00e7irilm\u0259si d\u0259 m\u00fcmk\u00fcnd\u00fcr.<\/p>\n<\/div>\n<p>Prezident \u0130lham \u018fliyev Yeni Az\u0259rbaycan Partiyas\u0131 Z\u0259rdab rayon t\u0259\u015fkilat\u0131n\u0131n yeni inzibati binas\u0131n\u0131n a\u00e7\u0131l\u0131\u015f\u0131nda da i\u015ftirak etdi. D\u00f6vl\u0259t ba\u015f\u00e7\u0131s\u0131 binan\u0131n r\u0259mzi a\u00e7\u0131l\u0131\u015f\u0131n\u0131 bildir\u0259n lenti k\u0259sdi.<br \/>\nAz\u0259rbaycan Prezidenti binada apar\u0131lm\u0131\u015f tikinti i\u015fl\u0259rinin gedi\u015fini \u0259ks etdir\u0259n fotostend\u0259 baxd\u0131.<br \/>\nBildirildi ki, Heyd\u0259r \u018fliyev park\u0131nda yerl\u0259\u015f\u0259n binan\u0131n tikintisin\u0259 cari ilin may\u0131nda ba\u015flan\u0131lm\u0131\u015fd\u0131. Sah\u0259si 451 kvadratmetr olan ikim\u0259rt\u0259b\u0259li yeni inzibati binan\u0131n \u0259traf\u0131nda ya\u015f\u0131ll\u0131q zola\u011f\u0131 sal\u0131n\u0131b, i\u015f\u0131qland\u0131rma sistemi qurulub. Binan\u0131n birinci m\u0259rt\u0259b\u0259sind\u0259 ulu \u00f6nd\u0259r Heyd\u0259r \u018fliyevin b\u00fcst\u00fc qoyulub. B\u00fcst\u00fcn \u0259traf\u0131nda \u00fcmummilli lider Heyd\u0259r \u018fliyevin v\u0259 Yeni Az\u0259rbaycan Partiyas\u0131n\u0131n s\u0259dri, Prezident \u0130lham \u018fliyevin partiya qurultaylar\u0131nda i\u015ftiraklar\u0131n\u0131 v\u0259 m\u00fcxt\u0259lif vaxtlarda Z\u0259rdab rayonuna s\u0259f\u0259rl\u0259rini \u0259ks etdir\u0259n fotolar yer al\u0131b. \u00dcmumilikd\u0259 inzibati bina 6 otaqdan v\u0259 konfrans zal\u0131ndan ibar\u0259tdir. Zalda respublika v\u0259 rayon \u0259h\u0259miyy\u0259tli m\u00f6t\u0259b\u0259r t\u0259dbirl\u0259rin ke\u00e7irilm\u0259si n\u0259z\u0259rd\u0259 tutulur. Buradak\u0131 b\u00fct\u00fcn otaqlarda s\u0259m\u0259r\u0259li f\u0259aliyy\u0259t \u00fc\u00e7\u00fcn h\u0259r c\u00fcr \u015f\u0259rait yarad\u0131l\u0131b.<br \/>\nQeyd olundu ki, yeni binada informasiya-kommunikasiya texnologiyalar\u0131n\u0131n t\u0259tbiqi d\u0259 x\u00fcsusi diqq\u0259td\u0259 saxlan\u0131l\u0131b, b\u00fct\u00fcn otaqlar m\u00fcasir avadanl\u0131qla t\u0259chiz edilib. Binada m\u00fcasir havaland\u0131rma sistemi qura\u015fd\u0131r\u0131l\u0131b.<br \/>\nVur\u011fuland\u0131 ki, YAP Z\u0259rdab rayon t\u0259\u015fkilat\u0131 1993-c\u00fc il avqustun 14-d\u0259 t\u0259sis olunub. Haz\u0131rda 5 min 400 \u00fczv\u00fc olan qurum partiyan\u0131n 64 \u0259razi ilk t\u0259\u015fkilat\u0131n\u0131 birl\u0259\u015fdirir. T\u0259\u015fkilat\u0131n s\u0131ralar\u0131 \u0259sas\u0259n g\u0259ncl\u0259r hesab\u0131na ild\u0259n-il\u0259 art\u0131r. Onlar haz\u0131rda partiya \u00fczvl\u0259rinin 37 faizini, qad\u0131nlar is\u0259 44 faizini t\u0259\u015fkil edirl\u0259r.<br \/>\nPrezident \u0130lham \u018fliyev g\u00f6r\u00fcl\u0259n i\u015fl\u0259rd\u0259n raz\u0131l\u0131\u011f\u0131n\u0131 bildirdi, tap\u015f\u0131r\u0131q v\u0259 t\u00f6vsiy\u0259l\u0259rini verdi.<\/p>\n<p>Oktyabr\u0131n 7-d\u0259 Prezident \u0130lham \u018fliyev Z\u0259rdabda G\u0259ncl\u0259r M\u0259rk\u0259zinin a\u00e7\u0131l\u0131\u015f\u0131nda da i\u015ftirak etdi. D\u00f6vl\u0259t ba\u015f\u00e7\u0131s\u0131 m\u0259rk\u0259zin r\u0259mzi a\u00e7\u0131l\u0131\u015f\u0131n\u0131 bildir\u0259n lenti k\u0259sdi.<br \/>\nM\u0259rk\u0259zd\u0259 yarad\u0131lan \u015f\u0259raitl\u0259 tan\u0131\u015fl\u0131q zaman\u0131 m\u0259lumat verildi ki, Heyd\u0259r \u018fliyev Park\u0131nda yeni in\u015fa olunan G\u0259ncl\u0259r M\u0259rk\u0259zinin h\u0259y\u0259tind\u0259 XXX London Yay Olimpiya Oyunlar\u0131n\u0131n qalibl\u0259rinin v\u0259 olimpiya komandam\u0131z\u0131n Prezident \u0130lham \u018fliyev il\u0259 g\u00f6r\u00fc\u015fl\u0259rini \u0259ks etdir\u0259n fotostend yarad\u0131l\u0131b. M\u0259rk\u0259zin foyesind\u0259 \u00fcmummilli lider Heyd\u0259r \u018fliyevin v\u0259 Prezident \u0130lham \u018fliyevin ictimai-siyasi f\u0259aliyy\u0259tl\u0259rinin m\u00fcxt\u0259lif m\u0259qamlar\u0131n\u0131, Z\u0259rdaba s\u0259f\u0259rl\u0259rini \u0259ks etdir\u0259n fotolardan ibar\u0259t gu\u015f\u0259l\u0259r var.<br \/>\nQeyd olundu ki, G\u0259ncl\u0259r M\u0259rk\u0259zinin tikintisin\u0259 \u00f6t\u0259n ilin iyulunda ba\u015flan\u0131l\u0131b. Birm\u0259rt\u0259b\u0259li binan\u0131n \u00fcmumu sah\u0259si 615,5 kvadratmetrdir. M\u0259rk\u0259zin in\u015faat i\u015fl\u0259ri Prezident \u0130lham \u018fliyevin Z\u0259rdaba s\u0259f\u0259rind\u0259n sonra imzalad\u0131\u011f\u0131 2011-ci il 11 may tarixli S\u0259r\u0259ncam\u0131 il\u0259 ayr\u0131lan 2 milyon manat v\u0259sait hesab\u0131na apar\u0131l\u0131b. B\u00fct\u00fcn laz\u0131mi avadanl\u0131qla t\u0259chiz edil\u0259n on otaq v\u0259 r\u0259qs zal\u0131ndan ibar\u0259t m\u0259rk\u0259zd\u0259 g\u0259ncl\u0259r \u00f6z asud\u0259 vaxtlar\u0131n\u0131 maraql\u0131 ke\u00e7ir\u0259 bil\u0259rl\u0259r. Kinozalda m\u00fcxt\u0259lif filml\u0259rin n\u00fcmayi\u015fi n\u0259z\u0259rd\u0259 tutulur. Burada ayr\u0131ca kompyuter ota\u011f\u0131 da var. B\u00fct\u00fcn kompyuterl\u0259r s\u00fcr\u0259tli internet\u0259 qo\u015fulub. M\u0259rk\u0259zd\u0259 kompyuter, d\u0259rzilik kurslar\u0131 musiqi d\u0259rn\u0259kl\u0259ri t\u0259\u015fkil olunacaq. Binadak\u0131 kafe-barda g\u0259ncl\u0259rin istirah\u0259ti \u00fc\u00e7\u00fcn h\u0259r c\u00fcr \u015f\u0259rait yarad\u0131l\u0131b.<br \/>\nD\u00f6vl\u0259t ba\u015f\u00e7\u0131s\u0131 m\u0259rk\u0259zin r\u0259qs zal\u0131 il\u0259 tan\u0131\u015f oldu. Burada at\u0131c\u0131l\u0131q ota\u011f\u0131 v\u0259 bilyard zal\u0131 f\u0259aliyy\u0259t g\u00f6st\u0259rir. \u00dcmumilikd\u0259 M\u0259rk\u0259z g\u0259ncl\u0259rin asud\u0259 vaxtlar\u0131n\u0131n s\u0259m\u0259r\u0259li t\u0259\u015fkilind\u0259 m\u00fch\u00fcm rol oynayacaq.<br \/>\nM\u0259rk\u0259zl\u0259 tan\u0131\u015fl\u0131qdan sonra Prezident \u0130lham \u018fliyev m\u00fcvafiq tap\u015f\u0131r\u0131q v\u0259 t\u00f6vsiy\u0259l\u0259rini verdi.<\/p>\n<p>Sonra Prezident \u0130lham \u018fliyev K\u00fcll\u00fcl\u00fc-Z\u0259rdab su k\u0259m\u0259rinin tikintisind\u0259 i\u015fl\u0259rin gedi\u015fi il\u0259 tan\u0131\u015f oldu. D\u00f6vl\u0259t ba\u015fc\u0131s\u0131 K\u00fcll\u00fcl\u00fc-K\u00fcrd\u0259mir-Ucar su k\u0259m\u0259rinin plan\u0131 v\u0259 tikintisi prosesini \u0259ks etdir\u0259n stendl\u0259 tan\u0131\u015f oldu.<br \/>\n\u201cAz\u0259rsu\u201d A\u00e7\u0131q S\u0259hmdar C\u0259miyy\u0259tinin s\u0259dri Qorxmaz H\u00fcseynov K\u00fcll\u00fcl\u00fc su m\u0259nb\u0259yinin texniki g\u00f6st\u0259ricil\u0259ri bar\u0259d\u0259 m\u0259lumat verdi. Bildirildi ki, ASC-nin sifari\u015fi il\u0259 k\u0259m\u0259rin tikinti i\u015fl\u0259rin\u0259 cari ilin avqustunda ba\u015flan\u0131l\u0131b. K\u0259m\u0259rin istifad\u0259y\u0259 verilm\u0259si il\u0259 157 min n\u0259f\u0259rin su problemi h\u0259ll olunacaq.<br \/>\nQeyd olundu ki, k\u0259m\u0259rin Z\u0259rdab rayonunun \u0259razisind\u0259n ke\u00e7\u0259n hiss\u0259sinin uzunlu\u011fu 72 kilometrdir. Z\u0259rdab\u0131n 36 min n\u0259f\u0259r \u0259halisi bu su k\u0259m\u0259rind\u0259n istifad\u0259 ed\u0259c\u0259k. K\u00fcll\u00fcl\u00fcd\u0259 5 min kubmetrlik bir, Z\u0259rdabda is\u0259 h\u0259r biri 2 min kubmetrlik iki su anbar\u0131 tikilir. Suyun \u015f\u0259h\u0259r\u0259, B\u0259yimli q\u0259s\u0259b\u0259sin\u0259 v\u0259 rayonun 14 k\u0259ndin\u0259 verilm\u0259si n\u0259z\u0259rd\u0259 tutulur. Haz\u0131rda Heyd\u0259r \u018fliyev park\u0131nda tikil\u0259n \u015f\u0259lal\u0259 r\u0259mzi olaraq suyun art\u0131q Z\u0259rdaba g\u0259lib \u00e7atmas\u0131n\u0131 bildirir.<br \/>\nD\u00f6vl\u0259timizin ba\u015f\u00e7\u0131s\u0131 suyun \u015f\u0259h\u0259r\u0259 r\u0259mzi olaraq verilm\u0259sini t\u0259min ed\u0259n qur\u011funu i\u015f\u0259 salan d\u00fcym\u0259ni basd\u0131.<br \/>\nDiqq\u0259t\u0259 \u00e7atd\u0131r\u0131ld\u0131 ki, Z\u0259rdab \u015f\u0259h\u0259rinin su t\u0259chizat\u0131 v\u0259 kanalizasiya sisteml\u0259rinin yenid\u0259n qurulmas\u0131n\u0131n ilkin layih\u0259sind\u0259 i\u00e7m\u0259li su m\u0259nb\u0259yi kimi K\u00fcr \u00e7ay\u0131 q\u0259bul edils\u0259 d\u0259, apar\u0131lan ara\u015fd\u0131rmalardan v\u0259 texniki iqtisadi \u0259sasland\u0131rmadan sonra rayon m\u0259rk\u0259zi il\u0259 yana\u015f\u0131, k\u0259ndl\u0259rin d\u0259 i\u00e7m\u0259li su il\u0259 t\u0259min olunmas\u0131 \u00fc\u00e7\u00fcn keyfiyy\u0259tli v\u0259 bol ehtiyatlara malik K\u00fcll\u00fcl\u00fc m\u0259nb\u0259yin\u0259 \u00fcst\u00fcnl\u00fck verilib. Layih\u0259y\u0259 uy\u011fun olaraq Girdman\u00e7ay\u0131n A\u011fsu rayonu \u0259razisind\u0259n ke\u00e7\u0259n hiss\u0259sinin yax\u0131nl\u0131\u011f\u0131ndak\u0131 K\u00fcll\u00fcl\u00fcd\u0259 sug\u00f6t\u00fcr\u00fcc\u00fc drenaj sistemi tikilib v\u0259 buradan Z\u0259rdab \u015f\u0259h\u0259rin\u0259 magistral su k\u0259m\u0259ri \u00e7\u0259kilib. K\u00fcll\u00fcl\u00fc m\u0259nb\u0259yind\u0259n g\u00f6t\u00fcr\u00fcl\u0259n su rayon m\u0259rk\u0259zin\u0259 nasoslardan istifad\u0259 olunmadan \u00f6z\u00fcax\u0131ml\u0131 rejimd\u0259 verilir. Haz\u0131rda Z\u0259rdab \u015f\u0259h\u0259rin\u0259 veril\u0259n suyun yeni \u015f\u0259b\u0259k\u0259 haz\u0131r olana q\u0259d\u0259r m\u00f6vcud \u015f\u0259b\u0259k\u0259y\u0259 birl\u0259\u015fdirilm\u0259si istiqam\u0259tind\u0259 t\u0259dbirl\u0259r g\u00f6r\u00fcl\u00fcr. Layih\u0259 \u00e7\u0259r\u00e7iv\u0259sind\u0259 magistral k\u0259m\u0259rin ke\u00e7diyi \u0259razil\u0259rd\u0259 yerl\u0259\u015f\u0259n v\u0259 \u0259halisinin say\u0131 18 min n\u0259f\u0259rd\u0259n \u00e7ox olan 15 k\u0259nd\u0259 d\u0259 su veril\u0259c\u0259k. \u00dcmumilikd\u0259 layih\u0259 2035-ci il\u0259 q\u0259d\u0259r perspektiv inki\u015faf v\u0259 \u0259halinin art\u0131m\u0131 n\u0259z\u0259r\u0259 al\u0131nmaqla haz\u0131rlan\u0131b. Bu k\u0259m\u0259rl\u0259 istehlak\u00e7\u0131lara sutkada 8 min kubmetr su veril\u0259c\u0259k. Bununla yana\u015f\u0131, \u015f\u0259h\u0259r daxilind\u0259 m\u00fcxt\u0259lif diametrli 68 kilometr uzunlu\u011funda paylay\u0131c\u0131 su \u015f\u0259b\u0259k\u0259si v\u0259 52 kilometrlik kanalizasiya \u015f\u0259b\u0259k\u0259si yarad\u0131lacaq. Haz\u0131rda h\u0259min \u0259razid\u0259 tikinti i\u015fl\u0259ri davam etdirilir. \u201cZ\u0259rdab \u015f\u0259h\u0259rinin su t\u0259chizat\u0131 v\u0259 kanalizasiya sisteml\u0259rinin yenid\u0259n qurulmas\u0131\u201d layih\u0259si \u00fczr\u0259 i\u015fl\u0259rin 2013-c\u00fc ilin sentyabr\u0131nad\u0259k yekunla\u015fd\u0131r\u0131lmas\u0131 n\u0259z\u0259rd\u0259 tutulur.<br \/>\nPrezident \u0130lham \u018fliyev Z\u0259rdab su k\u0259m\u0259rini i\u015f\u0259 salandan sonra rayon ictimaiyy\u0259tinin n\u00fcmay\u0259nd\u0259l\u0259ri il\u0259 g\u00f6r\u00fc\u015fd\u00fc.<br \/>\nRayon ictimaiyy\u0259tinin n\u00fcmay\u0259nd\u0259l\u0259ri d\u00f6vl\u0259t ba\u015f\u00e7\u0131s\u0131na minn\u0259tdarl\u0131qlar\u0131n\u0131 bildirdil\u0259r.<br \/>\nSonda xatir\u0259 \u015f\u0259kli \u00e7\u0259kdirildi.<br \/>\nSonra d\u00f6vl\u0259timizin ba\u015f\u00e7\u0131s\u0131 Heyd\u0259r \u018fliyev park\u0131ndak\u0131 \u201cVeteranlar evi\u201dnd\u0259 yarad\u0131lan \u015f\u0259raitl\u0259 tan\u0131\u015f oldu.<br \/>\nZ\u0259rdab rayonunda g\u00f6r\u00fclm\u00fc\u015f i\u015fl\u0259ri y\u00fcks\u0259k qiym\u0259tl\u0259ndir\u0259n Prezident \u0130lham \u018fliyev tap\u015f\u0131r\u0131q v\u0259 t\u00f6vsiy\u0259l\u0259rini verdi.<\/p>\n","protected":false},"excerpt":{"rendered":"<p>Oktyabr\u0131n 7-d\u0259 Az\u0259rbaycan Prezidenti \u0130lham \u018fliyev regionlara s\u0259f\u0259ri \u00e7\u0259r\u00e7iv\u0259sind\u0259 Z\u0259rdab rayonunda oldu. D\u00f6vl\u0259t ba\u015f\u00e7\u0131s\u0131 xalq\u0131m\u0131z\u0131n \u00fcmummilli lideri Heyd\u0259r \u018fliyevin Z\u0259rdab \u015f\u0259h\u0259rinin m\u0259rk\u0259zind\u0259 ucald\u0131lm\u0131\u015f abid\u0259sini ziyar\u0259t ed\u0259r\u0259k \u00f6n\u00fcn\u0259 g\u00fcl d\u0259st\u0259si qoydu. Z\u0259rdab Rayon \u0130cra Hakimiyy\u0259tinin ba\u015f\u00e7\u0131s\u0131 L\u00fctv\u0259li Babayev Prezident \u0130lham \u018fliyev\u0259 rayonda apar\u0131lan abadl\u0131q-quruculuq i\u015fl\u0259ri bar\u0259d\u0259 m\u0259lumat verdi. Daha sonra Prezident \u0130lham \u018fliyev Z\u0259rdabda Heyd\u0259r \u018fliyev [&hellip;]<\/p>\n","protected":false},"author":1,"featured_media":0,"comment_status":"open","ping_status":"open","sticky":false,"template":"","format":"standard","meta":{"footnotes":""},"categories":[21],"tags":[],"class_list":{"0":"post-5026","1":"post","2":"type-post","3":"status-publish","4":"format-standard","6":"category-zrdab"},"yoast_head":"<!-- This site is optimized with the Yoast SEO plugin v27.0 - https:\/\/yoast.com\/product\/yoast-seo-wordpress\/ -->\n<title>Az\u0259rbaycan Prezidenti \u0130lham \u018fliyev Z\u0259rdab rayonuna s\u0259f\u0259r edib - Z\u0259rdab.com<\/title>\n<meta name=\"robots\" content=\"index, follow, max-snippet:-1, max-image-preview:large, max-video-preview:-1\" \/>\n<link rel=\"canonical\" href=\"https:\/\/www.zerdab.com\/?p=5026\" \/>\n<meta property=\"og:locale\" content=\"az_AZ\" \/>\n<meta property=\"og:type\" content=\"article\" \/>\n<meta property=\"og:title\" content=\"Az\u0259rbaycan Prezidenti \u0130lham \u018fliyev Z\u0259rdab rayonuna s\u0259f\u0259r edib - Z\u0259rdab.com\" \/>\n<meta property=\"og:description\" content=\"Oktyabr\u0131n 7-d\u0259 Az\u0259rbaycan Prezidenti \u0130lham \u018fliyev regionlara s\u0259f\u0259ri \u00e7\u0259r\u00e7iv\u0259sind\u0259 Z\u0259rdab rayonunda oldu. D\u00f6vl\u0259t ba\u015f\u00e7\u0131s\u0131 xalq\u0131m\u0131z\u0131n \u00fcmummilli lideri Heyd\u0259r \u018fliyevin Z\u0259rdab \u015f\u0259h\u0259rinin m\u0259rk\u0259zind\u0259 ucald\u0131lm\u0131\u015f abid\u0259sini ziyar\u0259t ed\u0259r\u0259k \u00f6n\u00fcn\u0259 g\u00fcl d\u0259st\u0259si qoydu. Z\u0259rdab Rayon \u0130cra Hakimiyy\u0259tinin ba\u015f\u00e7\u0131s\u0131 L\u00fctv\u0259li Babayev Prezident \u0130lham \u018fliyev\u0259 rayonda apar\u0131lan abadl\u0131q-quruculuq i\u015fl\u0259ri bar\u0259d\u0259 m\u0259lumat verdi. Daha sonra Prezident \u0130lham \u018fliyev Z\u0259rdabda Heyd\u0259r \u018fliyev [&hellip;]\" \/>\n<meta property=\"og:url\" content=\"https:\/\/www.zerdab.com\/?p=5026\" \/>\n<meta property=\"og:site_name\" content=\"Z\u0259rdab.com\" \/>\n<meta property=\"article:published_time\" content=\"2012-10-07T14:13:48+00:00\" \/>\n<meta property=\"article:modified_time\" content=\"2012-10-08T06:13:56+00:00\" \/>\n<meta property=\"og:image\" content=\"http:\/\/www.zerdab.com\/wp-content\/uploads\/2012\/10\/6-350x248.jpg\" \/>\n<meta name=\"author\" content=\"admin\" \/>\n<meta name=\"twitter:card\" content=\"summary_large_image\" \/>\n<meta name=\"twitter:label1\" content=\"Written by\" \/>\n\t<meta name=\"twitter:data1\" content=\"admin\" \/>\n\t<meta name=\"twitter:label2\" content=\"Est. reading time\" \/>\n\t<meta name=\"twitter:data2\" content=\"10 minutes\" \/>\n<script type=\"application\/ld+json\" class=\"yoast-schema-graph\">{\"@context\":\"https:\/\/schema.org\",\"@graph\":[{\"@type\":\"Article\",\"@id\":\"https:\/\/www.zerdab.com\/?p=5026#article\",\"isPartOf\":{\"@id\":\"https:\/\/www.zerdab.com\/?p=5026\"},\"author\":{\"name\":\"admin\",\"@id\":\"https:\/\/www.zerdab.com\/#\/schema\/person\/97079b7570c1e89ec0d9e138c3672136\"},\"headline\":\"Az\u0259rbaycan Prezidenti \u0130lham \u018fliyev Z\u0259rdab rayonuna s\u0259f\u0259r edib\",\"datePublished\":\"2012-10-07T14:13:48+00:00\",\"dateModified\":\"2012-10-08T06:13:56+00:00\",\"mainEntityOfPage\":{\"@id\":\"https:\/\/www.zerdab.com\/?p=5026\"},\"wordCount\":1987,\"commentCount\":2,\"image\":{\"@id\":\"https:\/\/www.zerdab.com\/?p=5026#primaryimage\"},\"thumbnailUrl\":\"http:\/\/www.zerdab.com\/wp-content\/uploads\/2012\/10\/6-350x248.jpg\",\"articleSection\":[\"C\u018fM\u0130YY\u018fT\"],\"inLanguage\":\"az\",\"potentialAction\":[{\"@type\":\"CommentAction\",\"name\":\"Comment\",\"target\":[\"https:\/\/www.zerdab.com\/?p=5026#respond\"]}]},{\"@type\":\"WebPage\",\"@id\":\"https:\/\/www.zerdab.com\/?p=5026\",\"url\":\"https:\/\/www.zerdab.com\/?p=5026\",\"name\":\"Az\u0259rbaycan Prezidenti \u0130lham \u018fliyev Z\u0259rdab rayonuna s\u0259f\u0259r edib - Z\u0259rdab.com\",\"isPartOf\":{\"@id\":\"https:\/\/www.zerdab.com\/#website\"},\"primaryImageOfPage\":{\"@id\":\"https:\/\/www.zerdab.com\/?p=5026#primaryimage\"},\"image\":{\"@id\":\"https:\/\/www.zerdab.com\/?p=5026#primaryimage\"},\"thumbnailUrl\":\"http:\/\/www.zerdab.com\/wp-content\/uploads\/2012\/10\/6-350x248.jpg\",\"datePublished\":\"2012-10-07T14:13:48+00:00\",\"dateModified\":\"2012-10-08T06:13:56+00:00\",\"author\":{\"@id\":\"https:\/\/www.zerdab.com\/#\/schema\/person\/97079b7570c1e89ec0d9e138c3672136\"},\"breadcrumb\":{\"@id\":\"https:\/\/www.zerdab.com\/?p=5026#breadcrumb\"},\"inLanguage\":\"az\",\"potentialAction\":[{\"@type\":\"ReadAction\",\"target\":[\"https:\/\/www.zerdab.com\/?p=5026\"]}]},{\"@type\":\"ImageObject\",\"inLanguage\":\"az\",\"@id\":\"https:\/\/www.zerdab.com\/?p=5026#primaryimage\",\"url\":\"\",\"contentUrl\":\"\"},{\"@type\":\"BreadcrumbList\",\"@id\":\"https:\/\/www.zerdab.com\/?p=5026#breadcrumb\",\"itemListElement\":[{\"@type\":\"ListItem\",\"position\":1,\"name\":\"Home\",\"item\":\"https:\/\/www.zerdab.com\/\"},{\"@type\":\"ListItem\",\"position\":2,\"name\":\"Az\u0259rbaycan Prezidenti \u0130lham \u018fliyev Z\u0259rdab rayonuna s\u0259f\u0259r edib\"}]},{\"@type\":\"WebSite\",\"@id\":\"https:\/\/www.zerdab.com\/#website\",\"url\":\"https:\/\/www.zerdab.com\/\",\"name\":\"Z\u0259rdab.com\",\"description\":\"\",\"potentialAction\":[{\"@type\":\"SearchAction\",\"target\":{\"@type\":\"EntryPoint\",\"urlTemplate\":\"https:\/\/www.zerdab.com\/?s={search_term_string}\"},\"query-input\":{\"@type\":\"PropertyValueSpecification\",\"valueRequired\":true,\"valueName\":\"search_term_string\"}}],\"inLanguage\":\"az\"},{\"@type\":\"Person\",\"@id\":\"https:\/\/www.zerdab.com\/#\/schema\/person\/97079b7570c1e89ec0d9e138c3672136\",\"name\":\"admin\",\"image\":{\"@type\":\"ImageObject\",\"inLanguage\":\"az\",\"@id\":\"https:\/\/www.zerdab.com\/#\/schema\/person\/image\/\",\"url\":\"https:\/\/secure.gravatar.com\/avatar\/d9c52a9a27c32119cb6679a077fa3e2779e5f822c451cbf01098004361d466ec?s=96&d=mm&r=g\",\"contentUrl\":\"https:\/\/secure.gravatar.com\/avatar\/d9c52a9a27c32119cb6679a077fa3e2779e5f822c451cbf01098004361d466ec?s=96&d=mm&r=g\",\"caption\":\"admin\"},\"url\":\"https:\/\/www.zerdab.com\/?author=1\"}]}<\/script>\n<!-- \/ Yoast SEO plugin. -->","yoast_head_json":{"title":"Az\u0259rbaycan Prezidenti \u0130lham \u018fliyev Z\u0259rdab rayonuna s\u0259f\u0259r edib - Z\u0259rdab.com","robots":{"index":"index","follow":"follow","max-snippet":"max-snippet:-1","max-image-preview":"max-image-preview:large","max-video-preview":"max-video-preview:-1"},"canonical":"https:\/\/www.zerdab.com\/?p=5026","og_locale":"az_AZ","og_type":"article","og_title":"Az\u0259rbaycan Prezidenti \u0130lham \u018fliyev Z\u0259rdab rayonuna s\u0259f\u0259r edib - Z\u0259rdab.com","og_description":"Oktyabr\u0131n 7-d\u0259 Az\u0259rbaycan Prezidenti \u0130lham \u018fliyev regionlara s\u0259f\u0259ri \u00e7\u0259r\u00e7iv\u0259sind\u0259 Z\u0259rdab rayonunda oldu. D\u00f6vl\u0259t ba\u015f\u00e7\u0131s\u0131 xalq\u0131m\u0131z\u0131n \u00fcmummilli lideri Heyd\u0259r \u018fliyevin Z\u0259rdab \u015f\u0259h\u0259rinin m\u0259rk\u0259zind\u0259 ucald\u0131lm\u0131\u015f abid\u0259sini ziyar\u0259t ed\u0259r\u0259k \u00f6n\u00fcn\u0259 g\u00fcl d\u0259st\u0259si qoydu. Z\u0259rdab Rayon \u0130cra Hakimiyy\u0259tinin ba\u015f\u00e7\u0131s\u0131 L\u00fctv\u0259li Babayev Prezident \u0130lham \u018fliyev\u0259 rayonda apar\u0131lan abadl\u0131q-quruculuq i\u015fl\u0259ri bar\u0259d\u0259 m\u0259lumat verdi. Daha sonra Prezident \u0130lham \u018fliyev Z\u0259rdabda Heyd\u0259r \u018fliyev [&hellip;]","og_url":"https:\/\/www.zerdab.com\/?p=5026","og_site_name":"Z\u0259rdab.com","article_published_time":"2012-10-07T14:13:48+00:00","article_modified_time":"2012-10-08T06:13:56+00:00","og_image":[{"url":"http:\/\/www.zerdab.com\/wp-content\/uploads\/2012\/10\/6-350x248.jpg","type":"","width":"","height":""}],"author":"admin","twitter_card":"summary_large_image","twitter_misc":{"Written by":"admin","Est. reading time":"10 minutes"},"schema":{"@context":"https:\/\/schema.org","@graph":[{"@type":"Article","@id":"https:\/\/www.zerdab.com\/?p=5026#article","isPartOf":{"@id":"https:\/\/www.zerdab.com\/?p=5026"},"author":{"name":"admin","@id":"https:\/\/www.zerdab.com\/#\/schema\/person\/97079b7570c1e89ec0d9e138c3672136"},"headline":"Az\u0259rbaycan Prezidenti \u0130lham \u018fliyev Z\u0259rdab rayonuna s\u0259f\u0259r edib","datePublished":"2012-10-07T14:13:48+00:00","dateModified":"2012-10-08T06:13:56+00:00","mainEntityOfPage":{"@id":"https:\/\/www.zerdab.com\/?p=5026"},"wordCount":1987,"commentCount":2,"image":{"@id":"https:\/\/www.zerdab.com\/?p=5026#primaryimage"},"thumbnailUrl":"http:\/\/www.zerdab.com\/wp-content\/uploads\/2012\/10\/6-350x248.jpg","articleSection":["C\u018fM\u0130YY\u018fT"],"inLanguage":"az","potentialAction":[{"@type":"CommentAction","name":"Comment","target":["https:\/\/www.zerdab.com\/?p=5026#respond"]}]},{"@type":"WebPage","@id":"https:\/\/www.zerdab.com\/?p=5026","url":"https:\/\/www.zerdab.com\/?p=5026","name":"Az\u0259rbaycan Prezidenti \u0130lham \u018fliyev Z\u0259rdab rayonuna s\u0259f\u0259r edib - Z\u0259rdab.com","isPartOf":{"@id":"https:\/\/www.zerdab.com\/#website"},"primaryImageOfPage":{"@id":"https:\/\/www.zerdab.com\/?p=5026#primaryimage"},"image":{"@id":"https:\/\/www.zerdab.com\/?p=5026#primaryimage"},"thumbnailUrl":"http:\/\/www.zerdab.com\/wp-content\/uploads\/2012\/10\/6-350x248.jpg","datePublished":"2012-10-07T14:13:48+00:00","dateModified":"2012-10-08T06:13:56+00:00","author":{"@id":"https:\/\/www.zerdab.com\/#\/schema\/person\/97079b7570c1e89ec0d9e138c3672136"},"breadcrumb":{"@id":"https:\/\/www.zerdab.com\/?p=5026#breadcrumb"},"inLanguage":"az","potentialAction":[{"@type":"ReadAction","target":["https:\/\/www.zerdab.com\/?p=5026"]}]},{"@type":"ImageObject","inLanguage":"az","@id":"https:\/\/www.zerdab.com\/?p=5026#primaryimage","url":"","contentUrl":""},{"@type":"BreadcrumbList","@id":"https:\/\/www.zerdab.com\/?p=5026#breadcrumb","itemListElement":[{"@type":"ListItem","position":1,"name":"Home","item":"https:\/\/www.zerdab.com\/"},{"@type":"ListItem","position":2,"name":"Az\u0259rbaycan Prezidenti \u0130lham \u018fliyev Z\u0259rdab rayonuna s\u0259f\u0259r edib"}]},{"@type":"WebSite","@id":"https:\/\/www.zerdab.com\/#website","url":"https:\/\/www.zerdab.com\/","name":"Z\u0259rdab.com","description":"","potentialAction":[{"@type":"SearchAction","target":{"@type":"EntryPoint","urlTemplate":"https:\/\/www.zerdab.com\/?s={search_term_string}"},"query-input":{"@type":"PropertyValueSpecification","valueRequired":true,"valueName":"search_term_string"}}],"inLanguage":"az"},{"@type":"Person","@id":"https:\/\/www.zerdab.com\/#\/schema\/person\/97079b7570c1e89ec0d9e138c3672136","name":"admin","image":{"@type":"ImageObject","inLanguage":"az","@id":"https:\/\/www.zerdab.com\/#\/schema\/person\/image\/","url":"https:\/\/secure.gravatar.com\/avatar\/d9c52a9a27c32119cb6679a077fa3e2779e5f822c451cbf01098004361d466ec?s=96&d=mm&r=g","contentUrl":"https:\/\/secure.gravatar.com\/avatar\/d9c52a9a27c32119cb6679a077fa3e2779e5f822c451cbf01098004361d466ec?s=96&d=mm&r=g","caption":"admin"},"url":"https:\/\/www.zerdab.com\/?author=1"}]}},"_links":{"self":[{"href":"https:\/\/www.zerdab.com\/index.php?rest_route=\/wp\/v2\/posts\/5026","targetHints":{"allow":["GET"]}}],"collection":[{"href":"https:\/\/www.zerdab.com\/index.php?rest_route=\/wp\/v2\/posts"}],"about":[{"href":"https:\/\/www.zerdab.com\/index.php?rest_route=\/wp\/v2\/types\/post"}],"author":[{"embeddable":true,"href":"https:\/\/www.zerdab.com\/index.php?rest_route=\/wp\/v2\/users\/1"}],"replies":[{"embeddable":true,"href":"https:\/\/www.zerdab.com\/index.php?rest_route=%2Fwp%2Fv2%2Fcomments&post=5026"}],"version-history":[{"count":11,"href":"https:\/\/www.zerdab.com\/index.php?rest_route=\/wp\/v2\/posts\/5026\/revisions"}],"predecessor-version":[{"id":5041,"href":"https:\/\/www.zerdab.com\/index.php?rest_route=\/wp\/v2\/posts\/5026\/revisions\/5041"}],"wp:attachment":[{"href":"https:\/\/www.zerdab.com\/index.php?rest_route=%2Fwp%2Fv2%2Fmedia&parent=5026"}],"wp:term":[{"taxonomy":"category","embeddable":true,"href":"https:\/\/www.zerdab.com\/index.php?rest_route=%2Fwp%2Fv2%2Fcategories&post=5026"},{"taxonomy":"post_tag","embeddable":true,"href":"https:\/\/www.zerdab.com\/index.php?rest_route=%2Fwp%2Fv2%2Ftags&post=5026"}],"curies":[{"name":"wp","href":"https:\/\/api.w.org\/{rel}","templated":true}]}}