{"id":5088,"date":"2012-10-09T22:26:45","date_gmt":"2012-10-09T17:26:45","guid":{"rendered":"http:\/\/www.zerdab.com\/?p=5088"},"modified":"2012-10-10T11:54:30","modified_gmt":"2012-10-10T06:54:30","slug":"prezident-ilham-%c9%99liyev-z%c9%99rdabin-inkisafina-boyuk-diqq%c9%99t-gost%c9%99rilir","status":"publish","type":"post","link":"https:\/\/www.zerdab.com\/?p=5088","title":{"rendered":"Prezident \u0130lham \u018fliyev: &#8220;Z\u0259rdab\u0131n inki\u015faf\u0131na b\u00f6y\u00fck diqq\u0259t g\u00f6st\u0259rilir&#8221;"},"content":{"rendered":"<div>\n<figure id=\"attachment_5090\" aria-describedby=\"caption-attachment-5090\" style=\"width: 451px\" class=\"wp-caption alignleft\"><a href=\"http:\/\/www.zerdab.com\/wp-content\/uploads\/2012\/10\/213.jpg\"><img loading=\"lazy\" decoding=\"async\" class=\" wp-image-5090\" title=\"Prezident_Z\u0259rdabda\" src=\"http:\/\/www.zerdab.com\/wp-content\/uploads\/2012\/10\/213.jpg\" alt=\"\" width=\"451\" height=\"286\" \/><\/a><figcaption id=\"caption-attachment-5090\" class=\"wp-caption-text\"><strong><span style=\"color: #ff0000;\">\u0130lham \u018fliyev: &#8220;Z\u0259rdab\u0131n inki\u015faf\u0131na b\u00f6y\u00fck diqq\u0259t g\u00f6st\u0259rilir. Z\u0259rdabda quruculuq, abadl\u0131q i\u015fl\u0259ri apar\u0131l\u0131r. Dig\u0259r layih\u0259l\u0259rin icras\u0131, \u0259min\u0259m ki, Z\u0259rdab\u0131n g\u0259l\u0259c\u0259k inki\u015faf\u0131n\u0131 t\u0259min ed\u0259c\u0259k&#8221;.<\/span><\/strong><\/figcaption><\/figure>\n<p><strong><span style=\"color: #0000ff;\">www.zerdab.com<\/span> sayt\u0131 Prezident \u0130lham \u018fliyevin K\u00fcll\u00fcl\u00fc-Z\u0259rdab magistral su k\u0259m\u0259rinin a\u00e7\u0131l\u0131\u015f\u0131nda <strong>rayon ictimaiyy\u0259tinin n\u00fcmay\u0259nd\u0259l\u0259ri v\u0259 k\u0259m\u0259rin \u00e7\u0259kilm\u0259sind\u0259 i\u015ftirak ed\u0259n in\u015faat\u00e7\u0131larla g\u00f6r\u00fc\u015f\u00fcnd\u0259ki <\/strong>\u00e7\u0131x\u0131\u015f\u0131n\u0131 t\u0259qdim edir:<\/strong> \u201c\u018fziz dostlar, \u0259ziz z\u0259rdabl\u0131lar! Bu g\u00fcn Z\u0259rdab rayonunun tarixind\u0259 \u00e7ox \u0259lam\u0259tdar bir g\u00fcnd\u00fcr. Bu g\u00fcn Z\u0259rdabda b\u00f6y\u00fck su layih\u0259sinin ba\u015flamas\u0131n\u0131 qeyd edirik. Bu layih\u0259nin icras\u0131 imkan ver\u0259c\u0259k ki, z\u0259rdabl\u0131lar t\u0259miz i\u00e7m\u0259li su il\u0259 t\u0259min olunsunlar. \u018flb\u0259tt\u0259, bu, rayonun inki\u015faf\u0131, insanlar\u0131n sa\u011flaml\u0131\u011f\u0131 \u00fc\u00e7\u00fcn \u00e7ox b\u00f6y\u00fck m\u0259na da\u015f\u0131y\u0131r. \u0130\u00e7m\u0259li su h\u0259yat dem\u0259kdir. T\u0259miz i\u00e7m\u0259li su is\u0259 sa\u011flam h\u0259yat dem\u0259kdir. Bir ne\u00e7\u0259 g\u00fcnd\u0259n sonra 72 kilometr uzunlu\u011funda k\u0259m\u0259r vasit\u0259sil\u0259 veril\u0259n su daxili \u015f\u0259b\u0259k\u0259y\u0259 birl\u0259\u015fdiril\u0259c\u0259k v\u0259 bel\u0259likl\u0259, su evl\u0259r\u0259 paylanacaq.<\/p>\n<p>Haz\u0131rda z\u0259rdabl\u0131lar suyu fasil\u0259l\u0259rl\u0259 al\u0131rlar. \u015e\u0259h\u0259rin yar\u0131s\u0131 dem\u0259k olar ki, bu probleml\u0259 \u00fczl\u0259\u015fir v\u0259 su q\u0131tl\u0131\u011f\u0131 m\u00fc\u015fahid\u0259 olunur. Bu layih\u0259 ba\u015fa \u00e7atandan sonra art\u0131q Z\u0259rdabda v\u0259t\u0259nda\u015flar 24 saat i\u00e7m\u0259li su alacaqlar.<\/p>\n<p>Bu, do\u011frudan da b\u00f6y\u00fck tarixi layih\u0259dir. \u00c7\u00fcnki uzun ill\u0259r \u0259rzind\u0259, onillikl\u0259r \u0259rzind\u0259 su problemi dem\u0259k olar ki, b\u00fct\u00fcn rayonlar \u00fc\u00e7\u00fcn xas idi. Haz\u0131rda b\u00fct\u00fcn rayonlarda su-kanalizasiya layih\u0259l\u0259ri icra edilir v\u0259 \u00e7al\u0131\u015f\u0131r\u0131q ki, g\u0259l\u0259n ilin sonuna q\u0259d\u0259r b\u00fct\u00fcn rayonlarda, rayon m\u0259rk\u0259zl\u0259rind\u0259 i\u00e7m\u0259li su layih\u0259l\u0259ri ba\u015fa \u00e7ats\u0131n.<\/p>\n<p>Bu layih\u0259 \u00e7ox b\u00f6y\u00fck maliyy\u0259 v\u0259saiti t\u0259l\u0259b edir v\u0259 Az\u0259rbaycan d\u00f6vl\u0259ti maliyy\u0259 y\u00fck\u00fcn\u00fcn \u0259sas hiss\u0259sini \u00f6z \u00fcz\u0259rin\u0259 g\u00f6t\u00fcrm\u00fc\u015fd\u00fcr. B\u0259zi rayonlarda b\u0259zi layih\u0259l\u0259r xarici maliyy\u0259 qurumlar\u0131n\u0131n kreditl\u0259ri il\u0259 icra edilir. Ancaq \u0259sas y\u00fck Az\u0259rbaycan d\u00f6vl\u0259tinin \u00fcz\u0259rin\u0259 d\u00fc\u015f\u00fcr. Bu, bel\u0259 d\u0259 olmal\u0131d\u0131r. \u00c7\u00fcnki bizim sosial siyas\u0259timiz insanlar\u0131n rahatl\u0131\u011f\u0131n\u0131 t\u0259min etm\u0259k \u00fc\u00e7\u00fcn apar\u0131l\u0131r. Bizim siyas\u0259timizin t\u0259m\u0259lind\u0259 Az\u0259rbaycan v\u0259t\u0259nda\u015f\u0131d\u0131r v\u0259 Az\u0259rbaycan v\u0259t\u0259nda\u015f\u0131n\u0131n rahat, firavan ya\u015famas\u0131 bizim \u0259sas m\u0259qs\u0259dimizdir.<\/p>\n<p>B\u00fct\u00fcn infrastruktur layih\u0259l\u0259rinin i\u00e7\u0259risind\u0259 i\u00e7m\u0259li su layih\u0259si x\u00fcsusi m\u0259na da\u015f\u0131y\u0131r. D\u00fczd\u00fcr, son ill\u0259r \u0259rzind\u0259 b\u00fct\u00fcn b\u00f6lg\u0259l\u0259rd\u0259 dig\u0259r vacib infrastruktur layih\u0259l\u0259ri h\u0259yata ke\u00e7irilib, magistral yollar, k\u0259nd yollar\u0131 \u00e7\u0259kilir, o c\u00fcml\u0259d\u0259n Z\u0259rdab rayonunda bir ne\u00e7\u0259 k\u0259ndi birl\u0259\u015fdir\u0259n yeni yollar \u00e7\u0259kilmi\u015fdir, elektrik enerjisinin verilm\u0259si b\u00f6y\u00fck d\u0259r\u0259c\u0259d\u0259 yax\u015f\u0131la\u015fd\u0131r\u0131lm\u0131\u015fd\u0131r. Dem\u0259k olar ki, \u00f6lk\u0259 \u00fczr\u0259 bu ciddi problem art\u0131q aradan g\u00f6t\u00fcr\u00fcl\u00fcb. \u018flb\u0259tt\u0259, t\u0259kmill\u0259\u015fdirm\u0259 i\u015fl\u0259ri apar\u0131lmal\u0131d\u0131r v\u0259 apar\u0131l\u0131r. Amma biz bu problemi k\u00f6kl\u00fc \u015f\u0259kild\u0259 h\u0259ll etmi\u015fik. Qazla\u015fd\u0131rma prosesi gedir. Z\u0259rdab \u015f\u0259h\u0259rinin qazla t\u0259minat\u0131 art\u0131q realla\u015f\u0131b v\u0259 \u0259traf k\u0259ndl\u0259r\u0259 d\u0259 qaz x\u0259tl\u0259ri \u00e7\u0259kilir. Bu layih\u0259l\u0259rin i\u00e7ind\u0259 i\u00e7m\u0259li su layih\u0259si x\u00fcsusi m\u0259na da\u015f\u0131y\u0131r. \u00c7\u00fcnki insan susuz ya\u015faya bilm\u0259z. Keyfiyy\u0259tsiz su insan\u0131n sa\u011flaml\u0131\u011f\u0131na birba\u015fa ziyan vurur. Biz \u00e7al\u0131\u015fmal\u0131y\u0131q v\u0259 \u00e7al\u0131\u015f\u0131r\u0131q ki, b\u00fct\u00fcn b\u00f6lg\u0259l\u0259rd\u0259 \u0259haliy\u0259 veril\u0259n i\u00e7m\u0259li su D\u00fcnya S\u0259hiyy\u0259 T\u0259\u015fkilat\u0131n\u0131n standartlar\u0131na cavab versin. \u018fmin\u0259m ki, buna nail olaca\u011f\u0131q. Z\u0259rdab rayonuna veril\u0259n i\u00e7m\u0259li su \u00e7ox g\u00f6z\u0259l, t\u0259miz m\u0259nb\u0259d\u0259n g\u0259l\u0259n sudur, keyfiyy\u0259tli sudur v\u0259 bir ne\u00e7\u0259 g\u00fcnd\u0259n sonra z\u0259rdabl\u0131lar bunu g\u00f6r\u0259c\u0259kl\u0259r.<\/p>\n<p>Bu layih\u0259nin b\u00f6y\u00fck m\u0259nas\u0131, b\u00f6y\u00fck \u0259h\u0259miyy\u0259ti vard\u0131r. \u00c7\u00fcnki bir daha dem\u0259k ist\u0259yir\u0259m ki, bizd\u0259 i\u00e7m\u0259li su problemi h\u0259mi\u015f\u0259, b\u00fct\u00fcn d\u00f6vrl\u0259rd\u0259 olub. T\u0259dric\u0259n bu m\u0259s\u0259l\u0259 \u00f6z h\u0259llini tapmaqdad\u0131r v\u0259 h\u0259r bir b\u00f6lg\u0259 \u00fc\u00e7\u00fcn konkret investisiya proqram\u0131, konkret proqramlar, planlar vard\u0131r. Bu i\u015fl\u0259r plan \u00fczr\u0259 gedir v\u0259 qar\u015f\u0131ya m\u0259qs\u0259d qoyulub ki, g\u0259l\u0259n ilin sonuna q\u0259d\u0259r \u0259ks\u0259r layih\u0259l\u0259r icra edilsin. Y\u0259ni, biz b\u00fct\u00fcn rayon m\u0259rk\u0259zl\u0259rini g\u0259l\u0259n ilin sonuna q\u0259d\u0259r i\u00e7m\u0259li su il\u0259 t\u0259min etm\u0259liyik. Bununla paralel olaraq, \u0259traf k\u0259ndl\u0259r\u0259 d\u0259 t\u0259miz i\u00e7m\u0259li su verilm\u0259lidir. Ondan sonrak\u0131 m\u0259rh\u0259l\u0259d\u0259 daha da geni\u015f miqyasda bu layih\u0259l\u0259r icra edil\u0259c\u0259kdir. Eyni zamanda, kanalizasiya layih\u0259l\u0259ri d\u0259 icra edil\u0259c\u0259k.<\/p>\n<p>Biz bu m\u0259s\u0259l\u0259ni h\u0259ll etdikd\u0259n sonra dem\u0259k olar ki, infrastruktur layih\u0259l\u0259ri aras\u0131nda h\u0259llini g\u00f6zl\u0259y\u0259n m\u0259s\u0259l\u0259 qalmayacaqd\u0131r. Bu m\u0259s\u0259l\u0259 il\u0259 ba\u011fl\u0131 bir ne\u00e7\u0259 il bundan \u0259vv\u0259l konkret tap\u015f\u0131r\u0131qlar verilmi\u015fdir. D\u00f6vl\u0259t \u0130nvestisiya Proqram\u0131nda su layih\u0259l\u0259ri n\u0259z\u0259rd\u0259 tutulur. Bu, bir daha Az\u0259rbaycan h\u00f6kum\u0259tinin, d\u00f6vl\u0259tinin siyas\u0259tini \u0259ks etdirir. Biz bazar iqtisadiyyat\u0131 prinsipl\u0259rin\u0259 sadiqik v\u0259 indi \u00f6lk\u0259 iqtisadiyyat\u0131 u\u011furla inki\u015faf edir. Bu, biz\u0259 imkan verir ki, sosial m\u0259s\u0259l\u0259l\u0259rin h\u0259llin\u0259 laz\u0131mi s\u0259viyy\u0259d\u0259 maliyy\u0259 v\u0259saiti ay\u0131raq v\u0259 bunu edirik.<\/p>\n<p>Su layih\u0259si s\u0131rf sosialy\u00f6n\u00fcml\u00fc layih\u0259dir. \u00c7\u00fcnki bu layih\u0259nin d\u00f6vl\u0259t \u00fc\u00e7\u00fcn he\u00e7 bir kommersiya \u00f6n\u0259mi yoxdur. Az\u0259rbaycanda su tarifl\u0259ri \u00e7ox a\u015fa\u011f\u0131d\u0131r v\u0259 bu layih\u0259l\u0259r\u0259 qoyulan v\u0259sait he\u00e7 vaxt, y\u0259ni, su tarifl\u0259rinin \u00f6d\u0259nilm\u0259si hesab\u0131na qaytar\u0131la bilm\u0259z. Bu, bir daha Az\u0259rbaycan d\u00f6vl\u0259tinin n\u0259 q\u0259d\u0259r g\u00fccl\u00fc sosial siyas\u0259t apard\u0131\u011f\u0131n\u0131 g\u00f6st\u0259rir.<\/p>\n<p>Bu, bel\u0259 d\u0259 olmal\u0131d\u0131r. \u00c7\u00fcnki \u00f6lk\u0259miz inki\u015faf edir, \u00f6lk\u0259mizin b\u00fct\u00fcn b\u00f6lg\u0259l\u0259ri inki\u015faf edir v\u0259 biz \u00e7al\u0131\u015f\u0131r\u0131q, \u00e7al\u0131\u015fmal\u0131y\u0131q ki, Az\u0259rbaycan v\u0259t\u0259nda\u015flar\u0131 \u00fc\u00e7\u00fcn daha da yax\u015f\u0131 \u015f\u0259rait yaradaq. H\u0259r bir v\u0259t\u0259nda\u015f \u00fc\u00e7\u00fcn ya\u015fad\u0131\u011f\u0131 yerd\u0259n as\u0131l\u0131 olmayaraq, g\u00f6z\u0259l \u015f\u0259rait yarad\u0131lmal\u0131d\u0131r. \u0130nsanlar i\u015fl\u0259 t\u0259min olunmal\u0131d\u0131r, t\u0259hl\u00fck\u0259sizlik t\u0259min edilm\u0259lidir, s\u0259hiyy\u0259, t\u0259hsil ocaqlar\u0131 tikilm\u0259lidir. \u0130nfrastruktur layih\u0259l\u0259rinin icras\u0131, \u0259lb\u0259tt\u0259 ki, \u00fcmumi i\u015fl\u0259rd\u0259 m\u00fch\u00fcm yer tutur. Son ill\u0259r \u0259rzind\u0259 \u00f6lk\u0259mizd\u0259 h\u0259yata ke\u00e7iril\u0259n infrastruktur layih\u0259l\u0259ri, art\u0131q \u00f6z g\u00f6z\u0259l n\u0259tic\u0259sini verir.<\/p>\n<p>Bu g\u00fcn h\u0259m Z\u0259rdab, h\u0259m d\u0259 \u00fcmumiyy\u0259tl\u0259 \u00f6lk\u0259 \u00fc\u00e7\u00fcn \u00e7ox \u0259lam\u0259tdar bir g\u00fcnd\u00fcr. \u00c7\u00fcnki qeyd etdiyim kimi, b\u00fct\u00fcn b\u00f6lg\u0259l\u0259rd\u0259 i\u00e7m\u0259li su layih\u0259l\u0259ri art\u0131q icra edilir, yaxud da ki, onlar\u0131n icras\u0131na haz\u0131rl\u0131q i\u015fl\u0259ri apar\u0131l\u0131r. Onlar\u0131n i\u00e7ind\u0259 birinci layih\u0259 m\u0259hz Z\u0259rdabda realla\u015f\u0131r. Ona g\u00f6r\u0259 bu g\u00fcn tarixd\u0259 qalacaqd\u0131r. Bu g\u00fcn yeni layih\u0259l\u0259r \u0259sas\u0131nda Az\u0259rbaycan b\u00f6lg\u0259l\u0259rin\u0259 veril\u0259n suyun ilkin m\u0259rh\u0259l\u0259sidir. T\u0259sad\u00fcfi deyildir ki, birinci layih\u0259 Z\u0259rdabda realla\u015f\u0131r. Z\u0259rdab\u0131n inki\u015faf\u0131na b\u00f6y\u00fck diqq\u0259t g\u00f6st\u0259rilir. \u018fvv\u0259lki d\u00f6vrd\u0259 rayonun inki\u015faf\u0131 \u00fc\u00e7\u00fcn Prezidentin ehtiyat fondundan v\u0259sait ayr\u0131lm\u0131\u015fd\u0131r. Z\u0259rdabda quruculuq, abadl\u0131q i\u015fl\u0259ri apar\u0131l\u0131r. Eyni zamanda, \u0259vv\u0259lki d\u00f6vrl\u0259rd\u0259 K\u00fcr boyu yerl\u0259\u015f\u0259n k\u0259ndl\u0259rd\u0259 modul tipli sut\u0259mizl\u0259yici qur\u011fular da qura\u015fd\u0131r\u0131l\u0131b v\u0259 insanlar t\u0259miz sudan istifad\u0259 edirl\u0259r. Dig\u0259r layih\u0259l\u0259rin icras\u0131, \u0259min\u0259m ki, Z\u0259rdab\u0131n g\u0259l\u0259c\u0259k inki\u015faf\u0131n\u0131 t\u0259min ed\u0259c\u0259k.<\/p>\n<p>\u00dcmumiyy\u0259tl\u0259, \u00f6lk\u0259 miqyas\u0131nda i\u015fl\u0259r \u00e7ox m\u00fcsb\u0259t istiqam\u0259td\u0259 gedir. Art\u0131q bir ne\u00e7\u0259 g\u00fcnd\u0259n sonra biz \u00fc\u00e7\u00fcnc\u00fc r\u00fcb\u00fcn yekunlar\u0131n\u0131 m\u00fczakir\u0259 ed\u0259c\u0259yik. Birinci alt\u0131 ay\u0131n yekunlar\u0131 \u00e7ox m\u00fcsb\u0259t olmu\u015fdur \u2013 iqtisadiyyat, qeyri-neft iqtisadiyyat\u0131 art\u0131r, sosial m\u0259s\u0259l\u0259l\u0259r h\u0259ll olunur, sovet d\u00f6vr\u00fcnd\u0259n qalan \u0259man\u0259tl\u0259rin qaytar\u0131lmas\u0131 prosesi ba\u015flam\u0131\u015fd\u0131r v\u0259 dey\u0259 bil\u0259r\u0259m ki, MDB m\u0259kan\u0131nda \u0259n q\u0131sa m\u00fcdd\u0259t \u0259rzind\u0259 qaytar\u0131lacaq v\u0259sait m\u0259hz Az\u0259rbaycanda olacaqd\u0131r. Az\u0259rbaycanda bu v\u0259saitl\u0259r \u0259n y\u00fcks\u0259k \u0259msalla insanlara veril\u0259c\u0259kdir. Dig\u0259r sosial layih\u0259l\u0259r icra edilir. Y\u0259ni, \u00f6lk\u0259nin \u00fcmumi inki\u015faf dinamikas\u0131 onu g\u00f6st\u0259rir ki, se\u00e7diyimiz yol d\u00fczg\u00fcn yoldur. Biz bu yolla gedirik, ged\u0259c\u0259yik v\u0259 el\u0259 etm\u0259liyik ki, h\u0259r bir v\u0259t\u0259nda\u015f, h\u0259r bir v\u0259zif\u0259li \u015f\u0259xs \u00f6z v\u0259t\u0259nda\u015fl\u0131q borcunu d\u0259rk etsin v\u0259 \u00fcmumi i\u015fimiz\u0259 t\u00f6hf\u0259sini versin.<\/p>\n<p>M\u0259n \u0259min\u0259m ki, ilin sonuna q\u0259d\u0259r iqtisadi v\u0259 sosial g\u00f6st\u0259ricil\u0259rimiz m\u00fcsb\u0259t olacaq v\u0259 2012-ci ili d\u0259 biz u\u011furla ba\u015fa vuraca\u011f\u0131q. Ondan sonrak\u0131 d\u00f6vr \u00fc\u00e7\u00fcn d\u0259 bizim konkret proqramlar\u0131m\u0131z vard\u0131r. 2004-c\u00fc ild\u0259 birinci regionlar\u0131n sosial-iqtisadi inki\u015faf\u0131 proqram\u0131n\u0131n icras\u0131 n\u0259tic\u0259sind\u0259 b\u00f6y\u00fck i\u015fl\u0259r g\u00f6r\u00fclm\u00fc\u015fd\u00fcr. Art\u0131q ikinci proqram icra edilir, o da g\u0259l\u0259n ilin sonuna q\u0259d\u0259r ba\u015fa \u00e7atacaqd\u0131r. Bu proqram\u0131n icras\u0131 n\u0259tic\u0259sind\u0259 \u0259sas infrastruktur, sosial m\u0259s\u0259l\u0259l\u0259r \u00f6z h\u0259llini tapacaqd\u0131r. Ondan sonrak\u0131 d\u00f6vr \u00fc\u00e7\u00fcn d\u0259 bizim konkret konsepsiyam\u0131z, bax\u0131\u015flar\u0131m\u0131z vard\u0131r. \u201cAz\u0259rbaycan-2020\u201d strateji inki\u015faf plan\u0131m\u0131z vard\u0131r. 2020-ci il\u0259 q\u0259d\u0259r g\u00f6r\u00fcl\u0259si i\u015fl\u0259r haqq\u0131nda bizd\u0259 \u00e7ox d\u0259qiq t\u0259\u0259ss\u00fcrat vard\u0131r v\u0259 bu proqram \u00fcz\u0259rind\u0259 i\u015fl\u0259r gedir. Biz \u00f6z i\u015fimizi planla\u015fd\u0131r\u0131r\u0131q, proqnozla\u015fd\u0131r\u0131r\u0131q. H\u0259r \u015fey plan \u00fczr\u0259 gedir \u2013 ist\u0259r xarici siyas\u0259tl\u0259, ist\u0259r daxili siyas\u0259tl\u0259 ba\u011fl\u0131. \u0130qtisadi v\u0259 infrastruktur layih\u0259l\u0259rinin icras\u0131 bizim i\u015fimizin m\u00fch\u00fcm hiss\u0259sidir.<\/p>\n<p>M\u0259n bir daha sizi \u00fcr\u0259kd\u0259n t\u0259brik edir\u0259m. Biz sizinl\u0259 ke\u00e7\u0259n il g\u00f6r\u00fc\u015fm\u00fc\u015fd\u00fck. O vaxt Heyd\u0259r \u018fliyev M\u0259rk\u0259zind\u0259 tamamlanma i\u015fl\u0259ri gedirdi, \u00e7ox s\u0259mimi g\u00f6r\u00fc\u015f idi. M\u0259n o vaxt da dedim ki, Z\u0259rdabda ged\u0259n prosesl\u0259r daim diqq\u0259t m\u0259rk\u0259zind\u0259 olacaq. Bir il ke\u00e7di, g\u00f6z\u0259l hadis\u0259 m\u00fcnasib\u0259til\u0259 yen\u0259 d\u0259 g\u00f6r\u00fc\u015f\u00fcr\u00fck. Yen\u0259 d\u0259 deyir\u0259m, bu g\u00fcn tarixd\u0259 qalacaqd\u0131r. Onillikl\u0259r, b\u0259lk\u0259 d\u0259 y\u00fczillikl\u0259r \u0259rzind\u0259 ilk d\u0259f\u0259 olaraq Z\u0259rdaba 24 saat t\u0259miz i\u00e7m\u0259li su veril\u0259c\u0259kdir. \u018fmin\u0259m ki, siz ham\u0131n\u0131z bu g\u00fcn eyni hissl\u0259ri ke\u00e7irirsiniz. M\u0259n d\u0259 bu hissl\u0259ri ke\u00e7irir\u0259m, m\u0259n \u00e7ox sevinir\u0259m, sizi \u00fcr\u0259kd\u0259n salamlay\u0131ram, t\u0259brik edir\u0259m v\u0259 siz\u0259 cansa\u011fl\u0131\u011f\u0131, yeni u\u011furlar arzulay\u0131ram\u201d.<\/p>\n<\/div>\n<div><\/div>\n<div><strong>www.zerdab.com<\/strong><\/div>\n","protected":false},"excerpt":{"rendered":"<p>www.zerdab.com sayt\u0131 Prezident \u0130lham \u018fliyevin K\u00fcll\u00fcl\u00fc-Z\u0259rdab magistral su k\u0259m\u0259rinin a\u00e7\u0131l\u0131\u015f\u0131nda rayon ictimaiyy\u0259tinin n\u00fcmay\u0259nd\u0259l\u0259ri v\u0259 k\u0259m\u0259rin \u00e7\u0259kilm\u0259sind\u0259 i\u015ftirak ed\u0259n in\u015faat\u00e7\u0131larla g\u00f6r\u00fc\u015f\u00fcnd\u0259ki \u00e7\u0131x\u0131\u015f\u0131n\u0131 t\u0259qdim edir: \u201c\u018fziz dostlar, \u0259ziz z\u0259rdabl\u0131lar! Bu g\u00fcn Z\u0259rdab rayonunun tarixind\u0259 \u00e7ox \u0259lam\u0259tdar bir g\u00fcnd\u00fcr. Bu g\u00fcn Z\u0259rdabda b\u00f6y\u00fck su layih\u0259sinin ba\u015flamas\u0131n\u0131 qeyd edirik. Bu layih\u0259nin icras\u0131 imkan ver\u0259c\u0259k ki, z\u0259rdabl\u0131lar t\u0259miz i\u00e7m\u0259li su [&hellip;]<\/p>\n","protected":false},"author":1,"featured_media":0,"comment_status":"open","ping_status":"open","sticky":false,"template":"","format":"standard","meta":{"footnotes":""},"categories":[21],"tags":[],"class_list":{"0":"post-5088","1":"post","2":"type-post","3":"status-publish","4":"format-standard","6":"category-zrdab"},"yoast_head":"<!-- This site is optimized with the Yoast SEO plugin v27.0 - https:\/\/yoast.com\/product\/yoast-seo-wordpress\/ -->\n<title>Prezident \u0130lham \u018fliyev: &quot;Z\u0259rdab\u0131n inki\u015faf\u0131na b\u00f6y\u00fck diqq\u0259t g\u00f6st\u0259rilir&quot; - Z\u0259rdab.com<\/title>\n<meta name=\"robots\" content=\"index, follow, max-snippet:-1, max-image-preview:large, max-video-preview:-1\" \/>\n<link rel=\"canonical\" href=\"https:\/\/www.zerdab.com\/?p=5088\" \/>\n<meta property=\"og:locale\" content=\"az_AZ\" \/>\n<meta property=\"og:type\" content=\"article\" \/>\n<meta property=\"og:title\" content=\"Prezident \u0130lham \u018fliyev: &quot;Z\u0259rdab\u0131n inki\u015faf\u0131na b\u00f6y\u00fck diqq\u0259t g\u00f6st\u0259rilir&quot; - Z\u0259rdab.com\" \/>\n<meta property=\"og:description\" content=\"www.zerdab.com sayt\u0131 Prezident \u0130lham \u018fliyevin K\u00fcll\u00fcl\u00fc-Z\u0259rdab magistral su k\u0259m\u0259rinin a\u00e7\u0131l\u0131\u015f\u0131nda rayon ictimaiyy\u0259tinin n\u00fcmay\u0259nd\u0259l\u0259ri v\u0259 k\u0259m\u0259rin \u00e7\u0259kilm\u0259sind\u0259 i\u015ftirak ed\u0259n in\u015faat\u00e7\u0131larla g\u00f6r\u00fc\u015f\u00fcnd\u0259ki \u00e7\u0131x\u0131\u015f\u0131n\u0131 t\u0259qdim edir: \u201c\u018fziz dostlar, \u0259ziz z\u0259rdabl\u0131lar! Bu g\u00fcn Z\u0259rdab rayonunun tarixind\u0259 \u00e7ox \u0259lam\u0259tdar bir g\u00fcnd\u00fcr. Bu g\u00fcn Z\u0259rdabda b\u00f6y\u00fck su layih\u0259sinin ba\u015flamas\u0131n\u0131 qeyd edirik. Bu layih\u0259nin icras\u0131 imkan ver\u0259c\u0259k ki, z\u0259rdabl\u0131lar t\u0259miz i\u00e7m\u0259li su [&hellip;]\" \/>\n<meta property=\"og:url\" content=\"https:\/\/www.zerdab.com\/?p=5088\" \/>\n<meta property=\"og:site_name\" content=\"Z\u0259rdab.com\" \/>\n<meta property=\"article:published_time\" content=\"2012-10-09T17:26:45+00:00\" \/>\n<meta property=\"article:modified_time\" content=\"2012-10-10T06:54:30+00:00\" \/>\n<meta property=\"og:image\" content=\"http:\/\/www.zerdab.com\/wp-content\/uploads\/2012\/10\/213.jpg\" \/>\n<meta name=\"author\" content=\"admin\" \/>\n<meta name=\"twitter:card\" content=\"summary_large_image\" \/>\n<meta name=\"twitter:label1\" content=\"Written by\" \/>\n\t<meta name=\"twitter:data1\" content=\"admin\" \/>\n\t<meta name=\"twitter:label2\" content=\"Est. reading time\" \/>\n\t<meta name=\"twitter:data2\" content=\"10 minutes\" \/>\n<script type=\"application\/ld+json\" class=\"yoast-schema-graph\">{\"@context\":\"https:\/\/schema.org\",\"@graph\":[{\"@type\":\"Article\",\"@id\":\"https:\/\/www.zerdab.com\/?p=5088#article\",\"isPartOf\":{\"@id\":\"https:\/\/www.zerdab.com\/?p=5088\"},\"author\":{\"name\":\"admin\",\"@id\":\"https:\/\/www.zerdab.com\/#\/schema\/person\/97079b7570c1e89ec0d9e138c3672136\"},\"headline\":\"Prezident \u0130lham \u018fliyev: &#8220;Z\u0259rdab\u0131n inki\u015faf\u0131na b\u00f6y\u00fck diqq\u0259t g\u00f6st\u0259rilir&#8221;\",\"datePublished\":\"2012-10-09T17:26:45+00:00\",\"dateModified\":\"2012-10-10T06:54:30+00:00\",\"mainEntityOfPage\":{\"@id\":\"https:\/\/www.zerdab.com\/?p=5088\"},\"wordCount\":2073,\"commentCount\":0,\"image\":{\"@id\":\"https:\/\/www.zerdab.com\/?p=5088#primaryimage\"},\"thumbnailUrl\":\"http:\/\/www.zerdab.com\/wp-content\/uploads\/2012\/10\/213.jpg\",\"articleSection\":[\"C\u018fM\u0130YY\u018fT\"],\"inLanguage\":\"az\",\"potentialAction\":[{\"@type\":\"CommentAction\",\"name\":\"Comment\",\"target\":[\"https:\/\/www.zerdab.com\/?p=5088#respond\"]}]},{\"@type\":\"WebPage\",\"@id\":\"https:\/\/www.zerdab.com\/?p=5088\",\"url\":\"https:\/\/www.zerdab.com\/?p=5088\",\"name\":\"Prezident \u0130lham \u018fliyev: \\\"Z\u0259rdab\u0131n inki\u015faf\u0131na b\u00f6y\u00fck diqq\u0259t g\u00f6st\u0259rilir\\\" - Z\u0259rdab.com\",\"isPartOf\":{\"@id\":\"https:\/\/www.zerdab.com\/#website\"},\"primaryImageOfPage\":{\"@id\":\"https:\/\/www.zerdab.com\/?p=5088#primaryimage\"},\"image\":{\"@id\":\"https:\/\/www.zerdab.com\/?p=5088#primaryimage\"},\"thumbnailUrl\":\"http:\/\/www.zerdab.com\/wp-content\/uploads\/2012\/10\/213.jpg\",\"datePublished\":\"2012-10-09T17:26:45+00:00\",\"dateModified\":\"2012-10-10T06:54:30+00:00\",\"author\":{\"@id\":\"https:\/\/www.zerdab.com\/#\/schema\/person\/97079b7570c1e89ec0d9e138c3672136\"},\"breadcrumb\":{\"@id\":\"https:\/\/www.zerdab.com\/?p=5088#breadcrumb\"},\"inLanguage\":\"az\",\"potentialAction\":[{\"@type\":\"ReadAction\",\"target\":[\"https:\/\/www.zerdab.com\/?p=5088\"]}]},{\"@type\":\"ImageObject\",\"inLanguage\":\"az\",\"@id\":\"https:\/\/www.zerdab.com\/?p=5088#primaryimage\",\"url\":\"http:\/\/www.zerdab.com\/wp-content\/uploads\/2012\/10\/213.jpg\",\"contentUrl\":\"http:\/\/www.zerdab.com\/wp-content\/uploads\/2012\/10\/213.jpg\"},{\"@type\":\"BreadcrumbList\",\"@id\":\"https:\/\/www.zerdab.com\/?p=5088#breadcrumb\",\"itemListElement\":[{\"@type\":\"ListItem\",\"position\":1,\"name\":\"Home\",\"item\":\"https:\/\/www.zerdab.com\/\"},{\"@type\":\"ListItem\",\"position\":2,\"name\":\"Prezident \u0130lham \u018fliyev: &#8220;Z\u0259rdab\u0131n inki\u015faf\u0131na b\u00f6y\u00fck diqq\u0259t g\u00f6st\u0259rilir&#8221;\"}]},{\"@type\":\"WebSite\",\"@id\":\"https:\/\/www.zerdab.com\/#website\",\"url\":\"https:\/\/www.zerdab.com\/\",\"name\":\"Z\u0259rdab.com\",\"description\":\"\",\"potentialAction\":[{\"@type\":\"SearchAction\",\"target\":{\"@type\":\"EntryPoint\",\"urlTemplate\":\"https:\/\/www.zerdab.com\/?s={search_term_string}\"},\"query-input\":{\"@type\":\"PropertyValueSpecification\",\"valueRequired\":true,\"valueName\":\"search_term_string\"}}],\"inLanguage\":\"az\"},{\"@type\":\"Person\",\"@id\":\"https:\/\/www.zerdab.com\/#\/schema\/person\/97079b7570c1e89ec0d9e138c3672136\",\"name\":\"admin\",\"image\":{\"@type\":\"ImageObject\",\"inLanguage\":\"az\",\"@id\":\"https:\/\/www.zerdab.com\/#\/schema\/person\/image\/\",\"url\":\"https:\/\/secure.gravatar.com\/avatar\/d9c52a9a27c32119cb6679a077fa3e2779e5f822c451cbf01098004361d466ec?s=96&d=mm&r=g\",\"contentUrl\":\"https:\/\/secure.gravatar.com\/avatar\/d9c52a9a27c32119cb6679a077fa3e2779e5f822c451cbf01098004361d466ec?s=96&d=mm&r=g\",\"caption\":\"admin\"},\"url\":\"https:\/\/www.zerdab.com\/?author=1\"}]}<\/script>\n<!-- \/ Yoast SEO plugin. -->","yoast_head_json":{"title":"Prezident \u0130lham \u018fliyev: \"Z\u0259rdab\u0131n inki\u015faf\u0131na b\u00f6y\u00fck diqq\u0259t g\u00f6st\u0259rilir\" - Z\u0259rdab.com","robots":{"index":"index","follow":"follow","max-snippet":"max-snippet:-1","max-image-preview":"max-image-preview:large","max-video-preview":"max-video-preview:-1"},"canonical":"https:\/\/www.zerdab.com\/?p=5088","og_locale":"az_AZ","og_type":"article","og_title":"Prezident \u0130lham \u018fliyev: \"Z\u0259rdab\u0131n inki\u015faf\u0131na b\u00f6y\u00fck diqq\u0259t g\u00f6st\u0259rilir\" - Z\u0259rdab.com","og_description":"www.zerdab.com sayt\u0131 Prezident \u0130lham \u018fliyevin K\u00fcll\u00fcl\u00fc-Z\u0259rdab magistral su k\u0259m\u0259rinin a\u00e7\u0131l\u0131\u015f\u0131nda rayon ictimaiyy\u0259tinin n\u00fcmay\u0259nd\u0259l\u0259ri v\u0259 k\u0259m\u0259rin \u00e7\u0259kilm\u0259sind\u0259 i\u015ftirak ed\u0259n in\u015faat\u00e7\u0131larla g\u00f6r\u00fc\u015f\u00fcnd\u0259ki \u00e7\u0131x\u0131\u015f\u0131n\u0131 t\u0259qdim edir: \u201c\u018fziz dostlar, \u0259ziz z\u0259rdabl\u0131lar! Bu g\u00fcn Z\u0259rdab rayonunun tarixind\u0259 \u00e7ox \u0259lam\u0259tdar bir g\u00fcnd\u00fcr. Bu g\u00fcn Z\u0259rdabda b\u00f6y\u00fck su layih\u0259sinin ba\u015flamas\u0131n\u0131 qeyd edirik. Bu layih\u0259nin icras\u0131 imkan ver\u0259c\u0259k ki, z\u0259rdabl\u0131lar t\u0259miz i\u00e7m\u0259li su [&hellip;]","og_url":"https:\/\/www.zerdab.com\/?p=5088","og_site_name":"Z\u0259rdab.com","article_published_time":"2012-10-09T17:26:45+00:00","article_modified_time":"2012-10-10T06:54:30+00:00","og_image":[{"url":"http:\/\/www.zerdab.com\/wp-content\/uploads\/2012\/10\/213.jpg","type":"","width":"","height":""}],"author":"admin","twitter_card":"summary_large_image","twitter_misc":{"Written by":"admin","Est. reading time":"10 minutes"},"schema":{"@context":"https:\/\/schema.org","@graph":[{"@type":"Article","@id":"https:\/\/www.zerdab.com\/?p=5088#article","isPartOf":{"@id":"https:\/\/www.zerdab.com\/?p=5088"},"author":{"name":"admin","@id":"https:\/\/www.zerdab.com\/#\/schema\/person\/97079b7570c1e89ec0d9e138c3672136"},"headline":"Prezident \u0130lham \u018fliyev: &#8220;Z\u0259rdab\u0131n inki\u015faf\u0131na b\u00f6y\u00fck diqq\u0259t g\u00f6st\u0259rilir&#8221;","datePublished":"2012-10-09T17:26:45+00:00","dateModified":"2012-10-10T06:54:30+00:00","mainEntityOfPage":{"@id":"https:\/\/www.zerdab.com\/?p=5088"},"wordCount":2073,"commentCount":0,"image":{"@id":"https:\/\/www.zerdab.com\/?p=5088#primaryimage"},"thumbnailUrl":"http:\/\/www.zerdab.com\/wp-content\/uploads\/2012\/10\/213.jpg","articleSection":["C\u018fM\u0130YY\u018fT"],"inLanguage":"az","potentialAction":[{"@type":"CommentAction","name":"Comment","target":["https:\/\/www.zerdab.com\/?p=5088#respond"]}]},{"@type":"WebPage","@id":"https:\/\/www.zerdab.com\/?p=5088","url":"https:\/\/www.zerdab.com\/?p=5088","name":"Prezident \u0130lham \u018fliyev: \"Z\u0259rdab\u0131n inki\u015faf\u0131na b\u00f6y\u00fck diqq\u0259t g\u00f6st\u0259rilir\" - Z\u0259rdab.com","isPartOf":{"@id":"https:\/\/www.zerdab.com\/#website"},"primaryImageOfPage":{"@id":"https:\/\/www.zerdab.com\/?p=5088#primaryimage"},"image":{"@id":"https:\/\/www.zerdab.com\/?p=5088#primaryimage"},"thumbnailUrl":"http:\/\/www.zerdab.com\/wp-content\/uploads\/2012\/10\/213.jpg","datePublished":"2012-10-09T17:26:45+00:00","dateModified":"2012-10-10T06:54:30+00:00","author":{"@id":"https:\/\/www.zerdab.com\/#\/schema\/person\/97079b7570c1e89ec0d9e138c3672136"},"breadcrumb":{"@id":"https:\/\/www.zerdab.com\/?p=5088#breadcrumb"},"inLanguage":"az","potentialAction":[{"@type":"ReadAction","target":["https:\/\/www.zerdab.com\/?p=5088"]}]},{"@type":"ImageObject","inLanguage":"az","@id":"https:\/\/www.zerdab.com\/?p=5088#primaryimage","url":"http:\/\/www.zerdab.com\/wp-content\/uploads\/2012\/10\/213.jpg","contentUrl":"http:\/\/www.zerdab.com\/wp-content\/uploads\/2012\/10\/213.jpg"},{"@type":"BreadcrumbList","@id":"https:\/\/www.zerdab.com\/?p=5088#breadcrumb","itemListElement":[{"@type":"ListItem","position":1,"name":"Home","item":"https:\/\/www.zerdab.com\/"},{"@type":"ListItem","position":2,"name":"Prezident \u0130lham \u018fliyev: &#8220;Z\u0259rdab\u0131n inki\u015faf\u0131na b\u00f6y\u00fck diqq\u0259t g\u00f6st\u0259rilir&#8221;"}]},{"@type":"WebSite","@id":"https:\/\/www.zerdab.com\/#website","url":"https:\/\/www.zerdab.com\/","name":"Z\u0259rdab.com","description":"","potentialAction":[{"@type":"SearchAction","target":{"@type":"EntryPoint","urlTemplate":"https:\/\/www.zerdab.com\/?s={search_term_string}"},"query-input":{"@type":"PropertyValueSpecification","valueRequired":true,"valueName":"search_term_string"}}],"inLanguage":"az"},{"@type":"Person","@id":"https:\/\/www.zerdab.com\/#\/schema\/person\/97079b7570c1e89ec0d9e138c3672136","name":"admin","image":{"@type":"ImageObject","inLanguage":"az","@id":"https:\/\/www.zerdab.com\/#\/schema\/person\/image\/","url":"https:\/\/secure.gravatar.com\/avatar\/d9c52a9a27c32119cb6679a077fa3e2779e5f822c451cbf01098004361d466ec?s=96&d=mm&r=g","contentUrl":"https:\/\/secure.gravatar.com\/avatar\/d9c52a9a27c32119cb6679a077fa3e2779e5f822c451cbf01098004361d466ec?s=96&d=mm&r=g","caption":"admin"},"url":"https:\/\/www.zerdab.com\/?author=1"}]}},"_links":{"self":[{"href":"https:\/\/www.zerdab.com\/index.php?rest_route=\/wp\/v2\/posts\/5088","targetHints":{"allow":["GET"]}}],"collection":[{"href":"https:\/\/www.zerdab.com\/index.php?rest_route=\/wp\/v2\/posts"}],"about":[{"href":"https:\/\/www.zerdab.com\/index.php?rest_route=\/wp\/v2\/types\/post"}],"author":[{"embeddable":true,"href":"https:\/\/www.zerdab.com\/index.php?rest_route=\/wp\/v2\/users\/1"}],"replies":[{"embeddable":true,"href":"https:\/\/www.zerdab.com\/index.php?rest_route=%2Fwp%2Fv2%2Fcomments&post=5088"}],"version-history":[{"count":7,"href":"https:\/\/www.zerdab.com\/index.php?rest_route=\/wp\/v2\/posts\/5088\/revisions"}],"predecessor-version":[{"id":5097,"href":"https:\/\/www.zerdab.com\/index.php?rest_route=\/wp\/v2\/posts\/5088\/revisions\/5097"}],"wp:attachment":[{"href":"https:\/\/www.zerdab.com\/index.php?rest_route=%2Fwp%2Fv2%2Fmedia&parent=5088"}],"wp:term":[{"taxonomy":"category","embeddable":true,"href":"https:\/\/www.zerdab.com\/index.php?rest_route=%2Fwp%2Fv2%2Fcategories&post=5088"},{"taxonomy":"post_tag","embeddable":true,"href":"https:\/\/www.zerdab.com\/index.php?rest_route=%2Fwp%2Fv2%2Ftags&post=5088"}],"curies":[{"name":"wp","href":"https:\/\/api.w.org\/{rel}","templated":true}]}}