{"id":5170,"date":"2012-10-15T18:53:36","date_gmt":"2012-10-15T13:53:36","guid":{"rendered":"http:\/\/www.zerdab.com\/?p=5170"},"modified":"2014-10-02T22:31:52","modified_gmt":"2014-10-02T17:31:52","slug":"prezidentin-s%c9%99r%c9%99ncami-il%c9%99-z%c9%99rdab-rayonuna-2-milyon-manat-ayrildi","status":"publish","type":"post","link":"https:\/\/www.zerdab.com\/?p=5170","title":{"rendered":"Prezidentin s\u0259r\u0259ncam\u0131 il\u0259 Z\u0259rdab rayonuna 2 milyon manat ayr\u0131ld\u0131"},"content":{"rendered":"<p><strong style=\"color: #0000ff;\"><a href=\"http:\/\/www.zerdab.com\/wp-content\/uploads\/2012\/10\/Ilham-Eliyev-Imzalanma-130510.jpg\"><img loading=\"lazy\" decoding=\"async\" class=\"alignleft  wp-image-5171\" title=\"\u0130lham \u018fliyev\" src=\"http:\/\/www.zerdab.com\/wp-content\/uploads\/2012\/10\/Ilham-Eliyev-Imzalanma-130510.jpg\" alt=\"\" width=\"222\" height=\"182\" \/><\/a><\/strong><strong><\/strong><\/p>\n<p><span style=\"color: #0000ff;\"><strong>Z\u0259rdab rayonunun sosial-iqtisadi inki\u015faf\u0131n\u0131n s\u00fcr\u0259tl\u0259ndirilm\u0259sin\u0259 dair \u0259lav\u0259 t\u0259dbirl\u0259r haqq\u0131nda<\/strong><\/span><br \/>\n<span style=\"color: #0000ff;\"><strong> Az\u0259rbaycan Respublikas\u0131 Prezidentinin S\u0259r\u0259ncam\u0131<\/strong><\/span><\/p>\n<p><strong>&#8220;Az\u0259rbaycan Respublikas\u0131 regionlar\u0131n\u0131n 2009-2013-c\u00fc ill\u0259rd\u0259 sosial-iqtisadi inki\u015faf\u0131 D\u00f6vl\u0259t Proqram\u0131\u201dn\u0131n icras\u0131 n\u0259tic\u0259sind\u0259 \u00f6lk\u0259nin b\u00fct\u00fcn b\u00f6lg\u0259l\u0259rind\u0259 oldu\u011fu kimi Z\u0259rdab rayonunda da \u0259halini narahat ed\u0259n probleml\u0259rin h\u0259lli v\u0259 infrastruktur layih\u0259l\u0259rinin yerin\u0259 yetirilm\u0259si sah\u0259sind\u0259 m\u00fc\u0259yy\u0259n i\u015fl\u0259r g\u00f6r\u00fclm\u00fc\u015f, o c\u00fcml\u0259d\u0259n t\u0259hsil, s\u0259hiyy\u0259, m\u0259d\u0259niyy\u0259t v\u0259 dig\u0259r sosial y\u00f6n\u00fcml\u00fc obyektl\u0259r tikil\u0259r\u0259k istifad\u0259y\u0259 verilmi\u015f, yeni yollar \u00e7\u0259kilmi\u015f, abadl\u0131q-quruculuq i\u015fl\u0259ri h\u0259yata ke\u00e7irilmi\u015fdir.<\/strong><br \/>\nZ\u0259rdab \u015f\u0259h\u0259rind\u0259 abadl\u0131q-quruculuq i\u015fl\u0259rinin davam etdirilm\u0259si, \u201cAz\u0259rbaycan Respublikas\u0131 regionlar\u0131n\u0131n 2009-2013-c\u00fc ill\u0259rd\u0259 sosial-iqtisadi inki\u015faf\u0131 D\u00f6vl\u0259t Proqram\u0131\u201dnda rayon \u00fczr\u0259 m\u00fc\u0259yy\u0259n olunmu\u015f t\u0259dbirl\u0259rin h\u0259yata ke\u00e7irilm\u0259sinin s\u00fcr\u0259tl\u0259ndirilm\u0259si m\u0259qs\u0259di il\u0259 Az\u0259rbaycan Respublikas\u0131 Konstitusiyas\u0131n\u0131n 109-cu madd\u0259sinin 32-ci b\u0259ndini r\u0259hb\u0259r tutaraq q\u0259rara al\u0131ram:<br \/>\n1. Z\u0259rdab rayonunun sosial-iqtisadi inki\u015faf\u0131n\u0131n s\u00fcr\u0259tl\u0259ndirilm\u0259si m\u0259qs\u0259di il\u0259 Z\u0259rdab Rayon \u0130cra Hakimiyy\u0259tin\u0259 Az\u0259rbaycan Respublikas\u0131n\u0131n 2012-ci il d\u00f6vl\u0259t b\u00fcdc\u0259sind\u0259 n\u0259z\u0259rd\u0259 tutulmu\u015f Az\u0259rbaycan Respublikas\u0131 Prezidentinin ehtiyat fondundan 2,0 (iki) milyon manat ayr\u0131ls\u0131n.<br \/>\n2. Az\u0259rbaycan Respublikas\u0131n\u0131n Maliyy\u0259 Nazirliyi bu S\u0259r\u0259ncam\u0131n 1-ci hiss\u0259sind\u0259 n\u0259z\u0259rd\u0259 tutulan m\u0259bl\u0259\u011fd\u0259 maliyy\u0259l\u0259\u015fm\u0259ni m\u00fc\u0259yy\u0259n olunmu\u015f qaydada t\u0259min etsin.<\/p>\n<p><strong>\u0130lham \u018fliyev<\/strong><br \/>\n<strong> Az\u0259rbaycan Respublikas\u0131n\u0131n Prezidenti<\/strong><\/p>\n<p>Bak\u0131 \u015f\u0259h\u0259ri, 15 oktyabr 2012-ci il.<\/p>\n<p><strong>www.zerdab.com<\/strong><\/p>\n","protected":false},"excerpt":{"rendered":"<p>Z\u0259rdab rayonunun sosial-iqtisadi inki\u015faf\u0131n\u0131n s\u00fcr\u0259tl\u0259ndirilm\u0259sin\u0259 dair \u0259lav\u0259 t\u0259dbirl\u0259r haqq\u0131nda Az\u0259rbaycan Respublikas\u0131 Prezidentinin S\u0259r\u0259ncam\u0131 &#8220;Az\u0259rbaycan Respublikas\u0131 regionlar\u0131n\u0131n 2009-2013-c\u00fc ill\u0259rd\u0259 sosial-iqtisadi inki\u015faf\u0131 D\u00f6vl\u0259t Proqram\u0131\u201dn\u0131n icras\u0131 n\u0259tic\u0259sind\u0259 \u00f6lk\u0259nin b\u00fct\u00fcn b\u00f6lg\u0259l\u0259rind\u0259 oldu\u011fu kimi Z\u0259rdab rayonunda da \u0259halini narahat ed\u0259n probleml\u0259rin h\u0259lli v\u0259 infrastruktur layih\u0259l\u0259rinin yerin\u0259 yetirilm\u0259si sah\u0259sind\u0259 m\u00fc\u0259yy\u0259n i\u015fl\u0259r g\u00f6r\u00fclm\u00fc\u015f, o c\u00fcml\u0259d\u0259n t\u0259hsil, s\u0259hiyy\u0259, m\u0259d\u0259niyy\u0259t v\u0259 dig\u0259r sosial y\u00f6n\u00fcml\u00fc [&hellip;]<\/p>\n","protected":false},"author":1,"featured_media":5171,"comment_status":"open","ping_status":"open","sticky":false,"template":"","format":"standard","meta":{"footnotes":""},"categories":[21],"tags":[],"class_list":{"0":"post-5170","1":"post","2":"type-post","3":"status-publish","4":"format-standard","5":"has-post-thumbnail","7":"category-zrdab"},"yoast_head":"<!-- This site is optimized with the Yoast SEO plugin v27.0 - https:\/\/yoast.com\/product\/yoast-seo-wordpress\/ -->\n<title>Prezidentin s\u0259r\u0259ncam\u0131 il\u0259 Z\u0259rdab rayonuna 2 milyon manat ayr\u0131ld\u0131 - Z\u0259rdab.com<\/title>\n<meta name=\"robots\" content=\"index, follow, max-snippet:-1, max-image-preview:large, max-video-preview:-1\" \/>\n<link rel=\"canonical\" href=\"https:\/\/www.zerdab.com\/?p=5170\" \/>\n<meta property=\"og:locale\" content=\"az_AZ\" \/>\n<meta property=\"og:type\" content=\"article\" \/>\n<meta property=\"og:title\" content=\"Prezidentin s\u0259r\u0259ncam\u0131 il\u0259 Z\u0259rdab rayonuna 2 milyon manat ayr\u0131ld\u0131 - Z\u0259rdab.com\" \/>\n<meta property=\"og:description\" content=\"Z\u0259rdab rayonunun sosial-iqtisadi inki\u015faf\u0131n\u0131n s\u00fcr\u0259tl\u0259ndirilm\u0259sin\u0259 dair \u0259lav\u0259 t\u0259dbirl\u0259r haqq\u0131nda Az\u0259rbaycan Respublikas\u0131 Prezidentinin S\u0259r\u0259ncam\u0131 &#8220;Az\u0259rbaycan Respublikas\u0131 regionlar\u0131n\u0131n 2009-2013-c\u00fc ill\u0259rd\u0259 sosial-iqtisadi inki\u015faf\u0131 D\u00f6vl\u0259t Proqram\u0131\u201dn\u0131n icras\u0131 n\u0259tic\u0259sind\u0259 \u00f6lk\u0259nin b\u00fct\u00fcn b\u00f6lg\u0259l\u0259rind\u0259 oldu\u011fu kimi Z\u0259rdab rayonunda da \u0259halini narahat ed\u0259n probleml\u0259rin h\u0259lli v\u0259 infrastruktur layih\u0259l\u0259rinin yerin\u0259 yetirilm\u0259si sah\u0259sind\u0259 m\u00fc\u0259yy\u0259n i\u015fl\u0259r g\u00f6r\u00fclm\u00fc\u015f, o c\u00fcml\u0259d\u0259n t\u0259hsil, s\u0259hiyy\u0259, m\u0259d\u0259niyy\u0259t v\u0259 dig\u0259r sosial y\u00f6n\u00fcml\u00fc [&hellip;]\" \/>\n<meta property=\"og:url\" content=\"https:\/\/www.zerdab.com\/?p=5170\" \/>\n<meta property=\"og:site_name\" content=\"Z\u0259rdab.com\" \/>\n<meta property=\"article:published_time\" content=\"2012-10-15T13:53:36+00:00\" \/>\n<meta property=\"article:modified_time\" content=\"2014-10-02T17:31:52+00:00\" \/>\n<meta property=\"og:image\" content=\"https:\/\/www.zerdab.com\/wp-content\/uploads\/2012\/10\/Ilham-Eliyev-Imzalanma-130510.jpg\" \/>\n\t<meta property=\"og:image:width\" content=\"300\" \/>\n\t<meta property=\"og:image:height\" content=\"218\" \/>\n\t<meta property=\"og:image:type\" content=\"image\/jpeg\" \/>\n<meta name=\"author\" content=\"admin\" \/>\n<meta name=\"twitter:card\" content=\"summary_large_image\" \/>\n<meta name=\"twitter:label1\" content=\"Written by\" \/>\n\t<meta name=\"twitter:data1\" content=\"admin\" \/>\n\t<meta name=\"twitter:label2\" content=\"Est. reading time\" \/>\n\t<meta name=\"twitter:data2\" content=\"2 minutes\" \/>\n<script type=\"application\/ld+json\" class=\"yoast-schema-graph\">{\"@context\":\"https:\/\/schema.org\",\"@graph\":[{\"@type\":\"Article\",\"@id\":\"https:\/\/www.zerdab.com\/?p=5170#article\",\"isPartOf\":{\"@id\":\"https:\/\/www.zerdab.com\/?p=5170\"},\"author\":{\"name\":\"admin\",\"@id\":\"https:\/\/www.zerdab.com\/#\/schema\/person\/97079b7570c1e89ec0d9e138c3672136\"},\"headline\":\"Prezidentin s\u0259r\u0259ncam\u0131 il\u0259 Z\u0259rdab rayonuna 2 milyon manat ayr\u0131ld\u0131\",\"datePublished\":\"2012-10-15T13:53:36+00:00\",\"dateModified\":\"2014-10-02T17:31:52+00:00\",\"mainEntityOfPage\":{\"@id\":\"https:\/\/www.zerdab.com\/?p=5170\"},\"wordCount\":322,\"commentCount\":0,\"image\":{\"@id\":\"https:\/\/www.zerdab.com\/?p=5170#primaryimage\"},\"thumbnailUrl\":\"https:\/\/www.zerdab.com\/wp-content\/uploads\/2012\/10\/Ilham-Eliyev-Imzalanma-130510.jpg\",\"articleSection\":[\"C\u018fM\u0130YY\u018fT\"],\"inLanguage\":\"az\",\"potentialAction\":[{\"@type\":\"CommentAction\",\"name\":\"Comment\",\"target\":[\"https:\/\/www.zerdab.com\/?p=5170#respond\"]}]},{\"@type\":\"WebPage\",\"@id\":\"https:\/\/www.zerdab.com\/?p=5170\",\"url\":\"https:\/\/www.zerdab.com\/?p=5170\",\"name\":\"Prezidentin s\u0259r\u0259ncam\u0131 il\u0259 Z\u0259rdab rayonuna 2 milyon manat ayr\u0131ld\u0131 - Z\u0259rdab.com\",\"isPartOf\":{\"@id\":\"https:\/\/www.zerdab.com\/#website\"},\"primaryImageOfPage\":{\"@id\":\"https:\/\/www.zerdab.com\/?p=5170#primaryimage\"},\"image\":{\"@id\":\"https:\/\/www.zerdab.com\/?p=5170#primaryimage\"},\"thumbnailUrl\":\"https:\/\/www.zerdab.com\/wp-content\/uploads\/2012\/10\/Ilham-Eliyev-Imzalanma-130510.jpg\",\"datePublished\":\"2012-10-15T13:53:36+00:00\",\"dateModified\":\"2014-10-02T17:31:52+00:00\",\"author\":{\"@id\":\"https:\/\/www.zerdab.com\/#\/schema\/person\/97079b7570c1e89ec0d9e138c3672136\"},\"breadcrumb\":{\"@id\":\"https:\/\/www.zerdab.com\/?p=5170#breadcrumb\"},\"inLanguage\":\"az\",\"potentialAction\":[{\"@type\":\"ReadAction\",\"target\":[\"https:\/\/www.zerdab.com\/?p=5170\"]}]},{\"@type\":\"ImageObject\",\"inLanguage\":\"az\",\"@id\":\"https:\/\/www.zerdab.com\/?p=5170#primaryimage\",\"url\":\"https:\/\/www.zerdab.com\/wp-content\/uploads\/2012\/10\/Ilham-Eliyev-Imzalanma-130510.jpg\",\"contentUrl\":\"https:\/\/www.zerdab.com\/wp-content\/uploads\/2012\/10\/Ilham-Eliyev-Imzalanma-130510.jpg\",\"width\":\"300\",\"height\":\"218\"},{\"@type\":\"BreadcrumbList\",\"@id\":\"https:\/\/www.zerdab.com\/?p=5170#breadcrumb\",\"itemListElement\":[{\"@type\":\"ListItem\",\"position\":1,\"name\":\"Home\",\"item\":\"https:\/\/www.zerdab.com\/\"},{\"@type\":\"ListItem\",\"position\":2,\"name\":\"Prezidentin s\u0259r\u0259ncam\u0131 il\u0259 Z\u0259rdab rayonuna 2 milyon manat ayr\u0131ld\u0131\"}]},{\"@type\":\"WebSite\",\"@id\":\"https:\/\/www.zerdab.com\/#website\",\"url\":\"https:\/\/www.zerdab.com\/\",\"name\":\"Z\u0259rdab.com\",\"description\":\"\",\"potentialAction\":[{\"@type\":\"SearchAction\",\"target\":{\"@type\":\"EntryPoint\",\"urlTemplate\":\"https:\/\/www.zerdab.com\/?s={search_term_string}\"},\"query-input\":{\"@type\":\"PropertyValueSpecification\",\"valueRequired\":true,\"valueName\":\"search_term_string\"}}],\"inLanguage\":\"az\"},{\"@type\":\"Person\",\"@id\":\"https:\/\/www.zerdab.com\/#\/schema\/person\/97079b7570c1e89ec0d9e138c3672136\",\"name\":\"admin\",\"image\":{\"@type\":\"ImageObject\",\"inLanguage\":\"az\",\"@id\":\"https:\/\/www.zerdab.com\/#\/schema\/person\/image\/\",\"url\":\"https:\/\/secure.gravatar.com\/avatar\/d9c52a9a27c32119cb6679a077fa3e2779e5f822c451cbf01098004361d466ec?s=96&d=mm&r=g\",\"contentUrl\":\"https:\/\/secure.gravatar.com\/avatar\/d9c52a9a27c32119cb6679a077fa3e2779e5f822c451cbf01098004361d466ec?s=96&d=mm&r=g\",\"caption\":\"admin\"},\"url\":\"https:\/\/www.zerdab.com\/?author=1\"}]}<\/script>\n<!-- \/ Yoast SEO plugin. -->","yoast_head_json":{"title":"Prezidentin s\u0259r\u0259ncam\u0131 il\u0259 Z\u0259rdab rayonuna 2 milyon manat ayr\u0131ld\u0131 - Z\u0259rdab.com","robots":{"index":"index","follow":"follow","max-snippet":"max-snippet:-1","max-image-preview":"max-image-preview:large","max-video-preview":"max-video-preview:-1"},"canonical":"https:\/\/www.zerdab.com\/?p=5170","og_locale":"az_AZ","og_type":"article","og_title":"Prezidentin s\u0259r\u0259ncam\u0131 il\u0259 Z\u0259rdab rayonuna 2 milyon manat ayr\u0131ld\u0131 - Z\u0259rdab.com","og_description":"Z\u0259rdab rayonunun sosial-iqtisadi inki\u015faf\u0131n\u0131n s\u00fcr\u0259tl\u0259ndirilm\u0259sin\u0259 dair \u0259lav\u0259 t\u0259dbirl\u0259r haqq\u0131nda Az\u0259rbaycan Respublikas\u0131 Prezidentinin S\u0259r\u0259ncam\u0131 &#8220;Az\u0259rbaycan Respublikas\u0131 regionlar\u0131n\u0131n 2009-2013-c\u00fc ill\u0259rd\u0259 sosial-iqtisadi inki\u015faf\u0131 D\u00f6vl\u0259t Proqram\u0131\u201dn\u0131n icras\u0131 n\u0259tic\u0259sind\u0259 \u00f6lk\u0259nin b\u00fct\u00fcn b\u00f6lg\u0259l\u0259rind\u0259 oldu\u011fu kimi Z\u0259rdab rayonunda da \u0259halini narahat ed\u0259n probleml\u0259rin h\u0259lli v\u0259 infrastruktur layih\u0259l\u0259rinin yerin\u0259 yetirilm\u0259si sah\u0259sind\u0259 m\u00fc\u0259yy\u0259n i\u015fl\u0259r g\u00f6r\u00fclm\u00fc\u015f, o c\u00fcml\u0259d\u0259n t\u0259hsil, s\u0259hiyy\u0259, m\u0259d\u0259niyy\u0259t v\u0259 dig\u0259r sosial y\u00f6n\u00fcml\u00fc [&hellip;]","og_url":"https:\/\/www.zerdab.com\/?p=5170","og_site_name":"Z\u0259rdab.com","article_published_time":"2012-10-15T13:53:36+00:00","article_modified_time":"2014-10-02T17:31:52+00:00","og_image":[{"width":300,"height":218,"url":"https:\/\/www.zerdab.com\/wp-content\/uploads\/2012\/10\/Ilham-Eliyev-Imzalanma-130510.jpg","type":"image\/jpeg"}],"author":"admin","twitter_card":"summary_large_image","twitter_misc":{"Written by":"admin","Est. reading time":"2 minutes"},"schema":{"@context":"https:\/\/schema.org","@graph":[{"@type":"Article","@id":"https:\/\/www.zerdab.com\/?p=5170#article","isPartOf":{"@id":"https:\/\/www.zerdab.com\/?p=5170"},"author":{"name":"admin","@id":"https:\/\/www.zerdab.com\/#\/schema\/person\/97079b7570c1e89ec0d9e138c3672136"},"headline":"Prezidentin s\u0259r\u0259ncam\u0131 il\u0259 Z\u0259rdab rayonuna 2 milyon manat ayr\u0131ld\u0131","datePublished":"2012-10-15T13:53:36+00:00","dateModified":"2014-10-02T17:31:52+00:00","mainEntityOfPage":{"@id":"https:\/\/www.zerdab.com\/?p=5170"},"wordCount":322,"commentCount":0,"image":{"@id":"https:\/\/www.zerdab.com\/?p=5170#primaryimage"},"thumbnailUrl":"https:\/\/www.zerdab.com\/wp-content\/uploads\/2012\/10\/Ilham-Eliyev-Imzalanma-130510.jpg","articleSection":["C\u018fM\u0130YY\u018fT"],"inLanguage":"az","potentialAction":[{"@type":"CommentAction","name":"Comment","target":["https:\/\/www.zerdab.com\/?p=5170#respond"]}]},{"@type":"WebPage","@id":"https:\/\/www.zerdab.com\/?p=5170","url":"https:\/\/www.zerdab.com\/?p=5170","name":"Prezidentin s\u0259r\u0259ncam\u0131 il\u0259 Z\u0259rdab rayonuna 2 milyon manat ayr\u0131ld\u0131 - Z\u0259rdab.com","isPartOf":{"@id":"https:\/\/www.zerdab.com\/#website"},"primaryImageOfPage":{"@id":"https:\/\/www.zerdab.com\/?p=5170#primaryimage"},"image":{"@id":"https:\/\/www.zerdab.com\/?p=5170#primaryimage"},"thumbnailUrl":"https:\/\/www.zerdab.com\/wp-content\/uploads\/2012\/10\/Ilham-Eliyev-Imzalanma-130510.jpg","datePublished":"2012-10-15T13:53:36+00:00","dateModified":"2014-10-02T17:31:52+00:00","author":{"@id":"https:\/\/www.zerdab.com\/#\/schema\/person\/97079b7570c1e89ec0d9e138c3672136"},"breadcrumb":{"@id":"https:\/\/www.zerdab.com\/?p=5170#breadcrumb"},"inLanguage":"az","potentialAction":[{"@type":"ReadAction","target":["https:\/\/www.zerdab.com\/?p=5170"]}]},{"@type":"ImageObject","inLanguage":"az","@id":"https:\/\/www.zerdab.com\/?p=5170#primaryimage","url":"https:\/\/www.zerdab.com\/wp-content\/uploads\/2012\/10\/Ilham-Eliyev-Imzalanma-130510.jpg","contentUrl":"https:\/\/www.zerdab.com\/wp-content\/uploads\/2012\/10\/Ilham-Eliyev-Imzalanma-130510.jpg","width":"300","height":"218"},{"@type":"BreadcrumbList","@id":"https:\/\/www.zerdab.com\/?p=5170#breadcrumb","itemListElement":[{"@type":"ListItem","position":1,"name":"Home","item":"https:\/\/www.zerdab.com\/"},{"@type":"ListItem","position":2,"name":"Prezidentin s\u0259r\u0259ncam\u0131 il\u0259 Z\u0259rdab rayonuna 2 milyon manat ayr\u0131ld\u0131"}]},{"@type":"WebSite","@id":"https:\/\/www.zerdab.com\/#website","url":"https:\/\/www.zerdab.com\/","name":"Z\u0259rdab.com","description":"","potentialAction":[{"@type":"SearchAction","target":{"@type":"EntryPoint","urlTemplate":"https:\/\/www.zerdab.com\/?s={search_term_string}"},"query-input":{"@type":"PropertyValueSpecification","valueRequired":true,"valueName":"search_term_string"}}],"inLanguage":"az"},{"@type":"Person","@id":"https:\/\/www.zerdab.com\/#\/schema\/person\/97079b7570c1e89ec0d9e138c3672136","name":"admin","image":{"@type":"ImageObject","inLanguage":"az","@id":"https:\/\/www.zerdab.com\/#\/schema\/person\/image\/","url":"https:\/\/secure.gravatar.com\/avatar\/d9c52a9a27c32119cb6679a077fa3e2779e5f822c451cbf01098004361d466ec?s=96&d=mm&r=g","contentUrl":"https:\/\/secure.gravatar.com\/avatar\/d9c52a9a27c32119cb6679a077fa3e2779e5f822c451cbf01098004361d466ec?s=96&d=mm&r=g","caption":"admin"},"url":"https:\/\/www.zerdab.com\/?author=1"}]}},"_links":{"self":[{"href":"https:\/\/www.zerdab.com\/index.php?rest_route=\/wp\/v2\/posts\/5170","targetHints":{"allow":["GET"]}}],"collection":[{"href":"https:\/\/www.zerdab.com\/index.php?rest_route=\/wp\/v2\/posts"}],"about":[{"href":"https:\/\/www.zerdab.com\/index.php?rest_route=\/wp\/v2\/types\/post"}],"author":[{"embeddable":true,"href":"https:\/\/www.zerdab.com\/index.php?rest_route=\/wp\/v2\/users\/1"}],"replies":[{"embeddable":true,"href":"https:\/\/www.zerdab.com\/index.php?rest_route=%2Fwp%2Fv2%2Fcomments&post=5170"}],"version-history":[{"count":6,"href":"https:\/\/www.zerdab.com\/index.php?rest_route=\/wp\/v2\/posts\/5170\/revisions"}],"predecessor-version":[{"id":5180,"href":"https:\/\/www.zerdab.com\/index.php?rest_route=\/wp\/v2\/posts\/5170\/revisions\/5180"}],"wp:featuredmedia":[{"embeddable":true,"href":"https:\/\/www.zerdab.com\/index.php?rest_route=\/wp\/v2\/media\/5171"}],"wp:attachment":[{"href":"https:\/\/www.zerdab.com\/index.php?rest_route=%2Fwp%2Fv2%2Fmedia&parent=5170"}],"wp:term":[{"taxonomy":"category","embeddable":true,"href":"https:\/\/www.zerdab.com\/index.php?rest_route=%2Fwp%2Fv2%2Fcategories&post=5170"},{"taxonomy":"post_tag","embeddable":true,"href":"https:\/\/www.zerdab.com\/index.php?rest_route=%2Fwp%2Fv2%2Ftags&post=5170"}],"curies":[{"name":"wp","href":"https:\/\/api.w.org\/{rel}","templated":true}]}}