{"id":5190,"date":"2012-10-17T22:11:43","date_gmt":"2012-10-17T17:11:43","guid":{"rendered":"http:\/\/www.zerdab.com\/?p=5190"},"modified":"2012-10-17T22:47:28","modified_gmt":"2012-10-17T17:47:28","slug":"yap-in-z%c9%99rdab-rayon-t%c9%99skilatindan-moht%c9%99s%c9%99m-yubiley-t%c9%99dbiri","status":"publish","type":"post","link":"https:\/\/www.zerdab.com\/?p=5190","title":{"rendered":"YAP-\u0131n Z\u0259rdab rayon t\u0259\u015fkilat\u0131ndan m\u00f6ht\u0259\u015f\u0259m yubiley t\u0259dbiri &#8211; fotolar"},"content":{"rendered":"<p><a href=\"http:\/\/www.zerdab.com\/wp-content\/uploads\/2012\/10\/YAP2.jpg\"><img loading=\"lazy\" decoding=\"async\" class=\"alignleft  wp-image-5197\" title=\"YAP\" src=\"http:\/\/www.zerdab.com\/wp-content\/uploads\/2012\/10\/YAP2.jpg\" alt=\"\" width=\"322\" height=\"245\" \/><\/a><span style=\"color: #0000ff;\"><strong>Z\u0259rdab rayonunda Yeni Az\u0259rbaycan Partiyas\u0131n\u0131n (YAP) yarad\u0131lmas\u0131n\u0131n 20 illik yubileyin\u0259 h\u0259sr olunmu\u015f t\u0259dbir ke\u00e7irildi. www.zerdab.com sayt\u0131 x\u0259b\u0259r verir ki, t\u0259dbir i\u015ftirak\u00e7\u0131lar\u0131 \u0259vv\u0259lc\u0259 ulu \u00f6nd\u0259rin ad\u0131n\u0131 da\u015f\u0131yan parkda partiyan\u0131n yarad\u0131c\u0131s\u0131, \u00fcmummilli lider Heyd\u0259r \u018fliyevin abid\u0259sini ziyar\u0259t edib, \u00f6n\u00fcn\u0259 t\u0259r \u00e7i\u00e7\u0259kl\u0259r qoydular.<\/strong><\/span> Heyd\u0259r \u018fliyev M\u0259rk\u0259zind\u0259 ke\u00e7iril\u0259n t\u0259dbird\u0259 Z\u0259rdab Rayon \u0130cra Hakimiyy\u0259tinin ba\u015f\u00e7\u0131s\u0131 L\u00fctv\u0259li Babayev, Milli M\u0259clisin deputat\u0131 Jal\u0259 \u018fliyeva, YAP Siyasi \u015euras\u0131n\u0131n \u00fczv\u00fc, &#8220;\u0130ki sahil&#8221; q\u0259zetinin ba\u015f redaktoru V\u00fcqar R\u0259himzad\u0259, YAP M\u0259rk\u0259zi Aparat\u0131n\u0131n m\u0259sul i\u015f\u00e7isi Qalib \u018fsg\u0259rov i\u015ftirak etdil\u0259r. Yubiley t\u0259dbirini giri\u015f s\u00f6z\u00fc il\u0259 <strong>YAP-\u0131n Z\u0259rdab rayon t\u0259\u015fkilat\u0131<\/strong>n\u0131n s\u0259dri P\u0259rvin Mahmudova a\u00e7d\u0131. P\u0259rvin Mahmudova Yeni Az\u0259rbaycan Partiyas\u0131n\u0131n zaman\u0131n t\u0259l\u0259bin\u0259 uy\u011fun yarand\u0131\u011f\u0131n\u0131 v\u0259 q\u0131sa m\u00fcdd\u0259td\u0259 \u00fcmumxalq partiyas\u0131na \u00e7evrildiyini bildirdi.<br \/>\n&#8220;Bu partiyan\u0131n yarad\u0131lmas\u0131 \u00fcmummilli liderimiz Heyd\u0259r \u018fliyevin V\u0259t\u0259n v\u0259 xalq qar\u015f\u0131s\u0131ndak\u0131 misilsiz xidm\u0259tl\u0259rind\u0259n biridir&#8221;,-dey\u0259 P\u0259rvin Mahmudova qeyd etdi.<br \/>\nP\u0259rvin Mahmudova bildirdi ki, Yeni Az\u0259rbaycan Partiyas\u0131 yaranmas\u0131ndan c\u0259mi bir ne\u00e7\u0259 ay sonra sivil yolla siyasi hakimiyy\u0259t\u0259 g\u0259l\u0259n yegan\u0259 siyasi partiyad\u0131r: &#8220;Bu siyasi q\u00fcvv\u0259 f\u0259aliyy\u0259t g\u00f6st\u0259rdiyi 20 ild\u0259 Az\u0259rbaycan d\u00f6vl\u0259t\u00e7iliyin\u0259 v\u0259 xalqa \u015f\u0259r\u0259fl\u0259 xidm\u0259t edib, d\u00f6vr\u00fcn, zaman\u0131n \u00e7\u0259tinlikl\u0259rind\u0259n t\u0259\u015fkilati v\u0259 ideoloji c\u0259h\u0259td\u0259n m\u0259tinl\u0259\u015fmi\u015f \u015f\u0259kild\u0259 \u00e7\u0131x\u0131b&#8221;.<br \/>\nYAP-\u0131n Z\u0259rdab rayon t\u0259\u015fkilat\u0131n\u0131n s\u0259dri dedi ki, bu g\u00fcn Yeni Az\u0259rbaycan Partiyas\u0131n\u0131n liderliyi etibarl\u0131 \u0259ll\u0259rd\u0259dir: &#8220;Partiyan\u0131n s\u0259dri, Prezident \u0130lham \u018fliyevin r\u0259hb\u0259rliyi il\u0259 c\u0259miyy\u0259timiz getdikc\u0259 yenil\u0259\u015fir, d\u00f6vl\u0259timiz q\u00fcdr\u0259tl\u0259nir, xalq\u0131m\u0131z\u0131n firavanl\u0131\u011f\u0131 t\u0259min olunur&#8221;.<br \/>\nYAP-\u0131n Z\u0259rdab rayon t\u0259\u015fkilat\u0131n\u0131n Qad\u0131nlar \u015furas\u0131n\u0131n s\u0259dri Min\u0259g\u00fcl \u018fliyeva, R\u0130H-d\u0259 yetkinlik ya\u015f\u0131na \u00e7atmayanlar\u0131n i\u015fl\u0259ri v\u0259 h\u00fcquqlar\u0131n\u0131n m\u00fcdafi\u0259si \u00fczr\u0259 komissiyada m\u0259sul katib, YAP-\u0131n Z\u0259rdab rayon t\u0259\u015fkilat\u0131n\u0131n \u015eura \u00fczv\u00fc Vasif S\u0259limov, Gigiyena v\u0259 Epidemiologiya M\u0259rk\u0259zinin direktoru R\u0259\u015fid H\u00fcseynov, Mill\u0259t v\u0259kili Jal\u0259 \u018fliyeva, YAP Siyasi \u015euras\u0131n\u0131n \u00fczv\u00fc V\u00fcqar R\u0259himzad\u0259, Z\u0259rdab rayon \u0130cra Hakimiyy\u0259tinin ba\u015f\u00e7\u0131s\u0131 L\u00fctv\u0259li Babayev \u00f6z \u00e7\u0131x\u0131\u015flar\u0131nda \u00f6lk\u0259nin ictimai-siyasi h\u0259yat\u0131nda apar\u0131c\u0131 q\u00fcvv\u0259 olan Yeni Az\u0259rbaycan Partiyas\u0131n\u0131n qazand\u0131g\u0131 u\u011fur v\u0259 nailiyy\u0259tl\u0259rind\u0259n s\u00f6z a\u00e7araq, partiya \u00fczvl\u0259rini bayram m\u00fcnasib\u0259til\u0259 t\u0259brik etdil\u0259r.<br \/>\n\u00c7\u0131x\u0131\u015f ed\u0259nl\u0259r, h\u0259m\u00e7inin \u00f6z s\u0131ralar\u0131nda 6000 n\u0259f\u0259r\u0259 yax\u0131n \u00fczv\u00fc birl\u0259\u015fdir\u0259n YAP-\u0131n Z\u0259rdab rayon t\u0259\u015fkilat\u0131n\u0131n f\u0259aliyy\u0259tind\u0259n, rayonun sosial-iqtisadi, ictimai-m\u0259d\u0259ni h\u0259yat\u0131ndak\u0131 rolundan da \u0259trafl\u0131 s\u00f6hb\u0259t a\u00e7d\u0131lar. D\u00f6vl\u0259t ba\u015f\u00e7\u0131s\u0131n\u0131n bu yax\u0131nlarda Z\u0259rdab rayonuna s\u0259f\u0259ri zaman\u0131 dig\u0259r obyektl\u0259r kimi, YAP rayon t\u0259\u015fkilat\u0131n\u0131n yeni inzibati binas\u0131n\u0131n da a\u00e7\u0131l\u0131\u015f\u0131nda i\u015ftirak etm\u0259sinin, sakinl\u0259rl\u0259 g\u00f6r\u00fc\u015f\u00fcn\u00fcn, daha sonra &#8220;Z\u0259rdab rayonunun sosial-iqtisadi inki\u015faf\u0131n\u0131n s\u00fcr\u0259tl\u0259ndirilm\u0259sin\u0259 dair \u0259lav\u0259 t\u0259dbirl\u0259r haqq\u0131nda&#8221; S\u0259r\u0259ncam imzalamas\u0131n\u0131n z\u0259rdabl\u0131lar t\u0259r\u0259find\u0259n b\u00f6y\u00fck minn\u0259tdarl\u0131qla qar\u015f\u0131lanmas\u0131ndan da \u0259trafl\u0131 b\u0259hs olundu.<br \/>\nNatiql\u0259r \u00f6lk\u0259mizin daha da q\u00fcdr\u0259tl\u0259nm\u0259si namin\u0259 YAP-\u0131n, onun bir d\u0259st\u0259si olan Z\u0259rdab rayon t\u0259\u015fkilat\u0131n\u0131n bundan sonra da f\u0259all\u0131q g\u00f6st\u0259r\u0259c\u0259yini bildirdil\u0259r.<br \/>\n\u00c7\u0131x\u0131\u015flardan sonra t\u0259dbir i\u015ftirak\u00e7\u0131lar\u0131 ad\u0131ndan Az\u0259rbaycan Respublikas\u0131n\u0131n Prezidenti, Yeni Az\u0259rbaycan Partiyas\u0131n\u0131n s\u0259dri c\u0259nab \u0130lham \u018fliyev\u0259 m\u00fcraci\u0259t q\u0259bul olundu.<br \/>\nSonra rayonun ictimai-siyasi h\u0259yat\u0131nda daha f\u0259al i\u015ftirak ed\u0259n bir qrup partiya f\u0259al\u0131na f\u0259xri f\u0259rmanlar verildi, Partiya s\u0131ralar\u0131na yeni q\u0259bul olunmu\u015f g\u0259ncl\u0259r\u0259 partiya v\u0259siq\u0259l\u0259ri t\u0259qdim edildi.<br \/>\nT\u0259dbirin sonunda Az\u0259rbaycan\u0131n D\u00f6vl\u0259t M\u00fcst\u0259qilliyinin b\u0259rpa edilm\u0259sinin 21-ci, Yeni Az\u0259rbaycan Partiyas\u0131n\u0131n yaranmas\u0131n\u0131n 20-ci ild\u00f6n\u00fcm\u00fc m\u00fcnasib\u0259til\u0259 Heyd\u0259r \u018fliyev park\u0131nda t\u0259nt\u0259n\u0259li bayram konserti t\u0259\u015fkil olundu.<\/p>\n<p><strong>www.zerdab.com<\/strong><\/p>\n<p><a href=\"http:\/\/www.zerdab.com\/wp-content\/uploads\/2012\/10\/YAP4.jpg\"><img loading=\"lazy\" decoding=\"async\" class=\"alignleft  wp-image-5199\" title=\"Yeni Az\u0259rbaycan Partiyas\u0131 Z\u0259rdab rayon t\u0259\u015fkilat\u0131\" src=\"http:\/\/www.zerdab.com\/wp-content\/uploads\/2012\/10\/YAP4.jpg\" alt=\"\" width=\"364\" height=\"277\" \/><\/a><\/p>\n<p>&nbsp;<\/p>\n<p>&nbsp;<\/p>\n<p>&nbsp;<\/p>\n<p>&nbsp;<\/p>\n<p>&nbsp;<\/p>\n<p>&nbsp;<\/p>\n<p><a href=\"http:\/\/www.zerdab.com\/wp-content\/uploads\/2012\/10\/YAP7.jpg\"><img loading=\"lazy\" decoding=\"async\" class=\"alignleft  wp-image-5200\" title=\"YAP\" src=\"http:\/\/www.zerdab.com\/wp-content\/uploads\/2012\/10\/YAP7.jpg\" alt=\"\" width=\"313\" height=\"238\" \/><\/a><\/p>\n<p>&nbsp;<\/p>\n<p>&nbsp;<\/p>\n<p>&nbsp;<\/p>\n<p>&nbsp;<\/p>\n<p>&nbsp;<\/p>\n<p>&nbsp;<\/p>\n<p><a href=\"http:\/\/www.zerdab.com\/wp-content\/uploads\/2012\/10\/YAP32.jpg\"><img loading=\"lazy\" decoding=\"async\" class=\"alignleft  wp-image-5203\" title=\"YAP\" src=\"http:\/\/www.zerdab.com\/wp-content\/uploads\/2012\/10\/YAP32-262x350.jpg\" alt=\"\" width=\"216\" height=\"285\" \/><\/a><\/p>\n","protected":false},"excerpt":{"rendered":"<p>Z\u0259rdab rayonunda Yeni Az\u0259rbaycan Partiyas\u0131n\u0131n (YAP) yarad\u0131lmas\u0131n\u0131n 20 illik yubileyin\u0259 h\u0259sr olunmu\u015f t\u0259dbir ke\u00e7irildi. www.zerdab.com sayt\u0131 x\u0259b\u0259r verir ki, t\u0259dbir i\u015ftirak\u00e7\u0131lar\u0131 \u0259vv\u0259lc\u0259 ulu \u00f6nd\u0259rin ad\u0131n\u0131 da\u015f\u0131yan parkda partiyan\u0131n yarad\u0131c\u0131s\u0131, \u00fcmummilli lider Heyd\u0259r \u018fliyevin abid\u0259sini ziyar\u0259t edib, \u00f6n\u00fcn\u0259 t\u0259r \u00e7i\u00e7\u0259kl\u0259r qoydular. Heyd\u0259r \u018fliyev M\u0259rk\u0259zind\u0259 ke\u00e7iril\u0259n t\u0259dbird\u0259 Z\u0259rdab Rayon \u0130cra Hakimiyy\u0259tinin ba\u015f\u00e7\u0131s\u0131 L\u00fctv\u0259li Babayev, Milli M\u0259clisin deputat\u0131 [&hellip;]<\/p>\n","protected":false},"author":1,"featured_media":0,"comment_status":"open","ping_status":"open","sticky":false,"template":"","format":"standard","meta":{"footnotes":""},"categories":[5],"tags":[],"class_list":{"0":"post-5190","1":"post","2":"type-post","3":"status-publish","4":"format-standard","6":"category-knd"},"yoast_head":"<!-- This site is optimized with the Yoast SEO plugin v27.0 - https:\/\/yoast.com\/product\/yoast-seo-wordpress\/ -->\n<title>YAP-\u0131n Z\u0259rdab rayon t\u0259\u015fkilat\u0131ndan m\u00f6ht\u0259\u015f\u0259m yubiley t\u0259dbiri - fotolar  - Z\u0259rdab.com<\/title>\n<meta name=\"robots\" content=\"index, follow, max-snippet:-1, max-image-preview:large, max-video-preview:-1\" \/>\n<link rel=\"canonical\" href=\"https:\/\/www.zerdab.com\/?p=5190\" \/>\n<meta property=\"og:locale\" content=\"az_AZ\" \/>\n<meta property=\"og:type\" content=\"article\" \/>\n<meta property=\"og:title\" content=\"YAP-\u0131n Z\u0259rdab rayon t\u0259\u015fkilat\u0131ndan m\u00f6ht\u0259\u015f\u0259m yubiley t\u0259dbiri - fotolar  - Z\u0259rdab.com\" \/>\n<meta property=\"og:description\" content=\"Z\u0259rdab rayonunda Yeni Az\u0259rbaycan Partiyas\u0131n\u0131n (YAP) yarad\u0131lmas\u0131n\u0131n 20 illik yubileyin\u0259 h\u0259sr olunmu\u015f t\u0259dbir ke\u00e7irildi. www.zerdab.com sayt\u0131 x\u0259b\u0259r verir ki, t\u0259dbir i\u015ftirak\u00e7\u0131lar\u0131 \u0259vv\u0259lc\u0259 ulu \u00f6nd\u0259rin ad\u0131n\u0131 da\u015f\u0131yan parkda partiyan\u0131n yarad\u0131c\u0131s\u0131, \u00fcmummilli lider Heyd\u0259r \u018fliyevin abid\u0259sini ziyar\u0259t edib, \u00f6n\u00fcn\u0259 t\u0259r \u00e7i\u00e7\u0259kl\u0259r qoydular. Heyd\u0259r \u018fliyev M\u0259rk\u0259zind\u0259 ke\u00e7iril\u0259n t\u0259dbird\u0259 Z\u0259rdab Rayon \u0130cra Hakimiyy\u0259tinin ba\u015f\u00e7\u0131s\u0131 L\u00fctv\u0259li Babayev, Milli M\u0259clisin deputat\u0131 [&hellip;]\" \/>\n<meta property=\"og:url\" content=\"https:\/\/www.zerdab.com\/?p=5190\" \/>\n<meta property=\"og:site_name\" content=\"Z\u0259rdab.com\" \/>\n<meta property=\"article:published_time\" content=\"2012-10-17T17:11:43+00:00\" \/>\n<meta property=\"article:modified_time\" content=\"2012-10-17T17:47:28+00:00\" \/>\n<meta property=\"og:image\" content=\"http:\/\/www.zerdab.com\/wp-content\/uploads\/2012\/10\/YAP2.jpg\" \/>\n<meta name=\"author\" content=\"admin\" \/>\n<meta name=\"twitter:card\" content=\"summary_large_image\" \/>\n<meta name=\"twitter:label1\" content=\"Written by\" \/>\n\t<meta name=\"twitter:data1\" content=\"admin\" \/>\n\t<meta name=\"twitter:label2\" content=\"Est. reading time\" \/>\n\t<meta name=\"twitter:data2\" content=\"4 minutes\" \/>\n<script type=\"application\/ld+json\" class=\"yoast-schema-graph\">{\"@context\":\"https:\/\/schema.org\",\"@graph\":[{\"@type\":\"Article\",\"@id\":\"https:\/\/www.zerdab.com\/?p=5190#article\",\"isPartOf\":{\"@id\":\"https:\/\/www.zerdab.com\/?p=5190\"},\"author\":{\"name\":\"admin\",\"@id\":\"https:\/\/www.zerdab.com\/#\/schema\/person\/97079b7570c1e89ec0d9e138c3672136\"},\"headline\":\"YAP-\u0131n Z\u0259rdab rayon t\u0259\u015fkilat\u0131ndan m\u00f6ht\u0259\u015f\u0259m yubiley t\u0259dbiri &#8211; fotolar\",\"datePublished\":\"2012-10-17T17:11:43+00:00\",\"dateModified\":\"2012-10-17T17:47:28+00:00\",\"mainEntityOfPage\":{\"@id\":\"https:\/\/www.zerdab.com\/?p=5190\"},\"wordCount\":831,\"commentCount\":5,\"image\":{\"@id\":\"https:\/\/www.zerdab.com\/?p=5190#primaryimage\"},\"thumbnailUrl\":\"http:\/\/www.zerdab.com\/wp-content\/uploads\/2012\/10\/YAP2.jpg\",\"articleSection\":[\"X\u018fB\u018fRL\u018fR\"],\"inLanguage\":\"az\",\"potentialAction\":[{\"@type\":\"CommentAction\",\"name\":\"Comment\",\"target\":[\"https:\/\/www.zerdab.com\/?p=5190#respond\"]}]},{\"@type\":\"WebPage\",\"@id\":\"https:\/\/www.zerdab.com\/?p=5190\",\"url\":\"https:\/\/www.zerdab.com\/?p=5190\",\"name\":\"YAP-\u0131n Z\u0259rdab rayon t\u0259\u015fkilat\u0131ndan m\u00f6ht\u0259\u015f\u0259m yubiley t\u0259dbiri - fotolar - Z\u0259rdab.com\",\"isPartOf\":{\"@id\":\"https:\/\/www.zerdab.com\/#website\"},\"primaryImageOfPage\":{\"@id\":\"https:\/\/www.zerdab.com\/?p=5190#primaryimage\"},\"image\":{\"@id\":\"https:\/\/www.zerdab.com\/?p=5190#primaryimage\"},\"thumbnailUrl\":\"http:\/\/www.zerdab.com\/wp-content\/uploads\/2012\/10\/YAP2.jpg\",\"datePublished\":\"2012-10-17T17:11:43+00:00\",\"dateModified\":\"2012-10-17T17:47:28+00:00\",\"author\":{\"@id\":\"https:\/\/www.zerdab.com\/#\/schema\/person\/97079b7570c1e89ec0d9e138c3672136\"},\"breadcrumb\":{\"@id\":\"https:\/\/www.zerdab.com\/?p=5190#breadcrumb\"},\"inLanguage\":\"az\",\"potentialAction\":[{\"@type\":\"ReadAction\",\"target\":[\"https:\/\/www.zerdab.com\/?p=5190\"]}]},{\"@type\":\"ImageObject\",\"inLanguage\":\"az\",\"@id\":\"https:\/\/www.zerdab.com\/?p=5190#primaryimage\",\"url\":\"http:\/\/www.zerdab.com\/wp-content\/uploads\/2012\/10\/YAP2.jpg\",\"contentUrl\":\"http:\/\/www.zerdab.com\/wp-content\/uploads\/2012\/10\/YAP2.jpg\"},{\"@type\":\"BreadcrumbList\",\"@id\":\"https:\/\/www.zerdab.com\/?p=5190#breadcrumb\",\"itemListElement\":[{\"@type\":\"ListItem\",\"position\":1,\"name\":\"Home\",\"item\":\"https:\/\/www.zerdab.com\/\"},{\"@type\":\"ListItem\",\"position\":2,\"name\":\"YAP-\u0131n Z\u0259rdab rayon t\u0259\u015fkilat\u0131ndan m\u00f6ht\u0259\u015f\u0259m yubiley t\u0259dbiri &#8211; fotolar\"}]},{\"@type\":\"WebSite\",\"@id\":\"https:\/\/www.zerdab.com\/#website\",\"url\":\"https:\/\/www.zerdab.com\/\",\"name\":\"Z\u0259rdab.com\",\"description\":\"\",\"potentialAction\":[{\"@type\":\"SearchAction\",\"target\":{\"@type\":\"EntryPoint\",\"urlTemplate\":\"https:\/\/www.zerdab.com\/?s={search_term_string}\"},\"query-input\":{\"@type\":\"PropertyValueSpecification\",\"valueRequired\":true,\"valueName\":\"search_term_string\"}}],\"inLanguage\":\"az\"},{\"@type\":\"Person\",\"@id\":\"https:\/\/www.zerdab.com\/#\/schema\/person\/97079b7570c1e89ec0d9e138c3672136\",\"name\":\"admin\",\"image\":{\"@type\":\"ImageObject\",\"inLanguage\":\"az\",\"@id\":\"https:\/\/www.zerdab.com\/#\/schema\/person\/image\/\",\"url\":\"https:\/\/secure.gravatar.com\/avatar\/d9c52a9a27c32119cb6679a077fa3e2779e5f822c451cbf01098004361d466ec?s=96&d=mm&r=g\",\"contentUrl\":\"https:\/\/secure.gravatar.com\/avatar\/d9c52a9a27c32119cb6679a077fa3e2779e5f822c451cbf01098004361d466ec?s=96&d=mm&r=g\",\"caption\":\"admin\"},\"url\":\"https:\/\/www.zerdab.com\/?author=1\"}]}<\/script>\n<!-- \/ Yoast SEO plugin. -->","yoast_head_json":{"title":"YAP-\u0131n Z\u0259rdab rayon t\u0259\u015fkilat\u0131ndan m\u00f6ht\u0259\u015f\u0259m yubiley t\u0259dbiri - fotolar  - Z\u0259rdab.com","robots":{"index":"index","follow":"follow","max-snippet":"max-snippet:-1","max-image-preview":"max-image-preview:large","max-video-preview":"max-video-preview:-1"},"canonical":"https:\/\/www.zerdab.com\/?p=5190","og_locale":"az_AZ","og_type":"article","og_title":"YAP-\u0131n Z\u0259rdab rayon t\u0259\u015fkilat\u0131ndan m\u00f6ht\u0259\u015f\u0259m yubiley t\u0259dbiri - fotolar  - Z\u0259rdab.com","og_description":"Z\u0259rdab rayonunda Yeni Az\u0259rbaycan Partiyas\u0131n\u0131n (YAP) yarad\u0131lmas\u0131n\u0131n 20 illik yubileyin\u0259 h\u0259sr olunmu\u015f t\u0259dbir ke\u00e7irildi. www.zerdab.com sayt\u0131 x\u0259b\u0259r verir ki, t\u0259dbir i\u015ftirak\u00e7\u0131lar\u0131 \u0259vv\u0259lc\u0259 ulu \u00f6nd\u0259rin ad\u0131n\u0131 da\u015f\u0131yan parkda partiyan\u0131n yarad\u0131c\u0131s\u0131, \u00fcmummilli lider Heyd\u0259r \u018fliyevin abid\u0259sini ziyar\u0259t edib, \u00f6n\u00fcn\u0259 t\u0259r \u00e7i\u00e7\u0259kl\u0259r qoydular. Heyd\u0259r \u018fliyev M\u0259rk\u0259zind\u0259 ke\u00e7iril\u0259n t\u0259dbird\u0259 Z\u0259rdab Rayon \u0130cra Hakimiyy\u0259tinin ba\u015f\u00e7\u0131s\u0131 L\u00fctv\u0259li Babayev, Milli M\u0259clisin deputat\u0131 [&hellip;]","og_url":"https:\/\/www.zerdab.com\/?p=5190","og_site_name":"Z\u0259rdab.com","article_published_time":"2012-10-17T17:11:43+00:00","article_modified_time":"2012-10-17T17:47:28+00:00","og_image":[{"url":"http:\/\/www.zerdab.com\/wp-content\/uploads\/2012\/10\/YAP2.jpg","type":"","width":"","height":""}],"author":"admin","twitter_card":"summary_large_image","twitter_misc":{"Written by":"admin","Est. reading time":"4 minutes"},"schema":{"@context":"https:\/\/schema.org","@graph":[{"@type":"Article","@id":"https:\/\/www.zerdab.com\/?p=5190#article","isPartOf":{"@id":"https:\/\/www.zerdab.com\/?p=5190"},"author":{"name":"admin","@id":"https:\/\/www.zerdab.com\/#\/schema\/person\/97079b7570c1e89ec0d9e138c3672136"},"headline":"YAP-\u0131n Z\u0259rdab rayon t\u0259\u015fkilat\u0131ndan m\u00f6ht\u0259\u015f\u0259m yubiley t\u0259dbiri &#8211; fotolar","datePublished":"2012-10-17T17:11:43+00:00","dateModified":"2012-10-17T17:47:28+00:00","mainEntityOfPage":{"@id":"https:\/\/www.zerdab.com\/?p=5190"},"wordCount":831,"commentCount":5,"image":{"@id":"https:\/\/www.zerdab.com\/?p=5190#primaryimage"},"thumbnailUrl":"http:\/\/www.zerdab.com\/wp-content\/uploads\/2012\/10\/YAP2.jpg","articleSection":["X\u018fB\u018fRL\u018fR"],"inLanguage":"az","potentialAction":[{"@type":"CommentAction","name":"Comment","target":["https:\/\/www.zerdab.com\/?p=5190#respond"]}]},{"@type":"WebPage","@id":"https:\/\/www.zerdab.com\/?p=5190","url":"https:\/\/www.zerdab.com\/?p=5190","name":"YAP-\u0131n Z\u0259rdab rayon t\u0259\u015fkilat\u0131ndan m\u00f6ht\u0259\u015f\u0259m yubiley t\u0259dbiri - fotolar - Z\u0259rdab.com","isPartOf":{"@id":"https:\/\/www.zerdab.com\/#website"},"primaryImageOfPage":{"@id":"https:\/\/www.zerdab.com\/?p=5190#primaryimage"},"image":{"@id":"https:\/\/www.zerdab.com\/?p=5190#primaryimage"},"thumbnailUrl":"http:\/\/www.zerdab.com\/wp-content\/uploads\/2012\/10\/YAP2.jpg","datePublished":"2012-10-17T17:11:43+00:00","dateModified":"2012-10-17T17:47:28+00:00","author":{"@id":"https:\/\/www.zerdab.com\/#\/schema\/person\/97079b7570c1e89ec0d9e138c3672136"},"breadcrumb":{"@id":"https:\/\/www.zerdab.com\/?p=5190#breadcrumb"},"inLanguage":"az","potentialAction":[{"@type":"ReadAction","target":["https:\/\/www.zerdab.com\/?p=5190"]}]},{"@type":"ImageObject","inLanguage":"az","@id":"https:\/\/www.zerdab.com\/?p=5190#primaryimage","url":"http:\/\/www.zerdab.com\/wp-content\/uploads\/2012\/10\/YAP2.jpg","contentUrl":"http:\/\/www.zerdab.com\/wp-content\/uploads\/2012\/10\/YAP2.jpg"},{"@type":"BreadcrumbList","@id":"https:\/\/www.zerdab.com\/?p=5190#breadcrumb","itemListElement":[{"@type":"ListItem","position":1,"name":"Home","item":"https:\/\/www.zerdab.com\/"},{"@type":"ListItem","position":2,"name":"YAP-\u0131n Z\u0259rdab rayon t\u0259\u015fkilat\u0131ndan m\u00f6ht\u0259\u015f\u0259m yubiley t\u0259dbiri &#8211; fotolar"}]},{"@type":"WebSite","@id":"https:\/\/www.zerdab.com\/#website","url":"https:\/\/www.zerdab.com\/","name":"Z\u0259rdab.com","description":"","potentialAction":[{"@type":"SearchAction","target":{"@type":"EntryPoint","urlTemplate":"https:\/\/www.zerdab.com\/?s={search_term_string}"},"query-input":{"@type":"PropertyValueSpecification","valueRequired":true,"valueName":"search_term_string"}}],"inLanguage":"az"},{"@type":"Person","@id":"https:\/\/www.zerdab.com\/#\/schema\/person\/97079b7570c1e89ec0d9e138c3672136","name":"admin","image":{"@type":"ImageObject","inLanguage":"az","@id":"https:\/\/www.zerdab.com\/#\/schema\/person\/image\/","url":"https:\/\/secure.gravatar.com\/avatar\/d9c52a9a27c32119cb6679a077fa3e2779e5f822c451cbf01098004361d466ec?s=96&d=mm&r=g","contentUrl":"https:\/\/secure.gravatar.com\/avatar\/d9c52a9a27c32119cb6679a077fa3e2779e5f822c451cbf01098004361d466ec?s=96&d=mm&r=g","caption":"admin"},"url":"https:\/\/www.zerdab.com\/?author=1"}]}},"_links":{"self":[{"href":"https:\/\/www.zerdab.com\/index.php?rest_route=\/wp\/v2\/posts\/5190","targetHints":{"allow":["GET"]}}],"collection":[{"href":"https:\/\/www.zerdab.com\/index.php?rest_route=\/wp\/v2\/posts"}],"about":[{"href":"https:\/\/www.zerdab.com\/index.php?rest_route=\/wp\/v2\/types\/post"}],"author":[{"embeddable":true,"href":"https:\/\/www.zerdab.com\/index.php?rest_route=\/wp\/v2\/users\/1"}],"replies":[{"embeddable":true,"href":"https:\/\/www.zerdab.com\/index.php?rest_route=%2Fwp%2Fv2%2Fcomments&post=5190"}],"version-history":[{"count":7,"href":"https:\/\/www.zerdab.com\/index.php?rest_route=\/wp\/v2\/posts\/5190\/revisions"}],"predecessor-version":[{"id":5194,"href":"https:\/\/www.zerdab.com\/index.php?rest_route=\/wp\/v2\/posts\/5190\/revisions\/5194"}],"wp:attachment":[{"href":"https:\/\/www.zerdab.com\/index.php?rest_route=%2Fwp%2Fv2%2Fmedia&parent=5190"}],"wp:term":[{"taxonomy":"category","embeddable":true,"href":"https:\/\/www.zerdab.com\/index.php?rest_route=%2Fwp%2Fv2%2Fcategories&post=5190"},{"taxonomy":"post_tag","embeddable":true,"href":"https:\/\/www.zerdab.com\/index.php?rest_route=%2Fwp%2Fv2%2Ftags&post=5190"}],"curies":[{"name":"wp","href":"https:\/\/api.w.org\/{rel}","templated":true}]}}