{"id":5212,"date":"2012-10-18T17:50:26","date_gmt":"2012-10-18T12:50:26","guid":{"rendered":"http:\/\/www.zerdab.com\/?p=5212"},"modified":"2012-10-20T14:07:29","modified_gmt":"2012-10-20T09:07:29","slug":"z%c9%99rdabda-51-min-n%c9%99f%c9%99rin-adindan-prezident%c9%99-muraci%c9%99t-olunub-m%c9%99tn","status":"publish","type":"post","link":"https:\/\/www.zerdab.com\/?p=5212","title":{"rendered":"Z\u0259rdabda 55 min n\u0259f\u0259rin ad\u0131ndan Prezident\u0259 m\u00fcraci\u0259t edilib &#8211; m\u0259tn"},"content":{"rendered":"<p style=\"text-align: left;\"><a href=\"http:\/\/www.zerdab.com\/wp-content\/uploads\/2012\/10\/iclas.jpg\"><img loading=\"lazy\" decoding=\"async\" class=\"alignleft  wp-image-5255\" title=\"hesabat_Zerdab\" src=\"http:\/\/www.zerdab.com\/wp-content\/uploads\/2012\/10\/iclas-350x240.jpg\" alt=\"\" width=\"291\" height=\"204\" \/><\/a>Z\u0259rdabda cari ilin doqquz ay\u0131nda rayonun sosial-iqtisadi inki\u015faf\u0131n\u0131n yekunlar\u0131 v\u0259 qar\u015f\u0131da duran v\u0259zif\u0259l\u0259r\u0259 h\u0259sr edilmi\u015f hesabat iclas\u0131 ke\u00e7irilib. \u0130clasda Z\u0259rdab Rayon \u0130cra Hakimiyy\u0259tinin ba\u015f\u00e7\u0131s\u0131 L\u00fctv\u0259li Babayevin hesabat\u0131 dinl\u0259nilib. Sonda y\u0131\u011f\u0131ncaq i\u015ftirak\u00e7\u0131lar\u0131n\u0131n Prezident \u0130lham \u018fliyev\u0259 m\u00fcraci\u0259ti \u00fcnvanlan\u0131b. <strong>www.zerdab.com<\/strong> sayt\u0131 m\u00fcraci\u0259tin tam m\u0259tnini t\u0259qdim edir: &#8220;M\u00f6ht\u0259r\u0259m c\u0259nab Prezident!<br \/>\nBiz &#8211; Az\u0259rbaycan Respublikas\u0131 Nazirl\u0259r Kabinetinin 10 oktyabr 2012-ci il\u00a0 tarixd\u0259 Sizin s\u0259drliyinizl\u0259 ke\u00e7iril\u0259n 2012-ci ilin 9 ay\u0131n\u0131n sosial-iqtisadi inki\u015faf\u0131n\u0131n yekunlar\u0131na h\u0259sr olunmu\u015f geni\u015f iclas\u0131n\u0131n t\u0259l\u0259bl\u0259ri\u00a0 bax\u0131m\u0131ndan son doqquz ayda Z\u0259rdab rayonunda g\u00f6r\u00fclm\u00fc\u015f i\u015fl\u0259r v\u0259 qar\u015f\u0131da duran v\u0259zif\u0259l\u0259rl\u0259 ba\u011fl\u0131 ke\u00e7iril\u0259n \u015eura y\u0131\u011f\u0131nca\u011f\u0131n\u0131n i\u015ftirak\u00e7\u0131lar\u0131 \u00dcmummilli liderimiz Heyd\u0259r \u018fliyevin \u00f6lm\u0259z ideyalar\u0131na v\u0259 d\u00f6vl\u0259t\u00e7ilik kursuna s\u0259daq\u0259tl\u0259 xidm\u0259td\u0259n, \u00f6lk\u0259mizin daha s\u00fcr\u0259tli inki\u015faf\u0131 u\u011frunda Sizin z\u0259ngin daxili v\u0259 xarici siyas\u0259tiniz\u0259 yard\u0131m\u00e7\u0131 olmaqdan y\u00fcks\u0259k q\u00fcrur hissi ke\u00e7iririk.<br \/>\nSizin m\u0259qs\u0259dy\u00f6nl\u00fc r\u0259hb\u0259rliyiniz say\u0259sind\u0259 \u00f6lk\u0259mizd\u0259 son 9 ild\u0259 qazan\u0131lan nailiyy\u0259tl\u0259r, v\u0259t\u0259nda\u015f c\u0259miyy\u0259tinin formala\u015fmas\u0131, ordu quruculu\u011funa diqq\u0259tin art\u0131r\u0131lmas\u0131, \u00f6lk\u0259mizin beyn\u0259lxalq al\u0259md\u0259 n\u00fcfuzunun y\u00fcks\u0259lm\u0259si, Da\u011fl\u0131q Qaraba\u011f probleminin h\u0259lli yolunda h\u0259yata ke\u00e7iril\u0259n u\u011furlu xarici siyas\u0259t b\u00fct\u00fcn xalq\u0131m\u0131z\u0131 \u00fcr\u0259kd\u0259n sevindirir v\u0259 daha b\u00f6y\u00fck u\u011furlar qazanma\u011fa ruhland\u0131r\u0131r.<br \/>\nH\u00f6rm\u0259tli c\u0259nab Prezident!<br \/>\nSizin \u00f6lk\u0259mizin ayr\u0131-ayr\u0131 b\u00f6lg\u0259l\u0259rin\u0259 s\u0259f\u0259rl\u0259riniz, o c\u00fcml\u0259d\u0259n son 2 ild\u0259 2 d\u0259f\u0259, sonuncu d\u0259f\u0259 7 oktyabrda rayonumuza tarixi s\u0259f\u0259riniz d\u00f6vl\u0259timizin siyas\u0259tinin yerl\u0259rd\u0259 nec\u0259 icra olunmas\u0131na n\u0259zar\u0259t mexanizminin m\u00fch\u00fcm vasit\u0259si kimi qiym\u0259tl\u0259ndirilm\u0259kl\u0259, d\u0259rin raz\u0131l\u0131qla qar\u015f\u0131lan\u0131r. H\u0259min g\u00fcn\u00fc Heyd\u0259r \u018fliyev park\u0131nda 4 obyektin a\u00e7\u0131l\u0131\u015f\u0131nda \u015f\u0259xs\u0259n i\u015ftirak etm\u0259yiniz, Heyd\u0259r \u018fliyev park\u0131 v\u0259 Veteranlar Evi il\u0259 tan\u0131\u015f olma\u011f\u0131n\u0131z ictimaiyy\u0259t n\u00fcmay\u0259nd\u0259l\u0259ri il\u0259 s\u0259mimi g\u00f6r\u00fc\u015fl\u0259riniz, Z\u0259rdab v\u0259 z\u0259rdabl\u0131lar haqq\u0131nda xo\u015f s\u00f6zl\u0259riniz, Z\u0259rdaba g\u00f6st\u0259rdiyiniz sonsuz m\u0259h\u0259bb\u0259t, diqq\u0259t v\u0259 qay\u011f\u0131 z\u0259rdabl\u0131lar\u0131n xatir\u0259l\u0259rind\u0259 uzun m\u00fcdd\u0259t ya\u015fayacaqd\u0131r.<br \/>\n&#8220;Z\u0259rdab rayonunun sosial-iqtisadi inki\u015faf\u0131n\u0131n s\u00fcr\u0259tl\u0259ndirilm\u0259si il\u0259 ba\u011fl\u0131 \u0259lav\u0259 t\u0259dbirl\u0259r haqq\u0131nda&#8221; imzalad\u0131\u011f\u0131n\u0131z 15 oktyabr 2012-ci il tarixli s\u0259r\u0259ncamla rayona 2 milyon manat v\u0259saitin ayr\u0131lmas\u0131 z\u0259rdabl\u0131lar\u0131n sevincin\u0259 n\u00f6vb\u0259ti sevinc qatm\u0131\u015fd\u0131r.<br \/>\nF\u00fcrs\u0259td\u0259n istifad\u0259 edib, Z\u0259rdaba v\u0259 z\u0259rdabl\u0131lara g\u00f6st\u0259rdiyiniz y\u00fcks\u0259k diqq\u0259t v\u0259 qay\u011f\u0131ya g\u00f6r\u0259 bir daha Siz\u0259 55 min n\u0259f\u0259rd\u0259n \u00e7ox z\u0259rdabl\u0131lar ad\u0131ndan \u00f6z d\u0259rin minn\u0259tdarl\u0131\u011f\u0131m\u0131z\u0131 bildiririk.<br \/>\n\u00d6lk\u0259 Prezidenti v\u0259zif\u0259sind\u0259 \u00e7al\u0131\u015fd\u0131\u011f\u0131n\u0131z d\u00f6vrd\u0259 regionlar\u0131n sosial-iqtisadi inki\u015faf\u0131 il\u0259 ba\u011fl\u0131 t\u0259sdiq etdiyiniz D\u00f6vl\u0259t Proqramlar\u0131n\u0131n u\u011furla h\u0259yata ke\u00e7irilm\u0259si b\u00fct\u00fcn Az\u0259rbaycan xalq\u0131 kimi z\u0259rdabl\u0131lar t\u0259r\u0259find\u0259n d\u0259 \u00fcr\u0259kd\u0259n alq\u0131\u015flan\u0131r v\u0259 y\u00fcks\u0259k qiym\u0259tl\u0259ndirilir.<br \/>\nSevinirik ki, b\u00fct\u00f6vl\u00fckd\u0259 \u00f6lk\u0259mizd\u0259 ged\u0259n b\u00f6y\u00fck tikinti-quruculuq, abadl\u0131q i\u015fl\u0259rini, qazan\u0131lan u\u011furlar\u0131 bizim rayonun timsal\u0131nda da ayd\u0131n g\u00f6rm\u0259k olar. X\u00fcsusil\u0259, son d\u00f6vrd\u0259 rayonun sosial m\u0259nz\u0259r\u0259sinin g\u00f6z\u0259ll\u0259\u015fdirilm\u0259si istiqam\u0259tind\u0259 xeyli i\u015fl\u0259r g\u00f6r\u00fclm\u00fc\u015f, \u015f\u0259h\u0259r v\u0259 k\u0259ndl\u0259rimizd\u0259 tikinti-quruculuq i\u015fl\u0259rinin h\u0259cmi\u00a0 geni\u015fl\u0259ndirilmi\u015f, insanlar\u0131n sosial probleml\u0259rinin h\u0259lli yolunda xeyli i\u015f g\u00f6r\u00fclm\u00fc\u015fd\u00fcr. Yeni-yeni sosial v\u0259 istehsal t\u0259yinatl\u0131 obyektl\u0259r tikilmi\u015f, rayonun k\u0259ndl\u0259rin\u0259 qaz x\u0259ttinin \u00e7\u0259kili\u015fi davam etdirilmi\u015fdir. Qarav\u0259lli k\u0259ndinin qazla\u015fd\u0131r\u0131lmas\u0131 ba\u015fa \u00e7atd\u0131r\u0131lm\u0131\u015f, qaz x\u0259ttinin a\u00e7\u0131l\u0131\u015f\u0131 olmu\u015fdur.\u00a0 Haz\u0131rda G\u0259lm\u0259, Xanm\u0259mm\u0259dli, H\u00fcseynxanl\u0131 v\u0259 Salahl\u0131 k\u0259ndl\u0259rin\u0259 qaz x\u0259tti \u00e7\u0259kilir. Z\u0259rdab-Mollak\u0259nd yolu asfaltlanm\u0131\u015fd\u0131r. Heyd\u0259r \u018fliyev park\u0131 \u0259sasl\u0131 \u015f\u0259kild\u0259 yenid\u0259n qurulmu\u015f, kommunal binalar\u0131n dam \u00f6rt\u00fckl\u0259ri d\u0259yi\u015fdirilmi\u015f, k\u00fc\u00e7\u0259l\u0259r\u0259 m\u00fcasir tipli elektrik dir\u0259kl\u0259ri qura\u015fd\u0131r\u0131lm\u0131\u015fd\u0131r.<br \/>\nM\u00f6ht\u0259r\u0259m Prezident!<br \/>\nSizin i\u015ftirak\u0131n\u0131zla Heyd\u0259r \u018fliyev park\u0131nda Heyd\u0259r \u018fliyev M\u0259rk\u0259zinin, Yeni Az\u0259rbaycan Partiyas\u0131 Z\u0259rdab Rayon T\u0259\u015fkilat\u0131n\u0131n inzibati binas\u0131n\u0131n, G\u0259ncl\u0259r M\u0259rk\u0259zinin, A\u011fsu rayonundan \u00e7\u0259kilmi\u015f t\u0259miz i\u00e7m\u0259li su bula\u011f\u0131n\u0131n a\u00e7\u0131l\u0131\u015f\u0131 olmu\u015fdur. Tezlikl\u0259 z\u0259rdabl\u0131lar t\u0259miz i\u00e7m\u0259li su il\u0259 t\u0259min olunacaqlar. Eyni zamanda parkda Veteranlar Evi, Yarad\u0131c\u0131l\u0131q Evi, U\u015faq v\u0259 Ail\u0259l\u0259r\u0259 D\u0259st\u0259k M\u0259rk\u0259zi d\u0259 istifad\u0259y\u0259 verilmi\u015fdir.<br \/>\nSon 5 ild\u0259 Z\u0259rdabda 13 m\u0259kt\u0259b binas\u0131 in\u015fa edilmi\u015fdir. Haz\u0131rda 3 yeni m\u0259kt\u0259b binas\u0131 tikilir. Hesabat d\u00f6vr\u00fcn\u00fcn 15 sentyabr\u0131nda P\u0259rvanl\u0131 v\u0259 L\u0259l\u0259a\u011fac\u0131 k\u0259ndl\u0259rind\u0259 yeni m\u0259kt\u0259b binalar\u0131 istifad\u0259y\u0259 verilmi\u015fdir. B\u00fct\u00fcn bunlara g\u00f6r\u0259 &#8220;Yenil\u0259\u015f\u0259n Az\u0259rbaycana yeni m\u0259kt\u0259b&#8221; layih\u0259sinin t\u0259\u015f\u0259bb\u00fcs\u00e7\u00fcs\u00fc, Heyd\u0259r \u018fliyev Fondunun Prezidenti, mill\u0259t v\u0259kili, YUNESKO v\u0259 \u0130SESKO-nun xo\u015fm\u0259raml\u0131 s\u0259firi, xalq\u0131m\u0131z\u0131n sevimlisi Mehriban xan\u0131m \u018fliyevaya minn\u0259tdar\u0131q.<br \/>\nC\u0259nab Prezident!<br \/>\nSizin m\u00fcvafiq S\u0259r\u0259ncam\u0131n\u0131zla ayr\u0131lm\u0131\u015f 5,4 milyon manat v\u0259sait hesab\u0131na Z\u0259rdab-Yuxar\u0131 Seyidl\u0259r-Sil\u0259yli avtomobil yoluna 10,5 km m\u0259saf\u0259d\u0259 yeni asfalt \u00f6rt\u00fck d\u00f6\u015f\u0259nm\u0259si h\u0259min \u0259razid\u0259ki k\u0259ndin 10 min n\u0259f\u0259r\u0259 q\u0259d\u0259r \u0259halisi il\u0259 yana\u015f\u0131 b\u00fct\u00fcn z\u0259rdabl\u0131lar\u0131n, h\u0259tta h\u0259min yol istiqam\u0259tind\u0259 yerl\u0259\u015f\u0259n Veys\u0259l Q\u0259rani (Veys\u0259lqara) ziyar\u0259tin\u0259 ged\u0259n minl\u0259rl\u0259 insan\u0131n h\u0259dsiz sevincin\u0259 s\u0259b\u0259b olmu\u015fdur.<br \/>\nM\u00f6ht\u0259r\u0259m c\u0259nab Prezident!<br \/>\nG\u00f6r\u00fcl\u0259n b\u00fct\u00fcn i\u015fl\u0259r\u0259 g\u00f6r\u0259 z\u0259rdabl\u0131lar \u015f\u0259xs\u0259n Siz\u0259 minn\u0259tdard\u0131rlar. Rayonda ya\u015fanan y\u00fcks\u0259k siyasi f\u0259all\u0131q, m\u00fct\u0259\u015f\u0259kkillik, sa\u011flam v\u0259 i\u015fg\u00fczar \u0259hval-ruhiyy\u0259 2012-ci ilin qalan d\u00f6vr\u00fcn\u00fcn d\u0259 Z\u0259rdab v\u0259 z\u0259rdabl\u0131lar \u00fc\u00e7\u00fcn u\u011furlu olaca\u011f\u0131ndan x\u0259b\u0259r verir. Biz &#8211; xalq\u0131m\u0131z\u0131n bu g\u00fcn\u00fc v\u0259 g\u0259l\u0259c\u0259yi namin\u0259 h\u0259yata ke\u00e7irdiyiniz daxili v\u0259 xarici siyas\u0259t x\u0259ttinizi\u00a0 \u00fcr\u0259kd\u0259n alq\u0131\u015flay\u0131r, b\u0259y\u0259nir v\u0259 m\u00fcdafi\u0259 edirik. H\u0259l\u0259 d\u0259 Sizin 7 oktyabrda rayonumuza s\u0259f\u0259rinizin sevincl\u0259ri il\u0259 ya\u015fayan b\u00fct\u00fcn z\u0259rdabl\u0131lar ad\u0131ndan Siz\u0259 m\u00f6hk\u0259m can sa\u011fl\u0131\u011f\u0131, xo\u015fb\u0259xtlik, ail\u0259 s\u0259ad\u0259ti, m\u00fcst\u0259qil, azad v\u0259 demokratik Az\u0259rbaycan\u0131m\u0131z\u0131n daha da t\u0259r\u0259qqisi yolundak\u0131 s\u0259m\u0259r\u0259li f\u0259aliyy\u0259tinizd\u0259 daha b\u00f6y\u00fck u\u011furlar arzulay\u0131r\u0131q&#8221;.<\/p>\n<p><strong>www.zerdab.com<\/strong><\/p>\n","protected":false},"excerpt":{"rendered":"<p>Z\u0259rdabda cari ilin doqquz ay\u0131nda rayonun sosial-iqtisadi inki\u015faf\u0131n\u0131n yekunlar\u0131 v\u0259 qar\u015f\u0131da duran v\u0259zif\u0259l\u0259r\u0259 h\u0259sr edilmi\u015f hesabat iclas\u0131 ke\u00e7irilib. \u0130clasda Z\u0259rdab Rayon \u0130cra Hakimiyy\u0259tinin ba\u015f\u00e7\u0131s\u0131 L\u00fctv\u0259li Babayevin hesabat\u0131 dinl\u0259nilib. Sonda y\u0131\u011f\u0131ncaq i\u015ftirak\u00e7\u0131lar\u0131n\u0131n Prezident \u0130lham \u018fliyev\u0259 m\u00fcraci\u0259ti \u00fcnvanlan\u0131b. www.zerdab.com sayt\u0131 m\u00fcraci\u0259tin tam m\u0259tnini t\u0259qdim edir: &#8220;M\u00f6ht\u0259r\u0259m c\u0259nab Prezident! Biz &#8211; Az\u0259rbaycan Respublikas\u0131 Nazirl\u0259r Kabinetinin 10 oktyabr 2012-ci [&hellip;]<\/p>\n","protected":false},"author":1,"featured_media":0,"comment_status":"open","ping_status":"open","sticky":false,"template":"","format":"standard","meta":{"footnotes":""},"categories":[21],"tags":[],"class_list":{"0":"post-5212","1":"post","2":"type-post","3":"status-publish","4":"format-standard","6":"category-zrdab"},"yoast_head":"<!-- This site is optimized with the Yoast SEO plugin v27.0 - https:\/\/yoast.com\/product\/yoast-seo-wordpress\/ -->\n<title>Z\u0259rdabda 55 min n\u0259f\u0259rin ad\u0131ndan Prezident\u0259 m\u00fcraci\u0259t edilib - m\u0259tn - Z\u0259rdab.com<\/title>\n<meta name=\"robots\" content=\"index, follow, max-snippet:-1, max-image-preview:large, max-video-preview:-1\" \/>\n<link rel=\"canonical\" href=\"https:\/\/www.zerdab.com\/?p=5212\" \/>\n<meta property=\"og:locale\" content=\"az_AZ\" \/>\n<meta property=\"og:type\" content=\"article\" \/>\n<meta property=\"og:title\" content=\"Z\u0259rdabda 55 min n\u0259f\u0259rin ad\u0131ndan Prezident\u0259 m\u00fcraci\u0259t edilib - m\u0259tn - Z\u0259rdab.com\" \/>\n<meta property=\"og:description\" content=\"Z\u0259rdabda cari ilin doqquz ay\u0131nda rayonun sosial-iqtisadi inki\u015faf\u0131n\u0131n yekunlar\u0131 v\u0259 qar\u015f\u0131da duran v\u0259zif\u0259l\u0259r\u0259 h\u0259sr edilmi\u015f hesabat iclas\u0131 ke\u00e7irilib. \u0130clasda Z\u0259rdab Rayon \u0130cra Hakimiyy\u0259tinin ba\u015f\u00e7\u0131s\u0131 L\u00fctv\u0259li Babayevin hesabat\u0131 dinl\u0259nilib. Sonda y\u0131\u011f\u0131ncaq i\u015ftirak\u00e7\u0131lar\u0131n\u0131n Prezident \u0130lham \u018fliyev\u0259 m\u00fcraci\u0259ti \u00fcnvanlan\u0131b. www.zerdab.com sayt\u0131 m\u00fcraci\u0259tin tam m\u0259tnini t\u0259qdim edir: &#8220;M\u00f6ht\u0259r\u0259m c\u0259nab Prezident! Biz &#8211; Az\u0259rbaycan Respublikas\u0131 Nazirl\u0259r Kabinetinin 10 oktyabr 2012-ci [&hellip;]\" \/>\n<meta property=\"og:url\" content=\"https:\/\/www.zerdab.com\/?p=5212\" \/>\n<meta property=\"og:site_name\" content=\"Z\u0259rdab.com\" \/>\n<meta property=\"article:published_time\" content=\"2012-10-18T12:50:26+00:00\" \/>\n<meta property=\"article:modified_time\" content=\"2012-10-20T09:07:29+00:00\" \/>\n<meta property=\"og:image\" content=\"http:\/\/www.zerdab.com\/wp-content\/uploads\/2012\/10\/iclas-350x240.jpg\" \/>\n<meta name=\"author\" content=\"admin\" \/>\n<meta name=\"twitter:card\" content=\"summary_large_image\" \/>\n<meta name=\"twitter:label1\" content=\"Written by\" \/>\n\t<meta name=\"twitter:data1\" content=\"admin\" \/>\n\t<meta name=\"twitter:label2\" content=\"Est. reading time\" \/>\n\t<meta name=\"twitter:data2\" content=\"6 minutes\" \/>\n<script type=\"application\/ld+json\" class=\"yoast-schema-graph\">{\"@context\":\"https:\/\/schema.org\",\"@graph\":[{\"@type\":\"Article\",\"@id\":\"https:\/\/www.zerdab.com\/?p=5212#article\",\"isPartOf\":{\"@id\":\"https:\/\/www.zerdab.com\/?p=5212\"},\"author\":{\"name\":\"admin\",\"@id\":\"https:\/\/www.zerdab.com\/#\/schema\/person\/97079b7570c1e89ec0d9e138c3672136\"},\"headline\":\"Z\u0259rdabda 55 min n\u0259f\u0259rin ad\u0131ndan Prezident\u0259 m\u00fcraci\u0259t edilib &#8211; m\u0259tn\",\"datePublished\":\"2012-10-18T12:50:26+00:00\",\"dateModified\":\"2012-10-20T09:07:29+00:00\",\"mainEntityOfPage\":{\"@id\":\"https:\/\/www.zerdab.com\/?p=5212\"},\"wordCount\":1285,\"commentCount\":0,\"image\":{\"@id\":\"https:\/\/www.zerdab.com\/?p=5212#primaryimage\"},\"thumbnailUrl\":\"http:\/\/www.zerdab.com\/wp-content\/uploads\/2012\/10\/iclas-350x240.jpg\",\"articleSection\":[\"C\u018fM\u0130YY\u018fT\"],\"inLanguage\":\"az\",\"potentialAction\":[{\"@type\":\"CommentAction\",\"name\":\"Comment\",\"target\":[\"https:\/\/www.zerdab.com\/?p=5212#respond\"]}]},{\"@type\":\"WebPage\",\"@id\":\"https:\/\/www.zerdab.com\/?p=5212\",\"url\":\"https:\/\/www.zerdab.com\/?p=5212\",\"name\":\"Z\u0259rdabda 55 min n\u0259f\u0259rin ad\u0131ndan Prezident\u0259 m\u00fcraci\u0259t edilib - m\u0259tn - Z\u0259rdab.com\",\"isPartOf\":{\"@id\":\"https:\/\/www.zerdab.com\/#website\"},\"primaryImageOfPage\":{\"@id\":\"https:\/\/www.zerdab.com\/?p=5212#primaryimage\"},\"image\":{\"@id\":\"https:\/\/www.zerdab.com\/?p=5212#primaryimage\"},\"thumbnailUrl\":\"http:\/\/www.zerdab.com\/wp-content\/uploads\/2012\/10\/iclas-350x240.jpg\",\"datePublished\":\"2012-10-18T12:50:26+00:00\",\"dateModified\":\"2012-10-20T09:07:29+00:00\",\"author\":{\"@id\":\"https:\/\/www.zerdab.com\/#\/schema\/person\/97079b7570c1e89ec0d9e138c3672136\"},\"breadcrumb\":{\"@id\":\"https:\/\/www.zerdab.com\/?p=5212#breadcrumb\"},\"inLanguage\":\"az\",\"potentialAction\":[{\"@type\":\"ReadAction\",\"target\":[\"https:\/\/www.zerdab.com\/?p=5212\"]}]},{\"@type\":\"ImageObject\",\"inLanguage\":\"az\",\"@id\":\"https:\/\/www.zerdab.com\/?p=5212#primaryimage\",\"url\":\"\",\"contentUrl\":\"\"},{\"@type\":\"BreadcrumbList\",\"@id\":\"https:\/\/www.zerdab.com\/?p=5212#breadcrumb\",\"itemListElement\":[{\"@type\":\"ListItem\",\"position\":1,\"name\":\"Home\",\"item\":\"https:\/\/www.zerdab.com\/\"},{\"@type\":\"ListItem\",\"position\":2,\"name\":\"Z\u0259rdabda 55 min n\u0259f\u0259rin ad\u0131ndan Prezident\u0259 m\u00fcraci\u0259t edilib &#8211; m\u0259tn\"}]},{\"@type\":\"WebSite\",\"@id\":\"https:\/\/www.zerdab.com\/#website\",\"url\":\"https:\/\/www.zerdab.com\/\",\"name\":\"Z\u0259rdab.com\",\"description\":\"\",\"potentialAction\":[{\"@type\":\"SearchAction\",\"target\":{\"@type\":\"EntryPoint\",\"urlTemplate\":\"https:\/\/www.zerdab.com\/?s={search_term_string}\"},\"query-input\":{\"@type\":\"PropertyValueSpecification\",\"valueRequired\":true,\"valueName\":\"search_term_string\"}}],\"inLanguage\":\"az\"},{\"@type\":\"Person\",\"@id\":\"https:\/\/www.zerdab.com\/#\/schema\/person\/97079b7570c1e89ec0d9e138c3672136\",\"name\":\"admin\",\"image\":{\"@type\":\"ImageObject\",\"inLanguage\":\"az\",\"@id\":\"https:\/\/www.zerdab.com\/#\/schema\/person\/image\/\",\"url\":\"https:\/\/secure.gravatar.com\/avatar\/d9c52a9a27c32119cb6679a077fa3e2779e5f822c451cbf01098004361d466ec?s=96&d=mm&r=g\",\"contentUrl\":\"https:\/\/secure.gravatar.com\/avatar\/d9c52a9a27c32119cb6679a077fa3e2779e5f822c451cbf01098004361d466ec?s=96&d=mm&r=g\",\"caption\":\"admin\"},\"url\":\"https:\/\/www.zerdab.com\/?author=1\"}]}<\/script>\n<!-- \/ Yoast SEO plugin. -->","yoast_head_json":{"title":"Z\u0259rdabda 55 min n\u0259f\u0259rin ad\u0131ndan Prezident\u0259 m\u00fcraci\u0259t edilib - m\u0259tn - Z\u0259rdab.com","robots":{"index":"index","follow":"follow","max-snippet":"max-snippet:-1","max-image-preview":"max-image-preview:large","max-video-preview":"max-video-preview:-1"},"canonical":"https:\/\/www.zerdab.com\/?p=5212","og_locale":"az_AZ","og_type":"article","og_title":"Z\u0259rdabda 55 min n\u0259f\u0259rin ad\u0131ndan Prezident\u0259 m\u00fcraci\u0259t edilib - m\u0259tn - Z\u0259rdab.com","og_description":"Z\u0259rdabda cari ilin doqquz ay\u0131nda rayonun sosial-iqtisadi inki\u015faf\u0131n\u0131n yekunlar\u0131 v\u0259 qar\u015f\u0131da duran v\u0259zif\u0259l\u0259r\u0259 h\u0259sr edilmi\u015f hesabat iclas\u0131 ke\u00e7irilib. \u0130clasda Z\u0259rdab Rayon \u0130cra Hakimiyy\u0259tinin ba\u015f\u00e7\u0131s\u0131 L\u00fctv\u0259li Babayevin hesabat\u0131 dinl\u0259nilib. Sonda y\u0131\u011f\u0131ncaq i\u015ftirak\u00e7\u0131lar\u0131n\u0131n Prezident \u0130lham \u018fliyev\u0259 m\u00fcraci\u0259ti \u00fcnvanlan\u0131b. www.zerdab.com sayt\u0131 m\u00fcraci\u0259tin tam m\u0259tnini t\u0259qdim edir: &#8220;M\u00f6ht\u0259r\u0259m c\u0259nab Prezident! Biz &#8211; Az\u0259rbaycan Respublikas\u0131 Nazirl\u0259r Kabinetinin 10 oktyabr 2012-ci [&hellip;]","og_url":"https:\/\/www.zerdab.com\/?p=5212","og_site_name":"Z\u0259rdab.com","article_published_time":"2012-10-18T12:50:26+00:00","article_modified_time":"2012-10-20T09:07:29+00:00","og_image":[{"url":"http:\/\/www.zerdab.com\/wp-content\/uploads\/2012\/10\/iclas-350x240.jpg","type":"","width":"","height":""}],"author":"admin","twitter_card":"summary_large_image","twitter_misc":{"Written by":"admin","Est. reading time":"6 minutes"},"schema":{"@context":"https:\/\/schema.org","@graph":[{"@type":"Article","@id":"https:\/\/www.zerdab.com\/?p=5212#article","isPartOf":{"@id":"https:\/\/www.zerdab.com\/?p=5212"},"author":{"name":"admin","@id":"https:\/\/www.zerdab.com\/#\/schema\/person\/97079b7570c1e89ec0d9e138c3672136"},"headline":"Z\u0259rdabda 55 min n\u0259f\u0259rin ad\u0131ndan Prezident\u0259 m\u00fcraci\u0259t edilib &#8211; m\u0259tn","datePublished":"2012-10-18T12:50:26+00:00","dateModified":"2012-10-20T09:07:29+00:00","mainEntityOfPage":{"@id":"https:\/\/www.zerdab.com\/?p=5212"},"wordCount":1285,"commentCount":0,"image":{"@id":"https:\/\/www.zerdab.com\/?p=5212#primaryimage"},"thumbnailUrl":"http:\/\/www.zerdab.com\/wp-content\/uploads\/2012\/10\/iclas-350x240.jpg","articleSection":["C\u018fM\u0130YY\u018fT"],"inLanguage":"az","potentialAction":[{"@type":"CommentAction","name":"Comment","target":["https:\/\/www.zerdab.com\/?p=5212#respond"]}]},{"@type":"WebPage","@id":"https:\/\/www.zerdab.com\/?p=5212","url":"https:\/\/www.zerdab.com\/?p=5212","name":"Z\u0259rdabda 55 min n\u0259f\u0259rin ad\u0131ndan Prezident\u0259 m\u00fcraci\u0259t edilib - m\u0259tn - Z\u0259rdab.com","isPartOf":{"@id":"https:\/\/www.zerdab.com\/#website"},"primaryImageOfPage":{"@id":"https:\/\/www.zerdab.com\/?p=5212#primaryimage"},"image":{"@id":"https:\/\/www.zerdab.com\/?p=5212#primaryimage"},"thumbnailUrl":"http:\/\/www.zerdab.com\/wp-content\/uploads\/2012\/10\/iclas-350x240.jpg","datePublished":"2012-10-18T12:50:26+00:00","dateModified":"2012-10-20T09:07:29+00:00","author":{"@id":"https:\/\/www.zerdab.com\/#\/schema\/person\/97079b7570c1e89ec0d9e138c3672136"},"breadcrumb":{"@id":"https:\/\/www.zerdab.com\/?p=5212#breadcrumb"},"inLanguage":"az","potentialAction":[{"@type":"ReadAction","target":["https:\/\/www.zerdab.com\/?p=5212"]}]},{"@type":"ImageObject","inLanguage":"az","@id":"https:\/\/www.zerdab.com\/?p=5212#primaryimage","url":"","contentUrl":""},{"@type":"BreadcrumbList","@id":"https:\/\/www.zerdab.com\/?p=5212#breadcrumb","itemListElement":[{"@type":"ListItem","position":1,"name":"Home","item":"https:\/\/www.zerdab.com\/"},{"@type":"ListItem","position":2,"name":"Z\u0259rdabda 55 min n\u0259f\u0259rin ad\u0131ndan Prezident\u0259 m\u00fcraci\u0259t edilib &#8211; m\u0259tn"}]},{"@type":"WebSite","@id":"https:\/\/www.zerdab.com\/#website","url":"https:\/\/www.zerdab.com\/","name":"Z\u0259rdab.com","description":"","potentialAction":[{"@type":"SearchAction","target":{"@type":"EntryPoint","urlTemplate":"https:\/\/www.zerdab.com\/?s={search_term_string}"},"query-input":{"@type":"PropertyValueSpecification","valueRequired":true,"valueName":"search_term_string"}}],"inLanguage":"az"},{"@type":"Person","@id":"https:\/\/www.zerdab.com\/#\/schema\/person\/97079b7570c1e89ec0d9e138c3672136","name":"admin","image":{"@type":"ImageObject","inLanguage":"az","@id":"https:\/\/www.zerdab.com\/#\/schema\/person\/image\/","url":"https:\/\/secure.gravatar.com\/avatar\/d9c52a9a27c32119cb6679a077fa3e2779e5f822c451cbf01098004361d466ec?s=96&d=mm&r=g","contentUrl":"https:\/\/secure.gravatar.com\/avatar\/d9c52a9a27c32119cb6679a077fa3e2779e5f822c451cbf01098004361d466ec?s=96&d=mm&r=g","caption":"admin"},"url":"https:\/\/www.zerdab.com\/?author=1"}]}},"_links":{"self":[{"href":"https:\/\/www.zerdab.com\/index.php?rest_route=\/wp\/v2\/posts\/5212","targetHints":{"allow":["GET"]}}],"collection":[{"href":"https:\/\/www.zerdab.com\/index.php?rest_route=\/wp\/v2\/posts"}],"about":[{"href":"https:\/\/www.zerdab.com\/index.php?rest_route=\/wp\/v2\/types\/post"}],"author":[{"embeddable":true,"href":"https:\/\/www.zerdab.com\/index.php?rest_route=\/wp\/v2\/users\/1"}],"replies":[{"embeddable":true,"href":"https:\/\/www.zerdab.com\/index.php?rest_route=%2Fwp%2Fv2%2Fcomments&post=5212"}],"version-history":[{"count":11,"href":"https:\/\/www.zerdab.com\/index.php?rest_route=\/wp\/v2\/posts\/5212\/revisions"}],"predecessor-version":[{"id":5257,"href":"https:\/\/www.zerdab.com\/index.php?rest_route=\/wp\/v2\/posts\/5212\/revisions\/5257"}],"wp:attachment":[{"href":"https:\/\/www.zerdab.com\/index.php?rest_route=%2Fwp%2Fv2%2Fmedia&parent=5212"}],"wp:term":[{"taxonomy":"category","embeddable":true,"href":"https:\/\/www.zerdab.com\/index.php?rest_route=%2Fwp%2Fv2%2Fcategories&post=5212"},{"taxonomy":"post_tag","embeddable":true,"href":"https:\/\/www.zerdab.com\/index.php?rest_route=%2Fwp%2Fv2%2Ftags&post=5212"}],"curies":[{"name":"wp","href":"https:\/\/api.w.org\/{rel}","templated":true}]}}