{"id":547,"date":"2012-02-16T17:22:35","date_gmt":"2012-02-16T13:22:35","guid":{"rendered":"http:\/\/www.zerdab.com\/?p=547"},"modified":"2012-08-28T21:30:43","modified_gmt":"2012-08-28T16:30:43","slug":"z%c9%99rdabda-738-ail%c9%99y%c9%99-695-min-manat-unvanli-sosial-yardim-verilib","status":"publish","type":"post","link":"https:\/\/www.zerdab.com\/?p=547","title":{"rendered":"Z\u0259rdabda 738 ail\u0259y\u0259 69,5 min manat \u00fcnvanl\u0131 sosial yard\u0131m verilib"},"content":{"rendered":"<p><a href=\"http:\/\/www.zerdab.com\/wp-content\/uploads\/2012\/02\/sosialy.jpg\"><img loading=\"lazy\" decoding=\"async\" class=\"alignright size-medium wp-image-548\" title=\"sosialy\" src=\"http:\/\/www.zerdab.com\/wp-content\/uploads\/2012\/02\/sosialy-300x216.jpg\" alt=\"\" width=\"300\" height=\"216\" \/><\/a>\u00d6t\u0259n il Z\u0259rdab rayonunda 738 ail\u0259y\u0259 69,5 min manat \u00fcnvanl\u0131 sosial yard\u0131m\u0131 verilib. www.zerdab.com-un x\u0259b\u0259rin\u0259 g\u00f6r\u0259, bu bar\u0259d\u0259 Z\u0259rdab rayon \u0130cra Hakimiyy\u0259tind\u0259<br \/>\n&#8220;2011-ci ild\u0259 ictimai-siyasi v\u0259 sosial-iqtisadi sah\u0259l\u0259rd\u0259 g\u00f6r\u00fclm\u00fc\u015f i\u015fl\u0259r v\u0259 2012-ci ild\u0259 qar\u015f\u0131da duran v\u0259zif\u0259l\u0259r&#8221;\u0259 h\u0259sr olunmu\u015f hesabat y\u0131\u011f\u0131nca\u011f\u0131nda m\u0259lumat verilib. Bildirilib ki, azt\u0259minatl\u0131 t\u0259b\u0259q\u0259nin, \u0259lil v\u0259 \u015f\u0259hid ail\u0259l\u0259rinin sosial m\u00fcdafi\u0259sinin g\u00fccl\u0259ndirilm\u0259si sah\u0259sind\u0259 d\u0259 rayonda xeyli i\u015f g\u00f6r\u00fcl\u00fcb. D\u00f6vl\u0259t t\u0259r\u0259find\u0259n onlara ayr\u0131lm\u0131\u015f pensiya, t\u0259qa\u00fcd v\u0259 m\u00fcavin\u0259tl\u0259rin vaxt\u0131nda \u00f6d\u0259nm\u0259si t\u0259min edilib, eyni zamanda \u015f\u0259hid ail\u0259l\u0259rin\u0259, Qaraba\u011f v\u0259 \u00c7ernob\u0131l \u0259lill\u0259rin\u0259, B\u00f6y\u00fck V\u0259t\u0259n M\u00fcharib\u0259si veteranlar\u0131na, t\u0259k v\u0259 kims\u0259sizl\u0259r\u0259, yetim v\u0259 valideyn himay\u0259sind\u0259n m\u0259hrum olmu\u015f u\u015faqlara il \u0259rzind\u0259 Ba\u015f\u00e7\u0131 Fondundan 49,8 min manatdan \u00e7ox yard\u0131m edilib. \u00d6t\u0259n il 6 n\u0259f\u0259r B\u00f6y\u00fck V\u0259t\u0259n M\u00fcharib\u0259si v\u0259 Qaraba\u011f d\u00f6y\u00fc\u015fl\u0259rinin \u0259lill\u0259ri pulsuz minik ma\u015f\u0131nlar\u0131 il\u0259 t\u0259min olunublar.<br \/>\nYeni yarad\u0131lm\u0131\u015f Ail\u0259, Qad\u0131n v\u0259 U\u015faq Probleml\u0259ri \u00fczr\u0259 D\u00f6vl\u0259t Komit\u0259sinin Z\u0259rdab rayon U\u015faq v\u0259 Ail\u0259l\u0259r\u0259 D\u0259st\u0259k M\u0259rk\u0259zi t\u0259r\u0259find\u0259n q\u0131sa m\u00fcdd\u0259td\u0259 2 u\u015faq \u0259lil arabas\u0131, 4 n\u0259f\u0259r e\u015fitm\u0259 aparat\u0131 il\u0259 t\u0259min olunub. 3 n\u0259f\u0259r x\u0259st\u0259nin m\u00fcvafiq olaraq beyin kistas\u0131ndan, \u00fcr\u0259yind\u0259n v\u0259 b\u00f6yr\u0259k \u00e7at\u0131\u015fmazl\u0131\u011f\u0131ndan respublikan\u0131n m\u00fcxt\u0259lif klinikalar\u0131nda \u0259m\u0259liyyat olunmas\u0131na k\u00f6m\u0259klik g\u00f6st\u0259rilib.<\/p>\n","protected":false},"excerpt":{"rendered":"<p>\u00d6t\u0259n il Z\u0259rdab rayonunda 738 ail\u0259y\u0259 69,5 min manat \u00fcnvanl\u0131 sosial yard\u0131m\u0131 verilib. www.zerdab.com-un x\u0259b\u0259rin\u0259 g\u00f6r\u0259, bu bar\u0259d\u0259 Z\u0259rdab rayon \u0130cra Hakimiyy\u0259tind\u0259 &#8220;2011-ci ild\u0259 ictimai-siyasi v\u0259 sosial-iqtisadi sah\u0259l\u0259rd\u0259 g\u00f6r\u00fclm\u00fc\u015f i\u015fl\u0259r v\u0259 2012-ci ild\u0259 qar\u015f\u0131da duran v\u0259zif\u0259l\u0259r&#8221;\u0259 h\u0259sr olunmu\u015f hesabat y\u0131\u011f\u0131nca\u011f\u0131nda m\u0259lumat verilib. Bildirilib ki, azt\u0259minatl\u0131 t\u0259b\u0259q\u0259nin, \u0259lil v\u0259 \u015f\u0259hid ail\u0259l\u0259rinin sosial m\u00fcdafi\u0259sinin g\u00fccl\u0259ndirilm\u0259si sah\u0259sind\u0259 d\u0259 [&hellip;]<\/p>\n","protected":false},"author":1,"featured_media":0,"comment_status":"open","ping_status":"open","sticky":false,"template":"","format":"standard","meta":{"footnotes":""},"categories":[21],"tags":[],"class_list":{"0":"post-547","1":"post","2":"type-post","3":"status-publish","4":"format-standard","6":"category-zrdab"},"yoast_head":"<!-- This site is optimized with the Yoast SEO plugin v27.0 - https:\/\/yoast.com\/product\/yoast-seo-wordpress\/ -->\n<title>Z\u0259rdabda 738 ail\u0259y\u0259 69,5 min manat \u00fcnvanl\u0131 sosial yard\u0131m verilib - Z\u0259rdab.com<\/title>\n<meta name=\"robots\" content=\"index, follow, max-snippet:-1, max-image-preview:large, max-video-preview:-1\" \/>\n<link rel=\"canonical\" href=\"https:\/\/www.zerdab.com\/?p=547\" \/>\n<meta property=\"og:locale\" content=\"az_AZ\" \/>\n<meta property=\"og:type\" content=\"article\" \/>\n<meta property=\"og:title\" content=\"Z\u0259rdabda 738 ail\u0259y\u0259 69,5 min manat \u00fcnvanl\u0131 sosial yard\u0131m verilib - Z\u0259rdab.com\" \/>\n<meta property=\"og:description\" content=\"\u00d6t\u0259n il Z\u0259rdab rayonunda 738 ail\u0259y\u0259 69,5 min manat \u00fcnvanl\u0131 sosial yard\u0131m\u0131 verilib. www.zerdab.com-un x\u0259b\u0259rin\u0259 g\u00f6r\u0259, bu bar\u0259d\u0259 Z\u0259rdab rayon \u0130cra Hakimiyy\u0259tind\u0259 &#8220;2011-ci ild\u0259 ictimai-siyasi v\u0259 sosial-iqtisadi sah\u0259l\u0259rd\u0259 g\u00f6r\u00fclm\u00fc\u015f i\u015fl\u0259r v\u0259 2012-ci ild\u0259 qar\u015f\u0131da duran v\u0259zif\u0259l\u0259r&#8221;\u0259 h\u0259sr olunmu\u015f hesabat y\u0131\u011f\u0131nca\u011f\u0131nda m\u0259lumat verilib. Bildirilib ki, azt\u0259minatl\u0131 t\u0259b\u0259q\u0259nin, \u0259lil v\u0259 \u015f\u0259hid ail\u0259l\u0259rinin sosial m\u00fcdafi\u0259sinin g\u00fccl\u0259ndirilm\u0259si sah\u0259sind\u0259 d\u0259 [&hellip;]\" \/>\n<meta property=\"og:url\" content=\"https:\/\/www.zerdab.com\/?p=547\" \/>\n<meta property=\"og:site_name\" content=\"Z\u0259rdab.com\" \/>\n<meta property=\"article:published_time\" content=\"2012-02-16T13:22:35+00:00\" \/>\n<meta property=\"article:modified_time\" content=\"2012-08-28T16:30:43+00:00\" \/>\n<meta property=\"og:image\" content=\"http:\/\/www.zerdab.com\/wp-content\/uploads\/2012\/02\/sosialy-300x216.jpg\" \/>\n<meta name=\"author\" content=\"admin\" \/>\n<meta name=\"twitter:card\" content=\"summary_large_image\" \/>\n<meta name=\"twitter:label1\" content=\"Written by\" \/>\n\t<meta name=\"twitter:data1\" content=\"admin\" \/>\n\t<meta name=\"twitter:label2\" content=\"Est. reading time\" \/>\n\t<meta name=\"twitter:data2\" content=\"2 minutes\" \/>\n<script type=\"application\/ld+json\" class=\"yoast-schema-graph\">{\"@context\":\"https:\/\/schema.org\",\"@graph\":[{\"@type\":\"Article\",\"@id\":\"https:\/\/www.zerdab.com\/?p=547#article\",\"isPartOf\":{\"@id\":\"https:\/\/www.zerdab.com\/?p=547\"},\"author\":{\"name\":\"admin\",\"@id\":\"https:\/\/www.zerdab.com\/#\/schema\/person\/97079b7570c1e89ec0d9e138c3672136\"},\"headline\":\"Z\u0259rdabda 738 ail\u0259y\u0259 69,5 min manat \u00fcnvanl\u0131 sosial yard\u0131m verilib\",\"datePublished\":\"2012-02-16T13:22:35+00:00\",\"dateModified\":\"2012-08-28T16:30:43+00:00\",\"mainEntityOfPage\":{\"@id\":\"https:\/\/www.zerdab.com\/?p=547\"},\"wordCount\":311,\"commentCount\":0,\"image\":{\"@id\":\"https:\/\/www.zerdab.com\/?p=547#primaryimage\"},\"thumbnailUrl\":\"http:\/\/www.zerdab.com\/wp-content\/uploads\/2012\/02\/sosialy-300x216.jpg\",\"articleSection\":[\"C\u018fM\u0130YY\u018fT\"],\"inLanguage\":\"az\",\"potentialAction\":[{\"@type\":\"CommentAction\",\"name\":\"Comment\",\"target\":[\"https:\/\/www.zerdab.com\/?p=547#respond\"]}]},{\"@type\":\"WebPage\",\"@id\":\"https:\/\/www.zerdab.com\/?p=547\",\"url\":\"https:\/\/www.zerdab.com\/?p=547\",\"name\":\"Z\u0259rdabda 738 ail\u0259y\u0259 69,5 min manat \u00fcnvanl\u0131 sosial yard\u0131m verilib - Z\u0259rdab.com\",\"isPartOf\":{\"@id\":\"https:\/\/www.zerdab.com\/#website\"},\"primaryImageOfPage\":{\"@id\":\"https:\/\/www.zerdab.com\/?p=547#primaryimage\"},\"image\":{\"@id\":\"https:\/\/www.zerdab.com\/?p=547#primaryimage\"},\"thumbnailUrl\":\"http:\/\/www.zerdab.com\/wp-content\/uploads\/2012\/02\/sosialy-300x216.jpg\",\"datePublished\":\"2012-02-16T13:22:35+00:00\",\"dateModified\":\"2012-08-28T16:30:43+00:00\",\"author\":{\"@id\":\"https:\/\/www.zerdab.com\/#\/schema\/person\/97079b7570c1e89ec0d9e138c3672136\"},\"breadcrumb\":{\"@id\":\"https:\/\/www.zerdab.com\/?p=547#breadcrumb\"},\"inLanguage\":\"az\",\"potentialAction\":[{\"@type\":\"ReadAction\",\"target\":[\"https:\/\/www.zerdab.com\/?p=547\"]}]},{\"@type\":\"ImageObject\",\"inLanguage\":\"az\",\"@id\":\"https:\/\/www.zerdab.com\/?p=547#primaryimage\",\"url\":\"\",\"contentUrl\":\"\"},{\"@type\":\"BreadcrumbList\",\"@id\":\"https:\/\/www.zerdab.com\/?p=547#breadcrumb\",\"itemListElement\":[{\"@type\":\"ListItem\",\"position\":1,\"name\":\"Home\",\"item\":\"https:\/\/www.zerdab.com\/\"},{\"@type\":\"ListItem\",\"position\":2,\"name\":\"Z\u0259rdabda 738 ail\u0259y\u0259 69,5 min manat \u00fcnvanl\u0131 sosial yard\u0131m verilib\"}]},{\"@type\":\"WebSite\",\"@id\":\"https:\/\/www.zerdab.com\/#website\",\"url\":\"https:\/\/www.zerdab.com\/\",\"name\":\"Z\u0259rdab.com\",\"description\":\"\",\"potentialAction\":[{\"@type\":\"SearchAction\",\"target\":{\"@type\":\"EntryPoint\",\"urlTemplate\":\"https:\/\/www.zerdab.com\/?s={search_term_string}\"},\"query-input\":{\"@type\":\"PropertyValueSpecification\",\"valueRequired\":true,\"valueName\":\"search_term_string\"}}],\"inLanguage\":\"az\"},{\"@type\":\"Person\",\"@id\":\"https:\/\/www.zerdab.com\/#\/schema\/person\/97079b7570c1e89ec0d9e138c3672136\",\"name\":\"admin\",\"image\":{\"@type\":\"ImageObject\",\"inLanguage\":\"az\",\"@id\":\"https:\/\/www.zerdab.com\/#\/schema\/person\/image\/\",\"url\":\"https:\/\/secure.gravatar.com\/avatar\/d9c52a9a27c32119cb6679a077fa3e2779e5f822c451cbf01098004361d466ec?s=96&d=mm&r=g\",\"contentUrl\":\"https:\/\/secure.gravatar.com\/avatar\/d9c52a9a27c32119cb6679a077fa3e2779e5f822c451cbf01098004361d466ec?s=96&d=mm&r=g\",\"caption\":\"admin\"},\"url\":\"https:\/\/www.zerdab.com\/?author=1\"}]}<\/script>\n<!-- \/ Yoast SEO plugin. -->","yoast_head_json":{"title":"Z\u0259rdabda 738 ail\u0259y\u0259 69,5 min manat \u00fcnvanl\u0131 sosial yard\u0131m verilib - Z\u0259rdab.com","robots":{"index":"index","follow":"follow","max-snippet":"max-snippet:-1","max-image-preview":"max-image-preview:large","max-video-preview":"max-video-preview:-1"},"canonical":"https:\/\/www.zerdab.com\/?p=547","og_locale":"az_AZ","og_type":"article","og_title":"Z\u0259rdabda 738 ail\u0259y\u0259 69,5 min manat \u00fcnvanl\u0131 sosial yard\u0131m verilib - Z\u0259rdab.com","og_description":"\u00d6t\u0259n il Z\u0259rdab rayonunda 738 ail\u0259y\u0259 69,5 min manat \u00fcnvanl\u0131 sosial yard\u0131m\u0131 verilib. www.zerdab.com-un x\u0259b\u0259rin\u0259 g\u00f6r\u0259, bu bar\u0259d\u0259 Z\u0259rdab rayon \u0130cra Hakimiyy\u0259tind\u0259 &#8220;2011-ci ild\u0259 ictimai-siyasi v\u0259 sosial-iqtisadi sah\u0259l\u0259rd\u0259 g\u00f6r\u00fclm\u00fc\u015f i\u015fl\u0259r v\u0259 2012-ci ild\u0259 qar\u015f\u0131da duran v\u0259zif\u0259l\u0259r&#8221;\u0259 h\u0259sr olunmu\u015f hesabat y\u0131\u011f\u0131nca\u011f\u0131nda m\u0259lumat verilib. Bildirilib ki, azt\u0259minatl\u0131 t\u0259b\u0259q\u0259nin, \u0259lil v\u0259 \u015f\u0259hid ail\u0259l\u0259rinin sosial m\u00fcdafi\u0259sinin g\u00fccl\u0259ndirilm\u0259si sah\u0259sind\u0259 d\u0259 [&hellip;]","og_url":"https:\/\/www.zerdab.com\/?p=547","og_site_name":"Z\u0259rdab.com","article_published_time":"2012-02-16T13:22:35+00:00","article_modified_time":"2012-08-28T16:30:43+00:00","og_image":[{"url":"http:\/\/www.zerdab.com\/wp-content\/uploads\/2012\/02\/sosialy-300x216.jpg","type":"","width":"","height":""}],"author":"admin","twitter_card":"summary_large_image","twitter_misc":{"Written by":"admin","Est. reading time":"2 minutes"},"schema":{"@context":"https:\/\/schema.org","@graph":[{"@type":"Article","@id":"https:\/\/www.zerdab.com\/?p=547#article","isPartOf":{"@id":"https:\/\/www.zerdab.com\/?p=547"},"author":{"name":"admin","@id":"https:\/\/www.zerdab.com\/#\/schema\/person\/97079b7570c1e89ec0d9e138c3672136"},"headline":"Z\u0259rdabda 738 ail\u0259y\u0259 69,5 min manat \u00fcnvanl\u0131 sosial yard\u0131m verilib","datePublished":"2012-02-16T13:22:35+00:00","dateModified":"2012-08-28T16:30:43+00:00","mainEntityOfPage":{"@id":"https:\/\/www.zerdab.com\/?p=547"},"wordCount":311,"commentCount":0,"image":{"@id":"https:\/\/www.zerdab.com\/?p=547#primaryimage"},"thumbnailUrl":"http:\/\/www.zerdab.com\/wp-content\/uploads\/2012\/02\/sosialy-300x216.jpg","articleSection":["C\u018fM\u0130YY\u018fT"],"inLanguage":"az","potentialAction":[{"@type":"CommentAction","name":"Comment","target":["https:\/\/www.zerdab.com\/?p=547#respond"]}]},{"@type":"WebPage","@id":"https:\/\/www.zerdab.com\/?p=547","url":"https:\/\/www.zerdab.com\/?p=547","name":"Z\u0259rdabda 738 ail\u0259y\u0259 69,5 min manat \u00fcnvanl\u0131 sosial yard\u0131m verilib - Z\u0259rdab.com","isPartOf":{"@id":"https:\/\/www.zerdab.com\/#website"},"primaryImageOfPage":{"@id":"https:\/\/www.zerdab.com\/?p=547#primaryimage"},"image":{"@id":"https:\/\/www.zerdab.com\/?p=547#primaryimage"},"thumbnailUrl":"http:\/\/www.zerdab.com\/wp-content\/uploads\/2012\/02\/sosialy-300x216.jpg","datePublished":"2012-02-16T13:22:35+00:00","dateModified":"2012-08-28T16:30:43+00:00","author":{"@id":"https:\/\/www.zerdab.com\/#\/schema\/person\/97079b7570c1e89ec0d9e138c3672136"},"breadcrumb":{"@id":"https:\/\/www.zerdab.com\/?p=547#breadcrumb"},"inLanguage":"az","potentialAction":[{"@type":"ReadAction","target":["https:\/\/www.zerdab.com\/?p=547"]}]},{"@type":"ImageObject","inLanguage":"az","@id":"https:\/\/www.zerdab.com\/?p=547#primaryimage","url":"","contentUrl":""},{"@type":"BreadcrumbList","@id":"https:\/\/www.zerdab.com\/?p=547#breadcrumb","itemListElement":[{"@type":"ListItem","position":1,"name":"Home","item":"https:\/\/www.zerdab.com\/"},{"@type":"ListItem","position":2,"name":"Z\u0259rdabda 738 ail\u0259y\u0259 69,5 min manat \u00fcnvanl\u0131 sosial yard\u0131m verilib"}]},{"@type":"WebSite","@id":"https:\/\/www.zerdab.com\/#website","url":"https:\/\/www.zerdab.com\/","name":"Z\u0259rdab.com","description":"","potentialAction":[{"@type":"SearchAction","target":{"@type":"EntryPoint","urlTemplate":"https:\/\/www.zerdab.com\/?s={search_term_string}"},"query-input":{"@type":"PropertyValueSpecification","valueRequired":true,"valueName":"search_term_string"}}],"inLanguage":"az"},{"@type":"Person","@id":"https:\/\/www.zerdab.com\/#\/schema\/person\/97079b7570c1e89ec0d9e138c3672136","name":"admin","image":{"@type":"ImageObject","inLanguage":"az","@id":"https:\/\/www.zerdab.com\/#\/schema\/person\/image\/","url":"https:\/\/secure.gravatar.com\/avatar\/d9c52a9a27c32119cb6679a077fa3e2779e5f822c451cbf01098004361d466ec?s=96&d=mm&r=g","contentUrl":"https:\/\/secure.gravatar.com\/avatar\/d9c52a9a27c32119cb6679a077fa3e2779e5f822c451cbf01098004361d466ec?s=96&d=mm&r=g","caption":"admin"},"url":"https:\/\/www.zerdab.com\/?author=1"}]}},"_links":{"self":[{"href":"https:\/\/www.zerdab.com\/index.php?rest_route=\/wp\/v2\/posts\/547","targetHints":{"allow":["GET"]}}],"collection":[{"href":"https:\/\/www.zerdab.com\/index.php?rest_route=\/wp\/v2\/posts"}],"about":[{"href":"https:\/\/www.zerdab.com\/index.php?rest_route=\/wp\/v2\/types\/post"}],"author":[{"embeddable":true,"href":"https:\/\/www.zerdab.com\/index.php?rest_route=\/wp\/v2\/users\/1"}],"replies":[{"embeddable":true,"href":"https:\/\/www.zerdab.com\/index.php?rest_route=%2Fwp%2Fv2%2Fcomments&post=547"}],"version-history":[{"count":3,"href":"https:\/\/www.zerdab.com\/index.php?rest_route=\/wp\/v2\/posts\/547\/revisions"}],"predecessor-version":[{"id":550,"href":"https:\/\/www.zerdab.com\/index.php?rest_route=\/wp\/v2\/posts\/547\/revisions\/550"}],"wp:attachment":[{"href":"https:\/\/www.zerdab.com\/index.php?rest_route=%2Fwp%2Fv2%2Fmedia&parent=547"}],"wp:term":[{"taxonomy":"category","embeddable":true,"href":"https:\/\/www.zerdab.com\/index.php?rest_route=%2Fwp%2Fv2%2Fcategories&post=547"},{"taxonomy":"post_tag","embeddable":true,"href":"https:\/\/www.zerdab.com\/index.php?rest_route=%2Fwp%2Fv2%2Ftags&post=547"}],"curies":[{"name":"wp","href":"https:\/\/api.w.org\/{rel}","templated":true}]}}