{"id":5522,"date":"2012-11-17T15:42:29","date_gmt":"2012-11-17T11:42:29","guid":{"rendered":"http:\/\/www.zerdab.com\/?p=5522"},"modified":"2012-11-17T15:45:01","modified_gmt":"2012-11-17T11:45:01","slug":"z%c9%99rdab-rayonunda-das-dovrun%c9%99-aid-c%c9%99ki-daslari-tapilib","status":"publish","type":"post","link":"https:\/\/www.zerdab.com\/?p=5522","title":{"rendered":"Z\u0259rdab rayonunda da\u015f d\u00f6vr\u00fcn\u0259 aid \u00e7\u0259ki da\u015flar\u0131 tap\u0131l\u0131b &#8211; ekskl\u00fcziv"},"content":{"rendered":"<p><strong><a href=\"http:\/\/www.zerdab.com\/wp-content\/uploads\/2012\/11\/\u015eahnaz-Mustafayeva.jpg\"><img loading=\"lazy\" decoding=\"async\" class=\"alignleft size-full wp-image-5523\" title=\"\u015eahnaz Mustafayeva_Z\u0259rdab rayonu\" src=\"http:\/\/www.zerdab.com\/wp-content\/uploads\/2012\/11\/\u015eahnaz-Mustafayeva.jpg\" alt=\"\" width=\"350\" height=\"233\" \/><\/a>Z\u0259rdab rayonunda \u015f\u0259xsi t\u0259s\u0259rr\u00fcfatlar\u0131n birind\u0259n da\u015f d\u00f6vr\u00fcn\u0259 aid \u00e7\u0259ki da\u015flar\u0131 tap\u0131l\u0131b.<\/strong> Haz\u0131rda h\u0259min da\u015flar Z\u0259rdab rayon Tarix Diyar\u015f\u00fcnasl\u0131q Muzeyind\u0259 saxlan\u0131l\u0131r. Bu bar\u0259d\u0259 <span style=\"color: #ff0000;\"><strong>www.zerdab.com<\/strong><\/span> sayt\u0131na ekskl\u00fcziv a\u00e7\u0131qlamas\u0131nda muzeyin direktoru <strong>\u015eahnaz Mustafayeva<\/strong> m\u0259lumat verib. Onun s\u00f6zl\u0259rin\u0259 g\u00f6r\u0259, haz\u0131rda muzeyd\u0259 bir m\u00fcdd\u0259t \u0259vv\u0259l rayon \u0259razisind\u0259n tap\u0131lm\u0131\u015f VII v\u0259 IX \u0259sr\u0259 aid saxs\u0131 par\u00e7alar\u0131 da saxlan\u0131l\u0131r.<br \/>\nMuzeyin direktoru bildirib ki, m\u0259d\u0259ni \u0259laq\u0259l\u0259rin inki\u015faf etm\u0259diyi bir d\u00f6vrd\u0259 insanlar\u0131n m\u00fcasir dill\u0259 des\u0259k, inc\u0259s\u0259n\u0259t\u0259, m\u0259d\u0259niyy\u0259t\u0259 olan maraqlar\u0131 bu saxs\u0131 par\u00e7alar\u0131nda \u00f6z \u0259ksini tap\u0131r: &#8220;VII v\u0259 IX \u0259sr\u0259 aid olan h\u0259min saxs\u0131 n\u00fcmun\u0259l\u0259rinin \u00fcz\u0259rind\u0259ki r\u0259ngl\u0259r bu g\u00fcn d\u0259 qalmaqdad\u0131r. Ara\u015fd\u0131rmalar g\u00f6st\u0259rir ki, onlar\u0131n effektivliyini itirm\u0259m\u0259sinin s\u0259b\u0259bi t\u0259bii r\u0259ngl\u0259rd\u0259n istifad\u0259 olunmas\u0131d\u0131r&#8221;.<\/p>\n<p><span style=\"color: #ff0000;\"><strong>www.zerdab.com<\/strong><\/span><\/p>\n","protected":false},"excerpt":{"rendered":"<p>Z\u0259rdab rayonunda \u015f\u0259xsi t\u0259s\u0259rr\u00fcfatlar\u0131n birind\u0259n da\u015f d\u00f6vr\u00fcn\u0259 aid \u00e7\u0259ki da\u015flar\u0131 tap\u0131l\u0131b. Haz\u0131rda h\u0259min da\u015flar Z\u0259rdab rayon Tarix Diyar\u015f\u00fcnasl\u0131q Muzeyind\u0259 saxlan\u0131l\u0131r. Bu bar\u0259d\u0259 www.zerdab.com sayt\u0131na ekskl\u00fcziv a\u00e7\u0131qlamas\u0131nda muzeyin direktoru \u015eahnaz Mustafayeva m\u0259lumat verib. Onun s\u00f6zl\u0259rin\u0259 g\u00f6r\u0259, haz\u0131rda muzeyd\u0259 bir m\u00fcdd\u0259t \u0259vv\u0259l rayon \u0259razisind\u0259n tap\u0131lm\u0131\u015f VII v\u0259 IX \u0259sr\u0259 aid saxs\u0131 par\u00e7alar\u0131 da saxlan\u0131l\u0131r. Muzeyin direktoru bildirib [&hellip;]<\/p>\n","protected":false},"author":1,"featured_media":0,"comment_status":"open","ping_status":"open","sticky":false,"template":"","format":"standard","meta":{"footnotes":""},"categories":[1],"tags":[],"class_list":{"0":"post-5522","1":"post","2":"type-post","3":"status-publish","4":"format-standard","6":"category-tarix"},"yoast_head":"<!-- This site is optimized with the Yoast SEO plugin v27.0 - https:\/\/yoast.com\/product\/yoast-seo-wordpress\/ -->\n<title>Z\u0259rdab rayonunda da\u015f d\u00f6vr\u00fcn\u0259 aid \u00e7\u0259ki da\u015flar\u0131 tap\u0131l\u0131b - ekskl\u00fcziv - Z\u0259rdab.com<\/title>\n<meta name=\"robots\" content=\"index, follow, max-snippet:-1, max-image-preview:large, max-video-preview:-1\" \/>\n<link rel=\"canonical\" href=\"https:\/\/www.zerdab.com\/?p=5522\" \/>\n<meta property=\"og:locale\" content=\"az_AZ\" \/>\n<meta property=\"og:type\" content=\"article\" \/>\n<meta property=\"og:title\" content=\"Z\u0259rdab rayonunda da\u015f d\u00f6vr\u00fcn\u0259 aid \u00e7\u0259ki da\u015flar\u0131 tap\u0131l\u0131b - ekskl\u00fcziv - Z\u0259rdab.com\" \/>\n<meta property=\"og:description\" content=\"Z\u0259rdab rayonunda \u015f\u0259xsi t\u0259s\u0259rr\u00fcfatlar\u0131n birind\u0259n da\u015f d\u00f6vr\u00fcn\u0259 aid \u00e7\u0259ki da\u015flar\u0131 tap\u0131l\u0131b. Haz\u0131rda h\u0259min da\u015flar Z\u0259rdab rayon Tarix Diyar\u015f\u00fcnasl\u0131q Muzeyind\u0259 saxlan\u0131l\u0131r. Bu bar\u0259d\u0259 www.zerdab.com sayt\u0131na ekskl\u00fcziv a\u00e7\u0131qlamas\u0131nda muzeyin direktoru \u015eahnaz Mustafayeva m\u0259lumat verib. Onun s\u00f6zl\u0259rin\u0259 g\u00f6r\u0259, haz\u0131rda muzeyd\u0259 bir m\u00fcdd\u0259t \u0259vv\u0259l rayon \u0259razisind\u0259n tap\u0131lm\u0131\u015f VII v\u0259 IX \u0259sr\u0259 aid saxs\u0131 par\u00e7alar\u0131 da saxlan\u0131l\u0131r. Muzeyin direktoru bildirib [&hellip;]\" \/>\n<meta property=\"og:url\" content=\"https:\/\/www.zerdab.com\/?p=5522\" \/>\n<meta property=\"og:site_name\" content=\"Z\u0259rdab.com\" \/>\n<meta property=\"article:published_time\" content=\"2012-11-17T11:42:29+00:00\" \/>\n<meta property=\"article:modified_time\" content=\"2012-11-17T11:45:01+00:00\" \/>\n<meta name=\"author\" content=\"admin\" \/>\n<meta name=\"twitter:card\" content=\"summary_large_image\" \/>\n<meta name=\"twitter:label1\" content=\"Written by\" \/>\n\t<meta name=\"twitter:data1\" content=\"admin\" \/>\n\t<meta name=\"twitter:label2\" content=\"Est. reading time\" \/>\n\t<meta name=\"twitter:data2\" content=\"1 minute\" \/>\n<script type=\"application\/ld+json\" class=\"yoast-schema-graph\">{\"@context\":\"https:\/\/schema.org\",\"@graph\":[{\"@type\":\"Article\",\"@id\":\"https:\/\/www.zerdab.com\/?p=5522#article\",\"isPartOf\":{\"@id\":\"https:\/\/www.zerdab.com\/?p=5522\"},\"author\":{\"name\":\"admin\",\"@id\":\"https:\/\/www.zerdab.com\/#\/schema\/person\/97079b7570c1e89ec0d9e138c3672136\"},\"headline\":\"Z\u0259rdab rayonunda da\u015f d\u00f6vr\u00fcn\u0259 aid \u00e7\u0259ki da\u015flar\u0131 tap\u0131l\u0131b &#8211; ekskl\u00fcziv\",\"datePublished\":\"2012-11-17T11:42:29+00:00\",\"dateModified\":\"2012-11-17T11:45:01+00:00\",\"mainEntityOfPage\":{\"@id\":\"https:\/\/www.zerdab.com\/?p=5522\"},\"wordCount\":205,\"commentCount\":2,\"articleSection\":[\"Z\u018fRDABIN TAR\u0130X\u0130\"],\"inLanguage\":\"az\",\"potentialAction\":[{\"@type\":\"CommentAction\",\"name\":\"Comment\",\"target\":[\"https:\/\/www.zerdab.com\/?p=5522#respond\"]}]},{\"@type\":\"WebPage\",\"@id\":\"https:\/\/www.zerdab.com\/?p=5522\",\"url\":\"https:\/\/www.zerdab.com\/?p=5522\",\"name\":\"Z\u0259rdab rayonunda da\u015f d\u00f6vr\u00fcn\u0259 aid \u00e7\u0259ki da\u015flar\u0131 tap\u0131l\u0131b - ekskl\u00fcziv - Z\u0259rdab.com\",\"isPartOf\":{\"@id\":\"https:\/\/www.zerdab.com\/#website\"},\"datePublished\":\"2012-11-17T11:42:29+00:00\",\"dateModified\":\"2012-11-17T11:45:01+00:00\",\"author\":{\"@id\":\"https:\/\/www.zerdab.com\/#\/schema\/person\/97079b7570c1e89ec0d9e138c3672136\"},\"breadcrumb\":{\"@id\":\"https:\/\/www.zerdab.com\/?p=5522#breadcrumb\"},\"inLanguage\":\"az\",\"potentialAction\":[{\"@type\":\"ReadAction\",\"target\":[\"https:\/\/www.zerdab.com\/?p=5522\"]}]},{\"@type\":\"BreadcrumbList\",\"@id\":\"https:\/\/www.zerdab.com\/?p=5522#breadcrumb\",\"itemListElement\":[{\"@type\":\"ListItem\",\"position\":1,\"name\":\"Home\",\"item\":\"https:\/\/www.zerdab.com\/\"},{\"@type\":\"ListItem\",\"position\":2,\"name\":\"Z\u0259rdab rayonunda da\u015f d\u00f6vr\u00fcn\u0259 aid \u00e7\u0259ki da\u015flar\u0131 tap\u0131l\u0131b &#8211; ekskl\u00fcziv\"}]},{\"@type\":\"WebSite\",\"@id\":\"https:\/\/www.zerdab.com\/#website\",\"url\":\"https:\/\/www.zerdab.com\/\",\"name\":\"Z\u0259rdab.com\",\"description\":\"\",\"potentialAction\":[{\"@type\":\"SearchAction\",\"target\":{\"@type\":\"EntryPoint\",\"urlTemplate\":\"https:\/\/www.zerdab.com\/?s={search_term_string}\"},\"query-input\":{\"@type\":\"PropertyValueSpecification\",\"valueRequired\":true,\"valueName\":\"search_term_string\"}}],\"inLanguage\":\"az\"},{\"@type\":\"Person\",\"@id\":\"https:\/\/www.zerdab.com\/#\/schema\/person\/97079b7570c1e89ec0d9e138c3672136\",\"name\":\"admin\",\"image\":{\"@type\":\"ImageObject\",\"inLanguage\":\"az\",\"@id\":\"https:\/\/www.zerdab.com\/#\/schema\/person\/image\/\",\"url\":\"https:\/\/secure.gravatar.com\/avatar\/d9c52a9a27c32119cb6679a077fa3e2779e5f822c451cbf01098004361d466ec?s=96&d=mm&r=g\",\"contentUrl\":\"https:\/\/secure.gravatar.com\/avatar\/d9c52a9a27c32119cb6679a077fa3e2779e5f822c451cbf01098004361d466ec?s=96&d=mm&r=g\",\"caption\":\"admin\"},\"url\":\"https:\/\/www.zerdab.com\/?author=1\"}]}<\/script>\n<!-- \/ Yoast SEO plugin. -->","yoast_head_json":{"title":"Z\u0259rdab rayonunda da\u015f d\u00f6vr\u00fcn\u0259 aid \u00e7\u0259ki da\u015flar\u0131 tap\u0131l\u0131b - ekskl\u00fcziv - Z\u0259rdab.com","robots":{"index":"index","follow":"follow","max-snippet":"max-snippet:-1","max-image-preview":"max-image-preview:large","max-video-preview":"max-video-preview:-1"},"canonical":"https:\/\/www.zerdab.com\/?p=5522","og_locale":"az_AZ","og_type":"article","og_title":"Z\u0259rdab rayonunda da\u015f d\u00f6vr\u00fcn\u0259 aid \u00e7\u0259ki da\u015flar\u0131 tap\u0131l\u0131b - ekskl\u00fcziv - Z\u0259rdab.com","og_description":"Z\u0259rdab rayonunda \u015f\u0259xsi t\u0259s\u0259rr\u00fcfatlar\u0131n birind\u0259n da\u015f d\u00f6vr\u00fcn\u0259 aid \u00e7\u0259ki da\u015flar\u0131 tap\u0131l\u0131b. Haz\u0131rda h\u0259min da\u015flar Z\u0259rdab rayon Tarix Diyar\u015f\u00fcnasl\u0131q Muzeyind\u0259 saxlan\u0131l\u0131r. Bu bar\u0259d\u0259 www.zerdab.com sayt\u0131na ekskl\u00fcziv a\u00e7\u0131qlamas\u0131nda muzeyin direktoru \u015eahnaz Mustafayeva m\u0259lumat verib. Onun s\u00f6zl\u0259rin\u0259 g\u00f6r\u0259, haz\u0131rda muzeyd\u0259 bir m\u00fcdd\u0259t \u0259vv\u0259l rayon \u0259razisind\u0259n tap\u0131lm\u0131\u015f VII v\u0259 IX \u0259sr\u0259 aid saxs\u0131 par\u00e7alar\u0131 da saxlan\u0131l\u0131r. Muzeyin direktoru bildirib [&hellip;]","og_url":"https:\/\/www.zerdab.com\/?p=5522","og_site_name":"Z\u0259rdab.com","article_published_time":"2012-11-17T11:42:29+00:00","article_modified_time":"2012-11-17T11:45:01+00:00","author":"admin","twitter_card":"summary_large_image","twitter_misc":{"Written by":"admin","Est. reading time":"1 minute"},"schema":{"@context":"https:\/\/schema.org","@graph":[{"@type":"Article","@id":"https:\/\/www.zerdab.com\/?p=5522#article","isPartOf":{"@id":"https:\/\/www.zerdab.com\/?p=5522"},"author":{"name":"admin","@id":"https:\/\/www.zerdab.com\/#\/schema\/person\/97079b7570c1e89ec0d9e138c3672136"},"headline":"Z\u0259rdab rayonunda da\u015f d\u00f6vr\u00fcn\u0259 aid \u00e7\u0259ki da\u015flar\u0131 tap\u0131l\u0131b &#8211; ekskl\u00fcziv","datePublished":"2012-11-17T11:42:29+00:00","dateModified":"2012-11-17T11:45:01+00:00","mainEntityOfPage":{"@id":"https:\/\/www.zerdab.com\/?p=5522"},"wordCount":205,"commentCount":2,"articleSection":["Z\u018fRDABIN TAR\u0130X\u0130"],"inLanguage":"az","potentialAction":[{"@type":"CommentAction","name":"Comment","target":["https:\/\/www.zerdab.com\/?p=5522#respond"]}]},{"@type":"WebPage","@id":"https:\/\/www.zerdab.com\/?p=5522","url":"https:\/\/www.zerdab.com\/?p=5522","name":"Z\u0259rdab rayonunda da\u015f d\u00f6vr\u00fcn\u0259 aid \u00e7\u0259ki da\u015flar\u0131 tap\u0131l\u0131b - ekskl\u00fcziv - Z\u0259rdab.com","isPartOf":{"@id":"https:\/\/www.zerdab.com\/#website"},"datePublished":"2012-11-17T11:42:29+00:00","dateModified":"2012-11-17T11:45:01+00:00","author":{"@id":"https:\/\/www.zerdab.com\/#\/schema\/person\/97079b7570c1e89ec0d9e138c3672136"},"breadcrumb":{"@id":"https:\/\/www.zerdab.com\/?p=5522#breadcrumb"},"inLanguage":"az","potentialAction":[{"@type":"ReadAction","target":["https:\/\/www.zerdab.com\/?p=5522"]}]},{"@type":"BreadcrumbList","@id":"https:\/\/www.zerdab.com\/?p=5522#breadcrumb","itemListElement":[{"@type":"ListItem","position":1,"name":"Home","item":"https:\/\/www.zerdab.com\/"},{"@type":"ListItem","position":2,"name":"Z\u0259rdab rayonunda da\u015f d\u00f6vr\u00fcn\u0259 aid \u00e7\u0259ki da\u015flar\u0131 tap\u0131l\u0131b &#8211; ekskl\u00fcziv"}]},{"@type":"WebSite","@id":"https:\/\/www.zerdab.com\/#website","url":"https:\/\/www.zerdab.com\/","name":"Z\u0259rdab.com","description":"","potentialAction":[{"@type":"SearchAction","target":{"@type":"EntryPoint","urlTemplate":"https:\/\/www.zerdab.com\/?s={search_term_string}"},"query-input":{"@type":"PropertyValueSpecification","valueRequired":true,"valueName":"search_term_string"}}],"inLanguage":"az"},{"@type":"Person","@id":"https:\/\/www.zerdab.com\/#\/schema\/person\/97079b7570c1e89ec0d9e138c3672136","name":"admin","image":{"@type":"ImageObject","inLanguage":"az","@id":"https:\/\/www.zerdab.com\/#\/schema\/person\/image\/","url":"https:\/\/secure.gravatar.com\/avatar\/d9c52a9a27c32119cb6679a077fa3e2779e5f822c451cbf01098004361d466ec?s=96&d=mm&r=g","contentUrl":"https:\/\/secure.gravatar.com\/avatar\/d9c52a9a27c32119cb6679a077fa3e2779e5f822c451cbf01098004361d466ec?s=96&d=mm&r=g","caption":"admin"},"url":"https:\/\/www.zerdab.com\/?author=1"}]}},"_links":{"self":[{"href":"https:\/\/www.zerdab.com\/index.php?rest_route=\/wp\/v2\/posts\/5522","targetHints":{"allow":["GET"]}}],"collection":[{"href":"https:\/\/www.zerdab.com\/index.php?rest_route=\/wp\/v2\/posts"}],"about":[{"href":"https:\/\/www.zerdab.com\/index.php?rest_route=\/wp\/v2\/types\/post"}],"author":[{"embeddable":true,"href":"https:\/\/www.zerdab.com\/index.php?rest_route=\/wp\/v2\/users\/1"}],"replies":[{"embeddable":true,"href":"https:\/\/www.zerdab.com\/index.php?rest_route=%2Fwp%2Fv2%2Fcomments&post=5522"}],"version-history":[{"count":4,"href":"https:\/\/www.zerdab.com\/index.php?rest_route=\/wp\/v2\/posts\/5522\/revisions"}],"predecessor-version":[{"id":5527,"href":"https:\/\/www.zerdab.com\/index.php?rest_route=\/wp\/v2\/posts\/5522\/revisions\/5527"}],"wp:attachment":[{"href":"https:\/\/www.zerdab.com\/index.php?rest_route=%2Fwp%2Fv2%2Fmedia&parent=5522"}],"wp:term":[{"taxonomy":"category","embeddable":true,"href":"https:\/\/www.zerdab.com\/index.php?rest_route=%2Fwp%2Fv2%2Fcategories&post=5522"},{"taxonomy":"post_tag","embeddable":true,"href":"https:\/\/www.zerdab.com\/index.php?rest_route=%2Fwp%2Fv2%2Ftags&post=5522"}],"curies":[{"name":"wp","href":"https:\/\/api.w.org\/{rel}","templated":true}]}}