{"id":5628,"date":"2012-11-23T18:36:04","date_gmt":"2012-11-23T14:36:04","guid":{"rendered":"http:\/\/www.zerdab.com\/?p=5628"},"modified":"2012-11-23T18:37:58","modified_gmt":"2012-11-23T14:37:58","slug":"z%c9%99rdabi-iki-on%c9%99mli-hadis%c9%99-il%c9%99-xalqin-fikrinin-formalasmasina-t%c9%99sir-edib","status":"publish","type":"post","link":"https:\/\/www.zerdab.com\/?p=5628","title":{"rendered":"&#8220;Z\u0259rdabi iki hadis\u0259 il\u0259 xalq\u0131n fikrinin formala\u015fmas\u0131na t\u0259sir edib&#8221;"},"content":{"rendered":"<p><span style=\"color: #0000ff;\"><strong><a href=\"http:\/\/www.zerdab.com\/wp-content\/uploads\/2012\/11\/Hesen-bey-Zerdabi.jpg\"><img loading=\"lazy\" decoding=\"async\" class=\"alignleft size-thumbnail wp-image-5629\" title=\"Hesen bey Zerdabi\" src=\"http:\/\/www.zerdab.com\/wp-content\/uploads\/2012\/11\/Hesen-bey-Zerdabi-200x200.jpg\" alt=\"\" width=\"200\" height=\"200\" \/><\/a>Nazir: &#8220;B\u00f6y\u00fck m\u00fct\u0259f\u0259kkir H\u0259s\u0259n b\u0259y Z\u0259rdabi iki \u00f6n\u0259mli hadis\u0259 il\u0259 xalq\u0131n fikrinin formala\u015fmas\u0131na g\u00fccl\u00fc t\u0259sir edib&#8221;<\/strong><\/span><\/p>\n<p><strong>Az\u0259rbaycan Milli M\u0259tbuat\u0131n\u0131n banisi H\u0259s\u0259n b\u0259y Z\u0259rdabinin anadan olmas\u0131n\u0131n 170 illik yubileyin\u0259 h\u0259sr olunmu\u015f t\u0259dbir ke\u00e7irilib.\u00a0<\/strong><span style=\"color: #ff0000;\"><strong>www.zerdab.com<\/strong> <\/span>sayt\u0131na veril\u0259n m\u0259lumata g\u00f6r\u0259, M\u0259d\u0259niyy\u0259t v\u0259 Turizm Nazirliyinin Mirz\u0259 F\u0259t\u0259li Axundov ad\u0131na Az\u0259rbaycan Milli Kitabxanas\u0131 il\u0259 birg\u0259 ke\u00e7irdiyi t\u0259dbird\u0259 m\u0259d\u0259niyy\u0259t v\u0259 turizm naziri \u018fb\u00fclf\u0259s Qarayev, M\u0259tbuat \u015euras\u0131n\u0131n s\u0259dri \u018fflatun Ama\u015fov, mill\u0259t v\u0259kill\u0259ri, q\u0259zet r\u0259hb\u0259rl\u0259ri, media n\u00fcmay\u0259nd\u0259l\u0259ri i\u015ftirak edib.\u00a0T\u0259dbird\u0259 \u00e7\u0131x\u0131\u015f ed\u0259n \u018fb\u00fclf\u0259s Qarayev bildirib ki, bu il Az\u0259rbaycan m\u0259d\u0259niyy\u0259ti \u00fc\u00e7\u00fcn z\u0259ngin il hesab olunur: \u201c\u00c7\u00fcnki \u00f6lk\u0259 ba\u015f\u00e7\u0131s\u0131 silsil\u0259 olaraq, Az\u0259rbaycan m\u0259d\u0259niyy\u0259tind\u0259, inc\u0259s\u0259n\u0259tind\u0259 xidm\u0259tl\u0259ri olan \u015f\u0259xsl\u0259rin yubileyl\u0259rinin ke\u00e7irilm\u0259si \u00fc\u00e7\u00fcn s\u0259r\u0259ncamlar verib. Bu s\u0259r\u0259ncamlar g\u00f6rk\u0259mli \u015f\u0259xsiyy\u0259tl\u0259rimizi tan\u0131ma\u011fa bir daha imkan yarad\u0131r. B\u00f6y\u00fck m\u00fct\u0259f\u0259kkir H\u0259s\u0259n b\u0259y Z\u0259rdabi iki \u00f6n\u0259mli hadis\u0259 il\u0259 xalq\u0131n fikrini formala\u015fmas\u0131na g\u00fccl\u00fc t\u0259sir edib. Onlardan biri 1873-c\u00fc ild\u0259 teatr\u0131n yarad\u0131lmas\u0131nda yax\u0131ndan i\u015ftirak\u0131, ikincisi is\u0259 1875-ci i \u201c\u018fkin\u00e7i\u201d q\u0259zetinin \u0259sas\u0131n\u0131 qoymas\u0131d\u0131r. Az\u0259rbaycan xalq\u0131 \u00f6z\u00fcn\u00fcn m\u0259n\u0259vi inki\u015faf\u0131 \u00fc\u00e7\u00fcn iki istiqam\u0259ti daim \u0259sas tutacaq\u201d.<\/p>\n<p>M\u0259tbuat \u015euras\u0131n\u0131n s\u0259dri \u018fflatun Ama\u015fov, Ayna ( \u201cZerkalo\u201d) q\u0259zetinin ba\u015f redaktoru El\u00e7in \u015e\u0131xl\u0131, \u201c\u018fdal\u0259t\u201d q\u0259zetinin t\u0259sis\u00e7isi Aqil Abbas, professor \u015eirm\u0259mm\u0259d H\u00fcseynov v\u0259 dig\u0259rl\u0259ri \u00e7\u0131x\u0131\u015f ed\u0259r\u0259k Z\u0259rdabinin g\u00f6rd\u00fcy\u00fc xeyriyy\u0259\u00e7ilik t\u0259dbirl\u0259rind\u0259n dan\u0131\u015f\u0131b. Onun Az\u0259rbaycan xalq\u0131n\u0131n milli \u015f\u00fcurunun formala\u015fmas\u0131nda g\u00f6rd\u00fcy\u00fc misilsiz xidm\u0259tl\u0259rind\u0259n s\u00f6hb\u0259t a\u00e7\u0131blar.\u00a0T\u0259dbird\u0259 H\u0259s\u0259n b\u0259y Z\u0259rdabinin 170 illik yubileyin\u0259 h\u0259sr olunmu\u015f video \u00e7arx da n\u00fcmayi\u015f olunub.<\/p>\n","protected":false},"excerpt":{"rendered":"<p>Nazir: &#8220;B\u00f6y\u00fck m\u00fct\u0259f\u0259kkir H\u0259s\u0259n b\u0259y Z\u0259rdabi iki \u00f6n\u0259mli hadis\u0259 il\u0259 xalq\u0131n fikrinin formala\u015fmas\u0131na g\u00fccl\u00fc t\u0259sir edib&#8221; Az\u0259rbaycan Milli M\u0259tbuat\u0131n\u0131n banisi H\u0259s\u0259n b\u0259y Z\u0259rdabinin anadan olmas\u0131n\u0131n 170 illik yubileyin\u0259 h\u0259sr olunmu\u015f t\u0259dbir ke\u00e7irilib.\u00a0www.zerdab.com sayt\u0131na veril\u0259n m\u0259lumata g\u00f6r\u0259, M\u0259d\u0259niyy\u0259t v\u0259 Turizm Nazirliyinin Mirz\u0259 F\u0259t\u0259li Axundov ad\u0131na Az\u0259rbaycan Milli Kitabxanas\u0131 il\u0259 birg\u0259 ke\u00e7irdiyi t\u0259dbird\u0259 m\u0259d\u0259niyy\u0259t v\u0259 turizm naziri [&hellip;]<\/p>\n","protected":false},"author":1,"featured_media":0,"comment_status":"open","ping_status":"open","sticky":false,"template":"","format":"standard","meta":{"footnotes":""},"categories":[20],"tags":[],"class_list":{"0":"post-5628","1":"post","2":"type-post","3":"status-publish","4":"format-standard","6":"category-kinci-zrdab-ziyali-qzet-tbitsunas"},"yoast_head":"<!-- This site is optimized with the Yoast SEO plugin v27.0 - https:\/\/yoast.com\/product\/yoast-seo-wordpress\/ -->\n<title>&quot;Z\u0259rdabi iki hadis\u0259 il\u0259 xalq\u0131n fikrinin formala\u015fmas\u0131na t\u0259sir edib&quot; - Z\u0259rdab.com<\/title>\n<meta name=\"robots\" content=\"index, follow, max-snippet:-1, max-image-preview:large, max-video-preview:-1\" \/>\n<link rel=\"canonical\" href=\"https:\/\/www.zerdab.com\/?p=5628\" \/>\n<meta property=\"og:locale\" content=\"az_AZ\" \/>\n<meta property=\"og:type\" content=\"article\" \/>\n<meta property=\"og:title\" content=\"&quot;Z\u0259rdabi iki hadis\u0259 il\u0259 xalq\u0131n fikrinin formala\u015fmas\u0131na t\u0259sir edib&quot; - Z\u0259rdab.com\" \/>\n<meta property=\"og:description\" content=\"Nazir: &#8220;B\u00f6y\u00fck m\u00fct\u0259f\u0259kkir H\u0259s\u0259n b\u0259y Z\u0259rdabi iki \u00f6n\u0259mli hadis\u0259 il\u0259 xalq\u0131n fikrinin formala\u015fmas\u0131na g\u00fccl\u00fc t\u0259sir edib&#8221; Az\u0259rbaycan Milli M\u0259tbuat\u0131n\u0131n banisi H\u0259s\u0259n b\u0259y Z\u0259rdabinin anadan olmas\u0131n\u0131n 170 illik yubileyin\u0259 h\u0259sr olunmu\u015f t\u0259dbir ke\u00e7irilib.\u00a0www.zerdab.com sayt\u0131na veril\u0259n m\u0259lumata g\u00f6r\u0259, M\u0259d\u0259niyy\u0259t v\u0259 Turizm Nazirliyinin Mirz\u0259 F\u0259t\u0259li Axundov ad\u0131na Az\u0259rbaycan Milli Kitabxanas\u0131 il\u0259 birg\u0259 ke\u00e7irdiyi t\u0259dbird\u0259 m\u0259d\u0259niyy\u0259t v\u0259 turizm naziri [&hellip;]\" \/>\n<meta property=\"og:url\" content=\"https:\/\/www.zerdab.com\/?p=5628\" \/>\n<meta property=\"og:site_name\" content=\"Z\u0259rdab.com\" \/>\n<meta property=\"article:published_time\" content=\"2012-11-23T14:36:04+00:00\" \/>\n<meta property=\"article:modified_time\" content=\"2012-11-23T14:37:58+00:00\" \/>\n<meta property=\"og:image\" content=\"http:\/\/www.zerdab.com\/wp-content\/uploads\/2012\/11\/Hesen-bey-Zerdabi-200x200.jpg\" \/>\n<meta name=\"author\" content=\"admin\" \/>\n<meta name=\"twitter:card\" content=\"summary_large_image\" \/>\n<meta name=\"twitter:label1\" content=\"Written by\" \/>\n\t<meta name=\"twitter:data1\" content=\"admin\" \/>\n\t<meta name=\"twitter:label2\" content=\"Est. reading time\" \/>\n\t<meta name=\"twitter:data2\" content=\"2 minutes\" \/>\n<script type=\"application\/ld+json\" class=\"yoast-schema-graph\">{\"@context\":\"https:\/\/schema.org\",\"@graph\":[{\"@type\":\"Article\",\"@id\":\"https:\/\/www.zerdab.com\/?p=5628#article\",\"isPartOf\":{\"@id\":\"https:\/\/www.zerdab.com\/?p=5628\"},\"author\":{\"name\":\"admin\",\"@id\":\"https:\/\/www.zerdab.com\/#\/schema\/person\/97079b7570c1e89ec0d9e138c3672136\"},\"headline\":\"&#8220;Z\u0259rdabi iki hadis\u0259 il\u0259 xalq\u0131n fikrinin formala\u015fmas\u0131na t\u0259sir edib&#8221;\",\"datePublished\":\"2012-11-23T14:36:04+00:00\",\"dateModified\":\"2012-11-23T14:37:58+00:00\",\"mainEntityOfPage\":{\"@id\":\"https:\/\/www.zerdab.com\/?p=5628\"},\"wordCount\":397,\"commentCount\":1,\"image\":{\"@id\":\"https:\/\/www.zerdab.com\/?p=5628#primaryimage\"},\"thumbnailUrl\":\"http:\/\/www.zerdab.com\/wp-content\/uploads\/2012\/11\/Hesen-bey-Zerdabi-200x200.jpg\",\"articleSection\":[\"H\u018fS\u018fN B\u018fY Z\u018fRDAB\u0130\"],\"inLanguage\":\"az\",\"potentialAction\":[{\"@type\":\"CommentAction\",\"name\":\"Comment\",\"target\":[\"https:\/\/www.zerdab.com\/?p=5628#respond\"]}]},{\"@type\":\"WebPage\",\"@id\":\"https:\/\/www.zerdab.com\/?p=5628\",\"url\":\"https:\/\/www.zerdab.com\/?p=5628\",\"name\":\"\\\"Z\u0259rdabi iki hadis\u0259 il\u0259 xalq\u0131n fikrinin formala\u015fmas\u0131na t\u0259sir edib\\\" - Z\u0259rdab.com\",\"isPartOf\":{\"@id\":\"https:\/\/www.zerdab.com\/#website\"},\"primaryImageOfPage\":{\"@id\":\"https:\/\/www.zerdab.com\/?p=5628#primaryimage\"},\"image\":{\"@id\":\"https:\/\/www.zerdab.com\/?p=5628#primaryimage\"},\"thumbnailUrl\":\"http:\/\/www.zerdab.com\/wp-content\/uploads\/2012\/11\/Hesen-bey-Zerdabi-200x200.jpg\",\"datePublished\":\"2012-11-23T14:36:04+00:00\",\"dateModified\":\"2012-11-23T14:37:58+00:00\",\"author\":{\"@id\":\"https:\/\/www.zerdab.com\/#\/schema\/person\/97079b7570c1e89ec0d9e138c3672136\"},\"breadcrumb\":{\"@id\":\"https:\/\/www.zerdab.com\/?p=5628#breadcrumb\"},\"inLanguage\":\"az\",\"potentialAction\":[{\"@type\":\"ReadAction\",\"target\":[\"https:\/\/www.zerdab.com\/?p=5628\"]}]},{\"@type\":\"ImageObject\",\"inLanguage\":\"az\",\"@id\":\"https:\/\/www.zerdab.com\/?p=5628#primaryimage\",\"url\":\"\",\"contentUrl\":\"\"},{\"@type\":\"BreadcrumbList\",\"@id\":\"https:\/\/www.zerdab.com\/?p=5628#breadcrumb\",\"itemListElement\":[{\"@type\":\"ListItem\",\"position\":1,\"name\":\"Home\",\"item\":\"https:\/\/www.zerdab.com\/\"},{\"@type\":\"ListItem\",\"position\":2,\"name\":\"&#8220;Z\u0259rdabi iki hadis\u0259 il\u0259 xalq\u0131n fikrinin formala\u015fmas\u0131na t\u0259sir edib&#8221;\"}]},{\"@type\":\"WebSite\",\"@id\":\"https:\/\/www.zerdab.com\/#website\",\"url\":\"https:\/\/www.zerdab.com\/\",\"name\":\"Z\u0259rdab.com\",\"description\":\"\",\"potentialAction\":[{\"@type\":\"SearchAction\",\"target\":{\"@type\":\"EntryPoint\",\"urlTemplate\":\"https:\/\/www.zerdab.com\/?s={search_term_string}\"},\"query-input\":{\"@type\":\"PropertyValueSpecification\",\"valueRequired\":true,\"valueName\":\"search_term_string\"}}],\"inLanguage\":\"az\"},{\"@type\":\"Person\",\"@id\":\"https:\/\/www.zerdab.com\/#\/schema\/person\/97079b7570c1e89ec0d9e138c3672136\",\"name\":\"admin\",\"image\":{\"@type\":\"ImageObject\",\"inLanguage\":\"az\",\"@id\":\"https:\/\/www.zerdab.com\/#\/schema\/person\/image\/\",\"url\":\"https:\/\/secure.gravatar.com\/avatar\/d9c52a9a27c32119cb6679a077fa3e2779e5f822c451cbf01098004361d466ec?s=96&d=mm&r=g\",\"contentUrl\":\"https:\/\/secure.gravatar.com\/avatar\/d9c52a9a27c32119cb6679a077fa3e2779e5f822c451cbf01098004361d466ec?s=96&d=mm&r=g\",\"caption\":\"admin\"},\"url\":\"https:\/\/www.zerdab.com\/?author=1\"}]}<\/script>\n<!-- \/ Yoast SEO plugin. -->","yoast_head_json":{"title":"\"Z\u0259rdabi iki hadis\u0259 il\u0259 xalq\u0131n fikrinin formala\u015fmas\u0131na t\u0259sir edib\" - Z\u0259rdab.com","robots":{"index":"index","follow":"follow","max-snippet":"max-snippet:-1","max-image-preview":"max-image-preview:large","max-video-preview":"max-video-preview:-1"},"canonical":"https:\/\/www.zerdab.com\/?p=5628","og_locale":"az_AZ","og_type":"article","og_title":"\"Z\u0259rdabi iki hadis\u0259 il\u0259 xalq\u0131n fikrinin formala\u015fmas\u0131na t\u0259sir edib\" - Z\u0259rdab.com","og_description":"Nazir: &#8220;B\u00f6y\u00fck m\u00fct\u0259f\u0259kkir H\u0259s\u0259n b\u0259y Z\u0259rdabi iki \u00f6n\u0259mli hadis\u0259 il\u0259 xalq\u0131n fikrinin formala\u015fmas\u0131na g\u00fccl\u00fc t\u0259sir edib&#8221; Az\u0259rbaycan Milli M\u0259tbuat\u0131n\u0131n banisi H\u0259s\u0259n b\u0259y Z\u0259rdabinin anadan olmas\u0131n\u0131n 170 illik yubileyin\u0259 h\u0259sr olunmu\u015f t\u0259dbir ke\u00e7irilib.\u00a0www.zerdab.com sayt\u0131na veril\u0259n m\u0259lumata g\u00f6r\u0259, M\u0259d\u0259niyy\u0259t v\u0259 Turizm Nazirliyinin Mirz\u0259 F\u0259t\u0259li Axundov ad\u0131na Az\u0259rbaycan Milli Kitabxanas\u0131 il\u0259 birg\u0259 ke\u00e7irdiyi t\u0259dbird\u0259 m\u0259d\u0259niyy\u0259t v\u0259 turizm naziri [&hellip;]","og_url":"https:\/\/www.zerdab.com\/?p=5628","og_site_name":"Z\u0259rdab.com","article_published_time":"2012-11-23T14:36:04+00:00","article_modified_time":"2012-11-23T14:37:58+00:00","og_image":[{"url":"http:\/\/www.zerdab.com\/wp-content\/uploads\/2012\/11\/Hesen-bey-Zerdabi-200x200.jpg","type":"","width":"","height":""}],"author":"admin","twitter_card":"summary_large_image","twitter_misc":{"Written by":"admin","Est. reading time":"2 minutes"},"schema":{"@context":"https:\/\/schema.org","@graph":[{"@type":"Article","@id":"https:\/\/www.zerdab.com\/?p=5628#article","isPartOf":{"@id":"https:\/\/www.zerdab.com\/?p=5628"},"author":{"name":"admin","@id":"https:\/\/www.zerdab.com\/#\/schema\/person\/97079b7570c1e89ec0d9e138c3672136"},"headline":"&#8220;Z\u0259rdabi iki hadis\u0259 il\u0259 xalq\u0131n fikrinin formala\u015fmas\u0131na t\u0259sir edib&#8221;","datePublished":"2012-11-23T14:36:04+00:00","dateModified":"2012-11-23T14:37:58+00:00","mainEntityOfPage":{"@id":"https:\/\/www.zerdab.com\/?p=5628"},"wordCount":397,"commentCount":1,"image":{"@id":"https:\/\/www.zerdab.com\/?p=5628#primaryimage"},"thumbnailUrl":"http:\/\/www.zerdab.com\/wp-content\/uploads\/2012\/11\/Hesen-bey-Zerdabi-200x200.jpg","articleSection":["H\u018fS\u018fN B\u018fY Z\u018fRDAB\u0130"],"inLanguage":"az","potentialAction":[{"@type":"CommentAction","name":"Comment","target":["https:\/\/www.zerdab.com\/?p=5628#respond"]}]},{"@type":"WebPage","@id":"https:\/\/www.zerdab.com\/?p=5628","url":"https:\/\/www.zerdab.com\/?p=5628","name":"\"Z\u0259rdabi iki hadis\u0259 il\u0259 xalq\u0131n fikrinin formala\u015fmas\u0131na t\u0259sir edib\" - Z\u0259rdab.com","isPartOf":{"@id":"https:\/\/www.zerdab.com\/#website"},"primaryImageOfPage":{"@id":"https:\/\/www.zerdab.com\/?p=5628#primaryimage"},"image":{"@id":"https:\/\/www.zerdab.com\/?p=5628#primaryimage"},"thumbnailUrl":"http:\/\/www.zerdab.com\/wp-content\/uploads\/2012\/11\/Hesen-bey-Zerdabi-200x200.jpg","datePublished":"2012-11-23T14:36:04+00:00","dateModified":"2012-11-23T14:37:58+00:00","author":{"@id":"https:\/\/www.zerdab.com\/#\/schema\/person\/97079b7570c1e89ec0d9e138c3672136"},"breadcrumb":{"@id":"https:\/\/www.zerdab.com\/?p=5628#breadcrumb"},"inLanguage":"az","potentialAction":[{"@type":"ReadAction","target":["https:\/\/www.zerdab.com\/?p=5628"]}]},{"@type":"ImageObject","inLanguage":"az","@id":"https:\/\/www.zerdab.com\/?p=5628#primaryimage","url":"","contentUrl":""},{"@type":"BreadcrumbList","@id":"https:\/\/www.zerdab.com\/?p=5628#breadcrumb","itemListElement":[{"@type":"ListItem","position":1,"name":"Home","item":"https:\/\/www.zerdab.com\/"},{"@type":"ListItem","position":2,"name":"&#8220;Z\u0259rdabi iki hadis\u0259 il\u0259 xalq\u0131n fikrinin formala\u015fmas\u0131na t\u0259sir edib&#8221;"}]},{"@type":"WebSite","@id":"https:\/\/www.zerdab.com\/#website","url":"https:\/\/www.zerdab.com\/","name":"Z\u0259rdab.com","description":"","potentialAction":[{"@type":"SearchAction","target":{"@type":"EntryPoint","urlTemplate":"https:\/\/www.zerdab.com\/?s={search_term_string}"},"query-input":{"@type":"PropertyValueSpecification","valueRequired":true,"valueName":"search_term_string"}}],"inLanguage":"az"},{"@type":"Person","@id":"https:\/\/www.zerdab.com\/#\/schema\/person\/97079b7570c1e89ec0d9e138c3672136","name":"admin","image":{"@type":"ImageObject","inLanguage":"az","@id":"https:\/\/www.zerdab.com\/#\/schema\/person\/image\/","url":"https:\/\/secure.gravatar.com\/avatar\/d9c52a9a27c32119cb6679a077fa3e2779e5f822c451cbf01098004361d466ec?s=96&d=mm&r=g","contentUrl":"https:\/\/secure.gravatar.com\/avatar\/d9c52a9a27c32119cb6679a077fa3e2779e5f822c451cbf01098004361d466ec?s=96&d=mm&r=g","caption":"admin"},"url":"https:\/\/www.zerdab.com\/?author=1"}]}},"_links":{"self":[{"href":"https:\/\/www.zerdab.com\/index.php?rest_route=\/wp\/v2\/posts\/5628","targetHints":{"allow":["GET"]}}],"collection":[{"href":"https:\/\/www.zerdab.com\/index.php?rest_route=\/wp\/v2\/posts"}],"about":[{"href":"https:\/\/www.zerdab.com\/index.php?rest_route=\/wp\/v2\/types\/post"}],"author":[{"embeddable":true,"href":"https:\/\/www.zerdab.com\/index.php?rest_route=\/wp\/v2\/users\/1"}],"replies":[{"embeddable":true,"href":"https:\/\/www.zerdab.com\/index.php?rest_route=%2Fwp%2Fv2%2Fcomments&post=5628"}],"version-history":[{"count":4,"href":"https:\/\/www.zerdab.com\/index.php?rest_route=\/wp\/v2\/posts\/5628\/revisions"}],"predecessor-version":[{"id":5633,"href":"https:\/\/www.zerdab.com\/index.php?rest_route=\/wp\/v2\/posts\/5628\/revisions\/5633"}],"wp:attachment":[{"href":"https:\/\/www.zerdab.com\/index.php?rest_route=%2Fwp%2Fv2%2Fmedia&parent=5628"}],"wp:term":[{"taxonomy":"category","embeddable":true,"href":"https:\/\/www.zerdab.com\/index.php?rest_route=%2Fwp%2Fv2%2Fcategories&post=5628"},{"taxonomy":"post_tag","embeddable":true,"href":"https:\/\/www.zerdab.com\/index.php?rest_route=%2Fwp%2Fv2%2Ftags&post=5628"}],"curies":[{"name":"wp","href":"https:\/\/api.w.org\/{rel}","templated":true}]}}