{"id":5645,"date":"2012-11-24T15:15:53","date_gmt":"2012-11-24T11:15:53","guid":{"rendered":"http:\/\/www.zerdab.com\/?p=5645"},"modified":"2012-11-27T18:23:35","modified_gmt":"2012-11-27T14:23:35","slug":"z%c9%99rdab-rayonunda-k%c9%99nd-t%c9%99s%c9%99rrufati-isl%c9%99rinin-gedisi-muzakir%c9%99-edildi-foto","status":"publish","type":"post","link":"https:\/\/www.zerdab.com\/?p=5645","title":{"rendered":"Z\u0259rdab rayonunda k\u0259nd t\u0259s\u0259rr\u00fcfat\u0131 i\u015fl\u0259ri m\u00fczakir\u0259 edildi &#8211; foto"},"content":{"rendered":"<p style=\"text-align: justify;\" align=\"center\">Z\u0259rdab Rayon \u0130cra Hakimiyy\u0259tind\u0259 inzibati \u0259razil\u0259rd\u0259 k\u0259nd t\u0259s\u0259rr\u00fcfat\u0131 i\u015fl\u0259rinin gedi\u015fi il\u0259 ba\u011fl\u0131 m\u00fc\u015favir\u0259 ke\u00e7irilib.\u00a0<strong>Z<\/strong><strong>\u0259rdab<\/strong><strong>\u00a0R<\/strong><strong>\u0130HBA-n\u0131n informasiya t\u0259minat\u0131 v\u0259 t\u0259hlil sektoru<\/strong>ndan <span style=\"color: #ff0000;\"><strong>www.zerdab.com<\/strong><\/span> sayt\u0131na veril\u0259n m\u0259lumata g\u00f6r\u0259, m\u00fc\u015favir\u0259ni giri\u015f s\u00f6z\u00fc il\u0259 a\u00e7an Z\u0259rdab Rayon \u0130cra Hakimiyy\u0259ti ba\u015f\u00e7\u0131s\u0131n\u0131n birinci m\u00fcavini Allahverdi S\u0259f\u0259rov rayonda k\u0259nd t\u0259s\u0259rr\u00fcfat\u0131 i\u015fl\u0259rinin gedi\u015fi il\u0259 ba\u011fl\u0131 geni\u015f m\u0259ruz\u0259 edib.\u00a0Qeyd olunub ki, son ill\u0259r rayonda bitki\u00e7ilik v\u0259 heyvandarl\u0131q m\u0259hsullar\u0131 istehsal\u0131 sah\u0259sind\u0259 n\u0259z\u0259r\u0259\u00e7arpacaq ir\u0259lil\u0259yi\u015fl\u0259r olub. \u00d6t\u0259n il 40 min tona yax\u0131n tax\u0131l istehsal edilib, iri v\u0259 x\u0131rda buynuzlu heyvanlar\u0131n ba\u015f say\u0131 xeyli art\u0131b. M\u0259hsul istehsal\u0131n\u0131n art\u0131r\u0131lmas\u0131nda k\u0259nd t\u0259s\u0259rr\u00fcfat\u0131 m\u0259hsullar\u0131 istehsal\u00e7\u0131lar\u0131na g\u00f6st\u0259ril\u0259n d\u00f6vl\u0259t d\u0259st\u0259yinin rolu x\u00fcsusi vur\u011fulan\u0131b.\u00a0Y\u0131\u011f\u0131ncaqda 2013-c\u00fc il \u00fc\u00e7\u00fcn tax\u0131l \u0259kininin 01 dekabra kimi ba\u015fa \u00e7atd\u0131r\u0131lmas\u0131, dig\u0259r bitki\u00e7ilik v\u0259 heyvandarl\u0131q m\u0259hsullar\u0131 istehsal\u0131n\u0131n art\u0131r\u0131lmas\u0131 istiqam\u0259tind\u0259 v\u0259zif\u0259l\u0259r m\u00fc\u0259yy\u0259nl\u0259\u015fdirilib.\u00a0\u00c7\u0131x\u0131\u015f ed\u0259nl\u0259r &#8211; \u015e\u0259ft\u0259hal k\u0259nd icra n\u00fcmay\u0259nd\u0259si Veys\u0259l Sad\u0131qov, \u00c7all\u0131 k\u0259nd icra n\u00fcmay\u0259nd\u0259si Ramiz M\u0259mm\u0259dov, M\u0259likumudlu k\u0259nd icra n\u00fcmay\u0259nd\u0259si Seyf\u0259ddin P\u0259nahov v\u0259 dig\u0259rl\u0259ri suvarma suyu il\u0259 t\u0259minata diqq\u0259tin art\u0131r\u0131lmas\u0131na, \u201cAqrolizinq\u201din rayon filial\u0131n\u0131n g\u00fcc\u00fcnd\u0259n s\u0259m\u0259r\u0259li istifad\u0259 olunmas\u0131na n\u0259zar\u0259tin g\u00fccl\u0259ndirilm\u0259sini vur\u011fulay\u0131blar.<\/p>\n<p style=\"text-align: justify;\">\u00a0<span style=\"color: #ff0000;\"><strong>www.zerdab.com<\/strong><\/span><\/p>\n<p style=\"text-align: justify;\"><a href=\"http:\/\/www.zerdab.com\/wp-content\/uploads\/2012\/11\/Zerdab_Kend-teserrufati.jpg\"><img loading=\"lazy\" decoding=\"async\" class=\"alignleft size-medium wp-image-5646\" title=\"Zerdab_Kend teserrufati\" src=\"http:\/\/www.zerdab.com\/wp-content\/uploads\/2012\/11\/Zerdab_Kend-teserrufati-350x233.jpg\" alt=\"\" width=\"350\" height=\"233\" \/><\/a><\/p>\n","protected":false},"excerpt":{"rendered":"<p>Z\u0259rdab Rayon \u0130cra Hakimiyy\u0259tind\u0259 inzibati \u0259razil\u0259rd\u0259 k\u0259nd t\u0259s\u0259rr\u00fcfat\u0131 i\u015fl\u0259rinin gedi\u015fi il\u0259 ba\u011fl\u0131 m\u00fc\u015favir\u0259 ke\u00e7irilib.\u00a0Z\u0259rdab\u00a0R\u0130HBA-n\u0131n informasiya t\u0259minat\u0131 v\u0259 t\u0259hlil sektorundan www.zerdab.com sayt\u0131na veril\u0259n m\u0259lumata g\u00f6r\u0259, m\u00fc\u015favir\u0259ni giri\u015f s\u00f6z\u00fc il\u0259 a\u00e7an Z\u0259rdab Rayon \u0130cra Hakimiyy\u0259ti ba\u015f\u00e7\u0131s\u0131n\u0131n birinci m\u00fcavini Allahverdi S\u0259f\u0259rov rayonda k\u0259nd t\u0259s\u0259rr\u00fcfat\u0131 i\u015fl\u0259rinin gedi\u015fi il\u0259 ba\u011fl\u0131 geni\u015f m\u0259ruz\u0259 edib.\u00a0Qeyd olunub ki, son ill\u0259r rayonda bitki\u00e7ilik v\u0259 [&hellip;]<\/p>\n","protected":false},"author":1,"featured_media":0,"comment_status":"open","ping_status":"open","sticky":false,"template":"","format":"standard","meta":{"footnotes":""},"categories":[21],"tags":[],"class_list":{"0":"post-5645","1":"post","2":"type-post","3":"status-publish","4":"format-standard","6":"category-zrdab"},"yoast_head":"<!-- This site is optimized with the Yoast SEO plugin v27.0 - https:\/\/yoast.com\/product\/yoast-seo-wordpress\/ -->\n<title>Z\u0259rdab rayonunda k\u0259nd t\u0259s\u0259rr\u00fcfat\u0131 i\u015fl\u0259ri m\u00fczakir\u0259 edildi - foto - Z\u0259rdab.com<\/title>\n<meta name=\"robots\" content=\"index, follow, max-snippet:-1, max-image-preview:large, max-video-preview:-1\" \/>\n<link rel=\"canonical\" href=\"https:\/\/www.zerdab.com\/?p=5645\" \/>\n<meta property=\"og:locale\" content=\"az_AZ\" \/>\n<meta property=\"og:type\" content=\"article\" \/>\n<meta property=\"og:title\" content=\"Z\u0259rdab rayonunda k\u0259nd t\u0259s\u0259rr\u00fcfat\u0131 i\u015fl\u0259ri m\u00fczakir\u0259 edildi - foto - Z\u0259rdab.com\" \/>\n<meta property=\"og:description\" content=\"Z\u0259rdab Rayon \u0130cra Hakimiyy\u0259tind\u0259 inzibati \u0259razil\u0259rd\u0259 k\u0259nd t\u0259s\u0259rr\u00fcfat\u0131 i\u015fl\u0259rinin gedi\u015fi il\u0259 ba\u011fl\u0131 m\u00fc\u015favir\u0259 ke\u00e7irilib.\u00a0Z\u0259rdab\u00a0R\u0130HBA-n\u0131n informasiya t\u0259minat\u0131 v\u0259 t\u0259hlil sektorundan www.zerdab.com sayt\u0131na veril\u0259n m\u0259lumata g\u00f6r\u0259, m\u00fc\u015favir\u0259ni giri\u015f s\u00f6z\u00fc il\u0259 a\u00e7an Z\u0259rdab Rayon \u0130cra Hakimiyy\u0259ti ba\u015f\u00e7\u0131s\u0131n\u0131n birinci m\u00fcavini Allahverdi S\u0259f\u0259rov rayonda k\u0259nd t\u0259s\u0259rr\u00fcfat\u0131 i\u015fl\u0259rinin gedi\u015fi il\u0259 ba\u011fl\u0131 geni\u015f m\u0259ruz\u0259 edib.\u00a0Qeyd olunub ki, son ill\u0259r rayonda bitki\u00e7ilik v\u0259 [&hellip;]\" \/>\n<meta property=\"og:url\" content=\"https:\/\/www.zerdab.com\/?p=5645\" \/>\n<meta property=\"og:site_name\" content=\"Z\u0259rdab.com\" \/>\n<meta property=\"article:published_time\" content=\"2012-11-24T11:15:53+00:00\" \/>\n<meta property=\"article:modified_time\" content=\"2012-11-27T14:23:35+00:00\" \/>\n<meta property=\"og:image\" content=\"http:\/\/www.zerdab.com\/wp-content\/uploads\/2012\/11\/Zerdab_Kend-teserrufati-350x233.jpg\" \/>\n<meta name=\"author\" content=\"admin\" \/>\n<meta name=\"twitter:card\" content=\"summary_large_image\" \/>\n<meta name=\"twitter:label1\" content=\"Written by\" \/>\n\t<meta name=\"twitter:data1\" content=\"admin\" \/>\n\t<meta name=\"twitter:label2\" content=\"Est. reading time\" \/>\n\t<meta name=\"twitter:data2\" content=\"2 minutes\" \/>\n<script type=\"application\/ld+json\" class=\"yoast-schema-graph\">{\"@context\":\"https:\/\/schema.org\",\"@graph\":[{\"@type\":\"Article\",\"@id\":\"https:\/\/www.zerdab.com\/?p=5645#article\",\"isPartOf\":{\"@id\":\"https:\/\/www.zerdab.com\/?p=5645\"},\"author\":{\"name\":\"admin\",\"@id\":\"https:\/\/www.zerdab.com\/#\/schema\/person\/97079b7570c1e89ec0d9e138c3672136\"},\"headline\":\"Z\u0259rdab rayonunda k\u0259nd t\u0259s\u0259rr\u00fcfat\u0131 i\u015fl\u0259ri m\u00fczakir\u0259 edildi &#8211; foto\",\"datePublished\":\"2012-11-24T11:15:53+00:00\",\"dateModified\":\"2012-11-27T14:23:35+00:00\",\"mainEntityOfPage\":{\"@id\":\"https:\/\/www.zerdab.com\/?p=5645\"},\"wordCount\":326,\"commentCount\":0,\"image\":{\"@id\":\"https:\/\/www.zerdab.com\/?p=5645#primaryimage\"},\"thumbnailUrl\":\"http:\/\/www.zerdab.com\/wp-content\/uploads\/2012\/11\/Zerdab_Kend-teserrufati-350x233.jpg\",\"articleSection\":[\"C\u018fM\u0130YY\u018fT\"],\"inLanguage\":\"az\",\"potentialAction\":[{\"@type\":\"CommentAction\",\"name\":\"Comment\",\"target\":[\"https:\/\/www.zerdab.com\/?p=5645#respond\"]}]},{\"@type\":\"WebPage\",\"@id\":\"https:\/\/www.zerdab.com\/?p=5645\",\"url\":\"https:\/\/www.zerdab.com\/?p=5645\",\"name\":\"Z\u0259rdab rayonunda k\u0259nd t\u0259s\u0259rr\u00fcfat\u0131 i\u015fl\u0259ri m\u00fczakir\u0259 edildi - foto - Z\u0259rdab.com\",\"isPartOf\":{\"@id\":\"https:\/\/www.zerdab.com\/#website\"},\"primaryImageOfPage\":{\"@id\":\"https:\/\/www.zerdab.com\/?p=5645#primaryimage\"},\"image\":{\"@id\":\"https:\/\/www.zerdab.com\/?p=5645#primaryimage\"},\"thumbnailUrl\":\"http:\/\/www.zerdab.com\/wp-content\/uploads\/2012\/11\/Zerdab_Kend-teserrufati-350x233.jpg\",\"datePublished\":\"2012-11-24T11:15:53+00:00\",\"dateModified\":\"2012-11-27T14:23:35+00:00\",\"author\":{\"@id\":\"https:\/\/www.zerdab.com\/#\/schema\/person\/97079b7570c1e89ec0d9e138c3672136\"},\"breadcrumb\":{\"@id\":\"https:\/\/www.zerdab.com\/?p=5645#breadcrumb\"},\"inLanguage\":\"az\",\"potentialAction\":[{\"@type\":\"ReadAction\",\"target\":[\"https:\/\/www.zerdab.com\/?p=5645\"]}]},{\"@type\":\"ImageObject\",\"inLanguage\":\"az\",\"@id\":\"https:\/\/www.zerdab.com\/?p=5645#primaryimage\",\"url\":\"\",\"contentUrl\":\"\"},{\"@type\":\"BreadcrumbList\",\"@id\":\"https:\/\/www.zerdab.com\/?p=5645#breadcrumb\",\"itemListElement\":[{\"@type\":\"ListItem\",\"position\":1,\"name\":\"Home\",\"item\":\"https:\/\/www.zerdab.com\/\"},{\"@type\":\"ListItem\",\"position\":2,\"name\":\"Z\u0259rdab rayonunda k\u0259nd t\u0259s\u0259rr\u00fcfat\u0131 i\u015fl\u0259ri m\u00fczakir\u0259 edildi &#8211; foto\"}]},{\"@type\":\"WebSite\",\"@id\":\"https:\/\/www.zerdab.com\/#website\",\"url\":\"https:\/\/www.zerdab.com\/\",\"name\":\"Z\u0259rdab.com\",\"description\":\"\",\"potentialAction\":[{\"@type\":\"SearchAction\",\"target\":{\"@type\":\"EntryPoint\",\"urlTemplate\":\"https:\/\/www.zerdab.com\/?s={search_term_string}\"},\"query-input\":{\"@type\":\"PropertyValueSpecification\",\"valueRequired\":true,\"valueName\":\"search_term_string\"}}],\"inLanguage\":\"az\"},{\"@type\":\"Person\",\"@id\":\"https:\/\/www.zerdab.com\/#\/schema\/person\/97079b7570c1e89ec0d9e138c3672136\",\"name\":\"admin\",\"image\":{\"@type\":\"ImageObject\",\"inLanguage\":\"az\",\"@id\":\"https:\/\/www.zerdab.com\/#\/schema\/person\/image\/\",\"url\":\"https:\/\/secure.gravatar.com\/avatar\/d9c52a9a27c32119cb6679a077fa3e2779e5f822c451cbf01098004361d466ec?s=96&d=mm&r=g\",\"contentUrl\":\"https:\/\/secure.gravatar.com\/avatar\/d9c52a9a27c32119cb6679a077fa3e2779e5f822c451cbf01098004361d466ec?s=96&d=mm&r=g\",\"caption\":\"admin\"},\"url\":\"https:\/\/www.zerdab.com\/?author=1\"}]}<\/script>\n<!-- \/ Yoast SEO plugin. -->","yoast_head_json":{"title":"Z\u0259rdab rayonunda k\u0259nd t\u0259s\u0259rr\u00fcfat\u0131 i\u015fl\u0259ri m\u00fczakir\u0259 edildi - foto - Z\u0259rdab.com","robots":{"index":"index","follow":"follow","max-snippet":"max-snippet:-1","max-image-preview":"max-image-preview:large","max-video-preview":"max-video-preview:-1"},"canonical":"https:\/\/www.zerdab.com\/?p=5645","og_locale":"az_AZ","og_type":"article","og_title":"Z\u0259rdab rayonunda k\u0259nd t\u0259s\u0259rr\u00fcfat\u0131 i\u015fl\u0259ri m\u00fczakir\u0259 edildi - foto - Z\u0259rdab.com","og_description":"Z\u0259rdab Rayon \u0130cra Hakimiyy\u0259tind\u0259 inzibati \u0259razil\u0259rd\u0259 k\u0259nd t\u0259s\u0259rr\u00fcfat\u0131 i\u015fl\u0259rinin gedi\u015fi il\u0259 ba\u011fl\u0131 m\u00fc\u015favir\u0259 ke\u00e7irilib.\u00a0Z\u0259rdab\u00a0R\u0130HBA-n\u0131n informasiya t\u0259minat\u0131 v\u0259 t\u0259hlil sektorundan www.zerdab.com sayt\u0131na veril\u0259n m\u0259lumata g\u00f6r\u0259, m\u00fc\u015favir\u0259ni giri\u015f s\u00f6z\u00fc il\u0259 a\u00e7an Z\u0259rdab Rayon \u0130cra Hakimiyy\u0259ti ba\u015f\u00e7\u0131s\u0131n\u0131n birinci m\u00fcavini Allahverdi S\u0259f\u0259rov rayonda k\u0259nd t\u0259s\u0259rr\u00fcfat\u0131 i\u015fl\u0259rinin gedi\u015fi il\u0259 ba\u011fl\u0131 geni\u015f m\u0259ruz\u0259 edib.\u00a0Qeyd olunub ki, son ill\u0259r rayonda bitki\u00e7ilik v\u0259 [&hellip;]","og_url":"https:\/\/www.zerdab.com\/?p=5645","og_site_name":"Z\u0259rdab.com","article_published_time":"2012-11-24T11:15:53+00:00","article_modified_time":"2012-11-27T14:23:35+00:00","og_image":[{"url":"http:\/\/www.zerdab.com\/wp-content\/uploads\/2012\/11\/Zerdab_Kend-teserrufati-350x233.jpg","type":"","width":"","height":""}],"author":"admin","twitter_card":"summary_large_image","twitter_misc":{"Written by":"admin","Est. reading time":"2 minutes"},"schema":{"@context":"https:\/\/schema.org","@graph":[{"@type":"Article","@id":"https:\/\/www.zerdab.com\/?p=5645#article","isPartOf":{"@id":"https:\/\/www.zerdab.com\/?p=5645"},"author":{"name":"admin","@id":"https:\/\/www.zerdab.com\/#\/schema\/person\/97079b7570c1e89ec0d9e138c3672136"},"headline":"Z\u0259rdab rayonunda k\u0259nd t\u0259s\u0259rr\u00fcfat\u0131 i\u015fl\u0259ri m\u00fczakir\u0259 edildi &#8211; foto","datePublished":"2012-11-24T11:15:53+00:00","dateModified":"2012-11-27T14:23:35+00:00","mainEntityOfPage":{"@id":"https:\/\/www.zerdab.com\/?p=5645"},"wordCount":326,"commentCount":0,"image":{"@id":"https:\/\/www.zerdab.com\/?p=5645#primaryimage"},"thumbnailUrl":"http:\/\/www.zerdab.com\/wp-content\/uploads\/2012\/11\/Zerdab_Kend-teserrufati-350x233.jpg","articleSection":["C\u018fM\u0130YY\u018fT"],"inLanguage":"az","potentialAction":[{"@type":"CommentAction","name":"Comment","target":["https:\/\/www.zerdab.com\/?p=5645#respond"]}]},{"@type":"WebPage","@id":"https:\/\/www.zerdab.com\/?p=5645","url":"https:\/\/www.zerdab.com\/?p=5645","name":"Z\u0259rdab rayonunda k\u0259nd t\u0259s\u0259rr\u00fcfat\u0131 i\u015fl\u0259ri m\u00fczakir\u0259 edildi - foto - Z\u0259rdab.com","isPartOf":{"@id":"https:\/\/www.zerdab.com\/#website"},"primaryImageOfPage":{"@id":"https:\/\/www.zerdab.com\/?p=5645#primaryimage"},"image":{"@id":"https:\/\/www.zerdab.com\/?p=5645#primaryimage"},"thumbnailUrl":"http:\/\/www.zerdab.com\/wp-content\/uploads\/2012\/11\/Zerdab_Kend-teserrufati-350x233.jpg","datePublished":"2012-11-24T11:15:53+00:00","dateModified":"2012-11-27T14:23:35+00:00","author":{"@id":"https:\/\/www.zerdab.com\/#\/schema\/person\/97079b7570c1e89ec0d9e138c3672136"},"breadcrumb":{"@id":"https:\/\/www.zerdab.com\/?p=5645#breadcrumb"},"inLanguage":"az","potentialAction":[{"@type":"ReadAction","target":["https:\/\/www.zerdab.com\/?p=5645"]}]},{"@type":"ImageObject","inLanguage":"az","@id":"https:\/\/www.zerdab.com\/?p=5645#primaryimage","url":"","contentUrl":""},{"@type":"BreadcrumbList","@id":"https:\/\/www.zerdab.com\/?p=5645#breadcrumb","itemListElement":[{"@type":"ListItem","position":1,"name":"Home","item":"https:\/\/www.zerdab.com\/"},{"@type":"ListItem","position":2,"name":"Z\u0259rdab rayonunda k\u0259nd t\u0259s\u0259rr\u00fcfat\u0131 i\u015fl\u0259ri m\u00fczakir\u0259 edildi &#8211; foto"}]},{"@type":"WebSite","@id":"https:\/\/www.zerdab.com\/#website","url":"https:\/\/www.zerdab.com\/","name":"Z\u0259rdab.com","description":"","potentialAction":[{"@type":"SearchAction","target":{"@type":"EntryPoint","urlTemplate":"https:\/\/www.zerdab.com\/?s={search_term_string}"},"query-input":{"@type":"PropertyValueSpecification","valueRequired":true,"valueName":"search_term_string"}}],"inLanguage":"az"},{"@type":"Person","@id":"https:\/\/www.zerdab.com\/#\/schema\/person\/97079b7570c1e89ec0d9e138c3672136","name":"admin","image":{"@type":"ImageObject","inLanguage":"az","@id":"https:\/\/www.zerdab.com\/#\/schema\/person\/image\/","url":"https:\/\/secure.gravatar.com\/avatar\/d9c52a9a27c32119cb6679a077fa3e2779e5f822c451cbf01098004361d466ec?s=96&d=mm&r=g","contentUrl":"https:\/\/secure.gravatar.com\/avatar\/d9c52a9a27c32119cb6679a077fa3e2779e5f822c451cbf01098004361d466ec?s=96&d=mm&r=g","caption":"admin"},"url":"https:\/\/www.zerdab.com\/?author=1"}]}},"_links":{"self":[{"href":"https:\/\/www.zerdab.com\/index.php?rest_route=\/wp\/v2\/posts\/5645","targetHints":{"allow":["GET"]}}],"collection":[{"href":"https:\/\/www.zerdab.com\/index.php?rest_route=\/wp\/v2\/posts"}],"about":[{"href":"https:\/\/www.zerdab.com\/index.php?rest_route=\/wp\/v2\/types\/post"}],"author":[{"embeddable":true,"href":"https:\/\/www.zerdab.com\/index.php?rest_route=\/wp\/v2\/users\/1"}],"replies":[{"embeddable":true,"href":"https:\/\/www.zerdab.com\/index.php?rest_route=%2Fwp%2Fv2%2Fcomments&post=5645"}],"version-history":[{"count":5,"href":"https:\/\/www.zerdab.com\/index.php?rest_route=\/wp\/v2\/posts\/5645\/revisions"}],"predecessor-version":[{"id":5671,"href":"https:\/\/www.zerdab.com\/index.php?rest_route=\/wp\/v2\/posts\/5645\/revisions\/5671"}],"wp:attachment":[{"href":"https:\/\/www.zerdab.com\/index.php?rest_route=%2Fwp%2Fv2%2Fmedia&parent=5645"}],"wp:term":[{"taxonomy":"category","embeddable":true,"href":"https:\/\/www.zerdab.com\/index.php?rest_route=%2Fwp%2Fv2%2Fcategories&post=5645"},{"taxonomy":"post_tag","embeddable":true,"href":"https:\/\/www.zerdab.com\/index.php?rest_route=%2Fwp%2Fv2%2Ftags&post=5645"}],"curies":[{"name":"wp","href":"https:\/\/api.w.org\/{rel}","templated":true}]}}