{"id":5691,"date":"2012-11-28T17:36:07","date_gmt":"2012-11-28T13:36:07","guid":{"rendered":"http:\/\/www.zerdab.com\/?p=5691"},"modified":"2012-11-28T17:39:35","modified_gmt":"2012-11-28T13:39:35","slug":"mill%c9%99t-v%c9%99kili-z%c9%99rdabi-fenomeni-xususi-vurgulanmalidir","status":"publish","type":"post","link":"https:\/\/www.zerdab.com\/?p=5691","title":{"rendered":"Mill\u0259t v\u0259kili: &#8220;Z\u0259rdabi fenomeni x\u00fcsusi vur\u011fulanmal\u0131d\u0131r&#8221;"},"content":{"rendered":"<p><a href=\"http:\/\/www.zerdab.com\/wp-content\/uploads\/2012\/11\/Zerdabi-anim.jpg\"><img loading=\"lazy\" decoding=\"async\" class=\"alignleft size-medium wp-image-5692\" title=\"Zerdabi-anim\" src=\"http:\/\/www.zerdab.com\/wp-content\/uploads\/2012\/11\/Zerdabi-anim-350x231.jpg\" alt=\"\" width=\"350\" height=\"231\" \/><\/a>Noyabr\u0131n 28-d\u0259 Az\u0259rbaycan M\u0259tbuat \u015euras\u0131nda milli m\u0259tbuat\u0131m\u0131z\u0131n banisi, dahi m\u00fct\u0259f\u0259kkir H\u0259s\u0259n b\u0259y Z\u0259rdabini an\u0131m m\u0259rasimi ke\u00e7irilib. T\u0259dbird\u0259 Z\u0259rdabi irsinin t\u0259dqiqat\u00e7\u0131lar\u0131, k\u00fctl\u0259vi informasiya vasit\u0259l\u0259rinin r\u0259hb\u0259rl\u0259ri v\u0259 ictimai xadiml\u0259r i\u015ftirak edibl\u0259r. M\u0259tbuat \u015euras\u0131ndan\u00a0<strong>www.zerdab.com<\/strong> sayt\u0131na veril\u0259n m\u0259lumata g\u00f6r\u0259, toplant\u0131n\u0131 giri\u015f s\u00f6z\u00fc il\u0259 a\u00e7an M\u015e s\u0259dri \u018fflatun Ama\u015fov bildirib ki, r\u0259hb\u0259ri oldu\u011fu qurum bir ne\u00e7\u0259 il \u0259vv\u0259l H\u0259s\u0259n b\u0259y Z\u0259rdabinin d\u00fcnyadan k\u00f6\u00e7d\u00fcy\u00fc 28 noyabr tarixinin b\u00f6y\u00fck \u015f\u0259xsiyy\u0259tin an\u0131m g\u00fcn\u00fc kimi qeyd edilm\u0259si il\u0259 ba\u011fl\u0131 t\u0259\u015f\u0259bb\u00fcs qald\u0131r\u0131b v\u0259 bu t\u0259\u015f\u0259bb\u00fcs art\u0131q \u0259n\u0259n\u0259y\u0259 \u00e7evrilib. Bu g\u00fcn ba\u015f tutan m\u0259rasim d\u0259 h\u0259min \u0259n\u0259n\u0259d\u0259n qaynaqlan\u0131r. \u00abH\u0259r il Az\u0259rbaycan M\u0259tbuat \u015euras\u0131, \u00fcmumilikd\u0259 \u00f6lk\u0259mizin media ictimaiyy\u0259ti 22 iyul milli m\u0259tbuat g\u00fcn\u00fcnd\u0259 H\u0259s\u0259n b\u0259yin qurucusu oldu\u011fu \u00ab\u018fkin\u00e7i\u00bb q\u0259zetinin i\u015f\u0131\u011f\u0131na topla\u015f\u0131r. H\u0259m bu q\u0259zet, h\u0259m d\u0259 Z\u0259rdabi haqq\u0131nda d\u0259y\u0259rli fikirl\u0259r s\u0259sl\u0259nir. Amma hesab edirik ki, bu b\u00f6y\u00fck insan, \u0259sl v\u0259t\u0259np\u0259rv\u0259r haqq\u0131nda n\u0259 q\u0259d\u0259r deyils\u0259, azd\u0131r. B\u00fct\u00fcn varl\u0131\u011f\u0131n\u0131 Az\u0259rbaycana ba\u011flam\u0131\u015f dahinin ham\u0131m\u0131za \u00f6rn\u0259k h\u0259yat yolu v\u0259 f\u0259aliyy\u0259ti daim xat\u0131rlan\u0131lmal\u0131d\u0131r\u00bb, &#8211; dey\u0259 o vur\u011fulay\u0131b.<\/p>\n<p>Z\u0259rdabi irsini Az\u0259rbaycan\u0131n ke\u00e7mi\u015fi, bu g\u00fcn\u00fc v\u0259 g\u0259l\u0259c\u0259yi bax\u0131m\u0131ndan misilsiz m\u0259x\u0259z adland\u0131rm\u0131\u015f \u018f.Ama\u015fov onun \u00f6yr\u0259nilm\u0259sind\u0259 xidm\u0259tl\u0259ri olan \u015f\u0259xsl\u0259rin \u0259m\u0259yini y\u00fcks\u0259k qiym\u0259tl\u0259ndirilm\u0259sinin z\u0259ruriliyind\u0259n s\u00f6hb\u0259t a\u00e7\u0131b. Onlar\u0131n bir qismin\u0259 Az\u0259rbaycan M\u0259tbuat \u015euras\u0131n\u0131n f\u0259xri diplomalar\u0131n\u0131 t\u0259qdim edib. Bu s\u0131rada<strong> Bak\u0131 D\u00f6vl\u0259t Universitetinin professoru \u0130zz\u0259t R\u00fcst\u0259mov, Z\u0259rdab rayonunda \u00e7\u0131xan \u00ab\u018fkin\u00e7i\u00bb q\u0259zetinin ba\u015f redaktoru \u0130sam\u0259ddin \u018fhm\u0259dov, \u00abXalq q\u0259zeti\u00bbnin ba\u015f redaktor m\u00fcavini Tahir Ayd\u0131no\u011flu, \u0130ctimai Televiziyan\u0131n H\u0259s\u0259n b\u0259y Z\u0259rdabinin h\u0259yat v\u0259 f\u0259aliyy\u0259tind\u0259n b\u0259hs ed\u0259n filminin m\u00fc\u0259llifi Q\u0259r\u0259nfil X\u0259lilova, S\u00f6z Azadl\u0131\u011f\u0131n\u0131 M\u00fcdafi\u0259 Fondunun icra\u00e7\u0131 direktoru V\u00fcqar Tofiqli, Az\u0259rbaycan Respublikas\u0131n\u0131n Milli M\u0259clisinin deputat\u0131 Xanh\u00fcseyn Kaz\u0131ml\u0131, ara\u015fd\u0131rma\u00e7\u0131 h\u0259rbi jurnalist \u015e\u0259mistan N\u0259zirli, Elmira Qas\u0131mova v\u0259 Eld\u0259niz H\u0259s\u0259nov<\/strong> kimi d\u0259y\u0259rli t\u0259dqiqat\u00e7\u0131lar var. T\u0259dbird\u0259 h\u0259m\u00e7inin bildirilib ki, haz\u0131rk\u0131 d\u00f6vrd\u0259 H\u0259s\u0259n b\u0259y Z\u0259rdabi il\u0259 ba\u011fl\u0131 elmi yenilikl\u0259rin \u0259h\u0259miyy\u0259tli qismi Beyn\u0259lxalq Avrasiya M\u0259tbuat Fondunun n\u0259\u015friyyat\u0131nda \u00e7ap olunub. Bu i\u015fi s\u0259m\u0259r\u0259li \u015f\u0259kild\u0259 h\u0259yata ke\u00e7irdiyi \u00fc\u00e7\u00fcn BAMF r\u0259hb\u0259ri Umud R\u0259himo\u011flu da \u015euran\u0131n f\u0259xri diplomu il\u0259 t\u0259ltif edilib.<\/p>\n<p>H\u0259s\u0259n b\u0259y Z\u0259rdabi irsinin t\u0259dqiqat\u00e7\u0131lar\u0131ndan, Az\u0259rbaycan Respublikas\u0131n\u0131n Milli M\u0259clisinin deputat\u0131 Xanh\u00fcseyn Kaz\u0131ml\u0131 bildirib ki, xalq\u0131m\u0131z\u0131n min ill\u0259r boyu formala\u015fm\u0131\u015f z\u0259ngin milli-m\u0259n\u0259vi d\u0259y\u0259rl\u0259r sistemind\u0259 b\u00f6y\u00fck yarad\u0131c\u0131 \u015f\u0259xsiyy\u0259tl\u0259rin qoyub getdiyi irs zaman-zaman h\u0259yat\u0131 d\u0259yi\u015fdirmi\u015f, m\u0259ml\u0259k\u0259timizi sivil d\u0259y\u0259rl\u0259r\u0259 qovu\u015fdurmu\u015fdur. Bu m\u0259nada Z\u0259rdabi fenomeni x\u00fcsusi vur\u011fulanmal\u0131d\u0131r. Onun ist\u0259r \u00ab\u018fkin\u00e7i\u00bb q\u0259zetind\u0259ki, ist\u0259rs\u0259 d\u0259 sonrak\u0131 d\u00f6vrl\u0259rd\u0259ki f\u0259aliyy\u0259ti Az\u0259rbaycan\u0131 d\u00f6vl\u0259t m\u00fcst\u0259qilliyin\u0259 da\u015f\u0131yan misilsiz d\u0259y\u0259rl\u0259r sistemi formala\u015fd\u0131r\u0131b.<\/p>\n<p>Uzun ill\u0259r H\u0259s\u0259n b\u0259y Z\u0259rdabinin h\u0259yat v\u0259 yarad\u0131c\u0131l\u0131\u011f\u0131n\u0131n \u00f6yr\u0259nilm\u0259si il\u0259 m\u0259\u015f\u011ful olmu\u015f dig\u0259r alim, BDU-nun professoru \u0130zz\u0259t R\u00fcst\u0259mov bildirib ki, \u00ab\u018fkin\u00e7i\u00bb q\u0259zetinin s\u0259hif\u0259l\u0259rind\u0259 yer alan bax\u0131\u015flar bu g\u00fcn \u00fc\u00e7\u00fcn d\u0259 aktuall\u0131\u011f\u0131n\u0131 saxlay\u0131r, bir n\u00f6v mayak rolunu oynay\u0131r. N\u0259\u015fr t\u0259kc\u0259 \u0259kin-bi\u00e7in texnologiyalar\u0131n\u0131 t\u0259bli\u011f etmirdi, eyni zamanda b\u00f6y\u00fck maarif\u00e7i rol oynamaqla insanlar\u0131 inaml\u0131 g\u0259l\u0259c\u0259y\u0259 do\u011fru s\u0259sl\u0259yirdi. \u00ab\u018fkin\u00e7i\u00bb q\u0259zeti q\u0131sa ya\u015fasa da, uzun \u00f6m\u00fcr s\u00fcrd\u00fc. Bu, \u0259v\u0259zsiz \u015f\u0259xsiyy\u0259t H\u0259s\u0259n b\u0259y Z\u0259rdabinin b\u00f6y\u00fck \u0259m\u0259yinin, xalq v\u0259 mill\u0259t qar\u015f\u0131s\u0131ndak\u0131 yorulmaq bilm\u0259y\u0259n f\u0259aliyy\u0259tinin n\u0259tic\u0259si idi\u00bb.<\/p>\n<p>Az\u0259rbaycan Respublikas\u0131n\u0131n Milli M\u0259clisinin deputat\u0131, M\u015e \u0130dar\u0259 Hey\u0259tinin \u00fczv\u00fc, \u00abAz\u0259rbaycan\u00bb q\u0259zetinin ba\u015f redaktoru B\u0259xtiyar Sad\u0131qov H\u0259s\u0259n b\u0259y Z\u0259rdabini m\u00fcst\u0259qil respublikam\u0131z\u0131n m\u0259tbuat, s\u00f6z s\u0259n\u0259ti yolunu i\u015f\u0131qland\u0131ran adam kimi xarakteriz\u0259 edib. Bildirib ki, bu yolda olan h\u0259r bir m\u0259ziyy\u0259t \u0259trafl\u0131 \u015f\u0259kild\u0259 c\u0259miyy\u0259t\u0259 \u00e7atd\u0131r\u0131lmal\u0131d\u0131r. M\u00f6vcud m\u0259nada H\u0259s\u0259n b\u0259y irsinin t\u0259dqiqat\u00e7\u0131lar\u0131n\u0131n \u0259m\u0259yini y\u00fcks\u0259k qiym\u0259tl\u0259ndirmi\u015f deputat g\u0259l\u0259c\u0259kd\u0259 dahi m\u00fct\u0259f\u0259kkirin f\u0259aliyy\u0259tin\u0259 dair daha s\u0259m\u0259r\u0259li elmi i\u015fl\u0259rin ortaya qoyulaca\u011f\u0131na \u0259minliyini vur\u011fulay\u0131b.<\/p>\n<p>Az\u0259rbaycan Respublikas\u0131n\u0131n Milli M\u0259clisinin deputat\u0131, M\u015e \u0130dar\u0259 Hey\u0259tinin \u00fczv\u00fc, \u00ab\u018fdal\u0259t\u00bb q\u0259zetinin t\u0259sis\u00e7isi Aqil Abbas da \u00e7\u0131x\u0131\u015f\u0131nda ustad \u015f\u0259xsiyy\u0259t H\u0259s\u0259n b\u0259y Z\u0259rdabinin irsinin daha d\u0259rind\u0259n \u00f6yr\u0259nilm\u0259sin\u0259 ehtiyac\u0131n duyuldu\u011funu deyib. O, eyni zamanda m\u00f6vcud istiqam\u0259td\u0259 kifay\u0259t q\u0259d\u0259r sanball\u0131 s\u0259n\u0259t n\u00fcmun\u0259l\u0259rinin ortaya qoyuldu\u011funu da bildir\u0259r\u0259k Az\u0259rbaycan\u0131n ictimai fikir tarixind\u0259 m\u00fcst\u0259sna rolu olmu\u015f \u015f\u0259xsl\u0259rin h\u0259yat v\u0259 yarad\u0131c\u0131l\u0131\u011f\u0131 il\u0259 ba\u011fl\u0131 akademik n\u0259\u015frl\u0259rin haz\u0131rlanmas\u0131n\u0131n vacibliyin\u0259 diqq\u0259t \u00e7\u0259kib.<\/p>\n<p>H\u0259s\u0259n b\u0259y Z\u0259rdabi il\u0259 \u0259laq\u0259dar \u00e7\u0259kilmi\u015f filmin m\u00fc\u0259llifi, \u0130TV-nin \u0259m\u0259kda\u015f\u0131, tan\u0131nm\u0131\u015f jurnalist Q\u0259r\u0259nfil X\u0259lilova bel\u0259 dahi \u015f\u0259xsiyy\u0259ti olan xalq\u0131n b\u00f6y\u00fck xalq oldu\u011funu dil\u0259 g\u0259tirib. S\u00f6z\u00fcged\u0259n s\u0259n\u0259t \u0259s\u0259rinin \u0259rs\u0259y\u0259 g\u0259lm\u0259si zaman\u0131 g\u00f6rk\u0259mli m\u00fct\u0259f\u0259kkirl\u0259 ba\u011fl\u0131 rastla\u015fd\u0131\u011f\u0131 yeni faktlardan s\u00f6hb\u0259t a\u00e7an jurnalist bildirib ki, bunlar Z\u0259rdabi \u015f\u0259xsiyy\u0259tinin Az\u0259rbaycan\u0131n fikir tarixind\u0259ki rolunun b\u00f6y\u00fckl\u00fcy\u00fcn\u00fc bir daha t\u0259sdiql\u0259yir.<\/p>\n<p>T\u0259dqiqat\u00e7\u0131 jurnalist \u015e\u0259mistan N\u0259zirli Az\u0259rbaycan m\u0259tbuat\u0131 tarixind\u0259 H\u0259s\u0259n b\u0259y Z\u0259rdabi il\u0259 yana\u015f\u0131, onun h\u0259yat yolda\u015f\u0131 H\u0259nif\u0259 xan\u0131m Abayevan\u0131n da m\u00fcst\u0259sna rolunun oldu\u011funu vur\u011fulay\u0131b. Dahi m\u00fct\u0259f\u0259kkirin h\u0259yat v\u0259 f\u0259aliyy\u0259tin\u0259 n\u0259z\u0259r salark\u0259n H\u0259nif\u0259 xan\u0131m amilin\u0259 d\u0259 x\u00fcsusi diqq\u0259t yetirilm\u0259sinin vacibliyini \u00f6n\u0259 \u00e7\u0259kib.<\/p>\n<p>\u00abYeni Az\u0259rbaycan\u00bb q\u0259zetinin ba\u015f redaktoru Hikm\u0259t Babao\u011flu bildirib ki, c\u0259miyy\u0259t n\u0259 q\u0259d\u0259r d\u0259yi\u015fikliy\u0259 m\u0259ruz qalsa da, onun b\u0259lli d\u0259y\u0259rl\u0259r sistemi var v\u0259 h\u0259min sistem b\u00fct\u00f6v bir xalq\u0131n xarakteriz\u0259 olunmas\u0131 n\u00f6qteyi-n\u0259z\u0259rd\u0259n m\u00fcst\u0259sna \u00f6n\u0259m da\u015f\u0131y\u0131r. H\u0259s\u0259n b\u0259y Z\u0259rdabi yarad\u0131c\u0131l\u0131\u011f\u0131 bir d\u0259y\u0259rdir. Onun \u00f6yr\u0259nilm\u0259si varl\u0131\u011f\u0131m\u0131z\u0131n d\u0259rki bax\u0131m\u0131m\u0131ndan son d\u0259r\u0259c\u0259 \u0259h\u0259miyy\u0259tlidir.<\/p>\n<p>M\u015e \u0130dar\u0259 Hey\u0259tinin \u00fczv\u00fc, \u00abParalel\u00bb q\u0259zetinin ba\u015f redaktoru Tapd\u0131q Abbas \u00e7\u0131x\u0131\u015f\u0131nda H\u0259s\u0259n b\u0259y Z\u0259rdabini m\u0259n\u0259vi etalon kimi d\u0259y\u0259rl\u0259ndirib, onu xalqa, mill\u0259t\u0259 t\u0259m\u0259nnas\u0131z xidm\u0259tin t\u0259krars\u0131z v\u0259 b\u0259nz\u0259rsiz n\u00fcmun\u0259si adland\u0131r\u0131b.<\/p>\n<p>Z\u0259rdab rayonunda \u00e7\u0131xan \u00ab\u018fkin\u00e7i\u00bb q\u0259zetinin ba\u015f redaktoru, Z\u0259rdabi irsinin t\u0259dqiqat\u00e7\u0131s\u0131 \u0130sam\u0259ddin \u018fhm\u0259dov dahi m\u00fct\u0259f\u0259kkirin yarad\u0131c\u0131l\u0131q m\u0259rh\u0259l\u0259l\u0259rinin t\u0259snifat\u0131n\u0131 verib. Bu bax\u0131mdan onun \u00abKaspi\u00bb q\u0259zetind\u0259ki f\u0259aliyy\u0259tinin m\u00fcst\u0259sna \u00f6n\u0259m da\u015f\u0131d\u0131\u011f\u0131n\u0131 deyib, h\u0259min n\u0259\u015frd\u0259ki f\u0259aliyy\u0259tinin ayr\u0131-ayr\u0131 istiqam\u0259tl\u0259rind\u0259n s\u00f6hb\u0259t a\u00e7\u0131b.<\/p>\n<p>\u00abKaspi\u00bb q\u0259zetinin ba\u015f redaktoru Natiq M\u0259mm\u0259dli d\u0259 eyni m\u0259qama toxunaraq vur\u011fulay\u0131b ki, 1897-ci ild\u0259 g\u00f6rk\u0259mli Az\u0259rbaycan milyon\u00e7usu Hac\u0131 Zeynalabdin Ta\u011f\u0131yev \u00abKaspi\u00bb q\u0259zetini sat\u0131n al\u0131b n\u0259\u015fri erm\u0259ni v\u0259 rus t\u0259sirind\u0259n xilas etdikd\u0259n sonra ilk i\u015fi H\u0259s\u0259n b\u0259y Z\u0259rdabini n\u0259\u015fr\u0259 \u00e7a\u011f\u0131rmaq olub. Bu kimi m\u0259s\u0259l\u0259l\u0259r\u0259 r\u0259hb\u0259rlik etdiyi n\u0259\u015frin x\u0259tti il\u0259 \u00e7\u0131xan \u00ab\u00dc\u00e7 \u0259srin q\u0259zeti\u00bb kitab\u0131nda geni\u015f ayd\u0131nl\u0131q g\u0259tirildiyini vur\u011fulayan ba\u015f redaktor bildirib ki, m\u00fcasir \u00abKaspi\u00bb \u00f6z s\u0259l\u0259fin\u0259 sadiqlik \u0259lam\u0259ti olaraq m\u0259tbu orqan\u0131n f\u0259aliyy\u0259ti, x\u00fcsus\u0259n d\u0259 H\u0259s\u0259n b\u0259yin oradak\u0131 f\u0259aliyy\u0259ti il\u0259 ba\u011fl\u0131 elmi faktlar\u0131n kitab hal\u0131nda \u00e7\u0131xmas\u0131na h\u0259r c\u00fcr d\u0259st\u0259k g\u00f6st\u0259rm\u0259y\u0259 haz\u0131rd\u0131r.<\/p>\n<p>M\u015e s\u0259drinin m\u00fcavini, Beyn\u0259lxalq Avrasiya M\u0259tbuat Fondunun s\u0259dri Umud R\u0259himo\u011flu \u00e7\u0131x\u0131\u015f\u0131nda \u00ab\u018fkin\u00e7i\u00bb ad\u0131 il\u0259 ba\u011fl\u0131 m\u0259qama toxunaraq bildirib ki, ictimai maarif\u00e7iliyi h\u0259d\u0259fl\u0259y\u0259n H\u0259s\u0259n b\u0259yin ad se\u00e7imi d\u00f6vr\u00fcn b\u00fcrokratizminin diqq\u0259tini yay\u0131nd\u0131rmaq m\u0259qs\u0259di da\u015f\u0131sa da, bu adland\u0131rma eyni zamanda bir xalq\u0131n ba\u011fl\u0131l\u0131q simvolunun tap\u0131nt\u0131s\u0131 idi. H\u0259s\u0259n b\u0259y h\u0259r bir halda mill\u0259tin tap\u0131nd\u0131\u011f\u0131 d\u0259y\u0259ri r\u0259hb\u0259r tutma\u011f\u0131 bacarm\u0131\u015fd\u0131.<\/p>\n<p>Eyni fikri b\u00f6l\u00fc\u015f\u0259n M\u015e \u0130dar\u0259 Hey\u0259tinin \u00fczv\u00fc, \u00ab\u0130ki sahil\u00bb q\u0259zetinin ba\u015f redaktoru V\u00fcqar R\u0259himzad\u0259 uzun ill\u0259r \u0259rzind\u0259 \u00f6yr\u0259nilm\u0259sin\u0259 mane\u0259l\u0259r t\u00f6r\u0259dilm\u0259sin\u0259 baxmayaraq, Z\u0259rdabi irsin\u0259 m\u00fcraci\u0259tin h\u0259l\u0259 sovet d\u00f6n\u0259mind\u0259 d\u0259 oldu\u011funu xat\u0131rlad\u0131b. Onun s\u00f6zl\u0259rin\u0259 g\u00f6r\u0259, bu m\u00fcraci\u0259t t\u0259biiliyin, xalq\u0131n i\u00e7\u0259risind\u0259n g\u0259l\u0259n obyektivlik s\u0259sinin g\u00f6st\u0259ricisi idi.<\/p>\n<p>\u00abAssa \u0130rada\u00bb \u0130nformasiya Agentliyinin ba\u015f direktoru Fazil Abbas \u00e7\u0131x\u0131\u015f\u0131nda H\u0259s\u0259n b\u0259y Z\u0259rdabini t\u0259kc\u0259 Az\u0259rbaycan\u0131n deyil, b\u00fct\u00f6vl\u00fckd\u0259 islam \u00f6lk\u0259l\u0259rinin m\u0259tbuat tarixind\u0259 m\u00fch\u00fcm rol oynam\u0131\u015f \u015f\u0259xsiyy\u0259t kimi qiym\u0259tl\u0259ndirib.<\/p>\n<p>\u00abXalq q\u0259zeti\u00bbnin ba\u015f redaktor m\u00fcavini Tahir Ayd\u0131no\u011flu bildirib ki, 1907-ci ilin bu g\u00fcn\u00fc H\u0259s\u0259n b\u0259yin d\u00fcnyas\u0131n\u0131 d\u0259yi\u015fm\u0259si o zamank\u0131 Az\u0259rbaycan\u0131n h\u0259yat\u0131nda olduqca a\u011f\u0131r itki idi. Onun d\u0259fninin b\u00f6y\u00fck t\u0259nt\u0259n\u0259 il\u0259 h\u0259yata ke\u00e7irildiyini dey\u0259n T.Ayd\u0131no\u011flu onu da deyib ki, \u00fcz\u0259rind\u0259n bir \u0259srd\u0259n art\u0131q m\u00fcdd\u0259t ke\u00e7dikd\u0259n sonra Z\u0259rdabinin an\u0131m g\u00fcn\u00fcn\u00fcn \u0259n\u0259n\u0259y\u0259 \u00e7evrilm\u0259si d\u0259 xalq\u0131n d\u0259y\u0259rli \u015f\u0259xsiyy\u0259tin\u0259 qiym\u0259tinin n\u0259tic\u0259sidir.<\/p>\n<p><strong>www.zerdab.com<\/strong><\/p>\n<p><a href=\"http:\/\/www.zerdab.com\/wp-content\/uploads\/2012\/11\/Zerdabi-anim-.jpg\"><img loading=\"lazy\" decoding=\"async\" class=\"alignleft size-large wp-image-5693\" title=\"Zerdabi-anim-\" src=\"http:\/\/www.zerdab.com\/wp-content\/uploads\/2012\/11\/Zerdabi-anim--1100x728.jpg\" alt=\"\" width=\"688\" height=\"455\" \/><\/a><\/p>\n","protected":false},"excerpt":{"rendered":"<p>Noyabr\u0131n 28-d\u0259 Az\u0259rbaycan M\u0259tbuat \u015euras\u0131nda milli m\u0259tbuat\u0131m\u0131z\u0131n banisi, dahi m\u00fct\u0259f\u0259kkir H\u0259s\u0259n b\u0259y Z\u0259rdabini an\u0131m m\u0259rasimi ke\u00e7irilib. T\u0259dbird\u0259 Z\u0259rdabi irsinin t\u0259dqiqat\u00e7\u0131lar\u0131, k\u00fctl\u0259vi informasiya vasit\u0259l\u0259rinin r\u0259hb\u0259rl\u0259ri v\u0259 ictimai xadiml\u0259r i\u015ftirak edibl\u0259r. M\u0259tbuat \u015euras\u0131ndan\u00a0www.zerdab.com sayt\u0131na veril\u0259n m\u0259lumata g\u00f6r\u0259, toplant\u0131n\u0131 giri\u015f s\u00f6z\u00fc il\u0259 a\u00e7an M\u015e s\u0259dri \u018fflatun Ama\u015fov bildirib ki, r\u0259hb\u0259ri oldu\u011fu qurum bir ne\u00e7\u0259 il \u0259vv\u0259l H\u0259s\u0259n b\u0259y [&hellip;]<\/p>\n","protected":false},"author":1,"featured_media":0,"comment_status":"open","ping_status":"open","sticky":false,"template":"","format":"standard","meta":{"footnotes":""},"categories":[21],"tags":[],"class_list":{"0":"post-5691","1":"post","2":"type-post","3":"status-publish","4":"format-standard","6":"category-zrdab"},"yoast_head":"<!-- This site is optimized with the Yoast SEO plugin v27.0 - https:\/\/yoast.com\/product\/yoast-seo-wordpress\/ -->\n<title>Mill\u0259t v\u0259kili: &quot;Z\u0259rdabi fenomeni x\u00fcsusi vur\u011fulanmal\u0131d\u0131r&quot; - Z\u0259rdab.com<\/title>\n<meta name=\"robots\" content=\"index, follow, max-snippet:-1, max-image-preview:large, max-video-preview:-1\" \/>\n<link rel=\"canonical\" href=\"https:\/\/www.zerdab.com\/?p=5691\" \/>\n<meta property=\"og:locale\" content=\"az_AZ\" \/>\n<meta property=\"og:type\" content=\"article\" \/>\n<meta property=\"og:title\" content=\"Mill\u0259t v\u0259kili: &quot;Z\u0259rdabi fenomeni x\u00fcsusi vur\u011fulanmal\u0131d\u0131r&quot; - Z\u0259rdab.com\" \/>\n<meta property=\"og:description\" content=\"Noyabr\u0131n 28-d\u0259 Az\u0259rbaycan M\u0259tbuat \u015euras\u0131nda milli m\u0259tbuat\u0131m\u0131z\u0131n banisi, dahi m\u00fct\u0259f\u0259kkir H\u0259s\u0259n b\u0259y Z\u0259rdabini an\u0131m m\u0259rasimi ke\u00e7irilib. T\u0259dbird\u0259 Z\u0259rdabi irsinin t\u0259dqiqat\u00e7\u0131lar\u0131, k\u00fctl\u0259vi informasiya vasit\u0259l\u0259rinin r\u0259hb\u0259rl\u0259ri v\u0259 ictimai xadiml\u0259r i\u015ftirak edibl\u0259r. M\u0259tbuat \u015euras\u0131ndan\u00a0www.zerdab.com sayt\u0131na veril\u0259n m\u0259lumata g\u00f6r\u0259, toplant\u0131n\u0131 giri\u015f s\u00f6z\u00fc il\u0259 a\u00e7an M\u015e s\u0259dri \u018fflatun Ama\u015fov bildirib ki, r\u0259hb\u0259ri oldu\u011fu qurum bir ne\u00e7\u0259 il \u0259vv\u0259l H\u0259s\u0259n b\u0259y [&hellip;]\" \/>\n<meta property=\"og:url\" content=\"https:\/\/www.zerdab.com\/?p=5691\" \/>\n<meta property=\"og:site_name\" content=\"Z\u0259rdab.com\" \/>\n<meta property=\"article:published_time\" content=\"2012-11-28T13:36:07+00:00\" \/>\n<meta property=\"article:modified_time\" content=\"2012-11-28T13:39:35+00:00\" \/>\n<meta property=\"og:image\" content=\"http:\/\/www.zerdab.com\/wp-content\/uploads\/2012\/11\/Zerdabi-anim-350x231.jpg\" \/>\n<meta name=\"author\" content=\"admin\" \/>\n<meta name=\"twitter:card\" content=\"summary_large_image\" \/>\n<meta name=\"twitter:label1\" content=\"Written by\" \/>\n\t<meta name=\"twitter:data1\" content=\"admin\" \/>\n\t<meta name=\"twitter:label2\" content=\"Est. reading time\" \/>\n\t<meta name=\"twitter:data2\" content=\"10 minutes\" \/>\n<script type=\"application\/ld+json\" class=\"yoast-schema-graph\">{\"@context\":\"https:\/\/schema.org\",\"@graph\":[{\"@type\":\"Article\",\"@id\":\"https:\/\/www.zerdab.com\/?p=5691#article\",\"isPartOf\":{\"@id\":\"https:\/\/www.zerdab.com\/?p=5691\"},\"author\":{\"name\":\"admin\",\"@id\":\"https:\/\/www.zerdab.com\/#\/schema\/person\/97079b7570c1e89ec0d9e138c3672136\"},\"headline\":\"Mill\u0259t v\u0259kili: &#8220;Z\u0259rdabi fenomeni x\u00fcsusi vur\u011fulanmal\u0131d\u0131r&#8221;\",\"datePublished\":\"2012-11-28T13:36:07+00:00\",\"dateModified\":\"2012-11-28T13:39:35+00:00\",\"mainEntityOfPage\":{\"@id\":\"https:\/\/www.zerdab.com\/?p=5691\"},\"wordCount\":1956,\"commentCount\":0,\"image\":{\"@id\":\"https:\/\/www.zerdab.com\/?p=5691#primaryimage\"},\"thumbnailUrl\":\"http:\/\/www.zerdab.com\/wp-content\/uploads\/2012\/11\/Zerdabi-anim-350x231.jpg\",\"articleSection\":[\"C\u018fM\u0130YY\u018fT\"],\"inLanguage\":\"az\",\"potentialAction\":[{\"@type\":\"CommentAction\",\"name\":\"Comment\",\"target\":[\"https:\/\/www.zerdab.com\/?p=5691#respond\"]}]},{\"@type\":\"WebPage\",\"@id\":\"https:\/\/www.zerdab.com\/?p=5691\",\"url\":\"https:\/\/www.zerdab.com\/?p=5691\",\"name\":\"Mill\u0259t v\u0259kili: \\\"Z\u0259rdabi fenomeni x\u00fcsusi vur\u011fulanmal\u0131d\u0131r\\\" - Z\u0259rdab.com\",\"isPartOf\":{\"@id\":\"https:\/\/www.zerdab.com\/#website\"},\"primaryImageOfPage\":{\"@id\":\"https:\/\/www.zerdab.com\/?p=5691#primaryimage\"},\"image\":{\"@id\":\"https:\/\/www.zerdab.com\/?p=5691#primaryimage\"},\"thumbnailUrl\":\"http:\/\/www.zerdab.com\/wp-content\/uploads\/2012\/11\/Zerdabi-anim-350x231.jpg\",\"datePublished\":\"2012-11-28T13:36:07+00:00\",\"dateModified\":\"2012-11-28T13:39:35+00:00\",\"author\":{\"@id\":\"https:\/\/www.zerdab.com\/#\/schema\/person\/97079b7570c1e89ec0d9e138c3672136\"},\"breadcrumb\":{\"@id\":\"https:\/\/www.zerdab.com\/?p=5691#breadcrumb\"},\"inLanguage\":\"az\",\"potentialAction\":[{\"@type\":\"ReadAction\",\"target\":[\"https:\/\/www.zerdab.com\/?p=5691\"]}]},{\"@type\":\"ImageObject\",\"inLanguage\":\"az\",\"@id\":\"https:\/\/www.zerdab.com\/?p=5691#primaryimage\",\"url\":\"\",\"contentUrl\":\"\"},{\"@type\":\"BreadcrumbList\",\"@id\":\"https:\/\/www.zerdab.com\/?p=5691#breadcrumb\",\"itemListElement\":[{\"@type\":\"ListItem\",\"position\":1,\"name\":\"Home\",\"item\":\"https:\/\/www.zerdab.com\/\"},{\"@type\":\"ListItem\",\"position\":2,\"name\":\"Mill\u0259t v\u0259kili: &#8220;Z\u0259rdabi fenomeni x\u00fcsusi vur\u011fulanmal\u0131d\u0131r&#8221;\"}]},{\"@type\":\"WebSite\",\"@id\":\"https:\/\/www.zerdab.com\/#website\",\"url\":\"https:\/\/www.zerdab.com\/\",\"name\":\"Z\u0259rdab.com\",\"description\":\"\",\"potentialAction\":[{\"@type\":\"SearchAction\",\"target\":{\"@type\":\"EntryPoint\",\"urlTemplate\":\"https:\/\/www.zerdab.com\/?s={search_term_string}\"},\"query-input\":{\"@type\":\"PropertyValueSpecification\",\"valueRequired\":true,\"valueName\":\"search_term_string\"}}],\"inLanguage\":\"az\"},{\"@type\":\"Person\",\"@id\":\"https:\/\/www.zerdab.com\/#\/schema\/person\/97079b7570c1e89ec0d9e138c3672136\",\"name\":\"admin\",\"image\":{\"@type\":\"ImageObject\",\"inLanguage\":\"az\",\"@id\":\"https:\/\/www.zerdab.com\/#\/schema\/person\/image\/\",\"url\":\"https:\/\/secure.gravatar.com\/avatar\/d9c52a9a27c32119cb6679a077fa3e2779e5f822c451cbf01098004361d466ec?s=96&d=mm&r=g\",\"contentUrl\":\"https:\/\/secure.gravatar.com\/avatar\/d9c52a9a27c32119cb6679a077fa3e2779e5f822c451cbf01098004361d466ec?s=96&d=mm&r=g\",\"caption\":\"admin\"},\"url\":\"https:\/\/www.zerdab.com\/?author=1\"}]}<\/script>\n<!-- \/ Yoast SEO plugin. -->","yoast_head_json":{"title":"Mill\u0259t v\u0259kili: \"Z\u0259rdabi fenomeni x\u00fcsusi vur\u011fulanmal\u0131d\u0131r\" - Z\u0259rdab.com","robots":{"index":"index","follow":"follow","max-snippet":"max-snippet:-1","max-image-preview":"max-image-preview:large","max-video-preview":"max-video-preview:-1"},"canonical":"https:\/\/www.zerdab.com\/?p=5691","og_locale":"az_AZ","og_type":"article","og_title":"Mill\u0259t v\u0259kili: \"Z\u0259rdabi fenomeni x\u00fcsusi vur\u011fulanmal\u0131d\u0131r\" - Z\u0259rdab.com","og_description":"Noyabr\u0131n 28-d\u0259 Az\u0259rbaycan M\u0259tbuat \u015euras\u0131nda milli m\u0259tbuat\u0131m\u0131z\u0131n banisi, dahi m\u00fct\u0259f\u0259kkir H\u0259s\u0259n b\u0259y Z\u0259rdabini an\u0131m m\u0259rasimi ke\u00e7irilib. T\u0259dbird\u0259 Z\u0259rdabi irsinin t\u0259dqiqat\u00e7\u0131lar\u0131, k\u00fctl\u0259vi informasiya vasit\u0259l\u0259rinin r\u0259hb\u0259rl\u0259ri v\u0259 ictimai xadiml\u0259r i\u015ftirak edibl\u0259r. M\u0259tbuat \u015euras\u0131ndan\u00a0www.zerdab.com sayt\u0131na veril\u0259n m\u0259lumata g\u00f6r\u0259, toplant\u0131n\u0131 giri\u015f s\u00f6z\u00fc il\u0259 a\u00e7an M\u015e s\u0259dri \u018fflatun Ama\u015fov bildirib ki, r\u0259hb\u0259ri oldu\u011fu qurum bir ne\u00e7\u0259 il \u0259vv\u0259l H\u0259s\u0259n b\u0259y [&hellip;]","og_url":"https:\/\/www.zerdab.com\/?p=5691","og_site_name":"Z\u0259rdab.com","article_published_time":"2012-11-28T13:36:07+00:00","article_modified_time":"2012-11-28T13:39:35+00:00","og_image":[{"url":"http:\/\/www.zerdab.com\/wp-content\/uploads\/2012\/11\/Zerdabi-anim-350x231.jpg","type":"","width":"","height":""}],"author":"admin","twitter_card":"summary_large_image","twitter_misc":{"Written by":"admin","Est. reading time":"10 minutes"},"schema":{"@context":"https:\/\/schema.org","@graph":[{"@type":"Article","@id":"https:\/\/www.zerdab.com\/?p=5691#article","isPartOf":{"@id":"https:\/\/www.zerdab.com\/?p=5691"},"author":{"name":"admin","@id":"https:\/\/www.zerdab.com\/#\/schema\/person\/97079b7570c1e89ec0d9e138c3672136"},"headline":"Mill\u0259t v\u0259kili: &#8220;Z\u0259rdabi fenomeni x\u00fcsusi vur\u011fulanmal\u0131d\u0131r&#8221;","datePublished":"2012-11-28T13:36:07+00:00","dateModified":"2012-11-28T13:39:35+00:00","mainEntityOfPage":{"@id":"https:\/\/www.zerdab.com\/?p=5691"},"wordCount":1956,"commentCount":0,"image":{"@id":"https:\/\/www.zerdab.com\/?p=5691#primaryimage"},"thumbnailUrl":"http:\/\/www.zerdab.com\/wp-content\/uploads\/2012\/11\/Zerdabi-anim-350x231.jpg","articleSection":["C\u018fM\u0130YY\u018fT"],"inLanguage":"az","potentialAction":[{"@type":"CommentAction","name":"Comment","target":["https:\/\/www.zerdab.com\/?p=5691#respond"]}]},{"@type":"WebPage","@id":"https:\/\/www.zerdab.com\/?p=5691","url":"https:\/\/www.zerdab.com\/?p=5691","name":"Mill\u0259t v\u0259kili: \"Z\u0259rdabi fenomeni x\u00fcsusi vur\u011fulanmal\u0131d\u0131r\" - Z\u0259rdab.com","isPartOf":{"@id":"https:\/\/www.zerdab.com\/#website"},"primaryImageOfPage":{"@id":"https:\/\/www.zerdab.com\/?p=5691#primaryimage"},"image":{"@id":"https:\/\/www.zerdab.com\/?p=5691#primaryimage"},"thumbnailUrl":"http:\/\/www.zerdab.com\/wp-content\/uploads\/2012\/11\/Zerdabi-anim-350x231.jpg","datePublished":"2012-11-28T13:36:07+00:00","dateModified":"2012-11-28T13:39:35+00:00","author":{"@id":"https:\/\/www.zerdab.com\/#\/schema\/person\/97079b7570c1e89ec0d9e138c3672136"},"breadcrumb":{"@id":"https:\/\/www.zerdab.com\/?p=5691#breadcrumb"},"inLanguage":"az","potentialAction":[{"@type":"ReadAction","target":["https:\/\/www.zerdab.com\/?p=5691"]}]},{"@type":"ImageObject","inLanguage":"az","@id":"https:\/\/www.zerdab.com\/?p=5691#primaryimage","url":"","contentUrl":""},{"@type":"BreadcrumbList","@id":"https:\/\/www.zerdab.com\/?p=5691#breadcrumb","itemListElement":[{"@type":"ListItem","position":1,"name":"Home","item":"https:\/\/www.zerdab.com\/"},{"@type":"ListItem","position":2,"name":"Mill\u0259t v\u0259kili: &#8220;Z\u0259rdabi fenomeni x\u00fcsusi vur\u011fulanmal\u0131d\u0131r&#8221;"}]},{"@type":"WebSite","@id":"https:\/\/www.zerdab.com\/#website","url":"https:\/\/www.zerdab.com\/","name":"Z\u0259rdab.com","description":"","potentialAction":[{"@type":"SearchAction","target":{"@type":"EntryPoint","urlTemplate":"https:\/\/www.zerdab.com\/?s={search_term_string}"},"query-input":{"@type":"PropertyValueSpecification","valueRequired":true,"valueName":"search_term_string"}}],"inLanguage":"az"},{"@type":"Person","@id":"https:\/\/www.zerdab.com\/#\/schema\/person\/97079b7570c1e89ec0d9e138c3672136","name":"admin","image":{"@type":"ImageObject","inLanguage":"az","@id":"https:\/\/www.zerdab.com\/#\/schema\/person\/image\/","url":"https:\/\/secure.gravatar.com\/avatar\/d9c52a9a27c32119cb6679a077fa3e2779e5f822c451cbf01098004361d466ec?s=96&d=mm&r=g","contentUrl":"https:\/\/secure.gravatar.com\/avatar\/d9c52a9a27c32119cb6679a077fa3e2779e5f822c451cbf01098004361d466ec?s=96&d=mm&r=g","caption":"admin"},"url":"https:\/\/www.zerdab.com\/?author=1"}]}},"_links":{"self":[{"href":"https:\/\/www.zerdab.com\/index.php?rest_route=\/wp\/v2\/posts\/5691","targetHints":{"allow":["GET"]}}],"collection":[{"href":"https:\/\/www.zerdab.com\/index.php?rest_route=\/wp\/v2\/posts"}],"about":[{"href":"https:\/\/www.zerdab.com\/index.php?rest_route=\/wp\/v2\/types\/post"}],"author":[{"embeddable":true,"href":"https:\/\/www.zerdab.com\/index.php?rest_route=\/wp\/v2\/users\/1"}],"replies":[{"embeddable":true,"href":"https:\/\/www.zerdab.com\/index.php?rest_route=%2Fwp%2Fv2%2Fcomments&post=5691"}],"version-history":[{"count":3,"href":"https:\/\/www.zerdab.com\/index.php?rest_route=\/wp\/v2\/posts\/5691\/revisions"}],"predecessor-version":[{"id":5695,"href":"https:\/\/www.zerdab.com\/index.php?rest_route=\/wp\/v2\/posts\/5691\/revisions\/5695"}],"wp:attachment":[{"href":"https:\/\/www.zerdab.com\/index.php?rest_route=%2Fwp%2Fv2%2Fmedia&parent=5691"}],"wp:term":[{"taxonomy":"category","embeddable":true,"href":"https:\/\/www.zerdab.com\/index.php?rest_route=%2Fwp%2Fv2%2Fcategories&post=5691"},{"taxonomy":"post_tag","embeddable":true,"href":"https:\/\/www.zerdab.com\/index.php?rest_route=%2Fwp%2Fv2%2Ftags&post=5691"}],"curies":[{"name":"wp","href":"https:\/\/api.w.org\/{rel}","templated":true}]}}