{"id":5720,"date":"2012-11-29T15:47:43","date_gmt":"2012-11-29T11:47:43","guid":{"rendered":"http:\/\/www.zerdab.com\/?p=5720"},"modified":"2012-11-29T15:52:35","modified_gmt":"2012-11-29T11:52:35","slug":"z%c9%99rdabda-veteranlar-surasinin-konfransi-kecirilib-fotolar","status":"publish","type":"post","link":"https:\/\/www.zerdab.com\/?p=5720","title":{"rendered":"Z\u0259rdabda Veteranlar \u015euras\u0131n\u0131n konfrans\u0131 ke\u00e7irilib &#8211; fotolar"},"content":{"rendered":"<p><a href=\"http:\/\/www.zerdab.com\/wp-content\/uploads\/2012\/11\/Zerdab_veteranlar2.jpg\"><img loading=\"lazy\" decoding=\"async\" class=\"alignleft size-thumbnail wp-image-5721\" title=\"Z\u0259rdab_veteranlar\" src=\"http:\/\/www.zerdab.com\/wp-content\/uploads\/2012\/11\/Zerdab_veteranlar2-200x200.jpg\" alt=\"\" width=\"200\" height=\"200\" \/><\/a>Noyabr\u0131n 29-da Z\u0259rdab Rayon \u0130cra Hakimiyy\u0259tinin iclas zal\u0131nda Z\u0259rdab Rayon M\u00fcharib\u0259, \u018fm\u0259k, Silahl\u0131 Q\u00fcvv\u0259l\u0259r v\u0259 H\u00fcquq M\u00fchafiz\u0259 Orqanlar\u0131 Veteranlar\u0131 \u015euras\u0131n\u0131n IX konfrans\u0131 ke\u00e7irilib. <strong>Z\u0259rdab Rayon \u0130HBA-n\u0131n informasiya t\u0259minat\u0131 v\u0259 t\u0259hlil sektorundan <a href=\"http:\/\/www.zerdab.com\/\">www.zerdab.com<\/a> sayt\u0131na veril\u0259n m\u0259lumata g\u00f6r\u0259<\/strong><strong>, k<\/strong>onfrans a\u00e7\u0131q elan edildikd\u0259n sonra Az\u0259rbaycan xalq\u0131n\u0131n \u00fcmummilli lideri, m\u00fcst\u0259qil Az\u0259rbaycan d\u00f6vl\u0259tinin qurucusu v\u0259 memar\u0131 Heyd\u0259r \u018fliyevin v\u0259 v\u0259fat etmi\u015f m\u00fcharib\u0259 veteranlar\u0131n\u0131n \u0259ziz xatir\u0259l\u0259ri bir d\u0259qiq\u0259lik s\u00fckutla yad edilib. Konfrans\u0131n i\u015f\u00e7i hey\u0259ti se\u00e7ildikd\u0259n sonra Veteranlar \u015euras\u0131n\u0131n s\u0259dri H\u00fcseyn H\u0259s\u0259novun hesabat m\u0259ruz\u0259si dinl\u0259nilib. M\u0259ruz\u0259d\u0259 qeyd edilib ki, \u00a0Az\u0259rbaycan Respublikas\u0131 M\u00fcharib\u0259, \u018fm\u0259k, Silahl\u0131 Q\u00fcvv\u0259l\u0259r v\u0259 H\u00fcquq M\u00fchafiz\u0259 Orqanlar\u0131 Veteranlar\u0131 \u015euras\u0131n\u0131n r\u0259hb\u0259rliyi alt\u0131nda f\u0259aliyy\u0259t g\u00f6st\u0259r\u0259n rayon \u015furas\u0131 \u00f6z i\u015find\u0259 Az\u0259rbaycan Respublikas\u0131n\u0131n Konstitusiyas\u0131n\u0131, \u201cVeteranlar haqq\u0131nda\u201d Az\u0259rbaycan Respublikas\u0131n\u0131n Qanununu, dig\u0259r normativ h\u00fcquqi aktlar\u0131 \u0259sas tutur. Respublikam\u0131z\u0131n h\u0259r yerind\u0259 oldu\u011fu kimi, Z\u0259rdab rayonunda da m\u00fcharib\u0259 veteranlar\u0131n\u0131n sosial m\u00fcdafi\u0259si g\u00fcnd\u0259n-g\u00fcn\u0259 g\u00fccl\u0259ndirilir. Hesabat ilinin 7 oktyabr\u0131nda Ali Ba\u015f Komandan c\u0259nab Prezident \u0130lham \u018fliyevin rayona s\u0259f\u0259ri \u00e7\u0259r\u00e7iv\u0259sind\u0259 Heyd\u0259r \u018fliyev park\u0131nda in\u015fa olunmu\u015f Veteranlar Evind\u0259 yarad\u0131lm\u0131\u015f \u015f\u0259raitl\u0259 tan\u0131\u015f olmas\u0131 v\u0259 Veteranlar Evinin istifad\u0259y\u0259 verilm\u0259si veteranlar t\u0259r\u0259find\u0259n h\u0259dsiz sevincl\u0259 qar\u015f\u0131lan\u0131b. \u00d6lk\u0259 Prezidenti t\u0259r\u0259find\u0259n m\u00fcharib\u0259 veteranlar\u0131na v\u0259 sonradan v\u0259fat etmi\u015f veteranlar\u0131n dul arvadlar\u0131na g\u00f6st\u0259ril\u0259n diqq\u0259t v\u0259 qay\u011f\u0131 y\u00fcks\u0259k minn\u0259tdarl\u0131q hissi il\u0259 qar\u015f\u0131lan\u0131b. Daha sonra m\u0259ruz\u0259 \u0259traf\u0131nda B\u00f6y\u00fck V\u0259t\u0259n M\u00fcharib\u0259si veteran\u0131 Muradal\u0131 Heyd\u0259rov, \u0259m\u0259k veteran\u0131 C\u0259mil Cavadov v\u0259 \u201c\u018fkin\u00e7i\u201d q\u0259zetinin redaktoru \u0130sam\u0259ddin \u018fhm\u0259dov \u00e7\u0131x\u0131\u015f ed\u0259r\u0259k \u00f6t\u0259n konfransdan ke\u00e7\u0259n d\u00f6vr \u0259rzind\u0259 rayon veteranlar \u015furas\u0131n\u0131n g\u00f6rd\u00fcy\u00fc i\u015fl\u0259rd\u0259n dan\u0131\u015f\u0131b, bir s\u0131ra d\u0259y\u0259rli t\u0259klifl\u0259r s\u0259sl\u0259ndiribl\u0259r. Sonra rayon veteranlar \u015furas\u0131n\u0131n plenumunun yeni 9 n\u0259f\u0259rd\u0259n ibar\u0259t t\u0259rkibi, n\u0259zar\u0259t-t\u0259fti\u015f komissiyas\u0131 se\u00e7ilib. H\u0259s\u0259nov H\u00fcseyn D\u0259mir o\u011flu yenid\u0259n Z\u0259rdab Rayon M\u00fcharib\u0259, \u018fm\u0259k, Silahl\u0131 Q\u00fcvv\u0259l\u0259r v\u0259 H\u00fcquq M\u00fchafiz\u0259 Orqanlar\u0131 Veteranlar\u0131 \u015euras\u0131n\u0131n s\u0259dri se\u00e7ilib. Konfransda Az\u0259rbaycan Respublikas\u0131 M\u00fcharib\u0259, \u018fm\u0259k, Silahl\u0131 Q\u00fcvv\u0259l\u0259r v\u0259 H\u00fcquq M\u00fchafiz\u0259 Orqanlar\u0131 Veteranlar\u0131 \u015euras\u0131n\u0131n V Qurultay\u0131na 2 n\u0259f\u0259r n\u00fcmay\u0259nd\u0259 se\u00e7ilib.\u00a0Rayon \u0130cra Hakimiyy\u0259ti Ba\u015f\u00e7\u0131s\u0131n\u0131n birinci m\u00fcavini Allahverdi S\u0259f\u0259rov konfransda i\u015ftirak v\u0259 \u00e7\u0131x\u0131\u015f edib. Sonda \u00f6lk\u0259 Prezidenti c\u0259nab \u0130lham \u018fliyev\u0259 m\u00fcraci\u0259t q\u0259bul olunub.<\/p>\n<p><a href=\"http:\/\/www.zerdab.com\/wp-content\/uploads\/2012\/11\/Zerdab_veteranlar.jpg\"><img loading=\"lazy\" decoding=\"async\" class=\"alignleft size-medium wp-image-5723\" title=\"Zerdab_veteranlar\" src=\"http:\/\/www.zerdab.com\/wp-content\/uploads\/2012\/11\/Zerdab_veteranlar-350x262.jpg\" alt=\"\" width=\"350\" height=\"262\" \/><\/a><\/p>\n<p>&nbsp;<\/p>\n<p>&nbsp;<\/p>\n<p>&nbsp;<\/p>\n<p>&nbsp;<\/p>\n<p>&nbsp;<\/p>\n<p><a href=\"http:\/\/www.zerdab.com\/wp-content\/uploads\/2012\/11\/Zerdab_veteranlar3.jpg\"><img loading=\"lazy\" decoding=\"async\" class=\"alignleft size-medium wp-image-5724\" title=\"Zerdab_veteranlar3\" src=\"http:\/\/www.zerdab.com\/wp-content\/uploads\/2012\/11\/Zerdab_veteranlar3-350x262.jpg\" alt=\"\" width=\"350\" height=\"262\" \/><\/a><\/p>\n<p>&nbsp;<\/p>\n<p>&nbsp;<\/p>\n<p>&nbsp;<\/p>\n<p>&nbsp;<\/p>\n<p>&nbsp;<\/p>\n<p>&nbsp;<\/p>\n<p>&nbsp;<\/p>\n<p><a href=\"http:\/\/www.zerdab.com\/wp-content\/uploads\/2012\/11\/Zerdab_veteranlar1.jpg\"><img loading=\"lazy\" decoding=\"async\" class=\"alignleft size-medium wp-image-5726\" title=\"Zerdab_veteranlar1\" src=\"http:\/\/www.zerdab.com\/wp-content\/uploads\/2012\/11\/Zerdab_veteranlar1-350x262.jpg\" alt=\"\" width=\"350\" height=\"262\" \/><\/a><\/p>\n","protected":false},"excerpt":{"rendered":"<p>Noyabr\u0131n 29-da Z\u0259rdab Rayon \u0130cra Hakimiyy\u0259tinin iclas zal\u0131nda Z\u0259rdab Rayon M\u00fcharib\u0259, \u018fm\u0259k, Silahl\u0131 Q\u00fcvv\u0259l\u0259r v\u0259 H\u00fcquq M\u00fchafiz\u0259 Orqanlar\u0131 Veteranlar\u0131 \u015euras\u0131n\u0131n IX konfrans\u0131 ke\u00e7irilib. Z\u0259rdab Rayon \u0130HBA-n\u0131n informasiya t\u0259minat\u0131 v\u0259 t\u0259hlil sektorundan www.zerdab.com sayt\u0131na veril\u0259n m\u0259lumata g\u00f6r\u0259, konfrans a\u00e7\u0131q elan edildikd\u0259n sonra Az\u0259rbaycan xalq\u0131n\u0131n \u00fcmummilli lideri, m\u00fcst\u0259qil Az\u0259rbaycan d\u00f6vl\u0259tinin qurucusu v\u0259 memar\u0131 Heyd\u0259r \u018fliyevin v\u0259 v\u0259fat [&hellip;]<\/p>\n","protected":false},"author":1,"featured_media":0,"comment_status":"open","ping_status":"open","sticky":false,"template":"","format":"standard","meta":{"footnotes":""},"categories":[21],"tags":[],"class_list":{"0":"post-5720","1":"post","2":"type-post","3":"status-publish","4":"format-standard","6":"category-zrdab"},"yoast_head":"<!-- This site is optimized with the Yoast SEO plugin v27.0 - https:\/\/yoast.com\/product\/yoast-seo-wordpress\/ -->\n<title>Z\u0259rdabda Veteranlar \u015euras\u0131n\u0131n konfrans\u0131 ke\u00e7irilib - fotolar - Z\u0259rdab.com<\/title>\n<meta name=\"robots\" content=\"index, follow, max-snippet:-1, max-image-preview:large, max-video-preview:-1\" \/>\n<link rel=\"canonical\" href=\"https:\/\/www.zerdab.com\/?p=5720\" \/>\n<meta property=\"og:locale\" content=\"az_AZ\" \/>\n<meta property=\"og:type\" content=\"article\" \/>\n<meta property=\"og:title\" content=\"Z\u0259rdabda Veteranlar \u015euras\u0131n\u0131n konfrans\u0131 ke\u00e7irilib - fotolar - Z\u0259rdab.com\" \/>\n<meta property=\"og:description\" content=\"Noyabr\u0131n 29-da Z\u0259rdab Rayon \u0130cra Hakimiyy\u0259tinin iclas zal\u0131nda Z\u0259rdab Rayon M\u00fcharib\u0259, \u018fm\u0259k, Silahl\u0131 Q\u00fcvv\u0259l\u0259r v\u0259 H\u00fcquq M\u00fchafiz\u0259 Orqanlar\u0131 Veteranlar\u0131 \u015euras\u0131n\u0131n IX konfrans\u0131 ke\u00e7irilib. Z\u0259rdab Rayon \u0130HBA-n\u0131n informasiya t\u0259minat\u0131 v\u0259 t\u0259hlil sektorundan www.zerdab.com sayt\u0131na veril\u0259n m\u0259lumata g\u00f6r\u0259, konfrans a\u00e7\u0131q elan edildikd\u0259n sonra Az\u0259rbaycan xalq\u0131n\u0131n \u00fcmummilli lideri, m\u00fcst\u0259qil Az\u0259rbaycan d\u00f6vl\u0259tinin qurucusu v\u0259 memar\u0131 Heyd\u0259r \u018fliyevin v\u0259 v\u0259fat [&hellip;]\" \/>\n<meta property=\"og:url\" content=\"https:\/\/www.zerdab.com\/?p=5720\" \/>\n<meta property=\"og:site_name\" content=\"Z\u0259rdab.com\" \/>\n<meta property=\"article:published_time\" content=\"2012-11-29T11:47:43+00:00\" \/>\n<meta property=\"article:modified_time\" content=\"2012-11-29T11:52:35+00:00\" \/>\n<meta property=\"og:image\" content=\"http:\/\/www.zerdab.com\/wp-content\/uploads\/2012\/11\/Zerdab_veteranlar2-200x200.jpg\" \/>\n<meta name=\"author\" content=\"admin\" \/>\n<meta name=\"twitter:card\" content=\"summary_large_image\" \/>\n<meta name=\"twitter:label1\" content=\"Written by\" \/>\n\t<meta name=\"twitter:data1\" content=\"admin\" \/>\n\t<meta name=\"twitter:label2\" content=\"Est. reading time\" \/>\n\t<meta name=\"twitter:data2\" content=\"3 minutes\" \/>\n<script type=\"application\/ld+json\" class=\"yoast-schema-graph\">{\"@context\":\"https:\/\/schema.org\",\"@graph\":[{\"@type\":\"Article\",\"@id\":\"https:\/\/www.zerdab.com\/?p=5720#article\",\"isPartOf\":{\"@id\":\"https:\/\/www.zerdab.com\/?p=5720\"},\"author\":{\"name\":\"admin\",\"@id\":\"https:\/\/www.zerdab.com\/#\/schema\/person\/97079b7570c1e89ec0d9e138c3672136\"},\"headline\":\"Z\u0259rdabda Veteranlar \u015euras\u0131n\u0131n konfrans\u0131 ke\u00e7irilib &#8211; fotolar\",\"datePublished\":\"2012-11-29T11:47:43+00:00\",\"dateModified\":\"2012-11-29T11:52:35+00:00\",\"mainEntityOfPage\":{\"@id\":\"https:\/\/www.zerdab.com\/?p=5720\"},\"wordCount\":551,\"commentCount\":1,\"image\":{\"@id\":\"https:\/\/www.zerdab.com\/?p=5720#primaryimage\"},\"thumbnailUrl\":\"http:\/\/www.zerdab.com\/wp-content\/uploads\/2012\/11\/Zerdab_veteranlar2-200x200.jpg\",\"articleSection\":[\"C\u018fM\u0130YY\u018fT\"],\"inLanguage\":\"az\",\"potentialAction\":[{\"@type\":\"CommentAction\",\"name\":\"Comment\",\"target\":[\"https:\/\/www.zerdab.com\/?p=5720#respond\"]}]},{\"@type\":\"WebPage\",\"@id\":\"https:\/\/www.zerdab.com\/?p=5720\",\"url\":\"https:\/\/www.zerdab.com\/?p=5720\",\"name\":\"Z\u0259rdabda Veteranlar \u015euras\u0131n\u0131n konfrans\u0131 ke\u00e7irilib - fotolar - Z\u0259rdab.com\",\"isPartOf\":{\"@id\":\"https:\/\/www.zerdab.com\/#website\"},\"primaryImageOfPage\":{\"@id\":\"https:\/\/www.zerdab.com\/?p=5720#primaryimage\"},\"image\":{\"@id\":\"https:\/\/www.zerdab.com\/?p=5720#primaryimage\"},\"thumbnailUrl\":\"http:\/\/www.zerdab.com\/wp-content\/uploads\/2012\/11\/Zerdab_veteranlar2-200x200.jpg\",\"datePublished\":\"2012-11-29T11:47:43+00:00\",\"dateModified\":\"2012-11-29T11:52:35+00:00\",\"author\":{\"@id\":\"https:\/\/www.zerdab.com\/#\/schema\/person\/97079b7570c1e89ec0d9e138c3672136\"},\"breadcrumb\":{\"@id\":\"https:\/\/www.zerdab.com\/?p=5720#breadcrumb\"},\"inLanguage\":\"az\",\"potentialAction\":[{\"@type\":\"ReadAction\",\"target\":[\"https:\/\/www.zerdab.com\/?p=5720\"]}]},{\"@type\":\"ImageObject\",\"inLanguage\":\"az\",\"@id\":\"https:\/\/www.zerdab.com\/?p=5720#primaryimage\",\"url\":\"\",\"contentUrl\":\"\"},{\"@type\":\"BreadcrumbList\",\"@id\":\"https:\/\/www.zerdab.com\/?p=5720#breadcrumb\",\"itemListElement\":[{\"@type\":\"ListItem\",\"position\":1,\"name\":\"Home\",\"item\":\"https:\/\/www.zerdab.com\/\"},{\"@type\":\"ListItem\",\"position\":2,\"name\":\"Z\u0259rdabda Veteranlar \u015euras\u0131n\u0131n konfrans\u0131 ke\u00e7irilib &#8211; fotolar\"}]},{\"@type\":\"WebSite\",\"@id\":\"https:\/\/www.zerdab.com\/#website\",\"url\":\"https:\/\/www.zerdab.com\/\",\"name\":\"Z\u0259rdab.com\",\"description\":\"\",\"potentialAction\":[{\"@type\":\"SearchAction\",\"target\":{\"@type\":\"EntryPoint\",\"urlTemplate\":\"https:\/\/www.zerdab.com\/?s={search_term_string}\"},\"query-input\":{\"@type\":\"PropertyValueSpecification\",\"valueRequired\":true,\"valueName\":\"search_term_string\"}}],\"inLanguage\":\"az\"},{\"@type\":\"Person\",\"@id\":\"https:\/\/www.zerdab.com\/#\/schema\/person\/97079b7570c1e89ec0d9e138c3672136\",\"name\":\"admin\",\"image\":{\"@type\":\"ImageObject\",\"inLanguage\":\"az\",\"@id\":\"https:\/\/www.zerdab.com\/#\/schema\/person\/image\/\",\"url\":\"https:\/\/secure.gravatar.com\/avatar\/d9c52a9a27c32119cb6679a077fa3e2779e5f822c451cbf01098004361d466ec?s=96&d=mm&r=g\",\"contentUrl\":\"https:\/\/secure.gravatar.com\/avatar\/d9c52a9a27c32119cb6679a077fa3e2779e5f822c451cbf01098004361d466ec?s=96&d=mm&r=g\",\"caption\":\"admin\"},\"url\":\"https:\/\/www.zerdab.com\/?author=1\"}]}<\/script>\n<!-- \/ Yoast SEO plugin. -->","yoast_head_json":{"title":"Z\u0259rdabda Veteranlar \u015euras\u0131n\u0131n konfrans\u0131 ke\u00e7irilib - fotolar - Z\u0259rdab.com","robots":{"index":"index","follow":"follow","max-snippet":"max-snippet:-1","max-image-preview":"max-image-preview:large","max-video-preview":"max-video-preview:-1"},"canonical":"https:\/\/www.zerdab.com\/?p=5720","og_locale":"az_AZ","og_type":"article","og_title":"Z\u0259rdabda Veteranlar \u015euras\u0131n\u0131n konfrans\u0131 ke\u00e7irilib - fotolar - Z\u0259rdab.com","og_description":"Noyabr\u0131n 29-da Z\u0259rdab Rayon \u0130cra Hakimiyy\u0259tinin iclas zal\u0131nda Z\u0259rdab Rayon M\u00fcharib\u0259, \u018fm\u0259k, Silahl\u0131 Q\u00fcvv\u0259l\u0259r v\u0259 H\u00fcquq M\u00fchafiz\u0259 Orqanlar\u0131 Veteranlar\u0131 \u015euras\u0131n\u0131n IX konfrans\u0131 ke\u00e7irilib. Z\u0259rdab Rayon \u0130HBA-n\u0131n informasiya t\u0259minat\u0131 v\u0259 t\u0259hlil sektorundan www.zerdab.com sayt\u0131na veril\u0259n m\u0259lumata g\u00f6r\u0259, konfrans a\u00e7\u0131q elan edildikd\u0259n sonra Az\u0259rbaycan xalq\u0131n\u0131n \u00fcmummilli lideri, m\u00fcst\u0259qil Az\u0259rbaycan d\u00f6vl\u0259tinin qurucusu v\u0259 memar\u0131 Heyd\u0259r \u018fliyevin v\u0259 v\u0259fat [&hellip;]","og_url":"https:\/\/www.zerdab.com\/?p=5720","og_site_name":"Z\u0259rdab.com","article_published_time":"2012-11-29T11:47:43+00:00","article_modified_time":"2012-11-29T11:52:35+00:00","og_image":[{"url":"http:\/\/www.zerdab.com\/wp-content\/uploads\/2012\/11\/Zerdab_veteranlar2-200x200.jpg","type":"","width":"","height":""}],"author":"admin","twitter_card":"summary_large_image","twitter_misc":{"Written by":"admin","Est. reading time":"3 minutes"},"schema":{"@context":"https:\/\/schema.org","@graph":[{"@type":"Article","@id":"https:\/\/www.zerdab.com\/?p=5720#article","isPartOf":{"@id":"https:\/\/www.zerdab.com\/?p=5720"},"author":{"name":"admin","@id":"https:\/\/www.zerdab.com\/#\/schema\/person\/97079b7570c1e89ec0d9e138c3672136"},"headline":"Z\u0259rdabda Veteranlar \u015euras\u0131n\u0131n konfrans\u0131 ke\u00e7irilib &#8211; fotolar","datePublished":"2012-11-29T11:47:43+00:00","dateModified":"2012-11-29T11:52:35+00:00","mainEntityOfPage":{"@id":"https:\/\/www.zerdab.com\/?p=5720"},"wordCount":551,"commentCount":1,"image":{"@id":"https:\/\/www.zerdab.com\/?p=5720#primaryimage"},"thumbnailUrl":"http:\/\/www.zerdab.com\/wp-content\/uploads\/2012\/11\/Zerdab_veteranlar2-200x200.jpg","articleSection":["C\u018fM\u0130YY\u018fT"],"inLanguage":"az","potentialAction":[{"@type":"CommentAction","name":"Comment","target":["https:\/\/www.zerdab.com\/?p=5720#respond"]}]},{"@type":"WebPage","@id":"https:\/\/www.zerdab.com\/?p=5720","url":"https:\/\/www.zerdab.com\/?p=5720","name":"Z\u0259rdabda Veteranlar \u015euras\u0131n\u0131n konfrans\u0131 ke\u00e7irilib - fotolar - Z\u0259rdab.com","isPartOf":{"@id":"https:\/\/www.zerdab.com\/#website"},"primaryImageOfPage":{"@id":"https:\/\/www.zerdab.com\/?p=5720#primaryimage"},"image":{"@id":"https:\/\/www.zerdab.com\/?p=5720#primaryimage"},"thumbnailUrl":"http:\/\/www.zerdab.com\/wp-content\/uploads\/2012\/11\/Zerdab_veteranlar2-200x200.jpg","datePublished":"2012-11-29T11:47:43+00:00","dateModified":"2012-11-29T11:52:35+00:00","author":{"@id":"https:\/\/www.zerdab.com\/#\/schema\/person\/97079b7570c1e89ec0d9e138c3672136"},"breadcrumb":{"@id":"https:\/\/www.zerdab.com\/?p=5720#breadcrumb"},"inLanguage":"az","potentialAction":[{"@type":"ReadAction","target":["https:\/\/www.zerdab.com\/?p=5720"]}]},{"@type":"ImageObject","inLanguage":"az","@id":"https:\/\/www.zerdab.com\/?p=5720#primaryimage","url":"","contentUrl":""},{"@type":"BreadcrumbList","@id":"https:\/\/www.zerdab.com\/?p=5720#breadcrumb","itemListElement":[{"@type":"ListItem","position":1,"name":"Home","item":"https:\/\/www.zerdab.com\/"},{"@type":"ListItem","position":2,"name":"Z\u0259rdabda Veteranlar \u015euras\u0131n\u0131n konfrans\u0131 ke\u00e7irilib &#8211; fotolar"}]},{"@type":"WebSite","@id":"https:\/\/www.zerdab.com\/#website","url":"https:\/\/www.zerdab.com\/","name":"Z\u0259rdab.com","description":"","potentialAction":[{"@type":"SearchAction","target":{"@type":"EntryPoint","urlTemplate":"https:\/\/www.zerdab.com\/?s={search_term_string}"},"query-input":{"@type":"PropertyValueSpecification","valueRequired":true,"valueName":"search_term_string"}}],"inLanguage":"az"},{"@type":"Person","@id":"https:\/\/www.zerdab.com\/#\/schema\/person\/97079b7570c1e89ec0d9e138c3672136","name":"admin","image":{"@type":"ImageObject","inLanguage":"az","@id":"https:\/\/www.zerdab.com\/#\/schema\/person\/image\/","url":"https:\/\/secure.gravatar.com\/avatar\/d9c52a9a27c32119cb6679a077fa3e2779e5f822c451cbf01098004361d466ec?s=96&d=mm&r=g","contentUrl":"https:\/\/secure.gravatar.com\/avatar\/d9c52a9a27c32119cb6679a077fa3e2779e5f822c451cbf01098004361d466ec?s=96&d=mm&r=g","caption":"admin"},"url":"https:\/\/www.zerdab.com\/?author=1"}]}},"_links":{"self":[{"href":"https:\/\/www.zerdab.com\/index.php?rest_route=\/wp\/v2\/posts\/5720","targetHints":{"allow":["GET"]}}],"collection":[{"href":"https:\/\/www.zerdab.com\/index.php?rest_route=\/wp\/v2\/posts"}],"about":[{"href":"https:\/\/www.zerdab.com\/index.php?rest_route=\/wp\/v2\/types\/post"}],"author":[{"embeddable":true,"href":"https:\/\/www.zerdab.com\/index.php?rest_route=\/wp\/v2\/users\/1"}],"replies":[{"embeddable":true,"href":"https:\/\/www.zerdab.com\/index.php?rest_route=%2Fwp%2Fv2%2Fcomments&post=5720"}],"version-history":[{"count":3,"href":"https:\/\/www.zerdab.com\/index.php?rest_route=\/wp\/v2\/posts\/5720\/revisions"}],"predecessor-version":[{"id":5725,"href":"https:\/\/www.zerdab.com\/index.php?rest_route=\/wp\/v2\/posts\/5720\/revisions\/5725"}],"wp:attachment":[{"href":"https:\/\/www.zerdab.com\/index.php?rest_route=%2Fwp%2Fv2%2Fmedia&parent=5720"}],"wp:term":[{"taxonomy":"category","embeddable":true,"href":"https:\/\/www.zerdab.com\/index.php?rest_route=%2Fwp%2Fv2%2Fcategories&post=5720"},{"taxonomy":"post_tag","embeddable":true,"href":"https:\/\/www.zerdab.com\/index.php?rest_route=%2Fwp%2Fv2%2Ftags&post=5720"}],"curies":[{"name":"wp","href":"https:\/\/api.w.org\/{rel}","templated":true}]}}