{"id":5728,"date":"2012-11-29T16:25:29","date_gmt":"2012-11-29T12:25:29","guid":{"rendered":"http:\/\/www.zerdab.com\/?p=5728"},"modified":"2012-11-29T16:27:12","modified_gmt":"2012-11-29T12:27:12","slug":"kitablarim-fotolarim-k%c9%99ndd%c9%99-qaldi","status":"publish","type":"post","link":"https:\/\/www.zerdab.com\/?p=5728","title":{"rendered":"Kitablar\u0131m, fotolar\u0131m k\u0259ndd\u0259 qald\u0131&#8230;"},"content":{"rendered":"<p>\u018fslind\u0259, uzun zaman beynimd\u0259 dola\u015fan bu yaz\u0131n\u0131n indi ortaya \u00e7\u0131xmas\u0131na \u0259sas s\u0259b\u0259b \u015fair Mahir Mehdinin bu g\u00fcnl\u0259rd\u0259 kulis.az-da yay\u0131lan \u201cFoto\u201d \u015feiri oldu.<\/p>\n<p><strong>Fotolar g\u00f6r\u0259 bilm\u0259dikl\u0259rimizi<\/strong><br \/>\n<strong>Y\u0131\u011f\u0131r bir yer\u0259,<br \/>\ngizl\u0259yir \u00f6z\u00fcnd\u0259 &#8211;<br \/>\no biri \u00fcz\u00fcnd\u0259. (Mahir Mehdi)\u00a0<\/strong><\/p>\n<p>Ger\u00e7\u0259kd\u0259n bel\u0259dir. V\u0259 zaman ke\u00e7dikc\u0259 biz bu \u015f\u0259kill\u0259rd\u0259 daha \u00e7ox \u015feyl\u0259r g\u00f6rm\u0259y\u0259 ba\u015flay\u0131r\u0131q.<\/p>\n<p>&#8211; Niy\u0259 m\u00fcharib\u0259d\u0259 \u015f\u0259kil \u00e7\u0259kdirm\u0259misiniz?<\/p>\n<p>&#8211; Biz m\u00fcharib\u0259y\u0259 \u015f\u0259kil \u00e7\u0259kdirm\u0259y\u0259mi getmi\u015fdik?<\/p>\n<p>Bu dialoq bir qolunu Qaraba\u011f m\u00fcharib\u0259sind\u0259 itirmi\u015f Rafiql\u0259 jurnalist o\u011flan aras\u0131nda olmu\u015fdu. Lap \u00e7oxdan, hardasa 1995-1996-c\u0131 ill\u0259rd\u0259&#8230; O vaxtlar h\u0259l\u0259 \u00e7oxunun he\u00e7 c\u0259bh\u0259d\u0259 ald\u0131\u011f\u0131 yaralar sa\u011falmam\u0131\u015fd\u0131. O vaxtlar h\u0259l\u0259 m\u0259\u011flubiyy\u0259timizin \u015fokundan, ac\u0131s\u0131ndan ay\u0131lmam\u0131\u015fd\u0131q. H\u0259l\u0259 m\u00fcharib\u0259d\u0259n dan\u0131\u015fma\u011fa utan\u0131rd\u0131q v\u0259 bu s\u0259b\u0259bl\u0259rd\u0259n o vaxtlar biz\u0259 m\u00fcharib\u0259 fotolar\u0131 laz\u0131m olmurdu&#8230;<\/p>\n<p>Son d\u00f6vrl\u0259r, m\u00fcharib\u0259 xatir\u0259l\u0259rimi q\u0259l\u0259m\u0259 alma\u011fa ba\u015flayanda o d\u00f6vr\u00fcn foto v\u0259 video materiallar\u0131n\u0131n n\u0259 q\u0259d\u0259r \u0259h\u0259miyy\u0259tli, vacib oldu\u011funu anlad\u0131m. Amma n\u0259 faydas\u0131, art\u0131q gecdi.<\/p>\n<p><strong>Dondurur, durdurur vaxt\u0131,<br \/>\nadam yap\u0131\u015f\u0131b qal\u0131r bir anda,<br \/>\n\u0259n sevimli gec\u0259d\u0259,<br \/>\nbir d\u0259 olmayacaq g\u00fcnd\u0259. (M.Mehdi)\u00a0<\/strong><\/p>\n<p>Fikir vermisinizs\u0259, bir \u00e7ox Qaraba\u011f m\u00fcharib\u0259si \u015f\u0259hidinin, \u0259lilinin, veteran\u0131n sava\u015f fotolar\u0131 yoxdur. Bir qisminin is\u0259 az sayda m\u00fcharib\u0259 fotolar\u0131 var. M\u0259n ikincil\u0259rd\u0259n\u0259m, y\u0259ni o d\u00f6vr\u0259 aid bir ne\u00e7\u0259, daha d\u0259qiq des\u0259k, 6 \u0259d\u0259d fotom var. Onun da c\u0259mi biri h\u0259rbi hiss\u0259d\u0259 \u00e7\u0259kilib, dig\u0259rl\u0259ri ya A\u011fdamda, ya da Bak\u0131da fotoaparat\u0131n yadda\u015f\u0131na k\u00f6\u00e7\u00fcr\u00fcl\u00fcb. \u0130ndi m\u0259n\u0259 a\u011f\u0131r m\u00fcharib\u0259 g\u00fcnl\u0259rini xat\u0131rlad\u0131r o fotodak\u0131 anlar&#8230;<\/p>\n<p>T\u0259bii ki, \u00f6l\u00fcm-qal\u0131m anlar\u0131nda, \u00f6n c\u0259bh\u0259d\u0259, qeyri-m\u00fc\u0259yy\u0259n bir v\u0259ziyy\u0259td\u0259 \u015f\u0259kil \u00e7\u0259kdirm\u0259k he\u00e7 k\u0259sin yad\u0131na d\u00fc\u015fm\u00fcr. \u0130kincisi d\u0259, buna he\u00e7 \u015f\u0259rait d\u0259 olmurdu. O vaxt t\u0259k-t\u00fck d\u00f6y\u00fc\u015f\u00e7\u00fcd\u0259 fotoaparat var idi, h\u0259rbi hiss\u0259y\u0259 g\u0259l\u0259n jurnalistl\u0259r is\u0259 el\u0259 d\u0259 \u00e7ox olmurdu. \u00c7\u0259kil\u0259n fotolar biz\u0259 verilmirdi, yaln\u0131z bir ne\u00e7\u0259si q\u0259zetl\u0259rd\u0259 \u00e7ap edilirdi. O q\u0259zet v\u0259 jurnallara da baxa bilmirdik, biz\u0259 g\u0259lib \u00e7atm\u0131rd\u0131&#8230;<\/p>\n<p>\u0130ndi m\u00fcharib\u0259 fotolar\u0131 \u201cmataha\u201d d\u00f6n\u00fcb, ham\u0131 bir-birind\u0259n \u015f\u0259kil soraqlay\u0131r. \u201cB\u0259lk\u0259 s\u0259nd\u0259 m\u0259nim d\u0259 oldu\u011fum foto var\u201d, &#8211; dey\u0259.<\/p>\n<p>K\u0259ndimiz i\u015f\u011fal olundu\u011fundan m\u0259nim bir \u00e7ox \u0259\u015fyalar\u0131m, kitablar\u0131m v\u0259 fotolar\u0131m el\u0259 k\u0259ndd\u0259 qald\u0131. B\u0259z\u0259n el\u0259 bilir\u0259m, harda qoymu\u015famsa, el\u0259 oradaca qal\u0131b h\u0259r \u015fey &#8211; fotolar, r\u0259sml\u0259r. Amma m\u00fcharib\u0259 zaman\u0131 erm\u0259nil\u0259rd\u0259n t\u0259mizl\u0259diyimiz k\u0259ndl\u0259rd\u0259 yer\u0259 s\u0259pilmi\u015f, yanm\u0131\u015f, c\u0131r\u0131lm\u0131\u015f, ayaq altda qalm\u0131\u015f erm\u0259ni fotolar\u0131n\u0131 xat\u0131rlayanda \u00f6z fotolar\u0131m yad\u0131ma d\u00fc\u015f\u00fcr, bax onda \u00fcr\u0259yim g\u00f6yn\u0259yir&#8230;<\/p>\n<p><strong>&#8230; Qabaqca foto\u00e7unun,<br \/>\nsonra do\u011fmalar\u0131n, sonra da fotolar\u0131n<br \/>\nyadda\u015f\u0131ndan silinir izl\u0259r, adamlar, \u00fczl\u0259r.<br \/>\nAt\u0131l\u0131r, c\u0131r\u0131l\u0131r, yand\u0131r\u0131l\u0131r&#8230; (M.Mehdi)\u00a0<\/strong><\/p>\n<p>&#8230;1992-ci ilin yay\u0131nda A\u011fd\u0259r\u0259nin Canyataq v\u0259 G\u00fclyataq k\u0259ndl\u0259rini erm\u0259nil\u0259rd\u0259n n\u00f6vb\u0259ti d\u0259f\u0259 azad ed\u0259nd\u0259 orada yer\u0259 t\u00f6k\u00fclm\u00fc\u015f bir d\u0259st\u0259 erm\u0259ni \u015f\u0259kill\u0259ri g\u00f6t\u00fcrm\u00fc\u015fd\u00fcm. O \u015f\u0259kill\u0259ri evd\u0259 saxlay\u0131rd\u0131m, onlar da qald\u0131 i\u015f\u011fal alt\u0131nda olan k\u0259ndimizd\u0259. Onlar\u0131n aras\u0131nda u\u015faq, cavan, qoca \u015f\u0259kill\u0259ri vard\u0131. Erm\u0259nil\u0259rin \u015eu\u015fada, Tur\u015fsuda, S\u0259rs\u0259ng su anbar\u0131n\u0131n k\u0259nar\u0131nda m\u00fcxt\u0259lif formada \u00e7\u0259kilmi\u015f \u015f\u0259kill\u0259rinin \u00fcz\u0259rind\u0259 h\u0259tta tarix d\u0259 vard\u0131 &#8211; ili, ay\u0131, g\u00fcn\u00fc&#8230; Eyn\u0259n atam\u0131n, \u0259mil\u0259rimin v\u0259 dig\u0259r qohumlar\u0131m\u0131n \u015eu\u015fada, Tur\u015fsuda, \u0130sa bula\u011f\u0131nda o zaman\u0131n d\u0259bin\u0259 uy\u011fun geyimd\u0259 \u00e7\u0259kdirdiyi \u015f\u0259kill\u0259r kimi. Kim n\u0259 deyir-desin, m\u00fcharib\u0259 b\u00fct\u00fcn hallarda a\u011fr\u0131d\u0131r, h\u00fcznd\u00fcr, lap q\u0259l\u0259b\u0259yl\u0259 n\u0259tic\u0259l\u0259ns\u0259 bel\u0259 orda bir itki, bir h\u00fczn var.<\/p>\n<p><a href=\"http:\/\/www.zerdab.com\/wp-content\/uploads\/2012\/11\/Umudluda-resm-.jpg\"><img loading=\"lazy\" decoding=\"async\" class=\"alignleft size-thumbnail wp-image-5729\" title=\"Umudluda-resm-\" src=\"http:\/\/www.zerdab.com\/wp-content\/uploads\/2012\/11\/Umudluda-resm--200x200.jpg\" alt=\"\" width=\"200\" height=\"200\" \/><\/a>Bu g\u00fcnl\u0259rd\u0259 m\u00fcharib\u0259 il\u0259 ba\u011fl\u0131 \u00f6z\u00fcm\u00fcn, d\u00f6y\u00fc\u015f\u00e7\u00fc dostlar\u0131m\u0131n yer ald\u0131\u011f\u0131 foto v\u0259 ya videolar\u0131 axtarark\u0259n youtube-da \u00fcz\u0259rind\u0259 ANS-in loqosu olan bir video kadr tapd\u0131m. (Bu videonun t\u0259qdimat\u0131nda yanl\u0131\u015fl\u0131q var, onunla ba\u011fl\u0131 ayr\u0131ca bir yaz\u0131 olacaq dey\u0259, bu m\u0259s\u0259l\u0259y\u0259 toxunmuram) Kadrda \u015eirin Mirz\u0259yevin batalyonunun k\u0259\u015ffiyyat d\u0259st\u0259sinin komandiri \u018fkb\u0259r M\u0259mm\u0259dovun ki\u00e7ik bir d\u0259st\u0259 il\u0259 Umudlu k\u0259ndind\u0259 oldu\u011fu g\u00f6r\u00fcn\u00fcr. Sakinl\u0259rin v\u0259 oran\u0131 qoruyan \u0259sg\u0259rl\u0259rin k\u0259ndi c\u0259mi bir ne\u00e7\u0259 saat \u0259vv\u0259l t\u0259rk etdikl\u0259ri bilinir kadrlardan. Kims\u0259siz qalm\u0131\u015f k\u0259ndl\u0259rimizin kadrlar\u0131n\u0131 izl\u0259m\u0259k \u00e7ox a\u011f\u0131rd\u0131r&#8230; Yiy\u0259siz mal-qara, it-pi\u015fik, toyuq-c\u00fcc\u0259, sahibsiz avtomobill\u0259r, yer\u0259 da\u011f\u0131lm\u0131\u015f kartof- so\u011fan. T\u0259rk edilmi\u015f insan h\u0259yat\u0131.<\/p>\n<p>At\u0131lm\u0131\u015f avtomobilin yan\u0131nda yer\u0259 t\u00f6k\u00fcl\u00fcb qalm\u0131\u015f kartofun, bir d\u0259st\u0259 k\u0259ndirin yan\u0131nda bir albom da var. V\u0259r\u0259ql\u0259rini k\u00fcl\u0259k yell\u0259y\u0259n albomun bir v\u0259r\u0259qind\u0259 karanda\u015fla q\u0131z v\u0259 g\u00fcl d\u0259st\u0259si \u00e7\u0259kilmi\u015f r\u0259sm g\u00f6r\u00fcn\u00fcr&#8230; O h\u0259y\u0259canl\u0131 d\u0259qiq\u0259l\u0259rd\u0259 o albomun yan\u0131ndan ke\u00e7\u0259n \u018fkb\u0259r M\u0259mm\u0259dov bir anl\u0131q ayaq saxlay\u0131b k\u0259nardan albomdak\u0131 r\u0259smi s\u00fcz\u00fcr, sonra astaca \u00f6t\u00fcb gedir. Bu da bir \u201cfoto\u201ddur, \u00e7\u0259kilm\u0259y\u0259n fotolardan biri&#8230;<\/p>\n<p>O r\u0259smi kim \u00e7\u0259kib, n\u0259 \u00fc\u00e7\u00fcn \u00e7\u0259kib, bilmir\u0259m, bildiyim odur ki, h\u0259r fotonun tarixi oldu\u011fu kimi, r\u0259sml\u0259rin d\u0259 \u00f6z tarixi, h\u0259tta taleyi var. O tarixd\u0259 onu \u00e7\u0259k\u0259nin hissl\u0259ri, duy\u011fular\u0131 r\u0259ngl\u0259r vasit\u0259si il\u0259 \u00e7\u00f6k\u00fcr ka\u011f\u0131z\u0131n, k\u0259tan\u0131n \u00fcz\u0259rin\u0259. O taley\u0259 b\u0259z\u0259n i\u015f\u011fal alt\u0131na d\u00fc\u015fm\u0259k, d\u00fc\u015fm\u0259n \u0259sg\u0259rl\u0259rinin aya\u011f\u0131 alt\u0131nda tapdanmaq da yaz\u0131l\u0131r. \u0130\u015f\u011fal alt\u0131nda qalan b\u00fct\u00fcn o r\u0259sml\u0259r h\u0259m d\u0259 i\u015f\u011fal\u0131n r\u0259smidir, xatir\u0259sidir.<\/p>\n<p>Fotolar insan \u00f6mr\u00fcn\u00fcn h\u0259mi\u015f\u0259ya\u015far anlar\u0131d\u0131r, b\u0259lk\u0259. S\u0259h\u0259r \u018fhm\u0259din bir \u015feirind\u0259 deyildiyi kimi;<\/p>\n<p><strong>K\u00f6hn\u0259 \u015f\u0259kill\u0259r kimi,<br \/>\nSolur \u00f6t\u0259n zamanlar.<br \/>\n\u0130lahi, han\u0131 o vaxt,<br \/>\nYan\u0131mdak\u0131 adamlar?!\u00a0<\/strong><\/p>\n<p style=\"text-align: justify;\"><strong>He\u00e7 vaxt \u015f\u0259kil \u00e7\u0259kdirm\u0259y\u0259 laqeyd olmay\u0131n, \u0259rinm\u0259yin, \u00e7\u0259k\u0259 bil\u0259nl\u0259r is\u0259 r\u0259sm \u00e7\u0259km\u0259kd\u0259n\u00a0saxlamas\u0131n \u00f6z\u00fcn\u00fc. Foto h\u0259min an\u0131n yadigar\u0131d\u0131r, r\u0259sm h\u0259min an\u0131n duy\u011fular\u0131d\u0131r.\u00a0K\u00f6\u00e7\u00fcr\u00fcn onlar\u0131 elektron yadda\u015fa, ka\u011f\u0131za, k\u0259tan par\u00e7aya. Tarix\u0259 \u00e7evirin.<\/strong><br \/>\n<strong> Biz \u00e7evir\u0259 bilm\u0259dik&#8230;<\/strong><\/p>\n<h1><a title=\"Rey K\u0259rimo\u011flu\" href=\"http:\/\/lent.az\/xeber_109509_M%C3%BCharib%C9%99_fotolar%C4%B1\"><span style=\"text-decoration: underline;\">Rey K\u0259rimo\u011flu<\/span><\/a><\/h1>\n","protected":false},"excerpt":{"rendered":"<p>\u018fslind\u0259, uzun zaman beynimd\u0259 dola\u015fan bu yaz\u0131n\u0131n indi ortaya \u00e7\u0131xmas\u0131na \u0259sas s\u0259b\u0259b \u015fair Mahir Mehdinin bu g\u00fcnl\u0259rd\u0259 kulis.az-da yay\u0131lan \u201cFoto\u201d \u015feiri oldu. Fotolar g\u00f6r\u0259 bilm\u0259dikl\u0259rimizi Y\u0131\u011f\u0131r bir yer\u0259, gizl\u0259yir \u00f6z\u00fcnd\u0259 &#8211; o biri \u00fcz\u00fcnd\u0259. (Mahir Mehdi)\u00a0 Ger\u00e7\u0259kd\u0259n bel\u0259dir. V\u0259 zaman ke\u00e7dikc\u0259 biz bu \u015f\u0259kill\u0259rd\u0259 daha \u00e7ox \u015feyl\u0259r g\u00f6rm\u0259y\u0259 ba\u015flay\u0131r\u0131q. &#8211; Niy\u0259 m\u00fcharib\u0259d\u0259 \u015f\u0259kil \u00e7\u0259kdirm\u0259misiniz? &#8211; [&hellip;]<\/p>\n","protected":false},"author":1,"featured_media":0,"comment_status":"open","ping_status":"open","sticky":false,"template":"","format":"standard","meta":{"footnotes":""},"categories":[17],"tags":[],"class_list":{"0":"post-5728","1":"post","2":"type-post","3":"status-publish","4":"format-standard","6":"category-kos"},"yoast_head":"<!-- This site is optimized with the Yoast SEO plugin v27.0 - https:\/\/yoast.com\/product\/yoast-seo-wordpress\/ -->\n<title>Kitablar\u0131m, fotolar\u0131m k\u0259ndd\u0259 qald\u0131... - Z\u0259rdab.com<\/title>\n<meta name=\"robots\" content=\"index, follow, max-snippet:-1, max-image-preview:large, max-video-preview:-1\" \/>\n<link rel=\"canonical\" href=\"https:\/\/www.zerdab.com\/?p=5728\" \/>\n<meta property=\"og:locale\" content=\"az_AZ\" \/>\n<meta property=\"og:type\" content=\"article\" \/>\n<meta property=\"og:title\" content=\"Kitablar\u0131m, fotolar\u0131m k\u0259ndd\u0259 qald\u0131... - Z\u0259rdab.com\" \/>\n<meta property=\"og:description\" content=\"\u018fslind\u0259, uzun zaman beynimd\u0259 dola\u015fan bu yaz\u0131n\u0131n indi ortaya \u00e7\u0131xmas\u0131na \u0259sas s\u0259b\u0259b \u015fair Mahir Mehdinin bu g\u00fcnl\u0259rd\u0259 kulis.az-da yay\u0131lan \u201cFoto\u201d \u015feiri oldu. Fotolar g\u00f6r\u0259 bilm\u0259dikl\u0259rimizi Y\u0131\u011f\u0131r bir yer\u0259, gizl\u0259yir \u00f6z\u00fcnd\u0259 &#8211; o biri \u00fcz\u00fcnd\u0259. (Mahir Mehdi)\u00a0 Ger\u00e7\u0259kd\u0259n bel\u0259dir. V\u0259 zaman ke\u00e7dikc\u0259 biz bu \u015f\u0259kill\u0259rd\u0259 daha \u00e7ox \u015feyl\u0259r g\u00f6rm\u0259y\u0259 ba\u015flay\u0131r\u0131q. &#8211; Niy\u0259 m\u00fcharib\u0259d\u0259 \u015f\u0259kil \u00e7\u0259kdirm\u0259misiniz? &#8211; [&hellip;]\" \/>\n<meta property=\"og:url\" content=\"https:\/\/www.zerdab.com\/?p=5728\" \/>\n<meta property=\"og:site_name\" content=\"Z\u0259rdab.com\" \/>\n<meta property=\"article:published_time\" content=\"2012-11-29T12:25:29+00:00\" \/>\n<meta property=\"article:modified_time\" content=\"2012-11-29T12:27:12+00:00\" \/>\n<meta property=\"og:image\" content=\"http:\/\/www.zerdab.com\/wp-content\/uploads\/2012\/11\/Umudluda-resm--200x200.jpg\" \/>\n<meta name=\"author\" content=\"admin\" \/>\n<meta name=\"twitter:card\" content=\"summary_large_image\" \/>\n<meta name=\"twitter:label1\" content=\"Written by\" \/>\n\t<meta name=\"twitter:data1\" content=\"admin\" \/>\n\t<meta name=\"twitter:label2\" content=\"Est. reading time\" \/>\n\t<meta name=\"twitter:data2\" content=\"6 minutes\" \/>\n<script type=\"application\/ld+json\" class=\"yoast-schema-graph\">{\"@context\":\"https:\/\/schema.org\",\"@graph\":[{\"@type\":\"Article\",\"@id\":\"https:\/\/www.zerdab.com\/?p=5728#article\",\"isPartOf\":{\"@id\":\"https:\/\/www.zerdab.com\/?p=5728\"},\"author\":{\"name\":\"admin\",\"@id\":\"https:\/\/www.zerdab.com\/#\/schema\/person\/97079b7570c1e89ec0d9e138c3672136\"},\"headline\":\"Kitablar\u0131m, fotolar\u0131m k\u0259ndd\u0259 qald\u0131&#8230;\",\"datePublished\":\"2012-11-29T12:25:29+00:00\",\"dateModified\":\"2012-11-29T12:27:12+00:00\",\"mainEntityOfPage\":{\"@id\":\"https:\/\/www.zerdab.com\/?p=5728\"},\"wordCount\":1207,\"commentCount\":0,\"image\":{\"@id\":\"https:\/\/www.zerdab.com\/?p=5728#primaryimage\"},\"thumbnailUrl\":\"http:\/\/www.zerdab.com\/wp-content\/uploads\/2012\/11\/Umudluda-resm--200x200.jpg\",\"articleSection\":[\"YAZARLAR\"],\"inLanguage\":\"az\",\"potentialAction\":[{\"@type\":\"CommentAction\",\"name\":\"Comment\",\"target\":[\"https:\/\/www.zerdab.com\/?p=5728#respond\"]}]},{\"@type\":\"WebPage\",\"@id\":\"https:\/\/www.zerdab.com\/?p=5728\",\"url\":\"https:\/\/www.zerdab.com\/?p=5728\",\"name\":\"Kitablar\u0131m, fotolar\u0131m k\u0259ndd\u0259 qald\u0131... - Z\u0259rdab.com\",\"isPartOf\":{\"@id\":\"https:\/\/www.zerdab.com\/#website\"},\"primaryImageOfPage\":{\"@id\":\"https:\/\/www.zerdab.com\/?p=5728#primaryimage\"},\"image\":{\"@id\":\"https:\/\/www.zerdab.com\/?p=5728#primaryimage\"},\"thumbnailUrl\":\"http:\/\/www.zerdab.com\/wp-content\/uploads\/2012\/11\/Umudluda-resm--200x200.jpg\",\"datePublished\":\"2012-11-29T12:25:29+00:00\",\"dateModified\":\"2012-11-29T12:27:12+00:00\",\"author\":{\"@id\":\"https:\/\/www.zerdab.com\/#\/schema\/person\/97079b7570c1e89ec0d9e138c3672136\"},\"breadcrumb\":{\"@id\":\"https:\/\/www.zerdab.com\/?p=5728#breadcrumb\"},\"inLanguage\":\"az\",\"potentialAction\":[{\"@type\":\"ReadAction\",\"target\":[\"https:\/\/www.zerdab.com\/?p=5728\"]}]},{\"@type\":\"ImageObject\",\"inLanguage\":\"az\",\"@id\":\"https:\/\/www.zerdab.com\/?p=5728#primaryimage\",\"url\":\"\",\"contentUrl\":\"\"},{\"@type\":\"BreadcrumbList\",\"@id\":\"https:\/\/www.zerdab.com\/?p=5728#breadcrumb\",\"itemListElement\":[{\"@type\":\"ListItem\",\"position\":1,\"name\":\"Home\",\"item\":\"https:\/\/www.zerdab.com\/\"},{\"@type\":\"ListItem\",\"position\":2,\"name\":\"Kitablar\u0131m, fotolar\u0131m k\u0259ndd\u0259 qald\u0131&#8230;\"}]},{\"@type\":\"WebSite\",\"@id\":\"https:\/\/www.zerdab.com\/#website\",\"url\":\"https:\/\/www.zerdab.com\/\",\"name\":\"Z\u0259rdab.com\",\"description\":\"\",\"potentialAction\":[{\"@type\":\"SearchAction\",\"target\":{\"@type\":\"EntryPoint\",\"urlTemplate\":\"https:\/\/www.zerdab.com\/?s={search_term_string}\"},\"query-input\":{\"@type\":\"PropertyValueSpecification\",\"valueRequired\":true,\"valueName\":\"search_term_string\"}}],\"inLanguage\":\"az\"},{\"@type\":\"Person\",\"@id\":\"https:\/\/www.zerdab.com\/#\/schema\/person\/97079b7570c1e89ec0d9e138c3672136\",\"name\":\"admin\",\"image\":{\"@type\":\"ImageObject\",\"inLanguage\":\"az\",\"@id\":\"https:\/\/www.zerdab.com\/#\/schema\/person\/image\/\",\"url\":\"https:\/\/secure.gravatar.com\/avatar\/d9c52a9a27c32119cb6679a077fa3e2779e5f822c451cbf01098004361d466ec?s=96&d=mm&r=g\",\"contentUrl\":\"https:\/\/secure.gravatar.com\/avatar\/d9c52a9a27c32119cb6679a077fa3e2779e5f822c451cbf01098004361d466ec?s=96&d=mm&r=g\",\"caption\":\"admin\"},\"url\":\"https:\/\/www.zerdab.com\/?author=1\"}]}<\/script>\n<!-- \/ Yoast SEO plugin. -->","yoast_head_json":{"title":"Kitablar\u0131m, fotolar\u0131m k\u0259ndd\u0259 qald\u0131... - Z\u0259rdab.com","robots":{"index":"index","follow":"follow","max-snippet":"max-snippet:-1","max-image-preview":"max-image-preview:large","max-video-preview":"max-video-preview:-1"},"canonical":"https:\/\/www.zerdab.com\/?p=5728","og_locale":"az_AZ","og_type":"article","og_title":"Kitablar\u0131m, fotolar\u0131m k\u0259ndd\u0259 qald\u0131... - Z\u0259rdab.com","og_description":"\u018fslind\u0259, uzun zaman beynimd\u0259 dola\u015fan bu yaz\u0131n\u0131n indi ortaya \u00e7\u0131xmas\u0131na \u0259sas s\u0259b\u0259b \u015fair Mahir Mehdinin bu g\u00fcnl\u0259rd\u0259 kulis.az-da yay\u0131lan \u201cFoto\u201d \u015feiri oldu. Fotolar g\u00f6r\u0259 bilm\u0259dikl\u0259rimizi Y\u0131\u011f\u0131r bir yer\u0259, gizl\u0259yir \u00f6z\u00fcnd\u0259 &#8211; o biri \u00fcz\u00fcnd\u0259. (Mahir Mehdi)\u00a0 Ger\u00e7\u0259kd\u0259n bel\u0259dir. V\u0259 zaman ke\u00e7dikc\u0259 biz bu \u015f\u0259kill\u0259rd\u0259 daha \u00e7ox \u015feyl\u0259r g\u00f6rm\u0259y\u0259 ba\u015flay\u0131r\u0131q. &#8211; Niy\u0259 m\u00fcharib\u0259d\u0259 \u015f\u0259kil \u00e7\u0259kdirm\u0259misiniz? &#8211; [&hellip;]","og_url":"https:\/\/www.zerdab.com\/?p=5728","og_site_name":"Z\u0259rdab.com","article_published_time":"2012-11-29T12:25:29+00:00","article_modified_time":"2012-11-29T12:27:12+00:00","og_image":[{"url":"http:\/\/www.zerdab.com\/wp-content\/uploads\/2012\/11\/Umudluda-resm--200x200.jpg","type":"","width":"","height":""}],"author":"admin","twitter_card":"summary_large_image","twitter_misc":{"Written by":"admin","Est. reading time":"6 minutes"},"schema":{"@context":"https:\/\/schema.org","@graph":[{"@type":"Article","@id":"https:\/\/www.zerdab.com\/?p=5728#article","isPartOf":{"@id":"https:\/\/www.zerdab.com\/?p=5728"},"author":{"name":"admin","@id":"https:\/\/www.zerdab.com\/#\/schema\/person\/97079b7570c1e89ec0d9e138c3672136"},"headline":"Kitablar\u0131m, fotolar\u0131m k\u0259ndd\u0259 qald\u0131&#8230;","datePublished":"2012-11-29T12:25:29+00:00","dateModified":"2012-11-29T12:27:12+00:00","mainEntityOfPage":{"@id":"https:\/\/www.zerdab.com\/?p=5728"},"wordCount":1207,"commentCount":0,"image":{"@id":"https:\/\/www.zerdab.com\/?p=5728#primaryimage"},"thumbnailUrl":"http:\/\/www.zerdab.com\/wp-content\/uploads\/2012\/11\/Umudluda-resm--200x200.jpg","articleSection":["YAZARLAR"],"inLanguage":"az","potentialAction":[{"@type":"CommentAction","name":"Comment","target":["https:\/\/www.zerdab.com\/?p=5728#respond"]}]},{"@type":"WebPage","@id":"https:\/\/www.zerdab.com\/?p=5728","url":"https:\/\/www.zerdab.com\/?p=5728","name":"Kitablar\u0131m, fotolar\u0131m k\u0259ndd\u0259 qald\u0131... - Z\u0259rdab.com","isPartOf":{"@id":"https:\/\/www.zerdab.com\/#website"},"primaryImageOfPage":{"@id":"https:\/\/www.zerdab.com\/?p=5728#primaryimage"},"image":{"@id":"https:\/\/www.zerdab.com\/?p=5728#primaryimage"},"thumbnailUrl":"http:\/\/www.zerdab.com\/wp-content\/uploads\/2012\/11\/Umudluda-resm--200x200.jpg","datePublished":"2012-11-29T12:25:29+00:00","dateModified":"2012-11-29T12:27:12+00:00","author":{"@id":"https:\/\/www.zerdab.com\/#\/schema\/person\/97079b7570c1e89ec0d9e138c3672136"},"breadcrumb":{"@id":"https:\/\/www.zerdab.com\/?p=5728#breadcrumb"},"inLanguage":"az","potentialAction":[{"@type":"ReadAction","target":["https:\/\/www.zerdab.com\/?p=5728"]}]},{"@type":"ImageObject","inLanguage":"az","@id":"https:\/\/www.zerdab.com\/?p=5728#primaryimage","url":"","contentUrl":""},{"@type":"BreadcrumbList","@id":"https:\/\/www.zerdab.com\/?p=5728#breadcrumb","itemListElement":[{"@type":"ListItem","position":1,"name":"Home","item":"https:\/\/www.zerdab.com\/"},{"@type":"ListItem","position":2,"name":"Kitablar\u0131m, fotolar\u0131m k\u0259ndd\u0259 qald\u0131&#8230;"}]},{"@type":"WebSite","@id":"https:\/\/www.zerdab.com\/#website","url":"https:\/\/www.zerdab.com\/","name":"Z\u0259rdab.com","description":"","potentialAction":[{"@type":"SearchAction","target":{"@type":"EntryPoint","urlTemplate":"https:\/\/www.zerdab.com\/?s={search_term_string}"},"query-input":{"@type":"PropertyValueSpecification","valueRequired":true,"valueName":"search_term_string"}}],"inLanguage":"az"},{"@type":"Person","@id":"https:\/\/www.zerdab.com\/#\/schema\/person\/97079b7570c1e89ec0d9e138c3672136","name":"admin","image":{"@type":"ImageObject","inLanguage":"az","@id":"https:\/\/www.zerdab.com\/#\/schema\/person\/image\/","url":"https:\/\/secure.gravatar.com\/avatar\/d9c52a9a27c32119cb6679a077fa3e2779e5f822c451cbf01098004361d466ec?s=96&d=mm&r=g","contentUrl":"https:\/\/secure.gravatar.com\/avatar\/d9c52a9a27c32119cb6679a077fa3e2779e5f822c451cbf01098004361d466ec?s=96&d=mm&r=g","caption":"admin"},"url":"https:\/\/www.zerdab.com\/?author=1"}]}},"_links":{"self":[{"href":"https:\/\/www.zerdab.com\/index.php?rest_route=\/wp\/v2\/posts\/5728","targetHints":{"allow":["GET"]}}],"collection":[{"href":"https:\/\/www.zerdab.com\/index.php?rest_route=\/wp\/v2\/posts"}],"about":[{"href":"https:\/\/www.zerdab.com\/index.php?rest_route=\/wp\/v2\/types\/post"}],"author":[{"embeddable":true,"href":"https:\/\/www.zerdab.com\/index.php?rest_route=\/wp\/v2\/users\/1"}],"replies":[{"embeddable":true,"href":"https:\/\/www.zerdab.com\/index.php?rest_route=%2Fwp%2Fv2%2Fcomments&post=5728"}],"version-history":[{"count":3,"href":"https:\/\/www.zerdab.com\/index.php?rest_route=\/wp\/v2\/posts\/5728\/revisions"}],"predecessor-version":[{"id":5731,"href":"https:\/\/www.zerdab.com\/index.php?rest_route=\/wp\/v2\/posts\/5728\/revisions\/5731"}],"wp:attachment":[{"href":"https:\/\/www.zerdab.com\/index.php?rest_route=%2Fwp%2Fv2%2Fmedia&parent=5728"}],"wp:term":[{"taxonomy":"category","embeddable":true,"href":"https:\/\/www.zerdab.com\/index.php?rest_route=%2Fwp%2Fv2%2Fcategories&post=5728"},{"taxonomy":"post_tag","embeddable":true,"href":"https:\/\/www.zerdab.com\/index.php?rest_route=%2Fwp%2Fv2%2Ftags&post=5728"}],"curies":[{"name":"wp","href":"https:\/\/api.w.org\/{rel}","templated":true}]}}