{"id":5754,"date":"2012-12-01T20:28:21","date_gmt":"2012-12-01T16:28:21","guid":{"rendered":"http:\/\/www.zerdab.com\/?p=5754"},"modified":"2012-12-01T20:42:11","modified_gmt":"2012-12-01T16:42:11","slug":"mill%c9%99t-v%c9%99kilimiz-jal%c9%99-%c9%99liyevadan-xosm%c9%99ramli-addim-foto","status":"publish","type":"post","link":"https:\/\/www.zerdab.com\/?p=5754","title":{"rendered":"Mill\u0259t v\u0259kilimiz Jal\u0259 \u018fliyevadan xo\u015fm\u0259raml\u0131 add\u0131m &#8211; foto"},"content":{"rendered":"<p><strong><a href=\"http:\/\/www.zerdab.com\/wp-content\/uploads\/2012\/12\/teatr-festivali-son-2.jpg\"><img loading=\"lazy\" decoding=\"async\" class=\"aligncenter size-medium wp-image-5760\" title=\"Jal\u0259-\u018fliyeva-teatr-festivali-son\" src=\"http:\/\/www.zerdab.com\/wp-content\/uploads\/2012\/12\/teatr-festivali-son-2-350x258.jpg\" alt=\"\" width=\"350\" height=\"258\" \/><\/a>D\u00f6rd ayd\u0131r davam ed\u0259n \u201cBiz\u0259 ideya laz\u0131md\u0131r\u201d devizi il\u0259 ke\u00e7iril\u0259n &#8220;G\u0259ncl\u0259rin II \u00dcmumrespublika Teatr Festival\u0131&#8221; ba\u015fa \u00e7at\u0131b. <span style=\"color: #ff0000;\">www.zerdab.com<\/span><\/strong> sayt\u0131na veril\u0259n m\u0259lumata g\u00f6r\u0259, bununla ba\u011fl\u0131 D\u00f6vl\u0259t G\u0259nc Tama\u015fa\u00e7\u0131lar Teatr\u0131nda qala\u2013konsert t\u0259\u015fkil edilib. Daha sonra <strong>layih\u0259nin r\u0259hb\u0259ri, mill\u0259r v\u0259kili Jal\u0259 \u018fliyeva<\/strong> \u00e7\u0131x\u0131\u015f ed\u0259r\u0259k festival haqq\u0131nda dan\u0131\u015f\u0131b. Festivalda \u0259m\u0259yi ke\u00e7\u0259nl\u0259rin h\u0259r birin\u0259 ayr\u0131-ayr\u0131l\u0131qda t\u0259\u015f\u0259kk\u00fcr ed\u0259n mill\u0259t v\u0259kili bildirib ki, s\u00f6z\u00fcged\u0259n festival davaml\u0131 olaraq ke\u00e7iril\u0259c\u0259k. M\u00fcnsifl\u0259r hey\u0259tinin \u00e7\u0131x\u0131\u015f\u0131ndan sonra festival\u0131n qalibl\u0259rinin m\u00fckafatland\u0131r\u0131lmas\u0131 ba\u015flay\u0131b. \u0130lk olaraq h\u0259v\u0259sl\u0259ndirici m\u00fckafatla Z\u0259rdab (S\u0259fay\u0259 \u018fliyeva &#8211; &#8220;Qoy n\u0259f\u0259s al\u0131m&#8221;) v\u0259 A\u011fdam truppalar\u0131 m\u00fckafatland\u0131r\u0131l\u0131b.<br \/>\nDaha sonra \u0259sas m\u00fckafatlar t\u0259qdim olunub. Bel\u0259likl\u0259, m\u00fcnsifl\u0259rin s\u0259s verm\u0259sinin n\u0259tic\u0259l\u0259rin\u0259 \u0259sas\u0259n, birinci yerin qalibi Ucar rayonun \u201cUMEO\u201d truppas\u0131n\u0131n \u201cBiz zibil\u0259 d\u00fc\u015fd\u00fck\u201d tama\u015fas\u0131 layiq g\u00f6r\u00fcl\u00fcb. Qalibl\u0259r\u0259 3 min manat pul, diplom t\u0259qdim edilib. \u0130kinci yer Mononim truppas\u0131n\u0131n \u201cYa\u015f\u0131l qan\u201d, \u00dc\u00e7\u00fcnc\u00fc yer is\u0259 \u201cSimsar\u201d truppas\u0131n\u0131n \u201cM\u00fcdaxil\u0259\u201d tama\u015fas\u0131 layiq g\u00f6r\u00fcl\u00fcb. Qeyd ed\u0259k ki, ikinci yerin qalibin\u0259 iki min, \u00fc\u00e7\u00fcnc\u00fc yerin qalibin\u0259 is\u0259 min manat m\u0259bl\u0259\u011find\u0259 pul m\u00fckafat\u0131 t\u0259qdim edilib.<br \/>\n<strong>Festivalda i\u015ftirak ed\u0259n 5 n\u0259f\u0259r azya\u015fl\u0131 is\u0259 Jal\u0259 \u018fliyeva t\u0259r\u0259find\u0259n x\u00fcsusi m\u00fckafatla t\u0259ltif edilib. <\/strong>Qeyd ed\u0259k ki, festivala G\u0259ncl\u0259r v\u0259 \u0130dman Nazirliyi, M\u0259d\u0259niyy\u0259t v\u0259 Turizm Nazirliyi, Az\u0259rbaycan-Amerika Alyans\u0131 d\u0259st\u0259k verir.<\/p>\n<p><span style=\"color: #0000ff;\"><strong>www.zerdab.com<\/strong><\/span><\/p>\n","protected":false},"excerpt":{"rendered":"<p>D\u00f6rd ayd\u0131r davam ed\u0259n \u201cBiz\u0259 ideya laz\u0131md\u0131r\u201d devizi il\u0259 ke\u00e7iril\u0259n &#8220;G\u0259ncl\u0259rin II \u00dcmumrespublika Teatr Festival\u0131&#8221; ba\u015fa \u00e7at\u0131b. www.zerdab.com sayt\u0131na veril\u0259n m\u0259lumata g\u00f6r\u0259, bununla ba\u011fl\u0131 D\u00f6vl\u0259t G\u0259nc Tama\u015fa\u00e7\u0131lar Teatr\u0131nda qala\u2013konsert t\u0259\u015fkil edilib. Daha sonra layih\u0259nin r\u0259hb\u0259ri, mill\u0259r v\u0259kili Jal\u0259 \u018fliyeva \u00e7\u0131x\u0131\u015f ed\u0259r\u0259k festival haqq\u0131nda dan\u0131\u015f\u0131b. Festivalda \u0259m\u0259yi ke\u00e7\u0259nl\u0259rin h\u0259r birin\u0259 ayr\u0131-ayr\u0131l\u0131qda t\u0259\u015f\u0259kk\u00fcr ed\u0259n mill\u0259t v\u0259kili bildirib [&hellip;]<\/p>\n","protected":false},"author":1,"featured_media":0,"comment_status":"open","ping_status":"open","sticky":false,"template":"","format":"standard","meta":{"footnotes":""},"categories":[21],"tags":[],"class_list":{"0":"post-5754","1":"post","2":"type-post","3":"status-publish","4":"format-standard","6":"category-zrdab"},"yoast_head":"<!-- This site is optimized with the Yoast SEO plugin v27.0 - https:\/\/yoast.com\/product\/yoast-seo-wordpress\/ -->\n<title>Mill\u0259t v\u0259kilimiz Jal\u0259 \u018fliyevadan xo\u015fm\u0259raml\u0131 add\u0131m - foto - Z\u0259rdab.com<\/title>\n<meta name=\"robots\" content=\"index, follow, max-snippet:-1, max-image-preview:large, max-video-preview:-1\" \/>\n<link rel=\"canonical\" href=\"https:\/\/www.zerdab.com\/?p=5754\" \/>\n<meta property=\"og:locale\" content=\"az_AZ\" \/>\n<meta property=\"og:type\" content=\"article\" \/>\n<meta property=\"og:title\" content=\"Mill\u0259t v\u0259kilimiz Jal\u0259 \u018fliyevadan xo\u015fm\u0259raml\u0131 add\u0131m - foto - Z\u0259rdab.com\" \/>\n<meta property=\"og:description\" content=\"D\u00f6rd ayd\u0131r davam ed\u0259n \u201cBiz\u0259 ideya laz\u0131md\u0131r\u201d devizi il\u0259 ke\u00e7iril\u0259n &#8220;G\u0259ncl\u0259rin II \u00dcmumrespublika Teatr Festival\u0131&#8221; ba\u015fa \u00e7at\u0131b. www.zerdab.com sayt\u0131na veril\u0259n m\u0259lumata g\u00f6r\u0259, bununla ba\u011fl\u0131 D\u00f6vl\u0259t G\u0259nc Tama\u015fa\u00e7\u0131lar Teatr\u0131nda qala\u2013konsert t\u0259\u015fkil edilib. Daha sonra layih\u0259nin r\u0259hb\u0259ri, mill\u0259r v\u0259kili Jal\u0259 \u018fliyeva \u00e7\u0131x\u0131\u015f ed\u0259r\u0259k festival haqq\u0131nda dan\u0131\u015f\u0131b. Festivalda \u0259m\u0259yi ke\u00e7\u0259nl\u0259rin h\u0259r birin\u0259 ayr\u0131-ayr\u0131l\u0131qda t\u0259\u015f\u0259kk\u00fcr ed\u0259n mill\u0259t v\u0259kili bildirib [&hellip;]\" \/>\n<meta property=\"og:url\" content=\"https:\/\/www.zerdab.com\/?p=5754\" \/>\n<meta property=\"og:site_name\" content=\"Z\u0259rdab.com\" \/>\n<meta property=\"article:published_time\" content=\"2012-12-01T16:28:21+00:00\" \/>\n<meta property=\"article:modified_time\" content=\"2012-12-01T16:42:11+00:00\" \/>\n<meta property=\"og:image\" content=\"http:\/\/www.zerdab.com\/wp-content\/uploads\/2012\/12\/teatr-festivali-son-2-350x258.jpg\" \/>\n<meta name=\"author\" content=\"admin\" \/>\n<meta name=\"twitter:card\" content=\"summary_large_image\" \/>\n<meta name=\"twitter:label1\" content=\"Written by\" \/>\n\t<meta name=\"twitter:data1\" content=\"admin\" \/>\n\t<meta name=\"twitter:label2\" content=\"Est. reading time\" \/>\n\t<meta name=\"twitter:data2\" content=\"2 minutes\" \/>\n<script type=\"application\/ld+json\" class=\"yoast-schema-graph\">{\"@context\":\"https:\/\/schema.org\",\"@graph\":[{\"@type\":\"Article\",\"@id\":\"https:\/\/www.zerdab.com\/?p=5754#article\",\"isPartOf\":{\"@id\":\"https:\/\/www.zerdab.com\/?p=5754\"},\"author\":{\"name\":\"admin\",\"@id\":\"https:\/\/www.zerdab.com\/#\/schema\/person\/97079b7570c1e89ec0d9e138c3672136\"},\"headline\":\"Mill\u0259t v\u0259kilimiz Jal\u0259 \u018fliyevadan xo\u015fm\u0259raml\u0131 add\u0131m &#8211; foto\",\"datePublished\":\"2012-12-01T16:28:21+00:00\",\"dateModified\":\"2012-12-01T16:42:11+00:00\",\"mainEntityOfPage\":{\"@id\":\"https:\/\/www.zerdab.com\/?p=5754\"},\"wordCount\":329,\"commentCount\":1,\"image\":{\"@id\":\"https:\/\/www.zerdab.com\/?p=5754#primaryimage\"},\"thumbnailUrl\":\"http:\/\/www.zerdab.com\/wp-content\/uploads\/2012\/12\/teatr-festivali-son-2-350x258.jpg\",\"articleSection\":[\"C\u018fM\u0130YY\u018fT\"],\"inLanguage\":\"az\",\"potentialAction\":[{\"@type\":\"CommentAction\",\"name\":\"Comment\",\"target\":[\"https:\/\/www.zerdab.com\/?p=5754#respond\"]}]},{\"@type\":\"WebPage\",\"@id\":\"https:\/\/www.zerdab.com\/?p=5754\",\"url\":\"https:\/\/www.zerdab.com\/?p=5754\",\"name\":\"Mill\u0259t v\u0259kilimiz Jal\u0259 \u018fliyevadan xo\u015fm\u0259raml\u0131 add\u0131m - foto - Z\u0259rdab.com\",\"isPartOf\":{\"@id\":\"https:\/\/www.zerdab.com\/#website\"},\"primaryImageOfPage\":{\"@id\":\"https:\/\/www.zerdab.com\/?p=5754#primaryimage\"},\"image\":{\"@id\":\"https:\/\/www.zerdab.com\/?p=5754#primaryimage\"},\"thumbnailUrl\":\"http:\/\/www.zerdab.com\/wp-content\/uploads\/2012\/12\/teatr-festivali-son-2-350x258.jpg\",\"datePublished\":\"2012-12-01T16:28:21+00:00\",\"dateModified\":\"2012-12-01T16:42:11+00:00\",\"author\":{\"@id\":\"https:\/\/www.zerdab.com\/#\/schema\/person\/97079b7570c1e89ec0d9e138c3672136\"},\"breadcrumb\":{\"@id\":\"https:\/\/www.zerdab.com\/?p=5754#breadcrumb\"},\"inLanguage\":\"az\",\"potentialAction\":[{\"@type\":\"ReadAction\",\"target\":[\"https:\/\/www.zerdab.com\/?p=5754\"]}]},{\"@type\":\"ImageObject\",\"inLanguage\":\"az\",\"@id\":\"https:\/\/www.zerdab.com\/?p=5754#primaryimage\",\"url\":\"\",\"contentUrl\":\"\"},{\"@type\":\"BreadcrumbList\",\"@id\":\"https:\/\/www.zerdab.com\/?p=5754#breadcrumb\",\"itemListElement\":[{\"@type\":\"ListItem\",\"position\":1,\"name\":\"Home\",\"item\":\"https:\/\/www.zerdab.com\/\"},{\"@type\":\"ListItem\",\"position\":2,\"name\":\"Mill\u0259t v\u0259kilimiz Jal\u0259 \u018fliyevadan xo\u015fm\u0259raml\u0131 add\u0131m &#8211; foto\"}]},{\"@type\":\"WebSite\",\"@id\":\"https:\/\/www.zerdab.com\/#website\",\"url\":\"https:\/\/www.zerdab.com\/\",\"name\":\"Z\u0259rdab.com\",\"description\":\"\",\"potentialAction\":[{\"@type\":\"SearchAction\",\"target\":{\"@type\":\"EntryPoint\",\"urlTemplate\":\"https:\/\/www.zerdab.com\/?s={search_term_string}\"},\"query-input\":{\"@type\":\"PropertyValueSpecification\",\"valueRequired\":true,\"valueName\":\"search_term_string\"}}],\"inLanguage\":\"az\"},{\"@type\":\"Person\",\"@id\":\"https:\/\/www.zerdab.com\/#\/schema\/person\/97079b7570c1e89ec0d9e138c3672136\",\"name\":\"admin\",\"image\":{\"@type\":\"ImageObject\",\"inLanguage\":\"az\",\"@id\":\"https:\/\/www.zerdab.com\/#\/schema\/person\/image\/\",\"url\":\"https:\/\/secure.gravatar.com\/avatar\/d9c52a9a27c32119cb6679a077fa3e2779e5f822c451cbf01098004361d466ec?s=96&d=mm&r=g\",\"contentUrl\":\"https:\/\/secure.gravatar.com\/avatar\/d9c52a9a27c32119cb6679a077fa3e2779e5f822c451cbf01098004361d466ec?s=96&d=mm&r=g\",\"caption\":\"admin\"},\"url\":\"https:\/\/www.zerdab.com\/?author=1\"}]}<\/script>\n<!-- \/ Yoast SEO plugin. -->","yoast_head_json":{"title":"Mill\u0259t v\u0259kilimiz Jal\u0259 \u018fliyevadan xo\u015fm\u0259raml\u0131 add\u0131m - foto - Z\u0259rdab.com","robots":{"index":"index","follow":"follow","max-snippet":"max-snippet:-1","max-image-preview":"max-image-preview:large","max-video-preview":"max-video-preview:-1"},"canonical":"https:\/\/www.zerdab.com\/?p=5754","og_locale":"az_AZ","og_type":"article","og_title":"Mill\u0259t v\u0259kilimiz Jal\u0259 \u018fliyevadan xo\u015fm\u0259raml\u0131 add\u0131m - foto - Z\u0259rdab.com","og_description":"D\u00f6rd ayd\u0131r davam ed\u0259n \u201cBiz\u0259 ideya laz\u0131md\u0131r\u201d devizi il\u0259 ke\u00e7iril\u0259n &#8220;G\u0259ncl\u0259rin II \u00dcmumrespublika Teatr Festival\u0131&#8221; ba\u015fa \u00e7at\u0131b. www.zerdab.com sayt\u0131na veril\u0259n m\u0259lumata g\u00f6r\u0259, bununla ba\u011fl\u0131 D\u00f6vl\u0259t G\u0259nc Tama\u015fa\u00e7\u0131lar Teatr\u0131nda qala\u2013konsert t\u0259\u015fkil edilib. Daha sonra layih\u0259nin r\u0259hb\u0259ri, mill\u0259r v\u0259kili Jal\u0259 \u018fliyeva \u00e7\u0131x\u0131\u015f ed\u0259r\u0259k festival haqq\u0131nda dan\u0131\u015f\u0131b. Festivalda \u0259m\u0259yi ke\u00e7\u0259nl\u0259rin h\u0259r birin\u0259 ayr\u0131-ayr\u0131l\u0131qda t\u0259\u015f\u0259kk\u00fcr ed\u0259n mill\u0259t v\u0259kili bildirib [&hellip;]","og_url":"https:\/\/www.zerdab.com\/?p=5754","og_site_name":"Z\u0259rdab.com","article_published_time":"2012-12-01T16:28:21+00:00","article_modified_time":"2012-12-01T16:42:11+00:00","og_image":[{"url":"http:\/\/www.zerdab.com\/wp-content\/uploads\/2012\/12\/teatr-festivali-son-2-350x258.jpg","type":"","width":"","height":""}],"author":"admin","twitter_card":"summary_large_image","twitter_misc":{"Written by":"admin","Est. reading time":"2 minutes"},"schema":{"@context":"https:\/\/schema.org","@graph":[{"@type":"Article","@id":"https:\/\/www.zerdab.com\/?p=5754#article","isPartOf":{"@id":"https:\/\/www.zerdab.com\/?p=5754"},"author":{"name":"admin","@id":"https:\/\/www.zerdab.com\/#\/schema\/person\/97079b7570c1e89ec0d9e138c3672136"},"headline":"Mill\u0259t v\u0259kilimiz Jal\u0259 \u018fliyevadan xo\u015fm\u0259raml\u0131 add\u0131m &#8211; foto","datePublished":"2012-12-01T16:28:21+00:00","dateModified":"2012-12-01T16:42:11+00:00","mainEntityOfPage":{"@id":"https:\/\/www.zerdab.com\/?p=5754"},"wordCount":329,"commentCount":1,"image":{"@id":"https:\/\/www.zerdab.com\/?p=5754#primaryimage"},"thumbnailUrl":"http:\/\/www.zerdab.com\/wp-content\/uploads\/2012\/12\/teatr-festivali-son-2-350x258.jpg","articleSection":["C\u018fM\u0130YY\u018fT"],"inLanguage":"az","potentialAction":[{"@type":"CommentAction","name":"Comment","target":["https:\/\/www.zerdab.com\/?p=5754#respond"]}]},{"@type":"WebPage","@id":"https:\/\/www.zerdab.com\/?p=5754","url":"https:\/\/www.zerdab.com\/?p=5754","name":"Mill\u0259t v\u0259kilimiz Jal\u0259 \u018fliyevadan xo\u015fm\u0259raml\u0131 add\u0131m - foto - Z\u0259rdab.com","isPartOf":{"@id":"https:\/\/www.zerdab.com\/#website"},"primaryImageOfPage":{"@id":"https:\/\/www.zerdab.com\/?p=5754#primaryimage"},"image":{"@id":"https:\/\/www.zerdab.com\/?p=5754#primaryimage"},"thumbnailUrl":"http:\/\/www.zerdab.com\/wp-content\/uploads\/2012\/12\/teatr-festivali-son-2-350x258.jpg","datePublished":"2012-12-01T16:28:21+00:00","dateModified":"2012-12-01T16:42:11+00:00","author":{"@id":"https:\/\/www.zerdab.com\/#\/schema\/person\/97079b7570c1e89ec0d9e138c3672136"},"breadcrumb":{"@id":"https:\/\/www.zerdab.com\/?p=5754#breadcrumb"},"inLanguage":"az","potentialAction":[{"@type":"ReadAction","target":["https:\/\/www.zerdab.com\/?p=5754"]}]},{"@type":"ImageObject","inLanguage":"az","@id":"https:\/\/www.zerdab.com\/?p=5754#primaryimage","url":"","contentUrl":""},{"@type":"BreadcrumbList","@id":"https:\/\/www.zerdab.com\/?p=5754#breadcrumb","itemListElement":[{"@type":"ListItem","position":1,"name":"Home","item":"https:\/\/www.zerdab.com\/"},{"@type":"ListItem","position":2,"name":"Mill\u0259t v\u0259kilimiz Jal\u0259 \u018fliyevadan xo\u015fm\u0259raml\u0131 add\u0131m &#8211; foto"}]},{"@type":"WebSite","@id":"https:\/\/www.zerdab.com\/#website","url":"https:\/\/www.zerdab.com\/","name":"Z\u0259rdab.com","description":"","potentialAction":[{"@type":"SearchAction","target":{"@type":"EntryPoint","urlTemplate":"https:\/\/www.zerdab.com\/?s={search_term_string}"},"query-input":{"@type":"PropertyValueSpecification","valueRequired":true,"valueName":"search_term_string"}}],"inLanguage":"az"},{"@type":"Person","@id":"https:\/\/www.zerdab.com\/#\/schema\/person\/97079b7570c1e89ec0d9e138c3672136","name":"admin","image":{"@type":"ImageObject","inLanguage":"az","@id":"https:\/\/www.zerdab.com\/#\/schema\/person\/image\/","url":"https:\/\/secure.gravatar.com\/avatar\/d9c52a9a27c32119cb6679a077fa3e2779e5f822c451cbf01098004361d466ec?s=96&d=mm&r=g","contentUrl":"https:\/\/secure.gravatar.com\/avatar\/d9c52a9a27c32119cb6679a077fa3e2779e5f822c451cbf01098004361d466ec?s=96&d=mm&r=g","caption":"admin"},"url":"https:\/\/www.zerdab.com\/?author=1"}]}},"_links":{"self":[{"href":"https:\/\/www.zerdab.com\/index.php?rest_route=\/wp\/v2\/posts\/5754","targetHints":{"allow":["GET"]}}],"collection":[{"href":"https:\/\/www.zerdab.com\/index.php?rest_route=\/wp\/v2\/posts"}],"about":[{"href":"https:\/\/www.zerdab.com\/index.php?rest_route=\/wp\/v2\/types\/post"}],"author":[{"embeddable":true,"href":"https:\/\/www.zerdab.com\/index.php?rest_route=\/wp\/v2\/users\/1"}],"replies":[{"embeddable":true,"href":"https:\/\/www.zerdab.com\/index.php?rest_route=%2Fwp%2Fv2%2Fcomments&post=5754"}],"version-history":[{"count":6,"href":"https:\/\/www.zerdab.com\/index.php?rest_route=\/wp\/v2\/posts\/5754\/revisions"}],"predecessor-version":[{"id":5758,"href":"https:\/\/www.zerdab.com\/index.php?rest_route=\/wp\/v2\/posts\/5754\/revisions\/5758"}],"wp:attachment":[{"href":"https:\/\/www.zerdab.com\/index.php?rest_route=%2Fwp%2Fv2%2Fmedia&parent=5754"}],"wp:term":[{"taxonomy":"category","embeddable":true,"href":"https:\/\/www.zerdab.com\/index.php?rest_route=%2Fwp%2Fv2%2Fcategories&post=5754"},{"taxonomy":"post_tag","embeddable":true,"href":"https:\/\/www.zerdab.com\/index.php?rest_route=%2Fwp%2Fv2%2Ftags&post=5754"}],"curies":[{"name":"wp","href":"https:\/\/api.w.org\/{rel}","templated":true}]}}