{"id":5772,"date":"2012-12-03T11:54:11","date_gmt":"2012-12-03T07:54:11","guid":{"rendered":"http:\/\/www.zerdab.com\/?p=5772"},"modified":"2012-12-03T11:55:28","modified_gmt":"2012-12-03T07:55:28","slug":"z%c9%99rdabda-elmi-praktik-konfrans-kecirilib-fotolar","status":"publish","type":"post","link":"https:\/\/www.zerdab.com\/?p=5772","title":{"rendered":"Z\u0259rdabda elmi-praktik konfrans ke\u00e7irilib &#8211; fotolar"},"content":{"rendered":"<p><strong><a href=\"http:\/\/www.zerdab.com\/wp-content\/uploads\/2012\/12\/Konfrans-1-11.jpg\"><img loading=\"lazy\" decoding=\"async\" class=\"aligncenter size-medium wp-image-5774\" title=\"Zerdab-konfrans \" src=\"http:\/\/www.zerdab.com\/wp-content\/uploads\/2012\/12\/Konfrans-1-11-350x245.jpg\" alt=\"\" width=\"350\" height=\"245\" \/><\/a>Z\u0259rdab \u015f\u0259h\u0259rind\u0259 \u201cM\u00fcasir m\u0259rh\u0259l\u0259d\u0259 f\u0259al (interaktiv) \u0259d\u0259biyyat d\u0259rsl\u0259rinin t\u0259\u015fkili: reall\u0131qlar v\u0259 perspektivl\u0259r\u201d m\u00f6vzusunda elmi-praktik konfrans ke\u00e7irilib. www.zerdab.com sayt\u0131n\u0131n yayd\u0131\u011f\u0131 m\u0259lumata g\u00f6r\u0259, konfransda Nizami ad\u0131na \u018fd\u0259biyyat \u0130nstitutunun \u015f\u00f6b\u0259 m\u00fcdiri, filologiya elml\u0259r doktoru Arif \u018fmraho\u011flu, Az\u0259rbaycan M\u00fc\u0259lliml\u0259r \u0130nstitutunun dosenti, pedaqoji elml\u0259r namiz\u0259di, \u0259d\u0259biyyat d\u0259rslikl\u0259rinin m\u00fc\u0259llifi Bilal H\u0259s\u0259nli i\u015ftirak edibl\u0259r.\u00a0<\/strong><\/p>\n<p>Konfrans\u0131 giri\u015f s\u00f6z\u00fc il\u0259 Z\u0259rdab Rayon T\u0259hsil \u015e\u00f6b\u0259sinin m\u00fcdiri, filologiya elml\u0259ri doktoru Baba Babayev a\u00e7\u0131b. B.Babayev interaktiv t\u0259lim metodlar\u0131n\u0131n \u0259h\u0259miyy\u0259tini qeyd ed\u0259r\u0259k vur\u011fulay\u0131b ki, interaktiv t\u0259lim idrak\u0131 v\u0259 kommunikativ f\u0259aliyy\u0259tin el\u0259 bir formas\u0131d\u0131r ki, t\u0259dris olunan m\u00f6vzunun m\u0259nims\u0259nilm\u0259sin\u0259 proses i\u015ftirak\u00e7\u0131lar\u0131n\u0131n h\u0259r biri \u00f6z t\u00f6hf\u0259sini verir. Bu prosesd\u0259 yaln\u0131z m\u00fc\u0259lliml\u0259 \u015fagirdl\u0259r deyil, h\u0259m d\u0259 \u015fagirdl\u0259r \u00f6z aralar\u0131nda s\u00f6hb\u0259t v\u0259 dialoq rejimind\u0259 f\u0259aliyy\u0259t g\u00f6st\u0259rirl\u0259r. \u0130nteraktiv metodlar bilikl\u0259rin \u015fagirdl\u0259r\u0259 haz\u0131r \u015f\u0259kild\u0259 verilm\u0259sini deyil, bu bilikl\u0259ri daha \u00e7ox onlar\u0131n \u00f6zl\u0259rinin birlikd\u0259 axtar\u0131b tapmalar\u0131na yard\u0131m\u0131 n\u0259z\u0259rd\u0259 tutdu\u011fundan t\u0259lim prosesind\u0259 m\u00fc\u0259llim t\u0259\u015fkiledici, \u0259laq\u0259l\u0259ndirici, istiqam\u0259tverici v\u0259 m\u0259sl\u0259h\u0259tverici, \u015fagirdl\u0259r is\u0259 t\u0259cr\u00fcb\u0259\u00e7i, t\u0259dqiqat\u00e7\u0131 v\u0259 yarad\u0131c\u0131 subyektl\u0259r kimi f\u0259aliyy\u0259t g\u00f6st\u0259rirl\u0259r.<br \/>\nSonra \u201cM\u00fcasir m\u0259rh\u0259l\u0259d\u0259 f\u0259al (interaktiv) \u0259d\u0259biyyat d\u0259rsl\u0259rinin t\u0259\u015fkili: reall\u0131qlar v\u0259 perspektivl\u0259r\u201d m\u00f6vzusunda Az\u0259rbaycan M\u00fc\u0259lliml\u0259r \u0130nstitutunun dosenti, pedaqoji elml\u0259r namiz\u0259di, \u0259d\u0259biyyat d\u0259rslikl\u0259rinin m\u00fc\u0259llifi Bilal H\u0259s\u0259nlinin, \u201c\u018fd\u0259biyyat d\u0259rsl\u0259rind\u0259 b\u0259dii m\u0259tn v\u0259 interaktiv metod\u201d m\u00f6vzusunda Nizami ad\u0131na \u018fd\u0259biyyat \u0130nstitutunun \u015f\u00f6b\u0259 m\u00fcdiri, filologiya elml\u0259r doktoru Arif \u018fmraho\u011flunun m\u0259ruz\u0259l\u0259ri dinl\u0259nilib.<br \/>\nDaha sonra m\u0259ruz\u0259l\u0259r \u0259traf\u0131nda \u00e7\u0131x\u0131\u015flar ba\u015flan\u0131l\u0131b. \u015e\u0259h\u0259r 3 sayl\u0131 tam orta m\u0259kt\u0259bin Az\u0259rbaycan dili v\u0259 \u0259d\u0259biyyat\u0131 m\u00fc\u0259llimi C\u0259vahir \u0130smay\u0131lova, M\u0259mm\u0259dqas\u0131ml\u0131 k\u0259nd tam orta m\u0259kt\u0259bin Az\u0259rbaycan dili v\u0259 \u0259d\u0259biyyat\u0131 m\u00fc\u0259llimi Qalib M\u0259mm\u0259dov, Sar\u0131qaya k\u0259nd tam orta m\u0259kt\u0259bin Az\u0259rbaycan dili v\u0259 \u0259d\u0259biyyat\u0131 m\u00fc\u0259llimi G\u00fclba\u011f\u00e7a N\u0259biyeva, \u018flib\u0259yli k\u0259nd tam orta m\u0259kt\u0259bin Az\u0259rbaycan dili v\u0259 \u0259d\u0259biyyat\u0131 m\u00fc\u0259llimi Seymur Ta\u011f\u0131yev, \u018flib\u0259yli k\u0259nd tam orta m\u0259kt\u0259bin Az\u0259rbaycan dili v\u0259 \u0259d\u0259biyyat\u0131 m\u00fc\u0259llimi Aliya R\u00fcst\u0259mova \u00e7\u0131x\u0131\u015f ed\u0259r\u0259k bildirdil\u0259r ki, interaktiv t\u0259lim d\u0259rsd\u0259 yaranan, meydana \u00e7\u0131xan \u015fagirdl\u0259raras\u0131 \u00f6yr\u0259nm\u0259 \u00fcnsiyy\u0259ti v\u0259 \u0259m\u0259kda\u015fl\u0131\u011f\u0131, m\u00fc\u0259llim-\u015fagird birliyi n\u0259z\u0259rd\u0259 tutur. \u0130nteraktiv metodlar is\u0259 t\u0259lim prosesind\u0259 \u00f6yr\u0259nm\u0259 v\u0259 anla\u015fmaya, bacar\u0131q v\u0259 keyfiyy\u0259tl\u0259r\u0259 \u015fagirdl\u0259rin yiy\u0259l\u0259nm\u0259sini h\u0259yata ke\u00e7ir\u0259n \u00fcsullar, t\u0259rzl\u0259r, i\u015fl\u0259r,<br \/>\nyana\u015fmalar, vasit\u0259l\u0259rdir.<\/p>\n<p><strong>www.zerdab.com<\/strong><\/p>\n<figure id=\"attachment_5776\" aria-describedby=\"caption-attachment-5776\" style=\"width: 350px\" class=\"wp-caption aligncenter\"><a href=\"http:\/\/www.zerdab.com\/wp-content\/uploads\/2012\/12\/Konfrans-2.jpg\"><img loading=\"lazy\" decoding=\"async\" class=\"size-medium wp-image-5776\" title=\"Z\u0259rdabda elmi-praktik konfrans\" src=\"http:\/\/www.zerdab.com\/wp-content\/uploads\/2012\/12\/Konfrans-2-350x249.jpg\" alt=\"Z\u0259rdabda elmi-praktik konfrans\" width=\"350\" height=\"249\" \/><\/a><figcaption id=\"caption-attachment-5776\" class=\"wp-caption-text\"><strong>Z\u0259rdabda elmi-praktik konfrans<\/strong><\/figcaption><\/figure>\n","protected":false},"excerpt":{"rendered":"<p>Z\u0259rdab \u015f\u0259h\u0259rind\u0259 \u201cM\u00fcasir m\u0259rh\u0259l\u0259d\u0259 f\u0259al (interaktiv) \u0259d\u0259biyyat d\u0259rsl\u0259rinin t\u0259\u015fkili: reall\u0131qlar v\u0259 perspektivl\u0259r\u201d m\u00f6vzusunda elmi-praktik konfrans ke\u00e7irilib. www.zerdab.com sayt\u0131n\u0131n yayd\u0131\u011f\u0131 m\u0259lumata g\u00f6r\u0259, konfransda Nizami ad\u0131na \u018fd\u0259biyyat \u0130nstitutunun \u015f\u00f6b\u0259 m\u00fcdiri, filologiya elml\u0259r doktoru Arif \u018fmraho\u011flu, Az\u0259rbaycan M\u00fc\u0259lliml\u0259r \u0130nstitutunun dosenti, pedaqoji elml\u0259r namiz\u0259di, \u0259d\u0259biyyat d\u0259rslikl\u0259rinin m\u00fc\u0259llifi Bilal H\u0259s\u0259nli i\u015ftirak edibl\u0259r.\u00a0 Konfrans\u0131 giri\u015f s\u00f6z\u00fc il\u0259 Z\u0259rdab Rayon T\u0259hsil \u015e\u00f6b\u0259sinin [&hellip;]<\/p>\n","protected":false},"author":1,"featured_media":0,"comment_status":"open","ping_status":"open","sticky":false,"template":"","format":"standard","meta":{"footnotes":""},"categories":[5],"tags":[],"class_list":{"0":"post-5772","1":"post","2":"type-post","3":"status-publish","4":"format-standard","6":"category-knd"},"yoast_head":"<!-- This site is optimized with the Yoast SEO plugin v27.0 - https:\/\/yoast.com\/product\/yoast-seo-wordpress\/ -->\n<title>Z\u0259rdabda elmi-praktik konfrans ke\u00e7irilib - fotolar - Z\u0259rdab.com<\/title>\n<meta name=\"robots\" content=\"index, follow, max-snippet:-1, max-image-preview:large, max-video-preview:-1\" \/>\n<link rel=\"canonical\" href=\"https:\/\/www.zerdab.com\/?p=5772\" \/>\n<meta property=\"og:locale\" content=\"az_AZ\" \/>\n<meta property=\"og:type\" content=\"article\" \/>\n<meta property=\"og:title\" content=\"Z\u0259rdabda elmi-praktik konfrans ke\u00e7irilib - fotolar - Z\u0259rdab.com\" \/>\n<meta property=\"og:description\" content=\"Z\u0259rdab \u015f\u0259h\u0259rind\u0259 \u201cM\u00fcasir m\u0259rh\u0259l\u0259d\u0259 f\u0259al (interaktiv) \u0259d\u0259biyyat d\u0259rsl\u0259rinin t\u0259\u015fkili: reall\u0131qlar v\u0259 perspektivl\u0259r\u201d m\u00f6vzusunda elmi-praktik konfrans ke\u00e7irilib. www.zerdab.com sayt\u0131n\u0131n yayd\u0131\u011f\u0131 m\u0259lumata g\u00f6r\u0259, konfransda Nizami ad\u0131na \u018fd\u0259biyyat \u0130nstitutunun \u015f\u00f6b\u0259 m\u00fcdiri, filologiya elml\u0259r doktoru Arif \u018fmraho\u011flu, Az\u0259rbaycan M\u00fc\u0259lliml\u0259r \u0130nstitutunun dosenti, pedaqoji elml\u0259r namiz\u0259di, \u0259d\u0259biyyat d\u0259rslikl\u0259rinin m\u00fc\u0259llifi Bilal H\u0259s\u0259nli i\u015ftirak edibl\u0259r.\u00a0 Konfrans\u0131 giri\u015f s\u00f6z\u00fc il\u0259 Z\u0259rdab Rayon T\u0259hsil \u015e\u00f6b\u0259sinin [&hellip;]\" \/>\n<meta property=\"og:url\" content=\"https:\/\/www.zerdab.com\/?p=5772\" \/>\n<meta property=\"og:site_name\" content=\"Z\u0259rdab.com\" \/>\n<meta property=\"article:published_time\" content=\"2012-12-03T07:54:11+00:00\" \/>\n<meta property=\"article:modified_time\" content=\"2012-12-03T07:55:28+00:00\" \/>\n<meta property=\"og:image\" content=\"http:\/\/www.zerdab.com\/wp-content\/uploads\/2012\/12\/Konfrans-1-11-350x245.jpg\" \/>\n<meta name=\"author\" content=\"admin\" \/>\n<meta name=\"twitter:card\" content=\"summary_large_image\" \/>\n<meta name=\"twitter:label1\" content=\"Written by\" \/>\n\t<meta name=\"twitter:data1\" content=\"admin\" \/>\n\t<meta name=\"twitter:label2\" content=\"Est. reading time\" \/>\n\t<meta name=\"twitter:data2\" content=\"3 minutes\" \/>\n<script type=\"application\/ld+json\" class=\"yoast-schema-graph\">{\"@context\":\"https:\/\/schema.org\",\"@graph\":[{\"@type\":\"Article\",\"@id\":\"https:\/\/www.zerdab.com\/?p=5772#article\",\"isPartOf\":{\"@id\":\"https:\/\/www.zerdab.com\/?p=5772\"},\"author\":{\"name\":\"admin\",\"@id\":\"https:\/\/www.zerdab.com\/#\/schema\/person\/97079b7570c1e89ec0d9e138c3672136\"},\"headline\":\"Z\u0259rdabda elmi-praktik konfrans ke\u00e7irilib &#8211; fotolar\",\"datePublished\":\"2012-12-03T07:54:11+00:00\",\"dateModified\":\"2012-12-03T07:55:28+00:00\",\"mainEntityOfPage\":{\"@id\":\"https:\/\/www.zerdab.com\/?p=5772\"},\"wordCount\":565,\"commentCount\":0,\"image\":{\"@id\":\"https:\/\/www.zerdab.com\/?p=5772#primaryimage\"},\"thumbnailUrl\":\"http:\/\/www.zerdab.com\/wp-content\/uploads\/2012\/12\/Konfrans-1-11-350x245.jpg\",\"articleSection\":[\"X\u018fB\u018fRL\u018fR\"],\"inLanguage\":\"az\",\"potentialAction\":[{\"@type\":\"CommentAction\",\"name\":\"Comment\",\"target\":[\"https:\/\/www.zerdab.com\/?p=5772#respond\"]}]},{\"@type\":\"WebPage\",\"@id\":\"https:\/\/www.zerdab.com\/?p=5772\",\"url\":\"https:\/\/www.zerdab.com\/?p=5772\",\"name\":\"Z\u0259rdabda elmi-praktik konfrans ke\u00e7irilib - fotolar - Z\u0259rdab.com\",\"isPartOf\":{\"@id\":\"https:\/\/www.zerdab.com\/#website\"},\"primaryImageOfPage\":{\"@id\":\"https:\/\/www.zerdab.com\/?p=5772#primaryimage\"},\"image\":{\"@id\":\"https:\/\/www.zerdab.com\/?p=5772#primaryimage\"},\"thumbnailUrl\":\"http:\/\/www.zerdab.com\/wp-content\/uploads\/2012\/12\/Konfrans-1-11-350x245.jpg\",\"datePublished\":\"2012-12-03T07:54:11+00:00\",\"dateModified\":\"2012-12-03T07:55:28+00:00\",\"author\":{\"@id\":\"https:\/\/www.zerdab.com\/#\/schema\/person\/97079b7570c1e89ec0d9e138c3672136\"},\"breadcrumb\":{\"@id\":\"https:\/\/www.zerdab.com\/?p=5772#breadcrumb\"},\"inLanguage\":\"az\",\"potentialAction\":[{\"@type\":\"ReadAction\",\"target\":[\"https:\/\/www.zerdab.com\/?p=5772\"]}]},{\"@type\":\"ImageObject\",\"inLanguage\":\"az\",\"@id\":\"https:\/\/www.zerdab.com\/?p=5772#primaryimage\",\"url\":\"\",\"contentUrl\":\"\"},{\"@type\":\"BreadcrumbList\",\"@id\":\"https:\/\/www.zerdab.com\/?p=5772#breadcrumb\",\"itemListElement\":[{\"@type\":\"ListItem\",\"position\":1,\"name\":\"Home\",\"item\":\"https:\/\/www.zerdab.com\/\"},{\"@type\":\"ListItem\",\"position\":2,\"name\":\"Z\u0259rdabda elmi-praktik konfrans ke\u00e7irilib &#8211; fotolar\"}]},{\"@type\":\"WebSite\",\"@id\":\"https:\/\/www.zerdab.com\/#website\",\"url\":\"https:\/\/www.zerdab.com\/\",\"name\":\"Z\u0259rdab.com\",\"description\":\"\",\"potentialAction\":[{\"@type\":\"SearchAction\",\"target\":{\"@type\":\"EntryPoint\",\"urlTemplate\":\"https:\/\/www.zerdab.com\/?s={search_term_string}\"},\"query-input\":{\"@type\":\"PropertyValueSpecification\",\"valueRequired\":true,\"valueName\":\"search_term_string\"}}],\"inLanguage\":\"az\"},{\"@type\":\"Person\",\"@id\":\"https:\/\/www.zerdab.com\/#\/schema\/person\/97079b7570c1e89ec0d9e138c3672136\",\"name\":\"admin\",\"image\":{\"@type\":\"ImageObject\",\"inLanguage\":\"az\",\"@id\":\"https:\/\/www.zerdab.com\/#\/schema\/person\/image\/\",\"url\":\"https:\/\/secure.gravatar.com\/avatar\/d9c52a9a27c32119cb6679a077fa3e2779e5f822c451cbf01098004361d466ec?s=96&d=mm&r=g\",\"contentUrl\":\"https:\/\/secure.gravatar.com\/avatar\/d9c52a9a27c32119cb6679a077fa3e2779e5f822c451cbf01098004361d466ec?s=96&d=mm&r=g\",\"caption\":\"admin\"},\"url\":\"https:\/\/www.zerdab.com\/?author=1\"}]}<\/script>\n<!-- \/ Yoast SEO plugin. -->","yoast_head_json":{"title":"Z\u0259rdabda elmi-praktik konfrans ke\u00e7irilib - fotolar - Z\u0259rdab.com","robots":{"index":"index","follow":"follow","max-snippet":"max-snippet:-1","max-image-preview":"max-image-preview:large","max-video-preview":"max-video-preview:-1"},"canonical":"https:\/\/www.zerdab.com\/?p=5772","og_locale":"az_AZ","og_type":"article","og_title":"Z\u0259rdabda elmi-praktik konfrans ke\u00e7irilib - fotolar - Z\u0259rdab.com","og_description":"Z\u0259rdab \u015f\u0259h\u0259rind\u0259 \u201cM\u00fcasir m\u0259rh\u0259l\u0259d\u0259 f\u0259al (interaktiv) \u0259d\u0259biyyat d\u0259rsl\u0259rinin t\u0259\u015fkili: reall\u0131qlar v\u0259 perspektivl\u0259r\u201d m\u00f6vzusunda elmi-praktik konfrans ke\u00e7irilib. www.zerdab.com sayt\u0131n\u0131n yayd\u0131\u011f\u0131 m\u0259lumata g\u00f6r\u0259, konfransda Nizami ad\u0131na \u018fd\u0259biyyat \u0130nstitutunun \u015f\u00f6b\u0259 m\u00fcdiri, filologiya elml\u0259r doktoru Arif \u018fmraho\u011flu, Az\u0259rbaycan M\u00fc\u0259lliml\u0259r \u0130nstitutunun dosenti, pedaqoji elml\u0259r namiz\u0259di, \u0259d\u0259biyyat d\u0259rslikl\u0259rinin m\u00fc\u0259llifi Bilal H\u0259s\u0259nli i\u015ftirak edibl\u0259r.\u00a0 Konfrans\u0131 giri\u015f s\u00f6z\u00fc il\u0259 Z\u0259rdab Rayon T\u0259hsil \u015e\u00f6b\u0259sinin [&hellip;]","og_url":"https:\/\/www.zerdab.com\/?p=5772","og_site_name":"Z\u0259rdab.com","article_published_time":"2012-12-03T07:54:11+00:00","article_modified_time":"2012-12-03T07:55:28+00:00","og_image":[{"url":"http:\/\/www.zerdab.com\/wp-content\/uploads\/2012\/12\/Konfrans-1-11-350x245.jpg","type":"","width":"","height":""}],"author":"admin","twitter_card":"summary_large_image","twitter_misc":{"Written by":"admin","Est. reading time":"3 minutes"},"schema":{"@context":"https:\/\/schema.org","@graph":[{"@type":"Article","@id":"https:\/\/www.zerdab.com\/?p=5772#article","isPartOf":{"@id":"https:\/\/www.zerdab.com\/?p=5772"},"author":{"name":"admin","@id":"https:\/\/www.zerdab.com\/#\/schema\/person\/97079b7570c1e89ec0d9e138c3672136"},"headline":"Z\u0259rdabda elmi-praktik konfrans ke\u00e7irilib &#8211; fotolar","datePublished":"2012-12-03T07:54:11+00:00","dateModified":"2012-12-03T07:55:28+00:00","mainEntityOfPage":{"@id":"https:\/\/www.zerdab.com\/?p=5772"},"wordCount":565,"commentCount":0,"image":{"@id":"https:\/\/www.zerdab.com\/?p=5772#primaryimage"},"thumbnailUrl":"http:\/\/www.zerdab.com\/wp-content\/uploads\/2012\/12\/Konfrans-1-11-350x245.jpg","articleSection":["X\u018fB\u018fRL\u018fR"],"inLanguage":"az","potentialAction":[{"@type":"CommentAction","name":"Comment","target":["https:\/\/www.zerdab.com\/?p=5772#respond"]}]},{"@type":"WebPage","@id":"https:\/\/www.zerdab.com\/?p=5772","url":"https:\/\/www.zerdab.com\/?p=5772","name":"Z\u0259rdabda elmi-praktik konfrans ke\u00e7irilib - fotolar - Z\u0259rdab.com","isPartOf":{"@id":"https:\/\/www.zerdab.com\/#website"},"primaryImageOfPage":{"@id":"https:\/\/www.zerdab.com\/?p=5772#primaryimage"},"image":{"@id":"https:\/\/www.zerdab.com\/?p=5772#primaryimage"},"thumbnailUrl":"http:\/\/www.zerdab.com\/wp-content\/uploads\/2012\/12\/Konfrans-1-11-350x245.jpg","datePublished":"2012-12-03T07:54:11+00:00","dateModified":"2012-12-03T07:55:28+00:00","author":{"@id":"https:\/\/www.zerdab.com\/#\/schema\/person\/97079b7570c1e89ec0d9e138c3672136"},"breadcrumb":{"@id":"https:\/\/www.zerdab.com\/?p=5772#breadcrumb"},"inLanguage":"az","potentialAction":[{"@type":"ReadAction","target":["https:\/\/www.zerdab.com\/?p=5772"]}]},{"@type":"ImageObject","inLanguage":"az","@id":"https:\/\/www.zerdab.com\/?p=5772#primaryimage","url":"","contentUrl":""},{"@type":"BreadcrumbList","@id":"https:\/\/www.zerdab.com\/?p=5772#breadcrumb","itemListElement":[{"@type":"ListItem","position":1,"name":"Home","item":"https:\/\/www.zerdab.com\/"},{"@type":"ListItem","position":2,"name":"Z\u0259rdabda elmi-praktik konfrans ke\u00e7irilib &#8211; fotolar"}]},{"@type":"WebSite","@id":"https:\/\/www.zerdab.com\/#website","url":"https:\/\/www.zerdab.com\/","name":"Z\u0259rdab.com","description":"","potentialAction":[{"@type":"SearchAction","target":{"@type":"EntryPoint","urlTemplate":"https:\/\/www.zerdab.com\/?s={search_term_string}"},"query-input":{"@type":"PropertyValueSpecification","valueRequired":true,"valueName":"search_term_string"}}],"inLanguage":"az"},{"@type":"Person","@id":"https:\/\/www.zerdab.com\/#\/schema\/person\/97079b7570c1e89ec0d9e138c3672136","name":"admin","image":{"@type":"ImageObject","inLanguage":"az","@id":"https:\/\/www.zerdab.com\/#\/schema\/person\/image\/","url":"https:\/\/secure.gravatar.com\/avatar\/d9c52a9a27c32119cb6679a077fa3e2779e5f822c451cbf01098004361d466ec?s=96&d=mm&r=g","contentUrl":"https:\/\/secure.gravatar.com\/avatar\/d9c52a9a27c32119cb6679a077fa3e2779e5f822c451cbf01098004361d466ec?s=96&d=mm&r=g","caption":"admin"},"url":"https:\/\/www.zerdab.com\/?author=1"}]}},"_links":{"self":[{"href":"https:\/\/www.zerdab.com\/index.php?rest_route=\/wp\/v2\/posts\/5772","targetHints":{"allow":["GET"]}}],"collection":[{"href":"https:\/\/www.zerdab.com\/index.php?rest_route=\/wp\/v2\/posts"}],"about":[{"href":"https:\/\/www.zerdab.com\/index.php?rest_route=\/wp\/v2\/types\/post"}],"author":[{"embeddable":true,"href":"https:\/\/www.zerdab.com\/index.php?rest_route=\/wp\/v2\/users\/1"}],"replies":[{"embeddable":true,"href":"https:\/\/www.zerdab.com\/index.php?rest_route=%2Fwp%2Fv2%2Fcomments&post=5772"}],"version-history":[{"count":3,"href":"https:\/\/www.zerdab.com\/index.php?rest_route=\/wp\/v2\/posts\/5772\/revisions"}],"predecessor-version":[{"id":5777,"href":"https:\/\/www.zerdab.com\/index.php?rest_route=\/wp\/v2\/posts\/5772\/revisions\/5777"}],"wp:attachment":[{"href":"https:\/\/www.zerdab.com\/index.php?rest_route=%2Fwp%2Fv2%2Fmedia&parent=5772"}],"wp:term":[{"taxonomy":"category","embeddable":true,"href":"https:\/\/www.zerdab.com\/index.php?rest_route=%2Fwp%2Fv2%2Fcategories&post=5772"},{"taxonomy":"post_tag","embeddable":true,"href":"https:\/\/www.zerdab.com\/index.php?rest_route=%2Fwp%2Fv2%2Ftags&post=5772"}],"curies":[{"name":"wp","href":"https:\/\/api.w.org\/{rel}","templated":true}]}}