{"id":5850,"date":"2012-12-08T12:34:50","date_gmt":"2012-12-08T08:34:50","guid":{"rendered":"http:\/\/www.zerdab.com\/?p=5850"},"modified":"2012-12-08T12:38:57","modified_gmt":"2012-12-08T08:38:57","slug":"ulu-ond%c9%99rin-xatir%c9%99si-isiginda-fotolar","status":"publish","type":"post","link":"https:\/\/www.zerdab.com\/?p=5850","title":{"rendered":"\u201cUlu \u00d6nd\u0259rin xatir\u0259si i\u015f\u0131\u011f\u0131nda\u201d &#8211; fotolar"},"content":{"rendered":"<p><strong><a href=\"http:\/\/www.zerdab.com\/wp-content\/uploads\/2012\/12\/Z\u0259rdab-rayon-Heyd\u0259r-\u018fliyev-M\u0259rk\u0259zi.jpg\"><img loading=\"lazy\" decoding=\"async\" class=\"aligncenter size-medium wp-image-5851\" title=\"Z\u0259rdab rayon Heyd\u0259r \u018fliyev M\u0259rk\u0259zi\" src=\"http:\/\/www.zerdab.com\/wp-content\/uploads\/2012\/12\/Z\u0259rdab-rayon-Heyd\u0259r-\u018fliyev-M\u0259rk\u0259zi-350x232.jpg\" alt=\"\" width=\"350\" height=\"232\" \/><\/a>Z\u0259rdab rayon Heyd\u0259r \u018fliyev M\u0259rk\u0259zind\u0259 Ulu \u00d6nd\u0259rin an\u0131m g\u00fcn\u00fcn\u00fcn qeyd edilm\u0259si il\u0259 ba\u011fl\u0131 \u201cUlu \u00d6nd\u0259rin xatir\u0259si i\u015f\u0131\u011f\u0131nda\u201d m\u00f6vzusunda \u0259d\u0259bi-b\u0259dii gec\u0259 ke\u00e7irildi.<\/strong>\u00a0Z\u0259rdab R\u0130HBA-n\u0131n informasiya t\u0259minat\u0131 v\u0259 t\u0259hlil sektorunun yayd\u0131\u011f\u0131 m\u0259lumata g\u00f6r\u0259, t\u0259dbiri giri\u015f s\u00f6z\u00fc il\u0259 Heyd\u0259r \u018fliyev M\u0259rk\u0259zinin direktoru Nail\u0259 \u018fliyeva a\u00e7d\u0131. T\u0259dbir i\u015ftirak\u00e7\u0131lar\u0131 K\u00f6n\u00fcl R\u0259himova v\u0259 G\u00fcnel Qas\u0131movan\u0131n apar\u0131c\u0131l\u0131\u011f\u0131 v\u0259 \u015f\u0259h\u0259r 1, 2, v\u0259 3 sayl\u0131 m\u0259kt\u0259bl\u0259rin \u015fagirdl\u0259rinin i\u015ftirak\u0131 il\u0259 \u201cS\u0259n el\u0259 bir zirv\u0259s\u0259n\u201d adl\u0131 b\u0259dii kompozisiyaya tama\u015fa edibl\u0259r.\u00a0Sonra \u201c\u015e\u0259r\u0259f ni\u015fan\u0131 ordenli\u201d, \u0259m\u0259k veteran\u0131, Rayon Veteranlar \u015euras\u0131n\u0131n s\u0259dri H\u00fcseyn H\u0259s\u0259nov, ke\u00e7mi\u015f SSR\u0130 Ali Sovetinin deputat\u0131, \u201c\u018fm\u0259k \u015f\u00f6hr\u0259ti\u201d ordeni il\u0259 t\u0259ltif olunmu\u015f M\u0259tan\u0259t Abdur\u0259hmanova, 2 d\u0259f\u0259 \u201cQ\u0131rm\u0131z\u0131 \u0259m\u0259k bayra\u011f\u0131\u201d ordeni, 5 d\u0259f\u0259 ke\u00e7mi\u015f SSR\u0130 Xalq T\u0259s\u0259rr\u00fcfat\u0131 Nailiyy\u0259tl\u0259ri S\u0259rgisind\u0259 i\u015ftirak etmi\u015f g\u00fcm\u00fc\u015f, b\u00fcr\u00fcnc medallarla t\u0259ltif edilmi\u015f G\u00f6d\u0259kqobu k\u0259nd sakini Xalid \u0130xtiyarov, M\u0259rk\u0259zl\u0259\u015fdirilmi\u015f Kitabxana Sisteminin direktoru G\u00fclnar M\u0259h\u0259rr\u0259mova, H\u0259s\u0259n B\u0259y Z\u0259rdabi muzeyinin direktoru V\u0259fa Bayramova, \u201cT\u0259r\u0259qqi\u201d medall\u0131 m\u00fc\u0259llim\u0259 Firuz\u0259 Qocayeva, Z\u0259rdab Rayon \u0130cra Hakimiyy\u0259ti Ba\u015f\u00e7\u0131s\u0131n\u0131n birinci m\u00fcavini Allahverdi S\u0259f\u0259rovun \u00e7\u0131x\u0131\u015flar\u0131 maraqla dinl\u0259nilib.\u00a0Natiql\u0259r \u00dcmummilli lider Heyd\u0259r \u018fliyevin Az\u0259rbaycan xalq\u0131 qar\u015f\u0131s\u0131nda xidm\u0259tl\u0259rini y\u00fcks\u0259k qiym\u0259tl\u0259ndiribl\u0259r. 1978-ci ilin 29 may tarixi x\u00fcsusi vur\u011fulan\u0131b. H\u0259min g\u00fcn Ulu \u00d6nd\u0259r Heyd\u0259r \u018fliyev Z\u0259rdabda olmas\u0131, K\u00fcr \u00e7ay\u0131n\u0131n da\u015fmas\u0131 s\u0259b\u0259bind\u0259n yaranan t\u0259bii f\u0259lak\u0259tin n\u0259tic\u0259l\u0259rinin aradan qald\u0131r\u0131lmas\u0131 il\u0259 ba\u011fl\u0131 xilaskarl\u0131q missiyas\u0131 y\u00fcks\u0259k qiym\u0259tl\u0259ndirilib.\u00a0Az\u0259rbaycan Respublikas\u0131n\u0131n s\u00fckan\u0131n\u0131n bu g\u00fcn d\u0259 etibarl\u0131 \u0259ll\u0259rd\u0259 olmas\u0131ndan m\u0259mnunluq ifad\u0259 ed\u0259n t\u0259dbir i\u015ftirak\u00e7\u0131lar\u0131 m\u0259zar\u0131 \u00fcmumxalq ziyar\u0259tgah\u0131na \u00e7evrilmi\u015f Ulu \u00d6nd\u0259rin unudulmaz xatir\u0259sinin xalq\u0131m\u0131z\u0131n, o c\u00fcml\u0259d\u0259n z\u0259rdabl\u0131lar\u0131n q\u0259lbind\u0259 \u0259b\u0259di ya\u015fayaca\u011f\u0131n\u0131 vur\u011fulay\u0131blar.<\/p>\n<p><a href=\"http:\/\/www.zerdab.com\/wp-content\/uploads\/2012\/12\/Z\u0259rdab-rayon-Heyd\u0259r-\u018fliyev-M\u0259rk\u0259zi-.jpg\"><img loading=\"lazy\" decoding=\"async\" class=\"aligncenter size-medium wp-image-5853\" title=\"Z\u0259rdab rayon Heyd\u0259r \u018fliyev M\u0259rk\u0259zi--\" src=\"http:\/\/www.zerdab.com\/wp-content\/uploads\/2012\/12\/Z\u0259rdab-rayon-Heyd\u0259r-\u018fliyev-M\u0259rk\u0259zi--350x232.jpg\" alt=\"\" width=\"350\" height=\"232\" \/><\/a><\/p>\n<p><a href=\"http:\/\/www.zerdab.com\/wp-content\/uploads\/2012\/12\/Z\u0259rdab-rayon-Heyd\u0259r-\u018fliyev-M\u0259rk\u0259zi-1.jpg\"><img loading=\"lazy\" decoding=\"async\" class=\"aligncenter size-medium wp-image-5854\" title=\"Z\u0259rdab rayon Heyd\u0259r \u018fliyev M\u0259rk\u0259zi-\" src=\"http:\/\/www.zerdab.com\/wp-content\/uploads\/2012\/12\/Z\u0259rdab-rayon-Heyd\u0259r-\u018fliyev-M\u0259rk\u0259zi-1-350x232.jpg\" alt=\"\" width=\"350\" height=\"232\" \/><\/a><\/p>\n","protected":false},"excerpt":{"rendered":"<p>Z\u0259rdab rayon Heyd\u0259r \u018fliyev M\u0259rk\u0259zind\u0259 Ulu \u00d6nd\u0259rin an\u0131m g\u00fcn\u00fcn\u00fcn qeyd edilm\u0259si il\u0259 ba\u011fl\u0131 \u201cUlu \u00d6nd\u0259rin xatir\u0259si i\u015f\u0131\u011f\u0131nda\u201d m\u00f6vzusunda \u0259d\u0259bi-b\u0259dii gec\u0259 ke\u00e7irildi.\u00a0Z\u0259rdab R\u0130HBA-n\u0131n informasiya t\u0259minat\u0131 v\u0259 t\u0259hlil sektorunun yayd\u0131\u011f\u0131 m\u0259lumata g\u00f6r\u0259, t\u0259dbiri giri\u015f s\u00f6z\u00fc il\u0259 Heyd\u0259r \u018fliyev M\u0259rk\u0259zinin direktoru Nail\u0259 \u018fliyeva a\u00e7d\u0131. T\u0259dbir i\u015ftirak\u00e7\u0131lar\u0131 K\u00f6n\u00fcl R\u0259himova v\u0259 G\u00fcnel Qas\u0131movan\u0131n apar\u0131c\u0131l\u0131\u011f\u0131 v\u0259 \u015f\u0259h\u0259r 1, 2, v\u0259 3 [&hellip;]<\/p>\n","protected":false},"author":1,"featured_media":0,"comment_status":"open","ping_status":"open","sticky":false,"template":"","format":"standard","meta":{"footnotes":""},"categories":[21],"tags":[],"class_list":{"0":"post-5850","1":"post","2":"type-post","3":"status-publish","4":"format-standard","6":"category-zrdab"},"yoast_head":"<!-- This site is optimized with the Yoast SEO plugin v27.0 - https:\/\/yoast.com\/product\/yoast-seo-wordpress\/ -->\n<title>\u201cUlu \u00d6nd\u0259rin xatir\u0259si i\u015f\u0131\u011f\u0131nda\u201d - fotolar - Z\u0259rdab.com<\/title>\n<meta name=\"robots\" content=\"index, follow, max-snippet:-1, max-image-preview:large, max-video-preview:-1\" \/>\n<link rel=\"canonical\" href=\"https:\/\/www.zerdab.com\/?p=5850\" \/>\n<meta property=\"og:locale\" content=\"az_AZ\" \/>\n<meta property=\"og:type\" content=\"article\" \/>\n<meta property=\"og:title\" content=\"\u201cUlu \u00d6nd\u0259rin xatir\u0259si i\u015f\u0131\u011f\u0131nda\u201d - fotolar - Z\u0259rdab.com\" \/>\n<meta property=\"og:description\" content=\"Z\u0259rdab rayon Heyd\u0259r \u018fliyev M\u0259rk\u0259zind\u0259 Ulu \u00d6nd\u0259rin an\u0131m g\u00fcn\u00fcn\u00fcn qeyd edilm\u0259si il\u0259 ba\u011fl\u0131 \u201cUlu \u00d6nd\u0259rin xatir\u0259si i\u015f\u0131\u011f\u0131nda\u201d m\u00f6vzusunda \u0259d\u0259bi-b\u0259dii gec\u0259 ke\u00e7irildi.\u00a0Z\u0259rdab R\u0130HBA-n\u0131n informasiya t\u0259minat\u0131 v\u0259 t\u0259hlil sektorunun yayd\u0131\u011f\u0131 m\u0259lumata g\u00f6r\u0259, t\u0259dbiri giri\u015f s\u00f6z\u00fc il\u0259 Heyd\u0259r \u018fliyev M\u0259rk\u0259zinin direktoru Nail\u0259 \u018fliyeva a\u00e7d\u0131. T\u0259dbir i\u015ftirak\u00e7\u0131lar\u0131 K\u00f6n\u00fcl R\u0259himova v\u0259 G\u00fcnel Qas\u0131movan\u0131n apar\u0131c\u0131l\u0131\u011f\u0131 v\u0259 \u015f\u0259h\u0259r 1, 2, v\u0259 3 [&hellip;]\" \/>\n<meta property=\"og:url\" content=\"https:\/\/www.zerdab.com\/?p=5850\" \/>\n<meta property=\"og:site_name\" content=\"Z\u0259rdab.com\" \/>\n<meta property=\"article:published_time\" content=\"2012-12-08T08:34:50+00:00\" \/>\n<meta property=\"article:modified_time\" content=\"2012-12-08T08:38:57+00:00\" \/>\n<meta name=\"author\" content=\"admin\" \/>\n<meta name=\"twitter:card\" content=\"summary_large_image\" \/>\n<meta name=\"twitter:label1\" content=\"Written by\" \/>\n\t<meta name=\"twitter:data1\" content=\"admin\" \/>\n\t<meta name=\"twitter:label2\" content=\"Est. reading time\" \/>\n\t<meta name=\"twitter:data2\" content=\"2 minutes\" \/>\n<script type=\"application\/ld+json\" class=\"yoast-schema-graph\">{\"@context\":\"https:\/\/schema.org\",\"@graph\":[{\"@type\":\"Article\",\"@id\":\"https:\/\/www.zerdab.com\/?p=5850#article\",\"isPartOf\":{\"@id\":\"https:\/\/www.zerdab.com\/?p=5850\"},\"author\":{\"name\":\"admin\",\"@id\":\"https:\/\/www.zerdab.com\/#\/schema\/person\/97079b7570c1e89ec0d9e138c3672136\"},\"headline\":\"\u201cUlu \u00d6nd\u0259rin xatir\u0259si i\u015f\u0131\u011f\u0131nda\u201d &#8211; fotolar\",\"datePublished\":\"2012-12-08T08:34:50+00:00\",\"dateModified\":\"2012-12-08T08:38:57+00:00\",\"mainEntityOfPage\":{\"@id\":\"https:\/\/www.zerdab.com\/?p=5850\"},\"wordCount\":416,\"commentCount\":0,\"articleSection\":[\"C\u018fM\u0130YY\u018fT\"],\"inLanguage\":\"az\",\"potentialAction\":[{\"@type\":\"CommentAction\",\"name\":\"Comment\",\"target\":[\"https:\/\/www.zerdab.com\/?p=5850#respond\"]}]},{\"@type\":\"WebPage\",\"@id\":\"https:\/\/www.zerdab.com\/?p=5850\",\"url\":\"https:\/\/www.zerdab.com\/?p=5850\",\"name\":\"\u201cUlu \u00d6nd\u0259rin xatir\u0259si i\u015f\u0131\u011f\u0131nda\u201d - fotolar - Z\u0259rdab.com\",\"isPartOf\":{\"@id\":\"https:\/\/www.zerdab.com\/#website\"},\"datePublished\":\"2012-12-08T08:34:50+00:00\",\"dateModified\":\"2012-12-08T08:38:57+00:00\",\"author\":{\"@id\":\"https:\/\/www.zerdab.com\/#\/schema\/person\/97079b7570c1e89ec0d9e138c3672136\"},\"breadcrumb\":{\"@id\":\"https:\/\/www.zerdab.com\/?p=5850#breadcrumb\"},\"inLanguage\":\"az\",\"potentialAction\":[{\"@type\":\"ReadAction\",\"target\":[\"https:\/\/www.zerdab.com\/?p=5850\"]}]},{\"@type\":\"BreadcrumbList\",\"@id\":\"https:\/\/www.zerdab.com\/?p=5850#breadcrumb\",\"itemListElement\":[{\"@type\":\"ListItem\",\"position\":1,\"name\":\"Home\",\"item\":\"https:\/\/www.zerdab.com\/\"},{\"@type\":\"ListItem\",\"position\":2,\"name\":\"\u201cUlu \u00d6nd\u0259rin xatir\u0259si i\u015f\u0131\u011f\u0131nda\u201d &#8211; fotolar\"}]},{\"@type\":\"WebSite\",\"@id\":\"https:\/\/www.zerdab.com\/#website\",\"url\":\"https:\/\/www.zerdab.com\/\",\"name\":\"Z\u0259rdab.com\",\"description\":\"\",\"potentialAction\":[{\"@type\":\"SearchAction\",\"target\":{\"@type\":\"EntryPoint\",\"urlTemplate\":\"https:\/\/www.zerdab.com\/?s={search_term_string}\"},\"query-input\":{\"@type\":\"PropertyValueSpecification\",\"valueRequired\":true,\"valueName\":\"search_term_string\"}}],\"inLanguage\":\"az\"},{\"@type\":\"Person\",\"@id\":\"https:\/\/www.zerdab.com\/#\/schema\/person\/97079b7570c1e89ec0d9e138c3672136\",\"name\":\"admin\",\"image\":{\"@type\":\"ImageObject\",\"inLanguage\":\"az\",\"@id\":\"https:\/\/www.zerdab.com\/#\/schema\/person\/image\/\",\"url\":\"https:\/\/secure.gravatar.com\/avatar\/d9c52a9a27c32119cb6679a077fa3e2779e5f822c451cbf01098004361d466ec?s=96&d=mm&r=g\",\"contentUrl\":\"https:\/\/secure.gravatar.com\/avatar\/d9c52a9a27c32119cb6679a077fa3e2779e5f822c451cbf01098004361d466ec?s=96&d=mm&r=g\",\"caption\":\"admin\"},\"url\":\"https:\/\/www.zerdab.com\/?author=1\"}]}<\/script>\n<!-- \/ Yoast SEO plugin. -->","yoast_head_json":{"title":"\u201cUlu \u00d6nd\u0259rin xatir\u0259si i\u015f\u0131\u011f\u0131nda\u201d - fotolar - Z\u0259rdab.com","robots":{"index":"index","follow":"follow","max-snippet":"max-snippet:-1","max-image-preview":"max-image-preview:large","max-video-preview":"max-video-preview:-1"},"canonical":"https:\/\/www.zerdab.com\/?p=5850","og_locale":"az_AZ","og_type":"article","og_title":"\u201cUlu \u00d6nd\u0259rin xatir\u0259si i\u015f\u0131\u011f\u0131nda\u201d - fotolar - Z\u0259rdab.com","og_description":"Z\u0259rdab rayon Heyd\u0259r \u018fliyev M\u0259rk\u0259zind\u0259 Ulu \u00d6nd\u0259rin an\u0131m g\u00fcn\u00fcn\u00fcn qeyd edilm\u0259si il\u0259 ba\u011fl\u0131 \u201cUlu \u00d6nd\u0259rin xatir\u0259si i\u015f\u0131\u011f\u0131nda\u201d m\u00f6vzusunda \u0259d\u0259bi-b\u0259dii gec\u0259 ke\u00e7irildi.\u00a0Z\u0259rdab R\u0130HBA-n\u0131n informasiya t\u0259minat\u0131 v\u0259 t\u0259hlil sektorunun yayd\u0131\u011f\u0131 m\u0259lumata g\u00f6r\u0259, t\u0259dbiri giri\u015f s\u00f6z\u00fc il\u0259 Heyd\u0259r \u018fliyev M\u0259rk\u0259zinin direktoru Nail\u0259 \u018fliyeva a\u00e7d\u0131. T\u0259dbir i\u015ftirak\u00e7\u0131lar\u0131 K\u00f6n\u00fcl R\u0259himova v\u0259 G\u00fcnel Qas\u0131movan\u0131n apar\u0131c\u0131l\u0131\u011f\u0131 v\u0259 \u015f\u0259h\u0259r 1, 2, v\u0259 3 [&hellip;]","og_url":"https:\/\/www.zerdab.com\/?p=5850","og_site_name":"Z\u0259rdab.com","article_published_time":"2012-12-08T08:34:50+00:00","article_modified_time":"2012-12-08T08:38:57+00:00","author":"admin","twitter_card":"summary_large_image","twitter_misc":{"Written by":"admin","Est. reading time":"2 minutes"},"schema":{"@context":"https:\/\/schema.org","@graph":[{"@type":"Article","@id":"https:\/\/www.zerdab.com\/?p=5850#article","isPartOf":{"@id":"https:\/\/www.zerdab.com\/?p=5850"},"author":{"name":"admin","@id":"https:\/\/www.zerdab.com\/#\/schema\/person\/97079b7570c1e89ec0d9e138c3672136"},"headline":"\u201cUlu \u00d6nd\u0259rin xatir\u0259si i\u015f\u0131\u011f\u0131nda\u201d &#8211; fotolar","datePublished":"2012-12-08T08:34:50+00:00","dateModified":"2012-12-08T08:38:57+00:00","mainEntityOfPage":{"@id":"https:\/\/www.zerdab.com\/?p=5850"},"wordCount":416,"commentCount":0,"articleSection":["C\u018fM\u0130YY\u018fT"],"inLanguage":"az","potentialAction":[{"@type":"CommentAction","name":"Comment","target":["https:\/\/www.zerdab.com\/?p=5850#respond"]}]},{"@type":"WebPage","@id":"https:\/\/www.zerdab.com\/?p=5850","url":"https:\/\/www.zerdab.com\/?p=5850","name":"\u201cUlu \u00d6nd\u0259rin xatir\u0259si i\u015f\u0131\u011f\u0131nda\u201d - fotolar - Z\u0259rdab.com","isPartOf":{"@id":"https:\/\/www.zerdab.com\/#website"},"datePublished":"2012-12-08T08:34:50+00:00","dateModified":"2012-12-08T08:38:57+00:00","author":{"@id":"https:\/\/www.zerdab.com\/#\/schema\/person\/97079b7570c1e89ec0d9e138c3672136"},"breadcrumb":{"@id":"https:\/\/www.zerdab.com\/?p=5850#breadcrumb"},"inLanguage":"az","potentialAction":[{"@type":"ReadAction","target":["https:\/\/www.zerdab.com\/?p=5850"]}]},{"@type":"BreadcrumbList","@id":"https:\/\/www.zerdab.com\/?p=5850#breadcrumb","itemListElement":[{"@type":"ListItem","position":1,"name":"Home","item":"https:\/\/www.zerdab.com\/"},{"@type":"ListItem","position":2,"name":"\u201cUlu \u00d6nd\u0259rin xatir\u0259si i\u015f\u0131\u011f\u0131nda\u201d &#8211; fotolar"}]},{"@type":"WebSite","@id":"https:\/\/www.zerdab.com\/#website","url":"https:\/\/www.zerdab.com\/","name":"Z\u0259rdab.com","description":"","potentialAction":[{"@type":"SearchAction","target":{"@type":"EntryPoint","urlTemplate":"https:\/\/www.zerdab.com\/?s={search_term_string}"},"query-input":{"@type":"PropertyValueSpecification","valueRequired":true,"valueName":"search_term_string"}}],"inLanguage":"az"},{"@type":"Person","@id":"https:\/\/www.zerdab.com\/#\/schema\/person\/97079b7570c1e89ec0d9e138c3672136","name":"admin","image":{"@type":"ImageObject","inLanguage":"az","@id":"https:\/\/www.zerdab.com\/#\/schema\/person\/image\/","url":"https:\/\/secure.gravatar.com\/avatar\/d9c52a9a27c32119cb6679a077fa3e2779e5f822c451cbf01098004361d466ec?s=96&d=mm&r=g","contentUrl":"https:\/\/secure.gravatar.com\/avatar\/d9c52a9a27c32119cb6679a077fa3e2779e5f822c451cbf01098004361d466ec?s=96&d=mm&r=g","caption":"admin"},"url":"https:\/\/www.zerdab.com\/?author=1"}]}},"_links":{"self":[{"href":"https:\/\/www.zerdab.com\/index.php?rest_route=\/wp\/v2\/posts\/5850","targetHints":{"allow":["GET"]}}],"collection":[{"href":"https:\/\/www.zerdab.com\/index.php?rest_route=\/wp\/v2\/posts"}],"about":[{"href":"https:\/\/www.zerdab.com\/index.php?rest_route=\/wp\/v2\/types\/post"}],"author":[{"embeddable":true,"href":"https:\/\/www.zerdab.com\/index.php?rest_route=\/wp\/v2\/users\/1"}],"replies":[{"embeddable":true,"href":"https:\/\/www.zerdab.com\/index.php?rest_route=%2Fwp%2Fv2%2Fcomments&post=5850"}],"version-history":[{"count":4,"href":"https:\/\/www.zerdab.com\/index.php?rest_route=\/wp\/v2\/posts\/5850\/revisions"}],"predecessor-version":[{"id":5856,"href":"https:\/\/www.zerdab.com\/index.php?rest_route=\/wp\/v2\/posts\/5850\/revisions\/5856"}],"wp:attachment":[{"href":"https:\/\/www.zerdab.com\/index.php?rest_route=%2Fwp%2Fv2%2Fmedia&parent=5850"}],"wp:term":[{"taxonomy":"category","embeddable":true,"href":"https:\/\/www.zerdab.com\/index.php?rest_route=%2Fwp%2Fv2%2Fcategories&post=5850"},{"taxonomy":"post_tag","embeddable":true,"href":"https:\/\/www.zerdab.com\/index.php?rest_route=%2Fwp%2Fv2%2Ftags&post=5850"}],"curies":[{"name":"wp","href":"https:\/\/api.w.org\/{rel}","templated":true}]}}