{"id":6366,"date":"2013-01-08T15:30:10","date_gmt":"2013-01-08T11:30:10","guid":{"rendered":"http:\/\/www.zerdab.com\/?p=6366"},"modified":"2013-01-08T15:30:10","modified_gmt":"2013-01-08T11:30:10","slug":"kreml-sarayinda-cixis-ed%c9%99n-z%c9%99rdabli-abbas-bagirov","status":"publish","type":"post","link":"https:\/\/www.zerdab.com\/?p=6366","title":{"rendered":"Kreml Saray\u0131nda \u00e7\u0131x\u0131\u015f ed\u0259n z\u0259rdabl\u0131 &#8211; Abbas Ba\u011f\u0131rov"},"content":{"rendered":"<figure id=\"attachment_6367\" aria-describedby=\"caption-attachment-6367\" style=\"width: 204px\" class=\"wp-caption aligncenter\"><img loading=\"lazy\" decoding=\"async\" class=\"size-full wp-image-6367\" alt=\"Abbas Ba\u011f\u0131rov\" src=\"http:\/\/www.zerdab.com\/wp-content\/uploads\/2013\/01\/Abbas-Ba\u011f\u0131rov.jpg\" width=\"204\" height=\"212\" \/><figcaption id=\"caption-attachment-6367\" class=\"wp-caption-text\">Abbas Ba\u011f\u0131rov<\/figcaption><\/figure>\n<h1>Abbas Ba\u011f\u0131rov 1939-cu ild\u0259 Z\u0259rdab rayonunun Xanm\u0259mm\u0259dli k\u0259ndind\u0259 do\u011fulub. Az\u0259rbaycan Xalq T\u0259s\u0259rr\u00fcfat\u0131 \u0130nstitunu bitirdikd\u0259n sonra Z\u0259rdabda m\u00fcxt\u0259lif v\u0259zif\u0259l\u0259rd\u0259 \u00e7al\u0131\u015f\u0131b, o c\u00fcml\u0259d\u0259n 19 il rayon k\u0259nd t\u0259s\u0259rr\u00fcfat\u0131 idar\u0259sind\u0259 plan-maliyy\u0259 \u015f\u00f6b\u0259sinin m\u00fcdiri i\u015fl\u0259yib. T\u0259s\u0259rr\u00fcfatlarda daxili t\u0259s\u0259rr\u00fcfat hesab\u0131n\u0131n s\u0259m\u0259r\u0259li t\u0259\u015fkilin\u0259 g\u00f6r\u0259 1970-ci ild\u0259 Moskvada SSR\u0130 Xalq T\u0259s\u0259rr\u00fcfat\u0131 Nailiyy\u0259tl\u0259ri S\u0259rgisinin i\u015ftirak\u00e7\u0131s\u0131 olub. S\u0259ks\u0259ninci ill\u0259rin ortalar\u0131nda se\u00e7kili orqan olan rayon istehlak c\u0259miyy\u0259tin\u0259 r\u0259hb\u0259rlik edib. \u0130\u015fg\u00fczarl\u0131\u011f\u0131 v\u0259 i\u015f\u0259 yarad\u0131c\u0131 m\u00fcnasib\u0259ti il\u0259 diqq\u0259ti \u00e7\u0259kib, Moskvada ke\u00e7iril\u0259n SSR\u0130 Kooperatorlar\u0131n\u0131n XI qurultay\u0131na n\u00fcmay\u0259nd\u0259 se\u00e7ilib v\u0259 orada \u00e7\u0131x\u0131\u015f edib. Abbas Ba\u011f\u0131rov B\u00f6y\u00fck Kreml Saray\u0131nda \u00e7\u0131x\u0131\u015f ed\u0259n birinci v\u0259 sonuncu z\u0259rdabl\u0131 olub.<\/h1>\n<h1>\u00a0\u00a0\u00a0\u00a0\u00a0\u00a0\u00a0\u00a0 \u0130\u015fl\u0259diyi m\u00fcdd\u0259td\u0259 Abbas m\u00fc\u0259llimin \u0259m\u0259yi m\u00fcnt\u0259z\u0259m olaraq d\u00f6vl\u0259t t\u0259r\u0259find\u0259n y\u00fcks\u0259k qiym\u0259tl\u0259ndirilmi\u015fdir. \u018fld\u0259 etdiyi nailiyy\u0259tl\u0259r\u0259 g\u00f6r\u0259 5 mart 1980-c\u0131 ild\u0259 SSR\u0130 Ali Sovetinin R\u0259yas\u0259t Hey\u0259tinin f\u0259rman\u0131 il\u0259 \u201c\u018fm\u0259kd\u0259 f\u0259rql\u0259nm\u0259y\u0259 g\u00f6r\u0259\u201d medal\u0131 il\u0259 t\u0259ltif edilmi\u015f, Az\u0259rbaycan Respublikas\u0131 Ali Sovetinin 20 noyabr 1981-ci il tarixli f\u0259rman\u0131 il\u0259 \u201cAz\u0259rbaycan Respublikas\u0131n\u0131n \u018fm\u0259kdar \u0130qtisad\u00e7\u0131s\u0131\u201d f\u0259xri ad\u0131na layiq g\u00f6r\u00fclm\u00fc\u015fd\u00fcr.<\/h1>\n<h1>Abbas Ba\u011f\u0131rov eyni zamanda islam dinin\u0259 etiqad g\u00f6st\u0259r\u0259n ibad\u0259t \u0259hli idi. O, M\u0259\u015fh\u0259d v\u0259 K\u0259rb\u0259la kimi m\u00fcq\u0259dd\u0259s yerl\u0259ri ziyar\u0259t etmi\u015fdi. H\u00f6rm\u0259t \u0259lam\u0259ti olaraq Z\u0259rdabda ham\u0131 onu \u201cSeyid Abbas\u201d \u2013 dey\u0259 \u00e7a\u011f\u0131r\u0131rd\u0131.<\/h1>\n<p><span style=\"color: #0000ff;\"><strong>www.zerdab.com<\/strong><\/span><\/p>\n","protected":false},"excerpt":{"rendered":"<p>Abbas Ba\u011f\u0131rov 1939-cu ild\u0259 Z\u0259rdab rayonunun Xanm\u0259mm\u0259dli k\u0259ndind\u0259 do\u011fulub. Az\u0259rbaycan Xalq T\u0259s\u0259rr\u00fcfat\u0131 \u0130nstitunu bitirdikd\u0259n sonra Z\u0259rdabda m\u00fcxt\u0259lif v\u0259zif\u0259l\u0259rd\u0259 \u00e7al\u0131\u015f\u0131b, o c\u00fcml\u0259d\u0259n 19 il rayon k\u0259nd t\u0259s\u0259rr\u00fcfat\u0131 idar\u0259sind\u0259 plan-maliyy\u0259 \u015f\u00f6b\u0259sinin m\u00fcdiri i\u015fl\u0259yib. T\u0259s\u0259rr\u00fcfatlarda daxili t\u0259s\u0259rr\u00fcfat hesab\u0131n\u0131n s\u0259m\u0259r\u0259li t\u0259\u015fkilin\u0259 g\u00f6r\u0259 1970-ci ild\u0259 Moskvada SSR\u0130 Xalq T\u0259s\u0259rr\u00fcfat\u0131 Nailiyy\u0259tl\u0259ri S\u0259rgisinin i\u015ftirak\u00e7\u0131s\u0131 olub. S\u0259ks\u0259ninci ill\u0259rin ortalar\u0131nda se\u00e7kili orqan olan rayon [&hellip;]<\/p>\n","protected":false},"author":1,"featured_media":0,"comment_status":"open","ping_status":"open","sticky":false,"template":"","format":"standard","meta":{"footnotes":""},"categories":[7],"tags":[],"class_list":{"0":"post-6366","1":"post","2":"type-post","3":"status-publish","4":"format-standard","6":"category-ziyalilar"},"yoast_head":"<!-- This site is optimized with the Yoast SEO plugin v27.0 - https:\/\/yoast.com\/product\/yoast-seo-wordpress\/ -->\n<title>Kreml Saray\u0131nda \u00e7\u0131x\u0131\u015f ed\u0259n z\u0259rdabl\u0131 - Abbas Ba\u011f\u0131rov  - Z\u0259rdab.com<\/title>\n<meta name=\"robots\" content=\"index, follow, max-snippet:-1, max-image-preview:large, max-video-preview:-1\" \/>\n<link rel=\"canonical\" href=\"https:\/\/www.zerdab.com\/?p=6366\" \/>\n<meta property=\"og:locale\" content=\"az_AZ\" \/>\n<meta property=\"og:type\" content=\"article\" \/>\n<meta property=\"og:title\" content=\"Kreml Saray\u0131nda \u00e7\u0131x\u0131\u015f ed\u0259n z\u0259rdabl\u0131 - Abbas Ba\u011f\u0131rov  - Z\u0259rdab.com\" \/>\n<meta property=\"og:description\" content=\"Abbas Ba\u011f\u0131rov 1939-cu ild\u0259 Z\u0259rdab rayonunun Xanm\u0259mm\u0259dli k\u0259ndind\u0259 do\u011fulub. Az\u0259rbaycan Xalq T\u0259s\u0259rr\u00fcfat\u0131 \u0130nstitunu bitirdikd\u0259n sonra Z\u0259rdabda m\u00fcxt\u0259lif v\u0259zif\u0259l\u0259rd\u0259 \u00e7al\u0131\u015f\u0131b, o c\u00fcml\u0259d\u0259n 19 il rayon k\u0259nd t\u0259s\u0259rr\u00fcfat\u0131 idar\u0259sind\u0259 plan-maliyy\u0259 \u015f\u00f6b\u0259sinin m\u00fcdiri i\u015fl\u0259yib. T\u0259s\u0259rr\u00fcfatlarda daxili t\u0259s\u0259rr\u00fcfat hesab\u0131n\u0131n s\u0259m\u0259r\u0259li t\u0259\u015fkilin\u0259 g\u00f6r\u0259 1970-ci ild\u0259 Moskvada SSR\u0130 Xalq T\u0259s\u0259rr\u00fcfat\u0131 Nailiyy\u0259tl\u0259ri S\u0259rgisinin i\u015ftirak\u00e7\u0131s\u0131 olub. S\u0259ks\u0259ninci ill\u0259rin ortalar\u0131nda se\u00e7kili orqan olan rayon [&hellip;]\" \/>\n<meta property=\"og:url\" content=\"https:\/\/www.zerdab.com\/?p=6366\" \/>\n<meta property=\"og:site_name\" content=\"Z\u0259rdab.com\" \/>\n<meta property=\"article:published_time\" content=\"2013-01-08T11:30:10+00:00\" \/>\n<meta name=\"author\" content=\"admin\" \/>\n<meta name=\"twitter:card\" content=\"summary_large_image\" \/>\n<meta name=\"twitter:label1\" content=\"Written by\" \/>\n\t<meta name=\"twitter:data1\" content=\"admin\" \/>\n\t<meta name=\"twitter:label2\" content=\"Est. reading time\" \/>\n\t<meta name=\"twitter:data2\" content=\"2 minutes\" \/>\n<script type=\"application\/ld+json\" class=\"yoast-schema-graph\">{\"@context\":\"https:\/\/schema.org\",\"@graph\":[{\"@type\":\"Article\",\"@id\":\"https:\/\/www.zerdab.com\/?p=6366#article\",\"isPartOf\":{\"@id\":\"https:\/\/www.zerdab.com\/?p=6366\"},\"author\":{\"name\":\"admin\",\"@id\":\"https:\/\/www.zerdab.com\/#\/schema\/person\/97079b7570c1e89ec0d9e138c3672136\"},\"headline\":\"Kreml Saray\u0131nda \u00e7\u0131x\u0131\u015f ed\u0259n z\u0259rdabl\u0131 &#8211; Abbas Ba\u011f\u0131rov\",\"datePublished\":\"2013-01-08T11:30:10+00:00\",\"mainEntityOfPage\":{\"@id\":\"https:\/\/www.zerdab.com\/?p=6366\"},\"wordCount\":339,\"commentCount\":1,\"articleSection\":[\"F\u018fXRL\u018fR\u0130M\u0130Z\"],\"inLanguage\":\"az\",\"potentialAction\":[{\"@type\":\"CommentAction\",\"name\":\"Comment\",\"target\":[\"https:\/\/www.zerdab.com\/?p=6366#respond\"]}]},{\"@type\":\"WebPage\",\"@id\":\"https:\/\/www.zerdab.com\/?p=6366\",\"url\":\"https:\/\/www.zerdab.com\/?p=6366\",\"name\":\"Kreml Saray\u0131nda \u00e7\u0131x\u0131\u015f ed\u0259n z\u0259rdabl\u0131 - Abbas Ba\u011f\u0131rov - Z\u0259rdab.com\",\"isPartOf\":{\"@id\":\"https:\/\/www.zerdab.com\/#website\"},\"datePublished\":\"2013-01-08T11:30:10+00:00\",\"author\":{\"@id\":\"https:\/\/www.zerdab.com\/#\/schema\/person\/97079b7570c1e89ec0d9e138c3672136\"},\"breadcrumb\":{\"@id\":\"https:\/\/www.zerdab.com\/?p=6366#breadcrumb\"},\"inLanguage\":\"az\",\"potentialAction\":[{\"@type\":\"ReadAction\",\"target\":[\"https:\/\/www.zerdab.com\/?p=6366\"]}]},{\"@type\":\"BreadcrumbList\",\"@id\":\"https:\/\/www.zerdab.com\/?p=6366#breadcrumb\",\"itemListElement\":[{\"@type\":\"ListItem\",\"position\":1,\"name\":\"Home\",\"item\":\"https:\/\/www.zerdab.com\/\"},{\"@type\":\"ListItem\",\"position\":2,\"name\":\"Kreml Saray\u0131nda \u00e7\u0131x\u0131\u015f ed\u0259n z\u0259rdabl\u0131 &#8211; Abbas Ba\u011f\u0131rov\"}]},{\"@type\":\"WebSite\",\"@id\":\"https:\/\/www.zerdab.com\/#website\",\"url\":\"https:\/\/www.zerdab.com\/\",\"name\":\"Z\u0259rdab.com\",\"description\":\"\",\"potentialAction\":[{\"@type\":\"SearchAction\",\"target\":{\"@type\":\"EntryPoint\",\"urlTemplate\":\"https:\/\/www.zerdab.com\/?s={search_term_string}\"},\"query-input\":{\"@type\":\"PropertyValueSpecification\",\"valueRequired\":true,\"valueName\":\"search_term_string\"}}],\"inLanguage\":\"az\"},{\"@type\":\"Person\",\"@id\":\"https:\/\/www.zerdab.com\/#\/schema\/person\/97079b7570c1e89ec0d9e138c3672136\",\"name\":\"admin\",\"image\":{\"@type\":\"ImageObject\",\"inLanguage\":\"az\",\"@id\":\"https:\/\/www.zerdab.com\/#\/schema\/person\/image\/\",\"url\":\"https:\/\/secure.gravatar.com\/avatar\/d9c52a9a27c32119cb6679a077fa3e2779e5f822c451cbf01098004361d466ec?s=96&d=mm&r=g\",\"contentUrl\":\"https:\/\/secure.gravatar.com\/avatar\/d9c52a9a27c32119cb6679a077fa3e2779e5f822c451cbf01098004361d466ec?s=96&d=mm&r=g\",\"caption\":\"admin\"},\"url\":\"https:\/\/www.zerdab.com\/?author=1\"}]}<\/script>\n<!-- \/ Yoast SEO plugin. -->","yoast_head_json":{"title":"Kreml Saray\u0131nda \u00e7\u0131x\u0131\u015f ed\u0259n z\u0259rdabl\u0131 - Abbas Ba\u011f\u0131rov  - Z\u0259rdab.com","robots":{"index":"index","follow":"follow","max-snippet":"max-snippet:-1","max-image-preview":"max-image-preview:large","max-video-preview":"max-video-preview:-1"},"canonical":"https:\/\/www.zerdab.com\/?p=6366","og_locale":"az_AZ","og_type":"article","og_title":"Kreml Saray\u0131nda \u00e7\u0131x\u0131\u015f ed\u0259n z\u0259rdabl\u0131 - Abbas Ba\u011f\u0131rov  - Z\u0259rdab.com","og_description":"Abbas Ba\u011f\u0131rov 1939-cu ild\u0259 Z\u0259rdab rayonunun Xanm\u0259mm\u0259dli k\u0259ndind\u0259 do\u011fulub. Az\u0259rbaycan Xalq T\u0259s\u0259rr\u00fcfat\u0131 \u0130nstitunu bitirdikd\u0259n sonra Z\u0259rdabda m\u00fcxt\u0259lif v\u0259zif\u0259l\u0259rd\u0259 \u00e7al\u0131\u015f\u0131b, o c\u00fcml\u0259d\u0259n 19 il rayon k\u0259nd t\u0259s\u0259rr\u00fcfat\u0131 idar\u0259sind\u0259 plan-maliyy\u0259 \u015f\u00f6b\u0259sinin m\u00fcdiri i\u015fl\u0259yib. T\u0259s\u0259rr\u00fcfatlarda daxili t\u0259s\u0259rr\u00fcfat hesab\u0131n\u0131n s\u0259m\u0259r\u0259li t\u0259\u015fkilin\u0259 g\u00f6r\u0259 1970-ci ild\u0259 Moskvada SSR\u0130 Xalq T\u0259s\u0259rr\u00fcfat\u0131 Nailiyy\u0259tl\u0259ri S\u0259rgisinin i\u015ftirak\u00e7\u0131s\u0131 olub. S\u0259ks\u0259ninci ill\u0259rin ortalar\u0131nda se\u00e7kili orqan olan rayon [&hellip;]","og_url":"https:\/\/www.zerdab.com\/?p=6366","og_site_name":"Z\u0259rdab.com","article_published_time":"2013-01-08T11:30:10+00:00","author":"admin","twitter_card":"summary_large_image","twitter_misc":{"Written by":"admin","Est. reading time":"2 minutes"},"schema":{"@context":"https:\/\/schema.org","@graph":[{"@type":"Article","@id":"https:\/\/www.zerdab.com\/?p=6366#article","isPartOf":{"@id":"https:\/\/www.zerdab.com\/?p=6366"},"author":{"name":"admin","@id":"https:\/\/www.zerdab.com\/#\/schema\/person\/97079b7570c1e89ec0d9e138c3672136"},"headline":"Kreml Saray\u0131nda \u00e7\u0131x\u0131\u015f ed\u0259n z\u0259rdabl\u0131 &#8211; Abbas Ba\u011f\u0131rov","datePublished":"2013-01-08T11:30:10+00:00","mainEntityOfPage":{"@id":"https:\/\/www.zerdab.com\/?p=6366"},"wordCount":339,"commentCount":1,"articleSection":["F\u018fXRL\u018fR\u0130M\u0130Z"],"inLanguage":"az","potentialAction":[{"@type":"CommentAction","name":"Comment","target":["https:\/\/www.zerdab.com\/?p=6366#respond"]}]},{"@type":"WebPage","@id":"https:\/\/www.zerdab.com\/?p=6366","url":"https:\/\/www.zerdab.com\/?p=6366","name":"Kreml Saray\u0131nda \u00e7\u0131x\u0131\u015f ed\u0259n z\u0259rdabl\u0131 - Abbas Ba\u011f\u0131rov - Z\u0259rdab.com","isPartOf":{"@id":"https:\/\/www.zerdab.com\/#website"},"datePublished":"2013-01-08T11:30:10+00:00","author":{"@id":"https:\/\/www.zerdab.com\/#\/schema\/person\/97079b7570c1e89ec0d9e138c3672136"},"breadcrumb":{"@id":"https:\/\/www.zerdab.com\/?p=6366#breadcrumb"},"inLanguage":"az","potentialAction":[{"@type":"ReadAction","target":["https:\/\/www.zerdab.com\/?p=6366"]}]},{"@type":"BreadcrumbList","@id":"https:\/\/www.zerdab.com\/?p=6366#breadcrumb","itemListElement":[{"@type":"ListItem","position":1,"name":"Home","item":"https:\/\/www.zerdab.com\/"},{"@type":"ListItem","position":2,"name":"Kreml Saray\u0131nda \u00e7\u0131x\u0131\u015f ed\u0259n z\u0259rdabl\u0131 &#8211; Abbas Ba\u011f\u0131rov"}]},{"@type":"WebSite","@id":"https:\/\/www.zerdab.com\/#website","url":"https:\/\/www.zerdab.com\/","name":"Z\u0259rdab.com","description":"","potentialAction":[{"@type":"SearchAction","target":{"@type":"EntryPoint","urlTemplate":"https:\/\/www.zerdab.com\/?s={search_term_string}"},"query-input":{"@type":"PropertyValueSpecification","valueRequired":true,"valueName":"search_term_string"}}],"inLanguage":"az"},{"@type":"Person","@id":"https:\/\/www.zerdab.com\/#\/schema\/person\/97079b7570c1e89ec0d9e138c3672136","name":"admin","image":{"@type":"ImageObject","inLanguage":"az","@id":"https:\/\/www.zerdab.com\/#\/schema\/person\/image\/","url":"https:\/\/secure.gravatar.com\/avatar\/d9c52a9a27c32119cb6679a077fa3e2779e5f822c451cbf01098004361d466ec?s=96&d=mm&r=g","contentUrl":"https:\/\/secure.gravatar.com\/avatar\/d9c52a9a27c32119cb6679a077fa3e2779e5f822c451cbf01098004361d466ec?s=96&d=mm&r=g","caption":"admin"},"url":"https:\/\/www.zerdab.com\/?author=1"}]}},"_links":{"self":[{"href":"https:\/\/www.zerdab.com\/index.php?rest_route=\/wp\/v2\/posts\/6366","targetHints":{"allow":["GET"]}}],"collection":[{"href":"https:\/\/www.zerdab.com\/index.php?rest_route=\/wp\/v2\/posts"}],"about":[{"href":"https:\/\/www.zerdab.com\/index.php?rest_route=\/wp\/v2\/types\/post"}],"author":[{"embeddable":true,"href":"https:\/\/www.zerdab.com\/index.php?rest_route=\/wp\/v2\/users\/1"}],"replies":[{"embeddable":true,"href":"https:\/\/www.zerdab.com\/index.php?rest_route=%2Fwp%2Fv2%2Fcomments&post=6366"}],"version-history":[{"count":2,"href":"https:\/\/www.zerdab.com\/index.php?rest_route=\/wp\/v2\/posts\/6366\/revisions"}],"predecessor-version":[{"id":6369,"href":"https:\/\/www.zerdab.com\/index.php?rest_route=\/wp\/v2\/posts\/6366\/revisions\/6369"}],"wp:attachment":[{"href":"https:\/\/www.zerdab.com\/index.php?rest_route=%2Fwp%2Fv2%2Fmedia&parent=6366"}],"wp:term":[{"taxonomy":"category","embeddable":true,"href":"https:\/\/www.zerdab.com\/index.php?rest_route=%2Fwp%2Fv2%2Fcategories&post=6366"},{"taxonomy":"post_tag","embeddable":true,"href":"https:\/\/www.zerdab.com\/index.php?rest_route=%2Fwp%2Fv2%2Ftags&post=6366"}],"curies":[{"name":"wp","href":"https:\/\/api.w.org\/{rel}","templated":true}]}}