{"id":6439,"date":"2013-01-12T12:03:40","date_gmt":"2013-01-12T08:03:40","guid":{"rendered":"http:\/\/www.zerdab.com\/?p=6439"},"modified":"2013-01-12T12:10:21","modified_gmt":"2013-01-12T08:10:21","slug":"g%c9%99ncl%c9%99r-ucun-prezident-mukafati-t%c9%99sis-olunacaq","status":"publish","type":"post","link":"https:\/\/www.zerdab.com\/?p=6439","title":{"rendered":"G\u0259ncl\u0259r \u00fc\u00e7\u00fcn Prezident m\u00fckafat\u0131 t\u0259sis olunacaq"},"content":{"rendered":"<p><strong><img loading=\"lazy\" decoding=\"async\" class=\"aligncenter size-full wp-image-6444\" alt=\"\u0130lham \u018fliyev\" src=\"http:\/\/www.zerdab.com\/wp-content\/uploads\/2013\/01\/XOs8O56M5jZ5.jpg\" width=\"300\" height=\"289\" \/>Az\u0259rbaycanda f\u0259rql\u0259n\u0259n g\u0259ncl\u0259r \u00fc\u00e7\u00fcn Prezident m\u00fckafat\u0131 t\u0259sis olunacaq.\u00a0www.zerdab.com<\/strong> <strong>sayt\u0131 x\u0259b\u0259r verir ki,<\/strong>\u00a0<strong>G\u0259ncl\u0259r v\u0259 \u0130dman Nazirliyinin G\u0259ncl\u0259rl\u0259 i\u015f \u015f\u00f6b\u0259sind\u0259n bildirilib ki, art\u0131q bununla ba\u011fl\u0131 normativ h\u00fcquqi s\u0259n\u0259dl\u0259r t\u0259sdiq olunmas\u0131 \u00fc\u00e7\u00fcn \u018fdliyy\u0259 v\u0259 Maliyy\u0259 nazirlikl\u0259rin\u0259 t\u0259qdim edilib.<\/strong>\u00a0<strong>G\u0259ncl\u0259rin stimulla\u015fd\u0131r\u0131lmas\u0131 \u00fc\u00e7\u00fcn t\u0259sis edil\u0259n Prezident m\u00fckafat\u0131n\u0131n m\u0259bl\u0259\u011fi 10 min manat t\u0259\u015fkil ed\u0259c\u0259k.<\/strong><\/p>\n<p>\u201cAz\u0259rbaycan g\u0259ncliyi 2011-2015-ci ill\u0259rd\u0259\u201d D\u00f6vl\u0259t Proqram\u0131 \u00e7\u0259r\u00e7iv\u0259sind\u0259 haz\u0131rlanan m\u00fckafat \u00fc\u00e7 istiqam\u0259t &#8211; elm v\u0259 t\u0259hsil, m\u0259d\u0259niyy\u0259t v\u0259 inc\u0259s\u0259n\u0259t, ictimai f\u0259all\u0131q \u00fczr\u0259 f\u0259rql\u0259n\u0259n g\u0259ncl\u0259r\u0259 t\u0259qdim olunacaq.<\/p>\n<p><strong>M\u00fckafat \u00f6lk\u0259 v\u0259 xalq namin\u0259 g\u00f6r\u00fclm\u00fc\u015f i\u015fin n\u0259tic\u0259sin\u0259 g\u00f6r\u0259, il \u0259rzind\u0259 elm-t\u0259hsil sah\u0259sind\u0259 ixtiraya, m\u0259d\u0259niyy\u0259t v\u0259 inc\u0259s\u0259n\u0259t sah\u0259sind\u0259 Az\u0259rbaycan\u0131 y\u00fcks\u0259k s\u0259viyy\u0259d\u0259 t\u0259msil\u00e7iliy\u0259, geni\u015f ictimai f\u0259aliyy\u0259t\u0259 g\u00f6r\u0259 veril\u0259c\u0259k v\u0259 h\u0259r il hans\u0131sa \u015f\u0259xsin se\u00e7ilm\u0259si m\u00fctl\u0259q \u015f\u0259kild\u0259 deyil.<\/strong><\/p>\n<p>Qeyd ed\u0259k ki, \u0259vv\u0259ll\u0259r f\u0259rql\u0259n\u0259n g\u0259ncl\u0259r\u0259 m\u00fckafat\u0131 G\u0259ncl\u0259r v\u0259 \u0130dman Nazirliyi t\u0259qdim edirdi v\u0259 maksimum m\u0259bl\u0259\u011f 500 manat t\u0259\u015fkil edirdi.<\/p>\n<p>\u0130yulun 7-d\u0259 q\u0259bul olunan \u201cAz\u0259rbaycan g\u0259ncliyi 2011-2015-ci ill\u0259rd\u0259\u201d D\u00f6vl\u0259t Proqram\u0131nda t\u0259hsil alan g\u0259ncl\u0259r\u0259 sosial d\u0259st\u0259yin art\u0131r\u0131lmas\u0131 ayr\u0131ca b\u0259nd kimi g\u00f6st\u0259rilib.<\/p>\n<p><strong>www.zerdab.com<\/strong><\/p>\n","protected":false},"excerpt":{"rendered":"<p>Az\u0259rbaycanda f\u0259rql\u0259n\u0259n g\u0259ncl\u0259r \u00fc\u00e7\u00fcn Prezident m\u00fckafat\u0131 t\u0259sis olunacaq.\u00a0www.zerdab.com sayt\u0131 x\u0259b\u0259r verir ki,\u00a0G\u0259ncl\u0259r v\u0259 \u0130dman Nazirliyinin G\u0259ncl\u0259rl\u0259 i\u015f \u015f\u00f6b\u0259sind\u0259n bildirilib ki, art\u0131q bununla ba\u011fl\u0131 normativ h\u00fcquqi s\u0259n\u0259dl\u0259r t\u0259sdiq olunmas\u0131 \u00fc\u00e7\u00fcn \u018fdliyy\u0259 v\u0259 Maliyy\u0259 nazirlikl\u0259rin\u0259 t\u0259qdim edilib.\u00a0G\u0259ncl\u0259rin stimulla\u015fd\u0131r\u0131lmas\u0131 \u00fc\u00e7\u00fcn t\u0259sis edil\u0259n Prezident m\u00fckafat\u0131n\u0131n m\u0259bl\u0259\u011fi 10 min manat t\u0259\u015fkil ed\u0259c\u0259k. \u201cAz\u0259rbaycan g\u0259ncliyi 2011-2015-ci ill\u0259rd\u0259\u201d D\u00f6vl\u0259t Proqram\u0131 \u00e7\u0259r\u00e7iv\u0259sind\u0259 haz\u0131rlanan [&hellip;]<\/p>\n","protected":false},"author":1,"featured_media":0,"comment_status":"open","ping_status":"open","sticky":false,"template":"","format":"standard","meta":{"footnotes":""},"categories":[5],"tags":[],"class_list":{"0":"post-6439","1":"post","2":"type-post","3":"status-publish","4":"format-standard","6":"category-knd"},"yoast_head":"<!-- This site is optimized with the Yoast SEO plugin v27.0 - https:\/\/yoast.com\/product\/yoast-seo-wordpress\/ -->\n<title>G\u0259ncl\u0259r \u00fc\u00e7\u00fcn Prezident m\u00fckafat\u0131 t\u0259sis olunacaq - Z\u0259rdab.com<\/title>\n<meta name=\"robots\" content=\"index, follow, max-snippet:-1, max-image-preview:large, max-video-preview:-1\" \/>\n<link rel=\"canonical\" href=\"https:\/\/www.zerdab.com\/?p=6439\" \/>\n<meta property=\"og:locale\" content=\"az_AZ\" \/>\n<meta property=\"og:type\" content=\"article\" \/>\n<meta property=\"og:title\" content=\"G\u0259ncl\u0259r \u00fc\u00e7\u00fcn Prezident m\u00fckafat\u0131 t\u0259sis olunacaq - Z\u0259rdab.com\" \/>\n<meta property=\"og:description\" content=\"Az\u0259rbaycanda f\u0259rql\u0259n\u0259n g\u0259ncl\u0259r \u00fc\u00e7\u00fcn Prezident m\u00fckafat\u0131 t\u0259sis olunacaq.\u00a0www.zerdab.com sayt\u0131 x\u0259b\u0259r verir ki,\u00a0G\u0259ncl\u0259r v\u0259 \u0130dman Nazirliyinin G\u0259ncl\u0259rl\u0259 i\u015f \u015f\u00f6b\u0259sind\u0259n bildirilib ki, art\u0131q bununla ba\u011fl\u0131 normativ h\u00fcquqi s\u0259n\u0259dl\u0259r t\u0259sdiq olunmas\u0131 \u00fc\u00e7\u00fcn \u018fdliyy\u0259 v\u0259 Maliyy\u0259 nazirlikl\u0259rin\u0259 t\u0259qdim edilib.\u00a0G\u0259ncl\u0259rin stimulla\u015fd\u0131r\u0131lmas\u0131 \u00fc\u00e7\u00fcn t\u0259sis edil\u0259n Prezident m\u00fckafat\u0131n\u0131n m\u0259bl\u0259\u011fi 10 min manat t\u0259\u015fkil ed\u0259c\u0259k. \u201cAz\u0259rbaycan g\u0259ncliyi 2011-2015-ci ill\u0259rd\u0259\u201d D\u00f6vl\u0259t Proqram\u0131 \u00e7\u0259r\u00e7iv\u0259sind\u0259 haz\u0131rlanan [&hellip;]\" \/>\n<meta property=\"og:url\" content=\"https:\/\/www.zerdab.com\/?p=6439\" \/>\n<meta property=\"og:site_name\" content=\"Z\u0259rdab.com\" \/>\n<meta property=\"article:published_time\" content=\"2013-01-12T08:03:40+00:00\" \/>\n<meta property=\"article:modified_time\" content=\"2013-01-12T08:10:21+00:00\" \/>\n<meta property=\"og:image\" content=\"http:\/\/www.zerdab.com\/wp-content\/uploads\/2013\/01\/XOs8O56M5jZ5.jpg\" \/>\n<meta name=\"author\" content=\"admin\" \/>\n<meta name=\"twitter:card\" content=\"summary_large_image\" \/>\n<meta name=\"twitter:label1\" content=\"Written by\" \/>\n\t<meta name=\"twitter:data1\" content=\"admin\" \/>\n\t<meta name=\"twitter:label2\" content=\"Est. reading time\" \/>\n\t<meta name=\"twitter:data2\" content=\"1 minute\" \/>\n<script type=\"application\/ld+json\" class=\"yoast-schema-graph\">{\"@context\":\"https:\/\/schema.org\",\"@graph\":[{\"@type\":\"Article\",\"@id\":\"https:\/\/www.zerdab.com\/?p=6439#article\",\"isPartOf\":{\"@id\":\"https:\/\/www.zerdab.com\/?p=6439\"},\"author\":{\"name\":\"admin\",\"@id\":\"https:\/\/www.zerdab.com\/#\/schema\/person\/97079b7570c1e89ec0d9e138c3672136\"},\"headline\":\"G\u0259ncl\u0259r \u00fc\u00e7\u00fcn Prezident m\u00fckafat\u0131 t\u0259sis olunacaq\",\"datePublished\":\"2013-01-12T08:03:40+00:00\",\"dateModified\":\"2013-01-12T08:10:21+00:00\",\"mainEntityOfPage\":{\"@id\":\"https:\/\/www.zerdab.com\/?p=6439\"},\"wordCount\":296,\"commentCount\":1,\"image\":{\"@id\":\"https:\/\/www.zerdab.com\/?p=6439#primaryimage\"},\"thumbnailUrl\":\"http:\/\/www.zerdab.com\/wp-content\/uploads\/2013\/01\/XOs8O56M5jZ5.jpg\",\"articleSection\":[\"X\u018fB\u018fRL\u018fR\"],\"inLanguage\":\"az\",\"potentialAction\":[{\"@type\":\"CommentAction\",\"name\":\"Comment\",\"target\":[\"https:\/\/www.zerdab.com\/?p=6439#respond\"]}]},{\"@type\":\"WebPage\",\"@id\":\"https:\/\/www.zerdab.com\/?p=6439\",\"url\":\"https:\/\/www.zerdab.com\/?p=6439\",\"name\":\"G\u0259ncl\u0259r \u00fc\u00e7\u00fcn Prezident m\u00fckafat\u0131 t\u0259sis olunacaq - Z\u0259rdab.com\",\"isPartOf\":{\"@id\":\"https:\/\/www.zerdab.com\/#website\"},\"primaryImageOfPage\":{\"@id\":\"https:\/\/www.zerdab.com\/?p=6439#primaryimage\"},\"image\":{\"@id\":\"https:\/\/www.zerdab.com\/?p=6439#primaryimage\"},\"thumbnailUrl\":\"http:\/\/www.zerdab.com\/wp-content\/uploads\/2013\/01\/XOs8O56M5jZ5.jpg\",\"datePublished\":\"2013-01-12T08:03:40+00:00\",\"dateModified\":\"2013-01-12T08:10:21+00:00\",\"author\":{\"@id\":\"https:\/\/www.zerdab.com\/#\/schema\/person\/97079b7570c1e89ec0d9e138c3672136\"},\"breadcrumb\":{\"@id\":\"https:\/\/www.zerdab.com\/?p=6439#breadcrumb\"},\"inLanguage\":\"az\",\"potentialAction\":[{\"@type\":\"ReadAction\",\"target\":[\"https:\/\/www.zerdab.com\/?p=6439\"]}]},{\"@type\":\"ImageObject\",\"inLanguage\":\"az\",\"@id\":\"https:\/\/www.zerdab.com\/?p=6439#primaryimage\",\"url\":\"\",\"contentUrl\":\"\"},{\"@type\":\"BreadcrumbList\",\"@id\":\"https:\/\/www.zerdab.com\/?p=6439#breadcrumb\",\"itemListElement\":[{\"@type\":\"ListItem\",\"position\":1,\"name\":\"Home\",\"item\":\"https:\/\/www.zerdab.com\/\"},{\"@type\":\"ListItem\",\"position\":2,\"name\":\"G\u0259ncl\u0259r \u00fc\u00e7\u00fcn Prezident m\u00fckafat\u0131 t\u0259sis olunacaq\"}]},{\"@type\":\"WebSite\",\"@id\":\"https:\/\/www.zerdab.com\/#website\",\"url\":\"https:\/\/www.zerdab.com\/\",\"name\":\"Z\u0259rdab.com\",\"description\":\"\",\"potentialAction\":[{\"@type\":\"SearchAction\",\"target\":{\"@type\":\"EntryPoint\",\"urlTemplate\":\"https:\/\/www.zerdab.com\/?s={search_term_string}\"},\"query-input\":{\"@type\":\"PropertyValueSpecification\",\"valueRequired\":true,\"valueName\":\"search_term_string\"}}],\"inLanguage\":\"az\"},{\"@type\":\"Person\",\"@id\":\"https:\/\/www.zerdab.com\/#\/schema\/person\/97079b7570c1e89ec0d9e138c3672136\",\"name\":\"admin\",\"image\":{\"@type\":\"ImageObject\",\"inLanguage\":\"az\",\"@id\":\"https:\/\/www.zerdab.com\/#\/schema\/person\/image\/\",\"url\":\"https:\/\/secure.gravatar.com\/avatar\/d9c52a9a27c32119cb6679a077fa3e2779e5f822c451cbf01098004361d466ec?s=96&d=mm&r=g\",\"contentUrl\":\"https:\/\/secure.gravatar.com\/avatar\/d9c52a9a27c32119cb6679a077fa3e2779e5f822c451cbf01098004361d466ec?s=96&d=mm&r=g\",\"caption\":\"admin\"},\"url\":\"https:\/\/www.zerdab.com\/?author=1\"}]}<\/script>\n<!-- \/ Yoast SEO plugin. -->","yoast_head_json":{"title":"G\u0259ncl\u0259r \u00fc\u00e7\u00fcn Prezident m\u00fckafat\u0131 t\u0259sis olunacaq - Z\u0259rdab.com","robots":{"index":"index","follow":"follow","max-snippet":"max-snippet:-1","max-image-preview":"max-image-preview:large","max-video-preview":"max-video-preview:-1"},"canonical":"https:\/\/www.zerdab.com\/?p=6439","og_locale":"az_AZ","og_type":"article","og_title":"G\u0259ncl\u0259r \u00fc\u00e7\u00fcn Prezident m\u00fckafat\u0131 t\u0259sis olunacaq - Z\u0259rdab.com","og_description":"Az\u0259rbaycanda f\u0259rql\u0259n\u0259n g\u0259ncl\u0259r \u00fc\u00e7\u00fcn Prezident m\u00fckafat\u0131 t\u0259sis olunacaq.\u00a0www.zerdab.com sayt\u0131 x\u0259b\u0259r verir ki,\u00a0G\u0259ncl\u0259r v\u0259 \u0130dman Nazirliyinin G\u0259ncl\u0259rl\u0259 i\u015f \u015f\u00f6b\u0259sind\u0259n bildirilib ki, art\u0131q bununla ba\u011fl\u0131 normativ h\u00fcquqi s\u0259n\u0259dl\u0259r t\u0259sdiq olunmas\u0131 \u00fc\u00e7\u00fcn \u018fdliyy\u0259 v\u0259 Maliyy\u0259 nazirlikl\u0259rin\u0259 t\u0259qdim edilib.\u00a0G\u0259ncl\u0259rin stimulla\u015fd\u0131r\u0131lmas\u0131 \u00fc\u00e7\u00fcn t\u0259sis edil\u0259n Prezident m\u00fckafat\u0131n\u0131n m\u0259bl\u0259\u011fi 10 min manat t\u0259\u015fkil ed\u0259c\u0259k. \u201cAz\u0259rbaycan g\u0259ncliyi 2011-2015-ci ill\u0259rd\u0259\u201d D\u00f6vl\u0259t Proqram\u0131 \u00e7\u0259r\u00e7iv\u0259sind\u0259 haz\u0131rlanan [&hellip;]","og_url":"https:\/\/www.zerdab.com\/?p=6439","og_site_name":"Z\u0259rdab.com","article_published_time":"2013-01-12T08:03:40+00:00","article_modified_time":"2013-01-12T08:10:21+00:00","og_image":[{"url":"http:\/\/www.zerdab.com\/wp-content\/uploads\/2013\/01\/XOs8O56M5jZ5.jpg","type":"","width":"","height":""}],"author":"admin","twitter_card":"summary_large_image","twitter_misc":{"Written by":"admin","Est. reading time":"1 minute"},"schema":{"@context":"https:\/\/schema.org","@graph":[{"@type":"Article","@id":"https:\/\/www.zerdab.com\/?p=6439#article","isPartOf":{"@id":"https:\/\/www.zerdab.com\/?p=6439"},"author":{"name":"admin","@id":"https:\/\/www.zerdab.com\/#\/schema\/person\/97079b7570c1e89ec0d9e138c3672136"},"headline":"G\u0259ncl\u0259r \u00fc\u00e7\u00fcn Prezident m\u00fckafat\u0131 t\u0259sis olunacaq","datePublished":"2013-01-12T08:03:40+00:00","dateModified":"2013-01-12T08:10:21+00:00","mainEntityOfPage":{"@id":"https:\/\/www.zerdab.com\/?p=6439"},"wordCount":296,"commentCount":1,"image":{"@id":"https:\/\/www.zerdab.com\/?p=6439#primaryimage"},"thumbnailUrl":"http:\/\/www.zerdab.com\/wp-content\/uploads\/2013\/01\/XOs8O56M5jZ5.jpg","articleSection":["X\u018fB\u018fRL\u018fR"],"inLanguage":"az","potentialAction":[{"@type":"CommentAction","name":"Comment","target":["https:\/\/www.zerdab.com\/?p=6439#respond"]}]},{"@type":"WebPage","@id":"https:\/\/www.zerdab.com\/?p=6439","url":"https:\/\/www.zerdab.com\/?p=6439","name":"G\u0259ncl\u0259r \u00fc\u00e7\u00fcn Prezident m\u00fckafat\u0131 t\u0259sis olunacaq - Z\u0259rdab.com","isPartOf":{"@id":"https:\/\/www.zerdab.com\/#website"},"primaryImageOfPage":{"@id":"https:\/\/www.zerdab.com\/?p=6439#primaryimage"},"image":{"@id":"https:\/\/www.zerdab.com\/?p=6439#primaryimage"},"thumbnailUrl":"http:\/\/www.zerdab.com\/wp-content\/uploads\/2013\/01\/XOs8O56M5jZ5.jpg","datePublished":"2013-01-12T08:03:40+00:00","dateModified":"2013-01-12T08:10:21+00:00","author":{"@id":"https:\/\/www.zerdab.com\/#\/schema\/person\/97079b7570c1e89ec0d9e138c3672136"},"breadcrumb":{"@id":"https:\/\/www.zerdab.com\/?p=6439#breadcrumb"},"inLanguage":"az","potentialAction":[{"@type":"ReadAction","target":["https:\/\/www.zerdab.com\/?p=6439"]}]},{"@type":"ImageObject","inLanguage":"az","@id":"https:\/\/www.zerdab.com\/?p=6439#primaryimage","url":"","contentUrl":""},{"@type":"BreadcrumbList","@id":"https:\/\/www.zerdab.com\/?p=6439#breadcrumb","itemListElement":[{"@type":"ListItem","position":1,"name":"Home","item":"https:\/\/www.zerdab.com\/"},{"@type":"ListItem","position":2,"name":"G\u0259ncl\u0259r \u00fc\u00e7\u00fcn Prezident m\u00fckafat\u0131 t\u0259sis olunacaq"}]},{"@type":"WebSite","@id":"https:\/\/www.zerdab.com\/#website","url":"https:\/\/www.zerdab.com\/","name":"Z\u0259rdab.com","description":"","potentialAction":[{"@type":"SearchAction","target":{"@type":"EntryPoint","urlTemplate":"https:\/\/www.zerdab.com\/?s={search_term_string}"},"query-input":{"@type":"PropertyValueSpecification","valueRequired":true,"valueName":"search_term_string"}}],"inLanguage":"az"},{"@type":"Person","@id":"https:\/\/www.zerdab.com\/#\/schema\/person\/97079b7570c1e89ec0d9e138c3672136","name":"admin","image":{"@type":"ImageObject","inLanguage":"az","@id":"https:\/\/www.zerdab.com\/#\/schema\/person\/image\/","url":"https:\/\/secure.gravatar.com\/avatar\/d9c52a9a27c32119cb6679a077fa3e2779e5f822c451cbf01098004361d466ec?s=96&d=mm&r=g","contentUrl":"https:\/\/secure.gravatar.com\/avatar\/d9c52a9a27c32119cb6679a077fa3e2779e5f822c451cbf01098004361d466ec?s=96&d=mm&r=g","caption":"admin"},"url":"https:\/\/www.zerdab.com\/?author=1"}]}},"_links":{"self":[{"href":"https:\/\/www.zerdab.com\/index.php?rest_route=\/wp\/v2\/posts\/6439","targetHints":{"allow":["GET"]}}],"collection":[{"href":"https:\/\/www.zerdab.com\/index.php?rest_route=\/wp\/v2\/posts"}],"about":[{"href":"https:\/\/www.zerdab.com\/index.php?rest_route=\/wp\/v2\/types\/post"}],"author":[{"embeddable":true,"href":"https:\/\/www.zerdab.com\/index.php?rest_route=\/wp\/v2\/users\/1"}],"replies":[{"embeddable":true,"href":"https:\/\/www.zerdab.com\/index.php?rest_route=%2Fwp%2Fv2%2Fcomments&post=6439"}],"version-history":[{"count":5,"href":"https:\/\/www.zerdab.com\/index.php?rest_route=\/wp\/v2\/posts\/6439\/revisions"}],"predecessor-version":[{"id":6442,"href":"https:\/\/www.zerdab.com\/index.php?rest_route=\/wp\/v2\/posts\/6439\/revisions\/6442"}],"wp:attachment":[{"href":"https:\/\/www.zerdab.com\/index.php?rest_route=%2Fwp%2Fv2%2Fmedia&parent=6439"}],"wp:term":[{"taxonomy":"category","embeddable":true,"href":"https:\/\/www.zerdab.com\/index.php?rest_route=%2Fwp%2Fv2%2Fcategories&post=6439"},{"taxonomy":"post_tag","embeddable":true,"href":"https:\/\/www.zerdab.com\/index.php?rest_route=%2Fwp%2Fv2%2Ftags&post=6439"}],"curies":[{"name":"wp","href":"https:\/\/api.w.org\/{rel}","templated":true}]}}