{"id":6529,"date":"2013-01-16T11:35:21","date_gmt":"2013-01-16T07:35:21","guid":{"rendered":"http:\/\/www.zerdab.com\/?p=6529"},"modified":"2013-01-16T11:40:24","modified_gmt":"2013-01-16T07:40:24","slug":"prezident-m%c9%99n-cox-sadam-ki-muxt%c9%99lif-yerl%c9%99rd%c9%99-g%c9%99nc-kadrlar-yetisir","status":"publish","type":"post","link":"https:\/\/www.zerdab.com\/?p=6529","title":{"rendered":"Prezident: \u201c\u015eadam ki, g\u0259nc, m\u00fcasir kadrlar yeti\u015fir\u201d"},"content":{"rendered":"<p><b>\u00a0<\/b><\/p>\n<figure id=\"attachment_6530\" aria-describedby=\"caption-attachment-6530\" style=\"width: 350px\" class=\"wp-caption aligncenter\"><img loading=\"lazy\" decoding=\"async\" class=\"size-medium wp-image-6530\" alt=\"Nazirl\u0259r Kabinetinin 2012-ci ilin sosial-iqtisadi inki\u015faf\u0131n\u0131n yekunlar\u0131 v\u0259 2013-c\u00fc ild\u0259 qar\u015f\u0131da duran v\u0259zif\u0259l\u0259r\u0259 h\u0259sr olunmu\u015f iclas\u0131\" src=\"http:\/\/www.zerdab.com\/wp-content\/uploads\/2013\/01\/Nazirl\u0259r-Kabinetinin-iclasi-350x232.jpg\" width=\"350\" height=\"232\" \/><figcaption id=\"caption-attachment-6530\" class=\"wp-caption-text\"><span style=\"color: #0000ff;\"><strong>Nazirl\u0259r Kabinetinin 2012-ci ilin sosial-iqtisadi inki\u015faf\u0131n\u0131n yekunlar\u0131 v\u0259 2013-c\u00fc ild\u0259 qar\u015f\u0131da duran v\u0259zif\u0259l\u0259r\u0259 h\u0259sr olunmu\u015f iclas\u0131.<\/strong><\/span><\/figcaption><\/figure>\n<p><b>\u201c2013-c\u00fc ild\u0259 maa\u015flar\u0131n v\u0259 pensiyalar\u0131n art\u0131r\u0131lmas\u0131 n\u0259z\u0259rd\u0259 tutulur. Bu da m\u00fct\u0259madi qaydada h\u0259yata ke\u00e7iril\u0259n m\u0259s\u0259l\u0259dir\u201d. <a href=\"http:\/\/www.zerdab.com\">www.zerdab.com<\/a> sayt\u0131n\u0131n<\/b>\u00a0 m\u0259lumat\u0131na g\u00f6r\u0259, bunu Az\u0259rbaycan prezidenti \u0130lham \u018fliyev yanvar\u0131n 15-d\u0259 Nazirl\u0259r Kabinetinin 2012-ci ilin sosial-iqtisadi inki\u015faf\u0131n\u0131n yekunlar\u0131 v\u0259 2013-c\u00fc ild\u0259 qar\u015f\u0131da duran v\u0259zif\u0259l\u0259r\u0259 h\u0259sr olunmu\u015f iclas\u0131nda yekun nitqind\u0259 deyib. D\u00f6vl\u0259t ba\u015f\u00e7\u0131s\u0131 bildirib ki, Az\u0259rbaycanda orta maa\u015f v\u0259 orta pensiyan\u0131n s\u0259viyy\u0259si MDB m\u0259kan\u0131 \u00f6lk\u0259l\u0259ri il\u0259 m\u00fcqayis\u0259d\u0259 y\u00fcks\u0259k s\u0259viyy\u0259d\u0259dir: \u201cOrta \u0259m\u0259khaqq\u0131 500 dollardan \u00e7oxdur. Orta pensiya 200 dollara yax\u0131nd\u0131r. \u018fv\u0259zl\u0259\u015fm\u0259 \u0259msal\u0131 da inki\u015faf etmi\u015f \u00f6lk\u0259l\u0259rin s\u0259viyy\u0259sind\u0259dir. Pensiya maa\u015f\u0131n 40 faizini t\u0259\u015fkil edir. Ancaq \u0259lb\u0259tt\u0259 ki, bu bizi qane etmir. Son ill\u0259r \u0259m\u0259k haqlar\u0131 v\u0259 pensiyalar\u0131n bir ne\u00e7\u0259 d\u0259f\u0259 artmas\u0131na baxmayaraq, biz \u00e7al\u0131\u015fmal\u0131y\u0131q ki, daha da b\u00f6y\u00fck art\u0131ma nail olaq\u201d.<\/p>\n<p>Prezident bildirib ki, biznes m\u00fchitinin yax\u015f\u0131la\u015fd\u0131r\u0131lmas\u0131, yeni m\u00fc\u0259ssis\u0259l\u0259rin i\u015f\u0259 sal\u0131nmas\u0131 v\u0259 s\u0259nayel\u0259\u015fm\u0259 il\u0259 ba\u011fl\u0131 planlar h\u0259yata ke\u00e7irildikd\u0259, insanlar\u0131n, y\u0259ni \u00f6z\u0259l sektorda f\u0259aliyy\u0259t g\u00f6st\u0259r\u0259nl\u0259rin ya\u015fay\u0131\u015f s\u0259viyy\u0259si daha yax\u015f\u0131la\u015fd\u0131r\u0131lacaq: \u201cD\u00f6vl\u0259t sektorunda i\u015fl\u0259y\u0259nl\u0259rin is\u0259 maa\u015flar\u0131 qald\u0131r\u0131lmal\u0131d\u0131r v\u0259 qald\u0131r\u0131lacaq. Cari ilin b\u00fcdc\u0259sind\u0259 bu, n\u0259z\u0259rd\u0259 tutulub\u201d.<\/p>\n<p><b>\u00a0<\/b><b>\u201cKorrupsiya v\u0259 r\u00fc\u015fv\u0259txorlu\u011fa qar\u015f\u0131 m\u00fcbariz\u0259 daha da ciddi apar\u0131lmal\u0131d\u0131r. Son ill\u0259r \u0259rzind\u0259 bu sah\u0259d\u0259 b\u00f6y\u00fck u\u011furlar \u0259ld\u0259 edilib\u201d. <\/b>Bu siyas\u0259tin m\u0259qs\u0259dy\u00f6nl\u00fc \u015f\u0259kild\u0259 davam etdiril\u0259c\u0259yini vur\u011fulayan d\u00f6vl\u0259t ba\u015f\u00e7\u0131s\u0131 bu i\u015fd\u0259 m\u00fcxt\u0259lif al\u0259tl\u0259rd\u0259n istifad\u0259 edildiyini bildirib: \u201c\u018flb\u0259tt\u0259 ki, c\u0259za t\u0259dbirl\u0259ri, inzibati t\u0259dbirl\u0259r m\u00fch\u00fcm yer tutur v\u0259 bu sah\u0259d\u0259 bizim amans\u0131z m\u00fcbariz\u0259miz davam etdiril\u0259c\u0259k. Bu m\u0259s\u0259l\u0259 il\u0259 m\u0259\u015f\u011ful olan b\u00fct\u00fcn d\u00f6vl\u0259t qurumlar\u0131na bir daha tap\u015f\u0131r\u0131q verir\u0259m ki, korrupsiyaya v\u0259 r\u00fc\u015fv\u0259txorlu\u011fa qar\u015f\u0131 m\u00fcbariz\u0259 daha da ciddi apar\u0131lmal\u0131d\u0131r, biz bu b\u0259lan\u0131 aradan g\u00f6t\u00fcrm\u0259liyik. Bununla b\u0259rab\u0259r, institusional, sistem xarakterli t\u0259dbirl\u0259r d\u0259 g\u00f6r\u00fclm\u0259lidir v\u0259 g\u00f6r\u00fcl\u00fcr. Onlar\u0131n aras\u0131nda elektron xidm\u0259tl\u0259r\u0259 ke\u00e7id m\u0259s\u0259l\u0259l\u0259ri d\u0259 m\u00fch\u00fcm yer tutur.<\/p>\n<p>Burada qeyd olundu\u011fu kimi, \u0130KT sah\u0259sind\u0259 Az\u0259rbaycan, do\u011frudan da, son ill\u0259r \u0259rzind\u0259 b\u00f6y\u00fck u\u011furlar \u0259ld\u0259 edibdir. Bu, h\u0259m biznes, h\u0259m z\u0259ka, intellekt sah\u0259sidir. Eyni zamanda, innovasiya v\u0259 \u015f\u0259ffafl\u0131\u011fa t\u0259kan ver\u0259n, xidm\u0259t g\u00f6st\u0259r\u0259n bir sah\u0259dir. Biz bu imkanlardan daha da geni\u015f \u015f\u0259kild\u0259 istifad\u0259 etm\u0259liyik. Elektron xidm\u0259tl\u0259rin say\u0131 artmal\u0131d\u0131r v\u0259 bu sah\u0259d\u0259 g\u00f6r\u00fcl\u0259n i\u015fl\u0259r davam etdiril\u0259c\u0259k. \u0130ctimai n\u0259zar\u0259t daha da g\u00fccl\u00fc \u015f\u0259kild\u0259 t\u0259\u015fkil edilm\u0259lidir. \u015e\u0259ffafl\u0131q maksimum d\u0259r\u0259c\u0259d\u0259 t\u0259min olunmal\u0131d\u0131r. Yen\u0259 d\u0259 deyir\u0259m, c\u0259za t\u0259dbirl\u0259ri, inzibati t\u0259dbirl\u0259r, institusional sistem xarakterli t\u0259dbirl\u0259r \u0259min\u0259m ki, g\u0259l\u0259c\u0259kd\u0259 d\u0259 korrupsiyaya qar\u015f\u0131 m\u00fcbariz\u0259d\u0259 biz\u0259 k\u00f6m\u0259k ed\u0259c\u0259k. Ke\u00e7\u0259n ilin sonunda biz bu sah\u0259d\u0259, y\u0259ni b\u00fct\u00fcn bu vacib sah\u0259l\u0259ri ehtiva ed\u0259n yeni qurumun yarad\u0131lmas\u0131na nail ola bilmi\u015fik. \u201cASAN xidm\u0259t\u201d art\u0131q \u00f6z f\u0259aliyy\u0259tin\u0259 ba\u015flay\u0131r v\u0259 bu xidm\u0259td\u0259 m\u0259hz dediyim amill\u0259r c\u0259ml\u0259\u015fir &#8211; h\u0259m innovasiya, insanlara xidm\u0259t, korrupsiyaya qar\u015f\u0131 m\u00fcbariz\u0259, \u015f\u0259ffafl\u0131q, yenilik, m\u00fcasirlik. M\u0259hz \u00f6lk\u0259miz bu istiqam\u0259td\u0259 inki\u015faf etm\u0259lidir. Buna nail olmaq \u00fc\u00e7\u00fcn, \u0259lb\u0259tt\u0259, biz kadr potensial\u0131n\u0131n haz\u0131rlanmas\u0131na bundan sonra da \u00e7ox ciddi fikir verm\u0259liyik.<\/p>\n<p>M\u0259n \u00e7ox \u015fadam ki, indi Az\u0259rbaycanda m\u00fcxt\u0259lif yerl\u0259rd\u0259 g\u0259nc, m\u00fcasir kadrlar f\u0259aliyy\u0259t\u0259 ba\u015flay\u0131r, yeti\u015fir. Onlar v\u0259t\u0259np\u0259rv\u0259rlik ruhunda t\u0259rbiy\u0259 olunub, eyni zamanda, bilikli, savadl\u0131 g\u0259ncl\u0259rdir. Onlar bizim g\u0259l\u0259c\u0259yimizdir. \u00d6lk\u0259mizi g\u0259l\u0259c\u0259kd\u0259 d\u0259 u\u011furla idar\u0259 etm\u0259k \u00fc\u00e7\u00fcn bu g\u00fcn g\u00fccl\u00fc g\u0259nc kadr potensial\u0131 yeti\u015fm\u0259lidir. Bu m\u0259qs\u0259d\u0259 \u00e7atmaq \u00fc\u00e7\u00fcn biz m\u00fcxt\u0259lif imkanlardan istifad\u0259 edirik. Bildiyiniz kimi, g\u0259ncl\u0259rimizi xaricd\u0259 oxuduruq, onlar\u0131 d\u00f6vl\u0259t hesab\u0131na inki\u015faf etmi\u015f \u00f6lk\u0259l\u0259rin apar\u0131c\u0131 ali m\u0259kt\u0259bl\u0259rin\u0259 g\u00f6nd\u0259ririk. Bu, \u0259lb\u0259tt\u0259 m\u00fcsb\u0259t t\u0259\u015f\u0259bb\u00fcs idi v\u0259 davam edir. Ancaq m\u0259n hesab edir\u0259m ki, indi daha \u00e7ox \u00f6lk\u0259 daxilind\u0259 biz el\u0259 sistem yaratmal\u0131y\u0131q ki, m\u00fcasir bilikl\u0259r\u0259 \u00e7atmaq, onlar\u0131 \u0259ld\u0259 etm\u0259k \u00fc\u00e7\u00fcn b\u00fct\u00fcn imkanlar olsun. Bu sah\u0259d\u0259 d\u0259 t\u0259dbirl\u0259r g\u00f6r\u00fcl\u00fcr v\u0259 g\u00f6r\u00fcl\u0259c\u0259k. Biz yeni texnologiyalar\u0131, m\u00fcasir yana\u015fman\u0131 t\u0259l\u0259b ed\u0259n sah\u0259l\u0259r\u0259 g\u0259ncl\u0259ri daha da \u00e7ox c\u0259lb etm\u0259liyik\u201d.<\/p>\n<p>\u0130lham \u018fliyevin s\u00f6zl\u0259rin\u0259 g\u00f6r\u0259, regional inki\u015faf Proqram\u0131 da u\u011furla icra edilib: \u00a0\u201cQeyd etdiyim kimi, 2004-c\u00fc ild\u0259 birinci Proqram, 2009-cu ild\u0259 ikinci Proqram q\u0259bul edilmi\u015fdir. Art\u0131q ikinci Proqram ba\u015fa \u00e7atmaq \u00fczr\u0259dir. Qar\u015f\u0131ya qoyulmu\u015f b\u00fct\u00fcn v\u0259zif\u0259l\u0259r icra edilib. Ke\u00e7\u0259n il 117 min yeni i\u015f yeri a\u00e7\u0131lm\u0131\u015fd\u0131r ki, onlardan 93 mini daimi i\u015f yeridir. Proqram\u0131n \u0259vv\u0259lind\u0259n 1 milyon 200 min yeni i\u015f yeri a\u00e7\u0131l\u0131b ki, bu da \u00f6z n\u00f6vb\u0259sind\u0259 i\u015fsizliyin b\u00f6y\u00fck d\u0259r\u0259c\u0259d\u0259 azald\u0131lmas\u0131na xidm\u0259t g\u00f6st\u0259r\u0131b. \u0130\u015fsizliyin s\u0259viyy\u0259si 2012-ci ild\u0259 bir q\u0259d\u0259r a\u015fa\u011f\u0131 d\u00fc\u015fm\u00fc\u015f v\u0259 indi 5,2 faiz s\u0259viyy\u0259sind\u0259dir. \u0130\u015fsizlikl\u0259 bilavasit\u0259 ba\u011fl\u0131 olan yoxsullu\u011fun s\u0259viyy\u0259si d\u0259 a\u015fa\u011f\u0131 d\u00fc\u015f\u00fcb &#8211; 7,6 faizd\u0259n 6 faiz\u0259. Bu, hesab edir\u0259m ki, h\u0259tta inki\u015faf etmi\u015f \u00f6lk\u0259l\u0259r \u00fc\u00e7\u00fcn \u00e7ox g\u00f6z\u0259l g\u00f6st\u0259ricidir\u201d.\u00a0Prezident \u0259min oldu\u011funu bildirib ki, 2013-c\u00fc ild\u0259 g\u00f6r\u00fcl\u0259c\u0259k i\u015fl\u0259r, yeni, infrastruktur layih\u0259l\u0259rinin, sosial proqramlar\u0131n icras\u0131 n\u0259tic\u0259sind\u0259 yoxsulluq s\u0259viyy\u0259si daha da d\u00fc\u015f\u0259c\u0259k v\u0259 bel\u0259likl\u0259, 10 il bundan \u0259vv\u0259l qar\u015f\u0131ya qoyulan v\u0259zif\u0259, &#8211; Az\u0259rbaycanda yoxsullu\u011fu tamamil\u0259 aradan g\u00f6t\u00fcrm\u0259k v\u0259zif\u0259si d\u0259 art\u0131q t\u0259min edil\u0259c\u0259k.<\/p>\n<p><strong>www.zerdab.com<\/strong><\/p>\n","protected":false},"excerpt":{"rendered":"<p>\u00a0 \u201c2013-c\u00fc ild\u0259 maa\u015flar\u0131n v\u0259 pensiyalar\u0131n art\u0131r\u0131lmas\u0131 n\u0259z\u0259rd\u0259 tutulur. Bu da m\u00fct\u0259madi qaydada h\u0259yata ke\u00e7iril\u0259n m\u0259s\u0259l\u0259dir\u201d. www.zerdab.com sayt\u0131n\u0131n\u00a0 m\u0259lumat\u0131na g\u00f6r\u0259, bunu Az\u0259rbaycan prezidenti \u0130lham \u018fliyev yanvar\u0131n 15-d\u0259 Nazirl\u0259r Kabinetinin 2012-ci ilin sosial-iqtisadi inki\u015faf\u0131n\u0131n yekunlar\u0131 v\u0259 2013-c\u00fc ild\u0259 qar\u015f\u0131da duran v\u0259zif\u0259l\u0259r\u0259 h\u0259sr olunmu\u015f iclas\u0131nda yekun nitqind\u0259 deyib. D\u00f6vl\u0259t ba\u015f\u00e7\u0131s\u0131 bildirib ki, Az\u0259rbaycanda orta maa\u015f v\u0259 orta [&hellip;]<\/p>\n","protected":false},"author":1,"featured_media":0,"comment_status":"open","ping_status":"open","sticky":false,"template":"","format":"standard","meta":{"footnotes":""},"categories":[5],"tags":[],"class_list":{"0":"post-6529","1":"post","2":"type-post","3":"status-publish","4":"format-standard","6":"category-knd"},"yoast_head":"<!-- This site is optimized with the Yoast SEO plugin v27.0 - https:\/\/yoast.com\/product\/yoast-seo-wordpress\/ -->\n<title>Prezident: \u201c\u015eadam ki, g\u0259nc, m\u00fcasir kadrlar yeti\u015fir\u201d - Z\u0259rdab.com<\/title>\n<meta name=\"robots\" content=\"index, follow, max-snippet:-1, max-image-preview:large, max-video-preview:-1\" \/>\n<link rel=\"canonical\" href=\"https:\/\/www.zerdab.com\/?p=6529\" \/>\n<meta property=\"og:locale\" content=\"az_AZ\" \/>\n<meta property=\"og:type\" content=\"article\" \/>\n<meta property=\"og:title\" content=\"Prezident: \u201c\u015eadam ki, g\u0259nc, m\u00fcasir kadrlar yeti\u015fir\u201d - Z\u0259rdab.com\" \/>\n<meta property=\"og:description\" content=\"\u00a0 \u201c2013-c\u00fc ild\u0259 maa\u015flar\u0131n v\u0259 pensiyalar\u0131n art\u0131r\u0131lmas\u0131 n\u0259z\u0259rd\u0259 tutulur. Bu da m\u00fct\u0259madi qaydada h\u0259yata ke\u00e7iril\u0259n m\u0259s\u0259l\u0259dir\u201d. www.zerdab.com sayt\u0131n\u0131n\u00a0 m\u0259lumat\u0131na g\u00f6r\u0259, bunu Az\u0259rbaycan prezidenti \u0130lham \u018fliyev yanvar\u0131n 15-d\u0259 Nazirl\u0259r Kabinetinin 2012-ci ilin sosial-iqtisadi inki\u015faf\u0131n\u0131n yekunlar\u0131 v\u0259 2013-c\u00fc ild\u0259 qar\u015f\u0131da duran v\u0259zif\u0259l\u0259r\u0259 h\u0259sr olunmu\u015f iclas\u0131nda yekun nitqind\u0259 deyib. D\u00f6vl\u0259t ba\u015f\u00e7\u0131s\u0131 bildirib ki, Az\u0259rbaycanda orta maa\u015f v\u0259 orta [&hellip;]\" \/>\n<meta property=\"og:url\" content=\"https:\/\/www.zerdab.com\/?p=6529\" \/>\n<meta property=\"og:site_name\" content=\"Z\u0259rdab.com\" \/>\n<meta property=\"article:published_time\" content=\"2013-01-16T07:35:21+00:00\" \/>\n<meta property=\"article:modified_time\" content=\"2013-01-16T07:40:24+00:00\" \/>\n<meta name=\"author\" content=\"admin\" \/>\n<meta name=\"twitter:card\" content=\"summary_large_image\" \/>\n<meta name=\"twitter:label1\" content=\"Written by\" \/>\n\t<meta name=\"twitter:data1\" content=\"admin\" \/>\n\t<meta name=\"twitter:label2\" content=\"Est. reading time\" \/>\n\t<meta name=\"twitter:data2\" content=\"6 minutes\" \/>\n<script type=\"application\/ld+json\" class=\"yoast-schema-graph\">{\"@context\":\"https:\/\/schema.org\",\"@graph\":[{\"@type\":\"Article\",\"@id\":\"https:\/\/www.zerdab.com\/?p=6529#article\",\"isPartOf\":{\"@id\":\"https:\/\/www.zerdab.com\/?p=6529\"},\"author\":{\"name\":\"admin\",\"@id\":\"https:\/\/www.zerdab.com\/#\/schema\/person\/97079b7570c1e89ec0d9e138c3672136\"},\"headline\":\"Prezident: \u201c\u015eadam ki, g\u0259nc, m\u00fcasir kadrlar yeti\u015fir\u201d\",\"datePublished\":\"2013-01-16T07:35:21+00:00\",\"dateModified\":\"2013-01-16T07:40:24+00:00\",\"mainEntityOfPage\":{\"@id\":\"https:\/\/www.zerdab.com\/?p=6529\"},\"wordCount\":1200,\"commentCount\":1,\"articleSection\":[\"X\u018fB\u018fRL\u018fR\"],\"inLanguage\":\"az\",\"potentialAction\":[{\"@type\":\"CommentAction\",\"name\":\"Comment\",\"target\":[\"https:\/\/www.zerdab.com\/?p=6529#respond\"]}]},{\"@type\":\"WebPage\",\"@id\":\"https:\/\/www.zerdab.com\/?p=6529\",\"url\":\"https:\/\/www.zerdab.com\/?p=6529\",\"name\":\"Prezident: \u201c\u015eadam ki, g\u0259nc, m\u00fcasir kadrlar yeti\u015fir\u201d - Z\u0259rdab.com\",\"isPartOf\":{\"@id\":\"https:\/\/www.zerdab.com\/#website\"},\"datePublished\":\"2013-01-16T07:35:21+00:00\",\"dateModified\":\"2013-01-16T07:40:24+00:00\",\"author\":{\"@id\":\"https:\/\/www.zerdab.com\/#\/schema\/person\/97079b7570c1e89ec0d9e138c3672136\"},\"breadcrumb\":{\"@id\":\"https:\/\/www.zerdab.com\/?p=6529#breadcrumb\"},\"inLanguage\":\"az\",\"potentialAction\":[{\"@type\":\"ReadAction\",\"target\":[\"https:\/\/www.zerdab.com\/?p=6529\"]}]},{\"@type\":\"BreadcrumbList\",\"@id\":\"https:\/\/www.zerdab.com\/?p=6529#breadcrumb\",\"itemListElement\":[{\"@type\":\"ListItem\",\"position\":1,\"name\":\"Home\",\"item\":\"https:\/\/www.zerdab.com\/\"},{\"@type\":\"ListItem\",\"position\":2,\"name\":\"Prezident: \u201c\u015eadam ki, g\u0259nc, m\u00fcasir kadrlar yeti\u015fir\u201d\"}]},{\"@type\":\"WebSite\",\"@id\":\"https:\/\/www.zerdab.com\/#website\",\"url\":\"https:\/\/www.zerdab.com\/\",\"name\":\"Z\u0259rdab.com\",\"description\":\"\",\"potentialAction\":[{\"@type\":\"SearchAction\",\"target\":{\"@type\":\"EntryPoint\",\"urlTemplate\":\"https:\/\/www.zerdab.com\/?s={search_term_string}\"},\"query-input\":{\"@type\":\"PropertyValueSpecification\",\"valueRequired\":true,\"valueName\":\"search_term_string\"}}],\"inLanguage\":\"az\"},{\"@type\":\"Person\",\"@id\":\"https:\/\/www.zerdab.com\/#\/schema\/person\/97079b7570c1e89ec0d9e138c3672136\",\"name\":\"admin\",\"image\":{\"@type\":\"ImageObject\",\"inLanguage\":\"az\",\"@id\":\"https:\/\/www.zerdab.com\/#\/schema\/person\/image\/\",\"url\":\"https:\/\/secure.gravatar.com\/avatar\/d9c52a9a27c32119cb6679a077fa3e2779e5f822c451cbf01098004361d466ec?s=96&d=mm&r=g\",\"contentUrl\":\"https:\/\/secure.gravatar.com\/avatar\/d9c52a9a27c32119cb6679a077fa3e2779e5f822c451cbf01098004361d466ec?s=96&d=mm&r=g\",\"caption\":\"admin\"},\"url\":\"https:\/\/www.zerdab.com\/?author=1\"}]}<\/script>\n<!-- \/ Yoast SEO plugin. -->","yoast_head_json":{"title":"Prezident: \u201c\u015eadam ki, g\u0259nc, m\u00fcasir kadrlar yeti\u015fir\u201d - Z\u0259rdab.com","robots":{"index":"index","follow":"follow","max-snippet":"max-snippet:-1","max-image-preview":"max-image-preview:large","max-video-preview":"max-video-preview:-1"},"canonical":"https:\/\/www.zerdab.com\/?p=6529","og_locale":"az_AZ","og_type":"article","og_title":"Prezident: \u201c\u015eadam ki, g\u0259nc, m\u00fcasir kadrlar yeti\u015fir\u201d - Z\u0259rdab.com","og_description":"\u00a0 \u201c2013-c\u00fc ild\u0259 maa\u015flar\u0131n v\u0259 pensiyalar\u0131n art\u0131r\u0131lmas\u0131 n\u0259z\u0259rd\u0259 tutulur. Bu da m\u00fct\u0259madi qaydada h\u0259yata ke\u00e7iril\u0259n m\u0259s\u0259l\u0259dir\u201d. www.zerdab.com sayt\u0131n\u0131n\u00a0 m\u0259lumat\u0131na g\u00f6r\u0259, bunu Az\u0259rbaycan prezidenti \u0130lham \u018fliyev yanvar\u0131n 15-d\u0259 Nazirl\u0259r Kabinetinin 2012-ci ilin sosial-iqtisadi inki\u015faf\u0131n\u0131n yekunlar\u0131 v\u0259 2013-c\u00fc ild\u0259 qar\u015f\u0131da duran v\u0259zif\u0259l\u0259r\u0259 h\u0259sr olunmu\u015f iclas\u0131nda yekun nitqind\u0259 deyib. D\u00f6vl\u0259t ba\u015f\u00e7\u0131s\u0131 bildirib ki, Az\u0259rbaycanda orta maa\u015f v\u0259 orta [&hellip;]","og_url":"https:\/\/www.zerdab.com\/?p=6529","og_site_name":"Z\u0259rdab.com","article_published_time":"2013-01-16T07:35:21+00:00","article_modified_time":"2013-01-16T07:40:24+00:00","author":"admin","twitter_card":"summary_large_image","twitter_misc":{"Written by":"admin","Est. reading time":"6 minutes"},"schema":{"@context":"https:\/\/schema.org","@graph":[{"@type":"Article","@id":"https:\/\/www.zerdab.com\/?p=6529#article","isPartOf":{"@id":"https:\/\/www.zerdab.com\/?p=6529"},"author":{"name":"admin","@id":"https:\/\/www.zerdab.com\/#\/schema\/person\/97079b7570c1e89ec0d9e138c3672136"},"headline":"Prezident: \u201c\u015eadam ki, g\u0259nc, m\u00fcasir kadrlar yeti\u015fir\u201d","datePublished":"2013-01-16T07:35:21+00:00","dateModified":"2013-01-16T07:40:24+00:00","mainEntityOfPage":{"@id":"https:\/\/www.zerdab.com\/?p=6529"},"wordCount":1200,"commentCount":1,"articleSection":["X\u018fB\u018fRL\u018fR"],"inLanguage":"az","potentialAction":[{"@type":"CommentAction","name":"Comment","target":["https:\/\/www.zerdab.com\/?p=6529#respond"]}]},{"@type":"WebPage","@id":"https:\/\/www.zerdab.com\/?p=6529","url":"https:\/\/www.zerdab.com\/?p=6529","name":"Prezident: \u201c\u015eadam ki, g\u0259nc, m\u00fcasir kadrlar yeti\u015fir\u201d - Z\u0259rdab.com","isPartOf":{"@id":"https:\/\/www.zerdab.com\/#website"},"datePublished":"2013-01-16T07:35:21+00:00","dateModified":"2013-01-16T07:40:24+00:00","author":{"@id":"https:\/\/www.zerdab.com\/#\/schema\/person\/97079b7570c1e89ec0d9e138c3672136"},"breadcrumb":{"@id":"https:\/\/www.zerdab.com\/?p=6529#breadcrumb"},"inLanguage":"az","potentialAction":[{"@type":"ReadAction","target":["https:\/\/www.zerdab.com\/?p=6529"]}]},{"@type":"BreadcrumbList","@id":"https:\/\/www.zerdab.com\/?p=6529#breadcrumb","itemListElement":[{"@type":"ListItem","position":1,"name":"Home","item":"https:\/\/www.zerdab.com\/"},{"@type":"ListItem","position":2,"name":"Prezident: \u201c\u015eadam ki, g\u0259nc, m\u00fcasir kadrlar yeti\u015fir\u201d"}]},{"@type":"WebSite","@id":"https:\/\/www.zerdab.com\/#website","url":"https:\/\/www.zerdab.com\/","name":"Z\u0259rdab.com","description":"","potentialAction":[{"@type":"SearchAction","target":{"@type":"EntryPoint","urlTemplate":"https:\/\/www.zerdab.com\/?s={search_term_string}"},"query-input":{"@type":"PropertyValueSpecification","valueRequired":true,"valueName":"search_term_string"}}],"inLanguage":"az"},{"@type":"Person","@id":"https:\/\/www.zerdab.com\/#\/schema\/person\/97079b7570c1e89ec0d9e138c3672136","name":"admin","image":{"@type":"ImageObject","inLanguage":"az","@id":"https:\/\/www.zerdab.com\/#\/schema\/person\/image\/","url":"https:\/\/secure.gravatar.com\/avatar\/d9c52a9a27c32119cb6679a077fa3e2779e5f822c451cbf01098004361d466ec?s=96&d=mm&r=g","contentUrl":"https:\/\/secure.gravatar.com\/avatar\/d9c52a9a27c32119cb6679a077fa3e2779e5f822c451cbf01098004361d466ec?s=96&d=mm&r=g","caption":"admin"},"url":"https:\/\/www.zerdab.com\/?author=1"}]}},"_links":{"self":[{"href":"https:\/\/www.zerdab.com\/index.php?rest_route=\/wp\/v2\/posts\/6529","targetHints":{"allow":["GET"]}}],"collection":[{"href":"https:\/\/www.zerdab.com\/index.php?rest_route=\/wp\/v2\/posts"}],"about":[{"href":"https:\/\/www.zerdab.com\/index.php?rest_route=\/wp\/v2\/types\/post"}],"author":[{"embeddable":true,"href":"https:\/\/www.zerdab.com\/index.php?rest_route=\/wp\/v2\/users\/1"}],"replies":[{"embeddable":true,"href":"https:\/\/www.zerdab.com\/index.php?rest_route=%2Fwp%2Fv2%2Fcomments&post=6529"}],"version-history":[{"count":5,"href":"https:\/\/www.zerdab.com\/index.php?rest_route=\/wp\/v2\/posts\/6529\/revisions"}],"predecessor-version":[{"id":6532,"href":"https:\/\/www.zerdab.com\/index.php?rest_route=\/wp\/v2\/posts\/6529\/revisions\/6532"}],"wp:attachment":[{"href":"https:\/\/www.zerdab.com\/index.php?rest_route=%2Fwp%2Fv2%2Fmedia&parent=6529"}],"wp:term":[{"taxonomy":"category","embeddable":true,"href":"https:\/\/www.zerdab.com\/index.php?rest_route=%2Fwp%2Fv2%2Fcategories&post=6529"},{"taxonomy":"post_tag","embeddable":true,"href":"https:\/\/www.zerdab.com\/index.php?rest_route=%2Fwp%2Fv2%2Ftags&post=6529"}],"curies":[{"name":"wp","href":"https:\/\/api.w.org\/{rel}","templated":true}]}}