{"id":6590,"date":"2013-01-19T18:31:01","date_gmt":"2013-01-19T14:31:01","guid":{"rendered":"http:\/\/www.zerdab.com\/?p=6590"},"modified":"2013-01-19T18:31:01","modified_gmt":"2013-01-19T14:31:01","slug":"20-yanvar-faci%c9%99si-v%c9%99-onun-ibr%c9%99t-d%c9%99rsl%c9%99ri","status":"publish","type":"post","link":"https:\/\/www.zerdab.com\/?p=6590","title":{"rendered":"20 Yanvar faci\u0259si v\u0259 onun ibr\u0259t d\u0259rsl\u0259ri"},"content":{"rendered":"<p><span style=\"color: #ff0000;\"><strong><img loading=\"lazy\" decoding=\"async\" class=\"aligncenter size-medium wp-image-6591\" alt=\"\u015e\u0259hidl\u0259r Xiyaban\u0131\" src=\"http:\/\/www.zerdab.com\/wp-content\/uploads\/2013\/01\/20-yanvar-350x174.png\" width=\"350\" height=\"174\" \/>H\u0259r il yanvar ay\u0131n\u0131n 20-si Az\u0259rbaycan xalq\u0131 t\u0259r\u0259find\u0259n h\u00fczn v\u0259 k\u0259d\u0259rl\u0259, h\u0259m d\u0259 azadl\u0131q m\u00fcbariz\u0259sinin \u015f\u0259r\u0259f v\u0259 q\u00fcrur zirv\u0259si kimi yad edilir. Bu faci\u0259 haqq\u0131nda h\u0259r il yaz\u0131l\u0131b v\u0259 h\u0259l\u0259 \u00e7ox yaz\u0131lacaq. Bizim d\u0259 m\u0259qs\u0259dimiz bu qanl\u0131 faci\u0259 \u0259r\u0259f\u0259sind\u0259 o g\u00fcnl\u0259r\u0259 bir daha qay\u0131tmaq v\u0259 ba\u015f\u0131m\u0131za g\u0259tiril\u0259nl\u0259ri analiz etm\u0259k, ondan ibr\u0259t g\u00f6t\u00fcrm\u0259k, s\u0259hvl\u0259rimizd\u0259n n\u0259tic\u0259 \u00e7\u0131xarmaqd\u0131r.<\/strong><\/span><\/p>\n<p><span style=\"color: #ff0000;\"><strong>Faci\u0259y\u0259 aparan yol<\/strong><\/span><\/p>\n<p>\u00d6t\u0259n \u0259srin 80-c\u0131 ill\u0259rind\u0259 SSR\u0130-d\u0259 ba\u015f ver\u0259n hakimiyy\u0259t d\u0259yi\u015fikliyi n\u0259tic\u0259sind\u0259 Qorba\u00e7ov SSR\u0130-ni idar\u0259 etm\u0259y\u0259 ba\u015flad\u0131. Bununla da SSR\u0130-ni silk\u0259l\u0259y\u0259n v\u0259 ittifaq respublikalar\u0131nda qanl\u0131 q\u0131r\u011f\u0131nlar\u0131n, o c\u00fcml\u0259d\u0259n Az\u0259rbaycanda 20 Yanvar faci\u0259sinin \u0259sas\u0131 qoyuldu. Buna da s\u0259b\u0259b Qorba\u00e7ovun \u0259traf\u0131na erm\u0259ni mafiyas\u0131n\u0131 y\u0131\u011fmas\u0131, onlar\u0131n dikt\u0259si il\u0259 h\u0259r\u0259k\u0259t etm\u0259si oldu. 1987-ci il noyabr ay\u0131n\u0131n 18-d\u0259\u00a0 Mixail Qorba\u00e7ovla akademik A. Aqanbekyan aras\u0131nda Kremld\u0259 3 saata yax\u0131n davam ed\u0259n g\u00f6r\u00fc\u015f ke\u00e7irildi. G\u00f6r\u00fc\u015fd\u0259 Aqanbekyan Qorba\u00e7ovu Da\u011fl\u0131q Qaraba\u011f\u0131n Az\u0259rbaycan\u0131n t\u0259rkibind\u0259n \u00e7\u0131xar\u0131laraq Erm\u0259nistana verilm\u0259sinin z\u0259ruriliyin\u0259 raz\u0131 sala bildi. Amma Da\u011fl\u0131q Qaraba\u011f\u0131n Az\u0259rbaycan\u0131n t\u0259rkibind\u0259n \u00e7\u0131xar\u0131laraq Erm\u0259nistana verilm\u0259si \u00fc\u00e7\u00fcn \u0259sasl\u0131 z\u0259min laz\u0131m idi. Bunu n\u0259z\u0259r\u0259 alaraq, Qorba\u00e7ovun qeyri-r\u0259smi raz\u0131l\u0131\u011f\u0131 \u0259sas\u0131nda 1988-ci il fevral ay\u0131n\u0131n 20-d\u0259 Da\u011fl\u0131q Qaraba\u011f Muxtar Vilay\u0259ti Partiya Komit\u0259sinin plenumunda \u201cDa\u011fl\u0131q Qaraba\u011f Muxtar Vilay\u0259tinin (DQMV) Az\u0259rbaycan\u0131n t\u0259rkibind\u0259n \u00e7\u0131xar\u0131laraq Erm\u0259nistan\u0131n t\u0259rkibin\u0259 daxil edilm\u0259si\u201d bar\u0259d\u0259 q\u0259rar q\u0259bul edildi. Bunun ard\u0131nca Erm\u0259nistandak\u0131 az\u0259rbaycanl\u0131lar\u0131n do\u011fma d\u0259d\u0259-baba yurdlar\u0131ndan deportasiyas\u0131 ba\u015flad\u0131. B\u00fct\u00fcn bunlar is\u0259 Az\u0259rbaycanda geni\u015f \u0259ks-s\u0259da verdi. Bunu g\u00f6r\u0259n erm\u0259nil\u0259r \u00f6z iddialar\u0131na haqq qazand\u0131rmaq \u00fc\u00e7\u00fcn Sumqay\u0131t q\u0131r\u011f\u0131n\u0131n\u0131 haz\u0131rlad\u0131lar. Onlar Sumqay\u0131tda 5-10 n\u0259f\u0259r erm\u0259nini qurban verm\u0259kl\u0259 Da\u011fl\u0131q Qaraba\u011f\u0131n Erm\u0259nistana birl\u0259\u015fdirilm\u0259si \u00fc\u00e7\u00fcn \u0259sasl\u0131 b\u0259han\u0259 \u0259ld\u0259 ed\u0259c\u0259kl\u0259rin\u0259 \u0259min idil\u0259r. Amma onlar\u0131n bu plan\u0131 da ba\u015f tutmad\u0131. Bununla bel\u0259, Qorba\u00e7ov v\u0259 onun \u0259traf\u0131ndak\u0131 erm\u0259ni mafiyas\u0131 Da\u011fl\u0131q Qaraba\u011f \u0259traf\u0131ndak\u0131 oyunlar\u0131 davam etdirdil\u0259r. Bu bax\u0131mdan1988-ci ilin mart ay\u0131nda Sov. \u0130KP MK-n\u0131n v\u0259 SSR\u0130 Nazirl\u0259r Sovetinin \u201cDa\u011fl\u0131q Qaraba\u011f Muxtar Vilay\u0259tinin sosial-iqtisadi inki\u015faf\u0131n\u0131n s\u00fcr\u0259tl\u0259ndirilm\u0259si haqq\u0131nda\u201d q\u0259bul etdiyi x\u00fcsusi q\u0259rar vilay\u0259tin Az\u0259rbaycandan al\u0131naraq Erm\u0259nistana verilm\u0259si yolunda at\u0131lan n\u00f6vb\u0259ti add\u0131m oldu.<\/p>\n<p>Bununla bel\u0259, hadis\u0259l\u0259rin Moskvan\u0131n arzulad\u0131\u011f\u0131 istiqam\u0259td\u0259 getm\u0259m\u0259si v\u0259 Az\u0259rbaycan xalq\u0131n\u0131n \u00f6z torpaqlar\u0131n\u0131n m\u00fcdafi\u0259si u\u011frunda aya\u011fa qalxmas\u0131 Qorba\u00e7ova v\u0259 erm\u0259ni mafiyas\u0131na Da\u011fl\u0131q Qaraba\u011f\u0131n Erm\u0259nistana birl\u0259\u015fdirilm\u0259si planlar\u0131n\u0131 h\u0259yata ke\u00e7irm\u0259y\u0259 imkan verm\u0259di. N\u0259tic\u0259d\u0259 onlar Da\u011fl\u0131q Qaraba\u011f\u0131n Em\u0259nistana birl\u0259\u015fdirilm\u0259si \u00fc\u00e7\u00fcn ba\u015fqa yollar axtarma\u011fa m\u0259cbur oldular. Bu m\u00fcst\u0259vid\u0259 d\u0259 1989-cu il yanvar ay\u0131n\u0131n 12-d\u0259 SSR\u0130 Ali Soveti R\u0259yas\u0259t Hey\u0259ti t\u0259r\u0259find\u0259n muxtar vilay\u0259td\u0259 x\u00fcsusi idar\u0259 formas\u0131n\u0131n t\u0259tbiq edilm\u0259si haqq\u0131nda veril\u0259n f\u0259rman Da\u011fl\u0131q Qaraba\u011f\u0131n Az\u0259rbaycan\u0131n tabeliyind\u0259n \u00e7\u0131xar\u0131lmas\u0131 \u00fc\u00e7\u00fcn ba\u015f vurulan n\u00f6vb\u0259ti c\u0259hdl\u0259rd\u0259n biri oldu. Bu m\u0259qs\u0259dl\u0259 d\u0259 Da\u011fl\u0131q Qaraba\u011fda erm\u0259nil\u0259rin \u00f6z adam\u0131 hesab edil\u0259n Arkadi Volski\u00a0 X\u00fcsusi \u0130dar\u0259 Komit\u0259sinin r\u0259hb\u0259ri t\u0259yin edildi. Lakin hadis\u0259l\u0259rin gedi\u015fi g\u00f6st\u0259rdi ki, Moskva Da\u011fl\u0131q Qaraba\u011fda x\u00fcsusi idar\u0259etm\u0259 komit\u0259si yaratmaqla bel\u0259, bu \u0259razinin Az\u0259rbaycandan al\u0131naraq Erm\u0259nistana birl\u0259\u015fdirilm\u0259sin\u0259 nail ola bilm\u0259y\u0259c\u0259k. Ona g\u00f6r\u0259 d\u0259 Erm\u0259nistan SSR Ali Soveti 1989-cu il dekabr ay\u0131n\u0131n 9-da \u201cDa\u011fl\u0131q Qaraba\u011f\u0131n Erm\u0259nistan SSR-\u0259 birl\u0259\u015fdirilm\u0259si haqda\u201d q\u0259rar q\u0259bul etdi. Bu da, \u00f6z n\u00f6vb\u0259sind\u0259, Az\u0259rbaycanda v\u0259ziyy\u0259tin daha da g\u0259rginl\u0259\u015fm\u0259sin\u0259 g\u0259tirib \u00e7\u0131xard\u0131. Bel\u0259 bir v\u0259ziyy\u0259td\u0259 1990-c\u0131 il yanvar ay\u0131n\u0131n 10-da SSR\u0130 Ali Soveti R\u0259yas\u0259t Hey\u0259ti Az\u0259rbaycan\u0131 sakitl\u0259\u015fdirm\u0259k m\u0259qs\u0259di il\u0259 r\u0259smi \u015f\u0259kild\u0259 bildirdi ki, SSR\u0130 Konstitusiyas\u0131n\u0131n 78-ci madd\u0259sin\u0259 \u0259sas\u0259n, Az\u0259rbaycan\u0131n raz\u0131l\u0131\u011f\u0131 olmadan Da\u011fl\u0131q Qaraba\u011f\u0131n Az\u0259rbaycan\u0131n t\u0259rkibind\u0259n \u00e7\u0131xar\u0131laraq Erm\u0259nistana verilm\u0259si m\u00fcmk\u00fcn deyil.<\/p>\n<p><span style=\"color: #ff0000;\"><strong>DTK t\u0259xribat\u0131<\/strong><\/span><\/p>\n<p>Az\u0259rbaycan xalq h\u0259r\u0259kat\u0131n\u0131\u00a0 par\u00e7alamaq, onun r\u0259hb\u0259rl\u0259rini xalq\u0131n g\u00f6z\u00fcnd\u0259n salmaq v\u0259 bu \u00e7\u0259r\u00e7iv\u0259d\u0259 d\u0259 Da\u011fl\u0131q Qaraba\u011f\u0131n Erm\u0259nistana birl\u0259\u015fdirilm\u0259sin\u0259 nail olmaq m\u0259qs\u0259di il\u0259 SSR\u0130 D\u00f6vl\u0259t T\u0259hl\u00fck\u0259sizlik Komit\u0259sinin g\u00f6st\u0259ri\u015fi il\u0259 1989-cu il oktyabr\u0131n 7-d\u0259 Az\u0259rbaycan SSR DTK-s\u0131n\u0131n\u00a0 12 zabitind\u0259n ibar\u0259t \u201cB\u00f6hran qrupu\u201d yarad\u0131ld\u0131. \u201cB\u00f6hran qrupu\u201dna r\u0259hb\u0259rlik 5-ci \u015f\u00f6b\u0259nin r\u0259isi Vladimir Mirz\u0259yev\u0259 tap\u015f\u0131r\u0131ld\u0131. Qrupun v\u0259zif\u0259si xalq h\u0259r\u0259kat\u0131na r\u0259hb\u0259rlik ed\u0259nl\u0259r aras\u0131nda nifaq, fitn\u0259-f\u0259sad toxumlar\u0131 s\u0259pm\u0259k, az\u0259rbaycanl\u0131-erm\u0259ni qar\u015f\u0131durmas\u0131n\u0131 daha da k\u00f6r\u00fckl\u0259m\u0259k idi. 1990-c\u0131 il yanvar ay\u0131n\u0131n 13-14-d\u0259 Bak\u0131da erm\u0259ni q\u0131r\u011f\u0131nlar\u0131n\u0131 da m\u0259hz bu qrup t\u0259\u015fkil etdi. M\u0259qs\u0259d bu yolla Moskvan\u0131n Az\u0259rbaycana qo\u015fun yeritm\u0259sin\u0259 v\u0259 bununla Da\u011fl\u0131q Qaraba\u011f\u0131n Erm\u0259nistana birl\u0259\u015fdirilm\u0259sin\u0259 z\u0259min haz\u0131rlamaq idi. M\u0259hz \u201cB\u00f6hran qrupu\u201d t\u0259r\u0259find\u0259n Bak\u0131da t\u0259\u015fkil edil\u0259n erm\u0259ni q\u0131r\u011f\u0131n\u0131 Moskvan\u0131n Bak\u0131ya qo\u015fun yeritm\u0259sin\u0259 z\u0259min haz\u0131rlad\u0131. Halbuki h\u0259min d\u00f6vrd\u0259 SSR\u0130 daxili qo\u015funlar\u0131n\u0131n Bak\u0131da erm\u0259ni q\u0131r\u011f\u0131nlar\u0131n\u0131n qar\u015f\u0131s\u0131n\u0131 ala bilm\u0259si \u00fc\u00e7\u00fcn kifay\u0259t q\u0259d\u0259r q\u00fcvv\u0259si var idi. Sonralar \u201cB\u00f6hran qrupu\u201dna dair istintaq materiallar\u0131 g\u00f6st\u0259rdi ki, \u201cB\u00f6hran qrupu\u201d fitn\u0259-f\u0259sadlar, m\u0259nzill\u0259rin yand\u0131r\u0131lmas\u0131, q\u0259tll\u0259rl\u0259 m\u0259\u015f\u011ful olub.<\/p>\n<p><span style=\"color: #ff0000;\"><strong>Q\u0131r\u011f\u0131n<\/strong><\/span><\/p>\n<p>Bak\u0131da DTK t\u0259r\u0259find\u0259n t\u00f6r\u0259dil\u0259n erm\u0259ni q\u0131r\u011f\u0131nlar\u0131ndan sonra Qorba\u00e7ovun g\u00f6st\u0259ri\u015fi il\u0259 SSR\u0130 MN, D\u0130N v\u0259 DTK-n\u0131n r\u0259hb\u0259rl\u0259ri Az\u0259rbaycana qar\u015f\u0131 \u201cUdar\u201d (\u201cZ\u0259rb\u0259\u201d) \u0259m\u0259liyyat\u0131 haz\u0131rlad\u0131lar. Bu \u0259m\u0259liyyata r\u0259hb\u0259rlik general Aleksandr Lebed\u0259 h\u0259val\u0259 edildi. Bak\u0131ya h\u00fccum \u0259m\u0259liyyat\u0131na c\u0259lb edil\u0259n \u0259sg\u0259rl\u0259r aras\u0131nda Stavropol, Krasnodar v\u0259 Rostovdan s\u0259f\u0259rb\u0259rliy\u0259 al\u0131nan erm\u0259nil\u0259r d\u0259 var idi. DTK-n\u0131n x\u00fcsusi t\u0259yinatl\u0131 \u201cAlfa\u201d v\u0259 \u201cA\u201d diversiya qruplar\u0131 da Bak\u0131ya hucum \u0259m\u0259liyyat\u0131na c\u0259lb edilmi\u015fdil\u0259r. \u018fsg\u0259rl\u0259r v\u0259 zabitl\u0259r\u0259 bildirmi\u015fdil\u0259r ki, guya onlar Bak\u0131ya ruslar\u0131 m\u00fcdafi\u0259 etm\u0259k \u00fc\u00e7\u00fcn g\u00f6nd\u0259rilirl\u0259r. Az\u0259rbaycan\u0131 d\u00fcnyadan t\u0259crid etm\u0259k v\u0259 ba\u015f ver\u0259nl\u0259rd\u0259n beyn\u0259lxalq ictimaiyy\u0259tin x\u0259b\u0259r tuta bilm\u0259m\u0259si \u00fc\u00e7\u00fcn SSR\u0130 DTK-n\u0131n \u201cAlfa\u201d qrupu yanvar\u0131n 19-da saat 19.27-d\u0259 Az\u0259rbaycan Televiziyas\u0131n\u0131n enerji blokunu partlatd\u0131. Bununla da Az\u0259rbaycan informasiya blokadas\u0131na al\u0131nd\u0131. M.Qorba\u00e7ov 1990-c\u0131 il yanvar\u0131n 19-da Bak\u0131da f\u00f6vq\u0259lad\u0259 v\u0259ziyy\u0259t elan edilm\u0259si haqq\u0131nda f\u0259rman imzalad\u0131. Bak\u0131da f\u00f6vq\u0259lad\u0259 v\u0259ziyy\u0259tin elan olunmas\u0131 haqq\u0131nda m\u0259lumat is\u0259 \u0259haliy\u0259 yaln\u0131z yanvar\u0131n 20-d\u0259, s\u0259h\u0259r saat 7-d\u0259 respublika radiosu il\u0259 \u00e7atd\u0131r\u0131ld\u0131.<\/p>\n<p>Bak\u0131ya h\u00fccum 5 istiqam\u0259td\u0259n Bin\u0259-Qala, Salyan kazarmas\u0131, \u201cQurd qap\u0131s\u0131\u201d, Sumqay\u0131t-Nasosn\u0131 v\u0259 X\u0259z\u0259r d\u0259nizi t\u0259r\u0259find\u0259n ba\u015flad\u0131. \u015e\u0259h\u0259r\u0259 yeridil\u0259n tanklar v\u0259 PDM-l\u0259r dinc \u0259halinin \u00fcz\u0259rin\u0259 at\u0259\u015f a\u00e7\u0131r, he\u00e7 k\u0259s\u0259 aman vermirdil\u0259r. N\u0259tic\u0259d\u0259 q\u0131sa m\u00fcdd\u0259td\u0259 137 n\u0259f\u0259r \u00f6ld\u00fcr\u00fcld\u00fc, 700-d\u0259k dinc sakin yaraland\u0131, 800-d\u0259n \u00e7ox adam qanunsuz h\u0259bs edildi. Sonralar bu faci\u0259ni ara\u015fd\u0131ran \u201c\u015eit\u201d t\u0259\u015fkilat\u0131 ekspertl\u0259rinin hesabat\u0131nda deyilirdi: \u201cAdamlar\u0131 x\u00fcsusi q\u0259ddarl\u0131qla v\u0259 yax\u0131n m\u0259saf\u0259d\u0259n g\u00fcll\u0259l\u0259mi\u015fl\u0259r. M\u0259s\u0259l\u0259n, Y. Meyerovi\u00e7\u0259 21, D. Xanm\u0259mm\u0259dova 10-dan \u00e7ox, R. R\u00fcst\u0259mova 23 g\u00fcll\u0259 vurulmu\u015fdur, x\u0259st\u0259xanalar, \u201ct\u0259cili yard\u0131m\u201d ma\u015f\u0131nlar\u0131 at\u0259\u015f\u0259 tutulmu\u015f, h\u0259kiml\u0259r \u00f6ld\u00fcr\u00fclm\u00fc\u015fl\u0259r, adamlar s\u00fcng\u00fc-b\u0131\u00e7aqla q\u0259tl\u0259 yetirilmi\u015fl\u0259r. Onlar\u0131n aras\u0131nda h\u0259r iki g\u00f6z\u00fc tutulmu\u015f B.Yefimtsev d\u0259 var. At\u0259\u015f zaman\u0131 \u201cKala\u015fnikov\u201d avtomat\u0131n\u0131n a\u011f\u0131rl\u0131q m\u0259rk\u0259zi d\u0259yi\u015f\u0259n 5,45 \u00e7apl\u0131 g\u00fcll\u0259l\u0259rind\u0259n istifad\u0259 edilmi\u015fdir. H\u0259lak olanlar aras\u0131nda yetkinlik ya\u015f\u0131na \u00e7atmayanlar, qad\u0131nlar, qocalar, \u015fik\u0259stl\u0259r d\u0259 var idi\u201d.<\/p>\n<p><span style=\"color: #ff0000;\"><strong>\u201cQorba\u00e7ov h\u0259rbi canidir\u201d<\/strong><\/span><\/p>\n<p>Bak\u0131 q\u0131r\u011f\u0131n\u0131nda Qorba\u00e7ov birba\u015fa g\u00fcnahkar idi v\u0259 \u00f6z\u00fc d\u0259 sonralar bunu etiraf etmi\u015fdi. Qorba\u00e7ov 1995-ci ild\u0259 T\u00fcrkiy\u0259d\u0259 olark\u0259n 20 Yanvar q\u0131r\u011f\u0131n\u0131 il\u0259 ba\u011fl\u0131 suala verdiyi cavab\u0131nda \u00f6z\u00fcn\u00fcn g\u00fcnahkar oldu\u011funu a\u00e7\u0131q \u015f\u0259kild\u0259 boynuna alm\u0131\u015fd\u0131. Amma Q\u0259rbd\u0259 bel\u0259 bir c\u0259llada Nobel m\u00fckafat\u0131 vermi\u015fdil\u0259r. 20 Yanvar q\u0131r\u011f\u0131n\u0131n\u0131, h\u0259m\u00e7inin sovet ordusunun Bak\u0131da v\u0259 Viln\u00fcsd\u0259 dinc \u0259haliy\u0259 qar\u015f\u0131 t\u00f6r\u0259tdiyi q\u0131r\u011f\u0131nlar\u0131 ara\u015fd\u0131ran \u201c\u015eit\u201d h\u00fcquq-m\u00fcdafi\u0259 t\u0259\u015fkilat\u0131n\u0131n eksperti Gennadi Melkov bir ne\u00e7\u0259 il bundan \u0259vv\u0259l APA-ya verdiyi a\u00e7\u0131qlamas\u0131nda \u201cMixail Qorba\u00e7ov h\u0259rbi canidir. Onun yeri bu saat r\u0259hb\u0259ri oldu\u011fu fond deyil, h\u0259bsxanad\u0131r. O, SSR\u0130-nin ilk v\u0259 son prezidenti kimi \u00f6z xalq\u0131n\u0131n qan\u0131na bais olmu\u015f bir \u015f\u0259xsdir\u201d,-demi\u015fdi. G. Melkov qeyd edib ki, Yazov v\u0259 Primakovu da bu m\u0259s\u0259l\u0259d\u0259 g\u00fcnahkar hesab etm\u0259k olar, ancaq \u0259sas g\u00fcnahkar Qorba\u00e7ovdur.<\/p>\n<p><span style=\"color: #ff0000;\"><strong>20 Yanvar faci\u0259sin\u0259 s\u0259b\u0259b olan amill\u0259r<\/strong><\/span><\/p>\n<p>Ba\u015f ver\u0259n faci\u0259d\u0259 az\u0259rbaycanl\u0131lar\u0131n islam dinin\u0259 sitayi\u015f etm\u0259l\u0259ri\u00a0 d\u0259 m\u00fc\u0259yy\u0259n rol oynad\u0131.<\/p>\n<p>Bel\u0259 ki, h\u0259l\u0259 \u00f6t\u0259n \u0259srin 80-ci ill\u0259rind\u0259n ba\u015flayaraq, Belyayev kimi ba\u015fab\u0259la islam\u015f\u00fcnaslar SSR\u0130 m\u0259tbuat\u0131nda islam t\u0259hl\u00fck\u0259si bar\u0259d\u0259 hay-k\u00fcy qald\u0131rm\u0131\u015fd\u0131lar. Qorba\u00e7ov is\u0259 Bak\u0131 q\u0131r\u011f\u0131n\u0131nd\u0259n bir ne\u00e7\u0259 saat \u0259vv\u0259l b\u0259yanat ver\u0259r\u0259k bildirmi\u015fdi ki, guya Az\u0259rbaycanda islam d\u00f6vl\u0259ti yarad\u0131lmas\u0131na c\u0259hd edilir. Faci\u0259y\u0259 g\u0259tirib \u00e7\u0131xaran dig\u0259r amil is\u0259 I Pyotr d\u00f6vr\u00fcnd\u0259n ba\u015flayaraq, Qafqazda Erm\u0259nistan d\u00f6vl\u0259tinin yarad\u0131lmas\u0131 c\u0259hdi il\u0259 ba\u011fl\u0131 idi. Az\u0259rbaycan Rusiya t\u0259r\u0259find\u0259n i\u015f\u011fal edil\u0259nd\u0259n sonra torpaqlar\u0131m\u0131za erm\u0259nil\u0259r k\u00f6\u00e7\u00fcr\u00fcld\u00fcl\u0259r v\u0259 bununla da faci\u0259l\u0259rimiz\u0259 ged\u0259n yolun \u0259sas\u0131 qoyuldu. 1918-ci ild\u0259 Az\u0259rbaycan \u0259razil\u0259ri hesab\u0131na Erm\u0259nistan d\u00f6vl\u0259ti yarad\u0131ld\u0131. SSR\u0130 d\u00f6vr\u00fcnd\u0259 d\u0259 Az\u0259rbaycana qar\u015f\u0131 d\u00fc\u015fm\u0259n\u00e7ilik siyas\u0259ti davam etdirildi. N\u0259tic\u0259d\u0259 imperiya da\u011f\u0131landan sonra SSR\u0130-nin varisi olan Rusiyan\u0131n yard\u0131m\u0131 il\u0259 Az\u0259rbaycan \u0259razil\u0259rinin 20 faizi Erm\u0259nistan t\u0259r\u0259find\u0259n i\u015f\u011fal edildi. Faci\u0259y\u0259 ba\u015fqa bir s\u0259b\u0259b is\u0259 erm\u0259nil\u0259rin T\u00fcrkiy\u0259 t\u0259hl\u00fck\u0259si ad\u0131 alt\u0131nda Moskvan\u0131 qorxutmas\u0131 idi. M\u0259s\u0259l\u0259n, c\u0259llad Zori Balayan Rusiya r\u0259smil\u0259ri qar\u015f\u0131s\u0131ndak\u0131 \u00e7\u0131x\u0131\u015flar\u0131ndan birind\u0259 demi\u015fdi ki, T\u00fcrkiy\u0259 Az\u0259rbaycan\u0131n d\u0259st\u0259yind\u0259n istifad\u0259 ed\u0259r\u0259k, Rusiyan\u0131n c\u0259nubunu \u0259l\u0259 ke\u00e7irm\u0259k ist\u0259yir.<\/p>\n<p>1990-c\u0131 ilin yanvar faci\u0259sini do\u011furan bir s\u0259b\u0259b d\u0259 Az\u0259rbaycanda xalq il\u0259 hakimiyy\u0259t aras\u0131nda olan ziddiyy\u0259t idi. Az\u0259rbaycan r\u0259hb\u0259rliyi Erm\u0259nistan\u0131n i\u015f\u011fal\u00e7\u0131l\u0131q iddialar\u0131n\u0131n qar\u015f\u0131s\u0131n\u0131 almaq \u00fc\u00e7\u00fcn \u00f6z haqq\u0131n\u0131 t\u0259l\u0259b ed\u0259n xalqla birg\u0259 h\u0259r\u0259k\u0259t etm\u0259di. Bir s\u00f6zl\u0259, Az\u0259rbaycan\u0131 idar\u0259 ed\u0259nl\u0259rin \u00f6z xalq\u0131na arxa \u00e7evirm\u0259l\u0259ri 20 yanvar faci\u0259sinin ba\u015f verm\u0259sind\u0259 he\u00e7 d\u0259 az rol oynamad\u0131. Bununla bel\u0259, 1990-c\u0131 ilin yanvar q\u0131r\u011f\u0131n\u0131 n\u0259 q\u0259d\u0259r faci\u0259li olsa da, Az\u0259rbaycan xalq\u0131n\u0131n irad\u0259sini, milli azadl\u0131q u\u011frunda m\u00fcbariz\u0259 \u0259zmini q\u0131ra bilm\u0259di. H\u0259min m\u00fcdhi\u015f gec\u0259d\u0259 h\u0259lak olan v\u0259t\u0259n o\u011fullar\u0131 Az\u0259rbaycan\u0131n tarixin\u0259 parlaq s\u0259hif\u0259 yazd\u0131lar, xalq\u0131n milli azadl\u0131\u011f\u0131, m\u00fcst\u0259qilliyi \u00fc\u00e7\u00fcn yol a\u00e7d\u0131lar.<\/p>\n<p><span style=\"color: #ff0000;\"><strong>Q\u0259rb 20 Yanvarda bu v\u0259h\u015f\u0259ti d\u0259st\u0259kl\u0259di<\/strong><\/span><\/p>\n<p>20 Yanvar faci\u0259sind\u0259n ibr\u0259t g\u00f6t\u00fcr\u0259c\u0259yimiz bir \u00f6n\u0259mli m\u0259s\u0259l\u0259 d\u0259 var. Bu da Q\u0259rbin Rusiya il\u0259 birlikd\u0259 \u0259srl\u0259r boyu erm\u0259nil\u0259ri d\u0259st\u0259kl\u0259m\u0259si v\u0259 bu siyas\u0259tind\u0259n he\u00e7 vaxt \u0259l\u0259 \u00e7\u0259km\u0259y\u0259c\u0259yini haz\u0131rda da n\u00fcmayi\u015f etdirm\u0259sidir. Bel\u0259 ki, 20 Yanvar faci\u0259sin\u0259 m\u00fcnasib\u0259td\u0259 Q\u0259rb birm\u0259nal\u0131 \u015f\u0259kild\u0259 bu v\u0259h\u015f\u0259ti d\u0259st\u0259kl\u0259di. M\u0259s\u0259l\u0259n, AB\u015e D\u00f6vl\u0259t Departamentinin r\u0259smisi Marqaret Tatuayler 20 Yanvar q\u0131r\u011f\u0131n\u0131ndan sonra \u00f6lk\u0259si ad\u0131ndan b\u0259yanat ver\u0259r\u0259k bildirmi\u015fdi ki, Va\u015finqton bu m\u0259s\u0259l\u0259d\u0259 M. Qorba\u00e7ovu d\u0259st\u0259kl\u0259yir. AB\u015e-\u0131n m\u00fctt\u0259fiqi \u0130ngilt\u0259r\u0259 d\u0259 r\u0259smi b\u0259yanat ver\u0259r\u0259k, Bak\u0131 q\u0131r\u011f\u0131n\u0131n\u0131n SSR\u0130-nin daxili i\u015fi oldu\u011funu\u00a0 b\u0259yan etmi\u015fdi. H\u0259min d\u00f6vrd\u0259 \u0130taliya xarici i\u015fl\u0259r naziri D. Mikels d\u0259 20 Yanvar q\u0131r\u011f\u0131n\u0131n\u0131 SSR\u0130-nin daxili i\u015fi hesab etdiyini r\u0259smi \u015f\u0259kild\u0259 b\u0259yan etmi\u015fdi. Yaln\u0131z T\u00fcrkiy\u0259 h\u0259min a\u011f\u0131r g\u00fcnl\u0259rd\u0259\u00a0 Az\u0259rbaycan\u0131n yan\u0131nda oldu\u011funu <span><span>n\u00fcmayi\u015f etdirdi.<\/span><\/span><\/p>\n<p>Bu yaz\u0131 &#8220;Zaman-Az\u0259rbaycan&#8221; q\u0259zetind\u0259 \u00e7ap olunub.<\/p>\n","protected":false},"excerpt":{"rendered":"<p>H\u0259r il yanvar ay\u0131n\u0131n 20-si Az\u0259rbaycan xalq\u0131 t\u0259r\u0259find\u0259n h\u00fczn v\u0259 k\u0259d\u0259rl\u0259, h\u0259m d\u0259 azadl\u0131q m\u00fcbariz\u0259sinin \u015f\u0259r\u0259f v\u0259 q\u00fcrur zirv\u0259si kimi yad edilir. Bu faci\u0259 haqq\u0131nda h\u0259r il yaz\u0131l\u0131b v\u0259 h\u0259l\u0259 \u00e7ox yaz\u0131lacaq. Bizim d\u0259 m\u0259qs\u0259dimiz bu qanl\u0131 faci\u0259 \u0259r\u0259f\u0259sind\u0259 o g\u00fcnl\u0259r\u0259 bir daha qay\u0131tmaq v\u0259 ba\u015f\u0131m\u0131za g\u0259tiril\u0259nl\u0259ri analiz etm\u0259k, ondan ibr\u0259t g\u00f6t\u00fcrm\u0259k, s\u0259hvl\u0259rimizd\u0259n n\u0259tic\u0259 \u00e7\u0131xarmaqd\u0131r. [&hellip;]<\/p>\n","protected":false},"author":1,"featured_media":0,"comment_status":"open","ping_status":"open","sticky":false,"template":"","format":"standard","meta":{"footnotes":""},"categories":[5],"tags":[],"class_list":{"0":"post-6590","1":"post","2":"type-post","3":"status-publish","4":"format-standard","6":"category-knd"},"yoast_head":"<!-- This site is optimized with the Yoast SEO plugin v27.0 - https:\/\/yoast.com\/product\/yoast-seo-wordpress\/ -->\n<title>20 Yanvar faci\u0259si v\u0259 onun ibr\u0259t d\u0259rsl\u0259ri - Z\u0259rdab.com<\/title>\n<meta name=\"robots\" content=\"index, follow, max-snippet:-1, max-image-preview:large, max-video-preview:-1\" \/>\n<link rel=\"canonical\" href=\"https:\/\/www.zerdab.com\/?p=6590\" \/>\n<meta property=\"og:locale\" content=\"az_AZ\" \/>\n<meta property=\"og:type\" content=\"article\" \/>\n<meta property=\"og:title\" content=\"20 Yanvar faci\u0259si v\u0259 onun ibr\u0259t d\u0259rsl\u0259ri - Z\u0259rdab.com\" \/>\n<meta property=\"og:description\" content=\"H\u0259r il yanvar ay\u0131n\u0131n 20-si Az\u0259rbaycan xalq\u0131 t\u0259r\u0259find\u0259n h\u00fczn v\u0259 k\u0259d\u0259rl\u0259, h\u0259m d\u0259 azadl\u0131q m\u00fcbariz\u0259sinin \u015f\u0259r\u0259f v\u0259 q\u00fcrur zirv\u0259si kimi yad edilir. Bu faci\u0259 haqq\u0131nda h\u0259r il yaz\u0131l\u0131b v\u0259 h\u0259l\u0259 \u00e7ox yaz\u0131lacaq. Bizim d\u0259 m\u0259qs\u0259dimiz bu qanl\u0131 faci\u0259 \u0259r\u0259f\u0259sind\u0259 o g\u00fcnl\u0259r\u0259 bir daha qay\u0131tmaq v\u0259 ba\u015f\u0131m\u0131za g\u0259tiril\u0259nl\u0259ri analiz etm\u0259k, ondan ibr\u0259t g\u00f6t\u00fcrm\u0259k, s\u0259hvl\u0259rimizd\u0259n n\u0259tic\u0259 \u00e7\u0131xarmaqd\u0131r. [&hellip;]\" \/>\n<meta property=\"og:url\" content=\"https:\/\/www.zerdab.com\/?p=6590\" \/>\n<meta property=\"og:site_name\" content=\"Z\u0259rdab.com\" \/>\n<meta property=\"article:published_time\" content=\"2013-01-19T14:31:01+00:00\" \/>\n<meta property=\"og:image\" content=\"http:\/\/www.zerdab.com\/wp-content\/uploads\/2013\/01\/20-yanvar-350x174.png\" \/>\n<meta name=\"author\" content=\"admin\" \/>\n<meta name=\"twitter:card\" content=\"summary_large_image\" \/>\n<meta name=\"twitter:label1\" content=\"Written by\" \/>\n\t<meta name=\"twitter:data1\" content=\"admin\" \/>\n\t<meta name=\"twitter:label2\" content=\"Est. reading time\" \/>\n\t<meta name=\"twitter:data2\" content=\"12 minutes\" \/>\n<script type=\"application\/ld+json\" class=\"yoast-schema-graph\">{\"@context\":\"https:\/\/schema.org\",\"@graph\":[{\"@type\":\"Article\",\"@id\":\"https:\/\/www.zerdab.com\/?p=6590#article\",\"isPartOf\":{\"@id\":\"https:\/\/www.zerdab.com\/?p=6590\"},\"author\":{\"name\":\"admin\",\"@id\":\"https:\/\/www.zerdab.com\/#\/schema\/person\/97079b7570c1e89ec0d9e138c3672136\"},\"headline\":\"20 Yanvar faci\u0259si v\u0259 onun ibr\u0259t d\u0259rsl\u0259ri\",\"datePublished\":\"2013-01-19T14:31:01+00:00\",\"mainEntityOfPage\":{\"@id\":\"https:\/\/www.zerdab.com\/?p=6590\"},\"wordCount\":2486,\"commentCount\":1,\"image\":{\"@id\":\"https:\/\/www.zerdab.com\/?p=6590#primaryimage\"},\"thumbnailUrl\":\"http:\/\/www.zerdab.com\/wp-content\/uploads\/2013\/01\/20-yanvar-350x174.png\",\"articleSection\":[\"X\u018fB\u018fRL\u018fR\"],\"inLanguage\":\"az\",\"potentialAction\":[{\"@type\":\"CommentAction\",\"name\":\"Comment\",\"target\":[\"https:\/\/www.zerdab.com\/?p=6590#respond\"]}]},{\"@type\":\"WebPage\",\"@id\":\"https:\/\/www.zerdab.com\/?p=6590\",\"url\":\"https:\/\/www.zerdab.com\/?p=6590\",\"name\":\"20 Yanvar faci\u0259si v\u0259 onun ibr\u0259t d\u0259rsl\u0259ri - Z\u0259rdab.com\",\"isPartOf\":{\"@id\":\"https:\/\/www.zerdab.com\/#website\"},\"primaryImageOfPage\":{\"@id\":\"https:\/\/www.zerdab.com\/?p=6590#primaryimage\"},\"image\":{\"@id\":\"https:\/\/www.zerdab.com\/?p=6590#primaryimage\"},\"thumbnailUrl\":\"http:\/\/www.zerdab.com\/wp-content\/uploads\/2013\/01\/20-yanvar-350x174.png\",\"datePublished\":\"2013-01-19T14:31:01+00:00\",\"author\":{\"@id\":\"https:\/\/www.zerdab.com\/#\/schema\/person\/97079b7570c1e89ec0d9e138c3672136\"},\"breadcrumb\":{\"@id\":\"https:\/\/www.zerdab.com\/?p=6590#breadcrumb\"},\"inLanguage\":\"az\",\"potentialAction\":[{\"@type\":\"ReadAction\",\"target\":[\"https:\/\/www.zerdab.com\/?p=6590\"]}]},{\"@type\":\"ImageObject\",\"inLanguage\":\"az\",\"@id\":\"https:\/\/www.zerdab.com\/?p=6590#primaryimage\",\"url\":\"\",\"contentUrl\":\"\"},{\"@type\":\"BreadcrumbList\",\"@id\":\"https:\/\/www.zerdab.com\/?p=6590#breadcrumb\",\"itemListElement\":[{\"@type\":\"ListItem\",\"position\":1,\"name\":\"Home\",\"item\":\"https:\/\/www.zerdab.com\/\"},{\"@type\":\"ListItem\",\"position\":2,\"name\":\"20 Yanvar faci\u0259si v\u0259 onun ibr\u0259t d\u0259rsl\u0259ri\"}]},{\"@type\":\"WebSite\",\"@id\":\"https:\/\/www.zerdab.com\/#website\",\"url\":\"https:\/\/www.zerdab.com\/\",\"name\":\"Z\u0259rdab.com\",\"description\":\"\",\"potentialAction\":[{\"@type\":\"SearchAction\",\"target\":{\"@type\":\"EntryPoint\",\"urlTemplate\":\"https:\/\/www.zerdab.com\/?s={search_term_string}\"},\"query-input\":{\"@type\":\"PropertyValueSpecification\",\"valueRequired\":true,\"valueName\":\"search_term_string\"}}],\"inLanguage\":\"az\"},{\"@type\":\"Person\",\"@id\":\"https:\/\/www.zerdab.com\/#\/schema\/person\/97079b7570c1e89ec0d9e138c3672136\",\"name\":\"admin\",\"image\":{\"@type\":\"ImageObject\",\"inLanguage\":\"az\",\"@id\":\"https:\/\/www.zerdab.com\/#\/schema\/person\/image\/\",\"url\":\"https:\/\/secure.gravatar.com\/avatar\/d9c52a9a27c32119cb6679a077fa3e2779e5f822c451cbf01098004361d466ec?s=96&d=mm&r=g\",\"contentUrl\":\"https:\/\/secure.gravatar.com\/avatar\/d9c52a9a27c32119cb6679a077fa3e2779e5f822c451cbf01098004361d466ec?s=96&d=mm&r=g\",\"caption\":\"admin\"},\"url\":\"https:\/\/www.zerdab.com\/?author=1\"}]}<\/script>\n<!-- \/ Yoast SEO plugin. -->","yoast_head_json":{"title":"20 Yanvar faci\u0259si v\u0259 onun ibr\u0259t d\u0259rsl\u0259ri - Z\u0259rdab.com","robots":{"index":"index","follow":"follow","max-snippet":"max-snippet:-1","max-image-preview":"max-image-preview:large","max-video-preview":"max-video-preview:-1"},"canonical":"https:\/\/www.zerdab.com\/?p=6590","og_locale":"az_AZ","og_type":"article","og_title":"20 Yanvar faci\u0259si v\u0259 onun ibr\u0259t d\u0259rsl\u0259ri - Z\u0259rdab.com","og_description":"H\u0259r il yanvar ay\u0131n\u0131n 20-si Az\u0259rbaycan xalq\u0131 t\u0259r\u0259find\u0259n h\u00fczn v\u0259 k\u0259d\u0259rl\u0259, h\u0259m d\u0259 azadl\u0131q m\u00fcbariz\u0259sinin \u015f\u0259r\u0259f v\u0259 q\u00fcrur zirv\u0259si kimi yad edilir. Bu faci\u0259 haqq\u0131nda h\u0259r il yaz\u0131l\u0131b v\u0259 h\u0259l\u0259 \u00e7ox yaz\u0131lacaq. Bizim d\u0259 m\u0259qs\u0259dimiz bu qanl\u0131 faci\u0259 \u0259r\u0259f\u0259sind\u0259 o g\u00fcnl\u0259r\u0259 bir daha qay\u0131tmaq v\u0259 ba\u015f\u0131m\u0131za g\u0259tiril\u0259nl\u0259ri analiz etm\u0259k, ondan ibr\u0259t g\u00f6t\u00fcrm\u0259k, s\u0259hvl\u0259rimizd\u0259n n\u0259tic\u0259 \u00e7\u0131xarmaqd\u0131r. [&hellip;]","og_url":"https:\/\/www.zerdab.com\/?p=6590","og_site_name":"Z\u0259rdab.com","article_published_time":"2013-01-19T14:31:01+00:00","og_image":[{"url":"http:\/\/www.zerdab.com\/wp-content\/uploads\/2013\/01\/20-yanvar-350x174.png","type":"","width":"","height":""}],"author":"admin","twitter_card":"summary_large_image","twitter_misc":{"Written by":"admin","Est. reading time":"12 minutes"},"schema":{"@context":"https:\/\/schema.org","@graph":[{"@type":"Article","@id":"https:\/\/www.zerdab.com\/?p=6590#article","isPartOf":{"@id":"https:\/\/www.zerdab.com\/?p=6590"},"author":{"name":"admin","@id":"https:\/\/www.zerdab.com\/#\/schema\/person\/97079b7570c1e89ec0d9e138c3672136"},"headline":"20 Yanvar faci\u0259si v\u0259 onun ibr\u0259t d\u0259rsl\u0259ri","datePublished":"2013-01-19T14:31:01+00:00","mainEntityOfPage":{"@id":"https:\/\/www.zerdab.com\/?p=6590"},"wordCount":2486,"commentCount":1,"image":{"@id":"https:\/\/www.zerdab.com\/?p=6590#primaryimage"},"thumbnailUrl":"http:\/\/www.zerdab.com\/wp-content\/uploads\/2013\/01\/20-yanvar-350x174.png","articleSection":["X\u018fB\u018fRL\u018fR"],"inLanguage":"az","potentialAction":[{"@type":"CommentAction","name":"Comment","target":["https:\/\/www.zerdab.com\/?p=6590#respond"]}]},{"@type":"WebPage","@id":"https:\/\/www.zerdab.com\/?p=6590","url":"https:\/\/www.zerdab.com\/?p=6590","name":"20 Yanvar faci\u0259si v\u0259 onun ibr\u0259t d\u0259rsl\u0259ri - Z\u0259rdab.com","isPartOf":{"@id":"https:\/\/www.zerdab.com\/#website"},"primaryImageOfPage":{"@id":"https:\/\/www.zerdab.com\/?p=6590#primaryimage"},"image":{"@id":"https:\/\/www.zerdab.com\/?p=6590#primaryimage"},"thumbnailUrl":"http:\/\/www.zerdab.com\/wp-content\/uploads\/2013\/01\/20-yanvar-350x174.png","datePublished":"2013-01-19T14:31:01+00:00","author":{"@id":"https:\/\/www.zerdab.com\/#\/schema\/person\/97079b7570c1e89ec0d9e138c3672136"},"breadcrumb":{"@id":"https:\/\/www.zerdab.com\/?p=6590#breadcrumb"},"inLanguage":"az","potentialAction":[{"@type":"ReadAction","target":["https:\/\/www.zerdab.com\/?p=6590"]}]},{"@type":"ImageObject","inLanguage":"az","@id":"https:\/\/www.zerdab.com\/?p=6590#primaryimage","url":"","contentUrl":""},{"@type":"BreadcrumbList","@id":"https:\/\/www.zerdab.com\/?p=6590#breadcrumb","itemListElement":[{"@type":"ListItem","position":1,"name":"Home","item":"https:\/\/www.zerdab.com\/"},{"@type":"ListItem","position":2,"name":"20 Yanvar faci\u0259si v\u0259 onun ibr\u0259t d\u0259rsl\u0259ri"}]},{"@type":"WebSite","@id":"https:\/\/www.zerdab.com\/#website","url":"https:\/\/www.zerdab.com\/","name":"Z\u0259rdab.com","description":"","potentialAction":[{"@type":"SearchAction","target":{"@type":"EntryPoint","urlTemplate":"https:\/\/www.zerdab.com\/?s={search_term_string}"},"query-input":{"@type":"PropertyValueSpecification","valueRequired":true,"valueName":"search_term_string"}}],"inLanguage":"az"},{"@type":"Person","@id":"https:\/\/www.zerdab.com\/#\/schema\/person\/97079b7570c1e89ec0d9e138c3672136","name":"admin","image":{"@type":"ImageObject","inLanguage":"az","@id":"https:\/\/www.zerdab.com\/#\/schema\/person\/image\/","url":"https:\/\/secure.gravatar.com\/avatar\/d9c52a9a27c32119cb6679a077fa3e2779e5f822c451cbf01098004361d466ec?s=96&d=mm&r=g","contentUrl":"https:\/\/secure.gravatar.com\/avatar\/d9c52a9a27c32119cb6679a077fa3e2779e5f822c451cbf01098004361d466ec?s=96&d=mm&r=g","caption":"admin"},"url":"https:\/\/www.zerdab.com\/?author=1"}]}},"_links":{"self":[{"href":"https:\/\/www.zerdab.com\/index.php?rest_route=\/wp\/v2\/posts\/6590","targetHints":{"allow":["GET"]}}],"collection":[{"href":"https:\/\/www.zerdab.com\/index.php?rest_route=\/wp\/v2\/posts"}],"about":[{"href":"https:\/\/www.zerdab.com\/index.php?rest_route=\/wp\/v2\/types\/post"}],"author":[{"embeddable":true,"href":"https:\/\/www.zerdab.com\/index.php?rest_route=\/wp\/v2\/users\/1"}],"replies":[{"embeddable":true,"href":"https:\/\/www.zerdab.com\/index.php?rest_route=%2Fwp%2Fv2%2Fcomments&post=6590"}],"version-history":[{"count":1,"href":"https:\/\/www.zerdab.com\/index.php?rest_route=\/wp\/v2\/posts\/6590\/revisions"}],"predecessor-version":[{"id":6592,"href":"https:\/\/www.zerdab.com\/index.php?rest_route=\/wp\/v2\/posts\/6590\/revisions\/6592"}],"wp:attachment":[{"href":"https:\/\/www.zerdab.com\/index.php?rest_route=%2Fwp%2Fv2%2Fmedia&parent=6590"}],"wp:term":[{"taxonomy":"category","embeddable":true,"href":"https:\/\/www.zerdab.com\/index.php?rest_route=%2Fwp%2Fv2%2Fcategories&post=6590"},{"taxonomy":"post_tag","embeddable":true,"href":"https:\/\/www.zerdab.com\/index.php?rest_route=%2Fwp%2Fv2%2Ftags&post=6590"}],"curies":[{"name":"wp","href":"https:\/\/api.w.org\/{rel}","templated":true}]}}