{"id":6655,"date":"2013-01-23T17:39:33","date_gmt":"2013-01-23T13:39:33","guid":{"rendered":"http:\/\/www.zerdab.com\/?p=6655"},"modified":"2013-01-23T18:20:38","modified_gmt":"2013-01-23T14:20:38","slug":"%c9%99m%c9%99kdar-mu%c9%99llim-%c9%99n-yaxsi-mu%c9%99llim-musabiq%c9%99sinin-qalibi-h%c9%99myerlimiz-cimnaz-m%c9%99mm%c9%99dova","status":"publish","type":"post","link":"https:\/\/www.zerdab.com\/?p=6655","title":{"rendered":"&#8220;\u018fm\u0259kdar m\u00fc\u0259llim&#8221;, h\u0259myerlimiz \u00c7imnaz M\u0259mm\u0259dova"},"content":{"rendered":"<p><strong><img loading=\"lazy\" decoding=\"async\" class=\"aligncenter size-medium wp-image-6656\" alt=\"\u00c7imnaz M\u0259mm\u0259dova \" src=\"http:\/\/www.zerdab.com\/wp-content\/uploads\/2013\/01\/Memmedova-Cimnaz-Melik-2-233x350.jpg\" width=\"233\" height=\"350\" \/>M\u0259mm\u0259dova \u00c7imnaz M\u0259lik q\u0131z\u0131 14 dekabr 1954-c\u00fc ild\u0259 Z\u0259rdab rayonunda anadan olub.<\/strong> 1972-ci ild\u0259 M. Qorki ad\u0131na Z\u0259rdab \u015f\u0259h\u0259r 1 sayl\u0131 orta m\u0259kt\u0259bi u\u011furla ba\u015fa vurub. 1973-c\u00fc ild\u0259 Az\u0259rbaycan D\u00f6vl\u0259t Pedaqoji \u0130nstitutuna daxil olub. 1977-ci ild\u0259 bu ali m\u0259kt\u0259bi bitirib v\u0259 h\u0259min d\u00f6vrd\u0259n bu g\u00fcn\u0259 q\u0259d\u0259r Z\u0259rdab \u015f\u0259h\u0259r \u015e. Qurbanov ad\u0131na 2 sayl\u0131 orta m\u0259kt\u0259bind\u0259 biologiya f\u0259nnini t\u0259dris edir. \u00c7imnaz m\u00fc\u0259llim\u0259 \u00f6z\u00fc il\u0259 ba\u011fl\u0131<strong> www.zerdab.com<\/strong> sayt\u0131na bunlar\u0131 dedi: &#8220;\u0130\u015fl\u0259diyim vaxtdan h\u0259mi\u015f\u0259 \u015fagirdl\u0259rd\u0259 t\u0259dris etdiyim f\u0259nn\u0259 qar\u015f\u0131 b\u00f6y\u00fck maraq yaratm\u0131\u015fam. \u015eagirdl\u0259rin k\u00f6m\u0259kliyi il\u0259 m\u0259kt\u0259bd\u0259 z\u0259ngin f\u0259nn kabineti yaratm\u0131\u015fam. Rayon \u00fczr\u0259 f\u0259nn kabinetl\u0259rin\u0259 bax\u0131\u015f ke\u00e7iril\u0259rk\u0259n r\u0259hb\u0259rlik etdiyim biologiya kabineti m\u00fcsabiq\u0259nin f\u0259xri f\u0259rman\u0131na layiq g\u00f6r\u00fcl\u00fcb. D\u0259rs prosesind\u0259 \u015fagirdl\u0259rin t\u0259f\u0259kk\u00fcr f\u0259aliyy\u0259tinin inki\u015faf\u0131 \u00fc\u00e7\u00fcn m\u00fcasir \u00fcsullardan istifad\u0259 edir\u0259m. El\u0259 bunun n\u0259tic\u0259sidir ki, d\u0259rs dediyim \u015fagirdl\u0259r bu f\u0259nn\u0259 b\u00f6y\u00fck maraq g\u00f6st\u0259rirl\u0259r, olimpiadalarda y\u00fcks\u0259k n\u0259tic\u0259l\u0259r \u0259ld\u0259 edirl\u0259r. Yetirm\u0259l\u0259rim rayonun m\u00fcxt\u0259lif m\u0259kt\u0259bl\u0259rind\u0259 v\u0259 s\u0259hiyy\u0259 \u015f\u00f6b\u0259l\u0259rind\u0259 \u00e7al\u0131\u015f\u0131rlar&#8221;.<\/p>\n<p><strong>\u00c7imnaz M\u0259mm\u0259dova<\/strong> \u0259m\u0259yinin Z\u0259rdab Rayon T\u0259hsil \u015e\u00f6b\u0259si t\u0259r\u0259find\u0259n h\u0259mi\u015f\u0259 y\u00fcks\u0259k qiym\u0259tl\u0259ndirildiyini s\u00f6yl\u0259di.<\/p>\n<p>1987-ci ild\u0259 Attestasiya Komissiyas\u0131n\u0131n q\u0259rar\u0131 il\u0259 ona 15-ci d\u0259r\u0259c\u0259, ali kateqoriya verilib. 1987-ci ild\u0259 ke\u00e7iril\u0259n Az\u0259rbaycan M\u00fc\u0259lliml\u0259rinin Qurultay\u0131nda i\u015ftirak edib.<\/p>\n<p><strong>Maarif Nazirliyinin 11 avqust 1988-ci il tarixli, 175 n\u00f6mr\u0259li \u0259mri il\u0259 &#8220;Ba\u015f m\u00fc\u0259llim&#8221; ad\u0131n\u0131 al\u0131b.<\/strong><\/p>\n<p>&#8220;1998-ci ild\u0259 ke\u00e7iril\u0259n Az\u0259rbaycan M\u00fc\u0259lliml\u0259rinin Qurultay\u0131nda da i\u015ftirak etmi\u015f\u0259m. <strong>2002-ci ild\u0259 is\u0259 &#8220;\u0130lin \u0259n yax\u015f\u0131 m\u00fc\u0259llimi&#8221; m\u00fcsabiq\u0259sind\u0259 Az\u0259rbaycan Respublikas\u0131 T\u0259hsil Nazirliyinin 2-ci d\u0259r\u0259c\u0259li diplomuna layiq g\u00f6r\u00fclm\u00fc\u015f\u0259m.<\/strong> 2004-2005-ci ill\u0259rd\u0259 T\u0259hsil \u0130\u015f\u00e7il\u0259ri Azad H\u0259mkarlar \u0130ttifaq\u0131n\u0131n Az\u0259rbaycan Respublikas\u0131 Komit\u0259si v\u0259 Z\u0259rdab Rayon \u0130cra Hakimiyy\u0259ti t\u0259r\u0259find\u0259n \u0259m\u0259yim m\u00fcxt\u0259lif h\u0259diyy\u0259, f\u0259xri f\u0259rman v\u0259 m\u00fckafatlarla qiym\u0259tl\u0259ndirilib. 2005-ci il h\u0259yat\u0131m\u0131n \u0259n u\u011furlu ili oldu. <strong>Az\u0259rbaycan Respublikas\u0131 Prezidentinin 4 oktyabr 2005-ci il tarixli, 1033 n\u00f6mr\u0259li S\u0259r\u0259ncam\u0131 il\u0259 Az\u0259rbaycan Respublikas\u0131n\u0131n &#8220;\u018fm\u0259kdar m\u00fc\u0259llimi&#8221; f\u0259xri ad\u0131na layiq g\u00f6r\u00fcld\u00fcm.<\/strong> \u00c7al\u0131\u015faca\u011fam ki, m\u0259n\u0259 g\u00f6st\u0259ril\u0259n bu etimad\u0131 do\u011fruldum&#8221;.<\/p>\n<p><strong>\u00c7imnaz M\u0259mm\u0259dova 2007-2008-ci t\u0259dris ilind\u0259 ke\u00e7irilmi\u015f &#8220;\u018fn yax\u015f\u0131 m\u00fc\u0259llim&#8221; m\u00fcsabiq\u0259sinin qalibi olub<\/strong>: &#8220;<strong>Az\u0259rbaycan Respublikas\u0131 Prezidentinin 2007-ci il 4 sentyabr tarixli, 2373 n\u00f6mr\u0259li S\u0259r\u0259ncam\u0131 il\u0259 \u00f6lk\u0259nin t\u0259hsil tarixind\u0259 ilk d\u0259f\u0259 olaraq d\u00f6vl\u0259t s\u0259viyy\u0259sind\u0259 &#8220;\u018fn yax\u015f\u0131 \u00fcmumt\u0259hsil m\u0259kt\u0259bi&#8221; v\u0259 &#8220;\u018fn yax\u015f\u0131 m\u00fc\u0259llim&#8221; m\u00fcsabiq\u0259l\u0259rinin ke\u00e7irilm\u0259si \u00f6lk\u0259nin \u00fcmumt\u0259hsil m\u00fc\u0259ssis\u0259l\u0259rind\u0259 \u00e7al\u0131\u015fan daha yarad\u0131c\u0131 m\u00fc\u0259llim potensial\u0131n\u0131n \u00fcz\u0259 \u00e7\u0131xar\u0131lmas\u0131, m\u00fcasir t\u0259lim texnologiyas\u0131n\u0131n t\u0259dqiqi zaman\u0131 u\u011furlu n\u0259tic\u0259l\u0259ri il\u0259 f\u0259rql\u0259n\u0259n daha istedadl\u0131, novator\u00e7u m\u00fc\u0259lliml\u0259rin m\u00fc\u0259yy\u0259n edilm\u0259sind\u0259 m\u00fch\u00fcm add\u0131m idi.<\/strong> Az\u0259rbaycan Respublikas\u0131n\u0131n T\u0259hsil Nazirliyinin t\u0259\u015fkilat\u00e7\u0131l\u0131\u011f\u0131 il\u0259 ke\u00e7iril\u0259n &#8220;\u018fn yax\u015f\u0131 m\u00fc\u0259llim&#8221; m\u00fcsabiq\u0259sinin i\u015ftirak\u00e7\u0131s\u0131 oldum. T\u0259\u015fkilat Komit\u0259si 3 m\u0259rh\u0259l\u0259d\u0259 yekunla\u015fan m\u00fcsabiq\u0259nin \u015f\u0259ffaf v\u0259 \u0259dal\u0259tli ke\u00e7irilm\u0259si \u00fc\u00e7\u00fcn \u0259lveri\u015fli \u015f\u0259rait yaratd\u0131. N\u0259tic\u0259d\u0259, <strong>y\u00fcks\u0259k g\u00f6st\u0259ricil\u0259rl\u0259 m\u00fcsabiq\u0259nin qalibi oldum.<\/strong> Az\u0259rbaycan t\u0259hsilin\u0259 g\u00f6st\u0259ril\u0259n bu c\u00fcr diqq\u0259t v\u0259 qay\u011f\u0131 m\u0259ni V\u0259t\u0259n\u0259, g\u0259l\u0259c\u0259yin qurucular\u0131na s\u0259daq\u0259tl\u0259 xidm\u0259t etm\u0259y\u0259 s\u00f6vq edir, m\u0259suliyy\u0259t hissimi daha da art\u0131r\u0131r&#8221;.<\/p>\n<p><strong>www.zerdab.com<\/strong><\/p>\n","protected":false},"excerpt":{"rendered":"<p>M\u0259mm\u0259dova \u00c7imnaz M\u0259lik q\u0131z\u0131 14 dekabr 1954-c\u00fc ild\u0259 Z\u0259rdab rayonunda anadan olub. 1972-ci ild\u0259 M. Qorki ad\u0131na Z\u0259rdab \u015f\u0259h\u0259r 1 sayl\u0131 orta m\u0259kt\u0259bi u\u011furla ba\u015fa vurub. 1973-c\u00fc ild\u0259 Az\u0259rbaycan D\u00f6vl\u0259t Pedaqoji \u0130nstitutuna daxil olub. 1977-ci ild\u0259 bu ali m\u0259kt\u0259bi bitirib v\u0259 h\u0259min d\u00f6vrd\u0259n bu g\u00fcn\u0259 q\u0259d\u0259r Z\u0259rdab \u015f\u0259h\u0259r \u015e. Qurbanov ad\u0131na 2 sayl\u0131 orta m\u0259kt\u0259bind\u0259 [&hellip;]<\/p>\n","protected":false},"author":1,"featured_media":0,"comment_status":"open","ping_status":"open","sticky":false,"template":"","format":"standard","meta":{"footnotes":""},"categories":[7],"tags":[],"class_list":{"0":"post-6655","1":"post","2":"type-post","3":"status-publish","4":"format-standard","6":"category-ziyalilar"},"yoast_head":"<!-- This site is optimized with the Yoast SEO plugin v27.0 - https:\/\/yoast.com\/product\/yoast-seo-wordpress\/ -->\n<title>&quot;\u018fm\u0259kdar m\u00fc\u0259llim&quot;, h\u0259myerlimiz \u00c7imnaz M\u0259mm\u0259dova - Z\u0259rdab.com<\/title>\n<meta name=\"robots\" content=\"index, follow, max-snippet:-1, max-image-preview:large, max-video-preview:-1\" \/>\n<link rel=\"canonical\" href=\"https:\/\/www.zerdab.com\/?p=6655\" \/>\n<meta property=\"og:locale\" content=\"az_AZ\" \/>\n<meta property=\"og:type\" content=\"article\" \/>\n<meta property=\"og:title\" content=\"&quot;\u018fm\u0259kdar m\u00fc\u0259llim&quot;, h\u0259myerlimiz \u00c7imnaz M\u0259mm\u0259dova - Z\u0259rdab.com\" \/>\n<meta property=\"og:description\" content=\"M\u0259mm\u0259dova \u00c7imnaz M\u0259lik q\u0131z\u0131 14 dekabr 1954-c\u00fc ild\u0259 Z\u0259rdab rayonunda anadan olub. 1972-ci ild\u0259 M. Qorki ad\u0131na Z\u0259rdab \u015f\u0259h\u0259r 1 sayl\u0131 orta m\u0259kt\u0259bi u\u011furla ba\u015fa vurub. 1973-c\u00fc ild\u0259 Az\u0259rbaycan D\u00f6vl\u0259t Pedaqoji \u0130nstitutuna daxil olub. 1977-ci ild\u0259 bu ali m\u0259kt\u0259bi bitirib v\u0259 h\u0259min d\u00f6vrd\u0259n bu g\u00fcn\u0259 q\u0259d\u0259r Z\u0259rdab \u015f\u0259h\u0259r \u015e. Qurbanov ad\u0131na 2 sayl\u0131 orta m\u0259kt\u0259bind\u0259 [&hellip;]\" \/>\n<meta property=\"og:url\" content=\"https:\/\/www.zerdab.com\/?p=6655\" \/>\n<meta property=\"og:site_name\" content=\"Z\u0259rdab.com\" \/>\n<meta property=\"article:published_time\" content=\"2013-01-23T13:39:33+00:00\" \/>\n<meta property=\"article:modified_time\" content=\"2013-01-23T14:20:38+00:00\" \/>\n<meta property=\"og:image\" content=\"http:\/\/www.zerdab.com\/wp-content\/uploads\/2013\/01\/Memmedova-Cimnaz-Melik-2-233x350.jpg\" \/>\n<meta name=\"author\" content=\"admin\" \/>\n<meta name=\"twitter:card\" content=\"summary_large_image\" \/>\n<meta name=\"twitter:label1\" content=\"Written by\" \/>\n\t<meta name=\"twitter:data1\" content=\"admin\" \/>\n\t<meta name=\"twitter:label2\" content=\"Est. reading time\" \/>\n\t<meta name=\"twitter:data2\" content=\"4 minutes\" \/>\n<script type=\"application\/ld+json\" class=\"yoast-schema-graph\">{\"@context\":\"https:\/\/schema.org\",\"@graph\":[{\"@type\":\"Article\",\"@id\":\"https:\/\/www.zerdab.com\/?p=6655#article\",\"isPartOf\":{\"@id\":\"https:\/\/www.zerdab.com\/?p=6655\"},\"author\":{\"name\":\"admin\",\"@id\":\"https:\/\/www.zerdab.com\/#\/schema\/person\/97079b7570c1e89ec0d9e138c3672136\"},\"headline\":\"&#8220;\u018fm\u0259kdar m\u00fc\u0259llim&#8221;, h\u0259myerlimiz \u00c7imnaz M\u0259mm\u0259dova\",\"datePublished\":\"2013-01-23T13:39:33+00:00\",\"dateModified\":\"2013-01-23T14:20:38+00:00\",\"mainEntityOfPage\":{\"@id\":\"https:\/\/www.zerdab.com\/?p=6655\"},\"wordCount\":718,\"commentCount\":1,\"image\":{\"@id\":\"https:\/\/www.zerdab.com\/?p=6655#primaryimage\"},\"thumbnailUrl\":\"http:\/\/www.zerdab.com\/wp-content\/uploads\/2013\/01\/Memmedova-Cimnaz-Melik-2-233x350.jpg\",\"articleSection\":[\"F\u018fXRL\u018fR\u0130M\u0130Z\"],\"inLanguage\":\"az\",\"potentialAction\":[{\"@type\":\"CommentAction\",\"name\":\"Comment\",\"target\":[\"https:\/\/www.zerdab.com\/?p=6655#respond\"]}]},{\"@type\":\"WebPage\",\"@id\":\"https:\/\/www.zerdab.com\/?p=6655\",\"url\":\"https:\/\/www.zerdab.com\/?p=6655\",\"name\":\"\\\"\u018fm\u0259kdar m\u00fc\u0259llim\\\", h\u0259myerlimiz \u00c7imnaz M\u0259mm\u0259dova - Z\u0259rdab.com\",\"isPartOf\":{\"@id\":\"https:\/\/www.zerdab.com\/#website\"},\"primaryImageOfPage\":{\"@id\":\"https:\/\/www.zerdab.com\/?p=6655#primaryimage\"},\"image\":{\"@id\":\"https:\/\/www.zerdab.com\/?p=6655#primaryimage\"},\"thumbnailUrl\":\"http:\/\/www.zerdab.com\/wp-content\/uploads\/2013\/01\/Memmedova-Cimnaz-Melik-2-233x350.jpg\",\"datePublished\":\"2013-01-23T13:39:33+00:00\",\"dateModified\":\"2013-01-23T14:20:38+00:00\",\"author\":{\"@id\":\"https:\/\/www.zerdab.com\/#\/schema\/person\/97079b7570c1e89ec0d9e138c3672136\"},\"breadcrumb\":{\"@id\":\"https:\/\/www.zerdab.com\/?p=6655#breadcrumb\"},\"inLanguage\":\"az\",\"potentialAction\":[{\"@type\":\"ReadAction\",\"target\":[\"https:\/\/www.zerdab.com\/?p=6655\"]}]},{\"@type\":\"ImageObject\",\"inLanguage\":\"az\",\"@id\":\"https:\/\/www.zerdab.com\/?p=6655#primaryimage\",\"url\":\"\",\"contentUrl\":\"\"},{\"@type\":\"BreadcrumbList\",\"@id\":\"https:\/\/www.zerdab.com\/?p=6655#breadcrumb\",\"itemListElement\":[{\"@type\":\"ListItem\",\"position\":1,\"name\":\"Home\",\"item\":\"https:\/\/www.zerdab.com\/\"},{\"@type\":\"ListItem\",\"position\":2,\"name\":\"&#8220;\u018fm\u0259kdar m\u00fc\u0259llim&#8221;, h\u0259myerlimiz \u00c7imnaz M\u0259mm\u0259dova\"}]},{\"@type\":\"WebSite\",\"@id\":\"https:\/\/www.zerdab.com\/#website\",\"url\":\"https:\/\/www.zerdab.com\/\",\"name\":\"Z\u0259rdab.com\",\"description\":\"\",\"potentialAction\":[{\"@type\":\"SearchAction\",\"target\":{\"@type\":\"EntryPoint\",\"urlTemplate\":\"https:\/\/www.zerdab.com\/?s={search_term_string}\"},\"query-input\":{\"@type\":\"PropertyValueSpecification\",\"valueRequired\":true,\"valueName\":\"search_term_string\"}}],\"inLanguage\":\"az\"},{\"@type\":\"Person\",\"@id\":\"https:\/\/www.zerdab.com\/#\/schema\/person\/97079b7570c1e89ec0d9e138c3672136\",\"name\":\"admin\",\"image\":{\"@type\":\"ImageObject\",\"inLanguage\":\"az\",\"@id\":\"https:\/\/www.zerdab.com\/#\/schema\/person\/image\/\",\"url\":\"https:\/\/secure.gravatar.com\/avatar\/d9c52a9a27c32119cb6679a077fa3e2779e5f822c451cbf01098004361d466ec?s=96&d=mm&r=g\",\"contentUrl\":\"https:\/\/secure.gravatar.com\/avatar\/d9c52a9a27c32119cb6679a077fa3e2779e5f822c451cbf01098004361d466ec?s=96&d=mm&r=g\",\"caption\":\"admin\"},\"url\":\"https:\/\/www.zerdab.com\/?author=1\"}]}<\/script>\n<!-- \/ Yoast SEO plugin. -->","yoast_head_json":{"title":"\"\u018fm\u0259kdar m\u00fc\u0259llim\", h\u0259myerlimiz \u00c7imnaz M\u0259mm\u0259dova - Z\u0259rdab.com","robots":{"index":"index","follow":"follow","max-snippet":"max-snippet:-1","max-image-preview":"max-image-preview:large","max-video-preview":"max-video-preview:-1"},"canonical":"https:\/\/www.zerdab.com\/?p=6655","og_locale":"az_AZ","og_type":"article","og_title":"\"\u018fm\u0259kdar m\u00fc\u0259llim\", h\u0259myerlimiz \u00c7imnaz M\u0259mm\u0259dova - Z\u0259rdab.com","og_description":"M\u0259mm\u0259dova \u00c7imnaz M\u0259lik q\u0131z\u0131 14 dekabr 1954-c\u00fc ild\u0259 Z\u0259rdab rayonunda anadan olub. 1972-ci ild\u0259 M. Qorki ad\u0131na Z\u0259rdab \u015f\u0259h\u0259r 1 sayl\u0131 orta m\u0259kt\u0259bi u\u011furla ba\u015fa vurub. 1973-c\u00fc ild\u0259 Az\u0259rbaycan D\u00f6vl\u0259t Pedaqoji \u0130nstitutuna daxil olub. 1977-ci ild\u0259 bu ali m\u0259kt\u0259bi bitirib v\u0259 h\u0259min d\u00f6vrd\u0259n bu g\u00fcn\u0259 q\u0259d\u0259r Z\u0259rdab \u015f\u0259h\u0259r \u015e. Qurbanov ad\u0131na 2 sayl\u0131 orta m\u0259kt\u0259bind\u0259 [&hellip;]","og_url":"https:\/\/www.zerdab.com\/?p=6655","og_site_name":"Z\u0259rdab.com","article_published_time":"2013-01-23T13:39:33+00:00","article_modified_time":"2013-01-23T14:20:38+00:00","og_image":[{"url":"http:\/\/www.zerdab.com\/wp-content\/uploads\/2013\/01\/Memmedova-Cimnaz-Melik-2-233x350.jpg","type":"","width":"","height":""}],"author":"admin","twitter_card":"summary_large_image","twitter_misc":{"Written by":"admin","Est. reading time":"4 minutes"},"schema":{"@context":"https:\/\/schema.org","@graph":[{"@type":"Article","@id":"https:\/\/www.zerdab.com\/?p=6655#article","isPartOf":{"@id":"https:\/\/www.zerdab.com\/?p=6655"},"author":{"name":"admin","@id":"https:\/\/www.zerdab.com\/#\/schema\/person\/97079b7570c1e89ec0d9e138c3672136"},"headline":"&#8220;\u018fm\u0259kdar m\u00fc\u0259llim&#8221;, h\u0259myerlimiz \u00c7imnaz M\u0259mm\u0259dova","datePublished":"2013-01-23T13:39:33+00:00","dateModified":"2013-01-23T14:20:38+00:00","mainEntityOfPage":{"@id":"https:\/\/www.zerdab.com\/?p=6655"},"wordCount":718,"commentCount":1,"image":{"@id":"https:\/\/www.zerdab.com\/?p=6655#primaryimage"},"thumbnailUrl":"http:\/\/www.zerdab.com\/wp-content\/uploads\/2013\/01\/Memmedova-Cimnaz-Melik-2-233x350.jpg","articleSection":["F\u018fXRL\u018fR\u0130M\u0130Z"],"inLanguage":"az","potentialAction":[{"@type":"CommentAction","name":"Comment","target":["https:\/\/www.zerdab.com\/?p=6655#respond"]}]},{"@type":"WebPage","@id":"https:\/\/www.zerdab.com\/?p=6655","url":"https:\/\/www.zerdab.com\/?p=6655","name":"\"\u018fm\u0259kdar m\u00fc\u0259llim\", h\u0259myerlimiz \u00c7imnaz M\u0259mm\u0259dova - Z\u0259rdab.com","isPartOf":{"@id":"https:\/\/www.zerdab.com\/#website"},"primaryImageOfPage":{"@id":"https:\/\/www.zerdab.com\/?p=6655#primaryimage"},"image":{"@id":"https:\/\/www.zerdab.com\/?p=6655#primaryimage"},"thumbnailUrl":"http:\/\/www.zerdab.com\/wp-content\/uploads\/2013\/01\/Memmedova-Cimnaz-Melik-2-233x350.jpg","datePublished":"2013-01-23T13:39:33+00:00","dateModified":"2013-01-23T14:20:38+00:00","author":{"@id":"https:\/\/www.zerdab.com\/#\/schema\/person\/97079b7570c1e89ec0d9e138c3672136"},"breadcrumb":{"@id":"https:\/\/www.zerdab.com\/?p=6655#breadcrumb"},"inLanguage":"az","potentialAction":[{"@type":"ReadAction","target":["https:\/\/www.zerdab.com\/?p=6655"]}]},{"@type":"ImageObject","inLanguage":"az","@id":"https:\/\/www.zerdab.com\/?p=6655#primaryimage","url":"","contentUrl":""},{"@type":"BreadcrumbList","@id":"https:\/\/www.zerdab.com\/?p=6655#breadcrumb","itemListElement":[{"@type":"ListItem","position":1,"name":"Home","item":"https:\/\/www.zerdab.com\/"},{"@type":"ListItem","position":2,"name":"&#8220;\u018fm\u0259kdar m\u00fc\u0259llim&#8221;, h\u0259myerlimiz \u00c7imnaz M\u0259mm\u0259dova"}]},{"@type":"WebSite","@id":"https:\/\/www.zerdab.com\/#website","url":"https:\/\/www.zerdab.com\/","name":"Z\u0259rdab.com","description":"","potentialAction":[{"@type":"SearchAction","target":{"@type":"EntryPoint","urlTemplate":"https:\/\/www.zerdab.com\/?s={search_term_string}"},"query-input":{"@type":"PropertyValueSpecification","valueRequired":true,"valueName":"search_term_string"}}],"inLanguage":"az"},{"@type":"Person","@id":"https:\/\/www.zerdab.com\/#\/schema\/person\/97079b7570c1e89ec0d9e138c3672136","name":"admin","image":{"@type":"ImageObject","inLanguage":"az","@id":"https:\/\/www.zerdab.com\/#\/schema\/person\/image\/","url":"https:\/\/secure.gravatar.com\/avatar\/d9c52a9a27c32119cb6679a077fa3e2779e5f822c451cbf01098004361d466ec?s=96&d=mm&r=g","contentUrl":"https:\/\/secure.gravatar.com\/avatar\/d9c52a9a27c32119cb6679a077fa3e2779e5f822c451cbf01098004361d466ec?s=96&d=mm&r=g","caption":"admin"},"url":"https:\/\/www.zerdab.com\/?author=1"}]}},"_links":{"self":[{"href":"https:\/\/www.zerdab.com\/index.php?rest_route=\/wp\/v2\/posts\/6655","targetHints":{"allow":["GET"]}}],"collection":[{"href":"https:\/\/www.zerdab.com\/index.php?rest_route=\/wp\/v2\/posts"}],"about":[{"href":"https:\/\/www.zerdab.com\/index.php?rest_route=\/wp\/v2\/types\/post"}],"author":[{"embeddable":true,"href":"https:\/\/www.zerdab.com\/index.php?rest_route=\/wp\/v2\/users\/1"}],"replies":[{"embeddable":true,"href":"https:\/\/www.zerdab.com\/index.php?rest_route=%2Fwp%2Fv2%2Fcomments&post=6655"}],"version-history":[{"count":7,"href":"https:\/\/www.zerdab.com\/index.php?rest_route=\/wp\/v2\/posts\/6655\/revisions"}],"predecessor-version":[{"id":6658,"href":"https:\/\/www.zerdab.com\/index.php?rest_route=\/wp\/v2\/posts\/6655\/revisions\/6658"}],"wp:attachment":[{"href":"https:\/\/www.zerdab.com\/index.php?rest_route=%2Fwp%2Fv2%2Fmedia&parent=6655"}],"wp:term":[{"taxonomy":"category","embeddable":true,"href":"https:\/\/www.zerdab.com\/index.php?rest_route=%2Fwp%2Fv2%2Fcategories&post=6655"},{"taxonomy":"post_tag","embeddable":true,"href":"https:\/\/www.zerdab.com\/index.php?rest_route=%2Fwp%2Fv2%2Ftags&post=6655"}],"curies":[{"name":"wp","href":"https:\/\/api.w.org\/{rel}","templated":true}]}}