{"id":6765,"date":"2013-01-25T12:01:22","date_gmt":"2013-01-25T08:01:22","guid":{"rendered":"http:\/\/www.zerdab.com\/?p=6765"},"modified":"2013-01-25T12:01:22","modified_gmt":"2013-01-25T08:01:22","slug":"b%c9%99l%c9%99diyy%c9%99-torpaqlari-il%c9%99-bagli-qanunvericiliy%c9%99-d%c9%99yisiklik-edil%c9%99c%c9%99k","status":"publish","type":"post","link":"https:\/\/www.zerdab.com\/?p=6765","title":{"rendered":"B\u0259l\u0259diyy\u0259 torpaqlar\u0131 il\u0259 ba\u011fl\u0131 qanunvericiliy\u0259 d\u0259yi\u015fiklik edil\u0259c\u0259k"},"content":{"rendered":"<p><img loading=\"lazy\" decoding=\"async\" class=\"aligncenter size-full wp-image-6766\" alt=\"belediyye-torpaqlari\" src=\"http:\/\/www.zerdab.com\/wp-content\/uploads\/2013\/01\/belediyye-torpaqlari.jpg\" width=\"338\" height=\"270\" \/>Milli M\u0259clisd\u0259 2013-c\u00fc ilin yaz ssessiyas\u0131 \u0259rzind\u0259 b\u0259l\u0259diyy\u0259 torpaqlar\u0131 il\u0259 ba\u011fl\u0131 qanunvericiliy\u0259 d\u0259yi\u015fiklikl\u0259r edil\u0259c\u0259k. www.zerdab.com sayt\u0131n\u0131n\u00a0m\u0259lumat\u0131na g\u00f6r\u0259, Regional m\u0259s\u0259l\u0259l\u0259r komit\u0259sinin c\u00fcm\u0259 g\u00fcn\u00fc ke\u00e7iril\u0259n iclas\u0131nda Komit\u0259 s\u0259dri Arif R\u0259himzad\u0259 bildirib ki, 2013-c\u00fc ilin yaz ssessiyas\u0131 \u0259rzind\u0259 5 qanunverici s\u0259n\u0259din q\u0259bul olunmas\u0131 n\u0259z\u0259rd\u0259 tutulub.<\/p>\n<p>Bunlar &#8220;B\u0259l\u0259diyy\u0259l\u0259rin hesabatlar\u0131 haqq\u0131nda&#8221; yeni qanun, &#8220;B\u0259l\u0259diyy\u0259 torpaqlar\u0131n\u0131n idar\u0259 edilm\u0259si haqq\u0131nda&#8221; qanuna, Torpaq M\u0259c\u0259ll\u0259sin\u0259, &#8220;B\u0259l\u0259diyy\u0259 torpaqlar\u0131n\u0131n ayr\u0131lmas\u0131na dair s\u0259n\u0259dl\u0259rin haz\u0131rlanmas\u0131 v\u0259 raz\u0131la\u015fd\u0131r\u0131lmas\u0131 qaydalar\u0131 haqq\u0131nda&#8221; \u018fsasnam\u0259y\u0259 v\u0259 &#8220;\u0130nzibati \u0259razi b\u00f6lg\u00fcs\u00fcnd\u0259 qism\u0259n d\u0259yi\u015fiklikl\u0259r edilm\u0259si haqq\u0131nda&#8221; qanuna d\u0259yi\u015fiklikl\u0259rdir.<\/p>\n<p>R\u0259himzad\u0259 bildirib ki, b\u0259l\u0259diyy\u0259 torpaqlar\u0131n\u0131n daha s\u0259m\u0259r\u0259li istifad\u0259 edilm\u0259si v\u0259 onlar\u0131n m\u00f6vs\u00fcmi i\u015fl\u0259r \u00fc\u00e7\u00fcn \u0259haliy\u0259 verilm\u0259si m\u0259qs\u0259di il\u0259 b\u0259l\u0259diyy\u0259l\u0259r\u0259 m\u00fc\u0259yy\u0259n s\u0259lahiyy\u0259tl\u0259r veril\u0259c\u0259k. Qanuna d\u0259yi\u015fiklik n\u0259tic\u0259sind\u0259 b\u0259l\u0259diyy\u0259l\u0259r onlara m\u0259xsus torpa\u011f\u0131 11 ay m\u00fcdd\u0259tind\u0259 \u0259haliy\u0259 verm\u0259k h\u00fcququ \u0259ld\u0259 ed\u0259c\u0259kl\u0259r. &#8220;Bu m\u0259s\u0259l\u0259 yax\u0131n vaxtlarda komit\u0259 v\u0259 plenar iclasda m\u00fczakir\u0259y\u0259 \u00e7\u0131xar\u0131lacaq&#8221;, &#8211; o, deyib.<\/p>\n<p>R\u0259himzad\u0259 iclasda bildirib ki, \u00f6t\u0259n il pay\u0131z sessiyas\u0131 \u0259rzind\u0259 \u015f\u0259h\u0259rl\u0259rd\u0259 yeni inzibati dair\u0259l\u0259rin yarad\u0131lmas\u0131 \u0259hali-hakimiyy\u0259t dialoquna m\u00fcsb\u0259t t\u0259sir g\u00f6st\u0259r\u0259n amildir. Bu yax\u0131nla\u015fma n\u0259tic\u0259sind\u0259 \u0259hali \u00f6z probleml\u0259rini hakimiyy\u0259t n\u00fcmay\u0259nd\u0259l\u0259rin\u0259 bildirir.<\/p>\n<p>Bir s\u0131ra k\u0259nd v\u0259 q\u0259s\u0259b\u0259l\u0259r\u0259 \u015f\u0259h\u0259r statusu verilm\u0259si is\u0259 burada yeni i\u015f yerl\u0259rinin a\u00e7\u0131lmas\u0131 il\u0259 \u0259halinin ya\u015fay\u0131\u015f s\u0259viyy\u0259sinin artmas\u0131na \u015f\u0259rait yarad\u0131r.<\/p>\n<p>O qeyd edib ki, \u00f6t\u0259n d\u00f6vr \u0259rzind\u0259 10 \u015f\u0259h\u0259rd\u0259 40 inzibati dair\u0259l yarad\u0131l\u0131b.<\/p>\n<p><strong>www.zerdab.com<\/strong><\/p>\n","protected":false},"excerpt":{"rendered":"<p>Milli M\u0259clisd\u0259 2013-c\u00fc ilin yaz ssessiyas\u0131 \u0259rzind\u0259 b\u0259l\u0259diyy\u0259 torpaqlar\u0131 il\u0259 ba\u011fl\u0131 qanunvericiliy\u0259 d\u0259yi\u015fiklikl\u0259r edil\u0259c\u0259k. www.zerdab.com sayt\u0131n\u0131n\u00a0m\u0259lumat\u0131na g\u00f6r\u0259, Regional m\u0259s\u0259l\u0259l\u0259r komit\u0259sinin c\u00fcm\u0259 g\u00fcn\u00fc ke\u00e7iril\u0259n iclas\u0131nda Komit\u0259 s\u0259dri Arif R\u0259himzad\u0259 bildirib ki, 2013-c\u00fc ilin yaz ssessiyas\u0131 \u0259rzind\u0259 5 qanunverici s\u0259n\u0259din q\u0259bul olunmas\u0131 n\u0259z\u0259rd\u0259 tutulub. Bunlar &#8220;B\u0259l\u0259diyy\u0259l\u0259rin hesabatlar\u0131 haqq\u0131nda&#8221; yeni qanun, &#8220;B\u0259l\u0259diyy\u0259 torpaqlar\u0131n\u0131n idar\u0259 edilm\u0259si haqq\u0131nda&#8221; qanuna, Torpaq [&hellip;]<\/p>\n","protected":false},"author":1,"featured_media":0,"comment_status":"open","ping_status":"open","sticky":false,"template":"","format":"standard","meta":{"footnotes":""},"categories":[21],"tags":[],"class_list":{"0":"post-6765","1":"post","2":"type-post","3":"status-publish","4":"format-standard","6":"category-zrdab"},"yoast_head":"<!-- This site is optimized with the Yoast SEO plugin v27.0 - https:\/\/yoast.com\/product\/yoast-seo-wordpress\/ -->\n<title>B\u0259l\u0259diyy\u0259 torpaqlar\u0131 il\u0259 ba\u011fl\u0131 qanunvericiliy\u0259 d\u0259yi\u015fiklik edil\u0259c\u0259k - Z\u0259rdab.com<\/title>\n<meta name=\"robots\" content=\"index, follow, max-snippet:-1, max-image-preview:large, max-video-preview:-1\" \/>\n<link rel=\"canonical\" href=\"https:\/\/www.zerdab.com\/?p=6765\" \/>\n<meta property=\"og:locale\" content=\"az_AZ\" \/>\n<meta property=\"og:type\" content=\"article\" \/>\n<meta property=\"og:title\" content=\"B\u0259l\u0259diyy\u0259 torpaqlar\u0131 il\u0259 ba\u011fl\u0131 qanunvericiliy\u0259 d\u0259yi\u015fiklik edil\u0259c\u0259k - Z\u0259rdab.com\" \/>\n<meta property=\"og:description\" content=\"Milli M\u0259clisd\u0259 2013-c\u00fc ilin yaz ssessiyas\u0131 \u0259rzind\u0259 b\u0259l\u0259diyy\u0259 torpaqlar\u0131 il\u0259 ba\u011fl\u0131 qanunvericiliy\u0259 d\u0259yi\u015fiklikl\u0259r edil\u0259c\u0259k. www.zerdab.com sayt\u0131n\u0131n\u00a0m\u0259lumat\u0131na g\u00f6r\u0259, Regional m\u0259s\u0259l\u0259l\u0259r komit\u0259sinin c\u00fcm\u0259 g\u00fcn\u00fc ke\u00e7iril\u0259n iclas\u0131nda Komit\u0259 s\u0259dri Arif R\u0259himzad\u0259 bildirib ki, 2013-c\u00fc ilin yaz ssessiyas\u0131 \u0259rzind\u0259 5 qanunverici s\u0259n\u0259din q\u0259bul olunmas\u0131 n\u0259z\u0259rd\u0259 tutulub. Bunlar &#8220;B\u0259l\u0259diyy\u0259l\u0259rin hesabatlar\u0131 haqq\u0131nda&#8221; yeni qanun, &#8220;B\u0259l\u0259diyy\u0259 torpaqlar\u0131n\u0131n idar\u0259 edilm\u0259si haqq\u0131nda&#8221; qanuna, Torpaq [&hellip;]\" \/>\n<meta property=\"og:url\" content=\"https:\/\/www.zerdab.com\/?p=6765\" \/>\n<meta property=\"og:site_name\" content=\"Z\u0259rdab.com\" \/>\n<meta property=\"article:published_time\" content=\"2013-01-25T08:01:22+00:00\" \/>\n<meta property=\"og:image\" content=\"http:\/\/www.zerdab.com\/wp-content\/uploads\/2013\/01\/belediyye-torpaqlari.jpg\" \/>\n<meta name=\"author\" content=\"admin\" \/>\n<meta name=\"twitter:card\" content=\"summary_large_image\" \/>\n<meta name=\"twitter:label1\" content=\"Written by\" \/>\n\t<meta name=\"twitter:data1\" content=\"admin\" \/>\n\t<meta name=\"twitter:label2\" content=\"Est. reading time\" \/>\n\t<meta name=\"twitter:data2\" content=\"2 minutes\" \/>\n<script type=\"application\/ld+json\" class=\"yoast-schema-graph\">{\"@context\":\"https:\/\/schema.org\",\"@graph\":[{\"@type\":\"Article\",\"@id\":\"https:\/\/www.zerdab.com\/?p=6765#article\",\"isPartOf\":{\"@id\":\"https:\/\/www.zerdab.com\/?p=6765\"},\"author\":{\"name\":\"admin\",\"@id\":\"https:\/\/www.zerdab.com\/#\/schema\/person\/97079b7570c1e89ec0d9e138c3672136\"},\"headline\":\"B\u0259l\u0259diyy\u0259 torpaqlar\u0131 il\u0259 ba\u011fl\u0131 qanunvericiliy\u0259 d\u0259yi\u015fiklik edil\u0259c\u0259k\",\"datePublished\":\"2013-01-25T08:01:22+00:00\",\"mainEntityOfPage\":{\"@id\":\"https:\/\/www.zerdab.com\/?p=6765\"},\"wordCount\":375,\"commentCount\":0,\"image\":{\"@id\":\"https:\/\/www.zerdab.com\/?p=6765#primaryimage\"},\"thumbnailUrl\":\"http:\/\/www.zerdab.com\/wp-content\/uploads\/2013\/01\/belediyye-torpaqlari.jpg\",\"articleSection\":[\"C\u018fM\u0130YY\u018fT\"],\"inLanguage\":\"az\",\"potentialAction\":[{\"@type\":\"CommentAction\",\"name\":\"Comment\",\"target\":[\"https:\/\/www.zerdab.com\/?p=6765#respond\"]}]},{\"@type\":\"WebPage\",\"@id\":\"https:\/\/www.zerdab.com\/?p=6765\",\"url\":\"https:\/\/www.zerdab.com\/?p=6765\",\"name\":\"B\u0259l\u0259diyy\u0259 torpaqlar\u0131 il\u0259 ba\u011fl\u0131 qanunvericiliy\u0259 d\u0259yi\u015fiklik edil\u0259c\u0259k - Z\u0259rdab.com\",\"isPartOf\":{\"@id\":\"https:\/\/www.zerdab.com\/#website\"},\"primaryImageOfPage\":{\"@id\":\"https:\/\/www.zerdab.com\/?p=6765#primaryimage\"},\"image\":{\"@id\":\"https:\/\/www.zerdab.com\/?p=6765#primaryimage\"},\"thumbnailUrl\":\"http:\/\/www.zerdab.com\/wp-content\/uploads\/2013\/01\/belediyye-torpaqlari.jpg\",\"datePublished\":\"2013-01-25T08:01:22+00:00\",\"author\":{\"@id\":\"https:\/\/www.zerdab.com\/#\/schema\/person\/97079b7570c1e89ec0d9e138c3672136\"},\"breadcrumb\":{\"@id\":\"https:\/\/www.zerdab.com\/?p=6765#breadcrumb\"},\"inLanguage\":\"az\",\"potentialAction\":[{\"@type\":\"ReadAction\",\"target\":[\"https:\/\/www.zerdab.com\/?p=6765\"]}]},{\"@type\":\"ImageObject\",\"inLanguage\":\"az\",\"@id\":\"https:\/\/www.zerdab.com\/?p=6765#primaryimage\",\"url\":\"\",\"contentUrl\":\"\"},{\"@type\":\"BreadcrumbList\",\"@id\":\"https:\/\/www.zerdab.com\/?p=6765#breadcrumb\",\"itemListElement\":[{\"@type\":\"ListItem\",\"position\":1,\"name\":\"Home\",\"item\":\"https:\/\/www.zerdab.com\/\"},{\"@type\":\"ListItem\",\"position\":2,\"name\":\"B\u0259l\u0259diyy\u0259 torpaqlar\u0131 il\u0259 ba\u011fl\u0131 qanunvericiliy\u0259 d\u0259yi\u015fiklik edil\u0259c\u0259k\"}]},{\"@type\":\"WebSite\",\"@id\":\"https:\/\/www.zerdab.com\/#website\",\"url\":\"https:\/\/www.zerdab.com\/\",\"name\":\"Z\u0259rdab.com\",\"description\":\"\",\"potentialAction\":[{\"@type\":\"SearchAction\",\"target\":{\"@type\":\"EntryPoint\",\"urlTemplate\":\"https:\/\/www.zerdab.com\/?s={search_term_string}\"},\"query-input\":{\"@type\":\"PropertyValueSpecification\",\"valueRequired\":true,\"valueName\":\"search_term_string\"}}],\"inLanguage\":\"az\"},{\"@type\":\"Person\",\"@id\":\"https:\/\/www.zerdab.com\/#\/schema\/person\/97079b7570c1e89ec0d9e138c3672136\",\"name\":\"admin\",\"image\":{\"@type\":\"ImageObject\",\"inLanguage\":\"az\",\"@id\":\"https:\/\/www.zerdab.com\/#\/schema\/person\/image\/\",\"url\":\"https:\/\/secure.gravatar.com\/avatar\/d9c52a9a27c32119cb6679a077fa3e2779e5f822c451cbf01098004361d466ec?s=96&d=mm&r=g\",\"contentUrl\":\"https:\/\/secure.gravatar.com\/avatar\/d9c52a9a27c32119cb6679a077fa3e2779e5f822c451cbf01098004361d466ec?s=96&d=mm&r=g\",\"caption\":\"admin\"},\"url\":\"https:\/\/www.zerdab.com\/?author=1\"}]}<\/script>\n<!-- \/ Yoast SEO plugin. -->","yoast_head_json":{"title":"B\u0259l\u0259diyy\u0259 torpaqlar\u0131 il\u0259 ba\u011fl\u0131 qanunvericiliy\u0259 d\u0259yi\u015fiklik edil\u0259c\u0259k - Z\u0259rdab.com","robots":{"index":"index","follow":"follow","max-snippet":"max-snippet:-1","max-image-preview":"max-image-preview:large","max-video-preview":"max-video-preview:-1"},"canonical":"https:\/\/www.zerdab.com\/?p=6765","og_locale":"az_AZ","og_type":"article","og_title":"B\u0259l\u0259diyy\u0259 torpaqlar\u0131 il\u0259 ba\u011fl\u0131 qanunvericiliy\u0259 d\u0259yi\u015fiklik edil\u0259c\u0259k - Z\u0259rdab.com","og_description":"Milli M\u0259clisd\u0259 2013-c\u00fc ilin yaz ssessiyas\u0131 \u0259rzind\u0259 b\u0259l\u0259diyy\u0259 torpaqlar\u0131 il\u0259 ba\u011fl\u0131 qanunvericiliy\u0259 d\u0259yi\u015fiklikl\u0259r edil\u0259c\u0259k. www.zerdab.com sayt\u0131n\u0131n\u00a0m\u0259lumat\u0131na g\u00f6r\u0259, Regional m\u0259s\u0259l\u0259l\u0259r komit\u0259sinin c\u00fcm\u0259 g\u00fcn\u00fc ke\u00e7iril\u0259n iclas\u0131nda Komit\u0259 s\u0259dri Arif R\u0259himzad\u0259 bildirib ki, 2013-c\u00fc ilin yaz ssessiyas\u0131 \u0259rzind\u0259 5 qanunverici s\u0259n\u0259din q\u0259bul olunmas\u0131 n\u0259z\u0259rd\u0259 tutulub. Bunlar &#8220;B\u0259l\u0259diyy\u0259l\u0259rin hesabatlar\u0131 haqq\u0131nda&#8221; yeni qanun, &#8220;B\u0259l\u0259diyy\u0259 torpaqlar\u0131n\u0131n idar\u0259 edilm\u0259si haqq\u0131nda&#8221; qanuna, Torpaq [&hellip;]","og_url":"https:\/\/www.zerdab.com\/?p=6765","og_site_name":"Z\u0259rdab.com","article_published_time":"2013-01-25T08:01:22+00:00","og_image":[{"url":"http:\/\/www.zerdab.com\/wp-content\/uploads\/2013\/01\/belediyye-torpaqlari.jpg","type":"","width":"","height":""}],"author":"admin","twitter_card":"summary_large_image","twitter_misc":{"Written by":"admin","Est. reading time":"2 minutes"},"schema":{"@context":"https:\/\/schema.org","@graph":[{"@type":"Article","@id":"https:\/\/www.zerdab.com\/?p=6765#article","isPartOf":{"@id":"https:\/\/www.zerdab.com\/?p=6765"},"author":{"name":"admin","@id":"https:\/\/www.zerdab.com\/#\/schema\/person\/97079b7570c1e89ec0d9e138c3672136"},"headline":"B\u0259l\u0259diyy\u0259 torpaqlar\u0131 il\u0259 ba\u011fl\u0131 qanunvericiliy\u0259 d\u0259yi\u015fiklik edil\u0259c\u0259k","datePublished":"2013-01-25T08:01:22+00:00","mainEntityOfPage":{"@id":"https:\/\/www.zerdab.com\/?p=6765"},"wordCount":375,"commentCount":0,"image":{"@id":"https:\/\/www.zerdab.com\/?p=6765#primaryimage"},"thumbnailUrl":"http:\/\/www.zerdab.com\/wp-content\/uploads\/2013\/01\/belediyye-torpaqlari.jpg","articleSection":["C\u018fM\u0130YY\u018fT"],"inLanguage":"az","potentialAction":[{"@type":"CommentAction","name":"Comment","target":["https:\/\/www.zerdab.com\/?p=6765#respond"]}]},{"@type":"WebPage","@id":"https:\/\/www.zerdab.com\/?p=6765","url":"https:\/\/www.zerdab.com\/?p=6765","name":"B\u0259l\u0259diyy\u0259 torpaqlar\u0131 il\u0259 ba\u011fl\u0131 qanunvericiliy\u0259 d\u0259yi\u015fiklik edil\u0259c\u0259k - Z\u0259rdab.com","isPartOf":{"@id":"https:\/\/www.zerdab.com\/#website"},"primaryImageOfPage":{"@id":"https:\/\/www.zerdab.com\/?p=6765#primaryimage"},"image":{"@id":"https:\/\/www.zerdab.com\/?p=6765#primaryimage"},"thumbnailUrl":"http:\/\/www.zerdab.com\/wp-content\/uploads\/2013\/01\/belediyye-torpaqlari.jpg","datePublished":"2013-01-25T08:01:22+00:00","author":{"@id":"https:\/\/www.zerdab.com\/#\/schema\/person\/97079b7570c1e89ec0d9e138c3672136"},"breadcrumb":{"@id":"https:\/\/www.zerdab.com\/?p=6765#breadcrumb"},"inLanguage":"az","potentialAction":[{"@type":"ReadAction","target":["https:\/\/www.zerdab.com\/?p=6765"]}]},{"@type":"ImageObject","inLanguage":"az","@id":"https:\/\/www.zerdab.com\/?p=6765#primaryimage","url":"","contentUrl":""},{"@type":"BreadcrumbList","@id":"https:\/\/www.zerdab.com\/?p=6765#breadcrumb","itemListElement":[{"@type":"ListItem","position":1,"name":"Home","item":"https:\/\/www.zerdab.com\/"},{"@type":"ListItem","position":2,"name":"B\u0259l\u0259diyy\u0259 torpaqlar\u0131 il\u0259 ba\u011fl\u0131 qanunvericiliy\u0259 d\u0259yi\u015fiklik edil\u0259c\u0259k"}]},{"@type":"WebSite","@id":"https:\/\/www.zerdab.com\/#website","url":"https:\/\/www.zerdab.com\/","name":"Z\u0259rdab.com","description":"","potentialAction":[{"@type":"SearchAction","target":{"@type":"EntryPoint","urlTemplate":"https:\/\/www.zerdab.com\/?s={search_term_string}"},"query-input":{"@type":"PropertyValueSpecification","valueRequired":true,"valueName":"search_term_string"}}],"inLanguage":"az"},{"@type":"Person","@id":"https:\/\/www.zerdab.com\/#\/schema\/person\/97079b7570c1e89ec0d9e138c3672136","name":"admin","image":{"@type":"ImageObject","inLanguage":"az","@id":"https:\/\/www.zerdab.com\/#\/schema\/person\/image\/","url":"https:\/\/secure.gravatar.com\/avatar\/d9c52a9a27c32119cb6679a077fa3e2779e5f822c451cbf01098004361d466ec?s=96&d=mm&r=g","contentUrl":"https:\/\/secure.gravatar.com\/avatar\/d9c52a9a27c32119cb6679a077fa3e2779e5f822c451cbf01098004361d466ec?s=96&d=mm&r=g","caption":"admin"},"url":"https:\/\/www.zerdab.com\/?author=1"}]}},"_links":{"self":[{"href":"https:\/\/www.zerdab.com\/index.php?rest_route=\/wp\/v2\/posts\/6765","targetHints":{"allow":["GET"]}}],"collection":[{"href":"https:\/\/www.zerdab.com\/index.php?rest_route=\/wp\/v2\/posts"}],"about":[{"href":"https:\/\/www.zerdab.com\/index.php?rest_route=\/wp\/v2\/types\/post"}],"author":[{"embeddable":true,"href":"https:\/\/www.zerdab.com\/index.php?rest_route=\/wp\/v2\/users\/1"}],"replies":[{"embeddable":true,"href":"https:\/\/www.zerdab.com\/index.php?rest_route=%2Fwp%2Fv2%2Fcomments&post=6765"}],"version-history":[{"count":1,"href":"https:\/\/www.zerdab.com\/index.php?rest_route=\/wp\/v2\/posts\/6765\/revisions"}],"predecessor-version":[{"id":6767,"href":"https:\/\/www.zerdab.com\/index.php?rest_route=\/wp\/v2\/posts\/6765\/revisions\/6767"}],"wp:attachment":[{"href":"https:\/\/www.zerdab.com\/index.php?rest_route=%2Fwp%2Fv2%2Fmedia&parent=6765"}],"wp:term":[{"taxonomy":"category","embeddable":true,"href":"https:\/\/www.zerdab.com\/index.php?rest_route=%2Fwp%2Fv2%2Fcategories&post=6765"},{"taxonomy":"post_tag","embeddable":true,"href":"https:\/\/www.zerdab.com\/index.php?rest_route=%2Fwp%2Fv2%2Ftags&post=6765"}],"curies":[{"name":"wp","href":"https:\/\/api.w.org\/{rel}","templated":true}]}}