{"id":6818,"date":"2013-01-27T21:10:13","date_gmt":"2013-01-27T17:10:13","guid":{"rendered":"http:\/\/www.zerdab.com\/?p=6818"},"modified":"2019-04-16T09:25:26","modified_gmt":"2019-04-16T05:25:26","slug":"tarixi-s%c9%99n%c9%99dl%c9%99r-z%c9%99rdab-az%c9%99rbaycanin-%c9%99n-q%c9%99dim-rayonlarindan-biridir","status":"publish","type":"post","link":"https:\/\/www.zerdab.com\/?p=6818","title":{"rendered":"&#8220;Z\u0259rdab\u0131n \u0259razisi \u0259n q\u0259dim ya\u015fay\u0131\u015f m\u0259sk\u0259nl\u0259rind\u0259ndir&#8221;"},"content":{"rendered":"<p><strong>\u0130btidai icma qurulu\u015funun Tunc d\u00f6vr\u00fc m\u0259rh\u0259l\u0259sind\u0259 insanlar\u0131n daha geni\u015f \u0259razil\u0259r\u0259 yay\u0131lmas\u0131, ya\u015fay\u0131\u015f yerl\u0259rinin \u00e7ox zaman \u00e7ay k\u0259narlar\u0131nda sal\u0131nmas\u0131 bunu dem\u0259y\u0259 \u0259sas verir ki, Z\u0259rdab \u0259razisind\u0259 insanlar tunc d\u00f6vr\u00fcnd\u0259n ba\u015flayaraq ya\u015fay\u0131blar.<\/strong><\/p>\n<p>M\u0259lumat \u00fc\u00e7\u00fcn bildir\u0259k ki, Erk\u0259n Tunc d\u00f6vr\u00fc (e.\u0259.IV minilliyin ikinci yar\u0131s\u0131ndan ba\u015flayaraq -e.\u0259. III minilliyin sonuna q\u0259d\u0259r davam edib) Az\u0259rbaycanda K\u00fcr-Araz m\u0259d\u0259niyy\u0259ti adlan\u0131r. Ara\u015fd\u0131rmalar g\u00f6st\u0259rir ki, Erk\u0259n Tunc d\u00f6vr\u00fcn\u0259 aid arxeoloji n\u00fcmun\u0259l\u0259r daha \u00e7ox m\u0259hz bu \u0259razil\u0259rd\u0259 a\u015fkar edilib. Bel\u0259 arxeoloji n\u00fcmun\u0259l\u0259rd\u0259n biri d\u0259 bu m\u0259rh\u0259l\u0259nin \u00f6yr\u0259nilm\u0259sind\u0259 m\u00fch\u00fcm \u0259h\u0259miyy\u0259t da\u015f\u0131yan Z\u0259rdab rayonunun D\u0259li Qu\u015f\u00e7u k\u0259ndi \u0259razisind\u0259 a\u015fkarlanm\u0131\u015f k\u00fctl\u0259vi q\u0259bristanl\u0131qlard\u0131r. Bu q\u0259bristanl\u0131qlar A\u011ft\u0259p\u0259 adlanan kurqan adl\u0131 il\u0259 tan\u0131n\u0131r v\u0259 bu g\u00fcn d\u0259 m\u00f6vcuddur.<\/p>\n<p>K\u00fcr-Araz m\u0259d\u0259niyy\u0259ti yay\u0131lan \u0259razil\u0259rd\u0259 m\u00fcxt\u0259lif etnik birl\u0259\u015fm\u0259l\u0259r ya\u015fay\u0131rd\u0131. Eyni zamanda K\u00fcr-Araz m\u0259d\u0259niyy\u0259ti \u0259razisind\u0259 \u0259n q\u0259dim t\u00fcrk dill\u0259rind\u0259 dan\u0131\u015fan etnik birl\u0259\u015fm\u0259l\u0259rin da ya\u015famas\u0131 ehtimal\u0131 ir\u0259li s\u00fcr\u00fcl\u00fcb.<\/p>\n<p>Z\u0259rdab rayonunun \u0259razisinin tarixiliyini s\u00fcbut ed\u0259n \u00f6n\u0259mli s\u0259n\u0259dl\u0259rd\u0259n biri d\u0259 36 il \u00f6nc\u0259 haz\u0131rlanm\u0131\u015f &#8220;Z\u0259rdab \u015f\u0259h\u0259rinin ba\u015f plan\u0131&#8221;d\u0131r. Az\u0259rbaycan SSR D\u00f6vl\u0259t Tikinti Komit\u0259sinin 1977-ci ild\u0259 t\u0259sdiq edilmi\u015f &#8220;Z\u0259rdab \u015f\u0259h\u0259rinin ba\u015f plan\u0131&#8221;nda yaz\u0131lanlar\u0131<strong> www.zerdab.com<\/strong> sayt\u0131n\u0131n oxucular\u0131na t\u0259qdim edirik: &#8220;Z\u0259rdab rayonu \u00f6lk\u0259nin \u0259n q\u0259dim rayonlar\u0131ndan biridir. Bizim eradan \u0259vv\u0259l birinci minillikd\u0259 \u0259kin\u00e7ilik burada ya\u015fayan sakinl\u0259rin sosial-iqtisadi h\u0259yat\u0131nda m\u00fch\u00fcm rol oynay\u0131b. Arxeoloji qaz\u0131nt\u0131lar v\u0259 tarixi s\u0259n\u0259dl\u0259r t\u0259sdiq edir ki, burada m\u00fcr\u0259kk\u0259b m\u00fch\u0259ndis qur\u011fular\u0131ndan ibar\u0259t irriqasiya sistemi olub. \u018fhali burada \u0259kin\u00e7ilikl\u0259, heyvandarl\u0131qla m\u0259\u015f\u011ful olub&#8221;.<\/p>\n<p>&#8220;Az\u0259rbaycan Respublikas\u0131 \u0259razisind\u0259 d\u00f6vl\u0259t m\u00fchafiz\u0259sin\u0259 g\u00f6t\u00fcr\u00fclm\u00fc\u015f da\u015f\u0131nmaz tarix v\u0259 m\u0259d\u0259niyy\u0259t abid\u0259l\u0259rinin \u0259h\u0259miyy\u0259t d\u0259r\u0259c\u0259l\u0259rin\u0259 g\u00f6r\u0259 b\u00f6lg\u00fcs\u00fcn\u00fcn t\u0259sdiq edilm\u0259si haqq\u0131nda&#8221; Az\u0259rbaycan Respublikas\u0131 Nazirl\u0259r Kabinetinin 2 avqust 2001-ci il tarixli (N-132) q\u0259rar\u0131 il\u0259 Xanm\u0259mm\u0259dli k\u0259ndind\u0259 a\u015fkar edilmi\u015f k\u00fcp q\u0259birl\u0259ri nekropolu I \u0259sr\u0259 aid edil\u0259r\u0259k \u00f6lk\u0259 \u0259h\u0259miyy\u0259tli da\u015f\u0131nmaz tarix v\u0259 m\u0259d\u0259niyy\u0259t abid\u0259l\u0259rinin siyah\u0131s\u0131na daxil edilib. &#8220;Nekropol&#8221; yunan s\u00f6z\u00fc olub &#8220;\u00f6l\u00fc \u015f\u0259h\u0259r&#8221; v\u0259 ya &#8220;\u015f\u0259h\u0259r-q\u0259bristanl\u0131q&#8221; m\u0259nas\u0131n\u0131 verir.<\/p>\n<p>Tarixi il\u0259 ba\u011fl\u0131 maraql\u0131 ara\u015fd\u0131rmalar\u0131 oxuculara t\u0259qdim etm\u0259kd\u0259 davam ed\u0259c\u0259k. Bizi izl\u0259yin&#8230;<\/p>\n<p><strong>www.zerdab.com<\/strong><\/p>\n","protected":false},"excerpt":{"rendered":"<p>\u0130btidai icma qurulu\u015funun Tunc d\u00f6vr\u00fc m\u0259rh\u0259l\u0259sind\u0259 insanlar\u0131n daha geni\u015f \u0259razil\u0259r\u0259 yay\u0131lmas\u0131, ya\u015fay\u0131\u015f yerl\u0259rinin \u00e7ox zaman \u00e7ay k\u0259narlar\u0131nda sal\u0131nmas\u0131 bunu dem\u0259y\u0259 \u0259sas verir ki, Z\u0259rdab \u0259razisind\u0259 insanlar tunc d\u00f6vr\u00fcnd\u0259n ba\u015flayaraq ya\u015fay\u0131blar. M\u0259lumat \u00fc\u00e7\u00fcn bildir\u0259k ki, Erk\u0259n Tunc d\u00f6vr\u00fc (e.\u0259.IV minilliyin ikinci yar\u0131s\u0131ndan ba\u015flayaraq -e.\u0259. III minilliyin sonuna q\u0259d\u0259r davam edib) Az\u0259rbaycanda K\u00fcr-Araz m\u0259d\u0259niyy\u0259ti adlan\u0131r. Ara\u015fd\u0131rmalar g\u00f6st\u0259rir [&hellip;]<\/p>\n","protected":false},"author":1,"featured_media":26764,"comment_status":"open","ping_status":"open","sticky":false,"template":"","format":"standard","meta":{"footnotes":""},"categories":[1],"tags":[],"class_list":{"0":"post-6818","1":"post","2":"type-post","3":"status-publish","4":"format-standard","5":"has-post-thumbnail","7":"category-tarix"},"yoast_head":"<!-- This site is optimized with the Yoast SEO plugin v27.0 - https:\/\/yoast.com\/product\/yoast-seo-wordpress\/ -->\n<title>&quot;Z\u0259rdab\u0131n \u0259razisi \u0259n q\u0259dim ya\u015fay\u0131\u015f m\u0259sk\u0259nl\u0259rind\u0259ndir&quot; - Z\u0259rdab.com<\/title>\n<meta name=\"robots\" content=\"index, follow, max-snippet:-1, max-image-preview:large, max-video-preview:-1\" \/>\n<link rel=\"canonical\" href=\"https:\/\/www.zerdab.com\/?p=6818\" \/>\n<meta property=\"og:locale\" content=\"az_AZ\" \/>\n<meta property=\"og:type\" content=\"article\" \/>\n<meta property=\"og:title\" content=\"&quot;Z\u0259rdab\u0131n \u0259razisi \u0259n q\u0259dim ya\u015fay\u0131\u015f m\u0259sk\u0259nl\u0259rind\u0259ndir&quot; - Z\u0259rdab.com\" \/>\n<meta property=\"og:description\" content=\"\u0130btidai icma qurulu\u015funun Tunc d\u00f6vr\u00fc m\u0259rh\u0259l\u0259sind\u0259 insanlar\u0131n daha geni\u015f \u0259razil\u0259r\u0259 yay\u0131lmas\u0131, ya\u015fay\u0131\u015f yerl\u0259rinin \u00e7ox zaman \u00e7ay k\u0259narlar\u0131nda sal\u0131nmas\u0131 bunu dem\u0259y\u0259 \u0259sas verir ki, Z\u0259rdab \u0259razisind\u0259 insanlar tunc d\u00f6vr\u00fcnd\u0259n ba\u015flayaraq ya\u015fay\u0131blar. M\u0259lumat \u00fc\u00e7\u00fcn bildir\u0259k ki, Erk\u0259n Tunc d\u00f6vr\u00fc (e.\u0259.IV minilliyin ikinci yar\u0131s\u0131ndan ba\u015flayaraq -e.\u0259. III minilliyin sonuna q\u0259d\u0259r davam edib) Az\u0259rbaycanda K\u00fcr-Araz m\u0259d\u0259niyy\u0259ti adlan\u0131r. Ara\u015fd\u0131rmalar g\u00f6st\u0259rir [&hellip;]\" \/>\n<meta property=\"og:url\" content=\"https:\/\/www.zerdab.com\/?p=6818\" \/>\n<meta property=\"og:site_name\" content=\"Z\u0259rdab.com\" \/>\n<meta property=\"article:published_time\" content=\"2013-01-27T17:10:13+00:00\" \/>\n<meta property=\"article:modified_time\" content=\"2019-04-16T05:25:26+00:00\" \/>\n<meta property=\"og:image\" content=\"https:\/\/www.zerdab.com\/wp-content\/uploads\/2013\/01\/zerdab-rayon-tarix-diyarsunasliq-muzeyi.jpg\" \/>\n\t<meta property=\"og:image:width\" content=\"960\" \/>\n\t<meta property=\"og:image:height\" content=\"726\" \/>\n\t<meta property=\"og:image:type\" content=\"image\/jpeg\" \/>\n<meta name=\"author\" content=\"admin\" \/>\n<meta name=\"twitter:card\" content=\"summary_large_image\" \/>\n<meta name=\"twitter:label1\" content=\"Written by\" \/>\n\t<meta name=\"twitter:data1\" content=\"admin\" \/>\n\t<meta name=\"twitter:label2\" content=\"Est. reading time\" \/>\n\t<meta name=\"twitter:data2\" content=\"3 minutes\" \/>\n<script type=\"application\/ld+json\" class=\"yoast-schema-graph\">{\"@context\":\"https:\/\/schema.org\",\"@graph\":[{\"@type\":\"Article\",\"@id\":\"https:\/\/www.zerdab.com\/?p=6818#article\",\"isPartOf\":{\"@id\":\"https:\/\/www.zerdab.com\/?p=6818\"},\"author\":{\"name\":\"admin\",\"@id\":\"https:\/\/www.zerdab.com\/#\/schema\/person\/97079b7570c1e89ec0d9e138c3672136\"},\"headline\":\"&#8220;Z\u0259rdab\u0131n \u0259razisi \u0259n q\u0259dim ya\u015fay\u0131\u015f m\u0259sk\u0259nl\u0259rind\u0259ndir&#8221;\",\"datePublished\":\"2013-01-27T17:10:13+00:00\",\"dateModified\":\"2019-04-16T05:25:26+00:00\",\"mainEntityOfPage\":{\"@id\":\"https:\/\/www.zerdab.com\/?p=6818\"},\"wordCount\":530,\"commentCount\":0,\"image\":{\"@id\":\"https:\/\/www.zerdab.com\/?p=6818#primaryimage\"},\"thumbnailUrl\":\"https:\/\/www.zerdab.com\/wp-content\/uploads\/2013\/01\/zerdab-rayon-tarix-diyarsunasliq-muzeyi.jpg\",\"articleSection\":[\"Z\u018fRDABIN TAR\u0130X\u0130\"],\"inLanguage\":\"az\",\"potentialAction\":[{\"@type\":\"CommentAction\",\"name\":\"Comment\",\"target\":[\"https:\/\/www.zerdab.com\/?p=6818#respond\"]}]},{\"@type\":\"WebPage\",\"@id\":\"https:\/\/www.zerdab.com\/?p=6818\",\"url\":\"https:\/\/www.zerdab.com\/?p=6818\",\"name\":\"\\\"Z\u0259rdab\u0131n \u0259razisi \u0259n q\u0259dim ya\u015fay\u0131\u015f m\u0259sk\u0259nl\u0259rind\u0259ndir\\\" - Z\u0259rdab.com\",\"isPartOf\":{\"@id\":\"https:\/\/www.zerdab.com\/#website\"},\"primaryImageOfPage\":{\"@id\":\"https:\/\/www.zerdab.com\/?p=6818#primaryimage\"},\"image\":{\"@id\":\"https:\/\/www.zerdab.com\/?p=6818#primaryimage\"},\"thumbnailUrl\":\"https:\/\/www.zerdab.com\/wp-content\/uploads\/2013\/01\/zerdab-rayon-tarix-diyarsunasliq-muzeyi.jpg\",\"datePublished\":\"2013-01-27T17:10:13+00:00\",\"dateModified\":\"2019-04-16T05:25:26+00:00\",\"author\":{\"@id\":\"https:\/\/www.zerdab.com\/#\/schema\/person\/97079b7570c1e89ec0d9e138c3672136\"},\"breadcrumb\":{\"@id\":\"https:\/\/www.zerdab.com\/?p=6818#breadcrumb\"},\"inLanguage\":\"az\",\"potentialAction\":[{\"@type\":\"ReadAction\",\"target\":[\"https:\/\/www.zerdab.com\/?p=6818\"]}]},{\"@type\":\"ImageObject\",\"inLanguage\":\"az\",\"@id\":\"https:\/\/www.zerdab.com\/?p=6818#primaryimage\",\"url\":\"https:\/\/www.zerdab.com\/wp-content\/uploads\/2013\/01\/zerdab-rayon-tarix-diyarsunasliq-muzeyi.jpg\",\"contentUrl\":\"https:\/\/www.zerdab.com\/wp-content\/uploads\/2013\/01\/zerdab-rayon-tarix-diyarsunasliq-muzeyi.jpg\",\"width\":960,\"height\":726,\"caption\":\"zerdab-rayon-tarix-diyarsunasliq-muzeyi\"},{\"@type\":\"BreadcrumbList\",\"@id\":\"https:\/\/www.zerdab.com\/?p=6818#breadcrumb\",\"itemListElement\":[{\"@type\":\"ListItem\",\"position\":1,\"name\":\"Home\",\"item\":\"https:\/\/www.zerdab.com\/\"},{\"@type\":\"ListItem\",\"position\":2,\"name\":\"&#8220;Z\u0259rdab\u0131n \u0259razisi \u0259n q\u0259dim ya\u015fay\u0131\u015f m\u0259sk\u0259nl\u0259rind\u0259ndir&#8221;\"}]},{\"@type\":\"WebSite\",\"@id\":\"https:\/\/www.zerdab.com\/#website\",\"url\":\"https:\/\/www.zerdab.com\/\",\"name\":\"Z\u0259rdab.com\",\"description\":\"\",\"potentialAction\":[{\"@type\":\"SearchAction\",\"target\":{\"@type\":\"EntryPoint\",\"urlTemplate\":\"https:\/\/www.zerdab.com\/?s={search_term_string}\"},\"query-input\":{\"@type\":\"PropertyValueSpecification\",\"valueRequired\":true,\"valueName\":\"search_term_string\"}}],\"inLanguage\":\"az\"},{\"@type\":\"Person\",\"@id\":\"https:\/\/www.zerdab.com\/#\/schema\/person\/97079b7570c1e89ec0d9e138c3672136\",\"name\":\"admin\",\"image\":{\"@type\":\"ImageObject\",\"inLanguage\":\"az\",\"@id\":\"https:\/\/www.zerdab.com\/#\/schema\/person\/image\/\",\"url\":\"https:\/\/secure.gravatar.com\/avatar\/d9c52a9a27c32119cb6679a077fa3e2779e5f822c451cbf01098004361d466ec?s=96&d=mm&r=g\",\"contentUrl\":\"https:\/\/secure.gravatar.com\/avatar\/d9c52a9a27c32119cb6679a077fa3e2779e5f822c451cbf01098004361d466ec?s=96&d=mm&r=g\",\"caption\":\"admin\"},\"url\":\"https:\/\/www.zerdab.com\/?author=1\"}]}<\/script>\n<!-- \/ Yoast SEO plugin. -->","yoast_head_json":{"title":"\"Z\u0259rdab\u0131n \u0259razisi \u0259n q\u0259dim ya\u015fay\u0131\u015f m\u0259sk\u0259nl\u0259rind\u0259ndir\" - Z\u0259rdab.com","robots":{"index":"index","follow":"follow","max-snippet":"max-snippet:-1","max-image-preview":"max-image-preview:large","max-video-preview":"max-video-preview:-1"},"canonical":"https:\/\/www.zerdab.com\/?p=6818","og_locale":"az_AZ","og_type":"article","og_title":"\"Z\u0259rdab\u0131n \u0259razisi \u0259n q\u0259dim ya\u015fay\u0131\u015f m\u0259sk\u0259nl\u0259rind\u0259ndir\" - Z\u0259rdab.com","og_description":"\u0130btidai icma qurulu\u015funun Tunc d\u00f6vr\u00fc m\u0259rh\u0259l\u0259sind\u0259 insanlar\u0131n daha geni\u015f \u0259razil\u0259r\u0259 yay\u0131lmas\u0131, ya\u015fay\u0131\u015f yerl\u0259rinin \u00e7ox zaman \u00e7ay k\u0259narlar\u0131nda sal\u0131nmas\u0131 bunu dem\u0259y\u0259 \u0259sas verir ki, Z\u0259rdab \u0259razisind\u0259 insanlar tunc d\u00f6vr\u00fcnd\u0259n ba\u015flayaraq ya\u015fay\u0131blar. M\u0259lumat \u00fc\u00e7\u00fcn bildir\u0259k ki, Erk\u0259n Tunc d\u00f6vr\u00fc (e.\u0259.IV minilliyin ikinci yar\u0131s\u0131ndan ba\u015flayaraq -e.\u0259. III minilliyin sonuna q\u0259d\u0259r davam edib) Az\u0259rbaycanda K\u00fcr-Araz m\u0259d\u0259niyy\u0259ti adlan\u0131r. Ara\u015fd\u0131rmalar g\u00f6st\u0259rir [&hellip;]","og_url":"https:\/\/www.zerdab.com\/?p=6818","og_site_name":"Z\u0259rdab.com","article_published_time":"2013-01-27T17:10:13+00:00","article_modified_time":"2019-04-16T05:25:26+00:00","og_image":[{"width":960,"height":726,"url":"https:\/\/www.zerdab.com\/wp-content\/uploads\/2013\/01\/zerdab-rayon-tarix-diyarsunasliq-muzeyi.jpg","type":"image\/jpeg"}],"author":"admin","twitter_card":"summary_large_image","twitter_misc":{"Written by":"admin","Est. reading time":"3 minutes"},"schema":{"@context":"https:\/\/schema.org","@graph":[{"@type":"Article","@id":"https:\/\/www.zerdab.com\/?p=6818#article","isPartOf":{"@id":"https:\/\/www.zerdab.com\/?p=6818"},"author":{"name":"admin","@id":"https:\/\/www.zerdab.com\/#\/schema\/person\/97079b7570c1e89ec0d9e138c3672136"},"headline":"&#8220;Z\u0259rdab\u0131n \u0259razisi \u0259n q\u0259dim ya\u015fay\u0131\u015f m\u0259sk\u0259nl\u0259rind\u0259ndir&#8221;","datePublished":"2013-01-27T17:10:13+00:00","dateModified":"2019-04-16T05:25:26+00:00","mainEntityOfPage":{"@id":"https:\/\/www.zerdab.com\/?p=6818"},"wordCount":530,"commentCount":0,"image":{"@id":"https:\/\/www.zerdab.com\/?p=6818#primaryimage"},"thumbnailUrl":"https:\/\/www.zerdab.com\/wp-content\/uploads\/2013\/01\/zerdab-rayon-tarix-diyarsunasliq-muzeyi.jpg","articleSection":["Z\u018fRDABIN TAR\u0130X\u0130"],"inLanguage":"az","potentialAction":[{"@type":"CommentAction","name":"Comment","target":["https:\/\/www.zerdab.com\/?p=6818#respond"]}]},{"@type":"WebPage","@id":"https:\/\/www.zerdab.com\/?p=6818","url":"https:\/\/www.zerdab.com\/?p=6818","name":"\"Z\u0259rdab\u0131n \u0259razisi \u0259n q\u0259dim ya\u015fay\u0131\u015f m\u0259sk\u0259nl\u0259rind\u0259ndir\" - Z\u0259rdab.com","isPartOf":{"@id":"https:\/\/www.zerdab.com\/#website"},"primaryImageOfPage":{"@id":"https:\/\/www.zerdab.com\/?p=6818#primaryimage"},"image":{"@id":"https:\/\/www.zerdab.com\/?p=6818#primaryimage"},"thumbnailUrl":"https:\/\/www.zerdab.com\/wp-content\/uploads\/2013\/01\/zerdab-rayon-tarix-diyarsunasliq-muzeyi.jpg","datePublished":"2013-01-27T17:10:13+00:00","dateModified":"2019-04-16T05:25:26+00:00","author":{"@id":"https:\/\/www.zerdab.com\/#\/schema\/person\/97079b7570c1e89ec0d9e138c3672136"},"breadcrumb":{"@id":"https:\/\/www.zerdab.com\/?p=6818#breadcrumb"},"inLanguage":"az","potentialAction":[{"@type":"ReadAction","target":["https:\/\/www.zerdab.com\/?p=6818"]}]},{"@type":"ImageObject","inLanguage":"az","@id":"https:\/\/www.zerdab.com\/?p=6818#primaryimage","url":"https:\/\/www.zerdab.com\/wp-content\/uploads\/2013\/01\/zerdab-rayon-tarix-diyarsunasliq-muzeyi.jpg","contentUrl":"https:\/\/www.zerdab.com\/wp-content\/uploads\/2013\/01\/zerdab-rayon-tarix-diyarsunasliq-muzeyi.jpg","width":960,"height":726,"caption":"zerdab-rayon-tarix-diyarsunasliq-muzeyi"},{"@type":"BreadcrumbList","@id":"https:\/\/www.zerdab.com\/?p=6818#breadcrumb","itemListElement":[{"@type":"ListItem","position":1,"name":"Home","item":"https:\/\/www.zerdab.com\/"},{"@type":"ListItem","position":2,"name":"&#8220;Z\u0259rdab\u0131n \u0259razisi \u0259n q\u0259dim ya\u015fay\u0131\u015f m\u0259sk\u0259nl\u0259rind\u0259ndir&#8221;"}]},{"@type":"WebSite","@id":"https:\/\/www.zerdab.com\/#website","url":"https:\/\/www.zerdab.com\/","name":"Z\u0259rdab.com","description":"","potentialAction":[{"@type":"SearchAction","target":{"@type":"EntryPoint","urlTemplate":"https:\/\/www.zerdab.com\/?s={search_term_string}"},"query-input":{"@type":"PropertyValueSpecification","valueRequired":true,"valueName":"search_term_string"}}],"inLanguage":"az"},{"@type":"Person","@id":"https:\/\/www.zerdab.com\/#\/schema\/person\/97079b7570c1e89ec0d9e138c3672136","name":"admin","image":{"@type":"ImageObject","inLanguage":"az","@id":"https:\/\/www.zerdab.com\/#\/schema\/person\/image\/","url":"https:\/\/secure.gravatar.com\/avatar\/d9c52a9a27c32119cb6679a077fa3e2779e5f822c451cbf01098004361d466ec?s=96&d=mm&r=g","contentUrl":"https:\/\/secure.gravatar.com\/avatar\/d9c52a9a27c32119cb6679a077fa3e2779e5f822c451cbf01098004361d466ec?s=96&d=mm&r=g","caption":"admin"},"url":"https:\/\/www.zerdab.com\/?author=1"}]}},"_links":{"self":[{"href":"https:\/\/www.zerdab.com\/index.php?rest_route=\/wp\/v2\/posts\/6818","targetHints":{"allow":["GET"]}}],"collection":[{"href":"https:\/\/www.zerdab.com\/index.php?rest_route=\/wp\/v2\/posts"}],"about":[{"href":"https:\/\/www.zerdab.com\/index.php?rest_route=\/wp\/v2\/types\/post"}],"author":[{"embeddable":true,"href":"https:\/\/www.zerdab.com\/index.php?rest_route=\/wp\/v2\/users\/1"}],"replies":[{"embeddable":true,"href":"https:\/\/www.zerdab.com\/index.php?rest_route=%2Fwp%2Fv2%2Fcomments&post=6818"}],"version-history":[{"count":4,"href":"https:\/\/www.zerdab.com\/index.php?rest_route=\/wp\/v2\/posts\/6818\/revisions"}],"predecessor-version":[{"id":26766,"href":"https:\/\/www.zerdab.com\/index.php?rest_route=\/wp\/v2\/posts\/6818\/revisions\/26766"}],"wp:featuredmedia":[{"embeddable":true,"href":"https:\/\/www.zerdab.com\/index.php?rest_route=\/wp\/v2\/media\/26764"}],"wp:attachment":[{"href":"https:\/\/www.zerdab.com\/index.php?rest_route=%2Fwp%2Fv2%2Fmedia&parent=6818"}],"wp:term":[{"taxonomy":"category","embeddable":true,"href":"https:\/\/www.zerdab.com\/index.php?rest_route=%2Fwp%2Fv2%2Fcategories&post=6818"},{"taxonomy":"post_tag","embeddable":true,"href":"https:\/\/www.zerdab.com\/index.php?rest_route=%2Fwp%2Fv2%2Ftags&post=6818"}],"curies":[{"name":"wp","href":"https:\/\/api.w.org\/{rel}","templated":true}]}}