{"id":6828,"date":"2013-01-28T22:21:10","date_gmt":"2013-01-28T18:21:10","guid":{"rendered":"http:\/\/www.zerdab.com\/?p=6828"},"modified":"2023-10-10T19:30:52","modified_gmt":"2023-10-10T15:30:52","slug":"z%c9%99rdabin-xanm%c9%99mm%c9%99dli-k%c9%99ndind%c9%99n-baslayan-q%c9%99hr%c9%99man-omru","status":"publish","type":"post","link":"https:\/\/www.zerdab.com\/?p=6828","title":{"rendered":"Z\u0259rdab\u0131n Xanm\u0259mm\u0259dli k\u0259ndind\u0259n ba\u015flayan q\u0259hr\u0259man \u00f6mr\u00fc"},"content":{"rendered":"<p><strong>\u018fmiral\u0131 \u018fmir\u0259liyev&#8230; B\u0259lk\u0259 d\u0259 g\u0259ncl\u0259rimizin \u00e7ox onu tan\u0131m\u0131r, ancaq biz www.zerdab.com sayt\u0131 olaraq hesab edirik ki, h\u0259r birimiz onu tan\u0131mal\u0131y\u0131q v\u0259 ke\u00e7diyi \u015f\u0259r\u0259fli \u00f6m\u00fcr yolundan n\u00fcmun\u0259 g\u00f6t\u00fcrm\u0259liyik. \u018fn az\u0131 ona g\u00f6r\u0259 ki, Qaraba\u011f m\u00fcharib\u0259si h\u0259l\u0259 bitm\u0259yib v\u0259 bir g\u00fcn onun t\u0259cr\u00fcb\u0259si bizim \u00fc\u00e7\u00fcn d\u0259 laz\u0131m ola bil\u0259r. \u018fmiral\u0131 \u018fmir\u0259liyev 1923-c\u00fc il mart ay\u0131n\u0131n 5-d\u0259 Z\u0259rdab rayonunun Xanm\u0259mm\u0259dli k\u0259ndind\u0259 d\u00fcnyaya g\u00f6z a\u00e7\u0131b.<\/strong> Orta m\u0259kt\u0259bi 1942-ci ild\u0259 bitirib. Art\u0131q II D\u00fcnya m\u00fcharib\u0259si geni\u015f v\u00fcs\u0259t alm\u0131\u015f, SSR\u0130 d\u0259 bu sava\u015fa c\u0259lb olunmu\u015fdu. Onu da c\u0259bh\u0259y\u0259 \u00e7a\u011f\u0131rd\u0131lar. Adi, sad\u0259 k\u0259nd u\u015fa\u011f\u0131 olsa da diriba\u015f v\u0259 g\u00f6z\u00fca\u00e7\u0131q \u018fmiral\u0131 \u018fmir\u0259liyev o zaman yeni t\u0259\u015fkil olunan 416-c\u0131 milli diviziyan\u0131n pulemyot\u00e7u rotas\u0131nda ni\u015fan\u00e7\u0131 v\u0259zif\u0259sind\u0259 \u00f6z\u00fcn\u00fc tezlikl\u0259 do\u011frulda bilir. \u0130lk \u00e7\u0259tin d\u00f6y\u00fc\u015f ona u\u011fur g\u0259tirir, &#8220;\u0130gidliy\u0259 g\u00f6r\u0259&#8221; medal\u0131 il\u0259 t\u0259ltif olunur. Sonra sin\u0259sini bir-birind\u0259n f\u0259rqli \u00e7oxlu sayda orden v\u0259 medal b\u0259z\u0259yir. D\u0259f\u0259l\u0259rl\u0259 yaralan\u0131r, h\u0259rbi hospitallarda m\u00fcalic\u0259 olunub yenid\u0259n c\u0259bh\u0259y\u0259 yollan\u0131r, d\u00f6y\u00fc\u015f meydan\u0131na at\u0131l\u0131r. Sonuncu d\u0259f\u0259 ald\u0131\u011f\u0131 yara daha ciddi olur. Bu d\u0259f\u0259 h\u0259kiml\u0259r ona c\u0259bh\u0259y\u0259 getm\u0259yi qada\u011fan edir, bel\u0259c\u0259, ordudan t\u0259rxis edilib arxa c\u0259bh\u0259y\u0259 g\u00f6nd\u0259rilir.<\/p>\n<p>Do\u011fma k\u0259ndin\u0259 qay\u0131dan \u018fmiral\u0131 m\u00fc\u0259llim bundan sonrak\u0131 f\u0259aliyy\u0259tini pedaqoji sah\u0259y\u0259 ba\u011flay\u0131r. \u018fvv\u0259l G\u00f6y\u00e7ay Pedaqoji Texnikumunu bitirir, sonra Az\u0259rbaycan D\u00f6vl\u0259t Pedaqoji \u0130nstitutunun tarix fak\u00fclt\u0259sind\u0259 t\u0259hsil al\u0131r. \u00d6z\u00fcnd\u0259n b\u00f6y\u00fck iki qarda\u015f\u0131 c\u0259bh\u0259d\u0259 vuru\u015fdu\u011fu \u00fc\u00e7\u00fcn ail\u0259nin a\u011f\u0131rl\u0131\u011f\u0131 onun \u00fcz\u0259rin\u0259 d\u00fc\u015f\u00fcr. Odur ki, i\u015fl\u0259y\u0259-i\u015fl\u0259y\u0259 qiyabi \u015f\u00f6b\u0259d\u0259 t\u0259hsilini m\u00fcv\u0259ff\u0259qiyy\u0259tl\u0259 ba\u015fa vurur. \u00d6mr\u00fcn\u00fcn 70 ilini pedaqoji f\u0259aliyy\u0259t\u0259 h\u0259sr ed\u0259n \u018fmiral\u0131 m\u00fc\u0259llim adi m\u00fc\u0259llimlikd\u0259n m\u0259kt\u0259b direktorlu\u011funa, rayon xalq maarif \u015f\u00f6b\u0259sind\u0259 metodkabinetin m\u00fcdiri v\u0259zif\u0259sin\u0259d\u0259k y\u00fcks\u0259lir. Lakin onun f\u0259aliyy\u0259ti pedaqoji sah\u0259 il\u0259 m\u0259hdudla\u015fm\u0131r, ictimai-siyasi sah\u0259d\u0259 \u00f6z\u00fcn\u00fc s\u0131na\u011fa \u00e7\u0259k\u0259n \u018fmiral\u0131 m\u00fc\u0259llim Z\u0259rdab rayon Xalq Deputatlar\u0131 Soveti \u0130craiyy\u0259 Komit\u0259sinin s\u0259dri v\u0259zif\u0259sin\u0259 ir\u0259li \u00e7\u0259kilir.<\/p>\n<p>&nbsp;<\/p>\n<p>H\u0259min d\u00f6vrd\u0259 rayonlar\u0131n inzibati \u0259razi b\u00f6lg\u00fcs\u00fc zaman\u0131 Z\u0259rdab rayonu Ucar rayonu il\u0259 birl\u0259\u015fdirilmi\u015fdi. 1965-ci ild\u0259 m\u0259hz \u018fmiral\u0131 m\u00fc\u0259llimin t\u0259\u015f\u0259bb\u00fcs\u00fc v\u0259 f\u0259aliyy\u0259ti n\u0259tic\u0259sind\u0259 Z\u0259rdab\u0131n \u0259vv\u0259lki \u0259razi b\u00f6lg\u00fc v\u0259ziyy\u0259ti b\u0259rpa edilir, rayonda b\u00f6y\u00fck abadl\u0131q, quruculuq i\u015fl\u0259rin\u0259 ba\u015flan\u0131l\u0131r. Xalq maarifinin maddi-texniki t\u0259chizat\u0131n\u0131n yax\u015f\u0131la\u015fd\u0131r\u0131lmas\u0131, onun inki\u015faf\u0131 istiqam\u0259tind\u0259 g\u00f6r\u00fcl\u0259n i\u015fl\u0259r tezlikl\u0259 \u00f6z b\u0259hr\u0259sini verir. Rayonun b\u00fct\u00fcn k\u0259ndl\u0259rind\u0259 m\u0259kt\u0259bl\u0259r tikilir, yard\u0131m\u00e7\u0131 sinif otaqlar\u0131, u\u015faq ba\u011f\u00e7alar\u0131, m\u0259d\u0259niyy\u0259t evl\u0259rinin tikintisin\u0259 ba\u015flan\u0131l\u0131r. \u0130btidai m\u0259kt\u0259bl\u0259r s\u0259kkizillik, s\u0259kkizillik m\u0259kt\u0259bl\u0259r orta m\u0259kt\u0259b sistemin\u0259 \u00e7evrilir. \u018fmiral\u0131 m\u00fc\u0259llimin f\u0259aliyy\u0259ti rayon v\u0259 respublika s\u0259viyy\u0259sind\u0259 n\u00fcmun\u0259 g\u00f6st\u0259rilir. Lakin h\u0259r \u015fey g\u00f6r\u00fcnd\u00fcy\u00fc kimi \u00e7ox da rahat getmirdi. T\u0259bi\u0259tc\u0259 m\u00fclayim, sakit adam olsa da, \u018fmiral\u0131 m\u00fc\u0259llim ozamank\u0131 partiya r\u0259hb\u0259rliyinin inzibati amirlik metoduna qar\u015f\u0131 \u00e7\u0131x\u0131r, haqq-\u0259dal\u0259t u\u011frunda m\u00fcbariz\u0259 apar\u0131rd\u0131. Bu is\u0259 yuxar\u0131lar\u0131n xo\u015funa g\u0259lmirdi. B\u00fct\u00fcn bunlara g\u00f6r\u0259 ona \u0259ziyy\u0259t verir, \u00e7\u0259tinliy\u0259 sal\u0131r, m\u00f6vqeyind\u0259n \u00e7\u0259kindirm\u0259y\u0259 \u00e7al\u0131\u015f\u0131rd\u0131lar. O is\u0259 \u0259qid\u0259sind\u0259n, tutdu\u011fu yoldan d\u00f6nm\u00fcrd\u00fc\u2026<\/p>\n<p>\u018fmiral\u0131 m\u00fc\u0259llimin h\u0259yat\u0131n\u0131n Bak\u0131 d\u00f6vr\u00fc d\u0259 yaddaqalan, maraql\u0131 v\u0259 \u0259h\u0259miyy\u0259tlidir. 1985-ci ild\u0259 Az\u0259rbaycan Respublikas\u0131 Ali Sovetinin t\u0259qdimat\u0131 \u0259sas\u0131nda Bak\u0131ya g\u0259lir, Pe\u015f\u0259 T\u0259hsili Komit\u0259sind\u0259 t\u0259dris-metodika kabinetind\u0259 ictimai f\u0259nl\u0259r b\u00f6lm\u0259sin\u0259 r\u0259hb\u0259rlik edir, ictimai f\u0259nn m\u00fc\u0259lliml\u0259rinin ixtisas\u0131n\u0131n art\u0131r\u0131lmas\u0131, t\u0259kmill\u0259\u015fdirilm\u0259si v\u0259 yenid\u0259n haz\u0131rlanmas\u0131 sah\u0259sind\u0259 f\u0259aliyy\u0259t g\u00f6st\u0259rir. T\u0259dris m\u00fc\u0259ssis\u0259l\u0259rinin yenid\u0259n qurulmas\u0131 m\u0259qs\u0259dil\u0259 h\u0259yata ke\u00e7iril\u0259n d\u00f6vl\u0259t t\u0259dbirl\u0259rind\u0259 \u018fmiral\u0131 m\u00fc\u0259llimin bir m\u00fct\u0259x\u0259ssis kimi t\u0259cr\u00fcb\u0259si n\u0259z\u0259r\u0259 al\u0131n\u0131r, bir \u00e7ox m\u00fch\u00fcm m\u0259s\u0259l\u0259l\u0259rin h\u0259lli ona etibar edilirdi. Onun xalq t\u0259hsili sah\u0259sind\u0259ki \u0259m\u0259yi d\u0259 y\u00fcks\u0259k qiym\u0259tl\u0259ndirilib. &#8220;Qabaqc\u0131l maarif xadimi&#8221; d\u00f6\u015f ni\u015fan\u0131, &#8220;R\u0259\u015fad\u0259tli \u0259m\u0259y\u0259 g\u00f6r\u0259&#8221; medal\u0131 bu g\u00fcn d\u0259 sin\u0259sind\u0259 f\u0259xrl\u0259 g\u0259zdirdiyi orden v\u0259 medallar s\u0131ras\u0131nda \u00f6z\u00fcn\u0259 yer al\u0131b.<\/p>\n<p>\u00d6mr\u00fcn\u00fcn ah\u0131l \u00e7a\u011flar\u0131n\u0131 ya\u015fayan \u018fmiral\u0131 m\u00fc\u0259llim yorulmaq n\u0259 oldu\u011funubilmir, g\u0259ncl\u0259rimizin h\u0259rbi-v\u0259t\u0259np\u0259rv\u0259rlik ruhunda t\u0259rbiy\u0259 olunmas\u0131 istiqam\u0259tind\u0259 \u00e7al\u0131\u015f\u0131r. H\u0259yat\u0131n h\u0259r \u00fcz\u00fcn\u00fc g\u00f6r\u0259n h\u00f6rm\u0259tli h\u0259myerlimiz deyir: &#8220;H\u0259yatda \u00e7ox \u015feyi g\u00f6r\u00fcb g\u00f6t\u00fcrm\u00fc\u015f\u00fck. M\u00fcharib\u0259 d\u0259 g\u00f6rm\u00fc\u015f\u00fck, iqtisadi \u00e7\u0259tinlik d\u0259. Az\u0259rbaycan\u0131n SSR\u0130-nin t\u0259rkibind\u0259 oldu\u011fu ill\u0259ri d\u0259 ya\u015fam\u0131\u015f\u0131q, m\u00fcst\u0259qilliyimizin d\u0259, yeni inki\u015faf\u0131m\u0131z\u0131n da, ordu quruculu\u011funun da canl\u0131 \u015fahidl\u0259riyik. \u0130ndi ya\u015f\u0131m\u0131z\u0131n el\u0259 vaxt\u0131d\u0131r ki, biz yaln\u0131z u\u015faqlara, g\u0259ncl\u0259r\u0259 h\u0259yat t\u0259cr\u00fcb\u0259mizi \u00f6yr\u0259tm\u0259liyik. El\u0259 etm\u0259liyik ki, h\u0259r bir az\u0259rbaycanl\u0131 g\u0259nc h\u0259yatda \u00f6z\u00fcn\u0259 yol se\u00e7\u0259nd\u0259, ilk n\u00f6vb\u0259d\u0259 \u0259razi b\u00fct\u00f6vl\u00fcy\u00fcm\u00fcz\u00fc, d\u00f6vl\u0259timizin g\u00fccl\u0259nm\u0259sini d\u00fc\u015f\u00fcns\u00fcn. Bunu biz etm\u0259liyik, ilk n\u00f6vb\u0259d\u0259 ya\u015fl\u0131 n\u0259sil, m\u00fcharib\u0259 veteranlar\u0131 etm\u0259lidirl\u0259r&#8221;.<\/p>\n<p>Yeniyetm\u0259 v\u0259 g\u0259ncl\u0259r aras\u0131nda v\u0259t\u0259np\u0259rv\u0259rlik t\u0259rbiy\u0259sinin d\u00fczg\u00fcn v\u0259 y\u00fcks\u0259k s\u0259viyy\u0259d\u0259 apar\u0131lmas\u0131 onun \u0259n b\u00f6y\u00fck amal\u0131d\u0131r. Deyir ki, m\u0259kt\u0259blil\u0259rin Qaraba\u011f m\u00fcharib\u0259si haqq\u0131nda m\u0259lumatlar\u0131 s\u0259thidir. Onlar i\u015f\u011fal olunmu\u015f rayonlar\u0131m\u0131z\u0131n adlar\u0131n\u0131 he\u00e7 d\u00fcz-\u0259m\u0259lli saya bilmir, Milli q\u0259hr\u0259manlar\u0131m\u0131z\u0131 yax\u015f\u0131 tan\u0131m\u0131rlar. Bu i\u015fd\u0259 biz b\u00f6y\u00fckl\u0259r daha \u00e7ox g\u00fcnahkar\u0131q: &#8220;T\u0259qsir biz b\u00f6y\u00fckl\u0259rd\u0259dir. II D\u00fcnya m\u00fcharib\u0259sind\u0259 apar\u0131lan t\u0259bli\u011fat\u0131 biz yax\u015f\u0131 xat\u0131rlay\u0131r\u0131q. Yeniyetm\u0259l\u0259r d\u00f6y\u00fc\u015f\u0259 can at\u0131rd\u0131lar. T\u0259bli\u011fat\u0131m\u0131z\u0131 el\u0259 qurmal\u0131y\u0131q ki, \u00f6vladlar\u0131m\u0131z bel\u0259 t\u0259rbiy\u0259 als\u0131nlar. D\u00f6y\u00fc\u015fd\u0259 od sa\u00e7an silahalardan daha g\u00fccl\u00fc v\u0259 k\u0259s\u0259rli inamd\u0131r, t\u0259p\u0259rdir, intiqam hissidir. Az-az t\u0259hsil m\u00fc\u0259ssis\u0259si var ki, \u00f6zl\u0259ri z\u0259ng vurub, bizi \u015fagirdl\u0259rl\u0259 g\u00f6r\u00fc\u015f\u0259 d\u0259v\u0259t edirl\u0259r. Bu, ham\u0131l\u0131qla olmal\u0131, m\u00fcnt\u0259z\u0259m xarakter da\u015f\u0131mal\u0131d\u0131r&#8221;.<\/p>\n<p>\u018fmiral\u0131 m\u00fc\u0259llimin \u0259n b\u00f6y\u00fck arzusu Qaraba\u011f m\u00fcharib\u0259sinin q\u0259l\u0259b\u0259 g\u00fcn\u00fcn\u00fc g\u00f6rm\u0259kdir: &#8220;O g\u00fcn bizim \u00fc\u00e7\u00fcn daha m\u00fcq\u0259dd\u0259s olacaqd\u0131r. Bu q\u0259l\u0259b\u0259ni yax\u0131nla\u015fd\u0131rmaq \u00fc\u00e7\u00fcn h\u0259r k\u0259s \u0259lind\u0259n g\u0259l\u0259ni etm\u0259lidir. Yeni n\u0259slin v\u0259t\u0259np\u0259rv\u0259rlik t\u0259rbiy\u0259sinin g\u00fccl\u0259ndirilm\u0259sind\u0259 bizim g\u00fcc\u00fcm\u00fczd\u0259n, bacar\u0131\u011f\u0131m\u0131zdan, t\u0259cr\u00fcb\u0259mizd\u0259n kifay\u0259t q\u0259d\u0259r istifad\u0259 olunmal\u0131d\u0131r. Biz bunu ist\u0259yirik&#8221;.<\/p>\n<p>O, m\u00fcharib\u0259nin b\u00fct\u00fcn a\u011fr\u0131-ac\u0131lar\u0131n\u0131 \u00f6z\u00fcnd\u0259 ya\u015fatm\u0131\u015f bir insan kimi t\u0259kc\u0259 \u00f6z xalq\u0131na deyil, b\u00fct\u00fcn xalqlara s\u00fclh, \u0259min-amanl\u0131q ist\u0259yir \u018fmiral\u0131 m\u00fc\u0259llim. Harada olur-olsun, xalq\u0131m\u0131n d\u00fc\u00e7ar oldu\u011fu b\u0259lalardan s\u00f6z a\u00e7\u0131r, onun haqq i\u015fini d\u00fcnyaya \u00e7atd\u0131rmaq ist\u0259yir bu d\u00fcnyag\u00f6rm\u00fc\u015f. AB\u015e-\u0131n prezidenti Barak Obamaya se\u00e7kil\u0259rd\u0259n sonra \u00fcnvanlad\u0131\u011f\u0131 m\u0259ktubda da h\u0259min fikirl\u0259ri ifad\u0259 ed\u0259r\u0259k yaz\u0131r: &#8220;M\u0259n m\u00fcharib\u0259nin n\u0259 oldu\u011funu yax\u015f\u0131 bil\u0259n ke\u00e7mi\u015f d\u00f6y\u00fc\u015f\u00e7\u00fc kimi ist\u0259rdim ki, irqind\u0259n, dini \u0259qid\u0259sind\u0259n as\u0131l\u0131 olmayaraq b\u00fct\u00fcn insanlar\u0131n, xalqlar\u0131n s\u00fclh \u015f\u0259raitind\u0259 ya\u015famas\u0131, Az\u0259rbaycan xalq\u0131n\u0131n 20 ild\u0259n b\u0259ri c\u0259lb olundu\u011fu Qaraba\u011f m\u00fcharib\u0259sinin \u0259dal\u0259tl\u0259 h\u0259ll olunmas\u0131 namin\u0259 k\u00f6m\u0259yinizi \u0259sirg\u0259m\u0259ysiniz&#8221;\u2026<\/p>\n<p>II D\u00fcnya m\u00fcharib\u0259sind\u0259 416-c\u0131 Az\u0259rbaycan diviziyas\u0131 \u0259n \u00e7ox Rusiyan\u0131n Taqanroq \u015f\u0259h\u0259rinin alman-fa\u015fist i\u015f\u011fal\u0131ndan azad edilm\u0259sind\u0259ki u\u011furlar\u0131 il\u0259 tarixin yadda\u015f\u0131nda \u00f6z\u00fcn\u0259 yer al\u0131b. El\u0259 Taqanroq da \u00f6z xilaskarlar\u0131n\u0131 unutmur. Bel\u0259 ki, Taqanroqda soyda\u015flar\u0131m\u0131z\u0131n xatir\u0259sin\u0259 \u0259z\u0259m\u0259tli xatir\u0259 kompleksi ucald\u0131lm\u0131\u015f, diviziyan\u0131n d\u00f6y\u00fc\u015f \u015f\u00f6hr\u0259ti muzeyi yarad\u0131lm\u0131\u015fd\u0131.<\/p>\n<p>Taqanroq \u015f\u0259h\u0259rinin alman-fa\u015fist i\u015f\u011fal\u0131ndan azad edilm\u0259sinin bar\u0259d\u0259 deyir: &#8220;416-c\u0131 Az\u0259rbaycan diviziyas\u0131 Mozdokdan Berlin\u0259 kimi d\u00fc\u015fm\u0259n\u0259 qar\u015f\u0131 r\u0259\u015fad\u0259tl\u0259 d\u00f6y\u00fc\u015f\u00fcb. Taqanroqun azad edilm\u0259sinin 60 illiyi t\u0259dbirind\u0259 m\u0259n d\u0259 i\u015ftirak etmi\u015f\u0259m. M\u0259n\u0259 bel\u0259 g\u0259lir ki, bu c\u00fcr g\u00f6r\u00fc\u015fl\u0259r t\u0259kc\u0259 Taqanroqda deyil, diviziyan\u0131n azad etdiyi b\u00fct\u00fcn \u015f\u0259h\u0259rl\u0259rd\u0259 ke\u00e7irilm\u0259lidir. Bununla da biz, eyni zamanda h\u0259min \u015f\u0259h\u0259rl\u0259rd\u0259 ya\u015fayan Az\u0259rbaycan diasporunun canlanmas\u0131na k\u00f6m\u0259k etmi\u015f olar\u0131q&#8221;.<\/p>\n<p>&#8220;\u0130ll\u0259r \u0259limizd\u0259n \u00e7ox \u015fey al\u0131b, s\u0131ram\u0131z seyr\u0259lir. D\u00fcnyada h\u0259r \u015fey qocal\u0131r, bizim kimi. T\u0259kc\u0259 m\u0259h\u0259bb\u0259td\u0259n ba\u015fqa\u2026&#8221; El\u0259 \u018fmiral\u0131 m\u00fc\u0259llimi ya\u015fadan, g\u0259nclik h\u0259v\u0259sil\u0259 i\u015fl\u0259d\u0259n d\u0259 m\u0259h\u0259bb\u0259tdir, v\u0259t\u0259n\u0259, xalqa, el\u0259-obaya m\u0259h\u0259bb\u0259t!..<\/p>\n<p>Xat\u0131rlatma \u00fc\u00e7\u00fcn dey\u0259k ki, II D\u00fcnya m\u00fcharib\u0259sind\u0259 d\u00f6y\u00fc\u015fl\u0259rd\u0259 f\u0259rql\u0259ndiyin\u0259 v\u0259 Taqanroq \u015f\u0259h\u0259rinin azad olunmas\u0131na g\u00f6r\u0259 416-c\u0131 diviziyaya f\u0259xri Taqanroq diviziyas\u0131 ad\u0131 verilib. 416-c\u0131 Taqanroq diviziyas\u0131 \u00f6z d\u00f6y\u00fc\u015f yolunu 1942-ci ilin noyabr\u0131nda Mozdok \u0259traf\u0131nda d\u00f6y\u00fc\u015fl\u0259rd\u0259n ba\u015flam\u0131\u015f, \u015eimali Qafqaz\u0131, Rostov vilay\u0259tini, Taqanroq \u015f\u0259h\u0259rini fa\u015fistl\u0259rd\u0259n azad etdikd\u0259n sonra d\u00fc\u015fm\u0259nin &#8220;Nikopol&#8221; qrupla\u015fmas\u0131n\u0131n m\u0259hv edilm\u0259sind\u0259, Nikolayev, Odessa, Ki\u015finyov v\u0259 Pol\u015fan\u0131n paytaxt\u0131 Var\u015favan\u0131n azad edilm\u0259sind\u0259 i\u015ftirak etmi\u015fdi. D\u00f6y\u00fc\u015f yolunu fa\u015fizmin paytaxt\u0131 Berlind\u0259, Brandenburq darvazas\u0131 \u00f6n\u00fcnd\u0259 ba\u015fa \u00e7atd\u0131rm\u0131\u015fd\u0131.<\/p>\n<p>Q\u0131rm\u0131z\u0131 Bayraql\u0131, Suvorov ordenli 416-c\u0131 Az\u0259rbaycan-Taqanroq diviziyas\u0131n\u0131n ke\u00e7mi\u015f \u0259sg\u0259ri, d\u00f6y\u00fc\u015fd\u0259 g\u00f6st\u0259rdiyi \u015f\u00fcca\u0259tl\u0259r\u0259 g\u00f6r\u0259 bir ne\u00e7\u0259 d\u0259f\u0259 orden v\u0259 medallara layiq g\u00f6r\u00fclm\u00fc\u015f \u018fmiral\u0131 \u018fmir\u0259liyevin m\u00fcharib\u0259 il\u0259 ba\u011fl\u0131 xatir\u0259l\u0259rini oldu\u011fu kimi t\u0259qdim edirik: &#8220;O zaman m\u0259n orta m\u0259kt\u0259bd\u0259 10-cu sinifd\u0259 oxuyurdum. M\u00fcharib\u0259 x\u0259b\u0259rini e\u015fid\u0259nd\u0259, b\u00fct\u00fcn sinif yolda\u015flar\u0131m\u0131zla birlikd\u0259 k\u00f6n\u00fcll\u00fc m\u00fcharib\u0259y\u0259 getm\u0259k \u00fc\u00e7\u00fcn h\u0259rbi komissarl\u0131\u011fa m\u00fcraci\u0259t etdik. H\u0259l\u0259 d\u0259 orta m\u0259kt\u0259bd\u0259 oxudu\u011fumuza g\u00f6r\u0259 \u0259sg\u0259rliy\u0259 getm\u0259yimiz\u0259 icaz\u0259 yox idi. Lakin 1942-ci ilin mart\u0131nda biz n\u00f6vb\u0259d\u0259nk\u0259nar imtahan verdik v\u0259 d\u00f6y\u00fc\u015f\u0259 yolland\u0131q. M\u0259n 1942-ci ild\u0259 mart\u0131n 8-d\u0259 416-c\u0131 milli diviziyan\u0131n t\u0259rkibind\u0259 c\u0259bh\u0259y\u0259 g\u00f6nd\u0259rildim. H\u0259min vaxt fa\u015fist ordusu \u015eimali Qafqaza q\u0259d\u0259r ir\u0259lil\u0259mi\u015fdi. M\u0259nim d\u00f6y\u00fc\u015fd\u00fcy\u00fcm 416-c\u0131 diviziyan\u0131n m\u0259rk\u0259zi Ucar rayonunda idi. \u018ftraf rayonlardan \u00e7a\u011f\u0131r\u0131\u015f\u00e7\u0131lar orada toplan\u0131rd\u0131. 1942-ci ilin fevral-mart aylar\u0131nda diviziya formala\u015fd\u0131qdan sonra biz \u00fc\u00e7 ayl\u0131q t\u0259lim\u0259 g\u00f6nd\u0259rildik. \u0130yun ay\u0131lnda is\u0259 \u015eimali Qafqaz\u0131n m\u00fcdafi\u0259sin\u0259 g\u00f6nd\u0259rildik. Noyabr ay\u0131n\u0131n 30-da biz Mozdok \u0259traf\u0131nda almanlarla ilk d\u00f6y\u00fc\u015f\u00fcm\u00fcz\u0259 ba\u015flad\u0131q. D\u00f6y\u00fc\u015f\u00fcm\u00fcz u\u011furlu oldu v\u0259 bel\u0259likl\u0259, 416-c\u0131 Taqanroq diviziyas\u0131n\u0131n \u015f\u0259r\u0259fli d\u00f6y\u00fc\u015f yolu ba\u015fland\u0131. M\u00fcharib\u0259y\u0259 ged\u0259n zaman m\u0259nim v\u0259 \u0259sg\u0259r yolda\u015flar\u0131m\u0131n \u0259ks\u0259riyy\u0259tinin 18 ya\u015f\u0131 var idi. Ancaq n\u0259 q\u0259d\u0259r q\u0259rib\u0259 olsa da bizd\u0259 o zaman qorxu hissi yox idi. Qorxunun n\u0259 oldu\u011funu bilmirdik. H\u0259min vaxtlar h\u0259rbi-v\u0259t\u0259np\u0259rv\u0259rlik t\u0259rbiy\u0259si \u00e7ox y\u00fcks\u0259k idi. D\u00f6vl\u0259t\u0259 b\u00f6y\u00fck inam var idi. Biz qorxu hiss el\u0259mirdik. Ona g\u00f6r\u0259 hiss el\u0259m\u0259dik ki, \u0259n \u00e7\u0259tin zamanlarda &#8220;Za rodinu&#8221; \u0259mri verilirdis\u0259, biz \u0259lb\u0259yaxa &#8211; s\u00fcng\u00fc d\u00f6y\u00fc\u015f\u00fcn\u0259 gedirdik. V\u0259t\u0259n sevgisi h\u0259r bir hissiyata qalib g\u0259lirdi. G\u00f6z\u00fcm\u00fcz\u00fcn \u00f6n\u00fcnd\u0259 yaln\u0131z v\u0259t\u0259nin i\u015f\u011faldan azad olunmas\u0131 dururdu. Bel\u0259 bir d\u00f6y\u00fc\u015f\u0259 ged\u0259n insanlar \u00f6l\u00fcmd\u0259n qorxmurlar. M\u00fcharib\u0259 ill\u0259rind\u0259 c\u0259nub c\u0259bh\u0259sinin m\u00fcdafi\u0259si Az\u0259rbaycan Kommunist Partiyas\u0131n\u0131n M\u0259rk\u0259zi Komit\u0259sin\u0259 tap\u015f\u0131r\u0131lm\u0131\u015fd\u0131. Ona g\u00f6r\u0259 d\u0259 Az\u0259rbaycanda milli diviziyalar formala\u015fd\u0131r\u0131l\u0131rd\u0131. M\u0259nim i\u015ftirak etdiyim ilk d\u00f6y\u00fc\u015f 1942-ci ilin q\u0131\u015f\u0131nda Mozdok \u0259traf\u0131nda oldu. Almanlar canl\u0131 q\u00fcvv\u0259nin say\u0131na v\u0259 h\u0259rbi texnikaya g\u00f6r\u0259 bizd\u0259n \u00fcst\u00fcn idil\u0259r. Bizim diviziyan\u0131n \u0259sg\u0259rl\u0259rinin \u0259ks\u0259riyy\u0259ti yeniyetm\u0259 oldu\u011funa g\u00f6r\u0259, almanlar bizim \u0259sg\u0259rl\u0259rd\u0259n fiziki bax\u0131mdan da g\u00fccl\u00fc idil\u0259r. M\u0259n pulemyot\u00e7u idim. Yolda\u015flar\u0131m g\u00f6z\u00fcm\u00fcn \u00f6n\u00fcnd\u0259 h\u0259lak olurdular. Yaral\u0131lara yard\u0131m g\u00f6st\u0259rm\u0259y\u0259 sanitarlar yeti\u015f\u0259 bilmirdil\u0259r, \u00e7atd\u0131ra bilmirdil\u0259r. Lakin biz davam g\u0259tirdik v\u0259 alman ordusu geri \u00e7\u0259kilm\u0259y\u0259 m\u0259cbur oldu. Bildiyiniz kimi, 416-c\u0131 diviziyan\u0131n d\u00f6y\u00fc\u015f yolu Mozdokdan Berlin\u0259 q\u0259d\u0259r olub. Bu diviziya ilk ill\u0259rd\u0259 q\u0259hr\u0259manl\u0131q g\u00f6st\u0259rdiyin\u0259 g\u00f6r\u0259, fa\u015fist ordusu onun qar\u015f\u0131s\u0131nda tab g\u0259tirm\u0259di. Bizim diviziya 1942-ci ilin q\u0131\u015f aylar\u0131nda \u015eimali Qafqaz\u0131 azad el\u0259di. 1943-c\u00fc ilin yaz-yay aylar\u0131nda Gerqovskaya, Zolotoryov v\u0259 Sovetskaya stansiyalar\u0131n\u0131 azad etdi. 1943-c\u00fc ilin avqust ay\u0131nda biz Taqanroq \u015f\u0259h\u0259rini d\u0259 azad etdik. Bu m\u00fcnasib\u0259tl\u0259 SSR Ali Sovetinin q\u0259rar\u0131 il\u0259 bizim diviziyaya Taqanroq \u015f\u0259h\u0259rinin ad\u0131 verildi. \u00dcmumilikd\u0259 m\u00fcharib\u0259 d\u00f6vr\u00fcnd\u0259 bizim diviziya 12 d\u0259f\u0259 ali ba\u015f komandanl\u0131qdan t\u0259\u015f\u0259kk\u00fcr al\u0131b. M\u00fcharib\u0259nin m\u00fcxt\u0259lif talel\u0259ri olur. \u0130nsan var ki, \u00fc\u00e7-d\u00f6rd il d\u00f6y\u00fc\u015fl\u0259rd\u0259 olur, ancaq ona he\u00e7 n\u0259 olmur. Ancaq el\u0259 insanlar var ki, el\u0259 ilk d\u00f6y\u00fc\u015fd\u0259 h\u0259lak olur. O zaman diviziya ir\u0259lil\u0259yirdi. Yaral\u0131lar\u0131n b\u0259zil\u0259ri sanitara rast g\u0259lirdil\u0259r, b\u0259zil\u0259ri is\u0259 yaral\u0131 v\u0259ziyy\u0259td\u0259 \u00e7\u00f6l\u00fcn d\u00fcz\u00fcnd\u0259 qal\u0131r v\u0259 h\u0259lak olurdular. M\u0259nim d\u0259 ba\u015f\u0131ma bel\u0259 bir i\u015f g\u0259lib. D\u00f6y\u00fc\u015f zaman\u0131 tanklar\u0131n, toplar\u0131n v\u0259 pulemyotlar\u0131n s\u0259si bir-birin\u0259 qar\u0131\u015f\u0131rd\u0131. \u0130nsanlar g\u00f6z\u00fcm\u00fcn \u00f6n\u00fcnd\u0259 h\u0259lak olurdular. M\u0259n\u0259 yax\u0131n bir yerd\u0259 m\u0259rmi partlad\u0131 v\u0259 q\u0259lp\u0259si aya\u011f\u0131m\u0131 yaralad\u0131. A\u011fr\u0131ya d\u00f6zm\u0259k olmurdu. He\u00e7 k\u0259s d\u00f6y\u00fc\u015fd\u0259n ayr\u0131l\u0131b m\u0259n\u0259 k\u00f6m\u0259k ed\u0259 bilmirdi. B\u0259xtimd\u0259n rast\u0131ma h\u0259kim d\u0259 \u00e7\u0131xmad\u0131. Diviziya ir\u0259lil\u0259dikc\u0259, m\u0259n qal\u0131rd\u0131m. Bel\u0259likl\u0259, iki g\u00fcn yaral\u0131 v\u0259ziyy\u0259td\u0259 \u00e7\u00f6ld\u0259 qald\u0131m. S\u00fcr\u00fcn\u0259-s\u00fcr\u00fcn\u0259 bir ma\u015f\u0131n yoluna \u00e7\u0131xa bildim. Aya\u011fa qalxa bilm\u0259diyim\u0259 g\u00f6r\u0259 yoldan ke\u00e7\u0259n avtomobill\u0259rd\u0259ki insanlar m\u0259ni g\u00f6rm\u00fcrd\u00fcl\u0259r. Ax\u0131rda yolun ortas\u0131na t\u0259r\u0259f s\u00fcr\u00fcnd\u00fcm v\u0259 orada uzand\u0131m. C\u0259bh\u0259y\u0259 silah-sursat da\u015f\u0131yan ma\u015f\u0131nlardan biri saxlad\u0131 v\u0259 m\u0259ni oradan g\u00f6t\u00fcr\u00fcb Naursk stansiyas\u0131na g\u0259tirdi. Orada tibb m\u0259nt\u0259q\u0259sin\u0259 g\u00f6nd\u0259rdil\u0259r v\u0259 x\u0259st\u0259lik tarix\u00e7\u0259si yazd\u0131lar, yaral\u0131larla birlikd\u0259 qatarla yola sald\u0131lar. N\u00f6vb\u0259ti stansiyada qatar dayananda dedil\u0259r ki, bura Maha\u00e7qalad\u0131r. 50 n\u0259f\u0259r yaral\u0131n\u0131 orada d\u00fc\u015f\u00fcr\u00fcrd\u00fcl\u0259r. D\u00fc\u015f\u00fcnd\u00fcm ki, bu qatar\u0131n n\u00f6vb\u0259ti dayanaca\u011f\u0131 Az\u0259rbaycand\u0131r. Ona g\u00f6r\u0259 d\u0259 qatara qay\u0131td\u0131m v\u0259 \u00f6z yerim\u0259 uzand\u0131m. Bak\u0131da iki ay m\u00fcalic\u0259 olunduqdan sonra Novorossiyskd\u0259 d\u00f6y\u00fc\u015fm\u0259y\u0259 g\u00f6nd\u0259rildim. O \u015f\u0259h\u0259rin azad olunmas\u0131nda i\u015ftirak etdim. Lakin h\u0259min d\u00f6y\u00fc\u015fd\u0259 bu d\u0259f\u0259 qolumdan yaraland\u0131m&#8221;.<\/p>\n<p>M\u00fcharib\u0259 veteran\u0131 deyir ki, i\u015f\u011faldan azad olunmu\u015f \u015f\u0259h\u0259rl\u0259r\u0259 daxil olark\u0259n bu \u015f\u0259h\u0259rl\u0259rin normal v\u0259ziyy\u0259td\u0259 oldu\u011funu g\u00f6r\u00fcb: &#8220;O \u015f\u0259h\u0259rl\u0259rin \u0259halisind\u0259n soru\u015furdum ki, b\u0259s biz\u0259 m\u0259kt\u0259bd\u0259 deyirdil\u0259r, almanlar i\u015f\u011fal etdikl\u0259ri \u015f\u0259h\u0259ri od vurub yand\u0131r\u0131rd\u0131lar, talan edirdil\u0259r, da\u011f\u0131d\u0131rd\u0131lar. Ax\u0131 indi m\u0259n g\u00f6r\u00fcr\u0259m ki, bu binalar\u0131n he\u00e7 birind\u0259 g\u00fcll\u0259 yeri yoxdu. Oran\u0131n camaat\u0131 s\u00f6yl\u0259yirdil\u0259r ki, alman ordusu burdan ke\u00e7ib getdi. Dem\u0259k ist\u0259yir\u0259m ki, onlar\u0131n dinc sakinl\u0259rl\u0259 i\u015fl\u0259ri yox idi. Yaln\u0131z partizan m\u00fcbariz\u0259si aparan \u015f\u0259xsl\u0259ri c\u0259zaland\u0131r\u0131rd\u0131lar. Fa\u015fist Almaniyas\u0131 il\u0259 Erm\u0259nistan\u0131n f\u0259rqin\u0259 fikir verin. Erm\u0259nil\u0259r i\u015f\u011fal etdikl\u0259ri Az\u0259rbaycan \u015f\u0259h\u0259rl\u0259rinin \u0259halisini i\u015fg\u0259nc\u0259 il\u0259 \u00f6ld\u00fcrm\u0259kl\u0259 yana\u015f\u0131, \u015f\u0259h\u0259rin \u00f6z\u00fcn\u00fc d\u0259 viran qoyurdular. Xocal\u0131 v\u0259 A\u011fdam \u015f\u0259h\u0259rl\u0259ri, i\u015f\u011fal alt\u0131nda olan dig\u0259r b\u00fct\u00fcn rayonlar buna n\u00fcmun\u0259dir. Erm\u0259nil\u0259r t\u0259r\u0259find\u0259n i\u015f\u011fal olunmu\u015f torpaqlarda n\u0259inki \u0259hali ya\u015fam\u0131r, h\u0259tta o \u015f\u0259h\u0259rl\u0259rin da\u015f\u0131n\u0131-divar\u0131n\u0131 da s\u00f6k\u00fcb apar\u0131rlar. Erm\u0259ni fa\u015fistl\u0259ri Hitler fa\u015fistl\u0259rind\u0259n qat-qat \u00e7ox v\u0259h\u015filikl\u0259r edibl\u0259r&#8221;.<\/p>\n<p>\u018fmir\u0259liyev onun m\u00fcharib\u0259d\u0259 \u0259n b\u00f6y\u00fck m\u00fckafat\u0131n\u0131n q\u0259l\u0259b\u0259 x\u0259b\u0259ri e\u015fitm\u0259yi oldu\u011funu dedi: &#8220;Yaraland\u0131\u011f\u0131ma g\u00f6r\u0259, diviziyam\u0131z\u0131n t\u0259rkibind\u0259 Berlin\u0259 q\u0259d\u0259r ged\u0259 bilm\u0259dim. Lakin q\u0259l\u0259b\u0259 x\u0259b\u0259rini e\u015fitdiyim g\u00fcn h\u0259yat\u0131m\u0131n \u0259n xo\u015fb\u0259xt g\u00fcn\u00fc idi. \u00c7\u00fcnki bizim z\u0259hm\u0259timiz h\u0259d\u0259r getm\u0259mi\u015fdi. T\u00f6k\u00fcl\u0259n qanlar yerd\u0259 qalmam\u0131\u015fd\u0131. Bunda \u0259lav\u0259, d\u00f6vl\u0259t t\u0259r\u0259find\u0259n bir s\u0131ra orden v\u0259 medallarla m\u00fckafatlanm\u0131\u015fam. B\u00f6y\u00fck V\u0259t\u0259n m\u00fcharib\u0259sind\u0259 Qafqaz\u0131n azad edilm\u0259si u\u011frunda d\u00f6y\u00fc\u015fl\u0259rd\u0259ki \u015f\u00fcca\u0259t\u0259 g\u00f6r\u0259, Ali Ba\u015f Komandan\u0131n t\u0259\u015f\u0259kk\u00fcr\u00fcn\u00fc alm\u0131\u015fam, Taqanroq \u015f\u0259h\u0259rinin i\u015f\u011faldan azad olunmas\u0131nda igidliy\u0259 g\u00f6r\u0259 ordeni il\u0259 t\u0259ltif olunmu\u015fam. Birinci v\u0259 ikinci d\u0259r\u0259c\u0259li q\u0259l\u0259b\u0259 ordenin\u0259 layiq g\u00f6r\u00fclm\u00fc\u015f\u0259m. Ukraynan\u0131n azad olunmas\u0131 u\u011frunda d\u00f6y\u00fc\u015fl\u0259r\u0259 g\u00f6r\u0259 iki d\u0259f\u0259 medal alm\u0131\u015fam&#8221;.<\/p>\n<p><strong>www.zerdab.com<\/strong> sayt\u0131 olaraq biz d\u0259 d\u0259y\u0259rli h\u0259myerlimizl\u0259 q\u00fcrur duydu\u011fumuzu bildiririk. \u00dcmid edirik ki, bu yaz\u0131 q\u0259hr\u0259man\u0131m\u0131z\u0131n tan\u0131d\u0131lmas\u0131 bax\u0131m\u0131ndan \u00e7ox faydal\u0131 olacaq.<\/p>\n<p><span style=\"color: #0000ff;\"><strong>www.zerdab.com<\/strong><\/span><\/p>\n","protected":false},"excerpt":{"rendered":"<p>\u018fmiral\u0131 \u018fmir\u0259liyev&#8230; B\u0259lk\u0259 d\u0259 g\u0259ncl\u0259rimizin \u00e7ox onu tan\u0131m\u0131r, ancaq biz www.zerdab.com sayt\u0131 olaraq hesab edirik ki, h\u0259r birimiz onu tan\u0131mal\u0131y\u0131q v\u0259 ke\u00e7diyi \u015f\u0259r\u0259fli \u00f6m\u00fcr yolundan n\u00fcmun\u0259 g\u00f6t\u00fcrm\u0259liyik. \u018fn az\u0131 ona g\u00f6r\u0259 ki, Qaraba\u011f m\u00fcharib\u0259si h\u0259l\u0259 bitm\u0259yib v\u0259 bir g\u00fcn onun t\u0259cr\u00fcb\u0259si bizim \u00fc\u00e7\u00fcn d\u0259 laz\u0131m ola bil\u0259r. \u018fmiral\u0131 \u018fmir\u0259liyev 1923-c\u00fc il mart ay\u0131n\u0131n 5-d\u0259 Z\u0259rdab [&hellip;]<\/p>\n","protected":false},"author":1,"featured_media":25362,"comment_status":"open","ping_status":"open","sticky":false,"template":"","format":"standard","meta":{"footnotes":""},"categories":[15],"tags":[],"class_list":{"0":"post-6828","1":"post","2":"type-post","3":"status-publish","4":"format-standard","5":"has-post-thumbnail","7":"category-musahib-zrdab-hsn-by-zrdabi-mrkzi-aran"},"yoast_head":"<!-- This site is optimized with the Yoast SEO plugin v27.0 - https:\/\/yoast.com\/product\/yoast-seo-wordpress\/ -->\n<title>Z\u0259rdab\u0131n Xanm\u0259mm\u0259dli k\u0259ndind\u0259n ba\u015flayan q\u0259hr\u0259man \u00f6mr\u00fc - Z\u0259rdab.com<\/title>\n<meta name=\"robots\" content=\"index, follow, max-snippet:-1, max-image-preview:large, max-video-preview:-1\" \/>\n<link rel=\"canonical\" href=\"https:\/\/www.zerdab.com\/?p=6828\" \/>\n<meta property=\"og:locale\" content=\"az_AZ\" \/>\n<meta property=\"og:type\" content=\"article\" \/>\n<meta property=\"og:title\" content=\"Z\u0259rdab\u0131n Xanm\u0259mm\u0259dli k\u0259ndind\u0259n ba\u015flayan q\u0259hr\u0259man \u00f6mr\u00fc - Z\u0259rdab.com\" \/>\n<meta property=\"og:description\" content=\"\u018fmiral\u0131 \u018fmir\u0259liyev&#8230; B\u0259lk\u0259 d\u0259 g\u0259ncl\u0259rimizin \u00e7ox onu tan\u0131m\u0131r, ancaq biz www.zerdab.com sayt\u0131 olaraq hesab edirik ki, h\u0259r birimiz onu tan\u0131mal\u0131y\u0131q v\u0259 ke\u00e7diyi \u015f\u0259r\u0259fli \u00f6m\u00fcr yolundan n\u00fcmun\u0259 g\u00f6t\u00fcrm\u0259liyik. \u018fn az\u0131 ona g\u00f6r\u0259 ki, Qaraba\u011f m\u00fcharib\u0259si h\u0259l\u0259 bitm\u0259yib v\u0259 bir g\u00fcn onun t\u0259cr\u00fcb\u0259si bizim \u00fc\u00e7\u00fcn d\u0259 laz\u0131m ola bil\u0259r. \u018fmiral\u0131 \u018fmir\u0259liyev 1923-c\u00fc il mart ay\u0131n\u0131n 5-d\u0259 Z\u0259rdab [&hellip;]\" \/>\n<meta property=\"og:url\" content=\"https:\/\/www.zerdab.com\/?p=6828\" \/>\n<meta property=\"og:site_name\" content=\"Z\u0259rdab.com\" \/>\n<meta property=\"article:published_time\" content=\"2013-01-28T18:21:10+00:00\" \/>\n<meta property=\"article:modified_time\" content=\"2023-10-10T15:30:52+00:00\" \/>\n<meta property=\"og:image\" content=\"https:\/\/www.zerdab.com\/wp-content\/uploads\/2013\/01\/\u018fmiral\u0131-\u018fmir\u0259liyev.jpg\" \/>\n\t<meta property=\"og:image:width\" content=\"660\" \/>\n\t<meta property=\"og:image:height\" content=\"440\" \/>\n\t<meta property=\"og:image:type\" content=\"image\/jpeg\" \/>\n<meta name=\"author\" content=\"admin\" \/>\n<meta name=\"twitter:card\" content=\"summary_large_image\" \/>\n<meta name=\"twitter:label1\" content=\"Written by\" \/>\n\t<meta name=\"twitter:data1\" content=\"admin\" \/>\n\t<meta name=\"twitter:label2\" content=\"Est. reading time\" \/>\n\t<meta name=\"twitter:data2\" content=\"17 minutes\" \/>\n<script type=\"application\/ld+json\" class=\"yoast-schema-graph\">{\"@context\":\"https:\/\/schema.org\",\"@graph\":[{\"@type\":\"Article\",\"@id\":\"https:\/\/www.zerdab.com\/?p=6828#article\",\"isPartOf\":{\"@id\":\"https:\/\/www.zerdab.com\/?p=6828\"},\"author\":{\"name\":\"admin\",\"@id\":\"https:\/\/www.zerdab.com\/#\/schema\/person\/97079b7570c1e89ec0d9e138c3672136\"},\"headline\":\"Z\u0259rdab\u0131n Xanm\u0259mm\u0259dli k\u0259ndind\u0259n ba\u015flayan q\u0259hr\u0259man \u00f6mr\u00fc\",\"datePublished\":\"2013-01-28T18:21:10+00:00\",\"dateModified\":\"2023-10-10T15:30:52+00:00\",\"mainEntityOfPage\":{\"@id\":\"https:\/\/www.zerdab.com\/?p=6828\"},\"wordCount\":3388,\"commentCount\":1,\"image\":{\"@id\":\"https:\/\/www.zerdab.com\/?p=6828#primaryimage\"},\"thumbnailUrl\":\"https:\/\/www.zerdab.com\/wp-content\/uploads\/2013\/01\/\u018fmiral\u0131-\u018fmir\u0259liyev.jpg\",\"articleSection\":[\"M\u00dcSAH\u0130B\u018f\"],\"inLanguage\":\"az\",\"potentialAction\":[{\"@type\":\"CommentAction\",\"name\":\"Comment\",\"target\":[\"https:\/\/www.zerdab.com\/?p=6828#respond\"]}]},{\"@type\":\"WebPage\",\"@id\":\"https:\/\/www.zerdab.com\/?p=6828\",\"url\":\"https:\/\/www.zerdab.com\/?p=6828\",\"name\":\"Z\u0259rdab\u0131n Xanm\u0259mm\u0259dli k\u0259ndind\u0259n ba\u015flayan q\u0259hr\u0259man \u00f6mr\u00fc - Z\u0259rdab.com\",\"isPartOf\":{\"@id\":\"https:\/\/www.zerdab.com\/#website\"},\"primaryImageOfPage\":{\"@id\":\"https:\/\/www.zerdab.com\/?p=6828#primaryimage\"},\"image\":{\"@id\":\"https:\/\/www.zerdab.com\/?p=6828#primaryimage\"},\"thumbnailUrl\":\"https:\/\/www.zerdab.com\/wp-content\/uploads\/2013\/01\/\u018fmiral\u0131-\u018fmir\u0259liyev.jpg\",\"datePublished\":\"2013-01-28T18:21:10+00:00\",\"dateModified\":\"2023-10-10T15:30:52+00:00\",\"author\":{\"@id\":\"https:\/\/www.zerdab.com\/#\/schema\/person\/97079b7570c1e89ec0d9e138c3672136\"},\"breadcrumb\":{\"@id\":\"https:\/\/www.zerdab.com\/?p=6828#breadcrumb\"},\"inLanguage\":\"az\",\"potentialAction\":[{\"@type\":\"ReadAction\",\"target\":[\"https:\/\/www.zerdab.com\/?p=6828\"]}]},{\"@type\":\"ImageObject\",\"inLanguage\":\"az\",\"@id\":\"https:\/\/www.zerdab.com\/?p=6828#primaryimage\",\"url\":\"https:\/\/www.zerdab.com\/wp-content\/uploads\/2013\/01\/\u018fmiral\u0131-\u018fmir\u0259liyev.jpg\",\"contentUrl\":\"https:\/\/www.zerdab.com\/wp-content\/uploads\/2013\/01\/\u018fmiral\u0131-\u018fmir\u0259liyev.jpg\",\"width\":660,\"height\":440,\"caption\":\"\u018fmiral\u0131 \u018fmir\u0259liyev\"},{\"@type\":\"BreadcrumbList\",\"@id\":\"https:\/\/www.zerdab.com\/?p=6828#breadcrumb\",\"itemListElement\":[{\"@type\":\"ListItem\",\"position\":1,\"name\":\"Home\",\"item\":\"https:\/\/www.zerdab.com\/\"},{\"@type\":\"ListItem\",\"position\":2,\"name\":\"Z\u0259rdab\u0131n Xanm\u0259mm\u0259dli k\u0259ndind\u0259n ba\u015flayan q\u0259hr\u0259man \u00f6mr\u00fc\"}]},{\"@type\":\"WebSite\",\"@id\":\"https:\/\/www.zerdab.com\/#website\",\"url\":\"https:\/\/www.zerdab.com\/\",\"name\":\"Z\u0259rdab.com\",\"description\":\"\",\"potentialAction\":[{\"@type\":\"SearchAction\",\"target\":{\"@type\":\"EntryPoint\",\"urlTemplate\":\"https:\/\/www.zerdab.com\/?s={search_term_string}\"},\"query-input\":{\"@type\":\"PropertyValueSpecification\",\"valueRequired\":true,\"valueName\":\"search_term_string\"}}],\"inLanguage\":\"az\"},{\"@type\":\"Person\",\"@id\":\"https:\/\/www.zerdab.com\/#\/schema\/person\/97079b7570c1e89ec0d9e138c3672136\",\"name\":\"admin\",\"image\":{\"@type\":\"ImageObject\",\"inLanguage\":\"az\",\"@id\":\"https:\/\/www.zerdab.com\/#\/schema\/person\/image\/\",\"url\":\"https:\/\/secure.gravatar.com\/avatar\/d9c52a9a27c32119cb6679a077fa3e2779e5f822c451cbf01098004361d466ec?s=96&d=mm&r=g\",\"contentUrl\":\"https:\/\/secure.gravatar.com\/avatar\/d9c52a9a27c32119cb6679a077fa3e2779e5f822c451cbf01098004361d466ec?s=96&d=mm&r=g\",\"caption\":\"admin\"},\"url\":\"https:\/\/www.zerdab.com\/?author=1\"}]}<\/script>\n<!-- \/ Yoast SEO plugin. -->","yoast_head_json":{"title":"Z\u0259rdab\u0131n Xanm\u0259mm\u0259dli k\u0259ndind\u0259n ba\u015flayan q\u0259hr\u0259man \u00f6mr\u00fc - Z\u0259rdab.com","robots":{"index":"index","follow":"follow","max-snippet":"max-snippet:-1","max-image-preview":"max-image-preview:large","max-video-preview":"max-video-preview:-1"},"canonical":"https:\/\/www.zerdab.com\/?p=6828","og_locale":"az_AZ","og_type":"article","og_title":"Z\u0259rdab\u0131n Xanm\u0259mm\u0259dli k\u0259ndind\u0259n ba\u015flayan q\u0259hr\u0259man \u00f6mr\u00fc - Z\u0259rdab.com","og_description":"\u018fmiral\u0131 \u018fmir\u0259liyev&#8230; B\u0259lk\u0259 d\u0259 g\u0259ncl\u0259rimizin \u00e7ox onu tan\u0131m\u0131r, ancaq biz www.zerdab.com sayt\u0131 olaraq hesab edirik ki, h\u0259r birimiz onu tan\u0131mal\u0131y\u0131q v\u0259 ke\u00e7diyi \u015f\u0259r\u0259fli \u00f6m\u00fcr yolundan n\u00fcmun\u0259 g\u00f6t\u00fcrm\u0259liyik. \u018fn az\u0131 ona g\u00f6r\u0259 ki, Qaraba\u011f m\u00fcharib\u0259si h\u0259l\u0259 bitm\u0259yib v\u0259 bir g\u00fcn onun t\u0259cr\u00fcb\u0259si bizim \u00fc\u00e7\u00fcn d\u0259 laz\u0131m ola bil\u0259r. \u018fmiral\u0131 \u018fmir\u0259liyev 1923-c\u00fc il mart ay\u0131n\u0131n 5-d\u0259 Z\u0259rdab [&hellip;]","og_url":"https:\/\/www.zerdab.com\/?p=6828","og_site_name":"Z\u0259rdab.com","article_published_time":"2013-01-28T18:21:10+00:00","article_modified_time":"2023-10-10T15:30:52+00:00","og_image":[{"width":660,"height":440,"url":"https:\/\/www.zerdab.com\/wp-content\/uploads\/2013\/01\/\u018fmiral\u0131-\u018fmir\u0259liyev.jpg","type":"image\/jpeg"}],"author":"admin","twitter_card":"summary_large_image","twitter_misc":{"Written by":"admin","Est. reading time":"17 minutes"},"schema":{"@context":"https:\/\/schema.org","@graph":[{"@type":"Article","@id":"https:\/\/www.zerdab.com\/?p=6828#article","isPartOf":{"@id":"https:\/\/www.zerdab.com\/?p=6828"},"author":{"name":"admin","@id":"https:\/\/www.zerdab.com\/#\/schema\/person\/97079b7570c1e89ec0d9e138c3672136"},"headline":"Z\u0259rdab\u0131n Xanm\u0259mm\u0259dli k\u0259ndind\u0259n ba\u015flayan q\u0259hr\u0259man \u00f6mr\u00fc","datePublished":"2013-01-28T18:21:10+00:00","dateModified":"2023-10-10T15:30:52+00:00","mainEntityOfPage":{"@id":"https:\/\/www.zerdab.com\/?p=6828"},"wordCount":3388,"commentCount":1,"image":{"@id":"https:\/\/www.zerdab.com\/?p=6828#primaryimage"},"thumbnailUrl":"https:\/\/www.zerdab.com\/wp-content\/uploads\/2013\/01\/\u018fmiral\u0131-\u018fmir\u0259liyev.jpg","articleSection":["M\u00dcSAH\u0130B\u018f"],"inLanguage":"az","potentialAction":[{"@type":"CommentAction","name":"Comment","target":["https:\/\/www.zerdab.com\/?p=6828#respond"]}]},{"@type":"WebPage","@id":"https:\/\/www.zerdab.com\/?p=6828","url":"https:\/\/www.zerdab.com\/?p=6828","name":"Z\u0259rdab\u0131n Xanm\u0259mm\u0259dli k\u0259ndind\u0259n ba\u015flayan q\u0259hr\u0259man \u00f6mr\u00fc - Z\u0259rdab.com","isPartOf":{"@id":"https:\/\/www.zerdab.com\/#website"},"primaryImageOfPage":{"@id":"https:\/\/www.zerdab.com\/?p=6828#primaryimage"},"image":{"@id":"https:\/\/www.zerdab.com\/?p=6828#primaryimage"},"thumbnailUrl":"https:\/\/www.zerdab.com\/wp-content\/uploads\/2013\/01\/\u018fmiral\u0131-\u018fmir\u0259liyev.jpg","datePublished":"2013-01-28T18:21:10+00:00","dateModified":"2023-10-10T15:30:52+00:00","author":{"@id":"https:\/\/www.zerdab.com\/#\/schema\/person\/97079b7570c1e89ec0d9e138c3672136"},"breadcrumb":{"@id":"https:\/\/www.zerdab.com\/?p=6828#breadcrumb"},"inLanguage":"az","potentialAction":[{"@type":"ReadAction","target":["https:\/\/www.zerdab.com\/?p=6828"]}]},{"@type":"ImageObject","inLanguage":"az","@id":"https:\/\/www.zerdab.com\/?p=6828#primaryimage","url":"https:\/\/www.zerdab.com\/wp-content\/uploads\/2013\/01\/\u018fmiral\u0131-\u018fmir\u0259liyev.jpg","contentUrl":"https:\/\/www.zerdab.com\/wp-content\/uploads\/2013\/01\/\u018fmiral\u0131-\u018fmir\u0259liyev.jpg","width":660,"height":440,"caption":"\u018fmiral\u0131 \u018fmir\u0259liyev"},{"@type":"BreadcrumbList","@id":"https:\/\/www.zerdab.com\/?p=6828#breadcrumb","itemListElement":[{"@type":"ListItem","position":1,"name":"Home","item":"https:\/\/www.zerdab.com\/"},{"@type":"ListItem","position":2,"name":"Z\u0259rdab\u0131n Xanm\u0259mm\u0259dli k\u0259ndind\u0259n ba\u015flayan q\u0259hr\u0259man \u00f6mr\u00fc"}]},{"@type":"WebSite","@id":"https:\/\/www.zerdab.com\/#website","url":"https:\/\/www.zerdab.com\/","name":"Z\u0259rdab.com","description":"","potentialAction":[{"@type":"SearchAction","target":{"@type":"EntryPoint","urlTemplate":"https:\/\/www.zerdab.com\/?s={search_term_string}"},"query-input":{"@type":"PropertyValueSpecification","valueRequired":true,"valueName":"search_term_string"}}],"inLanguage":"az"},{"@type":"Person","@id":"https:\/\/www.zerdab.com\/#\/schema\/person\/97079b7570c1e89ec0d9e138c3672136","name":"admin","image":{"@type":"ImageObject","inLanguage":"az","@id":"https:\/\/www.zerdab.com\/#\/schema\/person\/image\/","url":"https:\/\/secure.gravatar.com\/avatar\/d9c52a9a27c32119cb6679a077fa3e2779e5f822c451cbf01098004361d466ec?s=96&d=mm&r=g","contentUrl":"https:\/\/secure.gravatar.com\/avatar\/d9c52a9a27c32119cb6679a077fa3e2779e5f822c451cbf01098004361d466ec?s=96&d=mm&r=g","caption":"admin"},"url":"https:\/\/www.zerdab.com\/?author=1"}]}},"_links":{"self":[{"href":"https:\/\/www.zerdab.com\/index.php?rest_route=\/wp\/v2\/posts\/6828","targetHints":{"allow":["GET"]}}],"collection":[{"href":"https:\/\/www.zerdab.com\/index.php?rest_route=\/wp\/v2\/posts"}],"about":[{"href":"https:\/\/www.zerdab.com\/index.php?rest_route=\/wp\/v2\/types\/post"}],"author":[{"embeddable":true,"href":"https:\/\/www.zerdab.com\/index.php?rest_route=\/wp\/v2\/users\/1"}],"replies":[{"embeddable":true,"href":"https:\/\/www.zerdab.com\/index.php?rest_route=%2Fwp%2Fv2%2Fcomments&post=6828"}],"version-history":[{"count":4,"href":"https:\/\/www.zerdab.com\/index.php?rest_route=\/wp\/v2\/posts\/6828\/revisions"}],"predecessor-version":[{"id":25363,"href":"https:\/\/www.zerdab.com\/index.php?rest_route=\/wp\/v2\/posts\/6828\/revisions\/25363"}],"wp:featuredmedia":[{"embeddable":true,"href":"https:\/\/www.zerdab.com\/index.php?rest_route=\/wp\/v2\/media\/25362"}],"wp:attachment":[{"href":"https:\/\/www.zerdab.com\/index.php?rest_route=%2Fwp%2Fv2%2Fmedia&parent=6828"}],"wp:term":[{"taxonomy":"category","embeddable":true,"href":"https:\/\/www.zerdab.com\/index.php?rest_route=%2Fwp%2Fv2%2Fcategories&post=6828"},{"taxonomy":"post_tag","embeddable":true,"href":"https:\/\/www.zerdab.com\/index.php?rest_route=%2Fwp%2Fv2%2Ftags&post=6828"}],"curies":[{"name":"wp","href":"https:\/\/api.w.org\/{rel}","templated":true}]}}