{"id":6921,"date":"2013-02-01T18:43:01","date_gmt":"2013-02-01T14:43:01","guid":{"rendered":"http:\/\/www.zerdab.com\/?p=6921"},"modified":"2013-02-16T23:27:25","modified_gmt":"2013-02-16T19:27:25","slug":"icra-bascisi-m%c9%99d%c9%99niyy%c9%99t-iscil%c9%99ri-il%c9%99-gorusdu","status":"publish","type":"post","link":"https:\/\/www.zerdab.com\/?p=6921","title":{"rendered":"\u0130cra ba\u015f\u00e7\u0131s\u0131 m\u0259d\u0259niyy\u0259t i\u015f\u00e7il\u0259ri il\u0259 g\u00f6r\u00fc\u015fd\u00fc"},"content":{"rendered":"<p align=\"center\"><img loading=\"lazy\" decoding=\"async\" class=\"aligncenter size-medium wp-image-6922\" alt=\"Zerdab-rayonu\" src=\"http:\/\/www.zerdab.com\/wp-content\/uploads\/2013\/02\/Zerdab-rayonu-350x232.jpg\" width=\"350\" height=\"232\" \/>Bu g\u00fcn Z\u0259rdab\u00a0\u015f\u0259h\u0259r m\u0259d\u0259niyy\u0259t evinin 500 n\u0259f\u0259rlik zal\u0131nda Z\u0259rdab rayonunun m\u0259d\u0259niyy\u0259t i\u015f\u00e7il\u0259ri il\u0259 Rayon \u0130cra Hakimiyy\u0259ti Ba\u015f\u00e7\u0131s\u0131n\u0131n g\u00f6r\u00fc\u015f\u00fc olub. www.zerdab.com sayt\u0131na veril\u0259n m\u0259lumata g\u00f6r\u0259, icra ba\u015f\u00e7\u0131s\u0131 L\u00fctv\u0259li Babayev g\u00f6r\u00fc\u015fd\u0259 \u00f6t\u0259n il respublikada v\u0259 rayonda g\u00f6r\u00fcl\u0259n i\u015fl\u0259r bar\u0259d\u0259 y\u0131\u011f\u0131ncaq i\u015ftirak\u00e7\u0131lar\u0131na \u0259trafl\u0131 m\u0259lumat verib, 7 oktyabr 2012-ci il tarixd\u0259 Az\u0259rbaycan Respublikas\u0131 Prezidenti c\u0259nab \u0130lham \u018fliyevin Z\u0259rdaba s\u0259f\u0259ri, s\u0259f\u0259rd\u0259n sonra imzalad\u0131\u011f\u0131 s\u0259r\u0259ncam bir daha minn\u0259tdarl\u0131q hissi il\u0259 xat\u0131rlan\u0131b.\u00a0G\u00f6r\u00fc\u015fd\u0259 h\u0259m\u00e7inin m\u0259d\u0259niyy\u0259t i\u015f\u00e7il\u0259ri t\u0259r\u0259find\u0259n \u00f6t\u0259n il g\u00f6r\u00fcl\u0259n i\u015fl\u0259r, h\u0259yata ke\u00e7iril\u0259n \u00e7oxsayl\u0131 v\u0259 r\u0259ngar\u0259ng m\u00fcxt\u0259lif m\u0259d\u0259ni-k\u00fctl\u0259vi t\u0259dbirl\u0259r raz\u0131l\u0131qla vur\u011fulanm\u0131\u015f v\u0259 2013-c\u00fc ild\u0259 qar\u015f\u0131da duran v\u0259zif\u0259l\u0259r m\u00fc\u0259yy\u0259nl\u0259\u015fdirilib.<\/p>\n<p>Bu il \u00fcmummilli lider Heyd\u0259r \u018fliyevin anadan olmas\u0131n\u0131n 90 illik yubileyi il\u0259 ba\u011fl\u0131 z\u0259rdabl\u0131lar\u0131n 90 min \u0259d\u0259d a\u011fac \u0259km\u0259k t\u0259\u015f\u0259bb\u00fcs\u00fc m\u0259d\u0259niyy\u0259t i\u015f\u00e7il\u0259ri t\u0259r\u0259find\u0259n d\u0259 raz\u0131l\u0131qla qar\u015f\u0131lan\u0131b v\u0259 onlar bu i\u015fd\u0259 f\u0259al i\u015ftirak ed\u0259c\u0259kl\u0259rini bildiribl\u0259r.<\/p>\n<p>G\u00f6r\u00fc\u015fd\u0259 \u00e7\u0131x\u0131\u015f ed\u0259n M\u0259rk\u0259zl\u0259\u015fdirilmi\u015f Kitabxana Sisteminin direktoru G\u00fclnar M\u0259h\u0259rr\u0259mova, H\u0259s\u0259n b\u0259y Z\u0259rdabi muzeyinin direktoru V\u0259fa Bayramova, Rayon M\u0259d\u0259niyy\u0259t v\u0259 Turizm \u015e\u00f6b\u0259sinin i\u015f\u00e7isi M\u00fcbariz S\u0259fiyaro\u011flu, K\u0259nd\u0259bil k\u0259nd m\u0259d\u0259niyy\u0259t evinin r\u0259hb\u0259ri B\u0259yl\u0259r Abdullayev, B\u0131\u00e7aq\u00e7\u0131 k\u0259nd m\u0259d\u0259niyy\u0259t evinin direktoru Haca\u011fa Hac\u0131yev \u00f6lk\u0259 Prezidenti t\u0259r\u0259find\u0259n H.B.Z\u0259rdabinin 170 illik yubileyinin ke\u00e7irilm\u0259si v\u0259 H.B.Z\u0259rdabi muzeyinin binas\u0131n\u0131n \u0259sasl\u0131 t\u0259miri v\u0259 b\u0259dii t\u0259rtibat\u0131 il\u0259 ba\u011fl\u0131 respublika Prezidentinin \u00f6t\u0259n il imzalad\u0131\u011f\u0131 s\u0259r\u0259ncamlar\u0131n z\u0259rdabl\u0131lar t\u0259r\u0259find\u0259n \u00f6lk\u0259 r\u0259hb\u0259rin\u0259 d\u0259rin raz\u0131l\u0131q v\u0259 minn\u0259tdarl\u0131q hissi il\u0259 qar\u015f\u0131land\u0131\u011f\u0131n\u0131 vur\u011fulay\u0131blar.<\/p>\n<p>Yay\u0131lan m\u0259lumata g\u00f6r\u0259, \u00e7\u0131x\u0131\u015f ed\u0259nl\u0259r\u00a0h\u0259m\u00e7inin \u0130smay\u0131ll\u0131 hadis\u0259l\u0259rini q\u0259tiyy\u0259tl\u0259 pisl\u0259yibl\u0259r.\u00a0Bundan \u0259lav\u0259,\u00a0\u00f6lk\u0259mizd\u0259 v\u0259 rayonumuzdak\u0131 ictimai-siyasi sabitlik y\u00fcks\u0259k qiym\u0259tl\u0259ndirilib, da\u011f\u0131d\u0131c\u0131 m\u00fcxalif\u0259tin h\u00fcquqazidd \u0259m\u0259ll\u0259ri q\u0259tiyy\u0259tl\u0259 pisl\u0259nilib.<\/p>\n<p>Yay\u0131lan m\u0259lumatda g\u00f6r\u00fc\u015fd\u0259 h\u0259m\u00e7inin yaz\u0131\u00e7\u0131 \u018fkr\u0259m \u018fylislinin \u201cDa\u015f yuxular\u201d \u0259s\u0259rin\u0259 m\u00fcnasib\u0259t bildirildiyi v\u0259 \u018fkr\u0259m \u018fylislinin \u201cxalq yaz\u0131\u00e7\u0131s\u0131\u201d ad\u0131n\u0131 da\u015f\u0131ma\u011fa m\u0259n\u0259vi haqq\u0131n\u0131n olmad\u0131\u011f\u0131 vur\u011fulan\u0131b.<\/p>\n<p>G\u00f6r\u00fc\u015f i\u015ftirak\u00e7\u0131lar\u0131 rayonun b\u00fct\u00fcn m\u0259d\u0259niyy\u0259t i\u015f\u00e7il\u0259rinin 2013-c\u00fc ilin prezident se\u00e7kil\u0259rind\u0259 \u0259n layiqli namiz\u0259di d\u0259st\u0259kl\u0259y\u0259c\u0259kl\u0259rini b\u0259yan edibl\u0259r.<\/p>\n<p><img loading=\"lazy\" decoding=\"async\" class=\"aligncenter size-medium wp-image-6924\" alt=\"Zerdab-rayonu\" src=\"http:\/\/www.zerdab.com\/wp-content\/uploads\/2013\/02\/Zerdab-rayonu1-350x232.jpg\" width=\"350\" height=\"232\" \/><\/p>\n<p><img loading=\"lazy\" decoding=\"async\" class=\"aligncenter size-medium wp-image-6926\" alt=\"Zerdab-rayonu\" src=\"http:\/\/www.zerdab.com\/wp-content\/uploads\/2013\/02\/Zerdab-rayonu2-350x232.jpg\" width=\"350\" height=\"232\" \/><\/p>\n<p><img loading=\"lazy\" decoding=\"async\" class=\"aligncenter size-medium wp-image-6928\" alt=\"Zerdab-rayonu\" src=\"http:\/\/www.zerdab.com\/wp-content\/uploads\/2013\/02\/Zerdab-rayonu3-350x232.jpg\" width=\"350\" height=\"232\" \/><\/p>\n","protected":false},"excerpt":{"rendered":"<p>Bu g\u00fcn Z\u0259rdab\u00a0\u015f\u0259h\u0259r m\u0259d\u0259niyy\u0259t evinin 500 n\u0259f\u0259rlik zal\u0131nda Z\u0259rdab rayonunun m\u0259d\u0259niyy\u0259t i\u015f\u00e7il\u0259ri il\u0259 Rayon \u0130cra Hakimiyy\u0259ti Ba\u015f\u00e7\u0131s\u0131n\u0131n g\u00f6r\u00fc\u015f\u00fc olub. www.zerdab.com sayt\u0131na veril\u0259n m\u0259lumata g\u00f6r\u0259, icra ba\u015f\u00e7\u0131s\u0131 L\u00fctv\u0259li Babayev g\u00f6r\u00fc\u015fd\u0259 \u00f6t\u0259n il respublikada v\u0259 rayonda g\u00f6r\u00fcl\u0259n i\u015fl\u0259r bar\u0259d\u0259 y\u0131\u011f\u0131ncaq i\u015ftirak\u00e7\u0131lar\u0131na \u0259trafl\u0131 m\u0259lumat verib, 7 oktyabr 2012-ci il tarixd\u0259 Az\u0259rbaycan Respublikas\u0131 Prezidenti c\u0259nab \u0130lham \u018fliyevin Z\u0259rdaba s\u0259f\u0259ri, [&hellip;]<\/p>\n","protected":false},"author":1,"featured_media":0,"comment_status":"open","ping_status":"open","sticky":false,"template":"","format":"standard","meta":{"footnotes":""},"categories":[21],"tags":[],"class_list":{"0":"post-6921","1":"post","2":"type-post","3":"status-publish","4":"format-standard","6":"category-zrdab"},"yoast_head":"<!-- This site is optimized with the Yoast SEO plugin v27.0 - https:\/\/yoast.com\/product\/yoast-seo-wordpress\/ -->\n<title>\u0130cra ba\u015f\u00e7\u0131s\u0131 m\u0259d\u0259niyy\u0259t i\u015f\u00e7il\u0259ri il\u0259 g\u00f6r\u00fc\u015fd\u00fc - Z\u0259rdab.com<\/title>\n<meta name=\"robots\" content=\"index, follow, max-snippet:-1, max-image-preview:large, max-video-preview:-1\" \/>\n<link rel=\"canonical\" href=\"https:\/\/www.zerdab.com\/?p=6921\" \/>\n<meta property=\"og:locale\" content=\"az_AZ\" \/>\n<meta property=\"og:type\" content=\"article\" \/>\n<meta property=\"og:title\" content=\"\u0130cra ba\u015f\u00e7\u0131s\u0131 m\u0259d\u0259niyy\u0259t i\u015f\u00e7il\u0259ri il\u0259 g\u00f6r\u00fc\u015fd\u00fc - Z\u0259rdab.com\" \/>\n<meta property=\"og:description\" content=\"Bu g\u00fcn Z\u0259rdab\u00a0\u015f\u0259h\u0259r m\u0259d\u0259niyy\u0259t evinin 500 n\u0259f\u0259rlik zal\u0131nda Z\u0259rdab rayonunun m\u0259d\u0259niyy\u0259t i\u015f\u00e7il\u0259ri il\u0259 Rayon \u0130cra Hakimiyy\u0259ti Ba\u015f\u00e7\u0131s\u0131n\u0131n g\u00f6r\u00fc\u015f\u00fc olub. www.zerdab.com sayt\u0131na veril\u0259n m\u0259lumata g\u00f6r\u0259, icra ba\u015f\u00e7\u0131s\u0131 L\u00fctv\u0259li Babayev g\u00f6r\u00fc\u015fd\u0259 \u00f6t\u0259n il respublikada v\u0259 rayonda g\u00f6r\u00fcl\u0259n i\u015fl\u0259r bar\u0259d\u0259 y\u0131\u011f\u0131ncaq i\u015ftirak\u00e7\u0131lar\u0131na \u0259trafl\u0131 m\u0259lumat verib, 7 oktyabr 2012-ci il tarixd\u0259 Az\u0259rbaycan Respublikas\u0131 Prezidenti c\u0259nab \u0130lham \u018fliyevin Z\u0259rdaba s\u0259f\u0259ri, [&hellip;]\" \/>\n<meta property=\"og:url\" content=\"https:\/\/www.zerdab.com\/?p=6921\" \/>\n<meta property=\"og:site_name\" content=\"Z\u0259rdab.com\" \/>\n<meta property=\"article:published_time\" content=\"2013-02-01T14:43:01+00:00\" \/>\n<meta property=\"article:modified_time\" content=\"2013-02-16T19:27:25+00:00\" \/>\n<meta property=\"og:image\" content=\"http:\/\/www.zerdab.com\/wp-content\/uploads\/2013\/02\/Zerdab-rayonu-350x232.jpg\" \/>\n<meta name=\"author\" content=\"admin\" \/>\n<meta name=\"twitter:card\" content=\"summary_large_image\" \/>\n<meta name=\"twitter:label1\" content=\"Written by\" \/>\n\t<meta name=\"twitter:data1\" content=\"admin\" \/>\n\t<meta name=\"twitter:label2\" content=\"Est. reading time\" \/>\n\t<meta name=\"twitter:data2\" content=\"3 minutes\" \/>\n<script type=\"application\/ld+json\" class=\"yoast-schema-graph\">{\"@context\":\"https:\/\/schema.org\",\"@graph\":[{\"@type\":\"Article\",\"@id\":\"https:\/\/www.zerdab.com\/?p=6921#article\",\"isPartOf\":{\"@id\":\"https:\/\/www.zerdab.com\/?p=6921\"},\"author\":{\"name\":\"admin\",\"@id\":\"https:\/\/www.zerdab.com\/#\/schema\/person\/97079b7570c1e89ec0d9e138c3672136\"},\"headline\":\"\u0130cra ba\u015f\u00e7\u0131s\u0131 m\u0259d\u0259niyy\u0259t i\u015f\u00e7il\u0259ri il\u0259 g\u00f6r\u00fc\u015fd\u00fc\",\"datePublished\":\"2013-02-01T14:43:01+00:00\",\"dateModified\":\"2013-02-16T19:27:25+00:00\",\"mainEntityOfPage\":{\"@id\":\"https:\/\/www.zerdab.com\/?p=6921\"},\"wordCount\":551,\"commentCount\":0,\"image\":{\"@id\":\"https:\/\/www.zerdab.com\/?p=6921#primaryimage\"},\"thumbnailUrl\":\"http:\/\/www.zerdab.com\/wp-content\/uploads\/2013\/02\/Zerdab-rayonu-350x232.jpg\",\"articleSection\":[\"C\u018fM\u0130YY\u018fT\"],\"inLanguage\":\"az\",\"potentialAction\":[{\"@type\":\"CommentAction\",\"name\":\"Comment\",\"target\":[\"https:\/\/www.zerdab.com\/?p=6921#respond\"]}]},{\"@type\":\"WebPage\",\"@id\":\"https:\/\/www.zerdab.com\/?p=6921\",\"url\":\"https:\/\/www.zerdab.com\/?p=6921\",\"name\":\"\u0130cra ba\u015f\u00e7\u0131s\u0131 m\u0259d\u0259niyy\u0259t i\u015f\u00e7il\u0259ri il\u0259 g\u00f6r\u00fc\u015fd\u00fc - Z\u0259rdab.com\",\"isPartOf\":{\"@id\":\"https:\/\/www.zerdab.com\/#website\"},\"primaryImageOfPage\":{\"@id\":\"https:\/\/www.zerdab.com\/?p=6921#primaryimage\"},\"image\":{\"@id\":\"https:\/\/www.zerdab.com\/?p=6921#primaryimage\"},\"thumbnailUrl\":\"http:\/\/www.zerdab.com\/wp-content\/uploads\/2013\/02\/Zerdab-rayonu-350x232.jpg\",\"datePublished\":\"2013-02-01T14:43:01+00:00\",\"dateModified\":\"2013-02-16T19:27:25+00:00\",\"author\":{\"@id\":\"https:\/\/www.zerdab.com\/#\/schema\/person\/97079b7570c1e89ec0d9e138c3672136\"},\"breadcrumb\":{\"@id\":\"https:\/\/www.zerdab.com\/?p=6921#breadcrumb\"},\"inLanguage\":\"az\",\"potentialAction\":[{\"@type\":\"ReadAction\",\"target\":[\"https:\/\/www.zerdab.com\/?p=6921\"]}]},{\"@type\":\"ImageObject\",\"inLanguage\":\"az\",\"@id\":\"https:\/\/www.zerdab.com\/?p=6921#primaryimage\",\"url\":\"\",\"contentUrl\":\"\"},{\"@type\":\"BreadcrumbList\",\"@id\":\"https:\/\/www.zerdab.com\/?p=6921#breadcrumb\",\"itemListElement\":[{\"@type\":\"ListItem\",\"position\":1,\"name\":\"Home\",\"item\":\"https:\/\/www.zerdab.com\/\"},{\"@type\":\"ListItem\",\"position\":2,\"name\":\"\u0130cra ba\u015f\u00e7\u0131s\u0131 m\u0259d\u0259niyy\u0259t i\u015f\u00e7il\u0259ri il\u0259 g\u00f6r\u00fc\u015fd\u00fc\"}]},{\"@type\":\"WebSite\",\"@id\":\"https:\/\/www.zerdab.com\/#website\",\"url\":\"https:\/\/www.zerdab.com\/\",\"name\":\"Z\u0259rdab.com\",\"description\":\"\",\"potentialAction\":[{\"@type\":\"SearchAction\",\"target\":{\"@type\":\"EntryPoint\",\"urlTemplate\":\"https:\/\/www.zerdab.com\/?s={search_term_string}\"},\"query-input\":{\"@type\":\"PropertyValueSpecification\",\"valueRequired\":true,\"valueName\":\"search_term_string\"}}],\"inLanguage\":\"az\"},{\"@type\":\"Person\",\"@id\":\"https:\/\/www.zerdab.com\/#\/schema\/person\/97079b7570c1e89ec0d9e138c3672136\",\"name\":\"admin\",\"image\":{\"@type\":\"ImageObject\",\"inLanguage\":\"az\",\"@id\":\"https:\/\/www.zerdab.com\/#\/schema\/person\/image\/\",\"url\":\"https:\/\/secure.gravatar.com\/avatar\/d9c52a9a27c32119cb6679a077fa3e2779e5f822c451cbf01098004361d466ec?s=96&d=mm&r=g\",\"contentUrl\":\"https:\/\/secure.gravatar.com\/avatar\/d9c52a9a27c32119cb6679a077fa3e2779e5f822c451cbf01098004361d466ec?s=96&d=mm&r=g\",\"caption\":\"admin\"},\"url\":\"https:\/\/www.zerdab.com\/?author=1\"}]}<\/script>\n<!-- \/ Yoast SEO plugin. -->","yoast_head_json":{"title":"\u0130cra ba\u015f\u00e7\u0131s\u0131 m\u0259d\u0259niyy\u0259t i\u015f\u00e7il\u0259ri il\u0259 g\u00f6r\u00fc\u015fd\u00fc - Z\u0259rdab.com","robots":{"index":"index","follow":"follow","max-snippet":"max-snippet:-1","max-image-preview":"max-image-preview:large","max-video-preview":"max-video-preview:-1"},"canonical":"https:\/\/www.zerdab.com\/?p=6921","og_locale":"az_AZ","og_type":"article","og_title":"\u0130cra ba\u015f\u00e7\u0131s\u0131 m\u0259d\u0259niyy\u0259t i\u015f\u00e7il\u0259ri il\u0259 g\u00f6r\u00fc\u015fd\u00fc - Z\u0259rdab.com","og_description":"Bu g\u00fcn Z\u0259rdab\u00a0\u015f\u0259h\u0259r m\u0259d\u0259niyy\u0259t evinin 500 n\u0259f\u0259rlik zal\u0131nda Z\u0259rdab rayonunun m\u0259d\u0259niyy\u0259t i\u015f\u00e7il\u0259ri il\u0259 Rayon \u0130cra Hakimiyy\u0259ti Ba\u015f\u00e7\u0131s\u0131n\u0131n g\u00f6r\u00fc\u015f\u00fc olub. www.zerdab.com sayt\u0131na veril\u0259n m\u0259lumata g\u00f6r\u0259, icra ba\u015f\u00e7\u0131s\u0131 L\u00fctv\u0259li Babayev g\u00f6r\u00fc\u015fd\u0259 \u00f6t\u0259n il respublikada v\u0259 rayonda g\u00f6r\u00fcl\u0259n i\u015fl\u0259r bar\u0259d\u0259 y\u0131\u011f\u0131ncaq i\u015ftirak\u00e7\u0131lar\u0131na \u0259trafl\u0131 m\u0259lumat verib, 7 oktyabr 2012-ci il tarixd\u0259 Az\u0259rbaycan Respublikas\u0131 Prezidenti c\u0259nab \u0130lham \u018fliyevin Z\u0259rdaba s\u0259f\u0259ri, [&hellip;]","og_url":"https:\/\/www.zerdab.com\/?p=6921","og_site_name":"Z\u0259rdab.com","article_published_time":"2013-02-01T14:43:01+00:00","article_modified_time":"2013-02-16T19:27:25+00:00","og_image":[{"url":"http:\/\/www.zerdab.com\/wp-content\/uploads\/2013\/02\/Zerdab-rayonu-350x232.jpg","type":"","width":"","height":""}],"author":"admin","twitter_card":"summary_large_image","twitter_misc":{"Written by":"admin","Est. reading time":"3 minutes"},"schema":{"@context":"https:\/\/schema.org","@graph":[{"@type":"Article","@id":"https:\/\/www.zerdab.com\/?p=6921#article","isPartOf":{"@id":"https:\/\/www.zerdab.com\/?p=6921"},"author":{"name":"admin","@id":"https:\/\/www.zerdab.com\/#\/schema\/person\/97079b7570c1e89ec0d9e138c3672136"},"headline":"\u0130cra ba\u015f\u00e7\u0131s\u0131 m\u0259d\u0259niyy\u0259t i\u015f\u00e7il\u0259ri il\u0259 g\u00f6r\u00fc\u015fd\u00fc","datePublished":"2013-02-01T14:43:01+00:00","dateModified":"2013-02-16T19:27:25+00:00","mainEntityOfPage":{"@id":"https:\/\/www.zerdab.com\/?p=6921"},"wordCount":551,"commentCount":0,"image":{"@id":"https:\/\/www.zerdab.com\/?p=6921#primaryimage"},"thumbnailUrl":"http:\/\/www.zerdab.com\/wp-content\/uploads\/2013\/02\/Zerdab-rayonu-350x232.jpg","articleSection":["C\u018fM\u0130YY\u018fT"],"inLanguage":"az","potentialAction":[{"@type":"CommentAction","name":"Comment","target":["https:\/\/www.zerdab.com\/?p=6921#respond"]}]},{"@type":"WebPage","@id":"https:\/\/www.zerdab.com\/?p=6921","url":"https:\/\/www.zerdab.com\/?p=6921","name":"\u0130cra ba\u015f\u00e7\u0131s\u0131 m\u0259d\u0259niyy\u0259t i\u015f\u00e7il\u0259ri il\u0259 g\u00f6r\u00fc\u015fd\u00fc - Z\u0259rdab.com","isPartOf":{"@id":"https:\/\/www.zerdab.com\/#website"},"primaryImageOfPage":{"@id":"https:\/\/www.zerdab.com\/?p=6921#primaryimage"},"image":{"@id":"https:\/\/www.zerdab.com\/?p=6921#primaryimage"},"thumbnailUrl":"http:\/\/www.zerdab.com\/wp-content\/uploads\/2013\/02\/Zerdab-rayonu-350x232.jpg","datePublished":"2013-02-01T14:43:01+00:00","dateModified":"2013-02-16T19:27:25+00:00","author":{"@id":"https:\/\/www.zerdab.com\/#\/schema\/person\/97079b7570c1e89ec0d9e138c3672136"},"breadcrumb":{"@id":"https:\/\/www.zerdab.com\/?p=6921#breadcrumb"},"inLanguage":"az","potentialAction":[{"@type":"ReadAction","target":["https:\/\/www.zerdab.com\/?p=6921"]}]},{"@type":"ImageObject","inLanguage":"az","@id":"https:\/\/www.zerdab.com\/?p=6921#primaryimage","url":"","contentUrl":""},{"@type":"BreadcrumbList","@id":"https:\/\/www.zerdab.com\/?p=6921#breadcrumb","itemListElement":[{"@type":"ListItem","position":1,"name":"Home","item":"https:\/\/www.zerdab.com\/"},{"@type":"ListItem","position":2,"name":"\u0130cra ba\u015f\u00e7\u0131s\u0131 m\u0259d\u0259niyy\u0259t i\u015f\u00e7il\u0259ri il\u0259 g\u00f6r\u00fc\u015fd\u00fc"}]},{"@type":"WebSite","@id":"https:\/\/www.zerdab.com\/#website","url":"https:\/\/www.zerdab.com\/","name":"Z\u0259rdab.com","description":"","potentialAction":[{"@type":"SearchAction","target":{"@type":"EntryPoint","urlTemplate":"https:\/\/www.zerdab.com\/?s={search_term_string}"},"query-input":{"@type":"PropertyValueSpecification","valueRequired":true,"valueName":"search_term_string"}}],"inLanguage":"az"},{"@type":"Person","@id":"https:\/\/www.zerdab.com\/#\/schema\/person\/97079b7570c1e89ec0d9e138c3672136","name":"admin","image":{"@type":"ImageObject","inLanguage":"az","@id":"https:\/\/www.zerdab.com\/#\/schema\/person\/image\/","url":"https:\/\/secure.gravatar.com\/avatar\/d9c52a9a27c32119cb6679a077fa3e2779e5f822c451cbf01098004361d466ec?s=96&d=mm&r=g","contentUrl":"https:\/\/secure.gravatar.com\/avatar\/d9c52a9a27c32119cb6679a077fa3e2779e5f822c451cbf01098004361d466ec?s=96&d=mm&r=g","caption":"admin"},"url":"https:\/\/www.zerdab.com\/?author=1"}]}},"_links":{"self":[{"href":"https:\/\/www.zerdab.com\/index.php?rest_route=\/wp\/v2\/posts\/6921","targetHints":{"allow":["GET"]}}],"collection":[{"href":"https:\/\/www.zerdab.com\/index.php?rest_route=\/wp\/v2\/posts"}],"about":[{"href":"https:\/\/www.zerdab.com\/index.php?rest_route=\/wp\/v2\/types\/post"}],"author":[{"embeddable":true,"href":"https:\/\/www.zerdab.com\/index.php?rest_route=\/wp\/v2\/users\/1"}],"replies":[{"embeddable":true,"href":"https:\/\/www.zerdab.com\/index.php?rest_route=%2Fwp%2Fv2%2Fcomments&post=6921"}],"version-history":[{"count":5,"href":"https:\/\/www.zerdab.com\/index.php?rest_route=\/wp\/v2\/posts\/6921\/revisions"}],"predecessor-version":[{"id":7410,"href":"https:\/\/www.zerdab.com\/index.php?rest_route=\/wp\/v2\/posts\/6921\/revisions\/7410"}],"wp:attachment":[{"href":"https:\/\/www.zerdab.com\/index.php?rest_route=%2Fwp%2Fv2%2Fmedia&parent=6921"}],"wp:term":[{"taxonomy":"category","embeddable":true,"href":"https:\/\/www.zerdab.com\/index.php?rest_route=%2Fwp%2Fv2%2Fcategories&post=6921"},{"taxonomy":"post_tag","embeddable":true,"href":"https:\/\/www.zerdab.com\/index.php?rest_route=%2Fwp%2Fv2%2Ftags&post=6921"}],"curies":[{"name":"wp","href":"https:\/\/api.w.org\/{rel}","templated":true}]}}