{"id":6937,"date":"2013-02-02T00:10:08","date_gmt":"2013-02-01T20:10:08","guid":{"rendered":"http:\/\/www.zerdab.com\/?p=6937"},"modified":"2018-04-13T14:49:05","modified_gmt":"2018-04-13T10:49:05","slug":"briqada-komandiri-h%c9%99myerlimiz-inqilab-muradov","status":"publish","type":"post","link":"https:\/\/www.zerdab.com\/?p=6937","title":{"rendered":"Briqada komandiri, h\u0259myerlimiz \u0130nqilab Muradov"},"content":{"rendered":"<p><strong>Muradov \u0130nqilab Heyd\u0259r o\u011flu 1967-ci ild\u0259 Z\u0259rdab rayonunun \u0130saqba\u011f\u0131 k\u0259ndind\u0259 anadan olub.<\/strong> U\u015faql\u0131q ill\u0259rind\u0259n h\u0259rbiy\u0259 b\u00f6y\u00fck maraq g\u00f6st\u0259rib. Odur ki, 1984-1988-ci ill\u0259rd\u0259 Rusiyan\u0131n Kam\u0131\u015finski Ali H\u0259rbi Komandanl\u0131q M\u0259kt\u0259bind\u0259 t\u0259hsil al\u0131b. 1993-c\u00fc ild\u0259n Az\u0259rbaycan Respublikas\u0131 Daxili \u0130\u015fl\u0259r Nazirliyinin Daxili Qo\u015funlar\u0131nda xidm\u0259tini davam etdirir. Polkovnik Muradov \u0130nqilab Heyd\u0259r o\u011flu haz\u0131rda N sayl\u0131 h\u0259rbi hiss\u0259d\u0259 briqada komandiridir.<\/p>\n<p>Az\u0259rbaycan Respublikas\u0131n\u0131n m\u0259rhum prezidenti Heyd\u0259r \u018fliyevin 30 iyun, 2002-ci il tarixli s\u0259r\u0259ncam\u0131 il\u0259 Az\u0259rbaycan Respublikas\u0131nda ictimai qaydan\u0131n v\u0259 ictimai t\u0259hl\u00fck\u0259sizliyin qorunmas\u0131nda, m\u00fct\u0259\u015f\u0259kkil cinay\u0259tkarl\u0131\u011fa, terror\u00e7ulu\u011fa v\u0259 dig\u0259r t\u0259hl\u00fck\u0259li cinay\u0259tl\u0259r\u0259 qar\u015f\u0131 m\u00fcbariz\u0259d\u0259, qanunsuz silahl\u0131 d\u0259st\u0259l\u0259rin z\u0259r\u0259rsizl\u0259\u015fdirilm\u0259sind\u0259 x\u00fcsusil\u0259 f\u0259rql\u0259ndiyin\u0259, \u015f\u00fcca\u0259t v\u0259 igidlik g\u00f6st\u0259rdiyin\u0259 g\u00f6r\u0259 &#8220;Az\u0259rbaycan bayra\u011f\u0131&#8221; ordeni il\u0259 t\u0259ltif edilib.<\/p>\n<p>Prezident \u0130lham \u018fliyev \u0130. Muradovun n\u00fcmun\u0259vi xidm\u0259tini n\u0259z\u0259r\u0259 alaraq onu 2007-ci ild\u0259 Bak\u0131 \u015f\u0259h\u0259rind\u0259 m\u0259nzill\u0259 t\u0259min edib.<\/p>\n<p>H\u0259myerlimiz \u0130nqilab Muradov &#8220;Q\u00fcsursuz xidm\u0259tl\u0259r\u0259 g\u00f6r\u0259&#8221;, &#8220;H\u0259rbi xidm\u0259tl\u0259r\u0259 g\u00f6r\u0259&#8221;, 2 v\u0259 3 d\u0259r\u0259c\u0259li &#8220;H\u0259rbi xidm\u0259td\u0259 f\u0259rql\u0259nm\u0259y\u0259 g\u00f6r\u0259&#8221;, Az\u0259rbaycan Respublikas\u0131 Silahl\u0131 Q\u00fcvv\u0259l\u0259rinin yubiley medallar\u0131 il\u0259 d\u0259 t\u0259ltif olunub. www.zerdab.com sayt\u0131 d\u0259y\u0259rli h\u0259myerlimiz\u0259 \u015f\u0259r\u0259fli v\u0259 m\u0259suliyy\u0259tli i\u015find\u0259 u\u011furlar v\u0259 q\u0259l\u0259b\u0259 sevinci arzulay\u0131r.<\/p>\n<p><strong>www.zerdab.com<\/strong><\/p>\n","protected":false},"excerpt":{"rendered":"<p>Muradov \u0130nqilab Heyd\u0259r o\u011flu 1967-ci ild\u0259 Z\u0259rdab rayonunun \u0130saqba\u011f\u0131 k\u0259ndind\u0259 anadan olub. U\u015faql\u0131q ill\u0259rind\u0259n h\u0259rbiy\u0259 b\u00f6y\u00fck maraq g\u00f6st\u0259rib. Odur ki, 1984-1988-ci ill\u0259rd\u0259 Rusiyan\u0131n Kam\u0131\u015finski Ali H\u0259rbi Komandanl\u0131q M\u0259kt\u0259bind\u0259 t\u0259hsil al\u0131b. 1993-c\u00fc ild\u0259n Az\u0259rbaycan Respublikas\u0131 Daxili \u0130\u015fl\u0259r Nazirliyinin Daxili Qo\u015funlar\u0131nda xidm\u0259tini davam etdirir. Polkovnik Muradov \u0130nqilab Heyd\u0259r o\u011flu haz\u0131rda N sayl\u0131 h\u0259rbi hiss\u0259d\u0259 briqada komandiridir. Az\u0259rbaycan [&hellip;]<\/p>\n","protected":false},"author":1,"featured_media":25845,"comment_status":"open","ping_status":"open","sticky":false,"template":"","format":"standard","meta":{"footnotes":""},"categories":[7],"tags":[],"class_list":{"0":"post-6937","1":"post","2":"type-post","3":"status-publish","4":"format-standard","5":"has-post-thumbnail","7":"category-ziyalilar"},"yoast_head":"<!-- This site is optimized with the Yoast SEO plugin v27.0 - https:\/\/yoast.com\/product\/yoast-seo-wordpress\/ -->\n<title>Briqada komandiri, h\u0259myerlimiz \u0130nqilab Muradov - Z\u0259rdab.com<\/title>\n<meta name=\"robots\" content=\"index, follow, max-snippet:-1, max-image-preview:large, max-video-preview:-1\" \/>\n<link rel=\"canonical\" href=\"https:\/\/www.zerdab.com\/?p=6937\" \/>\n<meta property=\"og:locale\" content=\"az_AZ\" \/>\n<meta property=\"og:type\" content=\"article\" \/>\n<meta property=\"og:title\" content=\"Briqada komandiri, h\u0259myerlimiz \u0130nqilab Muradov - Z\u0259rdab.com\" \/>\n<meta property=\"og:description\" content=\"Muradov \u0130nqilab Heyd\u0259r o\u011flu 1967-ci ild\u0259 Z\u0259rdab rayonunun \u0130saqba\u011f\u0131 k\u0259ndind\u0259 anadan olub. U\u015faql\u0131q ill\u0259rind\u0259n h\u0259rbiy\u0259 b\u00f6y\u00fck maraq g\u00f6st\u0259rib. Odur ki, 1984-1988-ci ill\u0259rd\u0259 Rusiyan\u0131n Kam\u0131\u015finski Ali H\u0259rbi Komandanl\u0131q M\u0259kt\u0259bind\u0259 t\u0259hsil al\u0131b. 1993-c\u00fc ild\u0259n Az\u0259rbaycan Respublikas\u0131 Daxili \u0130\u015fl\u0259r Nazirliyinin Daxili Qo\u015funlar\u0131nda xidm\u0259tini davam etdirir. Polkovnik Muradov \u0130nqilab Heyd\u0259r o\u011flu haz\u0131rda N sayl\u0131 h\u0259rbi hiss\u0259d\u0259 briqada komandiridir. Az\u0259rbaycan [&hellip;]\" \/>\n<meta property=\"og:url\" content=\"https:\/\/www.zerdab.com\/?p=6937\" \/>\n<meta property=\"og:site_name\" content=\"Z\u0259rdab.com\" \/>\n<meta property=\"article:published_time\" content=\"2013-02-01T20:10:08+00:00\" \/>\n<meta property=\"article:modified_time\" content=\"2018-04-13T10:49:05+00:00\" \/>\n<meta property=\"og:image\" content=\"https:\/\/www.zerdab.com\/wp-content\/uploads\/2018\/04\/daxili-qosunlar-inqilab-muradov3.jpeg\" \/>\n\t<meta property=\"og:image:width\" content=\"523\" \/>\n\t<meta property=\"og:image:height\" content=\"327\" \/>\n\t<meta property=\"og:image:type\" content=\"image\/jpeg\" \/>\n<meta name=\"author\" content=\"admin\" \/>\n<meta name=\"twitter:card\" content=\"summary_large_image\" \/>\n<meta name=\"twitter:label1\" content=\"Written by\" \/>\n\t<meta name=\"twitter:data1\" content=\"admin\" \/>\n\t<meta name=\"twitter:label2\" content=\"Est. reading time\" \/>\n\t<meta name=\"twitter:data2\" content=\"1 minute\" \/>\n<script type=\"application\/ld+json\" class=\"yoast-schema-graph\">{\"@context\":\"https:\/\/schema.org\",\"@graph\":[{\"@type\":\"Article\",\"@id\":\"https:\/\/www.zerdab.com\/?p=6937#article\",\"isPartOf\":{\"@id\":\"https:\/\/www.zerdab.com\/?p=6937\"},\"author\":{\"name\":\"admin\",\"@id\":\"https:\/\/www.zerdab.com\/#\/schema\/person\/97079b7570c1e89ec0d9e138c3672136\"},\"headline\":\"Briqada komandiri, h\u0259myerlimiz \u0130nqilab Muradov\",\"datePublished\":\"2013-02-01T20:10:08+00:00\",\"dateModified\":\"2018-04-13T10:49:05+00:00\",\"mainEntityOfPage\":{\"@id\":\"https:\/\/www.zerdab.com\/?p=6937\"},\"wordCount\":285,\"commentCount\":12,\"image\":{\"@id\":\"https:\/\/www.zerdab.com\/?p=6937#primaryimage\"},\"thumbnailUrl\":\"https:\/\/www.zerdab.com\/wp-content\/uploads\/2018\/04\/daxili-qosunlar-inqilab-muradov3.jpeg\",\"articleSection\":[\"F\u018fXRL\u018fR\u0130M\u0130Z\"],\"inLanguage\":\"az\",\"potentialAction\":[{\"@type\":\"CommentAction\",\"name\":\"Comment\",\"target\":[\"https:\/\/www.zerdab.com\/?p=6937#respond\"]}]},{\"@type\":\"WebPage\",\"@id\":\"https:\/\/www.zerdab.com\/?p=6937\",\"url\":\"https:\/\/www.zerdab.com\/?p=6937\",\"name\":\"Briqada komandiri, h\u0259myerlimiz \u0130nqilab Muradov - Z\u0259rdab.com\",\"isPartOf\":{\"@id\":\"https:\/\/www.zerdab.com\/#website\"},\"primaryImageOfPage\":{\"@id\":\"https:\/\/www.zerdab.com\/?p=6937#primaryimage\"},\"image\":{\"@id\":\"https:\/\/www.zerdab.com\/?p=6937#primaryimage\"},\"thumbnailUrl\":\"https:\/\/www.zerdab.com\/wp-content\/uploads\/2018\/04\/daxili-qosunlar-inqilab-muradov3.jpeg\",\"datePublished\":\"2013-02-01T20:10:08+00:00\",\"dateModified\":\"2018-04-13T10:49:05+00:00\",\"author\":{\"@id\":\"https:\/\/www.zerdab.com\/#\/schema\/person\/97079b7570c1e89ec0d9e138c3672136\"},\"breadcrumb\":{\"@id\":\"https:\/\/www.zerdab.com\/?p=6937#breadcrumb\"},\"inLanguage\":\"az\",\"potentialAction\":[{\"@type\":\"ReadAction\",\"target\":[\"https:\/\/www.zerdab.com\/?p=6937\"]}]},{\"@type\":\"ImageObject\",\"inLanguage\":\"az\",\"@id\":\"https:\/\/www.zerdab.com\/?p=6937#primaryimage\",\"url\":\"https:\/\/www.zerdab.com\/wp-content\/uploads\/2018\/04\/daxili-qosunlar-inqilab-muradov3.jpeg\",\"contentUrl\":\"https:\/\/www.zerdab.com\/wp-content\/uploads\/2018\/04\/daxili-qosunlar-inqilab-muradov3.jpeg\",\"width\":523,\"height\":327,\"caption\":\"daxili qosunlar-inqilab-muradov\"},{\"@type\":\"BreadcrumbList\",\"@id\":\"https:\/\/www.zerdab.com\/?p=6937#breadcrumb\",\"itemListElement\":[{\"@type\":\"ListItem\",\"position\":1,\"name\":\"Home\",\"item\":\"https:\/\/www.zerdab.com\/\"},{\"@type\":\"ListItem\",\"position\":2,\"name\":\"Briqada komandiri, h\u0259myerlimiz \u0130nqilab Muradov\"}]},{\"@type\":\"WebSite\",\"@id\":\"https:\/\/www.zerdab.com\/#website\",\"url\":\"https:\/\/www.zerdab.com\/\",\"name\":\"Z\u0259rdab.com\",\"description\":\"\",\"potentialAction\":[{\"@type\":\"SearchAction\",\"target\":{\"@type\":\"EntryPoint\",\"urlTemplate\":\"https:\/\/www.zerdab.com\/?s={search_term_string}\"},\"query-input\":{\"@type\":\"PropertyValueSpecification\",\"valueRequired\":true,\"valueName\":\"search_term_string\"}}],\"inLanguage\":\"az\"},{\"@type\":\"Person\",\"@id\":\"https:\/\/www.zerdab.com\/#\/schema\/person\/97079b7570c1e89ec0d9e138c3672136\",\"name\":\"admin\",\"image\":{\"@type\":\"ImageObject\",\"inLanguage\":\"az\",\"@id\":\"https:\/\/www.zerdab.com\/#\/schema\/person\/image\/\",\"url\":\"https:\/\/secure.gravatar.com\/avatar\/d9c52a9a27c32119cb6679a077fa3e2779e5f822c451cbf01098004361d466ec?s=96&d=mm&r=g\",\"contentUrl\":\"https:\/\/secure.gravatar.com\/avatar\/d9c52a9a27c32119cb6679a077fa3e2779e5f822c451cbf01098004361d466ec?s=96&d=mm&r=g\",\"caption\":\"admin\"},\"url\":\"https:\/\/www.zerdab.com\/?author=1\"}]}<\/script>\n<!-- \/ Yoast SEO plugin. -->","yoast_head_json":{"title":"Briqada komandiri, h\u0259myerlimiz \u0130nqilab Muradov - Z\u0259rdab.com","robots":{"index":"index","follow":"follow","max-snippet":"max-snippet:-1","max-image-preview":"max-image-preview:large","max-video-preview":"max-video-preview:-1"},"canonical":"https:\/\/www.zerdab.com\/?p=6937","og_locale":"az_AZ","og_type":"article","og_title":"Briqada komandiri, h\u0259myerlimiz \u0130nqilab Muradov - Z\u0259rdab.com","og_description":"Muradov \u0130nqilab Heyd\u0259r o\u011flu 1967-ci ild\u0259 Z\u0259rdab rayonunun \u0130saqba\u011f\u0131 k\u0259ndind\u0259 anadan olub. U\u015faql\u0131q ill\u0259rind\u0259n h\u0259rbiy\u0259 b\u00f6y\u00fck maraq g\u00f6st\u0259rib. Odur ki, 1984-1988-ci ill\u0259rd\u0259 Rusiyan\u0131n Kam\u0131\u015finski Ali H\u0259rbi Komandanl\u0131q M\u0259kt\u0259bind\u0259 t\u0259hsil al\u0131b. 1993-c\u00fc ild\u0259n Az\u0259rbaycan Respublikas\u0131 Daxili \u0130\u015fl\u0259r Nazirliyinin Daxili Qo\u015funlar\u0131nda xidm\u0259tini davam etdirir. Polkovnik Muradov \u0130nqilab Heyd\u0259r o\u011flu haz\u0131rda N sayl\u0131 h\u0259rbi hiss\u0259d\u0259 briqada komandiridir. Az\u0259rbaycan [&hellip;]","og_url":"https:\/\/www.zerdab.com\/?p=6937","og_site_name":"Z\u0259rdab.com","article_published_time":"2013-02-01T20:10:08+00:00","article_modified_time":"2018-04-13T10:49:05+00:00","og_image":[{"width":523,"height":327,"url":"https:\/\/www.zerdab.com\/wp-content\/uploads\/2018\/04\/daxili-qosunlar-inqilab-muradov3.jpeg","type":"image\/jpeg"}],"author":"admin","twitter_card":"summary_large_image","twitter_misc":{"Written by":"admin","Est. reading time":"1 minute"},"schema":{"@context":"https:\/\/schema.org","@graph":[{"@type":"Article","@id":"https:\/\/www.zerdab.com\/?p=6937#article","isPartOf":{"@id":"https:\/\/www.zerdab.com\/?p=6937"},"author":{"name":"admin","@id":"https:\/\/www.zerdab.com\/#\/schema\/person\/97079b7570c1e89ec0d9e138c3672136"},"headline":"Briqada komandiri, h\u0259myerlimiz \u0130nqilab Muradov","datePublished":"2013-02-01T20:10:08+00:00","dateModified":"2018-04-13T10:49:05+00:00","mainEntityOfPage":{"@id":"https:\/\/www.zerdab.com\/?p=6937"},"wordCount":285,"commentCount":12,"image":{"@id":"https:\/\/www.zerdab.com\/?p=6937#primaryimage"},"thumbnailUrl":"https:\/\/www.zerdab.com\/wp-content\/uploads\/2018\/04\/daxili-qosunlar-inqilab-muradov3.jpeg","articleSection":["F\u018fXRL\u018fR\u0130M\u0130Z"],"inLanguage":"az","potentialAction":[{"@type":"CommentAction","name":"Comment","target":["https:\/\/www.zerdab.com\/?p=6937#respond"]}]},{"@type":"WebPage","@id":"https:\/\/www.zerdab.com\/?p=6937","url":"https:\/\/www.zerdab.com\/?p=6937","name":"Briqada komandiri, h\u0259myerlimiz \u0130nqilab Muradov - Z\u0259rdab.com","isPartOf":{"@id":"https:\/\/www.zerdab.com\/#website"},"primaryImageOfPage":{"@id":"https:\/\/www.zerdab.com\/?p=6937#primaryimage"},"image":{"@id":"https:\/\/www.zerdab.com\/?p=6937#primaryimage"},"thumbnailUrl":"https:\/\/www.zerdab.com\/wp-content\/uploads\/2018\/04\/daxili-qosunlar-inqilab-muradov3.jpeg","datePublished":"2013-02-01T20:10:08+00:00","dateModified":"2018-04-13T10:49:05+00:00","author":{"@id":"https:\/\/www.zerdab.com\/#\/schema\/person\/97079b7570c1e89ec0d9e138c3672136"},"breadcrumb":{"@id":"https:\/\/www.zerdab.com\/?p=6937#breadcrumb"},"inLanguage":"az","potentialAction":[{"@type":"ReadAction","target":["https:\/\/www.zerdab.com\/?p=6937"]}]},{"@type":"ImageObject","inLanguage":"az","@id":"https:\/\/www.zerdab.com\/?p=6937#primaryimage","url":"https:\/\/www.zerdab.com\/wp-content\/uploads\/2018\/04\/daxili-qosunlar-inqilab-muradov3.jpeg","contentUrl":"https:\/\/www.zerdab.com\/wp-content\/uploads\/2018\/04\/daxili-qosunlar-inqilab-muradov3.jpeg","width":523,"height":327,"caption":"daxili qosunlar-inqilab-muradov"},{"@type":"BreadcrumbList","@id":"https:\/\/www.zerdab.com\/?p=6937#breadcrumb","itemListElement":[{"@type":"ListItem","position":1,"name":"Home","item":"https:\/\/www.zerdab.com\/"},{"@type":"ListItem","position":2,"name":"Briqada komandiri, h\u0259myerlimiz \u0130nqilab Muradov"}]},{"@type":"WebSite","@id":"https:\/\/www.zerdab.com\/#website","url":"https:\/\/www.zerdab.com\/","name":"Z\u0259rdab.com","description":"","potentialAction":[{"@type":"SearchAction","target":{"@type":"EntryPoint","urlTemplate":"https:\/\/www.zerdab.com\/?s={search_term_string}"},"query-input":{"@type":"PropertyValueSpecification","valueRequired":true,"valueName":"search_term_string"}}],"inLanguage":"az"},{"@type":"Person","@id":"https:\/\/www.zerdab.com\/#\/schema\/person\/97079b7570c1e89ec0d9e138c3672136","name":"admin","image":{"@type":"ImageObject","inLanguage":"az","@id":"https:\/\/www.zerdab.com\/#\/schema\/person\/image\/","url":"https:\/\/secure.gravatar.com\/avatar\/d9c52a9a27c32119cb6679a077fa3e2779e5f822c451cbf01098004361d466ec?s=96&d=mm&r=g","contentUrl":"https:\/\/secure.gravatar.com\/avatar\/d9c52a9a27c32119cb6679a077fa3e2779e5f822c451cbf01098004361d466ec?s=96&d=mm&r=g","caption":"admin"},"url":"https:\/\/www.zerdab.com\/?author=1"}]}},"_links":{"self":[{"href":"https:\/\/www.zerdab.com\/index.php?rest_route=\/wp\/v2\/posts\/6937","targetHints":{"allow":["GET"]}}],"collection":[{"href":"https:\/\/www.zerdab.com\/index.php?rest_route=\/wp\/v2\/posts"}],"about":[{"href":"https:\/\/www.zerdab.com\/index.php?rest_route=\/wp\/v2\/types\/post"}],"author":[{"embeddable":true,"href":"https:\/\/www.zerdab.com\/index.php?rest_route=\/wp\/v2\/users\/1"}],"replies":[{"embeddable":true,"href":"https:\/\/www.zerdab.com\/index.php?rest_route=%2Fwp%2Fv2%2Fcomments&post=6937"}],"version-history":[{"count":3,"href":"https:\/\/www.zerdab.com\/index.php?rest_route=\/wp\/v2\/posts\/6937\/revisions"}],"predecessor-version":[{"id":25847,"href":"https:\/\/www.zerdab.com\/index.php?rest_route=\/wp\/v2\/posts\/6937\/revisions\/25847"}],"wp:featuredmedia":[{"embeddable":true,"href":"https:\/\/www.zerdab.com\/index.php?rest_route=\/wp\/v2\/media\/25845"}],"wp:attachment":[{"href":"https:\/\/www.zerdab.com\/index.php?rest_route=%2Fwp%2Fv2%2Fmedia&parent=6937"}],"wp:term":[{"taxonomy":"category","embeddable":true,"href":"https:\/\/www.zerdab.com\/index.php?rest_route=%2Fwp%2Fv2%2Fcategories&post=6937"},{"taxonomy":"post_tag","embeddable":true,"href":"https:\/\/www.zerdab.com\/index.php?rest_route=%2Fwp%2Fv2%2Ftags&post=6937"}],"curies":[{"name":"wp","href":"https:\/\/api.w.org\/{rel}","templated":true}]}}