{"id":6943,"date":"2013-02-02T12:41:03","date_gmt":"2013-02-02T08:41:03","guid":{"rendered":"http:\/\/www.zerdab.com\/?p=6943"},"modified":"2013-02-02T21:30:17","modified_gmt":"2013-02-02T17:30:17","slug":"z%c9%99rdabda-bir-qrup-g%c9%99nc%c9%99-qiym%c9%99tli-h%c9%99diyy%c9%99l%c9%99r-verildi","status":"publish","type":"post","link":"https:\/\/www.zerdab.com\/?p=6943","title":{"rendered":"Z\u0259rdabda bir qrup g\u0259nc\u0259 qiym\u0259tli h\u0259diyy\u0259l\u0259r verildi &#8211; fotolar"},"content":{"rendered":"<p><strong><img loading=\"lazy\" decoding=\"async\" class=\"aligncenter size-medium wp-image-6944\" alt=\"Zerdab rayonu\" src=\"http:\/\/www.zerdab.com\/wp-content\/uploads\/2013\/02\/Zerdab-rayonu4-350x233.jpg\" width=\"350\" height=\"233\" \/>2 Fevral G\u0259ncl\u0259r G\u00fcn\u00fc m\u00fcnasib\u0259til\u0259 fevral ay\u0131n\u0131n 1-d\u0259 \u201cK\u00fcr\u201d \u015fadl\u0131q saray\u0131nda z\u0259rdabl\u0131 g\u0259ncl\u0259rin bayram t\u0259dbiri ke\u00e7irilib.<\/strong> www.zerdab.com sayt\u0131na veril\u0259n m\u0259lumata g\u00f6r\u0259,\u00a0Rayon G\u0259ncl\u0259r v\u0259 \u0130dman \u0130dar\u0259sinin r\u0259isi \u0130lkin \u018fliyev m\u0259ruz\u0259 il\u0259 \u00e7\u0131x\u0131\u015f edib. M\u0259ruz\u0259d\u0259 g\u0259ncl\u0259r\u0259 diqq\u0259t v\u0259 qay\u011f\u0131n\u0131n t\u0259m\u0259linin \u00fcmummilli lider Heyd\u0259r \u018fliyev t\u0259r\u0259find\u0259n qoyulmas\u0131, bu diqq\u0259t v\u0259 qay\u011f\u0131n\u0131n \u00f6lk\u0259 Prezidenti c\u0259nab \u0130lham \u018fliyev t\u0259r\u0259find\u0259n u\u011furla davam etdirilm\u0259si raz\u0131l\u0131qla vur\u011fulan\u0131b. \u00d6lk\u0259mizd\u0259 2007-ci ilin \u201cG\u0259ncl\u0259r ili\u201d, 2009-cu ilin \u201cU\u015faq ili\u201d, 2012-ci ilin \u201c\u0130dman ili\u201d elan edilm\u0259si g\u0259ncl\u0259rimiz t\u0259r\u0259find\u0259n d\u00f6vl\u0259timizin Ba\u015f\u00e7\u0131s\u0131na minn\u0259tdarl\u0131q hissi il\u0259 qar\u015f\u0131land\u0131\u011f\u0131 bildirilib. \u0130lkin \u018fliyev g\u0259ncl\u0259rin rayonun ictimai-siyasi v\u0259 m\u0259d\u0259ni h\u0259yat\u0131nda f\u0259al i\u015ftirak etm\u0259sini son ill\u0259r z\u0259rdabl\u0131 g\u0259ncl\u0259rin, idman\u00e7\u0131lar\u0131n sora\u011f\u0131n\u0131n respublika v\u0259 Beyn\u0259lxalq turnirl\u0259rd\u0259n, Avropa v\u0259 d\u00fcnya kuboku yar\u0131\u015flar\u0131ndan g\u0259lm\u0259sini bildirib, \u015fahmat\u00e7\u0131lar\u0131n, karate\u00e7il\u0259rin u\u011furlar\u0131ndan \u0259trafl\u0131 dan\u0131\u015f\u0131b.<\/p>\n<p>T\u0259dbird\u0259 \u00e7\u0131x\u0131\u015f ed\u0259n g\u0259ncl\u0259rin n\u00fcmay\u0259nd\u0259l\u0259ri 2012-ci ild\u0259 rayonda g\u0259ncl\u0259r \u00fc\u00e7\u00fcn yarad\u0131lan \u015f\u0259raitd\u0259n d\u0259 \u0259trafl\u0131 dan\u0131\u015f\u0131b, \u00f6lk\u0259 Prezidentinin i\u015ftirak\u0131 il\u0259 Z\u0259rdabda G\u0259ncl\u0259r M\u0259rk\u0259zinin, Heyd\u0259r \u018fliyev M\u0259rk\u0259zinin, Yarad\u0131c\u0131l\u0131q evinin, U\u015faq v\u0259 Ail\u0259l\u0259r\u0259 D\u0259st\u0259k M\u0259rk\u0259zinin a\u00e7\u0131l\u0131\u015f\u0131na g\u00f6r\u0259 D\u00f6vl\u0259t Ba\u015f\u00e7\u0131s\u0131na g\u0259ncl\u0259rin minn\u0259tdarl\u0131qlar\u0131 bildirilib.<\/p>\n<p>Yay\u0131lan m\u0259lumata g\u00f6r\u0259, \u00e7\u0131x\u0131\u015flarda h\u0259m\u00e7inin \u0130smay\u0131ll\u0131 hadis\u0259l\u0259rin\u0259 m\u00fcnasib\u0259t bildirilib, m\u00fcxalif\u0259tin qeyri-ciddi, qanunlar\u0131m\u0131za zidd add\u0131mlar\u0131 q\u0259tiyy\u0259tl\u0259 pisl\u0259nilib, \u018fli K\u0259rimlil\u0259r\u0259, \u0130sa Q\u0259nb\u0259rl\u0259r\u0259 g\u0259ncl\u0259r aras\u0131nda yer olmad\u0131\u011f\u0131n\u0131 b\u0259yan edibl\u0259r.<\/p>\n<p>Toplant\u0131da h\u0259m\u00e7inin yaz\u0131\u00e7\u0131 \u018fkr\u0259m \u018fylislinin\u00a0 \u201cDa\u015f yuxular\u201d \u0259s\u0259ri il\u0259 ba\u011fl\u0131 fikirl\u0259r s\u0259sl\u0259ndirilib. \u018fkr\u0259m \u018fylislinin bu \u0259s\u0259rin\u0259 g\u00f6r\u0259 onun b\u00fct\u00fcn kitablar\u0131n\u0131n sat\u0131\u015flardan y\u0131\u011f\u0131\u015fd\u0131r\u0131lmas\u0131, respublika v\u0259t\u0259nda\u015fl\u0131\u011f\u0131ndan xaric olunmas\u0131, xalq yaz\u0131\u00e7\u0131s\u0131 ad\u0131ndan m\u0259hrum edilm\u0259si t\u0259klif olunub.<\/p>\n<p>G\u0259ncl\u0259rin bayram t\u0259dbirind\u0259 Rayon \u0130cra Hakimiyy\u0259tinin ba\u015f\u00e7\u0131s\u0131 c\u0259nab L\u00fctv\u0259li Babayev i\u015ftirak v\u0259 \u00e7\u0131x\u0131\u015f edib, 2012-ci ild\u0259 ayr\u0131-ayr\u0131 sah\u0259l\u0259rd\u0259 f\u0259rql\u0259n\u0259n bir qrup g\u0259ncl\u0259r\u0259 qiym\u0259tli h\u0259diyy\u0259l\u0259r t\u0259qdim edib.<\/p>\n<p>M\u0259rasim boyu rayonun musiqi kollektivl\u0259ri g\u00f6z\u0259l ifalar\u0131 il\u0259 t\u0259dbir i\u015ftirak\u00e7\u0131lar\u0131na xo\u015f ovqat b\u0259x\u015f edil\u0259r.<\/p>\n<p><strong>www.zerdab.com<\/strong><\/p>\n<p><img loading=\"lazy\" decoding=\"async\" class=\"aligncenter size-medium wp-image-6947\" alt=\"Zerdab rayonu\" src=\"http:\/\/www.zerdab.com\/wp-content\/uploads\/2013\/02\/Zerdab-rayonu41-350x233.jpg\" width=\"350\" height=\"233\" \/><\/p>\n<p><img loading=\"lazy\" decoding=\"async\" class=\"aligncenter size-medium wp-image-6948\" alt=\"Zerdab rayonu\" src=\"http:\/\/www.zerdab.com\/wp-content\/uploads\/2013\/02\/Zerdab-rayonu11-350x233.jpg\" width=\"350\" height=\"233\" \/><img loading=\"lazy\" decoding=\"async\" class=\"aligncenter size-medium wp-image-6979\" alt=\"Z\u0259rdab-rayonu\" src=\"http:\/\/www.zerdab.com\/wp-content\/uploads\/2013\/02\/Z\u0259rdab-rayonu41-350x233.jpg\" width=\"350\" height=\"233\" \/><\/p>\n<p><img loading=\"lazy\" decoding=\"async\" class=\"aligncenter size-medium wp-image-6949\" alt=\"Zerdab rayonu\" src=\"http:\/\/www.zerdab.com\/wp-content\/uploads\/2013\/02\/Zerdab-rayonu6-233x350.jpg\" width=\"233\" height=\"350\" \/><\/p>\n<p><img loading=\"lazy\" decoding=\"async\" class=\"aligncenter size-medium wp-image-6950\" alt=\"Zerdab rayonu\" src=\"http:\/\/www.zerdab.com\/wp-content\/uploads\/2013\/02\/Zerdab-rayonu31-350x233.jpg\" width=\"350\" height=\"233\" \/><\/p>\n<p><img loading=\"lazy\" decoding=\"async\" class=\"aligncenter size-medium wp-image-6952\" alt=\"Z\u0259rdab rayonu\" src=\"http:\/\/www.zerdab.com\/wp-content\/uploads\/2013\/02\/Zerdab-rayonu5-350x233.jpg\" width=\"350\" height=\"233\" \/><\/p>\n<p><img loading=\"lazy\" decoding=\"async\" class=\"aligncenter size-medium wp-image-6953\" alt=\"Z\u0259rdab rayonu\" src=\"http:\/\/www.zerdab.com\/wp-content\/uploads\/2013\/02\/Z\u0259rdab-rayonu-350x233.jpg\" width=\"350\" height=\"233\" \/><\/p>\n<p><img loading=\"lazy\" decoding=\"async\" class=\"aligncenter size-medium wp-image-6954\" alt=\"Z\u0259rdab rayonu\" src=\"http:\/\/www.zerdab.com\/wp-content\/uploads\/2013\/02\/Z\u0259rdab-rayonu1-350x233.jpg\" width=\"350\" height=\"233\" \/><\/p>\n<p><img loading=\"lazy\" decoding=\"async\" class=\"aligncenter size-medium wp-image-6955\" alt=\"Z\u0259rdab rayonu\" src=\"http:\/\/www.zerdab.com\/wp-content\/uploads\/2013\/02\/Z\u0259rdab-rayonu2-350x233.jpg\" width=\"350\" height=\"233\" \/><\/p>\n<p><img loading=\"lazy\" decoding=\"async\" class=\"aligncenter size-medium wp-image-6957\" alt=\"Z\u0259rdab rayonu\" src=\"http:\/\/www.zerdab.com\/wp-content\/uploads\/2013\/02\/Z\u0259rdab-rayonu3-350x233.jpg\" width=\"350\" height=\"233\" \/><\/p>\n<p><img loading=\"lazy\" decoding=\"async\" class=\"aligncenter size-medium wp-image-6958\" alt=\"Z\u0259rdab rayonu\" src=\"http:\/\/www.zerdab.com\/wp-content\/uploads\/2013\/02\/Z\u0259rdab-rayonu4-350x233.jpg\" width=\"350\" height=\"233\" \/><\/p>\n<p><img loading=\"lazy\" decoding=\"async\" class=\"aligncenter size-medium wp-image-6959\" alt=\"Z\u0259rdab rayonu\" src=\"http:\/\/www.zerdab.com\/wp-content\/uploads\/2013\/02\/Z\u0259rdab-rayonu8-350x233.jpg\" width=\"350\" height=\"233\" \/><\/p>\n<p><img loading=\"lazy\" decoding=\"async\" class=\"aligncenter size-medium wp-image-6961\" alt=\"Z\u0259rdab rayonu\" src=\"http:\/\/www.zerdab.com\/wp-content\/uploads\/2013\/02\/Z\u0259rdab-rayonu9-350x233.jpg\" width=\"350\" height=\"233\" \/><\/p>\n<p><img loading=\"lazy\" decoding=\"async\" class=\"aligncenter size-medium wp-image-6963\" alt=\"Z\u0259rdab rayonu\" src=\"http:\/\/www.zerdab.com\/wp-content\/uploads\/2013\/02\/Z\u0259rdab-rayonu10-350x233.jpg\" width=\"350\" height=\"233\" \/><img loading=\"lazy\" decoding=\"async\" class=\"aligncenter size-medium wp-image-6976\" alt=\"Z\u0259rdab-rayonu\" src=\"http:\/\/www.zerdab.com\/wp-content\/uploads\/2013\/02\/Z\u0259rdab-rayonu5-350x233.jpg\" width=\"350\" height=\"233\" \/><img loading=\"lazy\" decoding=\"async\" class=\"aligncenter size-medium wp-image-6977\" alt=\"Z\u0259rdab-rayonu\" src=\"http:\/\/www.zerdab.com\/wp-content\/uploads\/2013\/02\/Z\u0259rdab-rayonu21-350x233.jpg\" width=\"350\" height=\"233\" \/><\/p>\n","protected":false},"excerpt":{"rendered":"<p>2 Fevral G\u0259ncl\u0259r G\u00fcn\u00fc m\u00fcnasib\u0259til\u0259 fevral ay\u0131n\u0131n 1-d\u0259 \u201cK\u00fcr\u201d \u015fadl\u0131q saray\u0131nda z\u0259rdabl\u0131 g\u0259ncl\u0259rin bayram t\u0259dbiri ke\u00e7irilib. www.zerdab.com sayt\u0131na veril\u0259n m\u0259lumata g\u00f6r\u0259,\u00a0Rayon G\u0259ncl\u0259r v\u0259 \u0130dman \u0130dar\u0259sinin r\u0259isi \u0130lkin \u018fliyev m\u0259ruz\u0259 il\u0259 \u00e7\u0131x\u0131\u015f edib. M\u0259ruz\u0259d\u0259 g\u0259ncl\u0259r\u0259 diqq\u0259t v\u0259 qay\u011f\u0131n\u0131n t\u0259m\u0259linin \u00fcmummilli lider Heyd\u0259r \u018fliyev t\u0259r\u0259find\u0259n qoyulmas\u0131, bu diqq\u0259t v\u0259 qay\u011f\u0131n\u0131n \u00f6lk\u0259 Prezidenti c\u0259nab \u0130lham \u018fliyev t\u0259r\u0259find\u0259n u\u011furla [&hellip;]<\/p>\n","protected":false},"author":1,"featured_media":0,"comment_status":"open","ping_status":"open","sticky":false,"template":"","format":"standard","meta":{"footnotes":""},"categories":[21],"tags":[],"class_list":{"0":"post-6943","1":"post","2":"type-post","3":"status-publish","4":"format-standard","6":"category-zrdab"},"yoast_head":"<!-- This site is optimized with the Yoast SEO plugin v27.0 - https:\/\/yoast.com\/product\/yoast-seo-wordpress\/ -->\n<title>Z\u0259rdabda bir qrup g\u0259nc\u0259 qiym\u0259tli h\u0259diyy\u0259l\u0259r verildi - fotolar - Z\u0259rdab.com<\/title>\n<meta name=\"robots\" content=\"index, follow, max-snippet:-1, max-image-preview:large, max-video-preview:-1\" \/>\n<link rel=\"canonical\" href=\"https:\/\/www.zerdab.com\/?p=6943\" \/>\n<meta property=\"og:locale\" content=\"az_AZ\" \/>\n<meta property=\"og:type\" content=\"article\" \/>\n<meta property=\"og:title\" content=\"Z\u0259rdabda bir qrup g\u0259nc\u0259 qiym\u0259tli h\u0259diyy\u0259l\u0259r verildi - fotolar - Z\u0259rdab.com\" \/>\n<meta property=\"og:description\" content=\"2 Fevral G\u0259ncl\u0259r G\u00fcn\u00fc m\u00fcnasib\u0259til\u0259 fevral ay\u0131n\u0131n 1-d\u0259 \u201cK\u00fcr\u201d \u015fadl\u0131q saray\u0131nda z\u0259rdabl\u0131 g\u0259ncl\u0259rin bayram t\u0259dbiri ke\u00e7irilib. www.zerdab.com sayt\u0131na veril\u0259n m\u0259lumata g\u00f6r\u0259,\u00a0Rayon G\u0259ncl\u0259r v\u0259 \u0130dman \u0130dar\u0259sinin r\u0259isi \u0130lkin \u018fliyev m\u0259ruz\u0259 il\u0259 \u00e7\u0131x\u0131\u015f edib. M\u0259ruz\u0259d\u0259 g\u0259ncl\u0259r\u0259 diqq\u0259t v\u0259 qay\u011f\u0131n\u0131n t\u0259m\u0259linin \u00fcmummilli lider Heyd\u0259r \u018fliyev t\u0259r\u0259find\u0259n qoyulmas\u0131, bu diqq\u0259t v\u0259 qay\u011f\u0131n\u0131n \u00f6lk\u0259 Prezidenti c\u0259nab \u0130lham \u018fliyev t\u0259r\u0259find\u0259n u\u011furla [&hellip;]\" \/>\n<meta property=\"og:url\" content=\"https:\/\/www.zerdab.com\/?p=6943\" \/>\n<meta property=\"og:site_name\" content=\"Z\u0259rdab.com\" \/>\n<meta property=\"article:published_time\" content=\"2013-02-02T08:41:03+00:00\" \/>\n<meta property=\"article:modified_time\" content=\"2013-02-02T17:30:17+00:00\" \/>\n<meta property=\"og:image\" content=\"http:\/\/www.zerdab.com\/wp-content\/uploads\/2013\/02\/Zerdab-rayonu4-350x233.jpg\" \/>\n<meta name=\"author\" content=\"admin\" \/>\n<meta name=\"twitter:card\" content=\"summary_large_image\" \/>\n<meta name=\"twitter:label1\" content=\"Written by\" \/>\n\t<meta name=\"twitter:data1\" content=\"admin\" \/>\n\t<meta name=\"twitter:label2\" content=\"Est. reading time\" \/>\n\t<meta name=\"twitter:data2\" content=\"2 minutes\" \/>\n<script type=\"application\/ld+json\" class=\"yoast-schema-graph\">{\"@context\":\"https:\/\/schema.org\",\"@graph\":[{\"@type\":\"Article\",\"@id\":\"https:\/\/www.zerdab.com\/?p=6943#article\",\"isPartOf\":{\"@id\":\"https:\/\/www.zerdab.com\/?p=6943\"},\"author\":{\"name\":\"admin\",\"@id\":\"https:\/\/www.zerdab.com\/#\/schema\/person\/97079b7570c1e89ec0d9e138c3672136\"},\"headline\":\"Z\u0259rdabda bir qrup g\u0259nc\u0259 qiym\u0259tli h\u0259diyy\u0259l\u0259r verildi &#8211; fotolar\",\"datePublished\":\"2013-02-02T08:41:03+00:00\",\"dateModified\":\"2013-02-02T17:30:17+00:00\",\"mainEntityOfPage\":{\"@id\":\"https:\/\/www.zerdab.com\/?p=6943\"},\"wordCount\":507,\"commentCount\":4,\"image\":{\"@id\":\"https:\/\/www.zerdab.com\/?p=6943#primaryimage\"},\"thumbnailUrl\":\"http:\/\/www.zerdab.com\/wp-content\/uploads\/2013\/02\/Zerdab-rayonu4-350x233.jpg\",\"articleSection\":[\"C\u018fM\u0130YY\u018fT\"],\"inLanguage\":\"az\",\"potentialAction\":[{\"@type\":\"CommentAction\",\"name\":\"Comment\",\"target\":[\"https:\/\/www.zerdab.com\/?p=6943#respond\"]}]},{\"@type\":\"WebPage\",\"@id\":\"https:\/\/www.zerdab.com\/?p=6943\",\"url\":\"https:\/\/www.zerdab.com\/?p=6943\",\"name\":\"Z\u0259rdabda bir qrup g\u0259nc\u0259 qiym\u0259tli h\u0259diyy\u0259l\u0259r verildi - fotolar - Z\u0259rdab.com\",\"isPartOf\":{\"@id\":\"https:\/\/www.zerdab.com\/#website\"},\"primaryImageOfPage\":{\"@id\":\"https:\/\/www.zerdab.com\/?p=6943#primaryimage\"},\"image\":{\"@id\":\"https:\/\/www.zerdab.com\/?p=6943#primaryimage\"},\"thumbnailUrl\":\"http:\/\/www.zerdab.com\/wp-content\/uploads\/2013\/02\/Zerdab-rayonu4-350x233.jpg\",\"datePublished\":\"2013-02-02T08:41:03+00:00\",\"dateModified\":\"2013-02-02T17:30:17+00:00\",\"author\":{\"@id\":\"https:\/\/www.zerdab.com\/#\/schema\/person\/97079b7570c1e89ec0d9e138c3672136\"},\"breadcrumb\":{\"@id\":\"https:\/\/www.zerdab.com\/?p=6943#breadcrumb\"},\"inLanguage\":\"az\",\"potentialAction\":[{\"@type\":\"ReadAction\",\"target\":[\"https:\/\/www.zerdab.com\/?p=6943\"]}]},{\"@type\":\"ImageObject\",\"inLanguage\":\"az\",\"@id\":\"https:\/\/www.zerdab.com\/?p=6943#primaryimage\",\"url\":\"\",\"contentUrl\":\"\"},{\"@type\":\"BreadcrumbList\",\"@id\":\"https:\/\/www.zerdab.com\/?p=6943#breadcrumb\",\"itemListElement\":[{\"@type\":\"ListItem\",\"position\":1,\"name\":\"Home\",\"item\":\"https:\/\/www.zerdab.com\/\"},{\"@type\":\"ListItem\",\"position\":2,\"name\":\"Z\u0259rdabda bir qrup g\u0259nc\u0259 qiym\u0259tli h\u0259diyy\u0259l\u0259r verildi &#8211; fotolar\"}]},{\"@type\":\"WebSite\",\"@id\":\"https:\/\/www.zerdab.com\/#website\",\"url\":\"https:\/\/www.zerdab.com\/\",\"name\":\"Z\u0259rdab.com\",\"description\":\"\",\"potentialAction\":[{\"@type\":\"SearchAction\",\"target\":{\"@type\":\"EntryPoint\",\"urlTemplate\":\"https:\/\/www.zerdab.com\/?s={search_term_string}\"},\"query-input\":{\"@type\":\"PropertyValueSpecification\",\"valueRequired\":true,\"valueName\":\"search_term_string\"}}],\"inLanguage\":\"az\"},{\"@type\":\"Person\",\"@id\":\"https:\/\/www.zerdab.com\/#\/schema\/person\/97079b7570c1e89ec0d9e138c3672136\",\"name\":\"admin\",\"image\":{\"@type\":\"ImageObject\",\"inLanguage\":\"az\",\"@id\":\"https:\/\/www.zerdab.com\/#\/schema\/person\/image\/\",\"url\":\"https:\/\/secure.gravatar.com\/avatar\/d9c52a9a27c32119cb6679a077fa3e2779e5f822c451cbf01098004361d466ec?s=96&d=mm&r=g\",\"contentUrl\":\"https:\/\/secure.gravatar.com\/avatar\/d9c52a9a27c32119cb6679a077fa3e2779e5f822c451cbf01098004361d466ec?s=96&d=mm&r=g\",\"caption\":\"admin\"},\"url\":\"https:\/\/www.zerdab.com\/?author=1\"}]}<\/script>\n<!-- \/ Yoast SEO plugin. -->","yoast_head_json":{"title":"Z\u0259rdabda bir qrup g\u0259nc\u0259 qiym\u0259tli h\u0259diyy\u0259l\u0259r verildi - fotolar - Z\u0259rdab.com","robots":{"index":"index","follow":"follow","max-snippet":"max-snippet:-1","max-image-preview":"max-image-preview:large","max-video-preview":"max-video-preview:-1"},"canonical":"https:\/\/www.zerdab.com\/?p=6943","og_locale":"az_AZ","og_type":"article","og_title":"Z\u0259rdabda bir qrup g\u0259nc\u0259 qiym\u0259tli h\u0259diyy\u0259l\u0259r verildi - fotolar - Z\u0259rdab.com","og_description":"2 Fevral G\u0259ncl\u0259r G\u00fcn\u00fc m\u00fcnasib\u0259til\u0259 fevral ay\u0131n\u0131n 1-d\u0259 \u201cK\u00fcr\u201d \u015fadl\u0131q saray\u0131nda z\u0259rdabl\u0131 g\u0259ncl\u0259rin bayram t\u0259dbiri ke\u00e7irilib. www.zerdab.com sayt\u0131na veril\u0259n m\u0259lumata g\u00f6r\u0259,\u00a0Rayon G\u0259ncl\u0259r v\u0259 \u0130dman \u0130dar\u0259sinin r\u0259isi \u0130lkin \u018fliyev m\u0259ruz\u0259 il\u0259 \u00e7\u0131x\u0131\u015f edib. M\u0259ruz\u0259d\u0259 g\u0259ncl\u0259r\u0259 diqq\u0259t v\u0259 qay\u011f\u0131n\u0131n t\u0259m\u0259linin \u00fcmummilli lider Heyd\u0259r \u018fliyev t\u0259r\u0259find\u0259n qoyulmas\u0131, bu diqq\u0259t v\u0259 qay\u011f\u0131n\u0131n \u00f6lk\u0259 Prezidenti c\u0259nab \u0130lham \u018fliyev t\u0259r\u0259find\u0259n u\u011furla [&hellip;]","og_url":"https:\/\/www.zerdab.com\/?p=6943","og_site_name":"Z\u0259rdab.com","article_published_time":"2013-02-02T08:41:03+00:00","article_modified_time":"2013-02-02T17:30:17+00:00","og_image":[{"url":"http:\/\/www.zerdab.com\/wp-content\/uploads\/2013\/02\/Zerdab-rayonu4-350x233.jpg","type":"","width":"","height":""}],"author":"admin","twitter_card":"summary_large_image","twitter_misc":{"Written by":"admin","Est. reading time":"2 minutes"},"schema":{"@context":"https:\/\/schema.org","@graph":[{"@type":"Article","@id":"https:\/\/www.zerdab.com\/?p=6943#article","isPartOf":{"@id":"https:\/\/www.zerdab.com\/?p=6943"},"author":{"name":"admin","@id":"https:\/\/www.zerdab.com\/#\/schema\/person\/97079b7570c1e89ec0d9e138c3672136"},"headline":"Z\u0259rdabda bir qrup g\u0259nc\u0259 qiym\u0259tli h\u0259diyy\u0259l\u0259r verildi &#8211; fotolar","datePublished":"2013-02-02T08:41:03+00:00","dateModified":"2013-02-02T17:30:17+00:00","mainEntityOfPage":{"@id":"https:\/\/www.zerdab.com\/?p=6943"},"wordCount":507,"commentCount":4,"image":{"@id":"https:\/\/www.zerdab.com\/?p=6943#primaryimage"},"thumbnailUrl":"http:\/\/www.zerdab.com\/wp-content\/uploads\/2013\/02\/Zerdab-rayonu4-350x233.jpg","articleSection":["C\u018fM\u0130YY\u018fT"],"inLanguage":"az","potentialAction":[{"@type":"CommentAction","name":"Comment","target":["https:\/\/www.zerdab.com\/?p=6943#respond"]}]},{"@type":"WebPage","@id":"https:\/\/www.zerdab.com\/?p=6943","url":"https:\/\/www.zerdab.com\/?p=6943","name":"Z\u0259rdabda bir qrup g\u0259nc\u0259 qiym\u0259tli h\u0259diyy\u0259l\u0259r verildi - fotolar - Z\u0259rdab.com","isPartOf":{"@id":"https:\/\/www.zerdab.com\/#website"},"primaryImageOfPage":{"@id":"https:\/\/www.zerdab.com\/?p=6943#primaryimage"},"image":{"@id":"https:\/\/www.zerdab.com\/?p=6943#primaryimage"},"thumbnailUrl":"http:\/\/www.zerdab.com\/wp-content\/uploads\/2013\/02\/Zerdab-rayonu4-350x233.jpg","datePublished":"2013-02-02T08:41:03+00:00","dateModified":"2013-02-02T17:30:17+00:00","author":{"@id":"https:\/\/www.zerdab.com\/#\/schema\/person\/97079b7570c1e89ec0d9e138c3672136"},"breadcrumb":{"@id":"https:\/\/www.zerdab.com\/?p=6943#breadcrumb"},"inLanguage":"az","potentialAction":[{"@type":"ReadAction","target":["https:\/\/www.zerdab.com\/?p=6943"]}]},{"@type":"ImageObject","inLanguage":"az","@id":"https:\/\/www.zerdab.com\/?p=6943#primaryimage","url":"","contentUrl":""},{"@type":"BreadcrumbList","@id":"https:\/\/www.zerdab.com\/?p=6943#breadcrumb","itemListElement":[{"@type":"ListItem","position":1,"name":"Home","item":"https:\/\/www.zerdab.com\/"},{"@type":"ListItem","position":2,"name":"Z\u0259rdabda bir qrup g\u0259nc\u0259 qiym\u0259tli h\u0259diyy\u0259l\u0259r verildi &#8211; fotolar"}]},{"@type":"WebSite","@id":"https:\/\/www.zerdab.com\/#website","url":"https:\/\/www.zerdab.com\/","name":"Z\u0259rdab.com","description":"","potentialAction":[{"@type":"SearchAction","target":{"@type":"EntryPoint","urlTemplate":"https:\/\/www.zerdab.com\/?s={search_term_string}"},"query-input":{"@type":"PropertyValueSpecification","valueRequired":true,"valueName":"search_term_string"}}],"inLanguage":"az"},{"@type":"Person","@id":"https:\/\/www.zerdab.com\/#\/schema\/person\/97079b7570c1e89ec0d9e138c3672136","name":"admin","image":{"@type":"ImageObject","inLanguage":"az","@id":"https:\/\/www.zerdab.com\/#\/schema\/person\/image\/","url":"https:\/\/secure.gravatar.com\/avatar\/d9c52a9a27c32119cb6679a077fa3e2779e5f822c451cbf01098004361d466ec?s=96&d=mm&r=g","contentUrl":"https:\/\/secure.gravatar.com\/avatar\/d9c52a9a27c32119cb6679a077fa3e2779e5f822c451cbf01098004361d466ec?s=96&d=mm&r=g","caption":"admin"},"url":"https:\/\/www.zerdab.com\/?author=1"}]}},"_links":{"self":[{"href":"https:\/\/www.zerdab.com\/index.php?rest_route=\/wp\/v2\/posts\/6943","targetHints":{"allow":["GET"]}}],"collection":[{"href":"https:\/\/www.zerdab.com\/index.php?rest_route=\/wp\/v2\/posts"}],"about":[{"href":"https:\/\/www.zerdab.com\/index.php?rest_route=\/wp\/v2\/types\/post"}],"author":[{"embeddable":true,"href":"https:\/\/www.zerdab.com\/index.php?rest_route=\/wp\/v2\/users\/1"}],"replies":[{"embeddable":true,"href":"https:\/\/www.zerdab.com\/index.php?rest_route=%2Fwp%2Fv2%2Fcomments&post=6943"}],"version-history":[{"count":10,"href":"https:\/\/www.zerdab.com\/index.php?rest_route=\/wp\/v2\/posts\/6943\/revisions"}],"predecessor-version":[{"id":6946,"href":"https:\/\/www.zerdab.com\/index.php?rest_route=\/wp\/v2\/posts\/6943\/revisions\/6946"}],"wp:attachment":[{"href":"https:\/\/www.zerdab.com\/index.php?rest_route=%2Fwp%2Fv2%2Fmedia&parent=6943"}],"wp:term":[{"taxonomy":"category","embeddable":true,"href":"https:\/\/www.zerdab.com\/index.php?rest_route=%2Fwp%2Fv2%2Fcategories&post=6943"},{"taxonomy":"post_tag","embeddable":true,"href":"https:\/\/www.zerdab.com\/index.php?rest_route=%2Fwp%2Fv2%2Ftags&post=6943"}],"curies":[{"name":"wp","href":"https:\/\/api.w.org\/{rel}","templated":true}]}}