{"id":7036,"date":"2013-02-05T16:47:26","date_gmt":"2013-02-05T12:47:26","guid":{"rendered":"http:\/\/www.zerdab.com\/?p=7036"},"modified":"2013-02-05T16:51:21","modified_gmt":"2013-02-05T12:51:21","slug":"z%c9%99rdabda-veteranlar-v%c9%99-agsaqqallarla-gorus-kecirildi","status":"publish","type":"post","link":"https:\/\/www.zerdab.com\/?p=7036","title":{"rendered":"Z\u0259rdabda veteranlar v\u0259 a\u011fsaqqallarla g\u00f6r\u00fc\u015f ke\u00e7irildi-fotolar"},"content":{"rendered":"<p><img loading=\"lazy\" decoding=\"async\" class=\"aligncenter size-medium wp-image-7037\" alt=\"Zerdab-rayonu\" src=\"http:\/\/www.zerdab.com\/wp-content\/uploads\/2013\/02\/Zerdab-rayonu7-350x232.jpg\" width=\"350\" height=\"232\" \/>Z\u0259rdab Rayon \u0130cra Hakimiyy\u0259tind\u0259 a\u011fsaqqallar\u0131n v\u0259 veteranlar\u0131n n\u00fcmay\u0259nd\u0259l\u0259ri il\u0259 2012-ci il \u0259rzind\u0259 rayonun ictimai-siyasi v\u0259 sosial-iqtisadi sah\u0259sind\u0259 g\u00f6r\u00fcl\u0259n i\u015fl\u0259r v\u0259 2013-c\u00fc ild\u0259 qar\u015f\u0131da duran v\u0259zif\u0259l\u0259r bar\u0259d\u0259 icra ba\u015f\u00e7\u0131s\u0131n\u0131n hesabat m\u0259ruz\u0259sinin m\u00fczakir\u0259sin\u0259 h\u0259sr olunmu\u015f g\u00f6r\u00fc\u015f ke\u00e7irilib. www.zerdab.com sayt\u0131na veril\u0259n m\u0259lumata g\u00f6r\u0259, g\u00f6r\u00fc\u015fd\u0259 i\u015ftirak ed\u0259n Rayon \u0130cra Hakimiyy\u0259tinin ba\u015f\u00e7\u0131s\u0131 c\u0259nab L\u00fctv\u0259li Babayev \u00f6nc\u0259 respublikada v\u0259 rayonda 2012-ci il \u0259rzind\u0259 g\u00f6r\u00fcl\u0259n i\u015fl\u0259r bar\u0259d\u0259 g\u00f6r\u00fc\u015f i\u015ftirak\u00e7\u0131lar\u0131n\u0131 m\u0259lumatland\u0131r\u0131b. Ba\u015f\u00e7\u0131n\u0131n hesabat m\u0259ruz\u0259sind\u0259n konkret faktlar g\u0259tiril\u0259r\u0259k qeyd olunub ki, 2012-ci ild\u0259 rayonda \u00dcmumi Daxili M\u0259hsul istehsal\u0131 98 milyon 246 min manat t\u0259\u015fkil edib. Bunun 43,4 faizi k\u0259nd t\u0259s\u0259rr\u00fcfat\u0131n\u0131n, 37,3 faizi tikintinin pay\u0131na d\u00fc\u015f\u00fcr. \u0130l \u0259rzind\u0259 tikinti-quruculuq i\u015fl\u0259rin\u0259 ayr\u0131lm\u0131\u015f investisiyan\u0131n h\u0259cmi 36,2 milyon manat olub ki, bu da \u0259vv\u0259lki ild\u0259kind\u0259n 8,5 faiz \u00e7oxdur.<\/p>\n<p>\u0130cra ba\u015f\u00e7\u0131s\u0131 dig\u0259r sah\u0259l\u0259rd\u0259 d\u0259 ba\u015f ver\u0259n \u0259sasl\u0131 d\u0259yi\u015fiklikl\u0259r bar\u0259d\u0259 d\u0259 g\u00f6r\u00fc\u015f i\u015ftirak\u00e7\u0131lar\u0131na \u0259trafl\u0131 m\u0259lumat verib. Rayon r\u0259hb\u0259ri \u00f6t\u0259n ilin \u0259n \u0259lam\u0259tdar g\u00fcn\u00fcn\u00fcn 7 oktyabr tarixi oldu\u011funu raz\u0131l\u0131q v\u0259 minn\u0259tdarl\u0131q hissi il\u0259 qeyd edib. H\u0259min g\u00fcn Az\u0259rbaycan Respublikas\u0131n\u0131n Prezidenti c\u0259nab \u0130lham \u018fliyev Z\u0259rdaba s\u0259f\u0259r edib, Heyd\u0259r \u018fliyev M\u0259rk\u0259zinin, G\u0259ncl\u0259r M\u0259rk\u0259zinin, su bula\u011f\u0131n\u0131n, YAP rayon t\u0259\u015fkilat\u0131n\u0131n yeni inzibati binas\u0131n\u0131n a\u00e7\u0131l\u0131\u015f\u0131nda i\u015ftirak edib. D\u00f6vl\u0259t ba\u015f\u00e7\u0131s\u0131 Heyd\u0259r \u018fliyev park\u0131 v\u0259 Veteranlar evi il\u0259 tan\u0131\u015f olub, rayon ictimaiyy\u0259tinin, o c\u00fcml\u0259d\u0259n a\u011fsaqqallar\u0131n n\u00fcmay\u0259nd\u0259l\u0259ri il\u0259 g\u00f6r\u00fc\u015f\u00fcb.<\/p>\n<p>\u0130cra ba\u015f\u00e7\u0131s\u0131 Z\u0259rdaba v\u0259 z\u0259rdabl\u0131lara g\u00f6st\u0259rdiyi diqq\u0259t v\u0259 qay\u011f\u0131ya g\u00f6r\u0259 \u00f6lk\u0259 r\u0259hb\u0259rin\u0259 d\u0259rin minn\u0259tdarl\u0131qlar\u0131n\u0131 v\u0259 s\u0259mimi t\u0259\u015f\u0259kk\u00fcrl\u0259rini bildirib.<\/p>\n<p>\u0130cra Hakimiyy\u0259tinin ba\u015f\u00e7\u0131s\u0131 2013-c\u00fc ild\u0259 g\u00f6r\u00fcl\u0259c\u0259k i\u015fl\u0259r v\u0259 D\u00f6vl\u0259t ba\u015f\u00e7\u0131s\u0131n\u0131n m\u00fcvafiq s\u0259r\u0259ncam\u0131 il\u0259 ayr\u0131lm\u0131\u015f 2 milyon manat v\u0259sait hesab\u0131na haz\u0131rda apar\u0131lan i\u015fl\u0259r bar\u0259d\u0259 d\u0259 \u0259trafl\u0131 m\u0259lumat verib.<\/p>\n<p>Veteranlar\u0131n v\u0259 a\u011fsaqqallar\u0131n n\u00fcmay\u0259nd\u0259l\u0259ri \u00e7\u0131x\u0131\u015f ed\u0259r\u0259k b\u00fct\u00f6vl\u00fckd\u0259 2012-ci ild\u0259 rayonda apar\u0131lan tikinti-abadl\u0131q i\u015fl\u0259rind\u0259n, insanlar\u0131 narahat ed\u0259n sosial probleml\u0259rin u\u011furla h\u0259ll edilm\u0259sind\u0259n dan\u0131\u015f\u0131b, rayonun k\u0259ndl\u0259rin\u0259 qaz x\u0259ttinin \u00e7\u0259kili\u015fini, \u015f\u0259h\u0259rd\u0259 su v\u0259 kanalizasiya x\u0259ttinin tikintisini, k\u0259nd yollar\u0131n\u0131n v\u0259 \u015f\u0259h\u0259rdaxili yollar\u0131n asfaltlanmas\u0131n\u0131, k\u00fc\u00e7\u0259l\u0259r\u0259 yeni elektrik dir\u0259kl\u0259rinin qura\u015fd\u0131r\u0131lmas\u0131n\u0131, kommunal binalar\u0131n dam \u00f6rt\u00fcy\u00fcn\u00fcn t\u0259z\u0259l\u0259nm\u0259sini, m\u0259kt\u0259b tikintil\u0259rini, yeni q\u0259s\u0259b\u0259nin sal\u0131nmas\u0131n\u0131 x\u00fcsusi vur\u011fulan\u0131b v\u0259 bir daha d\u00f6vl\u0259t ba\u015f\u00e7\u0131s\u0131na minn\u0259tdarl\u0131q edibl\u0259r. Rayonda ke\u00e7\u0259n il Veteranlar evinin istifad\u0259y\u0259 verilm\u0259sini onlara g\u00f6st\u0259ril\u0259n diqq\u0259t v\u0259 qay\u011f\u0131n\u0131n bariz n\u00fcmun\u0259si kimi qiym\u0259tl\u0259ndiribl\u0259r.<\/p>\n<p>Veteranlar \u00e7\u0131x\u0131\u015flar\u0131nda g\u00f6r\u00fclm\u0259si vacib olan m\u0259s\u0259l\u0259l\u0259ri d\u0259 diqq\u0259t\u0259 \u00e7atd\u0131r\u0131blar.<\/p>\n<p>Yay\u0131lan m\u0259lumatda o da qeyd olunur ki, g\u00f6r\u00fc\u015fd\u0259 Az\u0259rbaycan d\u00f6vl\u0259t\u00e7iliyin\u0259 z\u0259rb\u0259 vurmaq ist\u0259y\u0259n m\u00fcxalif\u0259t meylli bir qrup insanlar\u0131n qeyri-qanuni h\u0259r\u0259k\u0259tl\u0259ri q\u0259tiyy\u0259tl\u0259 pisl\u0259nilib. Veteranlar v\u0259 a\u011fsaqqallar bir daha \u015f\u0259hid verm\u0259k, \u00e7\u00f6r\u0259k n\u00f6vb\u0259sin\u0259 dayanmaq ist\u0259m\u0259dikl\u0259rini, s\u00fclh v\u0259 \u0259min-amanl\u0131q \u015f\u0259raitind\u0259 ya\u015famaq ist\u0259dikl\u0259rini bildiribl\u0259r. H\u0259m\u00e7inin \u00e7\u0131x\u0131\u015f ed\u0259n ziyal\u0131 a\u011fsaqqallar erm\u0259ni d\u0259yirman\u0131na su t\u00f6k\u0259n \u018fkr\u0259m \u018fylislinin Az\u0259rbaycana l\u0259k\u0259 oldu\u011funu, onun v\u0259 dig\u0259r onun kimil\u0259rin g\u00fcnd\u0259n-g\u00fcn\u0259 \u00e7i\u00e7\u0259kl\u0259n\u0259n do\u011fma v\u0259t\u0259nimizd\u0259 ya\u015fama\u011fa m\u0259n\u0259vi haqlar\u0131 olmad\u0131qlar\u0131n\u0131 vur\u011fulay\u0131blar.<\/p>\n<p>Yay\u0131lan x\u0259b\u0259r\u0259 g\u00f6r\u0259, veteranlar 2013-c\u00fc ild\u0259 Ulu \u00d6nd\u0259rin 90 illik yubiley t\u0259dbirl\u0259rind\u0259 v\u0259 bu il \u00f6lk\u0259mizd\u0259 ke\u00e7iril\u0259c\u0259k n\u00f6vb\u0259ti Prezident se\u00e7kil\u0259rind\u0259 f\u0259al i\u015ftirak ed\u0259c\u0259kl\u0259rini b\u0259yan edil\u0259r.<\/p>\n<p>G\u00f6r\u00fc\u015f\u0259 yekun vuran Rayon \u0130cra Hakimiyy\u0259tinin ba\u015f\u00e7\u0131s\u0131 c\u0259nab L\u00fctv\u0259li Babayev d\u0259y\u0259rli fikir v\u0259 t\u0259klifl\u0259r\u0259 g\u00f6r\u0259 a\u011fsaqqallara minn\u0259tdarl\u0131q edib, onlar\u0131n arzu v\u0259 t\u0259klifl\u0259rinin n\u0259z\u0259r\u0259 al\u0131naca\u011f\u0131n\u0131 bildirib.<\/p>\n<p><img loading=\"lazy\" decoding=\"async\" class=\"aligncenter size-medium wp-image-7038\" alt=\"Zerdab-rayonu\" src=\"http:\/\/www.zerdab.com\/wp-content\/uploads\/2013\/02\/Zerdab-rayonu32-350x232.jpg\" width=\"350\" height=\"232\" \/><\/p>\n<p><img loading=\"lazy\" decoding=\"async\" class=\"aligncenter size-medium wp-image-7040\" alt=\"Zerdab-rayonu3\" src=\"http:\/\/www.zerdab.com\/wp-content\/uploads\/2013\/02\/Zerdab-rayonu42-350x232.jpg\" width=\"350\" height=\"232\" \/><\/p>\n<p><img loading=\"lazy\" decoding=\"async\" class=\"aligncenter size-medium wp-image-7042\" alt=\"Zerdab-rayonu\" src=\"http:\/\/www.zerdab.com\/wp-content\/uploads\/2013\/02\/Zerdab-rayonu12-350x232.jpg\" width=\"350\" height=\"232\" \/><\/p>\n","protected":false},"excerpt":{"rendered":"<p>Z\u0259rdab Rayon \u0130cra Hakimiyy\u0259tind\u0259 a\u011fsaqqallar\u0131n v\u0259 veteranlar\u0131n n\u00fcmay\u0259nd\u0259l\u0259ri il\u0259 2012-ci il \u0259rzind\u0259 rayonun ictimai-siyasi v\u0259 sosial-iqtisadi sah\u0259sind\u0259 g\u00f6r\u00fcl\u0259n i\u015fl\u0259r v\u0259 2013-c\u00fc ild\u0259 qar\u015f\u0131da duran v\u0259zif\u0259l\u0259r bar\u0259d\u0259 icra ba\u015f\u00e7\u0131s\u0131n\u0131n hesabat m\u0259ruz\u0259sinin m\u00fczakir\u0259sin\u0259 h\u0259sr olunmu\u015f g\u00f6r\u00fc\u015f ke\u00e7irilib. www.zerdab.com sayt\u0131na veril\u0259n m\u0259lumata g\u00f6r\u0259, g\u00f6r\u00fc\u015fd\u0259 i\u015ftirak ed\u0259n Rayon \u0130cra Hakimiyy\u0259tinin ba\u015f\u00e7\u0131s\u0131 c\u0259nab L\u00fctv\u0259li Babayev \u00f6nc\u0259 respublikada v\u0259 rayonda 2012-ci [&hellip;]<\/p>\n","protected":false},"author":1,"featured_media":0,"comment_status":"open","ping_status":"open","sticky":false,"template":"","format":"standard","meta":{"footnotes":""},"categories":[21],"tags":[],"class_list":{"0":"post-7036","1":"post","2":"type-post","3":"status-publish","4":"format-standard","6":"category-zrdab"},"yoast_head":"<!-- This site is optimized with the Yoast SEO plugin v27.0 - https:\/\/yoast.com\/product\/yoast-seo-wordpress\/ -->\n<title>Z\u0259rdabda veteranlar v\u0259 a\u011fsaqqallarla g\u00f6r\u00fc\u015f ke\u00e7irildi-fotolar - Z\u0259rdab.com<\/title>\n<meta name=\"robots\" content=\"index, follow, max-snippet:-1, max-image-preview:large, max-video-preview:-1\" \/>\n<link rel=\"canonical\" href=\"https:\/\/www.zerdab.com\/?p=7036\" \/>\n<meta property=\"og:locale\" content=\"az_AZ\" \/>\n<meta property=\"og:type\" content=\"article\" \/>\n<meta property=\"og:title\" content=\"Z\u0259rdabda veteranlar v\u0259 a\u011fsaqqallarla g\u00f6r\u00fc\u015f ke\u00e7irildi-fotolar - Z\u0259rdab.com\" \/>\n<meta property=\"og:description\" content=\"Z\u0259rdab Rayon \u0130cra Hakimiyy\u0259tind\u0259 a\u011fsaqqallar\u0131n v\u0259 veteranlar\u0131n n\u00fcmay\u0259nd\u0259l\u0259ri il\u0259 2012-ci il \u0259rzind\u0259 rayonun ictimai-siyasi v\u0259 sosial-iqtisadi sah\u0259sind\u0259 g\u00f6r\u00fcl\u0259n i\u015fl\u0259r v\u0259 2013-c\u00fc ild\u0259 qar\u015f\u0131da duran v\u0259zif\u0259l\u0259r bar\u0259d\u0259 icra ba\u015f\u00e7\u0131s\u0131n\u0131n hesabat m\u0259ruz\u0259sinin m\u00fczakir\u0259sin\u0259 h\u0259sr olunmu\u015f g\u00f6r\u00fc\u015f ke\u00e7irilib. www.zerdab.com sayt\u0131na veril\u0259n m\u0259lumata g\u00f6r\u0259, g\u00f6r\u00fc\u015fd\u0259 i\u015ftirak ed\u0259n Rayon \u0130cra Hakimiyy\u0259tinin ba\u015f\u00e7\u0131s\u0131 c\u0259nab L\u00fctv\u0259li Babayev \u00f6nc\u0259 respublikada v\u0259 rayonda 2012-ci [&hellip;]\" \/>\n<meta property=\"og:url\" content=\"https:\/\/www.zerdab.com\/?p=7036\" \/>\n<meta property=\"og:site_name\" content=\"Z\u0259rdab.com\" \/>\n<meta property=\"article:published_time\" content=\"2013-02-05T12:47:26+00:00\" \/>\n<meta property=\"article:modified_time\" content=\"2013-02-05T12:51:21+00:00\" \/>\n<meta property=\"og:image\" content=\"http:\/\/www.zerdab.com\/wp-content\/uploads\/2013\/02\/Zerdab-rayonu7-350x232.jpg\" \/>\n<meta name=\"author\" content=\"admin\" \/>\n<meta name=\"twitter:card\" content=\"summary_large_image\" \/>\n<meta name=\"twitter:label1\" content=\"Written by\" \/>\n\t<meta name=\"twitter:data1\" content=\"admin\" \/>\n\t<meta name=\"twitter:label2\" content=\"Est. reading time\" \/>\n\t<meta name=\"twitter:data2\" content=\"4 minutes\" \/>\n<script type=\"application\/ld+json\" class=\"yoast-schema-graph\">{\"@context\":\"https:\/\/schema.org\",\"@graph\":[{\"@type\":\"Article\",\"@id\":\"https:\/\/www.zerdab.com\/?p=7036#article\",\"isPartOf\":{\"@id\":\"https:\/\/www.zerdab.com\/?p=7036\"},\"author\":{\"name\":\"admin\",\"@id\":\"https:\/\/www.zerdab.com\/#\/schema\/person\/97079b7570c1e89ec0d9e138c3672136\"},\"headline\":\"Z\u0259rdabda veteranlar v\u0259 a\u011fsaqqallarla g\u00f6r\u00fc\u015f ke\u00e7irildi-fotolar\",\"datePublished\":\"2013-02-05T12:47:26+00:00\",\"dateModified\":\"2013-02-05T12:51:21+00:00\",\"mainEntityOfPage\":{\"@id\":\"https:\/\/www.zerdab.com\/?p=7036\"},\"wordCount\":849,\"commentCount\":0,\"image\":{\"@id\":\"https:\/\/www.zerdab.com\/?p=7036#primaryimage\"},\"thumbnailUrl\":\"http:\/\/www.zerdab.com\/wp-content\/uploads\/2013\/02\/Zerdab-rayonu7-350x232.jpg\",\"articleSection\":[\"C\u018fM\u0130YY\u018fT\"],\"inLanguage\":\"az\",\"potentialAction\":[{\"@type\":\"CommentAction\",\"name\":\"Comment\",\"target\":[\"https:\/\/www.zerdab.com\/?p=7036#respond\"]}]},{\"@type\":\"WebPage\",\"@id\":\"https:\/\/www.zerdab.com\/?p=7036\",\"url\":\"https:\/\/www.zerdab.com\/?p=7036\",\"name\":\"Z\u0259rdabda veteranlar v\u0259 a\u011fsaqqallarla g\u00f6r\u00fc\u015f ke\u00e7irildi-fotolar - Z\u0259rdab.com\",\"isPartOf\":{\"@id\":\"https:\/\/www.zerdab.com\/#website\"},\"primaryImageOfPage\":{\"@id\":\"https:\/\/www.zerdab.com\/?p=7036#primaryimage\"},\"image\":{\"@id\":\"https:\/\/www.zerdab.com\/?p=7036#primaryimage\"},\"thumbnailUrl\":\"http:\/\/www.zerdab.com\/wp-content\/uploads\/2013\/02\/Zerdab-rayonu7-350x232.jpg\",\"datePublished\":\"2013-02-05T12:47:26+00:00\",\"dateModified\":\"2013-02-05T12:51:21+00:00\",\"author\":{\"@id\":\"https:\/\/www.zerdab.com\/#\/schema\/person\/97079b7570c1e89ec0d9e138c3672136\"},\"breadcrumb\":{\"@id\":\"https:\/\/www.zerdab.com\/?p=7036#breadcrumb\"},\"inLanguage\":\"az\",\"potentialAction\":[{\"@type\":\"ReadAction\",\"target\":[\"https:\/\/www.zerdab.com\/?p=7036\"]}]},{\"@type\":\"ImageObject\",\"inLanguage\":\"az\",\"@id\":\"https:\/\/www.zerdab.com\/?p=7036#primaryimage\",\"url\":\"\",\"contentUrl\":\"\"},{\"@type\":\"BreadcrumbList\",\"@id\":\"https:\/\/www.zerdab.com\/?p=7036#breadcrumb\",\"itemListElement\":[{\"@type\":\"ListItem\",\"position\":1,\"name\":\"Home\",\"item\":\"https:\/\/www.zerdab.com\/\"},{\"@type\":\"ListItem\",\"position\":2,\"name\":\"Z\u0259rdabda veteranlar v\u0259 a\u011fsaqqallarla g\u00f6r\u00fc\u015f ke\u00e7irildi-fotolar\"}]},{\"@type\":\"WebSite\",\"@id\":\"https:\/\/www.zerdab.com\/#website\",\"url\":\"https:\/\/www.zerdab.com\/\",\"name\":\"Z\u0259rdab.com\",\"description\":\"\",\"potentialAction\":[{\"@type\":\"SearchAction\",\"target\":{\"@type\":\"EntryPoint\",\"urlTemplate\":\"https:\/\/www.zerdab.com\/?s={search_term_string}\"},\"query-input\":{\"@type\":\"PropertyValueSpecification\",\"valueRequired\":true,\"valueName\":\"search_term_string\"}}],\"inLanguage\":\"az\"},{\"@type\":\"Person\",\"@id\":\"https:\/\/www.zerdab.com\/#\/schema\/person\/97079b7570c1e89ec0d9e138c3672136\",\"name\":\"admin\",\"image\":{\"@type\":\"ImageObject\",\"inLanguage\":\"az\",\"@id\":\"https:\/\/www.zerdab.com\/#\/schema\/person\/image\/\",\"url\":\"https:\/\/secure.gravatar.com\/avatar\/d9c52a9a27c32119cb6679a077fa3e2779e5f822c451cbf01098004361d466ec?s=96&d=mm&r=g\",\"contentUrl\":\"https:\/\/secure.gravatar.com\/avatar\/d9c52a9a27c32119cb6679a077fa3e2779e5f822c451cbf01098004361d466ec?s=96&d=mm&r=g\",\"caption\":\"admin\"},\"url\":\"https:\/\/www.zerdab.com\/?author=1\"}]}<\/script>\n<!-- \/ Yoast SEO plugin. -->","yoast_head_json":{"title":"Z\u0259rdabda veteranlar v\u0259 a\u011fsaqqallarla g\u00f6r\u00fc\u015f ke\u00e7irildi-fotolar - Z\u0259rdab.com","robots":{"index":"index","follow":"follow","max-snippet":"max-snippet:-1","max-image-preview":"max-image-preview:large","max-video-preview":"max-video-preview:-1"},"canonical":"https:\/\/www.zerdab.com\/?p=7036","og_locale":"az_AZ","og_type":"article","og_title":"Z\u0259rdabda veteranlar v\u0259 a\u011fsaqqallarla g\u00f6r\u00fc\u015f ke\u00e7irildi-fotolar - Z\u0259rdab.com","og_description":"Z\u0259rdab Rayon \u0130cra Hakimiyy\u0259tind\u0259 a\u011fsaqqallar\u0131n v\u0259 veteranlar\u0131n n\u00fcmay\u0259nd\u0259l\u0259ri il\u0259 2012-ci il \u0259rzind\u0259 rayonun ictimai-siyasi v\u0259 sosial-iqtisadi sah\u0259sind\u0259 g\u00f6r\u00fcl\u0259n i\u015fl\u0259r v\u0259 2013-c\u00fc ild\u0259 qar\u015f\u0131da duran v\u0259zif\u0259l\u0259r bar\u0259d\u0259 icra ba\u015f\u00e7\u0131s\u0131n\u0131n hesabat m\u0259ruz\u0259sinin m\u00fczakir\u0259sin\u0259 h\u0259sr olunmu\u015f g\u00f6r\u00fc\u015f ke\u00e7irilib. www.zerdab.com sayt\u0131na veril\u0259n m\u0259lumata g\u00f6r\u0259, g\u00f6r\u00fc\u015fd\u0259 i\u015ftirak ed\u0259n Rayon \u0130cra Hakimiyy\u0259tinin ba\u015f\u00e7\u0131s\u0131 c\u0259nab L\u00fctv\u0259li Babayev \u00f6nc\u0259 respublikada v\u0259 rayonda 2012-ci [&hellip;]","og_url":"https:\/\/www.zerdab.com\/?p=7036","og_site_name":"Z\u0259rdab.com","article_published_time":"2013-02-05T12:47:26+00:00","article_modified_time":"2013-02-05T12:51:21+00:00","og_image":[{"url":"http:\/\/www.zerdab.com\/wp-content\/uploads\/2013\/02\/Zerdab-rayonu7-350x232.jpg","type":"","width":"","height":""}],"author":"admin","twitter_card":"summary_large_image","twitter_misc":{"Written by":"admin","Est. reading time":"4 minutes"},"schema":{"@context":"https:\/\/schema.org","@graph":[{"@type":"Article","@id":"https:\/\/www.zerdab.com\/?p=7036#article","isPartOf":{"@id":"https:\/\/www.zerdab.com\/?p=7036"},"author":{"name":"admin","@id":"https:\/\/www.zerdab.com\/#\/schema\/person\/97079b7570c1e89ec0d9e138c3672136"},"headline":"Z\u0259rdabda veteranlar v\u0259 a\u011fsaqqallarla g\u00f6r\u00fc\u015f ke\u00e7irildi-fotolar","datePublished":"2013-02-05T12:47:26+00:00","dateModified":"2013-02-05T12:51:21+00:00","mainEntityOfPage":{"@id":"https:\/\/www.zerdab.com\/?p=7036"},"wordCount":849,"commentCount":0,"image":{"@id":"https:\/\/www.zerdab.com\/?p=7036#primaryimage"},"thumbnailUrl":"http:\/\/www.zerdab.com\/wp-content\/uploads\/2013\/02\/Zerdab-rayonu7-350x232.jpg","articleSection":["C\u018fM\u0130YY\u018fT"],"inLanguage":"az","potentialAction":[{"@type":"CommentAction","name":"Comment","target":["https:\/\/www.zerdab.com\/?p=7036#respond"]}]},{"@type":"WebPage","@id":"https:\/\/www.zerdab.com\/?p=7036","url":"https:\/\/www.zerdab.com\/?p=7036","name":"Z\u0259rdabda veteranlar v\u0259 a\u011fsaqqallarla g\u00f6r\u00fc\u015f ke\u00e7irildi-fotolar - Z\u0259rdab.com","isPartOf":{"@id":"https:\/\/www.zerdab.com\/#website"},"primaryImageOfPage":{"@id":"https:\/\/www.zerdab.com\/?p=7036#primaryimage"},"image":{"@id":"https:\/\/www.zerdab.com\/?p=7036#primaryimage"},"thumbnailUrl":"http:\/\/www.zerdab.com\/wp-content\/uploads\/2013\/02\/Zerdab-rayonu7-350x232.jpg","datePublished":"2013-02-05T12:47:26+00:00","dateModified":"2013-02-05T12:51:21+00:00","author":{"@id":"https:\/\/www.zerdab.com\/#\/schema\/person\/97079b7570c1e89ec0d9e138c3672136"},"breadcrumb":{"@id":"https:\/\/www.zerdab.com\/?p=7036#breadcrumb"},"inLanguage":"az","potentialAction":[{"@type":"ReadAction","target":["https:\/\/www.zerdab.com\/?p=7036"]}]},{"@type":"ImageObject","inLanguage":"az","@id":"https:\/\/www.zerdab.com\/?p=7036#primaryimage","url":"","contentUrl":""},{"@type":"BreadcrumbList","@id":"https:\/\/www.zerdab.com\/?p=7036#breadcrumb","itemListElement":[{"@type":"ListItem","position":1,"name":"Home","item":"https:\/\/www.zerdab.com\/"},{"@type":"ListItem","position":2,"name":"Z\u0259rdabda veteranlar v\u0259 a\u011fsaqqallarla g\u00f6r\u00fc\u015f ke\u00e7irildi-fotolar"}]},{"@type":"WebSite","@id":"https:\/\/www.zerdab.com\/#website","url":"https:\/\/www.zerdab.com\/","name":"Z\u0259rdab.com","description":"","potentialAction":[{"@type":"SearchAction","target":{"@type":"EntryPoint","urlTemplate":"https:\/\/www.zerdab.com\/?s={search_term_string}"},"query-input":{"@type":"PropertyValueSpecification","valueRequired":true,"valueName":"search_term_string"}}],"inLanguage":"az"},{"@type":"Person","@id":"https:\/\/www.zerdab.com\/#\/schema\/person\/97079b7570c1e89ec0d9e138c3672136","name":"admin","image":{"@type":"ImageObject","inLanguage":"az","@id":"https:\/\/www.zerdab.com\/#\/schema\/person\/image\/","url":"https:\/\/secure.gravatar.com\/avatar\/d9c52a9a27c32119cb6679a077fa3e2779e5f822c451cbf01098004361d466ec?s=96&d=mm&r=g","contentUrl":"https:\/\/secure.gravatar.com\/avatar\/d9c52a9a27c32119cb6679a077fa3e2779e5f822c451cbf01098004361d466ec?s=96&d=mm&r=g","caption":"admin"},"url":"https:\/\/www.zerdab.com\/?author=1"}]}},"_links":{"self":[{"href":"https:\/\/www.zerdab.com\/index.php?rest_route=\/wp\/v2\/posts\/7036","targetHints":{"allow":["GET"]}}],"collection":[{"href":"https:\/\/www.zerdab.com\/index.php?rest_route=\/wp\/v2\/posts"}],"about":[{"href":"https:\/\/www.zerdab.com\/index.php?rest_route=\/wp\/v2\/types\/post"}],"author":[{"embeddable":true,"href":"https:\/\/www.zerdab.com\/index.php?rest_route=\/wp\/v2\/users\/1"}],"replies":[{"embeddable":true,"href":"https:\/\/www.zerdab.com\/index.php?rest_route=%2Fwp%2Fv2%2Fcomments&post=7036"}],"version-history":[{"count":4,"href":"https:\/\/www.zerdab.com\/index.php?rest_route=\/wp\/v2\/posts\/7036\/revisions"}],"predecessor-version":[{"id":7041,"href":"https:\/\/www.zerdab.com\/index.php?rest_route=\/wp\/v2\/posts\/7036\/revisions\/7041"}],"wp:attachment":[{"href":"https:\/\/www.zerdab.com\/index.php?rest_route=%2Fwp%2Fv2%2Fmedia&parent=7036"}],"wp:term":[{"taxonomy":"category","embeddable":true,"href":"https:\/\/www.zerdab.com\/index.php?rest_route=%2Fwp%2Fv2%2Fcategories&post=7036"},{"taxonomy":"post_tag","embeddable":true,"href":"https:\/\/www.zerdab.com\/index.php?rest_route=%2Fwp%2Fv2%2Ftags&post=7036"}],"curies":[{"name":"wp","href":"https:\/\/api.w.org\/{rel}","templated":true}]}}