{"id":704,"date":"2012-02-24T10:23:09","date_gmt":"2012-02-24T06:23:09","guid":{"rendered":"http:\/\/www.zerdab.com\/?p=704"},"modified":"2012-02-24T10:23:09","modified_gmt":"2012-02-24T06:23:09","slug":"z%c9%99rdabda-qarabag-%c9%99lill%c9%99ri-v%c9%99-s%c9%99hid-ail%c9%99l%c9%99ri-ucun-yeni-32-m%c9%99nzilli-yasayis-binasi-tikil%c9%99c%c9%99k","status":"publish","type":"post","link":"https:\/\/www.zerdab.com\/?p=704","title":{"rendered":"Z\u0259rdabda Qaraba\u011f \u0259lill\u0259ri v\u0259 \u015f\u0259hid ail\u0259l\u0259ri \u00fc\u00e7\u00fcn yeni 32 m\u0259nzilli ya\u015fay\u0131\u015f binas\u0131 tikil\u0259c\u0259k"},"content":{"rendered":"<p><a href=\"http:\/\/www.zerdab.com\/wp-content\/uploads\/2012\/02\/Ev.jpg\"><img loading=\"lazy\" decoding=\"async\" class=\"aligncenter size-full wp-image-705\" title=\"Ev\" src=\"http:\/\/www.zerdab.com\/wp-content\/uploads\/2012\/02\/Ev.jpg\" alt=\"\" width=\"450\" height=\"309\" \/><\/a>Z\u0259rdab rayonunda azt\u0259minatl\u0131 ail\u0259l\u0259rin, x\u00fcsusil\u0259 Qaraba\u011f \u0259lill\u0259ri v\u0259 \u015f\u0259hid ail\u0259l\u0259rinin \u00e7oxsayl\u0131 m\u00fcraci\u0259tl\u0259ri n\u0259z\u0259r\u0259 al\u0131naraq yeni 32 m\u0259nzilli ya\u015fay\u0131\u015f evinin in\u015fa olunaca\u011f\u0131 g\u00f6zl\u0259nilir. <strong>www.zerdab.com<\/strong> sayt\u0131n\u0131n m\u0259lumat\u0131na g\u00f6r\u0259, s\u00f6z\u00fcged\u0259n ya\u015fay\u0131\u015f evinin tikilm\u0259sin\u0259 k\u00f6m\u0259klik g\u00f6st\u0259rilm\u0259si m\u0259qs\u0259di il\u0259 Z\u0259rdab rayon \u0130cra Hakimiyy\u0259ti Nazirl\u0259r Kabinetin\u0259, Maliyy\u0259 v\u0259 \u018fm\u0259k v\u0259 \u0259halinin sosial m\u00fcdafi\u0259si nazirlikl\u0259rin\u0259 m\u00fcraci\u0259t ed\u0259c\u0259k. Qeyd ed\u0259k ki, \u00f6t\u0259n il rayonda Qaraba\u011f \u0259lill\u0259ri v\u0259 \u015f\u0259hid ail\u0259l\u0259ri \u00fc\u00e7\u00fcn 16 m\u0259nzilli ya\u015fay\u0131\u015f binas\u0131 tikilib istifad\u0259y\u0259 verilib. Bundan \u0259lav\u0259, 14 n\u0259f\u0259r Qaraba\u011f \u0259lili \u015f\u0259h\u0259r m\u0259rk\u0259zind\u0259 v\u0259 k\u0259ndl\u0259rd\u0259 f\u0259rdi ya\u015fay\u0131\u015f evl\u0259ri il\u0259 t\u0259min olunublar.<\/p>\n","protected":false},"excerpt":{"rendered":"<p>Z\u0259rdab rayonunda azt\u0259minatl\u0131 ail\u0259l\u0259rin, x\u00fcsusil\u0259 Qaraba\u011f \u0259lill\u0259ri v\u0259 \u015f\u0259hid ail\u0259l\u0259rinin \u00e7oxsayl\u0131 m\u00fcraci\u0259tl\u0259ri n\u0259z\u0259r\u0259 al\u0131naraq yeni 32 m\u0259nzilli ya\u015fay\u0131\u015f evinin in\u015fa olunaca\u011f\u0131 g\u00f6zl\u0259nilir. www.zerdab.com sayt\u0131n\u0131n m\u0259lumat\u0131na g\u00f6r\u0259, s\u00f6z\u00fcged\u0259n ya\u015fay\u0131\u015f evinin tikilm\u0259sin\u0259 k\u00f6m\u0259klik g\u00f6st\u0259rilm\u0259si m\u0259qs\u0259di il\u0259 Z\u0259rdab rayon \u0130cra Hakimiyy\u0259ti Nazirl\u0259r Kabinetin\u0259, Maliyy\u0259 v\u0259 \u018fm\u0259k v\u0259 \u0259halinin sosial m\u00fcdafi\u0259si nazirlikl\u0259rin\u0259 m\u00fcraci\u0259t ed\u0259c\u0259k. Qeyd ed\u0259k ki, \u00f6t\u0259n il [&hellip;]<\/p>\n","protected":false},"author":1,"featured_media":0,"comment_status":"open","ping_status":"open","sticky":false,"template":"","format":"standard","meta":{"footnotes":""},"categories":[21],"tags":[],"class_list":{"0":"post-704","1":"post","2":"type-post","3":"status-publish","4":"format-standard","6":"category-zrdab"},"yoast_head":"<!-- This site is optimized with the Yoast SEO plugin v27.0 - https:\/\/yoast.com\/product\/yoast-seo-wordpress\/ -->\n<title>Z\u0259rdabda Qaraba\u011f \u0259lill\u0259ri v\u0259 \u015f\u0259hid ail\u0259l\u0259ri \u00fc\u00e7\u00fcn yeni 32 m\u0259nzilli ya\u015fay\u0131\u015f binas\u0131 tikil\u0259c\u0259k - Z\u0259rdab.com<\/title>\n<meta name=\"robots\" content=\"index, follow, max-snippet:-1, max-image-preview:large, max-video-preview:-1\" \/>\n<link rel=\"canonical\" href=\"https:\/\/www.zerdab.com\/?p=704\" \/>\n<meta property=\"og:locale\" content=\"az_AZ\" \/>\n<meta property=\"og:type\" content=\"article\" \/>\n<meta property=\"og:title\" content=\"Z\u0259rdabda Qaraba\u011f \u0259lill\u0259ri v\u0259 \u015f\u0259hid ail\u0259l\u0259ri \u00fc\u00e7\u00fcn yeni 32 m\u0259nzilli ya\u015fay\u0131\u015f binas\u0131 tikil\u0259c\u0259k - Z\u0259rdab.com\" \/>\n<meta property=\"og:description\" content=\"Z\u0259rdab rayonunda azt\u0259minatl\u0131 ail\u0259l\u0259rin, x\u00fcsusil\u0259 Qaraba\u011f \u0259lill\u0259ri v\u0259 \u015f\u0259hid ail\u0259l\u0259rinin \u00e7oxsayl\u0131 m\u00fcraci\u0259tl\u0259ri n\u0259z\u0259r\u0259 al\u0131naraq yeni 32 m\u0259nzilli ya\u015fay\u0131\u015f evinin in\u015fa olunaca\u011f\u0131 g\u00f6zl\u0259nilir. www.zerdab.com sayt\u0131n\u0131n m\u0259lumat\u0131na g\u00f6r\u0259, s\u00f6z\u00fcged\u0259n ya\u015fay\u0131\u015f evinin tikilm\u0259sin\u0259 k\u00f6m\u0259klik g\u00f6st\u0259rilm\u0259si m\u0259qs\u0259di il\u0259 Z\u0259rdab rayon \u0130cra Hakimiyy\u0259ti Nazirl\u0259r Kabinetin\u0259, Maliyy\u0259 v\u0259 \u018fm\u0259k v\u0259 \u0259halinin sosial m\u00fcdafi\u0259si nazirlikl\u0259rin\u0259 m\u00fcraci\u0259t ed\u0259c\u0259k. Qeyd ed\u0259k ki, \u00f6t\u0259n il [&hellip;]\" \/>\n<meta property=\"og:url\" content=\"https:\/\/www.zerdab.com\/?p=704\" \/>\n<meta property=\"og:site_name\" content=\"Z\u0259rdab.com\" \/>\n<meta property=\"article:published_time\" content=\"2012-02-24T06:23:09+00:00\" \/>\n<meta property=\"og:image\" content=\"http:\/\/www.zerdab.com\/wp-content\/uploads\/2012\/02\/Ev.jpg\" \/>\n<meta name=\"author\" content=\"admin\" \/>\n<meta name=\"twitter:card\" content=\"summary_large_image\" \/>\n<meta name=\"twitter:label1\" content=\"Written by\" \/>\n\t<meta name=\"twitter:data1\" content=\"admin\" \/>\n\t<meta name=\"twitter:label2\" content=\"Est. reading time\" \/>\n\t<meta name=\"twitter:data2\" content=\"1 minute\" \/>\n<script type=\"application\/ld+json\" class=\"yoast-schema-graph\">{\"@context\":\"https:\/\/schema.org\",\"@graph\":[{\"@type\":\"Article\",\"@id\":\"https:\/\/www.zerdab.com\/?p=704#article\",\"isPartOf\":{\"@id\":\"https:\/\/www.zerdab.com\/?p=704\"},\"author\":{\"name\":\"admin\",\"@id\":\"https:\/\/www.zerdab.com\/#\/schema\/person\/97079b7570c1e89ec0d9e138c3672136\"},\"headline\":\"Z\u0259rdabda Qaraba\u011f \u0259lill\u0259ri v\u0259 \u015f\u0259hid ail\u0259l\u0259ri \u00fc\u00e7\u00fcn yeni 32 m\u0259nzilli ya\u015fay\u0131\u015f binas\u0131 tikil\u0259c\u0259k\",\"datePublished\":\"2012-02-24T06:23:09+00:00\",\"mainEntityOfPage\":{\"@id\":\"https:\/\/www.zerdab.com\/?p=704\"},\"wordCount\":170,\"commentCount\":0,\"image\":{\"@id\":\"https:\/\/www.zerdab.com\/?p=704#primaryimage\"},\"thumbnailUrl\":\"http:\/\/www.zerdab.com\/wp-content\/uploads\/2012\/02\/Ev.jpg\",\"articleSection\":[\"C\u018fM\u0130YY\u018fT\"],\"inLanguage\":\"az\",\"potentialAction\":[{\"@type\":\"CommentAction\",\"name\":\"Comment\",\"target\":[\"https:\/\/www.zerdab.com\/?p=704#respond\"]}]},{\"@type\":\"WebPage\",\"@id\":\"https:\/\/www.zerdab.com\/?p=704\",\"url\":\"https:\/\/www.zerdab.com\/?p=704\",\"name\":\"Z\u0259rdabda Qaraba\u011f \u0259lill\u0259ri v\u0259 \u015f\u0259hid ail\u0259l\u0259ri \u00fc\u00e7\u00fcn yeni 32 m\u0259nzilli ya\u015fay\u0131\u015f binas\u0131 tikil\u0259c\u0259k - Z\u0259rdab.com\",\"isPartOf\":{\"@id\":\"https:\/\/www.zerdab.com\/#website\"},\"primaryImageOfPage\":{\"@id\":\"https:\/\/www.zerdab.com\/?p=704#primaryimage\"},\"image\":{\"@id\":\"https:\/\/www.zerdab.com\/?p=704#primaryimage\"},\"thumbnailUrl\":\"http:\/\/www.zerdab.com\/wp-content\/uploads\/2012\/02\/Ev.jpg\",\"datePublished\":\"2012-02-24T06:23:09+00:00\",\"author\":{\"@id\":\"https:\/\/www.zerdab.com\/#\/schema\/person\/97079b7570c1e89ec0d9e138c3672136\"},\"breadcrumb\":{\"@id\":\"https:\/\/www.zerdab.com\/?p=704#breadcrumb\"},\"inLanguage\":\"az\",\"potentialAction\":[{\"@type\":\"ReadAction\",\"target\":[\"https:\/\/www.zerdab.com\/?p=704\"]}]},{\"@type\":\"ImageObject\",\"inLanguage\":\"az\",\"@id\":\"https:\/\/www.zerdab.com\/?p=704#primaryimage\",\"url\":\"http:\/\/www.zerdab.com\/wp-content\/uploads\/2012\/02\/Ev.jpg\",\"contentUrl\":\"http:\/\/www.zerdab.com\/wp-content\/uploads\/2012\/02\/Ev.jpg\"},{\"@type\":\"BreadcrumbList\",\"@id\":\"https:\/\/www.zerdab.com\/?p=704#breadcrumb\",\"itemListElement\":[{\"@type\":\"ListItem\",\"position\":1,\"name\":\"Home\",\"item\":\"https:\/\/www.zerdab.com\/\"},{\"@type\":\"ListItem\",\"position\":2,\"name\":\"Z\u0259rdabda Qaraba\u011f \u0259lill\u0259ri v\u0259 \u015f\u0259hid ail\u0259l\u0259ri \u00fc\u00e7\u00fcn yeni 32 m\u0259nzilli ya\u015fay\u0131\u015f binas\u0131 tikil\u0259c\u0259k\"}]},{\"@type\":\"WebSite\",\"@id\":\"https:\/\/www.zerdab.com\/#website\",\"url\":\"https:\/\/www.zerdab.com\/\",\"name\":\"Z\u0259rdab.com\",\"description\":\"\",\"potentialAction\":[{\"@type\":\"SearchAction\",\"target\":{\"@type\":\"EntryPoint\",\"urlTemplate\":\"https:\/\/www.zerdab.com\/?s={search_term_string}\"},\"query-input\":{\"@type\":\"PropertyValueSpecification\",\"valueRequired\":true,\"valueName\":\"search_term_string\"}}],\"inLanguage\":\"az\"},{\"@type\":\"Person\",\"@id\":\"https:\/\/www.zerdab.com\/#\/schema\/person\/97079b7570c1e89ec0d9e138c3672136\",\"name\":\"admin\",\"image\":{\"@type\":\"ImageObject\",\"inLanguage\":\"az\",\"@id\":\"https:\/\/www.zerdab.com\/#\/schema\/person\/image\/\",\"url\":\"https:\/\/secure.gravatar.com\/avatar\/d9c52a9a27c32119cb6679a077fa3e2779e5f822c451cbf01098004361d466ec?s=96&d=mm&r=g\",\"contentUrl\":\"https:\/\/secure.gravatar.com\/avatar\/d9c52a9a27c32119cb6679a077fa3e2779e5f822c451cbf01098004361d466ec?s=96&d=mm&r=g\",\"caption\":\"admin\"},\"url\":\"https:\/\/www.zerdab.com\/?author=1\"}]}<\/script>\n<!-- \/ Yoast SEO plugin. -->","yoast_head_json":{"title":"Z\u0259rdabda Qaraba\u011f \u0259lill\u0259ri v\u0259 \u015f\u0259hid ail\u0259l\u0259ri \u00fc\u00e7\u00fcn yeni 32 m\u0259nzilli ya\u015fay\u0131\u015f binas\u0131 tikil\u0259c\u0259k - Z\u0259rdab.com","robots":{"index":"index","follow":"follow","max-snippet":"max-snippet:-1","max-image-preview":"max-image-preview:large","max-video-preview":"max-video-preview:-1"},"canonical":"https:\/\/www.zerdab.com\/?p=704","og_locale":"az_AZ","og_type":"article","og_title":"Z\u0259rdabda Qaraba\u011f \u0259lill\u0259ri v\u0259 \u015f\u0259hid ail\u0259l\u0259ri \u00fc\u00e7\u00fcn yeni 32 m\u0259nzilli ya\u015fay\u0131\u015f binas\u0131 tikil\u0259c\u0259k - Z\u0259rdab.com","og_description":"Z\u0259rdab rayonunda azt\u0259minatl\u0131 ail\u0259l\u0259rin, x\u00fcsusil\u0259 Qaraba\u011f \u0259lill\u0259ri v\u0259 \u015f\u0259hid ail\u0259l\u0259rinin \u00e7oxsayl\u0131 m\u00fcraci\u0259tl\u0259ri n\u0259z\u0259r\u0259 al\u0131naraq yeni 32 m\u0259nzilli ya\u015fay\u0131\u015f evinin in\u015fa olunaca\u011f\u0131 g\u00f6zl\u0259nilir. www.zerdab.com sayt\u0131n\u0131n m\u0259lumat\u0131na g\u00f6r\u0259, s\u00f6z\u00fcged\u0259n ya\u015fay\u0131\u015f evinin tikilm\u0259sin\u0259 k\u00f6m\u0259klik g\u00f6st\u0259rilm\u0259si m\u0259qs\u0259di il\u0259 Z\u0259rdab rayon \u0130cra Hakimiyy\u0259ti Nazirl\u0259r Kabinetin\u0259, Maliyy\u0259 v\u0259 \u018fm\u0259k v\u0259 \u0259halinin sosial m\u00fcdafi\u0259si nazirlikl\u0259rin\u0259 m\u00fcraci\u0259t ed\u0259c\u0259k. Qeyd ed\u0259k ki, \u00f6t\u0259n il [&hellip;]","og_url":"https:\/\/www.zerdab.com\/?p=704","og_site_name":"Z\u0259rdab.com","article_published_time":"2012-02-24T06:23:09+00:00","og_image":[{"url":"http:\/\/www.zerdab.com\/wp-content\/uploads\/2012\/02\/Ev.jpg","type":"","width":"","height":""}],"author":"admin","twitter_card":"summary_large_image","twitter_misc":{"Written by":"admin","Est. reading time":"1 minute"},"schema":{"@context":"https:\/\/schema.org","@graph":[{"@type":"Article","@id":"https:\/\/www.zerdab.com\/?p=704#article","isPartOf":{"@id":"https:\/\/www.zerdab.com\/?p=704"},"author":{"name":"admin","@id":"https:\/\/www.zerdab.com\/#\/schema\/person\/97079b7570c1e89ec0d9e138c3672136"},"headline":"Z\u0259rdabda Qaraba\u011f \u0259lill\u0259ri v\u0259 \u015f\u0259hid ail\u0259l\u0259ri \u00fc\u00e7\u00fcn yeni 32 m\u0259nzilli ya\u015fay\u0131\u015f binas\u0131 tikil\u0259c\u0259k","datePublished":"2012-02-24T06:23:09+00:00","mainEntityOfPage":{"@id":"https:\/\/www.zerdab.com\/?p=704"},"wordCount":170,"commentCount":0,"image":{"@id":"https:\/\/www.zerdab.com\/?p=704#primaryimage"},"thumbnailUrl":"http:\/\/www.zerdab.com\/wp-content\/uploads\/2012\/02\/Ev.jpg","articleSection":["C\u018fM\u0130YY\u018fT"],"inLanguage":"az","potentialAction":[{"@type":"CommentAction","name":"Comment","target":["https:\/\/www.zerdab.com\/?p=704#respond"]}]},{"@type":"WebPage","@id":"https:\/\/www.zerdab.com\/?p=704","url":"https:\/\/www.zerdab.com\/?p=704","name":"Z\u0259rdabda Qaraba\u011f \u0259lill\u0259ri v\u0259 \u015f\u0259hid ail\u0259l\u0259ri \u00fc\u00e7\u00fcn yeni 32 m\u0259nzilli ya\u015fay\u0131\u015f binas\u0131 tikil\u0259c\u0259k - Z\u0259rdab.com","isPartOf":{"@id":"https:\/\/www.zerdab.com\/#website"},"primaryImageOfPage":{"@id":"https:\/\/www.zerdab.com\/?p=704#primaryimage"},"image":{"@id":"https:\/\/www.zerdab.com\/?p=704#primaryimage"},"thumbnailUrl":"http:\/\/www.zerdab.com\/wp-content\/uploads\/2012\/02\/Ev.jpg","datePublished":"2012-02-24T06:23:09+00:00","author":{"@id":"https:\/\/www.zerdab.com\/#\/schema\/person\/97079b7570c1e89ec0d9e138c3672136"},"breadcrumb":{"@id":"https:\/\/www.zerdab.com\/?p=704#breadcrumb"},"inLanguage":"az","potentialAction":[{"@type":"ReadAction","target":["https:\/\/www.zerdab.com\/?p=704"]}]},{"@type":"ImageObject","inLanguage":"az","@id":"https:\/\/www.zerdab.com\/?p=704#primaryimage","url":"http:\/\/www.zerdab.com\/wp-content\/uploads\/2012\/02\/Ev.jpg","contentUrl":"http:\/\/www.zerdab.com\/wp-content\/uploads\/2012\/02\/Ev.jpg"},{"@type":"BreadcrumbList","@id":"https:\/\/www.zerdab.com\/?p=704#breadcrumb","itemListElement":[{"@type":"ListItem","position":1,"name":"Home","item":"https:\/\/www.zerdab.com\/"},{"@type":"ListItem","position":2,"name":"Z\u0259rdabda Qaraba\u011f \u0259lill\u0259ri v\u0259 \u015f\u0259hid ail\u0259l\u0259ri \u00fc\u00e7\u00fcn yeni 32 m\u0259nzilli ya\u015fay\u0131\u015f binas\u0131 tikil\u0259c\u0259k"}]},{"@type":"WebSite","@id":"https:\/\/www.zerdab.com\/#website","url":"https:\/\/www.zerdab.com\/","name":"Z\u0259rdab.com","description":"","potentialAction":[{"@type":"SearchAction","target":{"@type":"EntryPoint","urlTemplate":"https:\/\/www.zerdab.com\/?s={search_term_string}"},"query-input":{"@type":"PropertyValueSpecification","valueRequired":true,"valueName":"search_term_string"}}],"inLanguage":"az"},{"@type":"Person","@id":"https:\/\/www.zerdab.com\/#\/schema\/person\/97079b7570c1e89ec0d9e138c3672136","name":"admin","image":{"@type":"ImageObject","inLanguage":"az","@id":"https:\/\/www.zerdab.com\/#\/schema\/person\/image\/","url":"https:\/\/secure.gravatar.com\/avatar\/d9c52a9a27c32119cb6679a077fa3e2779e5f822c451cbf01098004361d466ec?s=96&d=mm&r=g","contentUrl":"https:\/\/secure.gravatar.com\/avatar\/d9c52a9a27c32119cb6679a077fa3e2779e5f822c451cbf01098004361d466ec?s=96&d=mm&r=g","caption":"admin"},"url":"https:\/\/www.zerdab.com\/?author=1"}]}},"_links":{"self":[{"href":"https:\/\/www.zerdab.com\/index.php?rest_route=\/wp\/v2\/posts\/704","targetHints":{"allow":["GET"]}}],"collection":[{"href":"https:\/\/www.zerdab.com\/index.php?rest_route=\/wp\/v2\/posts"}],"about":[{"href":"https:\/\/www.zerdab.com\/index.php?rest_route=\/wp\/v2\/types\/post"}],"author":[{"embeddable":true,"href":"https:\/\/www.zerdab.com\/index.php?rest_route=\/wp\/v2\/users\/1"}],"replies":[{"embeddable":true,"href":"https:\/\/www.zerdab.com\/index.php?rest_route=%2Fwp%2Fv2%2Fcomments&post=704"}],"version-history":[{"count":2,"href":"https:\/\/www.zerdab.com\/index.php?rest_route=\/wp\/v2\/posts\/704\/revisions"}],"predecessor-version":[{"id":707,"href":"https:\/\/www.zerdab.com\/index.php?rest_route=\/wp\/v2\/posts\/704\/revisions\/707"}],"wp:attachment":[{"href":"https:\/\/www.zerdab.com\/index.php?rest_route=%2Fwp%2Fv2%2Fmedia&parent=704"}],"wp:term":[{"taxonomy":"category","embeddable":true,"href":"https:\/\/www.zerdab.com\/index.php?rest_route=%2Fwp%2Fv2%2Fcategories&post=704"},{"taxonomy":"post_tag","embeddable":true,"href":"https:\/\/www.zerdab.com\/index.php?rest_route=%2Fwp%2Fv2%2Ftags&post=704"}],"curies":[{"name":"wp","href":"https:\/\/api.w.org\/{rel}","templated":true}]}}